{"id":70801,"date":"2018-02-25T00:01:47","date_gmt":"2018-02-25T06:01:47","guid":{"rendered":"http:\/\/www.reconoce.mx\/?p=70801"},"modified":"2018-02-26T13:28:23","modified_gmt":"2018-02-26T19:28:23","slug":"edcmx-2018-24-de-febrero-luces-saltos-gritos-y-muchos-latidos","status":"publish","type":"post","link":"http:\/\/www.reconoce.mx\/?p=70801","title":{"rendered":"#EDCMx 2018 24 de febrero: luces, saltos, gritos y muchos latidos"},"content":{"rendered":"<h3 style=\"text-align: center;\"><strong>D \u00cd A 1<\/strong> | <a href=\"http:\/\/www.reconoce.mx\/edcmx-2018-25-de-febrero-volvio-a-ser-epico\/\" rel=\"noopener\"><strong>D \u00cd A 2<\/strong><\/a><\/h3>\n<p><strong>Por\u00a0<span class=\"st\"><a href=\"https:\/\/twitter.com\/Amauryshow\" target=\"_blank\" rel=\"noopener noreferrer\">Amaury Berdejo Ju\u00e1rez<\/a><\/span>.<\/strong><\/p>\n<p>Durante el primer d\u00eda de la quinta edici\u00f3n del <strong>Electic Daisy Carnival M\u00e9xico<\/strong> (#EDCMx), pudimos ver un despliegue de disfraces, juventud y buena vibra que confirman la vigencia, emoci\u00f3n e importancia de este festival en la actualidad. Al acercarnos a la entrada del <strong>Aut\u00f3dromo Hermanos Rodr\u00edguez<\/strong>, ya pod\u00eda apreciarse la congregaci\u00f3n de cientos de personas de entre 18 y 25 a\u00f1os que emocionadas, caminaban con prisa hacia la m\u00fasica, que se escuchaba desde fuera del recinto.<\/p>\n<p><a href=\"http:\/\/www.reconoce.mx\/wp-content\/uploads\/2018\/02\/edcmx-2018-jose-jorge-carreon-2.jpg\"><img loading=\"lazy\" decoding=\"async\" class=\"aligncenter size-full wp-image-70804\" src=\"http:\/\/www.reconoce.mx\/wp-content\/uploads\/2018\/02\/edcmx-2018-jose-jorge-carreon-2.jpg\" alt=\"\" width=\"590\" height=\"380\" srcset=\"http:\/\/www.reconoce.mx\/wp-content\/uploads\/2018\/02\/edcmx-2018-jose-jorge-carreon-2.jpg 590w, http:\/\/www.reconoce.mx\/wp-content\/uploads\/2018\/02\/edcmx-2018-jose-jorge-carreon-2-300x193.jpg 300w, http:\/\/www.reconoce.mx\/wp-content\/uploads\/2018\/02\/edcmx-2018-jose-jorge-carreon-2-150x97.jpg 150w\" sizes=\"auto, (max-width: 590px) 100vw, 590px\" \/><\/a><\/p>\n<p>El siempre impresionante escenario \u00abKinectic Field\u00bb ofreci\u00f3 un despliegue de tecnolog\u00eda que fue increment\u00e1ndose con el paso de la tarde y donde pudimos apreciar los beats de <strong>Ghetto Kids<\/strong>, <strong>Autograf<\/strong>, el esperado <strong>Bruno Martini<\/strong> y el d\u00fao <strong>Boombox Cartel<\/strong>; casi a las 20:00 horas, este escenario realiz\u00f3 la ya tradicional \u00abceremonia de apertura\u00bb, donde durante algunos minutos se activaron iluminaci\u00f3n y fuegos artificiales coordinados. Posteriormente se pudo disfrutar de actos con muchos bajos sint\u00e9ticos como <strong>R3hab<\/strong>, <strong>Jauz<\/strong>, <strong>Eric Prydz<\/strong> y el tambi\u00e9n esperado (y muy aclamado por la audiencia)<strong> DJ Ti\u00ebsto<\/strong>.<\/p>\n<p>Como en las ediciones pasadas, no pod\u00edan faltar los juegos mec\u00e1nicos, las activaciones con juegos por parte de las marcas y la llamativa iluminaci\u00f3n escogida para los pasillos, las carpas e incluso los \u00e1rboles.<\/p>\n<p><a href=\"http:\/\/www.reconoce.mx\/wp-content\/uploads\/2018\/02\/edcmx-2018-jose-jorge-carreon-4.jpg\"><img loading=\"lazy\" decoding=\"async\" class=\"aligncenter size-full wp-image-70806\" src=\"http:\/\/www.reconoce.mx\/wp-content\/uploads\/2018\/02\/edcmx-2018-jose-jorge-carreon-4.jpg\" alt=\"\" width=\"590\" height=\"380\" srcset=\"http:\/\/www.reconoce.mx\/wp-content\/uploads\/2018\/02\/edcmx-2018-jose-jorge-carreon-4.jpg 590w, http:\/\/www.reconoce.mx\/wp-content\/uploads\/2018\/02\/edcmx-2018-jose-jorge-carreon-4-300x193.jpg 300w, http:\/\/www.reconoce.mx\/wp-content\/uploads\/2018\/02\/edcmx-2018-jose-jorge-carreon-4-150x97.jpg 150w\" sizes=\"auto, (max-width: 590px) 100vw, 590px\" \/><\/a><\/p>\n<p>Otro de los escenarios favoritos fue el \u00abWasteland\u00bb, donde un despliegue de talentos desfilaron e hicieron bailar a la asistencia, entre ellos: <strong>Loojan<\/strong>, <strong>Noizekid<\/strong>, <strong>Virtual Riot<\/strong>, hasta llegar a los esperados <strong>Kill The Noise<\/strong> y <strong>Borgore<\/strong>. Por su parte, el escenario \u00abDos Equis Stage\u00bb mostr\u00f3 su tambi\u00e9n ya tradicional trabajo de iluminaci\u00f3n en la estructura del escenario, lo que lo hace uno de los trabajos de producci\u00f3n m\u00e1s interesantes y llamativos del festival, apoyando con esta tecnolog\u00eda los actos de <strong>Fasko<\/strong>, <strong>Booms<\/strong> y <strong>Claps<\/strong> (Toy Selectah), <strong>Ofenbach<\/strong>,<strong> Chico Sonido<\/strong> y el cierre con <strong>Dombresky<\/strong> y el muy querido por los fans <strong>Born Dirty<\/strong>.<\/p>\n<p>Otra experiencia interesante se vivi\u00f3 en el escenario \u00abNeon Garden\u00bb, una gran carpa donde el baile y las potentes luces fueron la marca indudable durante toda la jornada. La estructura \u00aba cielo cerrado\u00bb es ampliamente aprovechada por el equipo de producci\u00f3n para recrear la atm\u00f3sfera de donde es originaria la m\u00fasica electr\u00f3nica: <strong>DJ Rebolledo<\/strong>, <strong>Tiga<\/strong>, <strong>Lindstorm<\/strong>, <strong>Cristoph<\/strong> y <strong>Maceo Plex<\/strong> se convirtieron en los actos m\u00e1s destacados de este jard\u00edn ne\u00f3n.<\/p>\n<p><a href=\"http:\/\/www.reconoce.mx\/wp-content\/uploads\/2018\/02\/edcmx-2018-lulu-urdapilleta-1.jpg\"><img loading=\"lazy\" decoding=\"async\" class=\"aligncenter size-full wp-image-70807\" src=\"http:\/\/www.reconoce.mx\/wp-content\/uploads\/2018\/02\/edcmx-2018-lulu-urdapilleta-1.jpg\" alt=\"\" width=\"590\" height=\"380\" srcset=\"http:\/\/www.reconoce.mx\/wp-content\/uploads\/2018\/02\/edcmx-2018-lulu-urdapilleta-1.jpg 590w, http:\/\/www.reconoce.mx\/wp-content\/uploads\/2018\/02\/edcmx-2018-lulu-urdapilleta-1-300x193.jpg 300w, http:\/\/www.reconoce.mx\/wp-content\/uploads\/2018\/02\/edcmx-2018-lulu-urdapilleta-1-150x97.jpg 150w\" sizes=\"auto, (max-width: 590px) 100vw, 590px\" \/><\/a><\/p>\n<p>En esta ocasi\u00f3n y a pesar de la gran concurrencia, casi todos los servicios y puntos de venta trabajaron con agilidad muy aceptable, con un promedio de espera de 6 minutos, algo que sin duda se agradece por parte de los asistentes.<\/p>\n<p>Otros actos muy bien recibidos fueron los de <strong>Vini Vici<\/strong>, <strong>Kungs<\/strong>, <strong>Alok<\/strong> y el esperado <strong>Zedd<\/strong>, que ha construido su carrera a gran velocidad hasta convertirse en uno de los <em>headliners<\/em> m\u00e1s j\u00f3venes del festival con tan s\u00f3lo 28 a\u00f1os.<\/p>\n<p><a href=\"http:\/\/www.reconoce.mx\/wp-content\/uploads\/2018\/02\/edcmx-2018-jose-jorge-carreon-3.jpg\"><img loading=\"lazy\" decoding=\"async\" class=\"aligncenter size-full wp-image-70805\" src=\"http:\/\/www.reconoce.mx\/wp-content\/uploads\/2018\/02\/edcmx-2018-jose-jorge-carreon-3.jpg\" alt=\"\" width=\"590\" height=\"380\" srcset=\"http:\/\/www.reconoce.mx\/wp-content\/uploads\/2018\/02\/edcmx-2018-jose-jorge-carreon-3.jpg 590w, http:\/\/www.reconoce.mx\/wp-content\/uploads\/2018\/02\/edcmx-2018-jose-jorge-carreon-3-300x193.jpg 300w, http:\/\/www.reconoce.mx\/wp-content\/uploads\/2018\/02\/edcmx-2018-jose-jorge-carreon-3-150x97.jpg 150w\" sizes=\"auto, (max-width: 590px) 100vw, 590px\" \/><\/a><\/p>\n<p>Sin duda, un gran arranque para la quinta edici\u00f3n del <strong>EDC M\u00e9xico<\/strong>, que culminar\u00e1 este domingo 25 de febrero con otra ola de actos que nos pondr\u00e1n a bailar y disfrutar de los colores estridentes y la tecnolog\u00eda a la que el festival ya nos tiene acostumbrados, y que cada a\u00f1o eleva su ambici\u00f3n en cuanto a <em>line up<\/em> y producci\u00f3n.<\/p>\n<h3 style=\"text-align: center;\"><strong>D \u00cd A 1<\/strong> | <a href=\"http:\/\/www.reconoce.mx\/edcmx-2018-25-de-febrero-volvio-a-ser-epico\/\"><strong>D \u00cd A 2<\/strong><\/a><\/h3>\n<p style=\"text-align: right;\">Fotos cortes\u00eda de <strong>OCESA <\/strong>(<strong>Jos\u00e9 Jorge Carre\u00f3n<\/strong> \/ <strong>Lul\u00fa Urdapilleta<\/strong>).<\/p>\n<p>&nbsp;<\/p>\n<p>&nbsp;<\/p>\n","protected":false},"excerpt":{"rendered":"<p>Durante el primer d\u00eda de la quinta edici\u00f3n del Electic Daisy Carnival M\u00e9xico (#EDCMx), pudimos ver un despliegue de disfraces, juventud y buena vibra que confirman la vigencia, emoci\u00f3n e importancia de este festival en la actualidad.<\/p>\n","protected":false},"author":2,"featured_media":70803,"comment_status":"open","ping_status":"open","sticky":false,"template":"","format":"standard","meta":{"footnotes":""},"categories":[1,18,17],"tags":[],"class_list":["post-70801","post","type-post","status-publish","format-standard","has-post-thumbnail","hentry","category-cultura","category-musica","category-principal"],"yoast_head":"<!-- This site is optimized with the Yoast SEO plugin v24.7 - https:\/\/yoast.com\/wordpress\/plugins\/seo\/ -->\n<title>#EDCMx 2018 24 de febrero: luces, saltos, gritos y muchos latidos &#171; Reconoce MX<\/title>\n<meta name=\"robots\" content=\"index, follow, max-snippet:-1, max-image-preview:large, max-video-preview:-1\" \/>\n<link rel=\"canonical\" href=\"https:\/\/www.reconoce.mx\/?p=70801\" \/>\n<meta property=\"og:locale\" content=\"es_ES\" \/>\n<meta property=\"og:type\" content=\"article\" \/>\n<meta property=\"og:title\" content=\"#EDCMx 2018 24 de febrero: luces, saltos, gritos y muchos latidos &#171; Reconoce MX\" \/>\n<meta property=\"og:description\" content=\"Durante el primer d\u00eda de la quinta edici\u00f3n del Electic Daisy Carnival M\u00e9xico (#EDCMx), pudimos ver un despliegue de disfraces, juventud y buena vibra que confirman la vigencia, emoci\u00f3n e importancia de este festival en la actualidad.\" \/>\n<meta property=\"og:url\" content=\"https:\/\/www.reconoce.mx\/?p=70801\" \/>\n<meta property=\"og:site_name\" content=\"Reconoce MX\" \/>\n<meta property=\"article:publisher\" content=\"https:\/\/es-la.facebook.com\/ReconoceMX\/\" \/>\n<meta property=\"article:published_time\" content=\"2018-02-25T06:01:47+00:00\" \/>\n<meta property=\"article:modified_time\" content=\"2018-02-26T19:28:23+00:00\" \/>\n<meta property=\"og:image\" content=\"https:\/\/www.reconoce.mx\/wp-content\/uploads\/2018\/02\/edcmx-2018-jose-jorge-carreon-1.jpg\" \/>\n\t<meta property=\"og:image:width\" content=\"590\" \/>\n\t<meta property=\"og:image:height\" content=\"380\" \/>\n\t<meta property=\"og:image:type\" content=\"image\/jpeg\" \/>\n<meta name=\"author\" content=\"Reconoce MX\" \/>\n<meta name=\"twitter:card\" content=\"summary_large_image\" \/>\n<meta name=\"twitter:creator\" content=\"@reconocemx\" \/>\n<meta name=\"twitter:site\" content=\"@reconocemx\" \/>\n<meta name=\"twitter:label1\" content=\"Escrito por\" \/>\n\t<meta name=\"twitter:data1\" content=\"Reconoce MX\" \/>\n\t<meta name=\"twitter:label2\" content=\"Tiempo de lectura\" \/>\n\t<meta name=\"twitter:data2\" content=\"3 minutos\" \/>\n<script type=\"application\/ld+json\" class=\"yoast-schema-graph\">{\"@context\":\"https:\/\/schema.org\",\"@graph\":[{\"@type\":\"Article\",\"@id\":\"https:\/\/www.reconoce.mx\/?p=70801#article\",\"isPartOf\":{\"@id\":\"https:\/\/www.reconoce.mx\/?p=70801\"},\"author\":{\"name\":\"Reconoce MX\",\"@id\":\"http:\/\/www.reconoce.mx\/#\/schema\/person\/2117e997d7051dc15d6880eaf9bca0b2\"},\"headline\":\"#EDCMx 2018 24 de febrero: luces, saltos, gritos y muchos latidos\",\"datePublished\":\"2018-02-25T06:01:47+00:00\",\"dateModified\":\"2018-02-26T19:28:23+00:00\",\"mainEntityOfPage\":{\"@id\":\"https:\/\/www.reconoce.mx\/?p=70801\"},\"wordCount\":592,\"commentCount\":0,\"publisher\":{\"@id\":\"http:\/\/www.reconoce.mx\/#organization\"},\"image\":{\"@id\":\"https:\/\/www.reconoce.mx\/?p=70801#primaryimage\"},\"thumbnailUrl\":\"http:\/\/www.reconoce.mx\/wp-content\/uploads\/2018\/02\/edcmx-2018-jose-jorge-carreon-1.jpg\",\"articleSection\":[\"Cultura\",\"M\u00fasica\",\"Principal\"],\"inLanguage\":\"es\",\"potentialAction\":[{\"@type\":\"CommentAction\",\"name\":\"Comment\",\"target\":[\"https:\/\/www.reconoce.mx\/?p=70801#respond\"]}]},{\"@type\":\"WebPage\",\"@id\":\"https:\/\/www.reconoce.mx\/?p=70801\",\"url\":\"https:\/\/www.reconoce.mx\/?p=70801\",\"name\":\"#EDCMx 2018 24 de febrero: luces, saltos, gritos y muchos latidos &#171; Reconoce MX\",\"isPartOf\":{\"@id\":\"http:\/\/www.reconoce.mx\/#website\"},\"primaryImageOfPage\":{\"@id\":\"https:\/\/www.reconoce.mx\/?p=70801#primaryimage\"},\"image\":{\"@id\":\"https:\/\/www.reconoce.mx\/?p=70801#primaryimage\"},\"thumbnailUrl\":\"http:\/\/www.reconoce.mx\/wp-content\/uploads\/2018\/02\/edcmx-2018-jose-jorge-carreon-1.jpg\",\"datePublished\":\"2018-02-25T06:01:47+00:00\",\"dateModified\":\"2018-02-26T19:28:23+00:00\",\"breadcrumb\":{\"@id\":\"https:\/\/www.reconoce.mx\/?p=70801#breadcrumb\"},\"inLanguage\":\"es\",\"potentialAction\":[{\"@type\":\"ReadAction\",\"target\":[\"https:\/\/www.reconoce.mx\/?p=70801\"]}]},{\"@type\":\"ImageObject\",\"inLanguage\":\"es\",\"@id\":\"https:\/\/www.reconoce.mx\/?p=70801#primaryimage\",\"url\":\"http:\/\/www.reconoce.mx\/wp-content\/uploads\/2018\/02\/edcmx-2018-jose-jorge-carreon-1.jpg\",\"contentUrl\":\"http:\/\/www.reconoce.mx\/wp-content\/uploads\/2018\/02\/edcmx-2018-jose-jorge-carreon-1.jpg\",\"width\":590,\"height\":380},{\"@type\":\"BreadcrumbList\",\"@id\":\"https:\/\/www.reconoce.mx\/?p=70801#breadcrumb\",\"itemListElement\":[{\"@type\":\"ListItem\",\"position\":1,\"name\":\"Portada\",\"item\":\"http:\/\/www.reconoce.mx\/\"},{\"@type\":\"ListItem\",\"position\":2,\"name\":\"#EDCMx 2018 24 de febrero: luces, saltos, gritos y muchos latidos\"}]},{\"@type\":\"WebSite\",\"@id\":\"http:\/\/www.reconoce.mx\/#website\",\"url\":\"http:\/\/www.reconoce.mx\/\",\"name\":\"Reconoce MX\",\"description\":\"En Reconoce MX difundimos arte, cultura y conciencia social en M\u00e9xico. Tu ciudad en otra perspectiva.\",\"publisher\":{\"@id\":\"http:\/\/www.reconoce.mx\/#organization\"},\"potentialAction\":[{\"@type\":\"SearchAction\",\"target\":{\"@type\":\"EntryPoint\",\"urlTemplate\":\"http:\/\/www.reconoce.mx\/?s={search_term_string}\"},\"query-input\":{\"@type\":\"PropertyValueSpecification\",\"valueRequired\":true,\"valueName\":\"search_term_string\"}}],\"inLanguage\":\"es\"},{\"@type\":\"Organization\",\"@id\":\"http:\/\/www.reconoce.mx\/#organization\",\"name\":\"Reconoce MX\",\"url\":\"http:\/\/www.reconoce.mx\/\",\"logo\":{\"@type\":\"ImageObject\",\"inLanguage\":\"es\",\"@id\":\"http:\/\/www.reconoce.mx\/#\/schema\/logo\/image\/\",\"url\":\"https:\/\/www.reconoce.mx\/wp-content\/uploads\/2019\/03\/logorcmx-good-1.png\",\"contentUrl\":\"https:\/\/www.reconoce.mx\/wp-content\/uploads\/2019\/03\/logorcmx-good-1.png\",\"width\":280,\"height\":90,\"caption\":\"Reconoce MX\"},\"image\":{\"@id\":\"http:\/\/www.reconoce.mx\/#\/schema\/logo\/image\/\"},\"sameAs\":[\"https:\/\/es-la.facebook.com\/ReconoceMX\/\",\"https:\/\/x.com\/reconocemx\",\"http:\/\/@reconocemx\"]},{\"@type\":\"Person\",\"@id\":\"http:\/\/www.reconoce.mx\/#\/schema\/person\/2117e997d7051dc15d6880eaf9bca0b2\",\"name\":\"Reconoce MX\",\"image\":{\"@type\":\"ImageObject\",\"inLanguage\":\"es\",\"@id\":\"http:\/\/www.reconoce.mx\/#\/schema\/person\/image\/\",\"url\":\"https:\/\/secure.gravatar.com\/avatar\/6c8d4dc7569ca1c90c5fdcc349f839d5ddef6fe1e70b4337ead2ef1a4c43fc3a?s=96&d=identicon&r=g\",\"contentUrl\":\"https:\/\/secure.gravatar.com\/avatar\/6c8d4dc7569ca1c90c5fdcc349f839d5ddef6fe1e70b4337ead2ef1a4c43fc3a?s=96&d=identicon&r=g\",\"caption\":\"Reconoce MX\"},\"description\":\"Reconoce MX es un proyecto de difusi\u00f3n art\u00edstica, cultural y de conciencia social que est\u00e1 enfocado a difundir y fomentar el entretenimiento alternativo de calidad para todo el p\u00fablico que comparta el mismo entusiasmo.\",\"sameAs\":[\"http:\/\/www.reconoce.mx\"],\"url\":\"http:\/\/www.reconoce.mx\/?author=2\"}]}<\/script>\n<!-- \/ Yoast SEO plugin. -->","yoast_head_json":{"title":"#EDCMx 2018 24 de febrero: luces, saltos, gritos y muchos latidos &#171; Reconoce MX","robots":{"index":"index","follow":"follow","max-snippet":"max-snippet:-1","max-image-preview":"max-image-preview:large","max-video-preview":"max-video-preview:-1"},"canonical":"https:\/\/www.reconoce.mx\/?p=70801","og_locale":"es_ES","og_type":"article","og_title":"#EDCMx 2018 24 de febrero: luces, saltos, gritos y muchos latidos &#171; Reconoce MX","og_description":"Durante el primer d\u00eda de la quinta edici\u00f3n del Electic Daisy Carnival M\u00e9xico (#EDCMx), pudimos ver un despliegue de disfraces, juventud y buena vibra que confirman la vigencia, emoci\u00f3n e importancia de este festival en la actualidad.","og_url":"https:\/\/www.reconoce.mx\/?p=70801","og_site_name":"Reconoce MX","article_publisher":"https:\/\/es-la.facebook.com\/ReconoceMX\/","article_published_time":"2018-02-25T06:01:47+00:00","article_modified_time":"2018-02-26T19:28:23+00:00","og_image":[{"width":590,"height":380,"url":"https:\/\/www.reconoce.mx\/wp-content\/uploads\/2018\/02\/edcmx-2018-jose-jorge-carreon-1.jpg","type":"image\/jpeg"}],"author":"Reconoce MX","twitter_card":"summary_large_image","twitter_creator":"@reconocemx","twitter_site":"@reconocemx","twitter_misc":{"Escrito por":"Reconoce MX","Tiempo de lectura":"3 minutos"},"schema":{"@context":"https:\/\/schema.org","@graph":[{"@type":"Article","@id":"https:\/\/www.reconoce.mx\/?p=70801#article","isPartOf":{"@id":"https:\/\/www.reconoce.mx\/?p=70801"},"author":{"name":"Reconoce MX","@id":"http:\/\/www.reconoce.mx\/#\/schema\/person\/2117e997d7051dc15d6880eaf9bca0b2"},"headline":"#EDCMx 2018 24 de febrero: luces, saltos, gritos y muchos latidos","datePublished":"2018-02-25T06:01:47+00:00","dateModified":"2018-02-26T19:28:23+00:00","mainEntityOfPage":{"@id":"https:\/\/www.reconoce.mx\/?p=70801"},"wordCount":592,"commentCount":0,"publisher":{"@id":"http:\/\/www.reconoce.mx\/#organization"},"image":{"@id":"https:\/\/www.reconoce.mx\/?p=70801#primaryimage"},"thumbnailUrl":"http:\/\/www.reconoce.mx\/wp-content\/uploads\/2018\/02\/edcmx-2018-jose-jorge-carreon-1.jpg","articleSection":["Cultura","M\u00fasica","Principal"],"inLanguage":"es","potentialAction":[{"@type":"CommentAction","name":"Comment","target":["https:\/\/www.reconoce.mx\/?p=70801#respond"]}]},{"@type":"WebPage","@id":"https:\/\/www.reconoce.mx\/?p=70801","url":"https:\/\/www.reconoce.mx\/?p=70801","name":"#EDCMx 2018 24 de febrero: luces, saltos, gritos y muchos latidos &#171; Reconoce MX","isPartOf":{"@id":"http:\/\/www.reconoce.mx\/#website"},"primaryImageOfPage":{"@id":"https:\/\/www.reconoce.mx\/?p=70801#primaryimage"},"image":{"@id":"https:\/\/www.reconoce.mx\/?p=70801#primaryimage"},"thumbnailUrl":"http:\/\/www.reconoce.mx\/wp-content\/uploads\/2018\/02\/edcmx-2018-jose-jorge-carreon-1.jpg","datePublished":"2018-02-25T06:01:47+00:00","dateModified":"2018-02-26T19:28:23+00:00","breadcrumb":{"@id":"https:\/\/www.reconoce.mx\/?p=70801#breadcrumb"},"inLanguage":"es","potentialAction":[{"@type":"ReadAction","target":["https:\/\/www.reconoce.mx\/?p=70801"]}]},{"@type":"ImageObject","inLanguage":"es","@id":"https:\/\/www.reconoce.mx\/?p=70801#primaryimage","url":"http:\/\/www.reconoce.mx\/wp-content\/uploads\/2018\/02\/edcmx-2018-jose-jorge-carreon-1.jpg","contentUrl":"http:\/\/www.reconoce.mx\/wp-content\/uploads\/2018\/02\/edcmx-2018-jose-jorge-carreon-1.jpg","width":590,"height":380},{"@type":"BreadcrumbList","@id":"https:\/\/www.reconoce.mx\/?p=70801#breadcrumb","itemListElement":[{"@type":"ListItem","position":1,"name":"Portada","item":"http:\/\/www.reconoce.mx\/"},{"@type":"ListItem","position":2,"name":"#EDCMx 2018 24 de febrero: luces, saltos, gritos y muchos latidos"}]},{"@type":"WebSite","@id":"http:\/\/www.reconoce.mx\/#website","url":"http:\/\/www.reconoce.mx\/","name":"Reconoce MX","description":"En Reconoce MX difundimos arte, cultura y conciencia social en M\u00e9xico. Tu ciudad en otra perspectiva.","publisher":{"@id":"http:\/\/www.reconoce.mx\/#organization"},"potentialAction":[{"@type":"SearchAction","target":{"@type":"EntryPoint","urlTemplate":"http:\/\/www.reconoce.mx\/?s={search_term_string}"},"query-input":{"@type":"PropertyValueSpecification","valueRequired":true,"valueName":"search_term_string"}}],"inLanguage":"es"},{"@type":"Organization","@id":"http:\/\/www.reconoce.mx\/#organization","name":"Reconoce MX","url":"http:\/\/www.reconoce.mx\/","logo":{"@type":"ImageObject","inLanguage":"es","@id":"http:\/\/www.reconoce.mx\/#\/schema\/logo\/image\/","url":"https:\/\/www.reconoce.mx\/wp-content\/uploads\/2019\/03\/logorcmx-good-1.png","contentUrl":"https:\/\/www.reconoce.mx\/wp-content\/uploads\/2019\/03\/logorcmx-good-1.png","width":280,"height":90,"caption":"Reconoce MX"},"image":{"@id":"http:\/\/www.reconoce.mx\/#\/schema\/logo\/image\/"},"sameAs":["https:\/\/es-la.facebook.com\/ReconoceMX\/","https:\/\/x.com\/reconocemx","http:\/\/@reconocemx"]},{"@type":"Person","@id":"http:\/\/www.reconoce.mx\/#\/schema\/person\/2117e997d7051dc15d6880eaf9bca0b2","name":"Reconoce MX","image":{"@type":"ImageObject","inLanguage":"es","@id":"http:\/\/www.reconoce.mx\/#\/schema\/person\/image\/","url":"https:\/\/secure.gravatar.com\/avatar\/6c8d4dc7569ca1c90c5fdcc349f839d5ddef6fe1e70b4337ead2ef1a4c43fc3a?s=96&d=identicon&r=g","contentUrl":"https:\/\/secure.gravatar.com\/avatar\/6c8d4dc7569ca1c90c5fdcc349f839d5ddef6fe1e70b4337ead2ef1a4c43fc3a?s=96&d=identicon&r=g","caption":"Reconoce MX"},"description":"Reconoce MX es un proyecto de difusi\u00f3n art\u00edstica, cultural y de conciencia social que est\u00e1 enfocado a difundir y fomentar el entretenimiento alternativo de calidad para todo el p\u00fablico que comparta el mismo entusiasmo.","sameAs":["http:\/\/www.reconoce.mx"],"url":"http:\/\/www.reconoce.mx\/?author=2"}]}},"_links":{"self":[{"href":"http:\/\/www.reconoce.mx\/index.php?rest_route=\/wp\/v2\/posts\/70801","targetHints":{"allow":["GET"]}}],"collection":[{"href":"http:\/\/www.reconoce.mx\/index.php?rest_route=\/wp\/v2\/posts"}],"about":[{"href":"http:\/\/www.reconoce.mx\/index.php?rest_route=\/wp\/v2\/types\/post"}],"author":[{"embeddable":true,"href":"http:\/\/www.reconoce.mx\/index.php?rest_route=\/wp\/v2\/users\/2"}],"replies":[{"embeddable":true,"href":"http:\/\/www.reconoce.mx\/index.php?rest_route=%2Fwp%2Fv2%2Fcomments&post=70801"}],"version-history":[{"count":5,"href":"http:\/\/www.reconoce.mx\/index.php?rest_route=\/wp\/v2\/posts\/70801\/revisions"}],"predecessor-version":[{"id":70896,"href":"http:\/\/www.reconoce.mx\/index.php?rest_route=\/wp\/v2\/posts\/70801\/revisions\/70896"}],"wp:featuredmedia":[{"embeddable":true,"href":"http:\/\/www.reconoce.mx\/index.php?rest_route=\/wp\/v2\/media\/70803"}],"wp:attachment":[{"href":"http:\/\/www.reconoce.mx\/index.php?rest_route=%2Fwp%2Fv2%2Fmedia&parent=70801"}],"wp:term":[{"taxonomy":"category","embeddable":true,"href":"http:\/\/www.reconoce.mx\/index.php?rest_route=%2Fwp%2Fv2%2Fcategories&post=70801"},{"taxonomy":"post_tag","embeddable":true,"href":"http:\/\/www.reconoce.mx\/index.php?rest_route=%2Fwp%2Fv2%2Ftags&post=70801"}],"curies":[{"name":"wp","href":"https:\/\/api.w.org\/{rel}","templated":true}]}}