{"id":70846,"date":"2018-02-26T00:05:58","date_gmt":"2018-02-26T06:05:58","guid":{"rendered":"http:\/\/www.reconoce.mx\/?p=70846"},"modified":"2018-02-26T00:10:08","modified_gmt":"2018-02-26T06:10:08","slug":"star-wars-rebels-el-principio-del-final","status":"publish","type":"post","link":"http:\/\/www.reconoce.mx\/?p=70846","title":{"rendered":"\u00abStar Wars Rebels\u00bb: el principio \u00bfdel final?"},"content":{"rendered":"<p><a href=\"http:\/\/www.reconoce.mx\/category\/columnistas\/la-ballesta-de-mascatabaco\/\"><img loading=\"lazy\" decoding=\"async\" class=\"aligncenter size-full wp-image-42011\" src=\"http:\/\/www.reconoce.mx\/wp-content\/uploads\/2015\/05\/la-ballesta.png\" sizes=\"auto, (max-width: 570px) 100vw, 570px\" srcset=\"http:\/\/www.reconoce.mx\/wp-content\/uploads\/2015\/05\/la-ballesta.png 570w, http:\/\/www.reconoce.mx\/wp-content\/uploads\/2015\/05\/la-ballesta-300x37.png 300w, http:\/\/www.reconoce.mx\/wp-content\/uploads\/2015\/05\/la-ballesta-150x18.png 150w\" alt=\"la-ballesta\" width=\"570\" height=\"70\" \/><\/a><strong><br \/>\nPor <a title=\"@AsfaltosTweets\" href=\"http:\/\/twitter.com\/AsfaltosTweets\" target=\"_blank\" rel=\"noopener noreferrer\">Asfaltos<\/a><\/strong>.<\/p>\n<p>El pasado lunes regres\u00f3 en Estados Unidos la temporada 4 de \u00abStar Wars Rebels\u00bb. Hoy se presentar\u00e1n 2 episodios m\u00e1s y el pr\u00f3ximo lunes se transmitir\u00e1 el final de la serie con un especial de hora y media. \u00abStar Wars Rebels\u00bb est\u00e1 llegando al final, pero ese final puede ser apenas el principio de algo m\u00e1s grande, algo que se ha ido construyendo inclusive antes del inicio de la serie, en los tiempos de \u00abStar Wars: Clone Wars\u00bb. S\u00ed, <span style=\"color: #ff0000;\"><strong>a continuaci\u00f3n habr\u00e1n estropeos<\/strong><\/span>, por lo que si no quieren saber nada de lo que viene para el final de la serie (que creo no llegar\u00e1 todav\u00eda a M\u00e9xico), dejen hasta ac\u00e1 la lectura y mejor disfruten de mi selecci\u00f3n personal de los mejores momentos de las temporadas <a href=\"http:\/\/www.reconoce.mx\/la-ballesta-de-mascatabaco-8-momentos-de-star-wars-rebels-temporada-1\/\" target=\"_blank\" rel=\"noopener\">1<\/a>, <a href=\"http:\/\/www.reconoce.mx\/momentos-de-star-wars-rebels-temporada-2\/\" target=\"_blank\" rel=\"noopener\">2<\/a> y <a href=\"http:\/\/www.reconoce.mx\/momentos-de-star-wars-rebels-temporada-3\/\" target=\"_blank\" rel=\"noopener\">3<\/a>.<\/p>\n<p><a href=\"http:\/\/www.reconoce.mx\/wp-content\/uploads\/2018\/02\/star-wars-rebels-s4e10-3.jpg\"><img loading=\"lazy\" decoding=\"async\" class=\"aligncenter size-full wp-image-70759\" src=\"http:\/\/www.reconoce.mx\/wp-content\/uploads\/2018\/02\/star-wars-rebels-s4e10-3.jpg\" alt=\"\" width=\"590\" height=\"380\" srcset=\"http:\/\/www.reconoce.mx\/wp-content\/uploads\/2018\/02\/star-wars-rebels-s4e10-3.jpg 590w, http:\/\/www.reconoce.mx\/wp-content\/uploads\/2018\/02\/star-wars-rebels-s4e10-3-300x193.jpg 300w, http:\/\/www.reconoce.mx\/wp-content\/uploads\/2018\/02\/star-wars-rebels-s4e10-3-150x97.jpg 150w\" sizes=\"auto, (max-width: 590px) 100vw, 590px\" \/><\/a><\/p>\n<p>La semana pasada \u00abStar Wars Rebels\u00bb nos dej\u00f3 uno de los mejores episodios de la serie, y sin duda uno de los momentos m\u00e1s emotivos en la saga de <strong>Star Wars<\/strong>. Kanan Jarrus, nacido como Caleb Dume, mor\u00eda de forma her\u00f3ica salvando a su amada Hera -quien segundos antes le hab\u00eda confesado su amor-, a sus amigos rebeldes y tambi\u00e9n a la futura Alianza Rebelde. Pensaba cuando ve\u00eda aquella escena impactante, que era, en efecto, el principio no del final, sino mas bien de algo nuevo. \u00abStar Wars Rebels\u00bb se preparaba as\u00ed para el \u00faltimo arco que nos dejar\u00e1 un importante legado para la franquicia.<\/p>\n<p>Desde que empez\u00f3 \u00abStar Wars Rebels\u00bb me atrap\u00f3 de inmediato. Hay que pensar que cuando se nos present\u00f3 por vez primera en 2012, era el primer producto de la <strong>Lucasfilm<\/strong> en su etapa <strong>Disney<\/strong>. Es decir, se trataba de lo m\u00e1s nuevo de \u00abStar Wars\u00bb desde el ayuno que dej\u00f3 precisamente su serie antecesora, \u00abStar Wars: The Clone Wars\u00bb. Claro que hubo suspicacias, y las not\u00e9 tambi\u00e9n yo desde el primer momento: el hecho de que fuera un producto <strong>Disney<\/strong>, adem\u00e1s programado en un canal para ni\u00f1os, hac\u00eda pensar a muchos que los riesgos ser\u00edan muy pocos, y que todo terminar\u00eda siendo meramente infantil. Pues no, no es as\u00ed, aunque el tono predominante s\u00ed sea infantil.<\/p>\n<p><a href=\"http:\/\/www.reconoce.mx\/wp-content\/uploads\/2018\/02\/star-wars-rebels-s4e10-5.jpg\"><img loading=\"lazy\" decoding=\"async\" class=\"aligncenter size-full wp-image-70761\" src=\"http:\/\/www.reconoce.mx\/wp-content\/uploads\/2018\/02\/star-wars-rebels-s4e10-5.jpg\" alt=\"\" width=\"590\" height=\"380\" srcset=\"http:\/\/www.reconoce.mx\/wp-content\/uploads\/2018\/02\/star-wars-rebels-s4e10-5.jpg 590w, http:\/\/www.reconoce.mx\/wp-content\/uploads\/2018\/02\/star-wars-rebels-s4e10-5-300x193.jpg 300w, http:\/\/www.reconoce.mx\/wp-content\/uploads\/2018\/02\/star-wars-rebels-s4e10-5-150x97.jpg 150w\" sizes=\"auto, (max-width: 590px) 100vw, 590px\" \/><\/a><\/p>\n<p>Lo que de inmediato me atrap\u00f3 de \u00abStar Wars Rebels\u00bb fueron sus personajes, todos nuevos y con historias que \u00edbamos descubriendo poco a poco. S\u00ed, se trataba de una versi\u00f3n muy similar a la del grupo de h\u00e9roes de la primer pel\u00edcula de <strong>Star Wars<\/strong>, \u00abStar Wars: A New Hope\u00bb, pero con caracter\u00edsticas que les diferenciaban tambi\u00e9n de manera importante. Conocimos a Kanan, Hera, Zeb, Sabine, Chopper y desde luego a Ezra; pronto conocimos que este grupo de rebeldes luchaba sus propias batallas para poco a poco encontrarse con el universo m\u00e1s amplio de la futura Alianza Rebelde. Pero as\u00ed como tambi\u00e9n empezamos a conocer poco a poco a estos entra\u00f1ables rebeldes, el creador, <strong>Dave Filoni<\/strong>, aprovech\u00f3 para irnos construyendo una nueva narrativa de la Fuerza que es al momento la promesa m\u00e1s fuerte del final de la serie.<\/p>\n<p>Ya <a href=\"http:\/\/www.reconoce.mx\/pistas-del-cisma-de-la-fuerza-en-star-wars-rebels\/\" target=\"_blank\" rel=\"noopener\">en una columna anterior mencionaba un aspecto que sostengo seguir\u00e1 dando forma a la trilog\u00eda de los Skywalker<\/a> a concluirse el pr\u00f3ximo a\u00f1o con el aun sin nombre \u00abEpisode IX\u00bb. Tambi\u00e9n han aparecido otros elementos, mismos que han ido construy\u00e9ndose sobre todo alrededor de Kenan y Ezra, en lo que respecta a la Fuerza. Las piezas, como mencionaba el propio Ezra en un cap\u00edtulo de esta actual cuarta temporada -y el propio trailer de mitad de temporada nos ha recordado-, van junt\u00e1ndose para pronto revelar algo; algo que de acuerdo a Kanan, \u00e9ste esperaba no fuera tan desagradable para ellos.<\/p>\n<style>.embed-container { position: relative; padding-bottom: 56.25%; height: 0; overflow: hidden; max-width: 100%; } .embed-container iframe, .embed-container object, .embed-container embed { position: absolute; top: 0; left: 0; width: 100%; height: 100%; }<\/style>\n<div class=\"embed-container\"><iframe loading=\"lazy\" src=\"https:\/\/www.youtube.com\/embed\/-jWIDwq44ZI\" width=\"300\" height=\"150\" frameborder=\"0\" allowfullscreen=\"allowfullscreen\"><\/iframe><\/div>\n<p>&nbsp;<\/p>\n<p>Hay varios cuestionamientos, sin duda, quiz\u00e1 siendo uno de ellos: \u00bfcu\u00e1les son los prop\u00f3sitos de Kanan y de Ezra? Me refiero a los prop\u00f3sitos separados. \u00bfCu\u00e1l fue la raz\u00f3n de que Kanan diera con Ezra, y tambi\u00e9n cu\u00e1l fue la raz\u00f3n de que Ezra se encontrara en Lothal? Lothal, ese otro punto a cuestionarnos, ha sido un escenario recurrente en la serie que conforme han ido avanzando los cap\u00edtulos me niego a pensar que es resultado \u00fanicamente de que ah\u00ed naci\u00f3 Ezra y -si han visto los primeros cap\u00edtulos de la temporada 4- de los planes militares del Imperio. No, en esta misma temporada la presencia de unos lobos es la que nos revela que hay algo m\u00e1s en Lothal, y que como dice Kanan, puede ser lo m\u00e1s perverso que el Imperio est\u00e9 realizando en ese planeta.<\/p>\n<p>Ahora bien, y perd\u00f3n que salte de tema en tema, pero es que el actual <strong>Star Wars<\/strong> es un absoluto rompecabezas que hay que estar armando con todas las piezas que incluyen pel\u00edculas, c\u00f3mics, videojuegos, novelas y desde luego esta serie animada. A ver, en \u00ab<a href=\"http:\/\/www.reconoce.mx\/la-ballesta-de-mascatabaco-12-secuelas-del-triunfo\/\" target=\"_blank\" rel=\"noopener\">Star Wars: The Aftermath Trilogy<\/a>\u00ab, donde nos dan pistas de lo que sucedi\u00f3 en <strong>Star Wars<\/strong> despu\u00e9s de \u00abStar Wars: Return of the Jedi\u00bb, sabemos que el emperador ten\u00eda un plan mucho m\u00e1s ambicioso del que poco o nada sabemos hasta el momento. Ese plan involucraba territorios inh\u00f3spitos como el propio Lothal, ubicado en el Borde Exterior. Ahora, recordemos, en Lothal hay un Templo Jedi que cay\u00f3 en las manos del Imperio. En los 2 m\u00e1s recientes episodios de la serie, un lobo le revela a Ezra que debe llevar una placa de piedra de regreso al Templo Jedi; \u00bfpero ser\u00e1 \u00fanicamente eso lo que lleve de regreso? \u00bfCon qu\u00e9 se encontrar\u00e1 tambi\u00e9n?<\/p>\n<p><a href=\"http:\/\/www.reconoce.mx\/wp-content\/uploads\/2018\/02\/star-wars-rebels-s4e10-4.jpg\"><img loading=\"lazy\" decoding=\"async\" class=\"aligncenter size-full wp-image-70760\" src=\"http:\/\/www.reconoce.mx\/wp-content\/uploads\/2018\/02\/star-wars-rebels-s4e10-4.jpg\" alt=\"\" width=\"590\" height=\"380\" srcset=\"http:\/\/www.reconoce.mx\/wp-content\/uploads\/2018\/02\/star-wars-rebels-s4e10-4.jpg 590w, http:\/\/www.reconoce.mx\/wp-content\/uploads\/2018\/02\/star-wars-rebels-s4e10-4-300x193.jpg 300w, http:\/\/www.reconoce.mx\/wp-content\/uploads\/2018\/02\/star-wars-rebels-s4e10-4-150x97.jpg 150w\" sizes=\"auto, (max-width: 590px) 100vw, 590px\" \/><\/a><\/p>\n<p>S\u00ed, Kanan muere en un acto her\u00f3ico que bien vale la temporada 4, pero su muerte puede ser precisamente el s\u00edmbolo de lo que la misma serie terminar\u00e1 representando. \u00abStar Wars Rebels\u00bb puede terminarse la pr\u00f3xima semana, pero al hacerlo, nos dejar\u00e1 una enorme pieza que se insertar\u00e1 en el universo de <strong>Star Wars<\/strong> de manera importante entreg\u00e1ndonos as\u00ed otra enorme pieza que conectar\u00e1 varios aspectos de la saga. Mi sospecha es que con la muerte de Kanan, Ezra no vivir\u00e1 el mismo destino. Lo que pasar\u00e1 con Ezra, sobre todo al ser el personaje principal de la serie y el otro portador de la Fuerza (aunque la propia \u00abStar Wars Rebels\u00bb nos hace pensar que no es exclusivo de los Jedi; as\u00ed como tambi\u00e9n lo hizo \u00abStar Wars: The Last Jedi\u00bb), es que no morir\u00e1 sino que se convertir\u00e1 en algo m\u00e1s. Kanan ya lo hizo, s\u00ed, pero a trav\u00e9s de la muerte; Ezra tendr\u00e1 otro papel, mismo que vemos por lo menos en el avance de media temporada 4 le har\u00e1 enfrentarse al mism\u00edsimo Emperador Palpatine (y aqu\u00ed de nuevo, \u00bfse nos mostrar\u00e1 algo de lo que estaba planeando el Emperador?).<\/p>\n<p>En fin, con los cap\u00edtulos de hoy y el doble de la pr\u00f3xima semana, de lo que no nos queda duda es que las emociones seguir\u00e1n en aumento, pero sobre todo que si bien se acerca el final de \u00abStar Wars Rebels\u00bb, en realidad lo que estamos por descubrir es el principio de algo muy, muy relevante para<strong> Star Wars<\/strong>. \u00bfUstedes qu\u00e9 piensan?<\/p>\n<blockquote><p><a href=\"http:\/\/www.reconoce.mx\/wp-content\/uploads\/2016\/03\/968932_515227815190918_654397283_n-e1459260491114.jpg\" rel=\"lightbox[61179]\"><img loading=\"lazy\" decoding=\"async\" class=\"alignleft size-thumbnail wp-image-39872\" src=\"http:\/\/www.reconoce.mx\/wp-content\/uploads\/2016\/03\/968932_515227815190918_654397283_n-e1459260491114.jpg\" alt=\"IMG_5743\" width=\"150\" height=\"150\" \/><\/a><strong>Asfaltos<\/strong>. Sobrevivo en una ciudad junto a millones de personas. \u00bfMexique\u00f1o? Me enamoro r\u00e1pido y olvido dif\u00edcilmente. Amo la m\u00fasica, el cine, los c\u00f3mics, las mujeres y -\u00faltimamente gracias a los servicios de <em>streaming<\/em>\u2013 las series tambi\u00e9n. Vivo la vida a trav\u00e9s de letras y melod\u00edas. M\u00fasico frustrado. Me pueden encontrar escuchando U2, Radiohead y Coldplay; as\u00ed como Grand Funk Railroad, Styx y Eric Burdon; Chetes, Jumbo y Siddhartha; y hasta Jesse &amp; Joy, Silverio y Aleks Syntek. Batman y Star Wars mis pasiones; tambi\u00e9n el Cruz Azul, pero ya saben\u2026 subcampeon\u00edsimo. Sobreviviente y n\u00e1ufrago; ermita\u00f1o que odia la soledad.<\/p><\/blockquote>\n<p>&nbsp;<\/p>\n<p>&nbsp;<\/p>\n","protected":false},"excerpt":{"rendered":"<p>El pasado lunes regres\u00f3 en Estados Unidos la temporada 4 de \u00abStar Wars Rebels\u00bb.<\/p>\n","protected":false},"author":2,"featured_media":70762,"comment_status":"open","ping_status":"open","sticky":false,"template":"","format":"standard","meta":{"footnotes":""},"categories":[16,2602,17],"tags":[],"class_list":["post-70846","post","type-post","status-publish","format-standard","has-post-thumbnail","hentry","category-columnistas","category-la-ballesta-de-mascatabaco","category-principal"],"yoast_head":"<!-- This site is optimized with the Yoast SEO plugin v24.7 - https:\/\/yoast.com\/wordpress\/plugins\/seo\/ -->\n<title>&quot;Star Wars Rebels&quot;: el principio \u00bfdel final? &#171; Reconoce MX<\/title>\n<meta name=\"robots\" content=\"index, follow, max-snippet:-1, max-image-preview:large, max-video-preview:-1\" \/>\n<link rel=\"canonical\" href=\"https:\/\/www.reconoce.mx\/?p=70846\" \/>\n<meta property=\"og:locale\" content=\"es_ES\" \/>\n<meta property=\"og:type\" content=\"article\" \/>\n<meta property=\"og:title\" content=\"&quot;Star Wars Rebels&quot;: el principio \u00bfdel final? &#171; Reconoce MX\" \/>\n<meta property=\"og:description\" content=\"El pasado lunes regres\u00f3 en Estados Unidos la temporada 4 de &quot;Star Wars Rebels&quot;.\" \/>\n<meta property=\"og:url\" content=\"https:\/\/www.reconoce.mx\/?p=70846\" \/>\n<meta property=\"og:site_name\" content=\"Reconoce MX\" \/>\n<meta property=\"article:publisher\" content=\"https:\/\/es-la.facebook.com\/ReconoceMX\/\" \/>\n<meta property=\"article:published_time\" content=\"2018-02-26T06:05:58+00:00\" \/>\n<meta property=\"article:modified_time\" content=\"2018-02-26T06:10:08+00:00\" \/>\n<meta property=\"og:image\" content=\"https:\/\/www.reconoce.mx\/wp-content\/uploads\/2018\/02\/star-wars-rebels-s4e10-6.jpg\" \/>\n\t<meta property=\"og:image:width\" content=\"590\" \/>\n\t<meta property=\"og:image:height\" content=\"380\" \/>\n\t<meta property=\"og:image:type\" content=\"image\/jpeg\" \/>\n<meta name=\"author\" content=\"Reconoce MX\" \/>\n<meta name=\"twitter:card\" content=\"summary_large_image\" \/>\n<meta name=\"twitter:creator\" content=\"@reconocemx\" \/>\n<meta name=\"twitter:site\" content=\"@reconocemx\" \/>\n<meta name=\"twitter:label1\" content=\"Escrito por\" \/>\n\t<meta name=\"twitter:data1\" content=\"Reconoce MX\" \/>\n\t<meta name=\"twitter:label2\" content=\"Tiempo de lectura\" \/>\n\t<meta name=\"twitter:data2\" content=\"7 minutos\" \/>\n<script type=\"application\/ld+json\" class=\"yoast-schema-graph\">{\"@context\":\"https:\/\/schema.org\",\"@graph\":[{\"@type\":\"Article\",\"@id\":\"https:\/\/www.reconoce.mx\/?p=70846#article\",\"isPartOf\":{\"@id\":\"https:\/\/www.reconoce.mx\/?p=70846\"},\"author\":{\"name\":\"Reconoce MX\",\"@id\":\"http:\/\/www.reconoce.mx\/#\/schema\/person\/2117e997d7051dc15d6880eaf9bca0b2\"},\"headline\":\"\u00abStar Wars Rebels\u00bb: el principio \u00bfdel final?\",\"datePublished\":\"2018-02-26T06:05:58+00:00\",\"dateModified\":\"2018-02-26T06:10:08+00:00\",\"mainEntityOfPage\":{\"@id\":\"https:\/\/www.reconoce.mx\/?p=70846\"},\"wordCount\":1331,\"commentCount\":0,\"publisher\":{\"@id\":\"http:\/\/www.reconoce.mx\/#organization\"},\"image\":{\"@id\":\"https:\/\/www.reconoce.mx\/?p=70846#primaryimage\"},\"thumbnailUrl\":\"http:\/\/www.reconoce.mx\/wp-content\/uploads\/2018\/02\/star-wars-rebels-s4e10-6.jpg\",\"articleSection\":[\"Columnistas\",\"La ballesta de Mascatabaco\",\"Principal\"],\"inLanguage\":\"es\",\"potentialAction\":[{\"@type\":\"CommentAction\",\"name\":\"Comment\",\"target\":[\"https:\/\/www.reconoce.mx\/?p=70846#respond\"]}]},{\"@type\":\"WebPage\",\"@id\":\"https:\/\/www.reconoce.mx\/?p=70846\",\"url\":\"https:\/\/www.reconoce.mx\/?p=70846\",\"name\":\"\\\"Star Wars Rebels\\\": el principio \u00bfdel final? &#171; Reconoce MX\",\"isPartOf\":{\"@id\":\"http:\/\/www.reconoce.mx\/#website\"},\"primaryImageOfPage\":{\"@id\":\"https:\/\/www.reconoce.mx\/?p=70846#primaryimage\"},\"image\":{\"@id\":\"https:\/\/www.reconoce.mx\/?p=70846#primaryimage\"},\"thumbnailUrl\":\"http:\/\/www.reconoce.mx\/wp-content\/uploads\/2018\/02\/star-wars-rebels-s4e10-6.jpg\",\"datePublished\":\"2018-02-26T06:05:58+00:00\",\"dateModified\":\"2018-02-26T06:10:08+00:00\",\"breadcrumb\":{\"@id\":\"https:\/\/www.reconoce.mx\/?p=70846#breadcrumb\"},\"inLanguage\":\"es\",\"potentialAction\":[{\"@type\":\"ReadAction\",\"target\":[\"https:\/\/www.reconoce.mx\/?p=70846\"]}]},{\"@type\":\"ImageObject\",\"inLanguage\":\"es\",\"@id\":\"https:\/\/www.reconoce.mx\/?p=70846#primaryimage\",\"url\":\"http:\/\/www.reconoce.mx\/wp-content\/uploads\/2018\/02\/star-wars-rebels-s4e10-6.jpg\",\"contentUrl\":\"http:\/\/www.reconoce.mx\/wp-content\/uploads\/2018\/02\/star-wars-rebels-s4e10-6.jpg\",\"width\":590,\"height\":380},{\"@type\":\"BreadcrumbList\",\"@id\":\"https:\/\/www.reconoce.mx\/?p=70846#breadcrumb\",\"itemListElement\":[{\"@type\":\"ListItem\",\"position\":1,\"name\":\"Portada\",\"item\":\"http:\/\/www.reconoce.mx\/\"},{\"@type\":\"ListItem\",\"position\":2,\"name\":\"\u00abStar Wars Rebels\u00bb: el principio \u00bfdel final?\"}]},{\"@type\":\"WebSite\",\"@id\":\"http:\/\/www.reconoce.mx\/#website\",\"url\":\"http:\/\/www.reconoce.mx\/\",\"name\":\"Reconoce MX\",\"description\":\"En Reconoce MX difundimos arte, cultura y conciencia social en M\u00e9xico. Tu ciudad en otra perspectiva.\",\"publisher\":{\"@id\":\"http:\/\/www.reconoce.mx\/#organization\"},\"potentialAction\":[{\"@type\":\"SearchAction\",\"target\":{\"@type\":\"EntryPoint\",\"urlTemplate\":\"http:\/\/www.reconoce.mx\/?s={search_term_string}\"},\"query-input\":{\"@type\":\"PropertyValueSpecification\",\"valueRequired\":true,\"valueName\":\"search_term_string\"}}],\"inLanguage\":\"es\"},{\"@type\":\"Organization\",\"@id\":\"http:\/\/www.reconoce.mx\/#organization\",\"name\":\"Reconoce MX\",\"url\":\"http:\/\/www.reconoce.mx\/\",\"logo\":{\"@type\":\"ImageObject\",\"inLanguage\":\"es\",\"@id\":\"http:\/\/www.reconoce.mx\/#\/schema\/logo\/image\/\",\"url\":\"https:\/\/www.reconoce.mx\/wp-content\/uploads\/2019\/03\/logorcmx-good-1.png\",\"contentUrl\":\"https:\/\/www.reconoce.mx\/wp-content\/uploads\/2019\/03\/logorcmx-good-1.png\",\"width\":280,\"height\":90,\"caption\":\"Reconoce MX\"},\"image\":{\"@id\":\"http:\/\/www.reconoce.mx\/#\/schema\/logo\/image\/\"},\"sameAs\":[\"https:\/\/es-la.facebook.com\/ReconoceMX\/\",\"https:\/\/x.com\/reconocemx\",\"http:\/\/@reconocemx\"]},{\"@type\":\"Person\",\"@id\":\"http:\/\/www.reconoce.mx\/#\/schema\/person\/2117e997d7051dc15d6880eaf9bca0b2\",\"name\":\"Reconoce MX\",\"image\":{\"@type\":\"ImageObject\",\"inLanguage\":\"es\",\"@id\":\"http:\/\/www.reconoce.mx\/#\/schema\/person\/image\/\",\"url\":\"https:\/\/secure.gravatar.com\/avatar\/6c8d4dc7569ca1c90c5fdcc349f839d5ddef6fe1e70b4337ead2ef1a4c43fc3a?s=96&d=identicon&r=g\",\"contentUrl\":\"https:\/\/secure.gravatar.com\/avatar\/6c8d4dc7569ca1c90c5fdcc349f839d5ddef6fe1e70b4337ead2ef1a4c43fc3a?s=96&d=identicon&r=g\",\"caption\":\"Reconoce MX\"},\"description\":\"Reconoce MX es un proyecto de difusi\u00f3n art\u00edstica, cultural y de conciencia social que est\u00e1 enfocado a difundir y fomentar el entretenimiento alternativo de calidad para todo el p\u00fablico que comparta el mismo entusiasmo.\",\"sameAs\":[\"http:\/\/www.reconoce.mx\"],\"url\":\"http:\/\/www.reconoce.mx\/?author=2\"}]}<\/script>\n<!-- \/ Yoast SEO plugin. -->","yoast_head_json":{"title":"\"Star Wars Rebels\": el principio \u00bfdel final? &#171; Reconoce MX","robots":{"index":"index","follow":"follow","max-snippet":"max-snippet:-1","max-image-preview":"max-image-preview:large","max-video-preview":"max-video-preview:-1"},"canonical":"https:\/\/www.reconoce.mx\/?p=70846","og_locale":"es_ES","og_type":"article","og_title":"\"Star Wars Rebels\": el principio \u00bfdel final? &#171; Reconoce MX","og_description":"El pasado lunes regres\u00f3 en Estados Unidos la temporada 4 de \"Star Wars Rebels\".","og_url":"https:\/\/www.reconoce.mx\/?p=70846","og_site_name":"Reconoce MX","article_publisher":"https:\/\/es-la.facebook.com\/ReconoceMX\/","article_published_time":"2018-02-26T06:05:58+00:00","article_modified_time":"2018-02-26T06:10:08+00:00","og_image":[{"width":590,"height":380,"url":"https:\/\/www.reconoce.mx\/wp-content\/uploads\/2018\/02\/star-wars-rebels-s4e10-6.jpg","type":"image\/jpeg"}],"author":"Reconoce MX","twitter_card":"summary_large_image","twitter_creator":"@reconocemx","twitter_site":"@reconocemx","twitter_misc":{"Escrito por":"Reconoce MX","Tiempo de lectura":"7 minutos"},"schema":{"@context":"https:\/\/schema.org","@graph":[{"@type":"Article","@id":"https:\/\/www.reconoce.mx\/?p=70846#article","isPartOf":{"@id":"https:\/\/www.reconoce.mx\/?p=70846"},"author":{"name":"Reconoce MX","@id":"http:\/\/www.reconoce.mx\/#\/schema\/person\/2117e997d7051dc15d6880eaf9bca0b2"},"headline":"\u00abStar Wars Rebels\u00bb: el principio \u00bfdel final?","datePublished":"2018-02-26T06:05:58+00:00","dateModified":"2018-02-26T06:10:08+00:00","mainEntityOfPage":{"@id":"https:\/\/www.reconoce.mx\/?p=70846"},"wordCount":1331,"commentCount":0,"publisher":{"@id":"http:\/\/www.reconoce.mx\/#organization"},"image":{"@id":"https:\/\/www.reconoce.mx\/?p=70846#primaryimage"},"thumbnailUrl":"http:\/\/www.reconoce.mx\/wp-content\/uploads\/2018\/02\/star-wars-rebels-s4e10-6.jpg","articleSection":["Columnistas","La ballesta de Mascatabaco","Principal"],"inLanguage":"es","potentialAction":[{"@type":"CommentAction","name":"Comment","target":["https:\/\/www.reconoce.mx\/?p=70846#respond"]}]},{"@type":"WebPage","@id":"https:\/\/www.reconoce.mx\/?p=70846","url":"https:\/\/www.reconoce.mx\/?p=70846","name":"\"Star Wars Rebels\": el principio \u00bfdel final? &#171; Reconoce MX","isPartOf":{"@id":"http:\/\/www.reconoce.mx\/#website"},"primaryImageOfPage":{"@id":"https:\/\/www.reconoce.mx\/?p=70846#primaryimage"},"image":{"@id":"https:\/\/www.reconoce.mx\/?p=70846#primaryimage"},"thumbnailUrl":"http:\/\/www.reconoce.mx\/wp-content\/uploads\/2018\/02\/star-wars-rebels-s4e10-6.jpg","datePublished":"2018-02-26T06:05:58+00:00","dateModified":"2018-02-26T06:10:08+00:00","breadcrumb":{"@id":"https:\/\/www.reconoce.mx\/?p=70846#breadcrumb"},"inLanguage":"es","potentialAction":[{"@type":"ReadAction","target":["https:\/\/www.reconoce.mx\/?p=70846"]}]},{"@type":"ImageObject","inLanguage":"es","@id":"https:\/\/www.reconoce.mx\/?p=70846#primaryimage","url":"http:\/\/www.reconoce.mx\/wp-content\/uploads\/2018\/02\/star-wars-rebels-s4e10-6.jpg","contentUrl":"http:\/\/www.reconoce.mx\/wp-content\/uploads\/2018\/02\/star-wars-rebels-s4e10-6.jpg","width":590,"height":380},{"@type":"BreadcrumbList","@id":"https:\/\/www.reconoce.mx\/?p=70846#breadcrumb","itemListElement":[{"@type":"ListItem","position":1,"name":"Portada","item":"http:\/\/www.reconoce.mx\/"},{"@type":"ListItem","position":2,"name":"\u00abStar Wars Rebels\u00bb: el principio \u00bfdel final?"}]},{"@type":"WebSite","@id":"http:\/\/www.reconoce.mx\/#website","url":"http:\/\/www.reconoce.mx\/","name":"Reconoce MX","description":"En Reconoce MX difundimos arte, cultura y conciencia social en M\u00e9xico. Tu ciudad en otra perspectiva.","publisher":{"@id":"http:\/\/www.reconoce.mx\/#organization"},"potentialAction":[{"@type":"SearchAction","target":{"@type":"EntryPoint","urlTemplate":"http:\/\/www.reconoce.mx\/?s={search_term_string}"},"query-input":{"@type":"PropertyValueSpecification","valueRequired":true,"valueName":"search_term_string"}}],"inLanguage":"es"},{"@type":"Organization","@id":"http:\/\/www.reconoce.mx\/#organization","name":"Reconoce MX","url":"http:\/\/www.reconoce.mx\/","logo":{"@type":"ImageObject","inLanguage":"es","@id":"http:\/\/www.reconoce.mx\/#\/schema\/logo\/image\/","url":"https:\/\/www.reconoce.mx\/wp-content\/uploads\/2019\/03\/logorcmx-good-1.png","contentUrl":"https:\/\/www.reconoce.mx\/wp-content\/uploads\/2019\/03\/logorcmx-good-1.png","width":280,"height":90,"caption":"Reconoce MX"},"image":{"@id":"http:\/\/www.reconoce.mx\/#\/schema\/logo\/image\/"},"sameAs":["https:\/\/es-la.facebook.com\/ReconoceMX\/","https:\/\/x.com\/reconocemx","http:\/\/@reconocemx"]},{"@type":"Person","@id":"http:\/\/www.reconoce.mx\/#\/schema\/person\/2117e997d7051dc15d6880eaf9bca0b2","name":"Reconoce MX","image":{"@type":"ImageObject","inLanguage":"es","@id":"http:\/\/www.reconoce.mx\/#\/schema\/person\/image\/","url":"https:\/\/secure.gravatar.com\/avatar\/6c8d4dc7569ca1c90c5fdcc349f839d5ddef6fe1e70b4337ead2ef1a4c43fc3a?s=96&d=identicon&r=g","contentUrl":"https:\/\/secure.gravatar.com\/avatar\/6c8d4dc7569ca1c90c5fdcc349f839d5ddef6fe1e70b4337ead2ef1a4c43fc3a?s=96&d=identicon&r=g","caption":"Reconoce MX"},"description":"Reconoce MX es un proyecto de difusi\u00f3n art\u00edstica, cultural y de conciencia social que est\u00e1 enfocado a difundir y fomentar el entretenimiento alternativo de calidad para todo el p\u00fablico que comparta el mismo entusiasmo.","sameAs":["http:\/\/www.reconoce.mx"],"url":"http:\/\/www.reconoce.mx\/?author=2"}]}},"_links":{"self":[{"href":"http:\/\/www.reconoce.mx\/index.php?rest_route=\/wp\/v2\/posts\/70846","targetHints":{"allow":["GET"]}}],"collection":[{"href":"http:\/\/www.reconoce.mx\/index.php?rest_route=\/wp\/v2\/posts"}],"about":[{"href":"http:\/\/www.reconoce.mx\/index.php?rest_route=\/wp\/v2\/types\/post"}],"author":[{"embeddable":true,"href":"http:\/\/www.reconoce.mx\/index.php?rest_route=\/wp\/v2\/users\/2"}],"replies":[{"embeddable":true,"href":"http:\/\/www.reconoce.mx\/index.php?rest_route=%2Fwp%2Fv2%2Fcomments&post=70846"}],"version-history":[{"count":4,"href":"http:\/\/www.reconoce.mx\/index.php?rest_route=\/wp\/v2\/posts\/70846\/revisions"}],"predecessor-version":[{"id":70850,"href":"http:\/\/www.reconoce.mx\/index.php?rest_route=\/wp\/v2\/posts\/70846\/revisions\/70850"}],"wp:featuredmedia":[{"embeddable":true,"href":"http:\/\/www.reconoce.mx\/index.php?rest_route=\/wp\/v2\/media\/70762"}],"wp:attachment":[{"href":"http:\/\/www.reconoce.mx\/index.php?rest_route=%2Fwp%2Fv2%2Fmedia&parent=70846"}],"wp:term":[{"taxonomy":"category","embeddable":true,"href":"http:\/\/www.reconoce.mx\/index.php?rest_route=%2Fwp%2Fv2%2Fcategories&post=70846"},{"taxonomy":"post_tag","embeddable":true,"href":"http:\/\/www.reconoce.mx\/index.php?rest_route=%2Fwp%2Fv2%2Ftags&post=70846"}],"curies":[{"name":"wp","href":"https:\/\/api.w.org\/{rel}","templated":true}]}}