{"id":70888,"date":"2018-02-26T00:06:31","date_gmt":"2018-02-26T06:06:31","guid":{"rendered":"http:\/\/www.reconoce.mx\/?p=70888"},"modified":"2018-02-26T13:30:18","modified_gmt":"2018-02-26T19:30:18","slug":"edcmx-2018-25-de-febrero-volvio-a-ser-epico","status":"publish","type":"post","link":"http:\/\/www.reconoce.mx\/?p=70888","title":{"rendered":"#EDCMx 2018 25 de febrero: volvi\u00f3 a ser \u00e9pico"},"content":{"rendered":"<h3 style=\"text-align: center;\"><a href=\"http:\/\/www.reconoce.mx\/edcmx-2018-24-de-febrero-luces-saltos-gritos-y-muchos-latidos\/\" rel=\"noopener\"><strong>D \u00cd A 1<\/strong><\/a> | <strong>D \u00cd A 2<\/strong><\/h3>\n<p><strong>Por Diego Palacios<\/strong>.<\/p>\n<p>La magia apareci\u00f3 nuevamente en el <strong>Aut\u00f3dromo Hermanos Rodr\u00edguez<\/strong>. El segundo d\u00eda del <strong>Electric Daisy Carnival M\u00e9xico<\/strong> ofreci\u00f3 una infinidad de beats que retumbaron a lo largo del festival, encabezados por <strong>Deorro<\/strong>, <strong>Dillon Francis<\/strong>, <strong>Marshmello<\/strong>, <strong>Flosstradamus<\/strong>, <strong>Deadmau5<\/strong> y <strong>Above &amp; Beyond<\/strong>.<\/p>\n<p><a href=\"http:\/\/www.reconoce.mx\/wp-content\/uploads\/2018\/02\/edc-2018-domingo-25-lulu-urdapilleta-1.jpg\"><img loading=\"lazy\" decoding=\"async\" class=\"aligncenter size-full wp-image-70891\" src=\"http:\/\/www.reconoce.mx\/wp-content\/uploads\/2018\/02\/edc-2018-domingo-25-lulu-urdapilleta-1.jpg\" alt=\"\" width=\"590\" height=\"380\" srcset=\"http:\/\/www.reconoce.mx\/wp-content\/uploads\/2018\/02\/edc-2018-domingo-25-lulu-urdapilleta-1.jpg 590w, http:\/\/www.reconoce.mx\/wp-content\/uploads\/2018\/02\/edc-2018-domingo-25-lulu-urdapilleta-1-300x193.jpg 300w, http:\/\/www.reconoce.mx\/wp-content\/uploads\/2018\/02\/edc-2018-domingo-25-lulu-urdapilleta-1-150x97.jpg 150w\" sizes=\"auto, (max-width: 590px) 100vw, 590px\" \/><\/a><\/p>\n<p>Los descamisados, la pintura fluorescente, las coronas de flores y los disfraces ex\u00f3ticos le dieron color a un <strong>EDC<\/strong> que por quinto a\u00f1o consectivo hizo bailar a miles de aficionados de la m\u00fasica electronica.<\/p>\n<p>La resaca del primer d\u00eda era evidente, es por ello que en las primeras horas los asistentes aprovecharon para descansar y prepararse para el espect\u00e1culo que los DJ ten\u00edan preparado en su tornamesa. Conforme fueron transcurriendo las horas y el d\u00eda se fue oscureciendo, la energ\u00eda comenz\u00f3 a llenar el <strong>EDC<\/strong>.<\/p>\n<p><a href=\"http:\/\/www.reconoce.mx\/wp-content\/uploads\/2018\/02\/edc-2018-domingo-25-jose-jorge-carreon-2.jpg\"><img loading=\"lazy\" decoding=\"async\" class=\"aligncenter size-full wp-image-70892\" src=\"http:\/\/www.reconoce.mx\/wp-content\/uploads\/2018\/02\/edc-2018-domingo-25-jose-jorge-carreon-2.jpg\" alt=\"\" width=\"679\" height=\"1019\" srcset=\"http:\/\/www.reconoce.mx\/wp-content\/uploads\/2018\/02\/edc-2018-domingo-25-jose-jorge-carreon-2.jpg 679w, http:\/\/www.reconoce.mx\/wp-content\/uploads\/2018\/02\/edc-2018-domingo-25-jose-jorge-carreon-2-200x300.jpg 200w, http:\/\/www.reconoce.mx\/wp-content\/uploads\/2018\/02\/edc-2018-domingo-25-jose-jorge-carreon-2-150x225.jpg 150w, http:\/\/www.reconoce.mx\/wp-content\/uploads\/2018\/02\/edc-2018-domingo-25-jose-jorge-carreon-2-658x987.jpg 658w, http:\/\/www.reconoce.mx\/wp-content\/uploads\/2018\/02\/edc-2018-domingo-25-jose-jorge-carreon-2-300x450.jpg 300w\" sizes=\"auto, (max-width: 679px) 100vw, 679px\" \/><\/a><\/p>\n<p>En el \u00abKinetic Field\u00bb, <strong>Dillon Francis<\/strong> present\u00f3 un amplio repertorio de g\u00e9neros, donde mezcl\u00f3 sonidos y canciones populares de nuestro pa\u00eds, como \u00abLa nave del olvido\u00bb de <strong>Jos\u00e9 Jos\u00e9<\/strong>, as\u00ed como la canci\u00f3n del <strong>Movimiento Naranja<\/strong>. Para no perder el ritmo que hab\u00eda presentado el artista norteamericano, <strong>Deorro<\/strong> continu\u00f3 la fiesta con un setlist muy latino, que termin\u00f3 por explotar el escenario principal.<\/p>\n<p>Con <strong>Marshmello<\/strong> al mando, los <em>beats<\/em> se volvieron m\u00e1s intensos, pero el <em>rave<\/em> se mantuvo con la misma fuerza. \u00abAlone\u00bb fue el momento m\u00e1s memorable del tornamesista con m\u00e1scara de malvavisco, donde la gente core\u00f3 al m\u00e1ximo la melod\u00eda.<\/p>\n<p><a href=\"http:\/\/www.reconoce.mx\/wp-content\/uploads\/2018\/02\/edc-2018-domingo-25-cesar-vicuna-1.jpg\"><img loading=\"lazy\" decoding=\"async\" class=\"aligncenter size-full wp-image-70889\" src=\"http:\/\/www.reconoce.mx\/wp-content\/uploads\/2018\/02\/edc-2018-domingo-25-cesar-vicuna-1.jpg\" alt=\"\" width=\"590\" height=\"380\" srcset=\"http:\/\/www.reconoce.mx\/wp-content\/uploads\/2018\/02\/edc-2018-domingo-25-cesar-vicuna-1.jpg 590w, http:\/\/www.reconoce.mx\/wp-content\/uploads\/2018\/02\/edc-2018-domingo-25-cesar-vicuna-1-300x193.jpg 300w, http:\/\/www.reconoce.mx\/wp-content\/uploads\/2018\/02\/edc-2018-domingo-25-cesar-vicuna-1-150x97.jpg 150w\" sizes=\"auto, (max-width: 590px) 100vw, 590px\" \/><\/a><\/p>\n<p>Para el cierre, mucha gente se dividi\u00f3 en los escenarios para disfrutar de <strong>Deadmau5<\/strong> en el \u00abCircuit Grounds\u00bb y de <strong>Flosstradamus<\/strong> en el principal, terminando con una jornada donde la electr\u00f3nica fue el principal protagonista de un festival que cada a\u00f1o sigue sorprendiendo con shows incre\u00edbles y un ambiente inolvidable.<\/p>\n<h3 style=\"text-align: center;\"><a href=\"http:\/\/www.reconoce.mx\/edcmx-2018-24-de-febrero-luces-saltos-gritos-y-muchos-latidos\/\" rel=\"noopener\"><strong>D \u00cd A 1<\/strong><\/a> | <strong>D \u00cd A 2<\/strong><\/h3>\n<p style=\"text-align: right;\">Fotos cortes\u00eda de <strong>OCESA <\/strong>(<strong>Jos\u00e9 Jorge Carre\u00f3n<\/strong> \/ <strong>Lul\u00fa Urdapilleta <\/strong>\/ <strong>C\u00e9sar Vicu\u00f1a<\/strong>).<\/p>\n<p>&nbsp;<\/p>\n<p>&nbsp;<\/p>\n","protected":false},"excerpt":{"rendered":"<p>La magia apareci\u00f3 nuevamente en el Aut\u00f3dromo Hermanos Rodr\u00edguez. El segundo d\u00eda del Electric Daisy Carnival M\u00e9xico ofreci\u00f3 una infinidad de beats que retumbaron a lo largo del festival, encabezados por Deorro, Dillon Francis, Marshmello, Flosstradamus, Deadmau5 y Above &#038; Beyond.<\/p>\n","protected":false},"author":2,"featured_media":70890,"comment_status":"open","ping_status":"open","sticky":false,"template":"","format":"standard","meta":{"footnotes":""},"categories":[1,18,17],"tags":[],"class_list":["post-70888","post","type-post","status-publish","format-standard","has-post-thumbnail","hentry","category-cultura","category-musica","category-principal"],"yoast_head":"<!-- This site is optimized with the Yoast SEO plugin v24.7 - https:\/\/yoast.com\/wordpress\/plugins\/seo\/ -->\n<title>#EDCMx 2018 25 de febrero: volvi\u00f3 a ser \u00e9pico &#171; Reconoce MX<\/title>\n<meta name=\"robots\" content=\"index, follow, max-snippet:-1, max-image-preview:large, max-video-preview:-1\" \/>\n<link rel=\"canonical\" href=\"http:\/\/www.reconoce.mx\/?p=70888\" \/>\n<meta property=\"og:locale\" content=\"es_ES\" \/>\n<meta property=\"og:type\" content=\"article\" \/>\n<meta property=\"og:title\" content=\"#EDCMx 2018 25 de febrero: volvi\u00f3 a ser \u00e9pico &#171; Reconoce MX\" \/>\n<meta property=\"og:description\" content=\"La magia apareci\u00f3 nuevamente en el Aut\u00f3dromo Hermanos Rodr\u00edguez. El segundo d\u00eda del Electric Daisy Carnival M\u00e9xico ofreci\u00f3 una infinidad de beats que retumbaron a lo largo del festival, encabezados por Deorro, Dillon Francis, Marshmello, Flosstradamus, Deadmau5 y Above &amp; Beyond.\" \/>\n<meta property=\"og:url\" content=\"http:\/\/www.reconoce.mx\/?p=70888\" \/>\n<meta property=\"og:site_name\" content=\"Reconoce MX\" \/>\n<meta property=\"article:publisher\" content=\"https:\/\/es-la.facebook.com\/ReconoceMX\/\" \/>\n<meta property=\"article:published_time\" content=\"2018-02-26T06:06:31+00:00\" \/>\n<meta property=\"article:modified_time\" content=\"2018-02-26T19:30:18+00:00\" \/>\n<meta property=\"og:image\" content=\"http:\/\/www.reconoce.mx\/wp-content\/uploads\/2018\/02\/edc-2018-domingo-25-jose-jorge-carreon-1.jpg\" \/>\n\t<meta property=\"og:image:width\" content=\"590\" \/>\n\t<meta property=\"og:image:height\" content=\"380\" \/>\n\t<meta property=\"og:image:type\" content=\"image\/jpeg\" \/>\n<meta name=\"author\" content=\"Reconoce MX\" \/>\n<meta name=\"twitter:card\" content=\"summary_large_image\" \/>\n<meta name=\"twitter:creator\" content=\"@reconocemx\" \/>\n<meta name=\"twitter:site\" content=\"@reconocemx\" \/>\n<meta name=\"twitter:label1\" content=\"Escrito por\" \/>\n\t<meta name=\"twitter:data1\" content=\"Reconoce MX\" \/>\n\t<meta name=\"twitter:label2\" content=\"Tiempo de lectura\" \/>\n\t<meta name=\"twitter:data2\" content=\"2 minutos\" \/>\n<script type=\"application\/ld+json\" class=\"yoast-schema-graph\">{\"@context\":\"https:\/\/schema.org\",\"@graph\":[{\"@type\":\"Article\",\"@id\":\"http:\/\/www.reconoce.mx\/?p=70888#article\",\"isPartOf\":{\"@id\":\"http:\/\/www.reconoce.mx\/?p=70888\"},\"author\":{\"name\":\"Reconoce MX\",\"@id\":\"http:\/\/www.reconoce.mx\/#\/schema\/person\/2117e997d7051dc15d6880eaf9bca0b2\"},\"headline\":\"#EDCMx 2018 25 de febrero: volvi\u00f3 a ser \u00e9pico\",\"datePublished\":\"2018-02-26T06:06:31+00:00\",\"dateModified\":\"2018-02-26T19:30:18+00:00\",\"mainEntityOfPage\":{\"@id\":\"http:\/\/www.reconoce.mx\/?p=70888\"},\"wordCount\":337,\"commentCount\":0,\"publisher\":{\"@id\":\"http:\/\/www.reconoce.mx\/#organization\"},\"image\":{\"@id\":\"http:\/\/www.reconoce.mx\/?p=70888#primaryimage\"},\"thumbnailUrl\":\"http:\/\/www.reconoce.mx\/wp-content\/uploads\/2018\/02\/edc-2018-domingo-25-jose-jorge-carreon-1.jpg\",\"articleSection\":[\"Cultura\",\"M\u00fasica\",\"Principal\"],\"inLanguage\":\"es\",\"potentialAction\":[{\"@type\":\"CommentAction\",\"name\":\"Comment\",\"target\":[\"http:\/\/www.reconoce.mx\/?p=70888#respond\"]}]},{\"@type\":\"WebPage\",\"@id\":\"http:\/\/www.reconoce.mx\/?p=70888\",\"url\":\"http:\/\/www.reconoce.mx\/?p=70888\",\"name\":\"#EDCMx 2018 25 de febrero: volvi\u00f3 a ser \u00e9pico &#171; Reconoce MX\",\"isPartOf\":{\"@id\":\"http:\/\/www.reconoce.mx\/#website\"},\"primaryImageOfPage\":{\"@id\":\"http:\/\/www.reconoce.mx\/?p=70888#primaryimage\"},\"image\":{\"@id\":\"http:\/\/www.reconoce.mx\/?p=70888#primaryimage\"},\"thumbnailUrl\":\"http:\/\/www.reconoce.mx\/wp-content\/uploads\/2018\/02\/edc-2018-domingo-25-jose-jorge-carreon-1.jpg\",\"datePublished\":\"2018-02-26T06:06:31+00:00\",\"dateModified\":\"2018-02-26T19:30:18+00:00\",\"breadcrumb\":{\"@id\":\"http:\/\/www.reconoce.mx\/?p=70888#breadcrumb\"},\"inLanguage\":\"es\",\"potentialAction\":[{\"@type\":\"ReadAction\",\"target\":[\"http:\/\/www.reconoce.mx\/?p=70888\"]}]},{\"@type\":\"ImageObject\",\"inLanguage\":\"es\",\"@id\":\"http:\/\/www.reconoce.mx\/?p=70888#primaryimage\",\"url\":\"http:\/\/www.reconoce.mx\/wp-content\/uploads\/2018\/02\/edc-2018-domingo-25-jose-jorge-carreon-1.jpg\",\"contentUrl\":\"http:\/\/www.reconoce.mx\/wp-content\/uploads\/2018\/02\/edc-2018-domingo-25-jose-jorge-carreon-1.jpg\",\"width\":590,\"height\":380},{\"@type\":\"BreadcrumbList\",\"@id\":\"http:\/\/www.reconoce.mx\/?p=70888#breadcrumb\",\"itemListElement\":[{\"@type\":\"ListItem\",\"position\":1,\"name\":\"Portada\",\"item\":\"http:\/\/www.reconoce.mx\/\"},{\"@type\":\"ListItem\",\"position\":2,\"name\":\"#EDCMx 2018 25 de febrero: volvi\u00f3 a ser \u00e9pico\"}]},{\"@type\":\"WebSite\",\"@id\":\"http:\/\/www.reconoce.mx\/#website\",\"url\":\"http:\/\/www.reconoce.mx\/\",\"name\":\"Reconoce MX\",\"description\":\"En Reconoce MX difundimos arte, cultura y conciencia social en M\u00e9xico. Tu ciudad en otra perspectiva.\",\"publisher\":{\"@id\":\"http:\/\/www.reconoce.mx\/#organization\"},\"potentialAction\":[{\"@type\":\"SearchAction\",\"target\":{\"@type\":\"EntryPoint\",\"urlTemplate\":\"http:\/\/www.reconoce.mx\/?s={search_term_string}\"},\"query-input\":{\"@type\":\"PropertyValueSpecification\",\"valueRequired\":true,\"valueName\":\"search_term_string\"}}],\"inLanguage\":\"es\"},{\"@type\":\"Organization\",\"@id\":\"http:\/\/www.reconoce.mx\/#organization\",\"name\":\"Reconoce MX\",\"url\":\"http:\/\/www.reconoce.mx\/\",\"logo\":{\"@type\":\"ImageObject\",\"inLanguage\":\"es\",\"@id\":\"http:\/\/www.reconoce.mx\/#\/schema\/logo\/image\/\",\"url\":\"https:\/\/www.reconoce.mx\/wp-content\/uploads\/2019\/03\/logorcmx-good-1.png\",\"contentUrl\":\"https:\/\/www.reconoce.mx\/wp-content\/uploads\/2019\/03\/logorcmx-good-1.png\",\"width\":280,\"height\":90,\"caption\":\"Reconoce MX\"},\"image\":{\"@id\":\"http:\/\/www.reconoce.mx\/#\/schema\/logo\/image\/\"},\"sameAs\":[\"https:\/\/es-la.facebook.com\/ReconoceMX\/\",\"https:\/\/x.com\/reconocemx\",\"http:\/\/@reconocemx\"]},{\"@type\":\"Person\",\"@id\":\"http:\/\/www.reconoce.mx\/#\/schema\/person\/2117e997d7051dc15d6880eaf9bca0b2\",\"name\":\"Reconoce MX\",\"image\":{\"@type\":\"ImageObject\",\"inLanguage\":\"es\",\"@id\":\"http:\/\/www.reconoce.mx\/#\/schema\/person\/image\/\",\"url\":\"https:\/\/secure.gravatar.com\/avatar\/6c8d4dc7569ca1c90c5fdcc349f839d5ddef6fe1e70b4337ead2ef1a4c43fc3a?s=96&d=identicon&r=g\",\"contentUrl\":\"https:\/\/secure.gravatar.com\/avatar\/6c8d4dc7569ca1c90c5fdcc349f839d5ddef6fe1e70b4337ead2ef1a4c43fc3a?s=96&d=identicon&r=g\",\"caption\":\"Reconoce MX\"},\"description\":\"Reconoce MX es un proyecto de difusi\u00f3n art\u00edstica, cultural y de conciencia social que est\u00e1 enfocado a difundir y fomentar el entretenimiento alternativo de calidad para todo el p\u00fablico que comparta el mismo entusiasmo.\",\"sameAs\":[\"http:\/\/www.reconoce.mx\"],\"url\":\"http:\/\/www.reconoce.mx\/?author=2\"}]}<\/script>\n<!-- \/ Yoast SEO plugin. -->","yoast_head_json":{"title":"#EDCMx 2018 25 de febrero: volvi\u00f3 a ser \u00e9pico &#171; Reconoce MX","robots":{"index":"index","follow":"follow","max-snippet":"max-snippet:-1","max-image-preview":"max-image-preview:large","max-video-preview":"max-video-preview:-1"},"canonical":"http:\/\/www.reconoce.mx\/?p=70888","og_locale":"es_ES","og_type":"article","og_title":"#EDCMx 2018 25 de febrero: volvi\u00f3 a ser \u00e9pico &#171; Reconoce MX","og_description":"La magia apareci\u00f3 nuevamente en el Aut\u00f3dromo Hermanos Rodr\u00edguez. El segundo d\u00eda del Electric Daisy Carnival M\u00e9xico ofreci\u00f3 una infinidad de beats que retumbaron a lo largo del festival, encabezados por Deorro, Dillon Francis, Marshmello, Flosstradamus, Deadmau5 y Above & Beyond.","og_url":"http:\/\/www.reconoce.mx\/?p=70888","og_site_name":"Reconoce MX","article_publisher":"https:\/\/es-la.facebook.com\/ReconoceMX\/","article_published_time":"2018-02-26T06:06:31+00:00","article_modified_time":"2018-02-26T19:30:18+00:00","og_image":[{"width":590,"height":380,"url":"http:\/\/www.reconoce.mx\/wp-content\/uploads\/2018\/02\/edc-2018-domingo-25-jose-jorge-carreon-1.jpg","type":"image\/jpeg"}],"author":"Reconoce MX","twitter_card":"summary_large_image","twitter_creator":"@reconocemx","twitter_site":"@reconocemx","twitter_misc":{"Escrito por":"Reconoce MX","Tiempo de lectura":"2 minutos"},"schema":{"@context":"https:\/\/schema.org","@graph":[{"@type":"Article","@id":"http:\/\/www.reconoce.mx\/?p=70888#article","isPartOf":{"@id":"http:\/\/www.reconoce.mx\/?p=70888"},"author":{"name":"Reconoce MX","@id":"http:\/\/www.reconoce.mx\/#\/schema\/person\/2117e997d7051dc15d6880eaf9bca0b2"},"headline":"#EDCMx 2018 25 de febrero: volvi\u00f3 a ser \u00e9pico","datePublished":"2018-02-26T06:06:31+00:00","dateModified":"2018-02-26T19:30:18+00:00","mainEntityOfPage":{"@id":"http:\/\/www.reconoce.mx\/?p=70888"},"wordCount":337,"commentCount":0,"publisher":{"@id":"http:\/\/www.reconoce.mx\/#organization"},"image":{"@id":"http:\/\/www.reconoce.mx\/?p=70888#primaryimage"},"thumbnailUrl":"http:\/\/www.reconoce.mx\/wp-content\/uploads\/2018\/02\/edc-2018-domingo-25-jose-jorge-carreon-1.jpg","articleSection":["Cultura","M\u00fasica","Principal"],"inLanguage":"es","potentialAction":[{"@type":"CommentAction","name":"Comment","target":["http:\/\/www.reconoce.mx\/?p=70888#respond"]}]},{"@type":"WebPage","@id":"http:\/\/www.reconoce.mx\/?p=70888","url":"http:\/\/www.reconoce.mx\/?p=70888","name":"#EDCMx 2018 25 de febrero: volvi\u00f3 a ser \u00e9pico &#171; Reconoce MX","isPartOf":{"@id":"http:\/\/www.reconoce.mx\/#website"},"primaryImageOfPage":{"@id":"http:\/\/www.reconoce.mx\/?p=70888#primaryimage"},"image":{"@id":"http:\/\/www.reconoce.mx\/?p=70888#primaryimage"},"thumbnailUrl":"http:\/\/www.reconoce.mx\/wp-content\/uploads\/2018\/02\/edc-2018-domingo-25-jose-jorge-carreon-1.jpg","datePublished":"2018-02-26T06:06:31+00:00","dateModified":"2018-02-26T19:30:18+00:00","breadcrumb":{"@id":"http:\/\/www.reconoce.mx\/?p=70888#breadcrumb"},"inLanguage":"es","potentialAction":[{"@type":"ReadAction","target":["http:\/\/www.reconoce.mx\/?p=70888"]}]},{"@type":"ImageObject","inLanguage":"es","@id":"http:\/\/www.reconoce.mx\/?p=70888#primaryimage","url":"http:\/\/www.reconoce.mx\/wp-content\/uploads\/2018\/02\/edc-2018-domingo-25-jose-jorge-carreon-1.jpg","contentUrl":"http:\/\/www.reconoce.mx\/wp-content\/uploads\/2018\/02\/edc-2018-domingo-25-jose-jorge-carreon-1.jpg","width":590,"height":380},{"@type":"BreadcrumbList","@id":"http:\/\/www.reconoce.mx\/?p=70888#breadcrumb","itemListElement":[{"@type":"ListItem","position":1,"name":"Portada","item":"http:\/\/www.reconoce.mx\/"},{"@type":"ListItem","position":2,"name":"#EDCMx 2018 25 de febrero: volvi\u00f3 a ser \u00e9pico"}]},{"@type":"WebSite","@id":"http:\/\/www.reconoce.mx\/#website","url":"http:\/\/www.reconoce.mx\/","name":"Reconoce MX","description":"En Reconoce MX difundimos arte, cultura y conciencia social en M\u00e9xico. Tu ciudad en otra perspectiva.","publisher":{"@id":"http:\/\/www.reconoce.mx\/#organization"},"potentialAction":[{"@type":"SearchAction","target":{"@type":"EntryPoint","urlTemplate":"http:\/\/www.reconoce.mx\/?s={search_term_string}"},"query-input":{"@type":"PropertyValueSpecification","valueRequired":true,"valueName":"search_term_string"}}],"inLanguage":"es"},{"@type":"Organization","@id":"http:\/\/www.reconoce.mx\/#organization","name":"Reconoce MX","url":"http:\/\/www.reconoce.mx\/","logo":{"@type":"ImageObject","inLanguage":"es","@id":"http:\/\/www.reconoce.mx\/#\/schema\/logo\/image\/","url":"https:\/\/www.reconoce.mx\/wp-content\/uploads\/2019\/03\/logorcmx-good-1.png","contentUrl":"https:\/\/www.reconoce.mx\/wp-content\/uploads\/2019\/03\/logorcmx-good-1.png","width":280,"height":90,"caption":"Reconoce MX"},"image":{"@id":"http:\/\/www.reconoce.mx\/#\/schema\/logo\/image\/"},"sameAs":["https:\/\/es-la.facebook.com\/ReconoceMX\/","https:\/\/x.com\/reconocemx","http:\/\/@reconocemx"]},{"@type":"Person","@id":"http:\/\/www.reconoce.mx\/#\/schema\/person\/2117e997d7051dc15d6880eaf9bca0b2","name":"Reconoce MX","image":{"@type":"ImageObject","inLanguage":"es","@id":"http:\/\/www.reconoce.mx\/#\/schema\/person\/image\/","url":"https:\/\/secure.gravatar.com\/avatar\/6c8d4dc7569ca1c90c5fdcc349f839d5ddef6fe1e70b4337ead2ef1a4c43fc3a?s=96&d=identicon&r=g","contentUrl":"https:\/\/secure.gravatar.com\/avatar\/6c8d4dc7569ca1c90c5fdcc349f839d5ddef6fe1e70b4337ead2ef1a4c43fc3a?s=96&d=identicon&r=g","caption":"Reconoce MX"},"description":"Reconoce MX es un proyecto de difusi\u00f3n art\u00edstica, cultural y de conciencia social que est\u00e1 enfocado a difundir y fomentar el entretenimiento alternativo de calidad para todo el p\u00fablico que comparta el mismo entusiasmo.","sameAs":["http:\/\/www.reconoce.mx"],"url":"http:\/\/www.reconoce.mx\/?author=2"}]}},"_links":{"self":[{"href":"http:\/\/www.reconoce.mx\/index.php?rest_route=\/wp\/v2\/posts\/70888","targetHints":{"allow":["GET"]}}],"collection":[{"href":"http:\/\/www.reconoce.mx\/index.php?rest_route=\/wp\/v2\/posts"}],"about":[{"href":"http:\/\/www.reconoce.mx\/index.php?rest_route=\/wp\/v2\/types\/post"}],"author":[{"embeddable":true,"href":"http:\/\/www.reconoce.mx\/index.php?rest_route=\/wp\/v2\/users\/2"}],"replies":[{"embeddable":true,"href":"http:\/\/www.reconoce.mx\/index.php?rest_route=%2Fwp%2Fv2%2Fcomments&post=70888"}],"version-history":[{"count":4,"href":"http:\/\/www.reconoce.mx\/index.php?rest_route=\/wp\/v2\/posts\/70888\/revisions"}],"predecessor-version":[{"id":70898,"href":"http:\/\/www.reconoce.mx\/index.php?rest_route=\/wp\/v2\/posts\/70888\/revisions\/70898"}],"wp:featuredmedia":[{"embeddable":true,"href":"http:\/\/www.reconoce.mx\/index.php?rest_route=\/wp\/v2\/media\/70890"}],"wp:attachment":[{"href":"http:\/\/www.reconoce.mx\/index.php?rest_route=%2Fwp%2Fv2%2Fmedia&parent=70888"}],"wp:term":[{"taxonomy":"category","embeddable":true,"href":"http:\/\/www.reconoce.mx\/index.php?rest_route=%2Fwp%2Fv2%2Fcategories&post=70888"},{"taxonomy":"post_tag","embeddable":true,"href":"http:\/\/www.reconoce.mx\/index.php?rest_route=%2Fwp%2Fv2%2Ftags&post=70888"}],"curies":[{"name":"wp","href":"https:\/\/api.w.org\/{rel}","templated":true}]}}