{"id":72041,"date":"2018-04-13T00:02:04","date_gmt":"2018-04-13T05:02:04","guid":{"rendered":"http:\/\/www.reconoce.mx\/?p=72041"},"modified":"2018-04-12T10:59:10","modified_gmt":"2018-04-12T15:59:10","slug":"el-plaza-condesa-cartelera-del-13-al-19-de-abril","status":"publish","type":"post","link":"http:\/\/www.reconoce.mx\/?p=72041","title":{"rendered":"El Plaza Condesa: Cartelera del 13 al 19 de abril"},"content":{"rendered":"<p><strong>Por <a title=\"@AsfaltosTweets\" href=\"http:\/\/twitter.com\/AsfaltosTweets\" target=\"_blank\" rel=\"noopener noreferrer\">Asfaltos<\/a><\/strong>.<\/p>\n<p>Construido entre 1952 y 1973,<strong> El Plaza Condesa<\/strong> es hoy uno de los foros musicales m\u00e1s importantes de nuestro pa\u00eds y la capital. Ubicado en un sitio privilegiado, en la colonia Condesa rodeado de los parques Espa\u00f1a y M\u00e9xico, as\u00ed como rodeado de librer\u00edas, restaurantes y galer\u00edas de arte, la historia de <strong>El Plaza<\/strong> como foro musical inici\u00f3 el 14 de septiembre de 2011, d\u00eda en el que fue reinaugurado tras una importante remodelaci\u00f3n.<\/p>\n<p>En el mejor \u00e1nimo de que pasen un gran momento, ustedes amantes de la m\u00fasica, les compartimos de manera semanal la cartelera de <strong>El Plaza Condesa<\/strong>.<\/p>\n<h1><strong>Declan McKenna<br \/>\n<\/strong><\/h1>\n<p>\/\/ abril 17, martes, 21:00h<br \/>\n\/\/ precios: balc\u00f3n $600; palco &amp; salas $520; pista general $400<\/p>\n<style>.embed-container { position: relative; padding-bottom: 56.25%; height: 0; overflow: hidden; max-width: 100%; } .embed-container iframe, .embed-container object, .embed-container embed { position: absolute; top: 0; left: 0; width: 100%; height: 100%; }<\/style>\n<div class=\"embed-container\"><iframe loading=\"lazy\" src=\"https:\/\/www.youtube.com\/embed\/iqojQJGt-Vo\" width=\"300\" height=\"150\" frameborder=\"0\" allowfullscreen=\"allowfullscreen\"><\/iframe><\/div>\n<p>&nbsp;<\/p>\n<p>El artista ingl\u00e9s <strong>Declan McKenna<\/strong> llegar\u00e1 por primera vez a M\u00e9xico el pr\u00f3ximo 17 de abril para presentar su disco debut \u00abWhat Do You Think About The Car?\u00bb en<strong> El Plaza Condesa<\/strong>.<\/p>\n<p>Declan McKenna es un cantante, compositor y m\u00fasico ingl\u00e9s que ha captado la atenci\u00f3n del p\u00fablico no s\u00f3lo por su talento sino por lo controvertido de sus letras. Su disco debut, \u00abWhat Do You Think About The Car?\u201d aborda temas como la religi\u00f3n, la brutalidad polic\u00edaca, la xenofobia y los derechos de las personas LGBT. El disco lanzado el pasado 21 de julio de 2017 incluye 12 temas entre los que destacan los sencillos \u00abParacetamol\u00bb, \u00abIsombard\u00bb, y \u00abThe Kids Don&#8217;t Wanna Come Home\u00bb.<\/p>\n<p>Con tan s\u00f3lo 15 a\u00f1os de edad, escribi\u00f3, grab\u00f3 y lanz\u00f3 en redes sociales \u00abBrazil\u00bb, una canci\u00f3n sobre la corrupci\u00f3n en el f\u00fatbol que criticaba a la FIFA y la Copa Mundial de la FIFA 2014 celebrada en Brasil. Un a\u00f1o despu\u00e9s, gan\u00f3 el premio del concurso de talentos emergentes del<strong> Festival de Glastonbury 2015<\/strong>. El tema fue relanzado en agosto de 2015 y r\u00e1pidamente se populariz\u00f3 en distintos rincones del mundo. Alcanz\u00f3 el n\u00famero 16 en la lista de \u00abCanciones Alternativas de Billboard\u00bb de Estados Unidos, el n\u00famero 45 en Jap\u00f3n y el n\u00famero 135 en Francia.<\/p>\n<p>Los boletos para esta presentaci\u00f3n est\u00e1n disponibles en taquillas del inmueble y la red <a href=\"http:\/\/www.ticketmaster.com.mx\/declan-mckenna-el-plaza-condesa-mexico-df\/venueartist\/164618\/2189205\" target=\"_blank\" rel=\"noopener\">Ticketmaster<\/a>.<\/p>\n<p><strong>El Plaza Condesa<\/strong> se encuentra ubicado en Juan Escutia #4, Condesa, Cuauht\u00e9moc, Ciudad de M\u00e9xico.<\/p>\n<p>&nbsp;<\/p>\n<p>&nbsp;<\/p>\n","protected":false},"excerpt":{"rendered":"<p>En el mejor \u00e1nimo de que pasen un gran momento, ustedes amantes de la m\u00fasica, les compartimos de manera semanal la cartelera de El Plaza Condesa.<\/p>\n","protected":false},"author":2,"featured_media":43737,"comment_status":"open","ping_status":"open","sticky":false,"template":"","format":"standard","meta":{"footnotes":""},"categories":[1,18,17],"tags":[],"class_list":["post-72041","post","type-post","status-publish","format-standard","has-post-thumbnail","hentry","category-cultura","category-musica","category-principal"],"yoast_head":"<!-- This site is optimized with the Yoast SEO plugin v24.7 - https:\/\/yoast.com\/wordpress\/plugins\/seo\/ -->\n<title>El Plaza Condesa: Cartelera del 13 al 19 de abril &#171; Reconoce MX<\/title>\n<meta name=\"robots\" content=\"index, follow, max-snippet:-1, max-image-preview:large, max-video-preview:-1\" \/>\n<link rel=\"canonical\" href=\"http:\/\/www.reconoce.mx\/?p=72041\" \/>\n<meta property=\"og:locale\" content=\"es_ES\" \/>\n<meta property=\"og:type\" content=\"article\" \/>\n<meta property=\"og:title\" content=\"El Plaza Condesa: Cartelera del 13 al 19 de abril &#171; Reconoce MX\" \/>\n<meta property=\"og:description\" content=\"En el mejor \u00e1nimo de que pasen un gran momento, ustedes amantes de la m\u00fasica, les compartimos de manera semanal la cartelera de El Plaza Condesa.\" \/>\n<meta property=\"og:url\" content=\"http:\/\/www.reconoce.mx\/?p=72041\" \/>\n<meta property=\"og:site_name\" content=\"Reconoce MX\" \/>\n<meta property=\"article:publisher\" content=\"https:\/\/es-la.facebook.com\/ReconoceMX\/\" \/>\n<meta property=\"article:published_time\" content=\"2018-04-13T05:02:04+00:00\" \/>\n<meta property=\"og:image\" content=\"http:\/\/www.reconoce.mx\/wp-content\/uploads\/2016\/01\/elplaza-condesa.png\" \/>\n\t<meta property=\"og:image:width\" content=\"570\" \/>\n\t<meta property=\"og:image:height\" content=\"360\" \/>\n\t<meta property=\"og:image:type\" content=\"image\/png\" \/>\n<meta name=\"author\" content=\"Reconoce MX\" \/>\n<meta name=\"twitter:card\" content=\"summary_large_image\" \/>\n<meta name=\"twitter:creator\" content=\"@reconocemx\" \/>\n<meta name=\"twitter:site\" content=\"@reconocemx\" \/>\n<meta name=\"twitter:label1\" content=\"Escrito por\" \/>\n\t<meta name=\"twitter:data1\" content=\"Reconoce MX\" \/>\n\t<meta name=\"twitter:label2\" content=\"Tiempo de lectura\" \/>\n\t<meta name=\"twitter:data2\" content=\"2 minutos\" \/>\n<script type=\"application\/ld+json\" class=\"yoast-schema-graph\">{\"@context\":\"https:\/\/schema.org\",\"@graph\":[{\"@type\":\"Article\",\"@id\":\"http:\/\/www.reconoce.mx\/?p=72041#article\",\"isPartOf\":{\"@id\":\"http:\/\/www.reconoce.mx\/?p=72041\"},\"author\":{\"name\":\"Reconoce MX\",\"@id\":\"http:\/\/www.reconoce.mx\/#\/schema\/person\/2117e997d7051dc15d6880eaf9bca0b2\"},\"headline\":\"El Plaza Condesa: Cartelera del 13 al 19 de abril\",\"datePublished\":\"2018-04-13T05:02:04+00:00\",\"mainEntityOfPage\":{\"@id\":\"http:\/\/www.reconoce.mx\/?p=72041\"},\"wordCount\":388,\"commentCount\":0,\"publisher\":{\"@id\":\"http:\/\/www.reconoce.mx\/#organization\"},\"image\":{\"@id\":\"http:\/\/www.reconoce.mx\/?p=72041#primaryimage\"},\"thumbnailUrl\":\"http:\/\/www.reconoce.mx\/wp-content\/uploads\/2016\/01\/elplaza-condesa.png\",\"articleSection\":[\"Cultura\",\"M\u00fasica\",\"Principal\"],\"inLanguage\":\"es\",\"potentialAction\":[{\"@type\":\"CommentAction\",\"name\":\"Comment\",\"target\":[\"http:\/\/www.reconoce.mx\/?p=72041#respond\"]}]},{\"@type\":\"WebPage\",\"@id\":\"http:\/\/www.reconoce.mx\/?p=72041\",\"url\":\"http:\/\/www.reconoce.mx\/?p=72041\",\"name\":\"El Plaza Condesa: Cartelera del 13 al 19 de abril &#171; Reconoce MX\",\"isPartOf\":{\"@id\":\"http:\/\/www.reconoce.mx\/#website\"},\"primaryImageOfPage\":{\"@id\":\"http:\/\/www.reconoce.mx\/?p=72041#primaryimage\"},\"image\":{\"@id\":\"http:\/\/www.reconoce.mx\/?p=72041#primaryimage\"},\"thumbnailUrl\":\"http:\/\/www.reconoce.mx\/wp-content\/uploads\/2016\/01\/elplaza-condesa.png\",\"datePublished\":\"2018-04-13T05:02:04+00:00\",\"breadcrumb\":{\"@id\":\"http:\/\/www.reconoce.mx\/?p=72041#breadcrumb\"},\"inLanguage\":\"es\",\"potentialAction\":[{\"@type\":\"ReadAction\",\"target\":[\"http:\/\/www.reconoce.mx\/?p=72041\"]}]},{\"@type\":\"ImageObject\",\"inLanguage\":\"es\",\"@id\":\"http:\/\/www.reconoce.mx\/?p=72041#primaryimage\",\"url\":\"http:\/\/www.reconoce.mx\/wp-content\/uploads\/2016\/01\/elplaza-condesa.png\",\"contentUrl\":\"http:\/\/www.reconoce.mx\/wp-content\/uploads\/2016\/01\/elplaza-condesa.png\",\"width\":570,\"height\":360},{\"@type\":\"BreadcrumbList\",\"@id\":\"http:\/\/www.reconoce.mx\/?p=72041#breadcrumb\",\"itemListElement\":[{\"@type\":\"ListItem\",\"position\":1,\"name\":\"Portada\",\"item\":\"http:\/\/www.reconoce.mx\/\"},{\"@type\":\"ListItem\",\"position\":2,\"name\":\"El Plaza Condesa: Cartelera del 13 al 19 de abril\"}]},{\"@type\":\"WebSite\",\"@id\":\"http:\/\/www.reconoce.mx\/#website\",\"url\":\"http:\/\/www.reconoce.mx\/\",\"name\":\"Reconoce MX\",\"description\":\"En Reconoce MX difundimos arte, cultura y conciencia social en M\u00e9xico. Tu ciudad en otra perspectiva.\",\"publisher\":{\"@id\":\"http:\/\/www.reconoce.mx\/#organization\"},\"potentialAction\":[{\"@type\":\"SearchAction\",\"target\":{\"@type\":\"EntryPoint\",\"urlTemplate\":\"http:\/\/www.reconoce.mx\/?s={search_term_string}\"},\"query-input\":{\"@type\":\"PropertyValueSpecification\",\"valueRequired\":true,\"valueName\":\"search_term_string\"}}],\"inLanguage\":\"es\"},{\"@type\":\"Organization\",\"@id\":\"http:\/\/www.reconoce.mx\/#organization\",\"name\":\"Reconoce MX\",\"url\":\"http:\/\/www.reconoce.mx\/\",\"logo\":{\"@type\":\"ImageObject\",\"inLanguage\":\"es\",\"@id\":\"http:\/\/www.reconoce.mx\/#\/schema\/logo\/image\/\",\"url\":\"https:\/\/www.reconoce.mx\/wp-content\/uploads\/2019\/03\/logorcmx-good-1.png\",\"contentUrl\":\"https:\/\/www.reconoce.mx\/wp-content\/uploads\/2019\/03\/logorcmx-good-1.png\",\"width\":280,\"height\":90,\"caption\":\"Reconoce MX\"},\"image\":{\"@id\":\"http:\/\/www.reconoce.mx\/#\/schema\/logo\/image\/\"},\"sameAs\":[\"https:\/\/es-la.facebook.com\/ReconoceMX\/\",\"https:\/\/x.com\/reconocemx\",\"http:\/\/@reconocemx\"]},{\"@type\":\"Person\",\"@id\":\"http:\/\/www.reconoce.mx\/#\/schema\/person\/2117e997d7051dc15d6880eaf9bca0b2\",\"name\":\"Reconoce MX\",\"image\":{\"@type\":\"ImageObject\",\"inLanguage\":\"es\",\"@id\":\"http:\/\/www.reconoce.mx\/#\/schema\/person\/image\/\",\"url\":\"https:\/\/secure.gravatar.com\/avatar\/6c8d4dc7569ca1c90c5fdcc349f839d5ddef6fe1e70b4337ead2ef1a4c43fc3a?s=96&d=identicon&r=g\",\"contentUrl\":\"https:\/\/secure.gravatar.com\/avatar\/6c8d4dc7569ca1c90c5fdcc349f839d5ddef6fe1e70b4337ead2ef1a4c43fc3a?s=96&d=identicon&r=g\",\"caption\":\"Reconoce MX\"},\"description\":\"Reconoce MX es un proyecto de difusi\u00f3n art\u00edstica, cultural y de conciencia social que est\u00e1 enfocado a difundir y fomentar el entretenimiento alternativo de calidad para todo el p\u00fablico que comparta el mismo entusiasmo.\",\"sameAs\":[\"http:\/\/www.reconoce.mx\"],\"url\":\"http:\/\/www.reconoce.mx\/?author=2\"}]}<\/script>\n<!-- \/ Yoast SEO plugin. -->","yoast_head_json":{"title":"El Plaza Condesa: Cartelera del 13 al 19 de abril &#171; Reconoce MX","robots":{"index":"index","follow":"follow","max-snippet":"max-snippet:-1","max-image-preview":"max-image-preview:large","max-video-preview":"max-video-preview:-1"},"canonical":"http:\/\/www.reconoce.mx\/?p=72041","og_locale":"es_ES","og_type":"article","og_title":"El Plaza Condesa: Cartelera del 13 al 19 de abril &#171; Reconoce MX","og_description":"En el mejor \u00e1nimo de que pasen un gran momento, ustedes amantes de la m\u00fasica, les compartimos de manera semanal la cartelera de El Plaza Condesa.","og_url":"http:\/\/www.reconoce.mx\/?p=72041","og_site_name":"Reconoce MX","article_publisher":"https:\/\/es-la.facebook.com\/ReconoceMX\/","article_published_time":"2018-04-13T05:02:04+00:00","og_image":[{"width":570,"height":360,"url":"http:\/\/www.reconoce.mx\/wp-content\/uploads\/2016\/01\/elplaza-condesa.png","type":"image\/png"}],"author":"Reconoce MX","twitter_card":"summary_large_image","twitter_creator":"@reconocemx","twitter_site":"@reconocemx","twitter_misc":{"Escrito por":"Reconoce MX","Tiempo de lectura":"2 minutos"},"schema":{"@context":"https:\/\/schema.org","@graph":[{"@type":"Article","@id":"http:\/\/www.reconoce.mx\/?p=72041#article","isPartOf":{"@id":"http:\/\/www.reconoce.mx\/?p=72041"},"author":{"name":"Reconoce MX","@id":"http:\/\/www.reconoce.mx\/#\/schema\/person\/2117e997d7051dc15d6880eaf9bca0b2"},"headline":"El Plaza Condesa: Cartelera del 13 al 19 de abril","datePublished":"2018-04-13T05:02:04+00:00","mainEntityOfPage":{"@id":"http:\/\/www.reconoce.mx\/?p=72041"},"wordCount":388,"commentCount":0,"publisher":{"@id":"http:\/\/www.reconoce.mx\/#organization"},"image":{"@id":"http:\/\/www.reconoce.mx\/?p=72041#primaryimage"},"thumbnailUrl":"http:\/\/www.reconoce.mx\/wp-content\/uploads\/2016\/01\/elplaza-condesa.png","articleSection":["Cultura","M\u00fasica","Principal"],"inLanguage":"es","potentialAction":[{"@type":"CommentAction","name":"Comment","target":["http:\/\/www.reconoce.mx\/?p=72041#respond"]}]},{"@type":"WebPage","@id":"http:\/\/www.reconoce.mx\/?p=72041","url":"http:\/\/www.reconoce.mx\/?p=72041","name":"El Plaza Condesa: Cartelera del 13 al 19 de abril &#171; Reconoce MX","isPartOf":{"@id":"http:\/\/www.reconoce.mx\/#website"},"primaryImageOfPage":{"@id":"http:\/\/www.reconoce.mx\/?p=72041#primaryimage"},"image":{"@id":"http:\/\/www.reconoce.mx\/?p=72041#primaryimage"},"thumbnailUrl":"http:\/\/www.reconoce.mx\/wp-content\/uploads\/2016\/01\/elplaza-condesa.png","datePublished":"2018-04-13T05:02:04+00:00","breadcrumb":{"@id":"http:\/\/www.reconoce.mx\/?p=72041#breadcrumb"},"inLanguage":"es","potentialAction":[{"@type":"ReadAction","target":["http:\/\/www.reconoce.mx\/?p=72041"]}]},{"@type":"ImageObject","inLanguage":"es","@id":"http:\/\/www.reconoce.mx\/?p=72041#primaryimage","url":"http:\/\/www.reconoce.mx\/wp-content\/uploads\/2016\/01\/elplaza-condesa.png","contentUrl":"http:\/\/www.reconoce.mx\/wp-content\/uploads\/2016\/01\/elplaza-condesa.png","width":570,"height":360},{"@type":"BreadcrumbList","@id":"http:\/\/www.reconoce.mx\/?p=72041#breadcrumb","itemListElement":[{"@type":"ListItem","position":1,"name":"Portada","item":"http:\/\/www.reconoce.mx\/"},{"@type":"ListItem","position":2,"name":"El Plaza Condesa: Cartelera del 13 al 19 de abril"}]},{"@type":"WebSite","@id":"http:\/\/www.reconoce.mx\/#website","url":"http:\/\/www.reconoce.mx\/","name":"Reconoce MX","description":"En Reconoce MX difundimos arte, cultura y conciencia social en M\u00e9xico. Tu ciudad en otra perspectiva.","publisher":{"@id":"http:\/\/www.reconoce.mx\/#organization"},"potentialAction":[{"@type":"SearchAction","target":{"@type":"EntryPoint","urlTemplate":"http:\/\/www.reconoce.mx\/?s={search_term_string}"},"query-input":{"@type":"PropertyValueSpecification","valueRequired":true,"valueName":"search_term_string"}}],"inLanguage":"es"},{"@type":"Organization","@id":"http:\/\/www.reconoce.mx\/#organization","name":"Reconoce MX","url":"http:\/\/www.reconoce.mx\/","logo":{"@type":"ImageObject","inLanguage":"es","@id":"http:\/\/www.reconoce.mx\/#\/schema\/logo\/image\/","url":"https:\/\/www.reconoce.mx\/wp-content\/uploads\/2019\/03\/logorcmx-good-1.png","contentUrl":"https:\/\/www.reconoce.mx\/wp-content\/uploads\/2019\/03\/logorcmx-good-1.png","width":280,"height":90,"caption":"Reconoce MX"},"image":{"@id":"http:\/\/www.reconoce.mx\/#\/schema\/logo\/image\/"},"sameAs":["https:\/\/es-la.facebook.com\/ReconoceMX\/","https:\/\/x.com\/reconocemx","http:\/\/@reconocemx"]},{"@type":"Person","@id":"http:\/\/www.reconoce.mx\/#\/schema\/person\/2117e997d7051dc15d6880eaf9bca0b2","name":"Reconoce MX","image":{"@type":"ImageObject","inLanguage":"es","@id":"http:\/\/www.reconoce.mx\/#\/schema\/person\/image\/","url":"https:\/\/secure.gravatar.com\/avatar\/6c8d4dc7569ca1c90c5fdcc349f839d5ddef6fe1e70b4337ead2ef1a4c43fc3a?s=96&d=identicon&r=g","contentUrl":"https:\/\/secure.gravatar.com\/avatar\/6c8d4dc7569ca1c90c5fdcc349f839d5ddef6fe1e70b4337ead2ef1a4c43fc3a?s=96&d=identicon&r=g","caption":"Reconoce MX"},"description":"Reconoce MX es un proyecto de difusi\u00f3n art\u00edstica, cultural y de conciencia social que est\u00e1 enfocado a difundir y fomentar el entretenimiento alternativo de calidad para todo el p\u00fablico que comparta el mismo entusiasmo.","sameAs":["http:\/\/www.reconoce.mx"],"url":"http:\/\/www.reconoce.mx\/?author=2"}]}},"_links":{"self":[{"href":"http:\/\/www.reconoce.mx\/index.php?rest_route=\/wp\/v2\/posts\/72041","targetHints":{"allow":["GET"]}}],"collection":[{"href":"http:\/\/www.reconoce.mx\/index.php?rest_route=\/wp\/v2\/posts"}],"about":[{"href":"http:\/\/www.reconoce.mx\/index.php?rest_route=\/wp\/v2\/types\/post"}],"author":[{"embeddable":true,"href":"http:\/\/www.reconoce.mx\/index.php?rest_route=\/wp\/v2\/users\/2"}],"replies":[{"embeddable":true,"href":"http:\/\/www.reconoce.mx\/index.php?rest_route=%2Fwp%2Fv2%2Fcomments&post=72041"}],"version-history":[{"count":2,"href":"http:\/\/www.reconoce.mx\/index.php?rest_route=\/wp\/v2\/posts\/72041\/revisions"}],"predecessor-version":[{"id":72043,"href":"http:\/\/www.reconoce.mx\/index.php?rest_route=\/wp\/v2\/posts\/72041\/revisions\/72043"}],"wp:featuredmedia":[{"embeddable":true,"href":"http:\/\/www.reconoce.mx\/index.php?rest_route=\/wp\/v2\/media\/43737"}],"wp:attachment":[{"href":"http:\/\/www.reconoce.mx\/index.php?rest_route=%2Fwp%2Fv2%2Fmedia&parent=72041"}],"wp:term":[{"taxonomy":"category","embeddable":true,"href":"http:\/\/www.reconoce.mx\/index.php?rest_route=%2Fwp%2Fv2%2Fcategories&post=72041"},{"taxonomy":"post_tag","embeddable":true,"href":"http:\/\/www.reconoce.mx\/index.php?rest_route=%2Fwp%2Fv2%2Ftags&post=72041"}],"curies":[{"name":"wp","href":"https:\/\/api.w.org\/{rel}","templated":true}]}}