{"id":72047,"date":"2018-04-13T00:03:28","date_gmt":"2018-04-13T05:03:28","guid":{"rendered":"http:\/\/www.reconoce.mx\/?p=72047"},"modified":"2018-04-12T10:58:29","modified_gmt":"2018-04-12T15:58:29","slug":"preparate-para-el-record-store-day-2018","status":"publish","type":"post","link":"http:\/\/www.reconoce.mx\/?p=72047","title":{"rendered":"\u00a1Prep\u00e1rate para el Record Store Day 2018!"},"content":{"rendered":"<p><strong> Por <a title=\"@AsfaltosTweets\" href=\"http:\/\/twitter.com\/AsfaltosTweets\" target=\"_blank\" rel=\"noopener noreferrer\" data-slimstat-type=\"0\" data-slimstat-callback=\"false\" data-slimstat-tracking=\"true\">Asfaltos<\/a><\/strong>.<\/p>\n<p>Llega abril, y con \u00e9l, un nuevo <strong>Record Store Day<\/strong>. En tiempos donde el consumo digital de la m\u00fasica se ha colocado como el principal, para quienes gustamos del f\u00edsico de la m\u00fasica aun hay celebraciones dignas como la que se leva a cabo desde hace m\u00e1s de 10 a\u00f1os. El <strong>Record Store Day<\/strong> se celebrar\u00e1 en M\u00e9xico, en su edici\u00f3n 11, el pr\u00f3ximo 21 de abril.<\/p>\n<p><a href=\"http:\/\/www.reconoce.mx\/wp-content\/uploads\/2018\/04\/unnamed16.jpg\"><img loading=\"lazy\" decoding=\"async\" class=\"aligncenter size-full wp-image-72050\" src=\"http:\/\/www.reconoce.mx\/wp-content\/uploads\/2018\/04\/unnamed16.jpg\" alt=\"\" width=\"2333\" height=\"570\" srcset=\"http:\/\/www.reconoce.mx\/wp-content\/uploads\/2018\/04\/unnamed16.jpg 2333w, http:\/\/www.reconoce.mx\/wp-content\/uploads\/2018\/04\/unnamed16-300x73.jpg 300w, http:\/\/www.reconoce.mx\/wp-content\/uploads\/2018\/04\/unnamed16-768x188.jpg 768w, http:\/\/www.reconoce.mx\/wp-content\/uploads\/2018\/04\/unnamed16-1024x250.jpg 1024w, http:\/\/www.reconoce.mx\/wp-content\/uploads\/2018\/04\/unnamed16-150x37.jpg 150w, http:\/\/www.reconoce.mx\/wp-content\/uploads\/2018\/04\/unnamed16-700x171.jpg 700w, http:\/\/www.reconoce.mx\/wp-content\/uploads\/2018\/04\/unnamed16-658x161.jpg 658w\" sizes=\"auto, (max-width: 2333px) 100vw, 2333px\" \/><\/a><\/p>\n<p>Discos lanzados de manera exlusiva en el marco de este evento, son parte de una celebraci\u00f3n que naci\u00f3 en Estados Unidos, pero que actualmente se celebra tambi\u00e9n en pa\u00edses como Reino Unido, Irlanda, Francia, Alemania, Jap\u00f3n, Espa\u00f1a, Australia y por supuesto M\u00e9xico. La fiesta, adem\u00e1s de ser el marco del lanzamiento de mucha m\u00fasica nueva, es tambi\u00e9n punto de encuentro de mel\u00f3manos.<\/p>\n<p>Para el Record Store Day 2018, cuyos embajadires son <strong>Run The Jewels<\/strong>, es posible ya encontrar los lanzamientos por parte de artistas y disqueras, tanto a nivel nacional como internacional, <a href=\"https:\/\/malfi.us7.list-manage.com\/track\/click?u=bafd00ca6cf6c49d4315b4853&amp;id=a0fe123006&amp;e=eab1e50866\" target=\"_blank\" rel=\"noopener\">en este link<\/a>.<\/p>\n<style>.embed-container { position: relative; padding-bottom: 56.25%; height: 0; overflow: hidden; max-width: 100%; } .embed-container iframe, .embed-container object, .embed-container embed { position: absolute; top: 0; left: 0; width: 100%; height: 100%; }<\/style>\n<div class='embed-container'><iframe src='https:\/\/www.youtube.com\/embed\/-IyvCpet8Cs' frameborder='0' allowfullscreen><\/iframe><\/div>\n<p>&nbsp;<\/p>\n<p>En M\u00e9xico, celebr\u00e1ndose por sexto a\u00f1o consecutivo, el <strong>Record Store Day<\/strong> estar\u00e1 en cerca de 40 tiendas afiliadas en toda la rep\u00fablica. En Ciudad de M\u00e9xico las stiendas participantes son las siguientes:<\/p>\n<ul>\n<li>Alphaville Records<\/li>\n<li>Carcoma Records<\/li>\n<li>Chez Nobody Record Store<\/li>\n<li>Discofrenia<\/li>\n<li>Discos Mono<\/li>\n<li>Discodromo<\/li>\n<li>El Club R&amp;\/R<\/li>\n<li>Dedos Sucios<\/li>\n<li>Expendio Records<\/li>\n<li>Independent Records<\/li>\n<li>La Roma Records<\/li>\n<li>Mec\u00e1nica<\/li>\n<li>M\u00fasica en Vinil<\/li>\n<li>Recickla<\/li>\n<li>Revancha Records<\/li>\n<li>Retroactivo Records<\/li>\n<li>Revolution Records<\/li>\n<li>The Music Box<\/li>\n<li>La Tienda de Discos de Vinil<\/li>\n<\/ul>\n<p>Para m\u00e1s informaci\u00f3n del <strong>Record Store Day M\u00e9xico<\/strong>, consulta sus redes sociales (<a href=\"https:\/\/www.facebook.com\/RecordStoreDayMX\/\" target=\"_blank\" rel=\"noopener\">Facebook<\/a>, <a href=\"https:\/\/twitter.com\/RSD_MEX\/\" target=\"_blank\" rel=\"noopener\">Twitter<\/a> e <a href=\"https:\/\/www.instagram.com\/recordstoredaymx\/\" target=\"_blank\" rel=\"noopener\">Instagram<\/a>), as\u00ed como su <a href=\"https:\/\/www.recordstoreday.com.mx\/\" target=\"_blank\" rel=\"noopener\">sitio web oficial<\/a>. \u00a121 de abril de 2018 todos atentos!<\/p>\n<p style=\"text-align: right;\">Con informaci\u00f3n e im\u00e1genes cortes\u00eda de <strong>Malfi Co<\/strong>.<\/p>\n<p>&nbsp;<\/p>\n<p>&nbsp;<\/p>\n","protected":false},"excerpt":{"rendered":"<p>Llega abril, y con \u00e9l, un nuevo Record Store Day. En tiempos donde el consumo digital de la m\u00fasica se ha colocado como el principal, para quienes gustamos del f\u00edsico de la m\u00fasica aun hay celebraciones dignas como la que se leva a cabo desde hace m\u00e1s de 10 a\u00f1os.<\/p>\n","protected":false},"author":2,"featured_media":72049,"comment_status":"open","ping_status":"open","sticky":false,"template":"","format":"standard","meta":{"footnotes":""},"categories":[1,18,17],"tags":[],"class_list":["post-72047","post","type-post","status-publish","format-standard","has-post-thumbnail","hentry","category-cultura","category-musica","category-principal"],"yoast_head":"<!-- This site is optimized with the Yoast SEO plugin v24.7 - https:\/\/yoast.com\/wordpress\/plugins\/seo\/ -->\n<title>\u00a1Prep\u00e1rate para el Record Store Day 2018! &#171; Reconoce MX<\/title>\n<meta name=\"robots\" content=\"index, follow, max-snippet:-1, max-image-preview:large, max-video-preview:-1\" \/>\n<link rel=\"canonical\" href=\"http:\/\/www.reconoce.mx\/?p=72047\" \/>\n<meta property=\"og:locale\" content=\"es_ES\" \/>\n<meta property=\"og:type\" content=\"article\" \/>\n<meta property=\"og:title\" content=\"\u00a1Prep\u00e1rate para el Record Store Day 2018! &#171; Reconoce MX\" \/>\n<meta property=\"og:description\" content=\"Llega abril, y con \u00e9l, un nuevo Record Store Day. En tiempos donde el consumo digital de la m\u00fasica se ha colocado como el principal, para quienes gustamos del f\u00edsico de la m\u00fasica aun hay celebraciones dignas como la que se leva a cabo desde hace m\u00e1s de 10 a\u00f1os.\" \/>\n<meta property=\"og:url\" content=\"http:\/\/www.reconoce.mx\/?p=72047\" \/>\n<meta property=\"og:site_name\" content=\"Reconoce MX\" \/>\n<meta property=\"article:publisher\" content=\"https:\/\/es-la.facebook.com\/ReconoceMX\/\" \/>\n<meta property=\"article:published_time\" content=\"2018-04-13T05:03:28+00:00\" \/>\n<meta property=\"og:image\" content=\"http:\/\/www.reconoce.mx\/wp-content\/uploads\/2018\/04\/record-store-day-2018.jpg\" \/>\n\t<meta property=\"og:image:width\" content=\"590\" \/>\n\t<meta property=\"og:image:height\" content=\"380\" \/>\n\t<meta property=\"og:image:type\" content=\"image\/jpeg\" \/>\n<meta name=\"author\" content=\"Reconoce MX\" \/>\n<meta name=\"twitter:card\" content=\"summary_large_image\" \/>\n<meta name=\"twitter:creator\" content=\"@reconocemx\" \/>\n<meta name=\"twitter:site\" content=\"@reconocemx\" \/>\n<meta name=\"twitter:label1\" content=\"Escrito por\" \/>\n\t<meta name=\"twitter:data1\" content=\"Reconoce MX\" \/>\n\t<meta name=\"twitter:label2\" content=\"Tiempo de lectura\" \/>\n\t<meta name=\"twitter:data2\" content=\"2 minutos\" \/>\n<script type=\"application\/ld+json\" class=\"yoast-schema-graph\">{\"@context\":\"https:\/\/schema.org\",\"@graph\":[{\"@type\":\"Article\",\"@id\":\"http:\/\/www.reconoce.mx\/?p=72047#article\",\"isPartOf\":{\"@id\":\"http:\/\/www.reconoce.mx\/?p=72047\"},\"author\":{\"name\":\"Reconoce MX\",\"@id\":\"http:\/\/www.reconoce.mx\/#\/schema\/person\/2117e997d7051dc15d6880eaf9bca0b2\"},\"headline\":\"\u00a1Prep\u00e1rate para el Record Store Day 2018!\",\"datePublished\":\"2018-04-13T05:03:28+00:00\",\"mainEntityOfPage\":{\"@id\":\"http:\/\/www.reconoce.mx\/?p=72047\"},\"wordCount\":313,\"commentCount\":0,\"publisher\":{\"@id\":\"http:\/\/www.reconoce.mx\/#organization\"},\"image\":{\"@id\":\"http:\/\/www.reconoce.mx\/?p=72047#primaryimage\"},\"thumbnailUrl\":\"http:\/\/www.reconoce.mx\/wp-content\/uploads\/2018\/04\/record-store-day-2018.jpg\",\"articleSection\":[\"Cultura\",\"M\u00fasica\",\"Principal\"],\"inLanguage\":\"es\",\"potentialAction\":[{\"@type\":\"CommentAction\",\"name\":\"Comment\",\"target\":[\"http:\/\/www.reconoce.mx\/?p=72047#respond\"]}]},{\"@type\":\"WebPage\",\"@id\":\"http:\/\/www.reconoce.mx\/?p=72047\",\"url\":\"http:\/\/www.reconoce.mx\/?p=72047\",\"name\":\"\u00a1Prep\u00e1rate para el Record Store Day 2018! &#171; Reconoce MX\",\"isPartOf\":{\"@id\":\"http:\/\/www.reconoce.mx\/#website\"},\"primaryImageOfPage\":{\"@id\":\"http:\/\/www.reconoce.mx\/?p=72047#primaryimage\"},\"image\":{\"@id\":\"http:\/\/www.reconoce.mx\/?p=72047#primaryimage\"},\"thumbnailUrl\":\"http:\/\/www.reconoce.mx\/wp-content\/uploads\/2018\/04\/record-store-day-2018.jpg\",\"datePublished\":\"2018-04-13T05:03:28+00:00\",\"breadcrumb\":{\"@id\":\"http:\/\/www.reconoce.mx\/?p=72047#breadcrumb\"},\"inLanguage\":\"es\",\"potentialAction\":[{\"@type\":\"ReadAction\",\"target\":[\"http:\/\/www.reconoce.mx\/?p=72047\"]}]},{\"@type\":\"ImageObject\",\"inLanguage\":\"es\",\"@id\":\"http:\/\/www.reconoce.mx\/?p=72047#primaryimage\",\"url\":\"http:\/\/www.reconoce.mx\/wp-content\/uploads\/2018\/04\/record-store-day-2018.jpg\",\"contentUrl\":\"http:\/\/www.reconoce.mx\/wp-content\/uploads\/2018\/04\/record-store-day-2018.jpg\",\"width\":590,\"height\":380},{\"@type\":\"BreadcrumbList\",\"@id\":\"http:\/\/www.reconoce.mx\/?p=72047#breadcrumb\",\"itemListElement\":[{\"@type\":\"ListItem\",\"position\":1,\"name\":\"Portada\",\"item\":\"http:\/\/www.reconoce.mx\/\"},{\"@type\":\"ListItem\",\"position\":2,\"name\":\"\u00a1Prep\u00e1rate para el Record Store Day 2018!\"}]},{\"@type\":\"WebSite\",\"@id\":\"http:\/\/www.reconoce.mx\/#website\",\"url\":\"http:\/\/www.reconoce.mx\/\",\"name\":\"Reconoce MX\",\"description\":\"En Reconoce MX difundimos arte, cultura y conciencia social en M\u00e9xico. Tu ciudad en otra perspectiva.\",\"publisher\":{\"@id\":\"http:\/\/www.reconoce.mx\/#organization\"},\"potentialAction\":[{\"@type\":\"SearchAction\",\"target\":{\"@type\":\"EntryPoint\",\"urlTemplate\":\"http:\/\/www.reconoce.mx\/?s={search_term_string}\"},\"query-input\":{\"@type\":\"PropertyValueSpecification\",\"valueRequired\":true,\"valueName\":\"search_term_string\"}}],\"inLanguage\":\"es\"},{\"@type\":\"Organization\",\"@id\":\"http:\/\/www.reconoce.mx\/#organization\",\"name\":\"Reconoce MX\",\"url\":\"http:\/\/www.reconoce.mx\/\",\"logo\":{\"@type\":\"ImageObject\",\"inLanguage\":\"es\",\"@id\":\"http:\/\/www.reconoce.mx\/#\/schema\/logo\/image\/\",\"url\":\"https:\/\/www.reconoce.mx\/wp-content\/uploads\/2019\/03\/logorcmx-good-1.png\",\"contentUrl\":\"https:\/\/www.reconoce.mx\/wp-content\/uploads\/2019\/03\/logorcmx-good-1.png\",\"width\":280,\"height\":90,\"caption\":\"Reconoce MX\"},\"image\":{\"@id\":\"http:\/\/www.reconoce.mx\/#\/schema\/logo\/image\/\"},\"sameAs\":[\"https:\/\/es-la.facebook.com\/ReconoceMX\/\",\"https:\/\/x.com\/reconocemx\",\"http:\/\/@reconocemx\"]},{\"@type\":\"Person\",\"@id\":\"http:\/\/www.reconoce.mx\/#\/schema\/person\/2117e997d7051dc15d6880eaf9bca0b2\",\"name\":\"Reconoce MX\",\"image\":{\"@type\":\"ImageObject\",\"inLanguage\":\"es\",\"@id\":\"http:\/\/www.reconoce.mx\/#\/schema\/person\/image\/\",\"url\":\"https:\/\/secure.gravatar.com\/avatar\/6c8d4dc7569ca1c90c5fdcc349f839d5ddef6fe1e70b4337ead2ef1a4c43fc3a?s=96&d=identicon&r=g\",\"contentUrl\":\"https:\/\/secure.gravatar.com\/avatar\/6c8d4dc7569ca1c90c5fdcc349f839d5ddef6fe1e70b4337ead2ef1a4c43fc3a?s=96&d=identicon&r=g\",\"caption\":\"Reconoce MX\"},\"description\":\"Reconoce MX es un proyecto de difusi\u00f3n art\u00edstica, cultural y de conciencia social que est\u00e1 enfocado a difundir y fomentar el entretenimiento alternativo de calidad para todo el p\u00fablico que comparta el mismo entusiasmo.\",\"sameAs\":[\"http:\/\/www.reconoce.mx\"],\"url\":\"http:\/\/www.reconoce.mx\/?author=2\"}]}<\/script>\n<!-- \/ Yoast SEO plugin. -->","yoast_head_json":{"title":"\u00a1Prep\u00e1rate para el Record Store Day 2018! &#171; Reconoce MX","robots":{"index":"index","follow":"follow","max-snippet":"max-snippet:-1","max-image-preview":"max-image-preview:large","max-video-preview":"max-video-preview:-1"},"canonical":"http:\/\/www.reconoce.mx\/?p=72047","og_locale":"es_ES","og_type":"article","og_title":"\u00a1Prep\u00e1rate para el Record Store Day 2018! &#171; Reconoce MX","og_description":"Llega abril, y con \u00e9l, un nuevo Record Store Day. En tiempos donde el consumo digital de la m\u00fasica se ha colocado como el principal, para quienes gustamos del f\u00edsico de la m\u00fasica aun hay celebraciones dignas como la que se leva a cabo desde hace m\u00e1s de 10 a\u00f1os.","og_url":"http:\/\/www.reconoce.mx\/?p=72047","og_site_name":"Reconoce MX","article_publisher":"https:\/\/es-la.facebook.com\/ReconoceMX\/","article_published_time":"2018-04-13T05:03:28+00:00","og_image":[{"width":590,"height":380,"url":"http:\/\/www.reconoce.mx\/wp-content\/uploads\/2018\/04\/record-store-day-2018.jpg","type":"image\/jpeg"}],"author":"Reconoce MX","twitter_card":"summary_large_image","twitter_creator":"@reconocemx","twitter_site":"@reconocemx","twitter_misc":{"Escrito por":"Reconoce MX","Tiempo de lectura":"2 minutos"},"schema":{"@context":"https:\/\/schema.org","@graph":[{"@type":"Article","@id":"http:\/\/www.reconoce.mx\/?p=72047#article","isPartOf":{"@id":"http:\/\/www.reconoce.mx\/?p=72047"},"author":{"name":"Reconoce MX","@id":"http:\/\/www.reconoce.mx\/#\/schema\/person\/2117e997d7051dc15d6880eaf9bca0b2"},"headline":"\u00a1Prep\u00e1rate para el Record Store Day 2018!","datePublished":"2018-04-13T05:03:28+00:00","mainEntityOfPage":{"@id":"http:\/\/www.reconoce.mx\/?p=72047"},"wordCount":313,"commentCount":0,"publisher":{"@id":"http:\/\/www.reconoce.mx\/#organization"},"image":{"@id":"http:\/\/www.reconoce.mx\/?p=72047#primaryimage"},"thumbnailUrl":"http:\/\/www.reconoce.mx\/wp-content\/uploads\/2018\/04\/record-store-day-2018.jpg","articleSection":["Cultura","M\u00fasica","Principal"],"inLanguage":"es","potentialAction":[{"@type":"CommentAction","name":"Comment","target":["http:\/\/www.reconoce.mx\/?p=72047#respond"]}]},{"@type":"WebPage","@id":"http:\/\/www.reconoce.mx\/?p=72047","url":"http:\/\/www.reconoce.mx\/?p=72047","name":"\u00a1Prep\u00e1rate para el Record Store Day 2018! &#171; Reconoce MX","isPartOf":{"@id":"http:\/\/www.reconoce.mx\/#website"},"primaryImageOfPage":{"@id":"http:\/\/www.reconoce.mx\/?p=72047#primaryimage"},"image":{"@id":"http:\/\/www.reconoce.mx\/?p=72047#primaryimage"},"thumbnailUrl":"http:\/\/www.reconoce.mx\/wp-content\/uploads\/2018\/04\/record-store-day-2018.jpg","datePublished":"2018-04-13T05:03:28+00:00","breadcrumb":{"@id":"http:\/\/www.reconoce.mx\/?p=72047#breadcrumb"},"inLanguage":"es","potentialAction":[{"@type":"ReadAction","target":["http:\/\/www.reconoce.mx\/?p=72047"]}]},{"@type":"ImageObject","inLanguage":"es","@id":"http:\/\/www.reconoce.mx\/?p=72047#primaryimage","url":"http:\/\/www.reconoce.mx\/wp-content\/uploads\/2018\/04\/record-store-day-2018.jpg","contentUrl":"http:\/\/www.reconoce.mx\/wp-content\/uploads\/2018\/04\/record-store-day-2018.jpg","width":590,"height":380},{"@type":"BreadcrumbList","@id":"http:\/\/www.reconoce.mx\/?p=72047#breadcrumb","itemListElement":[{"@type":"ListItem","position":1,"name":"Portada","item":"http:\/\/www.reconoce.mx\/"},{"@type":"ListItem","position":2,"name":"\u00a1Prep\u00e1rate para el Record Store Day 2018!"}]},{"@type":"WebSite","@id":"http:\/\/www.reconoce.mx\/#website","url":"http:\/\/www.reconoce.mx\/","name":"Reconoce MX","description":"En Reconoce MX difundimos arte, cultura y conciencia social en M\u00e9xico. Tu ciudad en otra perspectiva.","publisher":{"@id":"http:\/\/www.reconoce.mx\/#organization"},"potentialAction":[{"@type":"SearchAction","target":{"@type":"EntryPoint","urlTemplate":"http:\/\/www.reconoce.mx\/?s={search_term_string}"},"query-input":{"@type":"PropertyValueSpecification","valueRequired":true,"valueName":"search_term_string"}}],"inLanguage":"es"},{"@type":"Organization","@id":"http:\/\/www.reconoce.mx\/#organization","name":"Reconoce MX","url":"http:\/\/www.reconoce.mx\/","logo":{"@type":"ImageObject","inLanguage":"es","@id":"http:\/\/www.reconoce.mx\/#\/schema\/logo\/image\/","url":"https:\/\/www.reconoce.mx\/wp-content\/uploads\/2019\/03\/logorcmx-good-1.png","contentUrl":"https:\/\/www.reconoce.mx\/wp-content\/uploads\/2019\/03\/logorcmx-good-1.png","width":280,"height":90,"caption":"Reconoce MX"},"image":{"@id":"http:\/\/www.reconoce.mx\/#\/schema\/logo\/image\/"},"sameAs":["https:\/\/es-la.facebook.com\/ReconoceMX\/","https:\/\/x.com\/reconocemx","http:\/\/@reconocemx"]},{"@type":"Person","@id":"http:\/\/www.reconoce.mx\/#\/schema\/person\/2117e997d7051dc15d6880eaf9bca0b2","name":"Reconoce MX","image":{"@type":"ImageObject","inLanguage":"es","@id":"http:\/\/www.reconoce.mx\/#\/schema\/person\/image\/","url":"https:\/\/secure.gravatar.com\/avatar\/6c8d4dc7569ca1c90c5fdcc349f839d5ddef6fe1e70b4337ead2ef1a4c43fc3a?s=96&d=identicon&r=g","contentUrl":"https:\/\/secure.gravatar.com\/avatar\/6c8d4dc7569ca1c90c5fdcc349f839d5ddef6fe1e70b4337ead2ef1a4c43fc3a?s=96&d=identicon&r=g","caption":"Reconoce MX"},"description":"Reconoce MX es un proyecto de difusi\u00f3n art\u00edstica, cultural y de conciencia social que est\u00e1 enfocado a difundir y fomentar el entretenimiento alternativo de calidad para todo el p\u00fablico que comparta el mismo entusiasmo.","sameAs":["http:\/\/www.reconoce.mx"],"url":"http:\/\/www.reconoce.mx\/?author=2"}]}},"_links":{"self":[{"href":"http:\/\/www.reconoce.mx\/index.php?rest_route=\/wp\/v2\/posts\/72047","targetHints":{"allow":["GET"]}}],"collection":[{"href":"http:\/\/www.reconoce.mx\/index.php?rest_route=\/wp\/v2\/posts"}],"about":[{"href":"http:\/\/www.reconoce.mx\/index.php?rest_route=\/wp\/v2\/types\/post"}],"author":[{"embeddable":true,"href":"http:\/\/www.reconoce.mx\/index.php?rest_route=\/wp\/v2\/users\/2"}],"replies":[{"embeddable":true,"href":"http:\/\/www.reconoce.mx\/index.php?rest_route=%2Fwp%2Fv2%2Fcomments&post=72047"}],"version-history":[{"count":6,"href":"http:\/\/www.reconoce.mx\/index.php?rest_route=\/wp\/v2\/posts\/72047\/revisions"}],"predecessor-version":[{"id":72088,"href":"http:\/\/www.reconoce.mx\/index.php?rest_route=\/wp\/v2\/posts\/72047\/revisions\/72088"}],"wp:featuredmedia":[{"embeddable":true,"href":"http:\/\/www.reconoce.mx\/index.php?rest_route=\/wp\/v2\/media\/72049"}],"wp:attachment":[{"href":"http:\/\/www.reconoce.mx\/index.php?rest_route=%2Fwp%2Fv2%2Fmedia&parent=72047"}],"wp:term":[{"taxonomy":"category","embeddable":true,"href":"http:\/\/www.reconoce.mx\/index.php?rest_route=%2Fwp%2Fv2%2Fcategories&post=72047"},{"taxonomy":"post_tag","embeddable":true,"href":"http:\/\/www.reconoce.mx\/index.php?rest_route=%2Fwp%2Fv2%2Ftags&post=72047"}],"curies":[{"name":"wp","href":"https:\/\/api.w.org\/{rel}","templated":true}]}}