{"id":72116,"date":"2018-04-13T00:04:02","date_gmt":"2018-04-13T05:04:02","guid":{"rendered":"http:\/\/www.reconoce.mx\/?p=72116"},"modified":"2018-04-12T10:58:04","modified_gmt":"2018-04-12T15:58:04","slug":"la-corriente-del-golfo-casa-productora-de-gael-garcia-bernal-y-diego-luna","status":"publish","type":"post","link":"http:\/\/www.reconoce.mx\/?p=72116","title":{"rendered":"La Corriente del Golfo: casa productora de Gael Garc\u00eda Bernal y Diego Luna"},"content":{"rendered":"<p><strong> Por <a title=\"@AsfaltosTweets\" href=\"http:\/\/twitter.com\/AsfaltosTweets\" target=\"_blank\" rel=\"noopener noreferrer\" data-slimstat-type=\"0\" data-slimstat-callback=\"false\" data-slimstat-tracking=\"true\">Asfaltos<\/a><\/strong>.<\/p>\n<p>Tras <a href=\"https:\/\/twitter.com\/reconocemx\/status\/978309104857907200\" target=\"_blank\" rel=\"noopener\">la sorpresiva noticia del fin de ciclo de <strong>Gael Garc\u00eda Bernal<\/strong> y <strong>Diego Luna<\/strong> en <strong>Canana<\/strong><\/a> -misma que contin\u00faa operando ahora de la mano de <strong>Pablo Cruz<\/strong> y <strong>Arturo Sampson<\/strong>-, los dos reconocidos realizadores mexicanos anunciaron semana y media despu\u00e9s su nueva casa productora en M\u00e9xico: <strong>La Corriente del Golfo<\/strong>.<\/p>\n<p><strong>La Corriente del Golfo<\/strong> ser\u00e1 la compa\u00f1\u00eda encargada de la producci\u00f3n de desarrollar proyectos cinematogr\u00e1ficos, teatrales y televisivos; as\u00ed como tambi\u00e9n la plataforma para el desarrollo de una variedad de proyectos comunitarios.<\/p>\n<p>En comunicado de prensa <strong>Gael Garc\u00eda Bernal<\/strong> destac\u00f3 que esta aventura que emprende junto a su amigo Diego, servir\u00e1 para \u00ablos proyectos que venimos haciendo y los que emprendamos en un futuro, junto con la participaci\u00f3n de varias personas m\u00e1s con las que compartimos una profunda amistad y un fuerte \u00edmpetu de mejorar el mundo en que vivimos.\u00bb<\/p>\n<p><strong>Diego Luna<\/strong>, por su parte, destac\u00f3 que \u00abeste nuevo camino que emprendemos juntos, gracias a la amistad y el cari\u00f1o que siempre hemos compartido, ser\u00e1 uno de libertad creativa y congruencia. Desde M\u00e9xico, nos dejaremos llevar por la corriente a donde nos dicten estas historias y las asociaciones que en el camino vayamos generando.\u00bb<\/p>\n<p>Bajo la direcci\u00f3n de <strong>Paula Amor<\/strong>, quien fue Coordinadora de Difusi\u00f3n y Relaciones Institucionales en el Festival Internacional de Cine de Morelia, as\u00ed como Directora de Comunicaci\u00f3n del Premio iberoamericano de cine F\u00e9nix, los primeros proyectos de la productora son \u00abChicuarotes\u00bb, pel\u00edcula dirigida por <strong>Gael Garc\u00eda Bernal<\/strong>; y la serie \u00abAqu\u00ed en la Tierra\u00bb, de <strong>Gael Garc\u00eda Bernal<\/strong> y <strong>Kyzza Terrazas<\/strong>.<\/p>\n<p>Ambos internacionales mexicanos destacaron tambi\u00e9n que su iniciativa conjunta la <strong>Gira de Documentales Ambulante<\/strong>, continuar\u00e1 desarroll\u00e1ndose como lo ha hecho desde hace 14 a\u00f1os.<\/p>\n<p>Para darle seguimiento a <strong>La Corriente del Golfo<\/strong> no dejen de seguirle (ora s\u00ed que la corriente) v\u00eda <a href=\"https:\/\/www.facebook.com\/lacorrientedelgolfo\/\" target=\"_blank\" rel=\"noopener\">Facebook<\/a>, <a href=\"https:\/\/twitter.com\/corrientegolfo\" target=\"_blank\" rel=\"noopener\">Twitter<\/a> e <a href=\"https:\/\/www.instagram.com\/lacorrientedelgolfo\/\" target=\"_blank\" rel=\"noopener\">Instagram<\/a>.<\/p>\n<p style=\"text-align: right;\">Con informaci\u00f3n cortes\u00eda de <strong>La Corriente del Golfo<\/strong>.<\/p>\n<p>&nbsp;<\/p>\n<p>&nbsp;<\/p>\n","protected":false},"excerpt":{"rendered":"<p>Tras la sorpresiva noticia del fin de ciclo de Gael Garc\u00eda Bernal y Diego Luna en Canana -misma que contin\u00faa operando ahora de la mano de Pablo Cruz y Arturo Sampson-, los dos reconocidos realizadores mexicanos anunciaron semana y media despu\u00e9s su nueva casa productora en M\u00e9xico: La Corriente del Golfo. <\/p>\n","protected":false},"author":2,"featured_media":72117,"comment_status":"open","ping_status":"open","sticky":false,"template":"","format":"standard","meta":{"footnotes":""},"categories":[24,1,17],"tags":[],"class_list":["post-72116","post","type-post","status-publish","format-standard","has-post-thumbnail","hentry","category-cine","category-cultura","category-principal"],"yoast_head":"<!-- This site is optimized with the Yoast SEO plugin v24.7 - https:\/\/yoast.com\/wordpress\/plugins\/seo\/ -->\n<title>La Corriente del Golfo: casa productora de Gael Garc\u00eda Bernal y Diego Luna &#171; Reconoce MX<\/title>\n<meta name=\"robots\" content=\"index, follow, max-snippet:-1, max-image-preview:large, max-video-preview:-1\" \/>\n<link rel=\"canonical\" href=\"http:\/\/www.reconoce.mx\/?p=72116\" \/>\n<meta property=\"og:locale\" content=\"es_ES\" \/>\n<meta property=\"og:type\" content=\"article\" \/>\n<meta property=\"og:title\" content=\"La Corriente del Golfo: casa productora de Gael Garc\u00eda Bernal y Diego Luna &#171; Reconoce MX\" \/>\n<meta property=\"og:description\" content=\"Tras la sorpresiva noticia del fin de ciclo de Gael Garc\u00eda Bernal y Diego Luna en Canana -misma que contin\u00faa operando ahora de la mano de Pablo Cruz y Arturo Sampson-, los dos reconocidos realizadores mexicanos anunciaron semana y media despu\u00e9s su nueva casa productora en M\u00e9xico: La Corriente del Golfo.\" \/>\n<meta property=\"og:url\" content=\"http:\/\/www.reconoce.mx\/?p=72116\" \/>\n<meta property=\"og:site_name\" content=\"Reconoce MX\" \/>\n<meta property=\"article:publisher\" content=\"https:\/\/es-la.facebook.com\/ReconoceMX\/\" \/>\n<meta property=\"article:published_time\" content=\"2018-04-13T05:04:02+00:00\" \/>\n<meta property=\"og:image\" content=\"http:\/\/www.reconoce.mx\/wp-content\/uploads\/2018\/04\/la-corriente-del-golfo.jpg\" \/>\n\t<meta property=\"og:image:width\" content=\"590\" \/>\n\t<meta property=\"og:image:height\" content=\"380\" \/>\n\t<meta property=\"og:image:type\" content=\"image\/jpeg\" \/>\n<meta name=\"author\" content=\"Reconoce MX\" \/>\n<meta name=\"twitter:card\" content=\"summary_large_image\" \/>\n<meta name=\"twitter:creator\" content=\"@reconocemx\" \/>\n<meta name=\"twitter:site\" content=\"@reconocemx\" \/>\n<meta name=\"twitter:label1\" content=\"Escrito por\" \/>\n\t<meta name=\"twitter:data1\" content=\"Reconoce MX\" \/>\n\t<meta name=\"twitter:label2\" content=\"Tiempo de lectura\" \/>\n\t<meta name=\"twitter:data2\" content=\"2 minutos\" \/>\n<script type=\"application\/ld+json\" class=\"yoast-schema-graph\">{\"@context\":\"https:\/\/schema.org\",\"@graph\":[{\"@type\":\"Article\",\"@id\":\"http:\/\/www.reconoce.mx\/?p=72116#article\",\"isPartOf\":{\"@id\":\"http:\/\/www.reconoce.mx\/?p=72116\"},\"author\":{\"name\":\"Reconoce MX\",\"@id\":\"http:\/\/www.reconoce.mx\/#\/schema\/person\/2117e997d7051dc15d6880eaf9bca0b2\"},\"headline\":\"La Corriente del Golfo: casa productora de Gael Garc\u00eda Bernal y Diego Luna\",\"datePublished\":\"2018-04-13T05:04:02+00:00\",\"mainEntityOfPage\":{\"@id\":\"http:\/\/www.reconoce.mx\/?p=72116\"},\"wordCount\":353,\"commentCount\":0,\"publisher\":{\"@id\":\"http:\/\/www.reconoce.mx\/#organization\"},\"image\":{\"@id\":\"http:\/\/www.reconoce.mx\/?p=72116#primaryimage\"},\"thumbnailUrl\":\"http:\/\/www.reconoce.mx\/wp-content\/uploads\/2018\/04\/la-corriente-del-golfo.jpg\",\"articleSection\":[\"Cine\",\"Cultura\",\"Principal\"],\"inLanguage\":\"es\",\"potentialAction\":[{\"@type\":\"CommentAction\",\"name\":\"Comment\",\"target\":[\"http:\/\/www.reconoce.mx\/?p=72116#respond\"]}]},{\"@type\":\"WebPage\",\"@id\":\"http:\/\/www.reconoce.mx\/?p=72116\",\"url\":\"http:\/\/www.reconoce.mx\/?p=72116\",\"name\":\"La Corriente del Golfo: casa productora de Gael Garc\u00eda Bernal y Diego Luna &#171; Reconoce MX\",\"isPartOf\":{\"@id\":\"http:\/\/www.reconoce.mx\/#website\"},\"primaryImageOfPage\":{\"@id\":\"http:\/\/www.reconoce.mx\/?p=72116#primaryimage\"},\"image\":{\"@id\":\"http:\/\/www.reconoce.mx\/?p=72116#primaryimage\"},\"thumbnailUrl\":\"http:\/\/www.reconoce.mx\/wp-content\/uploads\/2018\/04\/la-corriente-del-golfo.jpg\",\"datePublished\":\"2018-04-13T05:04:02+00:00\",\"breadcrumb\":{\"@id\":\"http:\/\/www.reconoce.mx\/?p=72116#breadcrumb\"},\"inLanguage\":\"es\",\"potentialAction\":[{\"@type\":\"ReadAction\",\"target\":[\"http:\/\/www.reconoce.mx\/?p=72116\"]}]},{\"@type\":\"ImageObject\",\"inLanguage\":\"es\",\"@id\":\"http:\/\/www.reconoce.mx\/?p=72116#primaryimage\",\"url\":\"http:\/\/www.reconoce.mx\/wp-content\/uploads\/2018\/04\/la-corriente-del-golfo.jpg\",\"contentUrl\":\"http:\/\/www.reconoce.mx\/wp-content\/uploads\/2018\/04\/la-corriente-del-golfo.jpg\",\"width\":590,\"height\":380},{\"@type\":\"BreadcrumbList\",\"@id\":\"http:\/\/www.reconoce.mx\/?p=72116#breadcrumb\",\"itemListElement\":[{\"@type\":\"ListItem\",\"position\":1,\"name\":\"Portada\",\"item\":\"http:\/\/www.reconoce.mx\/\"},{\"@type\":\"ListItem\",\"position\":2,\"name\":\"La Corriente del Golfo: casa productora de Gael Garc\u00eda Bernal y Diego Luna\"}]},{\"@type\":\"WebSite\",\"@id\":\"http:\/\/www.reconoce.mx\/#website\",\"url\":\"http:\/\/www.reconoce.mx\/\",\"name\":\"Reconoce MX\",\"description\":\"En Reconoce MX difundimos arte, cultura y conciencia social en M\u00e9xico. Tu ciudad en otra perspectiva.\",\"publisher\":{\"@id\":\"http:\/\/www.reconoce.mx\/#organization\"},\"potentialAction\":[{\"@type\":\"SearchAction\",\"target\":{\"@type\":\"EntryPoint\",\"urlTemplate\":\"http:\/\/www.reconoce.mx\/?s={search_term_string}\"},\"query-input\":{\"@type\":\"PropertyValueSpecification\",\"valueRequired\":true,\"valueName\":\"search_term_string\"}}],\"inLanguage\":\"es\"},{\"@type\":\"Organization\",\"@id\":\"http:\/\/www.reconoce.mx\/#organization\",\"name\":\"Reconoce MX\",\"url\":\"http:\/\/www.reconoce.mx\/\",\"logo\":{\"@type\":\"ImageObject\",\"inLanguage\":\"es\",\"@id\":\"http:\/\/www.reconoce.mx\/#\/schema\/logo\/image\/\",\"url\":\"https:\/\/www.reconoce.mx\/wp-content\/uploads\/2019\/03\/logorcmx-good-1.png\",\"contentUrl\":\"https:\/\/www.reconoce.mx\/wp-content\/uploads\/2019\/03\/logorcmx-good-1.png\",\"width\":280,\"height\":90,\"caption\":\"Reconoce MX\"},\"image\":{\"@id\":\"http:\/\/www.reconoce.mx\/#\/schema\/logo\/image\/\"},\"sameAs\":[\"https:\/\/es-la.facebook.com\/ReconoceMX\/\",\"https:\/\/x.com\/reconocemx\",\"http:\/\/@reconocemx\"]},{\"@type\":\"Person\",\"@id\":\"http:\/\/www.reconoce.mx\/#\/schema\/person\/2117e997d7051dc15d6880eaf9bca0b2\",\"name\":\"Reconoce MX\",\"image\":{\"@type\":\"ImageObject\",\"inLanguage\":\"es\",\"@id\":\"http:\/\/www.reconoce.mx\/#\/schema\/person\/image\/\",\"url\":\"https:\/\/secure.gravatar.com\/avatar\/6c8d4dc7569ca1c90c5fdcc349f839d5ddef6fe1e70b4337ead2ef1a4c43fc3a?s=96&d=identicon&r=g\",\"contentUrl\":\"https:\/\/secure.gravatar.com\/avatar\/6c8d4dc7569ca1c90c5fdcc349f839d5ddef6fe1e70b4337ead2ef1a4c43fc3a?s=96&d=identicon&r=g\",\"caption\":\"Reconoce MX\"},\"description\":\"Reconoce MX es un proyecto de difusi\u00f3n art\u00edstica, cultural y de conciencia social que est\u00e1 enfocado a difundir y fomentar el entretenimiento alternativo de calidad para todo el p\u00fablico que comparta el mismo entusiasmo.\",\"sameAs\":[\"http:\/\/www.reconoce.mx\"],\"url\":\"http:\/\/www.reconoce.mx\/?author=2\"}]}<\/script>\n<!-- \/ Yoast SEO plugin. -->","yoast_head_json":{"title":"La Corriente del Golfo: casa productora de Gael Garc\u00eda Bernal y Diego Luna &#171; Reconoce MX","robots":{"index":"index","follow":"follow","max-snippet":"max-snippet:-1","max-image-preview":"max-image-preview:large","max-video-preview":"max-video-preview:-1"},"canonical":"http:\/\/www.reconoce.mx\/?p=72116","og_locale":"es_ES","og_type":"article","og_title":"La Corriente del Golfo: casa productora de Gael Garc\u00eda Bernal y Diego Luna &#171; Reconoce MX","og_description":"Tras la sorpresiva noticia del fin de ciclo de Gael Garc\u00eda Bernal y Diego Luna en Canana -misma que contin\u00faa operando ahora de la mano de Pablo Cruz y Arturo Sampson-, los dos reconocidos realizadores mexicanos anunciaron semana y media despu\u00e9s su nueva casa productora en M\u00e9xico: La Corriente del Golfo.","og_url":"http:\/\/www.reconoce.mx\/?p=72116","og_site_name":"Reconoce MX","article_publisher":"https:\/\/es-la.facebook.com\/ReconoceMX\/","article_published_time":"2018-04-13T05:04:02+00:00","og_image":[{"width":590,"height":380,"url":"http:\/\/www.reconoce.mx\/wp-content\/uploads\/2018\/04\/la-corriente-del-golfo.jpg","type":"image\/jpeg"}],"author":"Reconoce MX","twitter_card":"summary_large_image","twitter_creator":"@reconocemx","twitter_site":"@reconocemx","twitter_misc":{"Escrito por":"Reconoce MX","Tiempo de lectura":"2 minutos"},"schema":{"@context":"https:\/\/schema.org","@graph":[{"@type":"Article","@id":"http:\/\/www.reconoce.mx\/?p=72116#article","isPartOf":{"@id":"http:\/\/www.reconoce.mx\/?p=72116"},"author":{"name":"Reconoce MX","@id":"http:\/\/www.reconoce.mx\/#\/schema\/person\/2117e997d7051dc15d6880eaf9bca0b2"},"headline":"La Corriente del Golfo: casa productora de Gael Garc\u00eda Bernal y Diego Luna","datePublished":"2018-04-13T05:04:02+00:00","mainEntityOfPage":{"@id":"http:\/\/www.reconoce.mx\/?p=72116"},"wordCount":353,"commentCount":0,"publisher":{"@id":"http:\/\/www.reconoce.mx\/#organization"},"image":{"@id":"http:\/\/www.reconoce.mx\/?p=72116#primaryimage"},"thumbnailUrl":"http:\/\/www.reconoce.mx\/wp-content\/uploads\/2018\/04\/la-corriente-del-golfo.jpg","articleSection":["Cine","Cultura","Principal"],"inLanguage":"es","potentialAction":[{"@type":"CommentAction","name":"Comment","target":["http:\/\/www.reconoce.mx\/?p=72116#respond"]}]},{"@type":"WebPage","@id":"http:\/\/www.reconoce.mx\/?p=72116","url":"http:\/\/www.reconoce.mx\/?p=72116","name":"La Corriente del Golfo: casa productora de Gael Garc\u00eda Bernal y Diego Luna &#171; Reconoce MX","isPartOf":{"@id":"http:\/\/www.reconoce.mx\/#website"},"primaryImageOfPage":{"@id":"http:\/\/www.reconoce.mx\/?p=72116#primaryimage"},"image":{"@id":"http:\/\/www.reconoce.mx\/?p=72116#primaryimage"},"thumbnailUrl":"http:\/\/www.reconoce.mx\/wp-content\/uploads\/2018\/04\/la-corriente-del-golfo.jpg","datePublished":"2018-04-13T05:04:02+00:00","breadcrumb":{"@id":"http:\/\/www.reconoce.mx\/?p=72116#breadcrumb"},"inLanguage":"es","potentialAction":[{"@type":"ReadAction","target":["http:\/\/www.reconoce.mx\/?p=72116"]}]},{"@type":"ImageObject","inLanguage":"es","@id":"http:\/\/www.reconoce.mx\/?p=72116#primaryimage","url":"http:\/\/www.reconoce.mx\/wp-content\/uploads\/2018\/04\/la-corriente-del-golfo.jpg","contentUrl":"http:\/\/www.reconoce.mx\/wp-content\/uploads\/2018\/04\/la-corriente-del-golfo.jpg","width":590,"height":380},{"@type":"BreadcrumbList","@id":"http:\/\/www.reconoce.mx\/?p=72116#breadcrumb","itemListElement":[{"@type":"ListItem","position":1,"name":"Portada","item":"http:\/\/www.reconoce.mx\/"},{"@type":"ListItem","position":2,"name":"La Corriente del Golfo: casa productora de Gael Garc\u00eda Bernal y Diego Luna"}]},{"@type":"WebSite","@id":"http:\/\/www.reconoce.mx\/#website","url":"http:\/\/www.reconoce.mx\/","name":"Reconoce MX","description":"En Reconoce MX difundimos arte, cultura y conciencia social en M\u00e9xico. Tu ciudad en otra perspectiva.","publisher":{"@id":"http:\/\/www.reconoce.mx\/#organization"},"potentialAction":[{"@type":"SearchAction","target":{"@type":"EntryPoint","urlTemplate":"http:\/\/www.reconoce.mx\/?s={search_term_string}"},"query-input":{"@type":"PropertyValueSpecification","valueRequired":true,"valueName":"search_term_string"}}],"inLanguage":"es"},{"@type":"Organization","@id":"http:\/\/www.reconoce.mx\/#organization","name":"Reconoce MX","url":"http:\/\/www.reconoce.mx\/","logo":{"@type":"ImageObject","inLanguage":"es","@id":"http:\/\/www.reconoce.mx\/#\/schema\/logo\/image\/","url":"https:\/\/www.reconoce.mx\/wp-content\/uploads\/2019\/03\/logorcmx-good-1.png","contentUrl":"https:\/\/www.reconoce.mx\/wp-content\/uploads\/2019\/03\/logorcmx-good-1.png","width":280,"height":90,"caption":"Reconoce MX"},"image":{"@id":"http:\/\/www.reconoce.mx\/#\/schema\/logo\/image\/"},"sameAs":["https:\/\/es-la.facebook.com\/ReconoceMX\/","https:\/\/x.com\/reconocemx","http:\/\/@reconocemx"]},{"@type":"Person","@id":"http:\/\/www.reconoce.mx\/#\/schema\/person\/2117e997d7051dc15d6880eaf9bca0b2","name":"Reconoce MX","image":{"@type":"ImageObject","inLanguage":"es","@id":"http:\/\/www.reconoce.mx\/#\/schema\/person\/image\/","url":"https:\/\/secure.gravatar.com\/avatar\/6c8d4dc7569ca1c90c5fdcc349f839d5ddef6fe1e70b4337ead2ef1a4c43fc3a?s=96&d=identicon&r=g","contentUrl":"https:\/\/secure.gravatar.com\/avatar\/6c8d4dc7569ca1c90c5fdcc349f839d5ddef6fe1e70b4337ead2ef1a4c43fc3a?s=96&d=identicon&r=g","caption":"Reconoce MX"},"description":"Reconoce MX es un proyecto de difusi\u00f3n art\u00edstica, cultural y de conciencia social que est\u00e1 enfocado a difundir y fomentar el entretenimiento alternativo de calidad para todo el p\u00fablico que comparta el mismo entusiasmo.","sameAs":["http:\/\/www.reconoce.mx"],"url":"http:\/\/www.reconoce.mx\/?author=2"}]}},"_links":{"self":[{"href":"http:\/\/www.reconoce.mx\/index.php?rest_route=\/wp\/v2\/posts\/72116","targetHints":{"allow":["GET"]}}],"collection":[{"href":"http:\/\/www.reconoce.mx\/index.php?rest_route=\/wp\/v2\/posts"}],"about":[{"href":"http:\/\/www.reconoce.mx\/index.php?rest_route=\/wp\/v2\/types\/post"}],"author":[{"embeddable":true,"href":"http:\/\/www.reconoce.mx\/index.php?rest_route=\/wp\/v2\/users\/2"}],"replies":[{"embeddable":true,"href":"http:\/\/www.reconoce.mx\/index.php?rest_route=%2Fwp%2Fv2%2Fcomments&post=72116"}],"version-history":[{"count":1,"href":"http:\/\/www.reconoce.mx\/index.php?rest_route=\/wp\/v2\/posts\/72116\/revisions"}],"predecessor-version":[{"id":72118,"href":"http:\/\/www.reconoce.mx\/index.php?rest_route=\/wp\/v2\/posts\/72116\/revisions\/72118"}],"wp:featuredmedia":[{"embeddable":true,"href":"http:\/\/www.reconoce.mx\/index.php?rest_route=\/wp\/v2\/media\/72117"}],"wp:attachment":[{"href":"http:\/\/www.reconoce.mx\/index.php?rest_route=%2Fwp%2Fv2%2Fmedia&parent=72116"}],"wp:term":[{"taxonomy":"category","embeddable":true,"href":"http:\/\/www.reconoce.mx\/index.php?rest_route=%2Fwp%2Fv2%2Fcategories&post=72116"},{"taxonomy":"post_tag","embeddable":true,"href":"http:\/\/www.reconoce.mx\/index.php?rest_route=%2Fwp%2Fv2%2Ftags&post=72116"}],"curies":[{"name":"wp","href":"https:\/\/api.w.org\/{rel}","templated":true}]}}