{"id":72215,"date":"2018-04-20T00:02:04","date_gmt":"2018-04-20T05:02:04","guid":{"rendered":"http:\/\/www.reconoce.mx\/?p=72215"},"modified":"2018-04-19T22:37:15","modified_gmt":"2018-04-20T03:37:15","slug":"el-plaza-condesa-cartelera-del-20-al-26-de-abril","status":"publish","type":"post","link":"http:\/\/www.reconoce.mx\/?p=72215","title":{"rendered":"El Plaza Condesa: Cartelera del 20 al 26 de abril"},"content":{"rendered":"<p><strong>Por <a title=\"@AsfaltosTweets\" href=\"http:\/\/twitter.com\/AsfaltosTweets\" target=\"_blank\" rel=\"noopener noreferrer\">Asfaltos<\/a><\/strong>.<\/p>\n<p>Construido entre 1952 y 1973,<strong> El Plaza Condesa<\/strong> es hoy uno de los foros musicales m\u00e1s importantes de nuestro pa\u00eds y la capital. Ubicado en un sitio privilegiado, en la colonia Condesa rodeado de los parques Espa\u00f1a y M\u00e9xico, as\u00ed como rodeado de librer\u00edas, restaurantes y galer\u00edas de arte, la historia de <strong>El Plaza<\/strong> como foro musical inici\u00f3 el 14 de septiembre de 2011, d\u00eda en el que fue reinaugurado tras una importante remodelaci\u00f3n.<\/p>\n<p>En el mejor \u00e1nimo de que pasen un gran momento, ustedes amantes de la m\u00fasica, les compartimos de manera semanal la cartelera de <strong>El Plaza Condesa<\/strong>.<\/p>\n<h1><strong>Ibeyi<br \/>\n<\/strong><\/h1>\n<p>\/\/ abril 20, viernes, 21:00h<br \/>\n\/\/ precios: balc\u00f3n $740; palco &amp; salas $640; pista general $480<\/p>\n<style>.embed-container { position: relative; padding-bottom: 56.25%; height: 0; overflow: hidden; max-width: 100%; } .embed-container iframe, .embed-container object, .embed-container embed { position: absolute; top: 0; left: 0; width: 100%; height: 100%; }<\/style>\n<div class=\"embed-container\"><iframe loading=\"lazy\" src=\"https:\/\/www.youtube.com\/embed\/9Hc8cWtedN8\" width=\"300\" height=\"150\" frameborder=\"0\" allowfullscreen=\"allowfullscreen\"><\/iframe><\/div>\n<p>&nbsp;<\/p>\n<p><strong>Ibeyi<\/strong>, el dueto franco-cubano integrado por las gemelas Lisa-Kaind\u00e9 D\u00edaz y Naomi D\u00edaz est\u00e1 de regreso en Ciudad de M\u00e9xico para presentar su m\u00e1s reciente material titulado \u00abAsh\u00bb, hoy viernes 20 de abril en<strong> El Plaza Condesa<\/strong>.<\/p>\n<p>\u00abAsh\u00bb es el segundo disco de estudio de las herederas del legendario percusionista cubano Miguel Ang\u00e1 Diaz. El \u00e1lbum est\u00e1 integrado por 12 nuevos temas que, fiel a su estilo, fusiona g\u00e9neros como el jazz, soul, ambient y la electr\u00f3nica con el sonido de percusiones yorubas. Destacan los sencillos \u00abAway, away\u00bb, \u00abMe voy\u00bb, tema con sabor caribe\u00f1o que cuenta con una participaci\u00f3n especial de La Mala Rodr\u00edguez y \u00abNo man is big enough for my arms\u00bb, en el que incluyen un fragmento del discurso feminista de Michelle Obama en New Hampshire. En esta ocasi\u00f3n, y a diferencia de su disco pasado, el cual ten\u00eda como bandera principal el tema de la muerte, las canciones abordan temas actuales con un trasfondo pol\u00edtico y feminista pero sobre todo el gozo de estar vivos.<\/p>\n<p>El d\u00fao comenz\u00f3 su carrera en el 2013 y r\u00e1pidamente llam\u00f3 la atenci\u00f3n por su sonido y sus canciones, interpretadas en ingl\u00e9s, franc\u00e9s, espa\u00f1ol y yoruba (lengua africana) en las que abordan temas como el sincretismo, la santer\u00eda y la muerte, entre otros. <strong>Ibeyi<\/strong> ha conseguido \u00e9xito por sencillos como \u00abGhosts\u00bb, \u00abRiver\u00bb y \u00abStranger\/Lover\u00bb.<\/p>\n<p>Los boletos para esta presentaci\u00f3n est\u00e1n disponibles en taquillas del inmueble y la red <a href=\"http:\/\/www.ticketmaster.com.mx\/ibeyi-mexico-distrito-federal-20-04-2018\/event\/14005385FAA44C77?artistid=2045920&amp;majorcatid=10001&amp;minorcatid=52\" target=\"_blank\" rel=\"noopener\">Ticketmaster<\/a>.<\/p>\n<h1><strong>Bersuit Vergarabat<br \/>\n<\/strong><\/h1>\n<p>\/\/ abril 22, domingo, 19:00h<br \/>\n\/\/ precios: pista general $400<\/p>\n<style>.embed-container { position: relative; padding-bottom: 56.25%; height: 0; overflow: hidden; max-width: 100%; } .embed-container iframe, .embed-container object, .embed-container embed { position: absolute; top: 0; left: 0; width: 100%; height: 100%; }<\/style>\n<div class=\"embed-container\"><iframe loading=\"lazy\" src=\"https:\/\/www.youtube.com\/embed\/3pYEu7nHcuQ\" width=\"300\" height=\"150\" frameborder=\"0\" allowfullscreen=\"allowfullscreen\"><\/iframe><\/div>\n<p>&nbsp;<\/p>\n<p>La legendaria banda argentina <strong>Bersuit Vergarabat<\/strong> celebrar\u00e1 30 a\u00f1os de carrera con un show muy especial programado para el pr\u00f3ximo 22 de abril en <strong>El Plaza Condesa<\/strong>.<\/p>\n<p>Bersuit es un proyecto que ha pasado por diversas etapas. Comenzando en el under porte\u00f1o m\u00e1s recalcitrante y hasta su consagraci\u00f3n con un lleno total en el estadio River Plate en mayo 2007.<\/p>\n<p>La agrupaci\u00f3n tiene sus inicios a finales de la d\u00e9cada de los 80, sin embargo el reconocimiento popular lleg\u00f3 10 a\u00f1os despu\u00e9s con la salida del disco \u00abLibertinaje\u00bb en 1998, producido por Gustavo Santaolalla. Este trabajo permiti\u00f3 trascender las fronteras del pa\u00eds y recorrer gran parte de Latinoam\u00e9rica y Espa\u00f1a.<\/p>\n<p>Actualmente la banda est\u00e1 integrada por Daniel Su\u00e1rez, C\u00f3ndor Sbarbati, Juan Subir\u00e1, Pepe C\u00e9spedes, Carlos Mart\u00edn, Alberto Verenzuela, Juan Bruno, Manuel Uriona y Mariano Campoliete. Juntos siguen de gira permanente recorriendo toda la Argentina y dando shows en pa\u00edses como Uruguay, Chile, Paraguay, Brasil, Bolivia, Peru, Ecuador, Venezuela, Colombia, Costa Rica, Puerto Rico, Nicaragua, M\u00e9xico, USA, Espa\u00f1a, Italia, Inglaterra, Alemania.<\/p>\n<p>Cuentan con un total de trece discos de estudio, con los que han logrado vender m\u00e1s de un mill\u00f3n de copias a lo largo y ancho del planeta, con los cuales han sido merecedores de varios premios MTV VMA en diversas categor\u00edas y han obtenido el reconocimiento en su natal Argentina en los Premios Gardel a la m\u00fasica.<\/p>\n<p>Los boletos para esta celebraci\u00f3n est\u00e1n disponibles en taquillas del inmueble y la red <a href=\"http:\/\/www.ticketmaster.com.mx\/bersuit-vergarabat-el-plaza-condesa-mexico-df\/venueartist\/164618\/2238237\" target=\"_blank\" rel=\"noopener\">Ticketmaster<\/a>.<\/p>\n<h1><strong>Jacob Whitesides<br \/>\n<\/strong><\/h1>\n<p>\/\/ abril 25, mi\u00e9rcoles, 21:00h<br \/>\n\/\/ precios: balc\u00f3n $550; palco &amp; salas $450; pista general $330<\/p>\n<style>.embed-container { position: relative; padding-bottom: 56.25%; height: 0; overflow: hidden; max-width: 100%; } .embed-container iframe, .embed-container object, .embed-container embed { position: absolute; top: 0; left: 0; width: 100%; height: 100%; }<\/style>\n<div class=\"embed-container\"><iframe loading=\"lazy\" src=\"https:\/\/www.youtube.com\/embed\/MuVVF-bzqw0\" width=\"300\" height=\"150\" frameborder=\"0\" allowfullscreen=\"allowfullscreen\"><\/iframe><\/div>\n<p>&nbsp;<\/p>\n<p><strong>Jacob Whitesides<\/strong> es uno de los compositores m\u00e1s interactivos e influyentes de las redes sociales y este 2018 llegar\u00e1 por primera vez a la Ciudad de M\u00e9xico el pr\u00f3ximo 25 de abril a <strong>El Plaza Condesa<\/strong> para demostrar porqu\u00e9 se ha convertido en una de las figuras m\u00e1s influyentes del mundo del espect\u00e1culo.<\/p>\n<p>Con tan s\u00f3lo 20 a\u00f1os de edad, <strong>Jacob Whitesides<\/strong> ha creado su propio camino en la industria de la m\u00fasica estableciendo un sello de trabajo inconfundible, teniendo como parte fundamental de este proceso la interacci\u00f3n entre los fan\u00e1ticos ya que ha entendido lo poderosa que es esta relaci\u00f3n para garantizar el \u00e9xito o fracaso de los artistas.<\/p>\n<p>En sus espect\u00e1culos en vivo, Jacob ofrece una experiencia \u00fanica para sus fans que los hace volver por m\u00e1s, seguido por una emocionante producci\u00f3n de bandas en vivo que lo ha colocado en el mapa de algunos de los mejores artistas de hoy en d\u00eda. La energ\u00eda que se ve en cualquier espect\u00e1culo de Jacob, su banda y sus entusiastas fan\u00e1ticos no tiene comparaci\u00f3n.<\/p>\n<p>Jacob se ha distinguido como compositor y en el 2016, tanto Spotify como Pandora lo nombraron \u00abuno de los artistas a seguir\u00bb. M\u00e1s all\u00e1 de sus m\u00e1s de 2 millones de seguidores en Twitter, Jacob ha demostrado su fuerte conexi\u00f3n con sus fans agotando las entradas para sus conciertos en diferentes partes del mundo: Espa\u00f1a, Portugal, Francia, Italia, Escandinavia, Reino Unido, Brasil, Chile, Argentina y por supuesto, los Estados Unidos incluyendo ciudades como NYC, LA, Nashville, Orlando, Chicago, Houston y m\u00e1s.<\/p>\n<p><strong>Jacob Whitesides<\/strong> deslumbrar\u00e1 a sus fans cuando se presente por primera vez en M\u00e9xico este pr\u00f3ximo 25 de abril en <strong>El Plaza Condesa<\/strong>. Los boletos estar\u00e1n disponibles a partir del viernes 22 de diciembre en taquillas del inmueble y la red <a href=\"http:\/\/www.ticketmaster.com.mx\/jacob-whitesides-el-plaza-condesa-mexico-df\/venueartist\/164618\/2261960\" target=\"_blank\" rel=\"noopener\">Ticketmaster<\/a>.<\/p>\n<p><strong>El Plaza Condesa<\/strong> se encuentra ubicado en Juan Escutia #4, Condesa, Cuauht\u00e9moc, Ciudad de M\u00e9xico.<\/p>\n<p>&nbsp;<\/p>\n<p>&nbsp;<\/p>\n","protected":false},"excerpt":{"rendered":"<p>En el mejor \u00e1nimo de que pasen un gran momento, ustedes amantes de la m\u00fasica, les compartimos de manera semanal la cartelera de El Plaza Condesa.<\/p>\n","protected":false},"author":2,"featured_media":43737,"comment_status":"open","ping_status":"open","sticky":false,"template":"","format":"standard","meta":{"footnotes":""},"categories":[1,18,17],"tags":[],"class_list":["post-72215","post","type-post","status-publish","format-standard","has-post-thumbnail","hentry","category-cultura","category-musica","category-principal"],"yoast_head":"<!-- This site is optimized with the Yoast SEO plugin v24.7 - https:\/\/yoast.com\/wordpress\/plugins\/seo\/ -->\n<title>El Plaza Condesa: Cartelera del 20 al 26 de abril &#171; Reconoce MX<\/title>\n<meta name=\"robots\" content=\"index, follow, max-snippet:-1, max-image-preview:large, max-video-preview:-1\" \/>\n<link rel=\"canonical\" href=\"https:\/\/www.reconoce.mx\/?p=72215\" \/>\n<meta property=\"og:locale\" content=\"es_ES\" \/>\n<meta property=\"og:type\" content=\"article\" \/>\n<meta property=\"og:title\" content=\"El Plaza Condesa: Cartelera del 20 al 26 de abril &#171; Reconoce MX\" \/>\n<meta property=\"og:description\" content=\"En el mejor \u00e1nimo de que pasen un gran momento, ustedes amantes de la m\u00fasica, les compartimos de manera semanal la cartelera de El Plaza Condesa.\" \/>\n<meta property=\"og:url\" content=\"https:\/\/www.reconoce.mx\/?p=72215\" \/>\n<meta property=\"og:site_name\" content=\"Reconoce MX\" \/>\n<meta property=\"article:publisher\" content=\"https:\/\/es-la.facebook.com\/ReconoceMX\/\" \/>\n<meta property=\"article:published_time\" content=\"2018-04-20T05:02:04+00:00\" \/>\n<meta property=\"og:image\" content=\"https:\/\/www.reconoce.mx\/wp-content\/uploads\/2016\/01\/elplaza-condesa.png\" \/>\n\t<meta property=\"og:image:width\" content=\"570\" \/>\n\t<meta property=\"og:image:height\" content=\"360\" \/>\n\t<meta property=\"og:image:type\" content=\"image\/png\" \/>\n<meta name=\"author\" content=\"Reconoce MX\" \/>\n<meta name=\"twitter:card\" content=\"summary_large_image\" \/>\n<meta name=\"twitter:creator\" content=\"@reconocemx\" \/>\n<meta name=\"twitter:site\" content=\"@reconocemx\" \/>\n<meta name=\"twitter:label1\" content=\"Escrito por\" \/>\n\t<meta name=\"twitter:data1\" content=\"Reconoce MX\" \/>\n\t<meta name=\"twitter:label2\" content=\"Tiempo de lectura\" \/>\n\t<meta name=\"twitter:data2\" content=\"5 minutos\" \/>\n<script type=\"application\/ld+json\" class=\"yoast-schema-graph\">{\"@context\":\"https:\/\/schema.org\",\"@graph\":[{\"@type\":\"Article\",\"@id\":\"https:\/\/www.reconoce.mx\/?p=72215#article\",\"isPartOf\":{\"@id\":\"https:\/\/www.reconoce.mx\/?p=72215\"},\"author\":{\"name\":\"Reconoce MX\",\"@id\":\"http:\/\/www.reconoce.mx\/#\/schema\/person\/2117e997d7051dc15d6880eaf9bca0b2\"},\"headline\":\"El Plaza Condesa: Cartelera del 20 al 26 de abril\",\"datePublished\":\"2018-04-20T05:02:04+00:00\",\"mainEntityOfPage\":{\"@id\":\"https:\/\/www.reconoce.mx\/?p=72215\"},\"wordCount\":1005,\"commentCount\":0,\"publisher\":{\"@id\":\"http:\/\/www.reconoce.mx\/#organization\"},\"image\":{\"@id\":\"https:\/\/www.reconoce.mx\/?p=72215#primaryimage\"},\"thumbnailUrl\":\"http:\/\/www.reconoce.mx\/wp-content\/uploads\/2016\/01\/elplaza-condesa.png\",\"articleSection\":[\"Cultura\",\"M\u00fasica\",\"Principal\"],\"inLanguage\":\"es\",\"potentialAction\":[{\"@type\":\"CommentAction\",\"name\":\"Comment\",\"target\":[\"https:\/\/www.reconoce.mx\/?p=72215#respond\"]}]},{\"@type\":\"WebPage\",\"@id\":\"https:\/\/www.reconoce.mx\/?p=72215\",\"url\":\"https:\/\/www.reconoce.mx\/?p=72215\",\"name\":\"El Plaza Condesa: Cartelera del 20 al 26 de abril &#171; Reconoce MX\",\"isPartOf\":{\"@id\":\"http:\/\/www.reconoce.mx\/#website\"},\"primaryImageOfPage\":{\"@id\":\"https:\/\/www.reconoce.mx\/?p=72215#primaryimage\"},\"image\":{\"@id\":\"https:\/\/www.reconoce.mx\/?p=72215#primaryimage\"},\"thumbnailUrl\":\"http:\/\/www.reconoce.mx\/wp-content\/uploads\/2016\/01\/elplaza-condesa.png\",\"datePublished\":\"2018-04-20T05:02:04+00:00\",\"breadcrumb\":{\"@id\":\"https:\/\/www.reconoce.mx\/?p=72215#breadcrumb\"},\"inLanguage\":\"es\",\"potentialAction\":[{\"@type\":\"ReadAction\",\"target\":[\"https:\/\/www.reconoce.mx\/?p=72215\"]}]},{\"@type\":\"ImageObject\",\"inLanguage\":\"es\",\"@id\":\"https:\/\/www.reconoce.mx\/?p=72215#primaryimage\",\"url\":\"http:\/\/www.reconoce.mx\/wp-content\/uploads\/2016\/01\/elplaza-condesa.png\",\"contentUrl\":\"http:\/\/www.reconoce.mx\/wp-content\/uploads\/2016\/01\/elplaza-condesa.png\",\"width\":570,\"height\":360},{\"@type\":\"BreadcrumbList\",\"@id\":\"https:\/\/www.reconoce.mx\/?p=72215#breadcrumb\",\"itemListElement\":[{\"@type\":\"ListItem\",\"position\":1,\"name\":\"Portada\",\"item\":\"http:\/\/www.reconoce.mx\/\"},{\"@type\":\"ListItem\",\"position\":2,\"name\":\"El Plaza Condesa: Cartelera del 20 al 26 de abril\"}]},{\"@type\":\"WebSite\",\"@id\":\"http:\/\/www.reconoce.mx\/#website\",\"url\":\"http:\/\/www.reconoce.mx\/\",\"name\":\"Reconoce MX\",\"description\":\"En Reconoce MX difundimos arte, cultura y conciencia social en M\u00e9xico. Tu ciudad en otra perspectiva.\",\"publisher\":{\"@id\":\"http:\/\/www.reconoce.mx\/#organization\"},\"potentialAction\":[{\"@type\":\"SearchAction\",\"target\":{\"@type\":\"EntryPoint\",\"urlTemplate\":\"http:\/\/www.reconoce.mx\/?s={search_term_string}\"},\"query-input\":{\"@type\":\"PropertyValueSpecification\",\"valueRequired\":true,\"valueName\":\"search_term_string\"}}],\"inLanguage\":\"es\"},{\"@type\":\"Organization\",\"@id\":\"http:\/\/www.reconoce.mx\/#organization\",\"name\":\"Reconoce MX\",\"url\":\"http:\/\/www.reconoce.mx\/\",\"logo\":{\"@type\":\"ImageObject\",\"inLanguage\":\"es\",\"@id\":\"http:\/\/www.reconoce.mx\/#\/schema\/logo\/image\/\",\"url\":\"https:\/\/www.reconoce.mx\/wp-content\/uploads\/2019\/03\/logorcmx-good-1.png\",\"contentUrl\":\"https:\/\/www.reconoce.mx\/wp-content\/uploads\/2019\/03\/logorcmx-good-1.png\",\"width\":280,\"height\":90,\"caption\":\"Reconoce MX\"},\"image\":{\"@id\":\"http:\/\/www.reconoce.mx\/#\/schema\/logo\/image\/\"},\"sameAs\":[\"https:\/\/es-la.facebook.com\/ReconoceMX\/\",\"https:\/\/x.com\/reconocemx\",\"http:\/\/@reconocemx\"]},{\"@type\":\"Person\",\"@id\":\"http:\/\/www.reconoce.mx\/#\/schema\/person\/2117e997d7051dc15d6880eaf9bca0b2\",\"name\":\"Reconoce MX\",\"image\":{\"@type\":\"ImageObject\",\"inLanguage\":\"es\",\"@id\":\"http:\/\/www.reconoce.mx\/#\/schema\/person\/image\/\",\"url\":\"https:\/\/secure.gravatar.com\/avatar\/6c8d4dc7569ca1c90c5fdcc349f839d5ddef6fe1e70b4337ead2ef1a4c43fc3a?s=96&d=identicon&r=g\",\"contentUrl\":\"https:\/\/secure.gravatar.com\/avatar\/6c8d4dc7569ca1c90c5fdcc349f839d5ddef6fe1e70b4337ead2ef1a4c43fc3a?s=96&d=identicon&r=g\",\"caption\":\"Reconoce MX\"},\"description\":\"Reconoce MX es un proyecto de difusi\u00f3n art\u00edstica, cultural y de conciencia social que est\u00e1 enfocado a difundir y fomentar el entretenimiento alternativo de calidad para todo el p\u00fablico que comparta el mismo entusiasmo.\",\"sameAs\":[\"http:\/\/www.reconoce.mx\"],\"url\":\"http:\/\/www.reconoce.mx\/?author=2\"}]}<\/script>\n<!-- \/ Yoast SEO plugin. -->","yoast_head_json":{"title":"El Plaza Condesa: Cartelera del 20 al 26 de abril &#171; Reconoce MX","robots":{"index":"index","follow":"follow","max-snippet":"max-snippet:-1","max-image-preview":"max-image-preview:large","max-video-preview":"max-video-preview:-1"},"canonical":"https:\/\/www.reconoce.mx\/?p=72215","og_locale":"es_ES","og_type":"article","og_title":"El Plaza Condesa: Cartelera del 20 al 26 de abril &#171; Reconoce MX","og_description":"En el mejor \u00e1nimo de que pasen un gran momento, ustedes amantes de la m\u00fasica, les compartimos de manera semanal la cartelera de El Plaza Condesa.","og_url":"https:\/\/www.reconoce.mx\/?p=72215","og_site_name":"Reconoce MX","article_publisher":"https:\/\/es-la.facebook.com\/ReconoceMX\/","article_published_time":"2018-04-20T05:02:04+00:00","og_image":[{"width":570,"height":360,"url":"https:\/\/www.reconoce.mx\/wp-content\/uploads\/2016\/01\/elplaza-condesa.png","type":"image\/png"}],"author":"Reconoce MX","twitter_card":"summary_large_image","twitter_creator":"@reconocemx","twitter_site":"@reconocemx","twitter_misc":{"Escrito por":"Reconoce MX","Tiempo de lectura":"5 minutos"},"schema":{"@context":"https:\/\/schema.org","@graph":[{"@type":"Article","@id":"https:\/\/www.reconoce.mx\/?p=72215#article","isPartOf":{"@id":"https:\/\/www.reconoce.mx\/?p=72215"},"author":{"name":"Reconoce MX","@id":"http:\/\/www.reconoce.mx\/#\/schema\/person\/2117e997d7051dc15d6880eaf9bca0b2"},"headline":"El Plaza Condesa: Cartelera del 20 al 26 de abril","datePublished":"2018-04-20T05:02:04+00:00","mainEntityOfPage":{"@id":"https:\/\/www.reconoce.mx\/?p=72215"},"wordCount":1005,"commentCount":0,"publisher":{"@id":"http:\/\/www.reconoce.mx\/#organization"},"image":{"@id":"https:\/\/www.reconoce.mx\/?p=72215#primaryimage"},"thumbnailUrl":"http:\/\/www.reconoce.mx\/wp-content\/uploads\/2016\/01\/elplaza-condesa.png","articleSection":["Cultura","M\u00fasica","Principal"],"inLanguage":"es","potentialAction":[{"@type":"CommentAction","name":"Comment","target":["https:\/\/www.reconoce.mx\/?p=72215#respond"]}]},{"@type":"WebPage","@id":"https:\/\/www.reconoce.mx\/?p=72215","url":"https:\/\/www.reconoce.mx\/?p=72215","name":"El Plaza Condesa: Cartelera del 20 al 26 de abril &#171; Reconoce MX","isPartOf":{"@id":"http:\/\/www.reconoce.mx\/#website"},"primaryImageOfPage":{"@id":"https:\/\/www.reconoce.mx\/?p=72215#primaryimage"},"image":{"@id":"https:\/\/www.reconoce.mx\/?p=72215#primaryimage"},"thumbnailUrl":"http:\/\/www.reconoce.mx\/wp-content\/uploads\/2016\/01\/elplaza-condesa.png","datePublished":"2018-04-20T05:02:04+00:00","breadcrumb":{"@id":"https:\/\/www.reconoce.mx\/?p=72215#breadcrumb"},"inLanguage":"es","potentialAction":[{"@type":"ReadAction","target":["https:\/\/www.reconoce.mx\/?p=72215"]}]},{"@type":"ImageObject","inLanguage":"es","@id":"https:\/\/www.reconoce.mx\/?p=72215#primaryimage","url":"http:\/\/www.reconoce.mx\/wp-content\/uploads\/2016\/01\/elplaza-condesa.png","contentUrl":"http:\/\/www.reconoce.mx\/wp-content\/uploads\/2016\/01\/elplaza-condesa.png","width":570,"height":360},{"@type":"BreadcrumbList","@id":"https:\/\/www.reconoce.mx\/?p=72215#breadcrumb","itemListElement":[{"@type":"ListItem","position":1,"name":"Portada","item":"http:\/\/www.reconoce.mx\/"},{"@type":"ListItem","position":2,"name":"El Plaza Condesa: Cartelera del 20 al 26 de abril"}]},{"@type":"WebSite","@id":"http:\/\/www.reconoce.mx\/#website","url":"http:\/\/www.reconoce.mx\/","name":"Reconoce MX","description":"En Reconoce MX difundimos arte, cultura y conciencia social en M\u00e9xico. Tu ciudad en otra perspectiva.","publisher":{"@id":"http:\/\/www.reconoce.mx\/#organization"},"potentialAction":[{"@type":"SearchAction","target":{"@type":"EntryPoint","urlTemplate":"http:\/\/www.reconoce.mx\/?s={search_term_string}"},"query-input":{"@type":"PropertyValueSpecification","valueRequired":true,"valueName":"search_term_string"}}],"inLanguage":"es"},{"@type":"Organization","@id":"http:\/\/www.reconoce.mx\/#organization","name":"Reconoce MX","url":"http:\/\/www.reconoce.mx\/","logo":{"@type":"ImageObject","inLanguage":"es","@id":"http:\/\/www.reconoce.mx\/#\/schema\/logo\/image\/","url":"https:\/\/www.reconoce.mx\/wp-content\/uploads\/2019\/03\/logorcmx-good-1.png","contentUrl":"https:\/\/www.reconoce.mx\/wp-content\/uploads\/2019\/03\/logorcmx-good-1.png","width":280,"height":90,"caption":"Reconoce MX"},"image":{"@id":"http:\/\/www.reconoce.mx\/#\/schema\/logo\/image\/"},"sameAs":["https:\/\/es-la.facebook.com\/ReconoceMX\/","https:\/\/x.com\/reconocemx","http:\/\/@reconocemx"]},{"@type":"Person","@id":"http:\/\/www.reconoce.mx\/#\/schema\/person\/2117e997d7051dc15d6880eaf9bca0b2","name":"Reconoce MX","image":{"@type":"ImageObject","inLanguage":"es","@id":"http:\/\/www.reconoce.mx\/#\/schema\/person\/image\/","url":"https:\/\/secure.gravatar.com\/avatar\/6c8d4dc7569ca1c90c5fdcc349f839d5ddef6fe1e70b4337ead2ef1a4c43fc3a?s=96&d=identicon&r=g","contentUrl":"https:\/\/secure.gravatar.com\/avatar\/6c8d4dc7569ca1c90c5fdcc349f839d5ddef6fe1e70b4337ead2ef1a4c43fc3a?s=96&d=identicon&r=g","caption":"Reconoce MX"},"description":"Reconoce MX es un proyecto de difusi\u00f3n art\u00edstica, cultural y de conciencia social que est\u00e1 enfocado a difundir y fomentar el entretenimiento alternativo de calidad para todo el p\u00fablico que comparta el mismo entusiasmo.","sameAs":["http:\/\/www.reconoce.mx"],"url":"http:\/\/www.reconoce.mx\/?author=2"}]}},"_links":{"self":[{"href":"http:\/\/www.reconoce.mx\/index.php?rest_route=\/wp\/v2\/posts\/72215","targetHints":{"allow":["GET"]}}],"collection":[{"href":"http:\/\/www.reconoce.mx\/index.php?rest_route=\/wp\/v2\/posts"}],"about":[{"href":"http:\/\/www.reconoce.mx\/index.php?rest_route=\/wp\/v2\/types\/post"}],"author":[{"embeddable":true,"href":"http:\/\/www.reconoce.mx\/index.php?rest_route=\/wp\/v2\/users\/2"}],"replies":[{"embeddable":true,"href":"http:\/\/www.reconoce.mx\/index.php?rest_route=%2Fwp%2Fv2%2Fcomments&post=72215"}],"version-history":[{"count":1,"href":"http:\/\/www.reconoce.mx\/index.php?rest_route=\/wp\/v2\/posts\/72215\/revisions"}],"predecessor-version":[{"id":72216,"href":"http:\/\/www.reconoce.mx\/index.php?rest_route=\/wp\/v2\/posts\/72215\/revisions\/72216"}],"wp:featuredmedia":[{"embeddable":true,"href":"http:\/\/www.reconoce.mx\/index.php?rest_route=\/wp\/v2\/media\/43737"}],"wp:attachment":[{"href":"http:\/\/www.reconoce.mx\/index.php?rest_route=%2Fwp%2Fv2%2Fmedia&parent=72215"}],"wp:term":[{"taxonomy":"category","embeddable":true,"href":"http:\/\/www.reconoce.mx\/index.php?rest_route=%2Fwp%2Fv2%2Fcategories&post=72215"},{"taxonomy":"post_tag","embeddable":true,"href":"http:\/\/www.reconoce.mx\/index.php?rest_route=%2Fwp%2Fv2%2Ftags&post=72215"}],"curies":[{"name":"wp","href":"https:\/\/api.w.org\/{rel}","templated":true}]}}