{"id":72230,"date":"2018-04-18T00:06:22","date_gmt":"2018-04-18T05:06:22","guid":{"rendered":"http:\/\/www.reconoce.mx\/?p=72230"},"modified":"2018-04-17T23:16:39","modified_gmt":"2018-04-18T04:16:39","slug":"un-fin-de-semana-entre-vinos-y-quesos-en-el-marques-queretaro","status":"publish","type":"post","link":"http:\/\/www.reconoce.mx\/?p=72230","title":{"rendered":"Un fin de semana entre vinos y quesos en El Marqu\u00e9s, Quer\u00e9taro"},"content":{"rendered":"<p><strong>Texto por <a title=\"Enrique Figueroa Anaya\" href=\"http:\/\/twitter.com\/enriquefa86\" target=\"_blank\" rel=\"noopener\">Enrique Figueroa Anaya<\/a>.<br \/>\nFotos por <a title=\"Mar\u00eda Jos\u00e9 Flores Lozada.\" href=\"http:\/\/twitter.com\/majolona\" target=\"_blank\" rel=\"noopener\">Mar\u00eda Jos\u00e9 Flores Lozada<\/a>.<\/strong><\/p>\n<p>Cuenta la leyenda que un rey de Babilonia almacen\u00f3 en el s\u00f3tano de su palacio una muy buena cantidad de uvas con la intenci\u00f3n de consumirlas fuera de la temporada; sin embargo, como era de esperarse, \u00e9stas se fermentaron haciendo pensar al rey que ahora se hab\u00edan convertido en un letal veneno. D\u00edas despu\u00e9s, una de sus esposas desesperada por el despecio del rey, decidi\u00f3 consumir el \u00abmortal\u00bb l\u00edquido consiguiendo un efecto inesperado y distinto: felicidad absoluta.<\/p>\n<p><img loading=\"lazy\" decoding=\"async\" class=\"alignnone size-full\" src=\"https:\/\/c1.staticflickr.com\/1\/808\/26126933537_a5f11b4049_c.jpg\" width=\"800\" height=\"533\" \/><\/p>\n<p><strong><em>&gt;&gt;<a href=\"https:\/\/www.flickr.com\/photos\/reconocemx\/albums\/72157694862167885\" target=\"_blank\" rel=\"noopener\">Disfruta nuestra galer\u00eda del Circuito de Haciendas y Vi\u00f1edos de El Marqu\u00e9s<\/a>&lt;&lt;<\/em><\/strong><\/p>\n<p>Felicidad absoluta que se puede vivir a muy pocas horas de Ciudad de M\u00e9xico en el municipio Del Marqu\u00e9s en el estado de Quer\u00e9taro. Como parte del <strong>Circuito de Haciendas y Vi\u00f1edos de El Marqu\u00e9s<\/strong>, fuimos invitados hace unas semanas a vivir una probadita de las experiencias que se pueden disfrutar a minutos de la cada vez m\u00e1s boyante ciudad de Quer\u00e9taro. El viaje, con car\u00e1cter familiar, nos promet\u00eda una experiencia enotur\u00edstica inolvidable: as\u00ed fue.<\/p>\n<p>En un lapso aproximado de 24 horas nuestro recorrido nos llev\u00f3 por la noche al reci\u00e9n estrenado <strong>B &amp; B Mar\u00eda y Bernardo<\/strong>, un incre\u00edble rancho con todas las comodidades en el que llegamos a cenar. La bienvenida, como no pod\u00eda ser de otra manera, fue con vino y una posterior y exquisita cena. La hospitalidad estuvo a la altura de la ensalada, la lasa\u00f1a y la natilla que degustamos. La experiencia, aunque breve, nos dej\u00f3 con ganas de m\u00e1s; descubrir el tremendo rancho con vi\u00f1edo debe ser toda una vivencia.<\/p>\n<h1 style=\"text-align: right;\">B &amp; B Mar\u00eda y Bernardo<\/h1>\n<p style=\"text-align: right;\">N\u00famero telef\u00f3nico: +52 1 442 359 8241<br \/>\nCorreo electr\u00f3nico: <a href=\"mailto:jaime.niebro@dhbajio.com\" target=\"_blank\" rel=\"noopener\">jaime.niebro@dhbajio.com<\/a><br \/>\nFacebook: @<a href=\"https:\/\/www.facebook.com\/MariayBernardoVinos\/\" target=\"_blank\" rel=\"noopener\">MariaYBernardoVinos<\/a><\/p>\n<style>.embed-container { position: relative; padding-bottom: 56.25%; height: 0; overflow: hidden; max-width: 100%; } .embed-container iframe, .embed-container object, .embed-container embed { position: absolute; top: 0; left: 0; width: 100%; height: 100%; }<\/style>\n<div class=\"embed-container\"><iframe loading=\"lazy\" style=\"border: 0;\" src=\"https:\/\/www.google.com\/maps\/embed?pb=!1m18!1m12!1m3!1d3735.431665276243!2d-100.20473408554261!3d20.570422086248435!2m3!1f0!2f0!3f0!3m2!1i1024!2i768!4f13.1!3m3!1m2!1s0x85d368ee732b4c37%3A0x8840e8c8285d8fba!2sMaria+y+Bernardo+Hotel+y+Vi%C3%B1edo!5e0!3m2!1ses!2smx!4v1523774824936\" width=\"600\" height=\"450\" frameborder=\"0\" allowfullscreen=\"allowfullscreen\"><\/iframe><\/div>\n<p>&nbsp;<\/p>\n<p>Tras pasar la noche en un sencillo pero muy c\u00f3modo<strong> Casa Inn Quer\u00e9taro<\/strong>, el d\u00eda principal dio inicio en la preciosa <strong>Hacienda Atongo<\/strong>, una construcci\u00f3n que empez\u00f3 a edificarse en 1591 para ser finalmente concluida en 1651 con un extraordinario resultado. El sitio, que ofrece facilidades para todo tipo de eventos, es un aut\u00e9ntico oasis que gracias a que se encuentra construido sobre un manantial, permite un paisaje verde envidiable que es adem\u00e1s la raz\u00f3n principal de su espectacular y rico vi\u00f1edo.<\/p>\n<p>S\u00ed, ah\u00ed vimos nuestro primer vi\u00f1edo del recorrido. Las im\u00e1genes hablan por s\u00ed mismas: en el semidesierto del estado de Quer\u00e9taro se levantan orgullosas las uvas que terminar\u00e1n siendo el vino que har\u00e1 las delicias de quienes as\u00ed se permitan disfrutarlo. \u00a1Salud!<\/p>\n<p><img loading=\"lazy\" decoding=\"async\" class=\"alignnone size-full\" src=\"https:\/\/c1.staticflickr.com\/1\/805\/26126931307_30aa645d77_c.jpg\" width=\"800\" height=\"533\" \/><\/p>\n<p><strong><em>&gt;&gt;<a href=\"https:\/\/www.flickr.com\/photos\/reconocemx\/albums\/72157694862167885\" target=\"_blank\" rel=\"noopener\">Disfruta nuestra galer\u00eda del Circuito de Haciendas y Vi\u00f1edos de El Marqu\u00e9s<\/a>&lt;&lt;<\/em><\/strong><\/p>\n<p>En entrevista para <span style=\"color: #a81f25;\"><strong>Reconoce MX<\/strong><\/span>, <strong>Javier Pesquera de la Torre<\/strong>, uno de los responsables del vi\u00f1edo de <strong>Hacienda Atongo<\/strong>, nos comparti\u00f3 que el vi\u00f1edo que data de 2015 empezar\u00eda a cosecharse en forma en los pr\u00f3ximos meses. Como parte de las pruebas que el vi\u00f1edo realiza, en julio pr\u00f3ximo se realizar\u00e1 ya la primer vendimia del lugar, misma a la que recomendamos est\u00e9n atentos a trav\u00e9s de su sitio web y Facebook oficiales.<\/p>\n<p>\u00abQuer\u00e9taro ya tiene muchos a\u00f1os de dedicarse a la producci\u00f3n de vino; hubo un auge y despu\u00e9s se apag\u00f3\u00bb, nos comparti\u00f3 Javier mientras nos mostraba con cuidado lo que realizan en el lugar. \u00abAhora resurgi\u00f3 muy fuerte, se debe principalmente al clima y al tipo de tierra\u00bb. Para el riego, aprovechando las bondades del lugar, se utiliza un sistema de goteo.<\/p>\n<p>\u00bfLos principales retos del vi\u00f1edo? \u00abLas granizadas y las lluvias fuertes porque se puede anegar la tierra; no es bueno que se quede estancado\u00bb. \u00bfHa cambiado el clima? \u00abS\u00ed, antes uno sab\u00eda cuando empezaba algun temporal; ahora ya no, est\u00e1 muy desfasado el clima\u00bb.<\/p>\n<h1 style=\"text-align: right;\"><strong>Hacienda Atongo<\/strong><\/h1>\n<p style=\"text-align: right;\">N\u00famero telef\u00f3nico: +52 442 207 5806<br \/>\nSitio web: <a href=\"http:\/\/www.haciendaatongo.com\/\" target=\"_blank\" rel=\"noopener\">www.haciendaatongo.com<\/a><br \/>\nCorreo electr\u00f3nico: <a href=\"mailto:hacienda.atongo@gmail.com\" target=\"_blank\" rel=\"noopener\">hacienda.atongo@gmail.com<\/a><br \/>\nFacebook: @<a href=\"https:\/\/www.facebook.com\/hacienda.atongo1\" target=\"_blank\" rel=\"noopener\">hacienda.atongo1<\/a><\/p>\n<style>.embed-container { position: relative; padding-bottom: 56.25%; height: 0; overflow: hidden; max-width: 100%; } .embed-container iframe, .embed-container object, .embed-container embed { position: absolute; top: 0; left: 0; width: 100%; height: 100%; }<\/style>\n<div class=\"embed-container\"><iframe loading=\"lazy\" style=\"border: 0;\" src=\"https:\/\/www.google.com\/maps\/embed?pb=!1m18!1m12!1m3!1d3730.5006777101635!2d-100.24153528553872!3d20.771022986138526!2m3!1f0!2f0!3f0!3m2!1i1024!2i768!4f13.1!3m3!1m2!1s0x85d3601644290947%3A0xd20fcb8d987ec04d!2sHacienda+Atongo!5e0!3m2!1ses!2smx!4v1523774903580\" width=\"600\" height=\"450\" frameborder=\"0\" allowfullscreen=\"allowfullscreen\"><\/iframe><\/div>\n<p>&nbsp;<\/p>\n<p>La siguiente parada nos llev\u00f3 a <strong>Rancho Santa Marina<\/strong>, sitio donde de antemano se nos promet\u00eda una degustaci\u00f3n de quesos que en nada nos defraud\u00f3. Y es que todo mundo sabe que el vino se puede acompa\u00f1ar de gran manera con un buen queso y tambi\u00e9n con un buen pan.<\/p>\n<p><img loading=\"lazy\" decoding=\"async\" class=\"alignnone size-full\" src=\"https:\/\/c1.staticflickr.com\/1\/799\/27126861558_82326d9cc8_c.jpg\" width=\"800\" height=\"533\" \/><\/p>\n<p><strong><em>&gt;&gt;<a href=\"https:\/\/www.flickr.com\/photos\/reconocemx\/albums\/72157694862167885\" target=\"_blank\" rel=\"noopener\">Disfruta nuestra galer\u00eda del Circuito de Haciendas y Vi\u00f1edos de El Marqu\u00e9s<\/a>&lt;&lt;<\/em><\/strong><\/p>\n<p>Platicando con <strong>Margarita P\u00e9rez Rocha<\/strong>, encargada de relaciones p\u00fablicas y ventas de la empresa familiar, conocimos que el lugar tiene una historia de m\u00e1s de 30 a\u00f1os. \u00bfLa principal caracter\u00edstica? \u00abProducir alimentos sin agroqu\u00edmicos, cuidando siempre el medio ambiente y con absoluta responsabilidad social y la sustentabilidad que nos caracteriza\u00bb, afirma Margarita.<\/p>\n<p>Pero antes de probar los quesos que ya nos \u00abhac\u00edan ojitos\u00bb, pasamos a conocer a unas de las m\u00e1s importantes responsables de los manjares: las ovejas. \u00abNosotros somos pioneros en la elaboraci\u00f3n de quesos de leche de oveja en M\u00e9xico\u00bb, se\u00f1al\u00f3 orgullosa Margarita. \u00abEn M\u00e9xico a la oveja la comemos en barbacoa principalmente; usamos su lana. Fuimos nosotros quienes empezamos a orde\u00f1arlas pensando en producir alimentos\u00bb.<\/p>\n<p>El reto, sin embargo, no fue sencillo. \u00abTuvimos que trabajar en una raza que aguantara el sol queretano, porque las ovejas est\u00e1n acostumbrados a las monta\u00f1as, a los Alpes, a los Pirineos\u00bb, indic\u00f3 P\u00e9rez Rocha. \u00abFue as\u00ed que nos dedicamos a robustecerlas. Una vez que ya se ten\u00eda la raza empezamos a ver qu\u00e9 tipo de quesos nos permit\u00eda este clima y bajo qu\u00e9 condiciones. Tenemos un camino de m\u00e1s de 15 a\u00f1os de mucha experimentaci\u00f3n, de grandes logros que han sido nuestro capital de aprendizaje para poder presentarles los quesos que probar\u00e1n hoy\u00bb.<\/p>\n<p><img loading=\"lazy\" decoding=\"async\" class=\"alignnone size-full\" src=\"https:\/\/c1.staticflickr.com\/5\/4783\/27126863648_e2c281e3f1_c.jpg\" width=\"800\" height=\"533\" \/><\/p>\n<p><strong><em>&gt;&gt;<a href=\"https:\/\/www.flickr.com\/photos\/reconocemx\/albums\/72157694862167885\" target=\"_blank\" rel=\"noopener\">Disfruta nuestra galer\u00eda del Circuito de Haciendas y Vi\u00f1edos de El Marqu\u00e9s<\/a>&lt;&lt;<\/em><\/strong><\/p>\n<p>En <strong>Rancho Santa Marina<\/strong> se llegan a elaborar -dependiendo del clima- hasta 8 tipos de quesos, todos ellos maduros, o si acaso semimaduros. \u00abLa receta viene de la tradici\u00f3n francesa, sin embargo hoy por hoy hablamos de quesos mexicanos a los que les dejamos el nombre europeo para que la gente pudiera tener una referencia, pero que tienen caracter\u00edsticas propias de la regi\u00f3n en la que se producen. Aprovechamos toda la materia prima que es una leche org\u00e1nica con alto contenido nutritivo, por lo que adem\u00e1s de ser deliciosos, nuestros quesos son totalmente saludables\u00bb. \u00bfLa mejor parte? \u00abPara aquellos que tienen problemas con la intolerancia a la lactosa, no hay problema, pues \u00e9stos no tienen la lactosa que hace que el humano generalmente pase complicaciones estomacales\u00bb.<\/p>\n<p><strong>Rancho Santa Marina<\/strong> abre s\u00e1bados y domingos con recorridos a las 12:00 y 15:30 horas para adultos y ni\u00f1os; visita ideal para conocer c\u00f3mo se producen alimentos sin da\u00f1ar la naturaleza.<\/p>\n<h1 style=\"text-align: right;\"><strong>Rancho Santa Marina<\/strong><\/h1>\n<p style=\"text-align: right;\">N\u00famero telef\u00f3nico: +52 1 55 3200 7491 (celular)<br \/>\nSitio web: <a href=\"http:\/\/www.ranchosantamarina.com\/\" target=\"_blank\" rel=\"noopener\">www.ranchosantamarina.com<\/a><br \/>\nCorreo electr\u00f3nico: <a href=\"mailto:ranchosantamarina@gmail.com\" target=\"_blank\" rel=\"noopener\">ranchosantamarina@gmail.com<\/a><br \/>\nFacebook: @<a href=\"https:\/\/www.facebook.com\/ranchostamarina\" target=\"_blank\" rel=\"noopener\">ranchostamarina<\/a><\/p>\n<style>.embed-container { position: relative; padding-bottom: 56.25%; height: 0; overflow: hidden; max-width: 100%; } .embed-container iframe, .embed-container object, .embed-container embed { position: absolute; top: 0; left: 0; width: 100%; height: 100%; }<\/style>\n<div class=\"embed-container\"><iframe loading=\"lazy\" style=\"border: 0;\" src=\"https:\/\/www.google.com\/maps\/embed?pb=!1m18!1m12!1m3!1d3730.828220106445!2d-100.2850832855389!3d20.7577554861458!2m3!1f0!2f0!3f0!3m2!1i1024!2i768!4f13.1!3m3!1m2!1s0x85d36c838223fd87%3A0xbd85e19979ef89ca!2sRancho+Santa+Marina!5e0!3m2!1ses!2smx!4v1523774947300\" width=\"600\" height=\"450\" frameborder=\"0\" allowfullscreen=\"allowfullscreen\"><\/iframe><\/div>\n<p>&nbsp;<\/p>\n<p>Continuando con el family trip, llegamos a <strong>Vinos del Marqu\u00e9s<\/strong>, sitio donde con la gu\u00eda de <strong>Mauricio Rodr\u00edguez<\/strong> probamos distintos vinos que nos reslutaron deliciosos. \u00bfQu\u00e9 hace que en la regi\u00f3n se produzcan tan buenos vinos? Mauricio nos contest\u00f3: \u00abTenemos una regi\u00f3n donde existe un clima bastante noble. No tenemos mucha temperatura, lo cual nos permite alcanzar un equilibrio para qye que la planta madure de una manera m\u00e1s tranquila; por as\u00ed decirlo, no hay impacto en la uva que tiende a desgastarse donde hay climas extremos\u00bb.<\/p>\n<p><img loading=\"lazy\" decoding=\"async\" class=\"alignnone size-full\" src=\"https:\/\/c1.staticflickr.com\/5\/4780\/26126909187_36a89f384f_c.jpg\" width=\"800\" height=\"533\" \/><\/p>\n<p><strong><em>&gt;&gt;<a href=\"https:\/\/www.flickr.com\/photos\/reconocemx\/albums\/72157694862167885\" target=\"_blank\" rel=\"noopener\">Disfruta nuestra galer\u00eda del Circuito de Haciendas y Vi\u00f1edos de El Marqu\u00e9s<\/a>&lt;&lt;<\/em><\/strong><\/p>\n<p><strong>Vinos del Marqu\u00e9s<\/strong> dispone actualmente de 6 etiquetas: 1 blanco, 1 rosado, 3 tintos de gama media y 1 tinto de color amarillo paja. Para la degustaci\u00f3n, acompa\u00f1ada de una explicaci\u00f3n precisa en la que se nos guiaba por los tres sentidos utilizados para disfrutar del vino (vista, olfato y gusto), se nos acompa\u00f1\u00f3 de una tabla de quesos, una botella de agua y sobre todo un espl\u00e9ndido paisaje. Verdad de Dios, no quer\u00edamos movernos de ah\u00ed.<\/p>\n<h1 style=\"text-align: right;\"><strong>Vinos del Marqu\u00e9s<br \/>\n<\/strong><\/h1>\n<p style=\"text-align: right;\">N\u00famero telef\u00f3nico: +52 442 402 1448<br \/>\nSitio web: <a href=\"http:\/\/www.vinosdelmarques.com\/\" target=\"_blank\" rel=\"noopener\">www.vinosdelmarques.com<\/a><br \/>\nCorreo electr\u00f3nico: <a href=\"mailto:turismo@vinosdelmarques.com\" target=\"_blank\" rel=\"noopener\">turismo@vinosdelmarques.com<\/a><br \/>\nFacebook: @<a href=\"https:\/\/www.facebook.com\/vinosdelmarques\" target=\"_blank\" rel=\"noopener\">vinosdelmarques<\/a><\/p>\n<style>.embed-container { position: relative; padding-bottom: 56.25%; height: 0; overflow: hidden; max-width: 100%; } .embed-container iframe, .embed-container object, .embed-container embed { position: absolute; top: 0; left: 0; width: 100%; height: 100%; }<\/style>\n<div class=\"embed-container\"><iframe loading=\"lazy\" style=\"border: 0;\" src=\"https:\/\/www.google.com\/maps\/embed?pb=!1m18!1m12!1m3!1d3730.710322951514!2d-100.28112168553886!3d20.762531986143184!2m3!1f0!2f0!3f0!3m2!1i1024!2i768!4f13.1!3m3!1m2!1s0x85d35feb2b0b9f81%3A0x11b116517c9d847!2sVinos+del+Marques!5e0!3m2!1ses!2smx!4v1523775016902\" width=\"600\" height=\"450\" frameborder=\"0\" allowfullscreen=\"allowfullscreen\"><\/iframe><\/div>\n<p>&nbsp;<\/p>\n<p>Para cerrar con broche de oro nos dirigimos a <strong>Puerta del Lobo<\/strong>, sitio donde platicamos con <strong>Maril\u00fa Correa<\/strong>, parte de los responsables de este extraordinario lugar, as\u00ed como incanzable promotora de la cultura del vino. \u00abEste es un proyecto integral donde por sue\u00f1os, gusto y hobby por el vino, nos unimos varias personas para hacerlo realidad\u00bb, comparti\u00f3.<\/p>\n<p><img loading=\"lazy\" decoding=\"async\" class=\"alignnone size-full\" src=\"https:\/\/c1.staticflickr.com\/1\/796\/26126913527_3177444988_c.jpg\" width=\"800\" height=\"533\" \/><\/p>\n<p>\u00abEstamos trabajando muchis\u00edsimo. F\u00edjate que con toda la gente que viene d\u00eda con d\u00eda, se ve un avance, porque todos los vecinos nos asociamos y decidimos hacer la ruta de El M\u00e1rques que est\u00e1 muy cerca de Quer\u00e9taro\u00bb, indic\u00f3 Maril\u00fa sobre el proyecto que dar\u00e1 vida a una regi\u00f3n rica para disfrutarse por el turismo de todas partes del mundo. \u00abEstamos muy cerca de Quer\u00e9taro, a no m\u00e1s de 30 minutos de la capital del estado. Hay vi\u00f1edos y haciendas que decidimos juntarnos para darlo a conocer a nivel nacional y mundial\u00bb.<\/p>\n<p>En <strong>Puerta del Lobo<\/strong>, donde en un futuro se planea tener todo un sitio lleno de actividades relacionados al vino, as\u00ed como el mism\u00edsimo <strong>Museo del Vino<\/strong>, algunas de las actividades para disfrutarse son el embotellamiento de un vino propio, el recorrido por el vi\u00f1edo y la cata de vinos, as\u00ed como una comida meridaje misma que tuvimos el placer de degustar.<\/p>\n<p><a data-flickr-embed='true' href='https:\/\/www.flickr.com\/photos\/reconocemx\/albums\/72157694862167885' title='Ruta de Haciendas y Vi\u00f1edos del Marqu\u00e9s by Reconoce MX, on Flickr'><img src='https:\/\/live.staticflickr.com\/4774\/26126914937_9b29ace554_z.jpg' width='800' height='600' alt='Ruta de Haciendas y Vi\u00f1edos del Marqu\u00e9s - 05'><\/a><script async src='https:\/\/embedr.flickr.com\/assets\/client-code.js' charset='utf-8'><\/script><\/p>\n<p>A futuro los planes en <strong>Puerta del Lobo<\/strong> son muchos, mismos que ansiamos con muchas ganas poder disfrutar pronto. De entrada conocer todo el proceso que implica el realizar un vino que terminar\u00e1 en nuestros paladares, fue un perfecto cierre para este recorrido que nos hace reafirmar en el<strong> Circuito de Haciendas y Vi\u00f1edos de El Marqu\u00e9s<\/strong> como un extraoedinario plan para escapar el fin de semana del ajetreo cotidiano de Ciudad de M\u00e9xico.<\/p>\n<h1 style=\"text-align: right;\"><strong>Puerta del Lobo<br \/>\n<\/strong><\/h1>\n<p style=\"text-align: right;\">N\u00famero telef\u00f3nico: +52 442 245 0941<br \/>\nSitio web: <a href=\"http:\/\/www.puertadellobo.mx\/\" target=\"_blank\" rel=\"noopener\">www.puertadellobo.mx<\/a><br \/>\nCorreo electr\u00f3nico: <a href=\"mailto:info@puertadellobo.mx\" target=\"_blank\" rel=\"noopener\">info@puertadellobo.mx<\/a><br \/>\nFacebook: @<a href=\"https:\/\/www.facebook.com\/puertadellobo\" target=\"_blank\" rel=\"noopener\">puertadellobo<\/a><br \/>\nTwitter: @<a href=\"https:\/\/twitter.com\/puertadellobo\" target=\"_blank\" rel=\"noopener\">PuertaDelLobo<\/a><\/p>\n<style>.embed-container { position: relative; padding-bottom: 56.25%; height: 0; overflow: hidden; max-width: 100%; } .embed-container iframe, .embed-container object, .embed-container embed { position: absolute; top: 0; left: 0; width: 100%; height: 100%; }<\/style>\n<div class=\"embed-container\"><iframe loading=\"lazy\" style=\"border: 0;\" src=\"https:\/\/www.google.com\/maps\/embed?pb=!1m18!1m12!1m3!1d3732.246420390013!2d-100.2033453855401!3d20.700215786177253!2m3!1f0!2f0!3f0!3m2!1i1024!2i768!4f13.1!3m3!1m2!1s0x85d361322f4047ab%3A0x5876f77681ec746b!2sPuerta+del+Lobo+Queretaro!5e0!3m2!1ses!2smx!4v1523775066156\" width=\"600\" height=\"450\" frameborder=\"0\" allowfullscreen=\"allowfullscreen\"><\/iframe><\/div>\n<p>&nbsp;<\/p>\n<p>Con un extraordinario sabor de boca, con el coraz\u00f3n y el alma contentos, terminamos nuestro recorrido por una de las zonas de mayor crecimiento en el pa\u00eds. La apuesta que el municipio de <strong>El Marqu\u00e9s<\/strong> realiza con este circuito es grande, y esperamos que pronto rinda frutos para beneficio de quienes est\u00e1n trabajando en la regi\u00f3n. Una experiencia inolvidable que no dudamos en recomendar; una vivencia que seguramente volveremos a experimentar, con m\u00e1s calma.<\/p>\n<p>Para conocer m\u00e1s de las experiencias en cada uno de los sitios presentados, no dudes en ponerte en contacto. Existen planes para escaparse un mismo d\u00eda, o todo un fin de semana; y s\u00ed, desde luego, varios d\u00edas m\u00e1s. Eso s\u00ed, si te lanzas, \u00bfnos compartes tu vivencia?<\/p>\n<p>&nbsp;<\/p>\n<p>&nbsp;<\/p>\n","protected":false},"excerpt":{"rendered":"<p>Cuenta la leyenda que un rey de Babilonia almacen\u00f3 en el s\u00f3tano de su palacio una muy buena cantidad de uvas con la intenci\u00f3n de consumirlas fuera de la temporada; sin embargo, como era de esperarse, \u00e9stas se fermentaron haciendo pensar al rey que ahora se hab\u00edan convertido en un letal veneno.<\/p>\n","protected":false},"author":2,"featured_media":72232,"comment_status":"open","ping_status":"open","sticky":false,"template":"","format":"standard","meta":{"footnotes":""},"categories":[3,2669,17],"tags":[],"class_list":["post-72230","post","type-post","status-publish","format-standard","has-post-thumbnail","hentry","category-ciudad","category-escapate-de-fin-de-semana","category-principal"],"yoast_head":"<!-- This site is optimized with the Yoast SEO plugin v24.7 - https:\/\/yoast.com\/wordpress\/plugins\/seo\/ -->\n<title>Un fin de semana entre vinos y quesos en El Marqu\u00e9s, Quer\u00e9taro &#171; Reconoce MX<\/title>\n<meta name=\"robots\" content=\"index, follow, max-snippet:-1, max-image-preview:large, max-video-preview:-1\" \/>\n<link rel=\"canonical\" href=\"http:\/\/www.reconoce.mx\/?p=72230\" \/>\n<meta property=\"og:locale\" content=\"es_ES\" \/>\n<meta property=\"og:type\" content=\"article\" \/>\n<meta property=\"og:title\" content=\"Un fin de semana entre vinos y quesos en El Marqu\u00e9s, Quer\u00e9taro &#171; Reconoce MX\" \/>\n<meta property=\"og:description\" content=\"Cuenta la leyenda que un rey de Babilonia almacen\u00f3 en el s\u00f3tano de su palacio una muy buena cantidad de uvas con la intenci\u00f3n de consumirlas fuera de la temporada; sin embargo, como era de esperarse, \u00e9stas se fermentaron haciendo pensar al rey que ahora se hab\u00edan convertido en un letal veneno.\" \/>\n<meta property=\"og:url\" content=\"http:\/\/www.reconoce.mx\/?p=72230\" \/>\n<meta property=\"og:site_name\" content=\"Reconoce MX\" \/>\n<meta property=\"article:publisher\" content=\"https:\/\/es-la.facebook.com\/ReconoceMX\/\" \/>\n<meta property=\"article:published_time\" content=\"2018-04-18T05:06:22+00:00\" \/>\n<meta property=\"og:image\" content=\"http:\/\/www.reconoce.mx\/wp-content\/uploads\/2018\/04\/vi\u00f1edos-marqu\u00e9s.jpg\" \/>\n\t<meta property=\"og:image:width\" content=\"590\" \/>\n\t<meta property=\"og:image:height\" content=\"380\" \/>\n\t<meta property=\"og:image:type\" content=\"image\/jpeg\" \/>\n<meta name=\"author\" content=\"Reconoce MX\" \/>\n<meta name=\"twitter:card\" content=\"summary_large_image\" \/>\n<meta name=\"twitter:creator\" content=\"@reconocemx\" \/>\n<meta name=\"twitter:site\" content=\"@reconocemx\" \/>\n<meta name=\"twitter:label1\" content=\"Escrito por\" \/>\n\t<meta name=\"twitter:data1\" content=\"Reconoce MX\" \/>\n\t<meta name=\"twitter:label2\" content=\"Tiempo de lectura\" \/>\n\t<meta name=\"twitter:data2\" content=\"9 minutos\" \/>\n<script type=\"application\/ld+json\" class=\"yoast-schema-graph\">{\"@context\":\"https:\/\/schema.org\",\"@graph\":[{\"@type\":\"Article\",\"@id\":\"http:\/\/www.reconoce.mx\/?p=72230#article\",\"isPartOf\":{\"@id\":\"http:\/\/www.reconoce.mx\/?p=72230\"},\"author\":{\"name\":\"Reconoce MX\",\"@id\":\"http:\/\/www.reconoce.mx\/#\/schema\/person\/2117e997d7051dc15d6880eaf9bca0b2\"},\"headline\":\"Un fin de semana entre vinos y quesos en El Marqu\u00e9s, Quer\u00e9taro\",\"datePublished\":\"2018-04-18T05:06:22+00:00\",\"mainEntityOfPage\":{\"@id\":\"http:\/\/www.reconoce.mx\/?p=72230\"},\"wordCount\":1884,\"commentCount\":0,\"publisher\":{\"@id\":\"http:\/\/www.reconoce.mx\/#organization\"},\"image\":{\"@id\":\"http:\/\/www.reconoce.mx\/?p=72230#primaryimage\"},\"thumbnailUrl\":\"http:\/\/www.reconoce.mx\/wp-content\/uploads\/2018\/04\/vi\u00f1edos-marqu\u00e9s.jpg\",\"articleSection\":[\"Ciudad\",\"Esc\u00e1pate de fin de semana\",\"Principal\"],\"inLanguage\":\"es\",\"potentialAction\":[{\"@type\":\"CommentAction\",\"name\":\"Comment\",\"target\":[\"http:\/\/www.reconoce.mx\/?p=72230#respond\"]}]},{\"@type\":\"WebPage\",\"@id\":\"http:\/\/www.reconoce.mx\/?p=72230\",\"url\":\"http:\/\/www.reconoce.mx\/?p=72230\",\"name\":\"Un fin de semana entre vinos y quesos en El Marqu\u00e9s, Quer\u00e9taro &#171; Reconoce MX\",\"isPartOf\":{\"@id\":\"http:\/\/www.reconoce.mx\/#website\"},\"primaryImageOfPage\":{\"@id\":\"http:\/\/www.reconoce.mx\/?p=72230#primaryimage\"},\"image\":{\"@id\":\"http:\/\/www.reconoce.mx\/?p=72230#primaryimage\"},\"thumbnailUrl\":\"http:\/\/www.reconoce.mx\/wp-content\/uploads\/2018\/04\/vi\u00f1edos-marqu\u00e9s.jpg\",\"datePublished\":\"2018-04-18T05:06:22+00:00\",\"breadcrumb\":{\"@id\":\"http:\/\/www.reconoce.mx\/?p=72230#breadcrumb\"},\"inLanguage\":\"es\",\"potentialAction\":[{\"@type\":\"ReadAction\",\"target\":[\"http:\/\/www.reconoce.mx\/?p=72230\"]}]},{\"@type\":\"ImageObject\",\"inLanguage\":\"es\",\"@id\":\"http:\/\/www.reconoce.mx\/?p=72230#primaryimage\",\"url\":\"http:\/\/www.reconoce.mx\/wp-content\/uploads\/2018\/04\/vi\u00f1edos-marqu\u00e9s.jpg\",\"contentUrl\":\"http:\/\/www.reconoce.mx\/wp-content\/uploads\/2018\/04\/vi\u00f1edos-marqu\u00e9s.jpg\",\"width\":590,\"height\":380},{\"@type\":\"BreadcrumbList\",\"@id\":\"http:\/\/www.reconoce.mx\/?p=72230#breadcrumb\",\"itemListElement\":[{\"@type\":\"ListItem\",\"position\":1,\"name\":\"Portada\",\"item\":\"http:\/\/www.reconoce.mx\/\"},{\"@type\":\"ListItem\",\"position\":2,\"name\":\"Un fin de semana entre vinos y quesos en El Marqu\u00e9s, Quer\u00e9taro\"}]},{\"@type\":\"WebSite\",\"@id\":\"http:\/\/www.reconoce.mx\/#website\",\"url\":\"http:\/\/www.reconoce.mx\/\",\"name\":\"Reconoce MX\",\"description\":\"En Reconoce MX difundimos arte, cultura y conciencia social en M\u00e9xico. Tu ciudad en otra perspectiva.\",\"publisher\":{\"@id\":\"http:\/\/www.reconoce.mx\/#organization\"},\"potentialAction\":[{\"@type\":\"SearchAction\",\"target\":{\"@type\":\"EntryPoint\",\"urlTemplate\":\"http:\/\/www.reconoce.mx\/?s={search_term_string}\"},\"query-input\":{\"@type\":\"PropertyValueSpecification\",\"valueRequired\":true,\"valueName\":\"search_term_string\"}}],\"inLanguage\":\"es\"},{\"@type\":\"Organization\",\"@id\":\"http:\/\/www.reconoce.mx\/#organization\",\"name\":\"Reconoce MX\",\"url\":\"http:\/\/www.reconoce.mx\/\",\"logo\":{\"@type\":\"ImageObject\",\"inLanguage\":\"es\",\"@id\":\"http:\/\/www.reconoce.mx\/#\/schema\/logo\/image\/\",\"url\":\"https:\/\/www.reconoce.mx\/wp-content\/uploads\/2019\/03\/logorcmx-good-1.png\",\"contentUrl\":\"https:\/\/www.reconoce.mx\/wp-content\/uploads\/2019\/03\/logorcmx-good-1.png\",\"width\":280,\"height\":90,\"caption\":\"Reconoce MX\"},\"image\":{\"@id\":\"http:\/\/www.reconoce.mx\/#\/schema\/logo\/image\/\"},\"sameAs\":[\"https:\/\/es-la.facebook.com\/ReconoceMX\/\",\"https:\/\/x.com\/reconocemx\",\"http:\/\/@reconocemx\"]},{\"@type\":\"Person\",\"@id\":\"http:\/\/www.reconoce.mx\/#\/schema\/person\/2117e997d7051dc15d6880eaf9bca0b2\",\"name\":\"Reconoce MX\",\"image\":{\"@type\":\"ImageObject\",\"inLanguage\":\"es\",\"@id\":\"http:\/\/www.reconoce.mx\/#\/schema\/person\/image\/\",\"url\":\"https:\/\/secure.gravatar.com\/avatar\/6c8d4dc7569ca1c90c5fdcc349f839d5ddef6fe1e70b4337ead2ef1a4c43fc3a?s=96&d=identicon&r=g\",\"contentUrl\":\"https:\/\/secure.gravatar.com\/avatar\/6c8d4dc7569ca1c90c5fdcc349f839d5ddef6fe1e70b4337ead2ef1a4c43fc3a?s=96&d=identicon&r=g\",\"caption\":\"Reconoce MX\"},\"description\":\"Reconoce MX es un proyecto de difusi\u00f3n art\u00edstica, cultural y de conciencia social que est\u00e1 enfocado a difundir y fomentar el entretenimiento alternativo de calidad para todo el p\u00fablico que comparta el mismo entusiasmo.\",\"sameAs\":[\"http:\/\/www.reconoce.mx\"],\"url\":\"http:\/\/www.reconoce.mx\/?author=2\"}]}<\/script>\n<!-- \/ Yoast SEO plugin. -->","yoast_head_json":{"title":"Un fin de semana entre vinos y quesos en El Marqu\u00e9s, Quer\u00e9taro &#171; Reconoce MX","robots":{"index":"index","follow":"follow","max-snippet":"max-snippet:-1","max-image-preview":"max-image-preview:large","max-video-preview":"max-video-preview:-1"},"canonical":"http:\/\/www.reconoce.mx\/?p=72230","og_locale":"es_ES","og_type":"article","og_title":"Un fin de semana entre vinos y quesos en El Marqu\u00e9s, Quer\u00e9taro &#171; Reconoce MX","og_description":"Cuenta la leyenda que un rey de Babilonia almacen\u00f3 en el s\u00f3tano de su palacio una muy buena cantidad de uvas con la intenci\u00f3n de consumirlas fuera de la temporada; sin embargo, como era de esperarse, \u00e9stas se fermentaron haciendo pensar al rey que ahora se hab\u00edan convertido en un letal veneno.","og_url":"http:\/\/www.reconoce.mx\/?p=72230","og_site_name":"Reconoce MX","article_publisher":"https:\/\/es-la.facebook.com\/ReconoceMX\/","article_published_time":"2018-04-18T05:06:22+00:00","og_image":[{"width":590,"height":380,"url":"http:\/\/www.reconoce.mx\/wp-content\/uploads\/2018\/04\/vi\u00f1edos-marqu\u00e9s.jpg","type":"image\/jpeg"}],"author":"Reconoce MX","twitter_card":"summary_large_image","twitter_creator":"@reconocemx","twitter_site":"@reconocemx","twitter_misc":{"Escrito por":"Reconoce MX","Tiempo de lectura":"9 minutos"},"schema":{"@context":"https:\/\/schema.org","@graph":[{"@type":"Article","@id":"http:\/\/www.reconoce.mx\/?p=72230#article","isPartOf":{"@id":"http:\/\/www.reconoce.mx\/?p=72230"},"author":{"name":"Reconoce MX","@id":"http:\/\/www.reconoce.mx\/#\/schema\/person\/2117e997d7051dc15d6880eaf9bca0b2"},"headline":"Un fin de semana entre vinos y quesos en El Marqu\u00e9s, Quer\u00e9taro","datePublished":"2018-04-18T05:06:22+00:00","mainEntityOfPage":{"@id":"http:\/\/www.reconoce.mx\/?p=72230"},"wordCount":1884,"commentCount":0,"publisher":{"@id":"http:\/\/www.reconoce.mx\/#organization"},"image":{"@id":"http:\/\/www.reconoce.mx\/?p=72230#primaryimage"},"thumbnailUrl":"http:\/\/www.reconoce.mx\/wp-content\/uploads\/2018\/04\/vi\u00f1edos-marqu\u00e9s.jpg","articleSection":["Ciudad","Esc\u00e1pate de fin de semana","Principal"],"inLanguage":"es","potentialAction":[{"@type":"CommentAction","name":"Comment","target":["http:\/\/www.reconoce.mx\/?p=72230#respond"]}]},{"@type":"WebPage","@id":"http:\/\/www.reconoce.mx\/?p=72230","url":"http:\/\/www.reconoce.mx\/?p=72230","name":"Un fin de semana entre vinos y quesos en El Marqu\u00e9s, Quer\u00e9taro &#171; Reconoce MX","isPartOf":{"@id":"http:\/\/www.reconoce.mx\/#website"},"primaryImageOfPage":{"@id":"http:\/\/www.reconoce.mx\/?p=72230#primaryimage"},"image":{"@id":"http:\/\/www.reconoce.mx\/?p=72230#primaryimage"},"thumbnailUrl":"http:\/\/www.reconoce.mx\/wp-content\/uploads\/2018\/04\/vi\u00f1edos-marqu\u00e9s.jpg","datePublished":"2018-04-18T05:06:22+00:00","breadcrumb":{"@id":"http:\/\/www.reconoce.mx\/?p=72230#breadcrumb"},"inLanguage":"es","potentialAction":[{"@type":"ReadAction","target":["http:\/\/www.reconoce.mx\/?p=72230"]}]},{"@type":"ImageObject","inLanguage":"es","@id":"http:\/\/www.reconoce.mx\/?p=72230#primaryimage","url":"http:\/\/www.reconoce.mx\/wp-content\/uploads\/2018\/04\/vi\u00f1edos-marqu\u00e9s.jpg","contentUrl":"http:\/\/www.reconoce.mx\/wp-content\/uploads\/2018\/04\/vi\u00f1edos-marqu\u00e9s.jpg","width":590,"height":380},{"@type":"BreadcrumbList","@id":"http:\/\/www.reconoce.mx\/?p=72230#breadcrumb","itemListElement":[{"@type":"ListItem","position":1,"name":"Portada","item":"http:\/\/www.reconoce.mx\/"},{"@type":"ListItem","position":2,"name":"Un fin de semana entre vinos y quesos en El Marqu\u00e9s, Quer\u00e9taro"}]},{"@type":"WebSite","@id":"http:\/\/www.reconoce.mx\/#website","url":"http:\/\/www.reconoce.mx\/","name":"Reconoce MX","description":"En Reconoce MX difundimos arte, cultura y conciencia social en M\u00e9xico. Tu ciudad en otra perspectiva.","publisher":{"@id":"http:\/\/www.reconoce.mx\/#organization"},"potentialAction":[{"@type":"SearchAction","target":{"@type":"EntryPoint","urlTemplate":"http:\/\/www.reconoce.mx\/?s={search_term_string}"},"query-input":{"@type":"PropertyValueSpecification","valueRequired":true,"valueName":"search_term_string"}}],"inLanguage":"es"},{"@type":"Organization","@id":"http:\/\/www.reconoce.mx\/#organization","name":"Reconoce MX","url":"http:\/\/www.reconoce.mx\/","logo":{"@type":"ImageObject","inLanguage":"es","@id":"http:\/\/www.reconoce.mx\/#\/schema\/logo\/image\/","url":"https:\/\/www.reconoce.mx\/wp-content\/uploads\/2019\/03\/logorcmx-good-1.png","contentUrl":"https:\/\/www.reconoce.mx\/wp-content\/uploads\/2019\/03\/logorcmx-good-1.png","width":280,"height":90,"caption":"Reconoce MX"},"image":{"@id":"http:\/\/www.reconoce.mx\/#\/schema\/logo\/image\/"},"sameAs":["https:\/\/es-la.facebook.com\/ReconoceMX\/","https:\/\/x.com\/reconocemx","http:\/\/@reconocemx"]},{"@type":"Person","@id":"http:\/\/www.reconoce.mx\/#\/schema\/person\/2117e997d7051dc15d6880eaf9bca0b2","name":"Reconoce MX","image":{"@type":"ImageObject","inLanguage":"es","@id":"http:\/\/www.reconoce.mx\/#\/schema\/person\/image\/","url":"https:\/\/secure.gravatar.com\/avatar\/6c8d4dc7569ca1c90c5fdcc349f839d5ddef6fe1e70b4337ead2ef1a4c43fc3a?s=96&d=identicon&r=g","contentUrl":"https:\/\/secure.gravatar.com\/avatar\/6c8d4dc7569ca1c90c5fdcc349f839d5ddef6fe1e70b4337ead2ef1a4c43fc3a?s=96&d=identicon&r=g","caption":"Reconoce MX"},"description":"Reconoce MX es un proyecto de difusi\u00f3n art\u00edstica, cultural y de conciencia social que est\u00e1 enfocado a difundir y fomentar el entretenimiento alternativo de calidad para todo el p\u00fablico que comparta el mismo entusiasmo.","sameAs":["http:\/\/www.reconoce.mx"],"url":"http:\/\/www.reconoce.mx\/?author=2"}]}},"_links":{"self":[{"href":"http:\/\/www.reconoce.mx\/index.php?rest_route=\/wp\/v2\/posts\/72230","targetHints":{"allow":["GET"]}}],"collection":[{"href":"http:\/\/www.reconoce.mx\/index.php?rest_route=\/wp\/v2\/posts"}],"about":[{"href":"http:\/\/www.reconoce.mx\/index.php?rest_route=\/wp\/v2\/types\/post"}],"author":[{"embeddable":true,"href":"http:\/\/www.reconoce.mx\/index.php?rest_route=\/wp\/v2\/users\/2"}],"replies":[{"embeddable":true,"href":"http:\/\/www.reconoce.mx\/index.php?rest_route=%2Fwp%2Fv2%2Fcomments&post=72230"}],"version-history":[{"count":7,"href":"http:\/\/www.reconoce.mx\/index.php?rest_route=\/wp\/v2\/posts\/72230\/revisions"}],"predecessor-version":[{"id":72243,"href":"http:\/\/www.reconoce.mx\/index.php?rest_route=\/wp\/v2\/posts\/72230\/revisions\/72243"}],"wp:featuredmedia":[{"embeddable":true,"href":"http:\/\/www.reconoce.mx\/index.php?rest_route=\/wp\/v2\/media\/72232"}],"wp:attachment":[{"href":"http:\/\/www.reconoce.mx\/index.php?rest_route=%2Fwp%2Fv2%2Fmedia&parent=72230"}],"wp:term":[{"taxonomy":"category","embeddable":true,"href":"http:\/\/www.reconoce.mx\/index.php?rest_route=%2Fwp%2Fv2%2Fcategories&post=72230"},{"taxonomy":"post_tag","embeddable":true,"href":"http:\/\/www.reconoce.mx\/index.php?rest_route=%2Fwp%2Fv2%2Ftags&post=72230"}],"curies":[{"name":"wp","href":"https:\/\/api.w.org\/{rel}","templated":true}]}}