{"id":72303,"date":"2018-04-16T00:05:28","date_gmt":"2018-04-16T05:05:28","guid":{"rendered":"http:\/\/www.reconoce.mx\/?p=72303"},"modified":"2018-04-16T00:07:57","modified_gmt":"2018-04-16T05:07:57","slug":"entrevista-a-izal-elegimos-mexico-para-presentar-autoterapia","status":"publish","type":"post","link":"http:\/\/www.reconoce.mx\/?p=72303","title":{"rendered":"Entrevista a Izal: \u00abelegimos M\u00e9xico para presentar &#8216;Autoterapia'\u00bb"},"content":{"rendered":"<p><strong>Por <a href=\"https:\/\/twitter.com\/alice_freckles\" target=\"_blank\" rel=\"noopener noreferrer\">Alicia \u00c1vila Monroy<\/a>.<\/strong><\/p>\n<p>El grupo de indie rock pop, <strong>Izal<\/strong>, se prepara para visitar Ciudad de M\u00e9xico y presentar oficialmente su nuevo material discogr\u00e1fico \u00abAutoterapia\u00bb el pr\u00f3ximo 19 de abril en el<strong> Lunario del Auditorio Nacional<\/strong>.<\/p>\n<p><a href=\"http:\/\/www.reconoce.mx\/wp-content\/uploads\/2018\/04\/izal-lunario.jpg\"><img loading=\"lazy\" decoding=\"async\" class=\"aligncenter size-full wp-image-72306\" src=\"http:\/\/www.reconoce.mx\/wp-content\/uploads\/2018\/04\/izal-lunario.jpg\" alt=\"\" width=\"696\" height=\"696\" srcset=\"http:\/\/www.reconoce.mx\/wp-content\/uploads\/2018\/04\/izal-lunario.jpg 696w, http:\/\/www.reconoce.mx\/wp-content\/uploads\/2018\/04\/izal-lunario-150x150.jpg 150w, http:\/\/www.reconoce.mx\/wp-content\/uploads\/2018\/04\/izal-lunario-300x300.jpg 300w, http:\/\/www.reconoce.mx\/wp-content\/uploads\/2018\/04\/izal-lunario-65x65.jpg 65w, http:\/\/www.reconoce.mx\/wp-content\/uploads\/2018\/04\/izal-lunario-658x658.jpg 658w\" sizes=\"auto, (max-width: 696px) 100vw, 696px\" \/><\/a><\/p>\n<p>Considerado como uno de los grupos m\u00e1s exitosos dentro de la escena indie en Espa\u00f1a, estamos emocionados de su regreso a M\u00e9xico para conocer su nuevo trabajo el cual, como mencionan en la entrevista a continuaci\u00f3n, es la primera vez que har\u00e1n sonar en vivo.<\/p>\n<p>Hace unos d\u00edas tuvimos la oportunidad de platicar con <strong>Alejandro Jord\u00e1<\/strong>, baterista de la agrupaci\u00f3n, aqu\u00ed el resultado.<\/p>\n<p><span style=\"color: #a81f25;\"><strong>Reconoce MX<\/strong><\/span>: \u00bfDe qu\u00e9 va \u00abAutoterapia\u00bb?<\/p>\n<p><span style=\"color: #0aa650;\"><strong>Alejandro Jord\u00e1<\/strong><\/span>: Para nosotros, una autoterapia puede ser la m\u00fasica, es la que m\u00e1s nos ha ayudado. Es algo que nos permite ser feliz y hacer lo que nos gusta; si puede ser nuestra autoterapia, puede ser la de muchos m\u00e1s.<\/p>\n<p><span style=\"color: #a81f25;\"><strong>RCMX<\/strong><\/span>: \u00bfEste cuarto disco tiene relaci\u00f3n con los anteriores o es algo diferente?<\/p>\n<p><strong><span style=\"color: #0aa650;\">AJ<\/span><\/strong>: Creemos que sigue una evoluci\u00f3n digital. Hay una madurez en cuanto a otros discos. Llevamos muchos a\u00f1os juntos conoci\u00e9ndonos y lo reflejamos en la m\u00fasica. Ahora le dedicamos mucho m\u00e1s tiempo y dedicaci\u00f3n a hacerla y disfrutarla, y est\u00e1 reflejado aqu\u00ed. Le dedicamos tambi\u00e9n mucho m\u00e1s tiempo a ella en el estudio y cada vez le invertimos m\u00e1s tiempo a las canciones; encontramos la manera de hacerlas cada vez m\u00e1s nuestras.<\/p>\n<p><span style=\"color: #a81f25;\"><strong>RCMX<\/strong><\/span>: Si no fuera a trav\u00e9s de la m\u00fasica, qu\u00e9 otro arte o estrategia utilizar\u00edan como autoterapia?<\/p>\n<p><span style=\"color: #0aa650;\"><strong>AJ<\/strong><\/span>: A m\u00ed siempre me ha gustado la fotograf\u00eda, la cocina, viajar y conocer&#8230; Creo que ser\u00eda una mezcla de todo eso.<\/p>\n<p><span style=\"color: #a81f25;\"><strong>RCMX<\/strong><\/span>: \u00bfQu\u00e9 los llev\u00f3 a hacer este peque\u00f1o homenaje a <strong>Queen<\/strong> en \u00abTemas amables\u00bb.<\/p>\n<p><span style=\"color: #0aa650;\"><strong>AJ<\/strong><\/span>: Todos sentimos algo de amor por la banda; la amamos y la respetamos. Mikel es quien tuvo el detalle de proponerlo; tuvo este peque\u00f1o gui\u00f1o ya que ha representado mucho para \u00e9l en la m\u00fasica y para todos nosotros tambi\u00e9n.<\/p>\n<p><strong><span style=\"color: #a81f25;\">RCMX<\/span><\/strong>: \u00bfQu\u00e9 traen en manos para esta pr\u00f3xima presentaci\u00f3n en el <strong>Lunario<\/strong>?<\/p>\n<p><span style=\"color: #0aa650;\"><strong>AJ<\/strong><\/span>: El concierto ser\u00e1 muy especial, pues ser\u00e1 la primera vez que tocaremos en vivo nuestro nuevo material. Tenemos planeado hacer un recorrido por los 4 discos de <strong>Izal<\/strong> por lo que estamos muy emocionados. Elegimos M\u00e9xico para presentar \u00abAutoterapia\u00bb, material compuesto por once temas, y ser\u00e1 muy especial.<\/p>\n<p><a href=\"http:\/\/www.reconoce.mx\/wp-content\/uploads\/2018\/04\/izal-firma.jpg\"><img loading=\"lazy\" decoding=\"async\" class=\"aligncenter size-full wp-image-72305\" src=\"http:\/\/www.reconoce.mx\/wp-content\/uploads\/2018\/04\/izal-firma.jpg\" alt=\"\" width=\"585\" height=\"379\" srcset=\"http:\/\/www.reconoce.mx\/wp-content\/uploads\/2018\/04\/izal-firma.jpg 585w, http:\/\/www.reconoce.mx\/wp-content\/uploads\/2018\/04\/izal-firma-300x194.jpg 300w, http:\/\/www.reconoce.mx\/wp-content\/uploads\/2018\/04\/izal-firma-150x97.jpg 150w\" sizes=\"auto, (max-width: 585px) 100vw, 585px\" \/><\/a><\/p>\n<p>Esta etapa muestra, como lo menciona Alejandro, un nuevo ciclo de madurez para la banda. Este cuarto disco captura nuevos sonidos y t\u00e9cnicas que dejan ver la fortaleza de la banda as\u00ed como su dedicaci\u00f3n al proyecto. Izal deja ver con \u00abAutoterapia\u00bb la salida a aquellos pensamientos que no saben expresar de otra forma.<\/p>\n<p>Izal tocar\u00e1n el jueves 19 de abril en el<strong> Lunario del Auditorio Nacional<\/strong>. Los boletos contin\u00faan a la venta en las taquillas del inmueble y en el <a href=\"http:\/\/www.ticketmaster.com.mx\/izal-ciudad-de-mexico-distrito-federal-19-04-2018\/event\/1400538AD9DD9B42\" target=\"_blank\" rel=\"noopener\">Sistema Ticketmaster<\/a>.<\/p>\n<p>&nbsp;<\/p>\n<p>&nbsp;<\/p>\n","protected":false},"excerpt":{"rendered":"<p>El grupo de indie rock pop, Izal, se prepara para visitar Ciudad de M\u00e9xico y presentar oficialmente su nuevo material discogr\u00e1fico \u00abAutoterapia\u00bb el pr\u00f3ximo 19 de abril en el Lunario del Auditorio Nacional.<\/p>\n","protected":false},"author":2,"featured_media":72304,"comment_status":"open","ping_status":"open","sticky":false,"template":"","format":"standard","meta":{"footnotes":""},"categories":[1,18,17],"tags":[],"class_list":["post-72303","post","type-post","status-publish","format-standard","has-post-thumbnail","hentry","category-cultura","category-musica","category-principal"],"yoast_head":"<!-- This site is optimized with the Yoast SEO plugin v24.7 - https:\/\/yoast.com\/wordpress\/plugins\/seo\/ -->\n<title>Entrevista a Izal: &quot;elegimos M\u00e9xico para presentar &#039;Autoterapia&#039;&quot; &#171; Reconoce MX<\/title>\n<meta name=\"robots\" content=\"index, follow, max-snippet:-1, max-image-preview:large, max-video-preview:-1\" \/>\n<link rel=\"canonical\" href=\"http:\/\/www.reconoce.mx\/?p=72303\" \/>\n<meta property=\"og:locale\" content=\"es_ES\" \/>\n<meta property=\"og:type\" content=\"article\" \/>\n<meta property=\"og:title\" content=\"Entrevista a Izal: &quot;elegimos M\u00e9xico para presentar &#039;Autoterapia&#039;&quot; &#171; Reconoce MX\" \/>\n<meta property=\"og:description\" content=\"El grupo de indie rock pop, Izal, se prepara para visitar Ciudad de M\u00e9xico y presentar oficialmente su nuevo material discogr\u00e1fico &quot;Autoterapia&quot; el pr\u00f3ximo 19 de abril en el Lunario del Auditorio Nacional.\" \/>\n<meta property=\"og:url\" content=\"http:\/\/www.reconoce.mx\/?p=72303\" \/>\n<meta property=\"og:site_name\" content=\"Reconoce MX\" \/>\n<meta property=\"article:publisher\" content=\"https:\/\/es-la.facebook.com\/ReconoceMX\/\" \/>\n<meta property=\"article:published_time\" content=\"2018-04-16T05:05:28+00:00\" \/>\n<meta property=\"article:modified_time\" content=\"2018-04-16T05:07:57+00:00\" \/>\n<meta property=\"og:image\" content=\"http:\/\/www.reconoce.mx\/wp-content\/uploads\/2018\/04\/izal-cover.jpg\" \/>\n\t<meta property=\"og:image:width\" content=\"590\" \/>\n\t<meta property=\"og:image:height\" content=\"380\" \/>\n\t<meta property=\"og:image:type\" content=\"image\/jpeg\" \/>\n<meta name=\"author\" content=\"Reconoce MX\" \/>\n<meta name=\"twitter:card\" content=\"summary_large_image\" \/>\n<meta name=\"twitter:creator\" content=\"@reconocemx\" \/>\n<meta name=\"twitter:site\" content=\"@reconocemx\" \/>\n<meta name=\"twitter:label1\" content=\"Escrito por\" \/>\n\t<meta name=\"twitter:data1\" content=\"Reconoce MX\" \/>\n\t<meta name=\"twitter:label2\" content=\"Tiempo de lectura\" \/>\n\t<meta name=\"twitter:data2\" content=\"3 minutos\" \/>\n<script type=\"application\/ld+json\" class=\"yoast-schema-graph\">{\"@context\":\"https:\/\/schema.org\",\"@graph\":[{\"@type\":\"Article\",\"@id\":\"http:\/\/www.reconoce.mx\/?p=72303#article\",\"isPartOf\":{\"@id\":\"http:\/\/www.reconoce.mx\/?p=72303\"},\"author\":{\"name\":\"Reconoce MX\",\"@id\":\"http:\/\/www.reconoce.mx\/#\/schema\/person\/2117e997d7051dc15d6880eaf9bca0b2\"},\"headline\":\"Entrevista a Izal: \u00abelegimos M\u00e9xico para presentar &#8216;Autoterapia'\u00bb\",\"datePublished\":\"2018-04-16T05:05:28+00:00\",\"dateModified\":\"2018-04-16T05:07:57+00:00\",\"mainEntityOfPage\":{\"@id\":\"http:\/\/www.reconoce.mx\/?p=72303\"},\"wordCount\":519,\"commentCount\":0,\"publisher\":{\"@id\":\"http:\/\/www.reconoce.mx\/#organization\"},\"image\":{\"@id\":\"http:\/\/www.reconoce.mx\/?p=72303#primaryimage\"},\"thumbnailUrl\":\"http:\/\/www.reconoce.mx\/wp-content\/uploads\/2018\/04\/izal-cover.jpg\",\"articleSection\":[\"Cultura\",\"M\u00fasica\",\"Principal\"],\"inLanguage\":\"es\",\"potentialAction\":[{\"@type\":\"CommentAction\",\"name\":\"Comment\",\"target\":[\"http:\/\/www.reconoce.mx\/?p=72303#respond\"]}]},{\"@type\":\"WebPage\",\"@id\":\"http:\/\/www.reconoce.mx\/?p=72303\",\"url\":\"http:\/\/www.reconoce.mx\/?p=72303\",\"name\":\"Entrevista a Izal: \\\"elegimos M\u00e9xico para presentar 'Autoterapia'\\\" &#171; Reconoce MX\",\"isPartOf\":{\"@id\":\"http:\/\/www.reconoce.mx\/#website\"},\"primaryImageOfPage\":{\"@id\":\"http:\/\/www.reconoce.mx\/?p=72303#primaryimage\"},\"image\":{\"@id\":\"http:\/\/www.reconoce.mx\/?p=72303#primaryimage\"},\"thumbnailUrl\":\"http:\/\/www.reconoce.mx\/wp-content\/uploads\/2018\/04\/izal-cover.jpg\",\"datePublished\":\"2018-04-16T05:05:28+00:00\",\"dateModified\":\"2018-04-16T05:07:57+00:00\",\"breadcrumb\":{\"@id\":\"http:\/\/www.reconoce.mx\/?p=72303#breadcrumb\"},\"inLanguage\":\"es\",\"potentialAction\":[{\"@type\":\"ReadAction\",\"target\":[\"http:\/\/www.reconoce.mx\/?p=72303\"]}]},{\"@type\":\"ImageObject\",\"inLanguage\":\"es\",\"@id\":\"http:\/\/www.reconoce.mx\/?p=72303#primaryimage\",\"url\":\"http:\/\/www.reconoce.mx\/wp-content\/uploads\/2018\/04\/izal-cover.jpg\",\"contentUrl\":\"http:\/\/www.reconoce.mx\/wp-content\/uploads\/2018\/04\/izal-cover.jpg\",\"width\":590,\"height\":380},{\"@type\":\"BreadcrumbList\",\"@id\":\"http:\/\/www.reconoce.mx\/?p=72303#breadcrumb\",\"itemListElement\":[{\"@type\":\"ListItem\",\"position\":1,\"name\":\"Portada\",\"item\":\"http:\/\/www.reconoce.mx\/\"},{\"@type\":\"ListItem\",\"position\":2,\"name\":\"Entrevista a Izal: \u00abelegimos M\u00e9xico para presentar &#8216;Autoterapia'\u00bb\"}]},{\"@type\":\"WebSite\",\"@id\":\"http:\/\/www.reconoce.mx\/#website\",\"url\":\"http:\/\/www.reconoce.mx\/\",\"name\":\"Reconoce MX\",\"description\":\"En Reconoce MX difundimos arte, cultura y conciencia social en M\u00e9xico. Tu ciudad en otra perspectiva.\",\"publisher\":{\"@id\":\"http:\/\/www.reconoce.mx\/#organization\"},\"potentialAction\":[{\"@type\":\"SearchAction\",\"target\":{\"@type\":\"EntryPoint\",\"urlTemplate\":\"http:\/\/www.reconoce.mx\/?s={search_term_string}\"},\"query-input\":{\"@type\":\"PropertyValueSpecification\",\"valueRequired\":true,\"valueName\":\"search_term_string\"}}],\"inLanguage\":\"es\"},{\"@type\":\"Organization\",\"@id\":\"http:\/\/www.reconoce.mx\/#organization\",\"name\":\"Reconoce MX\",\"url\":\"http:\/\/www.reconoce.mx\/\",\"logo\":{\"@type\":\"ImageObject\",\"inLanguage\":\"es\",\"@id\":\"http:\/\/www.reconoce.mx\/#\/schema\/logo\/image\/\",\"url\":\"https:\/\/www.reconoce.mx\/wp-content\/uploads\/2019\/03\/logorcmx-good-1.png\",\"contentUrl\":\"https:\/\/www.reconoce.mx\/wp-content\/uploads\/2019\/03\/logorcmx-good-1.png\",\"width\":280,\"height\":90,\"caption\":\"Reconoce MX\"},\"image\":{\"@id\":\"http:\/\/www.reconoce.mx\/#\/schema\/logo\/image\/\"},\"sameAs\":[\"https:\/\/es-la.facebook.com\/ReconoceMX\/\",\"https:\/\/x.com\/reconocemx\",\"http:\/\/@reconocemx\"]},{\"@type\":\"Person\",\"@id\":\"http:\/\/www.reconoce.mx\/#\/schema\/person\/2117e997d7051dc15d6880eaf9bca0b2\",\"name\":\"Reconoce MX\",\"image\":{\"@type\":\"ImageObject\",\"inLanguage\":\"es\",\"@id\":\"http:\/\/www.reconoce.mx\/#\/schema\/person\/image\/\",\"url\":\"https:\/\/secure.gravatar.com\/avatar\/6c8d4dc7569ca1c90c5fdcc349f839d5ddef6fe1e70b4337ead2ef1a4c43fc3a?s=96&d=identicon&r=g\",\"contentUrl\":\"https:\/\/secure.gravatar.com\/avatar\/6c8d4dc7569ca1c90c5fdcc349f839d5ddef6fe1e70b4337ead2ef1a4c43fc3a?s=96&d=identicon&r=g\",\"caption\":\"Reconoce MX\"},\"description\":\"Reconoce MX es un proyecto de difusi\u00f3n art\u00edstica, cultural y de conciencia social que est\u00e1 enfocado a difundir y fomentar el entretenimiento alternativo de calidad para todo el p\u00fablico que comparta el mismo entusiasmo.\",\"sameAs\":[\"http:\/\/www.reconoce.mx\"],\"url\":\"http:\/\/www.reconoce.mx\/?author=2\"}]}<\/script>\n<!-- \/ Yoast SEO plugin. -->","yoast_head_json":{"title":"Entrevista a Izal: \"elegimos M\u00e9xico para presentar 'Autoterapia'\" &#171; Reconoce MX","robots":{"index":"index","follow":"follow","max-snippet":"max-snippet:-1","max-image-preview":"max-image-preview:large","max-video-preview":"max-video-preview:-1"},"canonical":"http:\/\/www.reconoce.mx\/?p=72303","og_locale":"es_ES","og_type":"article","og_title":"Entrevista a Izal: \"elegimos M\u00e9xico para presentar 'Autoterapia'\" &#171; Reconoce MX","og_description":"El grupo de indie rock pop, Izal, se prepara para visitar Ciudad de M\u00e9xico y presentar oficialmente su nuevo material discogr\u00e1fico \"Autoterapia\" el pr\u00f3ximo 19 de abril en el Lunario del Auditorio Nacional.","og_url":"http:\/\/www.reconoce.mx\/?p=72303","og_site_name":"Reconoce MX","article_publisher":"https:\/\/es-la.facebook.com\/ReconoceMX\/","article_published_time":"2018-04-16T05:05:28+00:00","article_modified_time":"2018-04-16T05:07:57+00:00","og_image":[{"width":590,"height":380,"url":"http:\/\/www.reconoce.mx\/wp-content\/uploads\/2018\/04\/izal-cover.jpg","type":"image\/jpeg"}],"author":"Reconoce MX","twitter_card":"summary_large_image","twitter_creator":"@reconocemx","twitter_site":"@reconocemx","twitter_misc":{"Escrito por":"Reconoce MX","Tiempo de lectura":"3 minutos"},"schema":{"@context":"https:\/\/schema.org","@graph":[{"@type":"Article","@id":"http:\/\/www.reconoce.mx\/?p=72303#article","isPartOf":{"@id":"http:\/\/www.reconoce.mx\/?p=72303"},"author":{"name":"Reconoce MX","@id":"http:\/\/www.reconoce.mx\/#\/schema\/person\/2117e997d7051dc15d6880eaf9bca0b2"},"headline":"Entrevista a Izal: \u00abelegimos M\u00e9xico para presentar &#8216;Autoterapia'\u00bb","datePublished":"2018-04-16T05:05:28+00:00","dateModified":"2018-04-16T05:07:57+00:00","mainEntityOfPage":{"@id":"http:\/\/www.reconoce.mx\/?p=72303"},"wordCount":519,"commentCount":0,"publisher":{"@id":"http:\/\/www.reconoce.mx\/#organization"},"image":{"@id":"http:\/\/www.reconoce.mx\/?p=72303#primaryimage"},"thumbnailUrl":"http:\/\/www.reconoce.mx\/wp-content\/uploads\/2018\/04\/izal-cover.jpg","articleSection":["Cultura","M\u00fasica","Principal"],"inLanguage":"es","potentialAction":[{"@type":"CommentAction","name":"Comment","target":["http:\/\/www.reconoce.mx\/?p=72303#respond"]}]},{"@type":"WebPage","@id":"http:\/\/www.reconoce.mx\/?p=72303","url":"http:\/\/www.reconoce.mx\/?p=72303","name":"Entrevista a Izal: \"elegimos M\u00e9xico para presentar 'Autoterapia'\" &#171; Reconoce MX","isPartOf":{"@id":"http:\/\/www.reconoce.mx\/#website"},"primaryImageOfPage":{"@id":"http:\/\/www.reconoce.mx\/?p=72303#primaryimage"},"image":{"@id":"http:\/\/www.reconoce.mx\/?p=72303#primaryimage"},"thumbnailUrl":"http:\/\/www.reconoce.mx\/wp-content\/uploads\/2018\/04\/izal-cover.jpg","datePublished":"2018-04-16T05:05:28+00:00","dateModified":"2018-04-16T05:07:57+00:00","breadcrumb":{"@id":"http:\/\/www.reconoce.mx\/?p=72303#breadcrumb"},"inLanguage":"es","potentialAction":[{"@type":"ReadAction","target":["http:\/\/www.reconoce.mx\/?p=72303"]}]},{"@type":"ImageObject","inLanguage":"es","@id":"http:\/\/www.reconoce.mx\/?p=72303#primaryimage","url":"http:\/\/www.reconoce.mx\/wp-content\/uploads\/2018\/04\/izal-cover.jpg","contentUrl":"http:\/\/www.reconoce.mx\/wp-content\/uploads\/2018\/04\/izal-cover.jpg","width":590,"height":380},{"@type":"BreadcrumbList","@id":"http:\/\/www.reconoce.mx\/?p=72303#breadcrumb","itemListElement":[{"@type":"ListItem","position":1,"name":"Portada","item":"http:\/\/www.reconoce.mx\/"},{"@type":"ListItem","position":2,"name":"Entrevista a Izal: \u00abelegimos M\u00e9xico para presentar &#8216;Autoterapia'\u00bb"}]},{"@type":"WebSite","@id":"http:\/\/www.reconoce.mx\/#website","url":"http:\/\/www.reconoce.mx\/","name":"Reconoce MX","description":"En Reconoce MX difundimos arte, cultura y conciencia social en M\u00e9xico. Tu ciudad en otra perspectiva.","publisher":{"@id":"http:\/\/www.reconoce.mx\/#organization"},"potentialAction":[{"@type":"SearchAction","target":{"@type":"EntryPoint","urlTemplate":"http:\/\/www.reconoce.mx\/?s={search_term_string}"},"query-input":{"@type":"PropertyValueSpecification","valueRequired":true,"valueName":"search_term_string"}}],"inLanguage":"es"},{"@type":"Organization","@id":"http:\/\/www.reconoce.mx\/#organization","name":"Reconoce MX","url":"http:\/\/www.reconoce.mx\/","logo":{"@type":"ImageObject","inLanguage":"es","@id":"http:\/\/www.reconoce.mx\/#\/schema\/logo\/image\/","url":"https:\/\/www.reconoce.mx\/wp-content\/uploads\/2019\/03\/logorcmx-good-1.png","contentUrl":"https:\/\/www.reconoce.mx\/wp-content\/uploads\/2019\/03\/logorcmx-good-1.png","width":280,"height":90,"caption":"Reconoce MX"},"image":{"@id":"http:\/\/www.reconoce.mx\/#\/schema\/logo\/image\/"},"sameAs":["https:\/\/es-la.facebook.com\/ReconoceMX\/","https:\/\/x.com\/reconocemx","http:\/\/@reconocemx"]},{"@type":"Person","@id":"http:\/\/www.reconoce.mx\/#\/schema\/person\/2117e997d7051dc15d6880eaf9bca0b2","name":"Reconoce MX","image":{"@type":"ImageObject","inLanguage":"es","@id":"http:\/\/www.reconoce.mx\/#\/schema\/person\/image\/","url":"https:\/\/secure.gravatar.com\/avatar\/6c8d4dc7569ca1c90c5fdcc349f839d5ddef6fe1e70b4337ead2ef1a4c43fc3a?s=96&d=identicon&r=g","contentUrl":"https:\/\/secure.gravatar.com\/avatar\/6c8d4dc7569ca1c90c5fdcc349f839d5ddef6fe1e70b4337ead2ef1a4c43fc3a?s=96&d=identicon&r=g","caption":"Reconoce MX"},"description":"Reconoce MX es un proyecto de difusi\u00f3n art\u00edstica, cultural y de conciencia social que est\u00e1 enfocado a difundir y fomentar el entretenimiento alternativo de calidad para todo el p\u00fablico que comparta el mismo entusiasmo.","sameAs":["http:\/\/www.reconoce.mx"],"url":"http:\/\/www.reconoce.mx\/?author=2"}]}},"_links":{"self":[{"href":"http:\/\/www.reconoce.mx\/index.php?rest_route=\/wp\/v2\/posts\/72303","targetHints":{"allow":["GET"]}}],"collection":[{"href":"http:\/\/www.reconoce.mx\/index.php?rest_route=\/wp\/v2\/posts"}],"about":[{"href":"http:\/\/www.reconoce.mx\/index.php?rest_route=\/wp\/v2\/types\/post"}],"author":[{"embeddable":true,"href":"http:\/\/www.reconoce.mx\/index.php?rest_route=\/wp\/v2\/users\/2"}],"replies":[{"embeddable":true,"href":"http:\/\/www.reconoce.mx\/index.php?rest_route=%2Fwp%2Fv2%2Fcomments&post=72303"}],"version-history":[{"count":3,"href":"http:\/\/www.reconoce.mx\/index.php?rest_route=\/wp\/v2\/posts\/72303\/revisions"}],"predecessor-version":[{"id":72309,"href":"http:\/\/www.reconoce.mx\/index.php?rest_route=\/wp\/v2\/posts\/72303\/revisions\/72309"}],"wp:featuredmedia":[{"embeddable":true,"href":"http:\/\/www.reconoce.mx\/index.php?rest_route=\/wp\/v2\/media\/72304"}],"wp:attachment":[{"href":"http:\/\/www.reconoce.mx\/index.php?rest_route=%2Fwp%2Fv2%2Fmedia&parent=72303"}],"wp:term":[{"taxonomy":"category","embeddable":true,"href":"http:\/\/www.reconoce.mx\/index.php?rest_route=%2Fwp%2Fv2%2Fcategories&post=72303"},{"taxonomy":"post_tag","embeddable":true,"href":"http:\/\/www.reconoce.mx\/index.php?rest_route=%2Fwp%2Fv2%2Ftags&post=72303"}],"curies":[{"name":"wp","href":"https:\/\/api.w.org\/{rel}","templated":true}]}}