{"id":72314,"date":"2018-04-16T00:06:11","date_gmt":"2018-04-16T05:06:11","guid":{"rendered":"http:\/\/www.reconoce.mx\/?p=72314"},"modified":"2018-04-16T00:07:39","modified_gmt":"2018-04-16T05:07:39","slug":"4-horas-de-jose-madero-en-pepsi-center-wtc-y-apenas-fueron-suficientes","status":"publish","type":"post","link":"http:\/\/www.reconoce.mx\/?p=72314","title":{"rendered":"4 horas de Jos\u00e9 Madero en Pepsi Center WTC, \u00a1y apenas fueron suficientes!"},"content":{"rendered":"<p><strong>Por <a href=\"https:\/\/twitter.com\/YessicaDaniels\" target=\"_blank\" rel=\"noopener\">Yessica Daniels<\/a><\/strong>.<\/p>\n<p>Seas o no fan de alguna banda o proyecto solista en espec\u00edfico, siempre es motivo de sorpresa que en un solo show te regalen 4 horas consecutivas de su m\u00fasica; creo que si todos los artistas hicieran lo mismo, much\u00edsimas personas invertir\u00e1n su dinero en ver a su grupo favorito, actuar en vivo, sin duda alguna. No digo que actualmente no lo hagan, claro que siempre habr\u00e1 fans de hueso colorado que siguen a sus \u00eddolos a donde sea, pero, \u00bfpor qu\u00e9 te cuento todo esto?<\/p>\n<p><img loading=\"lazy\" decoding=\"async\" class=\"alignnone size-full\" src=\"https:\/\/c1.staticflickr.com\/1\/888\/40589895895_8bfb99ea0b_c.jpg\" width=\"800\" height=\"534\" \/><\/p>\n<p><strong><em>&gt;&gt;<a href=\"https:\/\/www.flickr.com\/photos\/reconocemx\/sets\/72157667842548028\" target=\"_blank\" rel=\"noopener\">Disfruta nuestra galer\u00eda completa de Jos\u00e9 Madero en Pepsi Center WTC<\/a>&lt;&lt;<\/em><\/strong><\/p>\n<p>El pasado fin de semana estuvimos presentes en el primer <strong>Pepsi Center WTC<\/strong> del cantante regiomontano <strong>Jos\u00e9 Madero<\/strong>; digo primero, porque claro que un artista como \u00e9l, ha pisado grandes escenarios junto a su banda origen <strong>Pxndx<\/strong>, conquistando a cientos de personas desde hace varios a\u00f1os.<\/p>\n<p>Es durante el peque\u00f1o <em>break<\/em> que se est\u00e1n dando como agrupaci\u00f3n, que Madero ha incursionado en una faceta como solista, teniendo ya en el mercado 3 discos in\u00e9ditos de los cuales no ha recibido mas que buenas cr\u00edticas por parte de sus fans, y por qu\u00e9 no, tambi\u00e9n de algunos cr\u00edticos de m\u00fasica.<\/p>\n<p><img loading=\"lazy\" decoding=\"async\" class=\"alignnone size-full\" src=\"https:\/\/c1.staticflickr.com\/1\/799\/40589886805_1d45073d4e_c.jpg\" width=\"800\" height=\"534\" \/><\/p>\n<p><strong><em>&gt;&gt;<a href=\"https:\/\/www.flickr.com\/photos\/reconocemx\/sets\/72157667842548028\" target=\"_blank\" rel=\"noopener\">Disfruta nuestra galer\u00eda completa de Jos\u00e9 Madero en Pepsi Center WTC<\/a>&lt;&lt;<\/em><\/strong><\/p>\n<p>Aunque en un principio se dud\u00f3 un poco si el artista llenar\u00eda un escenario como el <strong>Pepsi Center WTC<\/strong>, el pasado s\u00e1bado 14 de abril Pepe no solo demostr\u00f3 que sus antiguos seguidores siguen consumiendo su m\u00fasica, sino que tambi\u00e9n existen nuevos fans que hicieron posible un casi <em>sould out<\/em> en el recinto de la colonia N\u00e1poles.<\/p>\n<p>Desde muy temprano pudieron observarse grandes filas de j\u00f3venes provenientes de toda la rep\u00fablica mexicana, quienes sin importar haber viajado entre 8 y 10 horas en carretera, estaban ah\u00ed al pie del ca\u00f1\u00f3n para ser testigos de un show \u00fanico en donde el cantante cantar\u00eda por completo sus 3 discos como solista y alguno que otro tema de <strong>Pxndx<\/strong>.<\/p>\n<p><img loading=\"lazy\" decoding=\"async\" class=\"alignnone size-full\" src=\"https:\/\/c1.staticflickr.com\/1\/820\/40589896505_0fbdf8da5a_c.jpg\" width=\"800\" height=\"534\" \/><\/p>\n<p><strong><em>&gt;&gt;<a href=\"https:\/\/www.flickr.com\/photos\/reconocemx\/sets\/72157665804912627\" target=\"_blank\" rel=\"noopener\">Disfruta nuestra galer\u00eda completa de Mir\u00f3 en Pepsi Center WTC<\/a>&lt;&lt;<\/em><\/strong><\/p>\n<p>La velada dio inicio con la agrupaci\u00f3n <strong>Mir\u00f3<\/strong>, quienes renovados y con nuevos retos agradecieron en todo momento al p\u00fablico por recibirlos respetuosamente; as\u00ed como tambi\u00e9n a Jos\u00e9, quien les dio la oportunidad de abrir su concierto compartiendo un escenario como el <strong>Pepsi Center WTC<\/strong> ante tantas personas. El vocalista Cuceb visti\u00f3 una camisa con el rostro de Pepe y con la leyenda \u00abPerd\u00f3name por favor\u00bb; interactu\u00f3 con los fans de manera espectacular.<\/p>\n<p>Minutos despu\u00e9s y sin m\u00e1s pre\u00e1mbulo, <strong>Jos\u00e9 Madero Vizca\u00edno<\/strong>, sali\u00f3 al escenario en compa\u00f1\u00eda de sus m\u00fasicos para dar inicio a lo que promet\u00eda ser una noche larga, pero llena de sorpresas.<\/p>\n<p><img loading=\"lazy\" decoding=\"async\" class=\"alignnone size-full\" src=\"https:\/\/c1.staticflickr.com\/1\/876\/41482853541_a99c980f8d_c.jpg\" width=\"800\" height=\"534\" \/><\/p>\n<p><strong><em>&gt;&gt;<a href=\"https:\/\/www.flickr.com\/photos\/reconocemx\/sets\/72157667842548028\" target=\"_blank\" rel=\"noopener\">Disfruta nuestra galer\u00eda completa de Jos\u00e9 Madero en Pepsi Center WTC<\/a>&lt;&lt;<\/em><\/strong><\/p>\n<p>Con una din\u00e1mica que fue agradecida por el p\u00fablico, temas combinados y salteados de sus 3 discos fueron interpretados por Pepe, a quien se le pod\u00eda ver emocionado y con ganas de gritar \u00ab\u00a1Tanto esfuerzo ha valido la pena!\u00bb, ya que para nada es f\u00e1cil abrirse camino, ahora sin sus compa\u00f1eros de su exbanda.<\/p>\n<p>Algunos temas eran acompa\u00f1ados de visuales en donde pod\u00edan observarse la letra de sus canciones, aunque para nada fueron necesarios, ya que los fans interpretaban tema por tema sin equivocarse como si se tratara de un karaoke entre amigos.<\/p>\n<p><a data-flickr-embed='true' href='https:\/\/www.flickr.com\/photos\/reconocemx\/sets\/72157667842548028' title='Jos\u00e9 Madero en Pepsi Center WTC by Reconoce MX, on Flickr'><img src='https:\/\/live.staticflickr.com\/902\/39674725880_d83db227d7_z.jpg' width='800' height='600' alt='Jos\u00e9 Madero en Pepsi Center WTC - 10'><\/a><script async src='https:\/\/embedr.flickr.com\/assets\/client-code.js' charset='utf-8'><\/script><\/p>\n<p>Digo entre amigos, porque aunque muchas personas han juzgado a <strong>Jos\u00e9 Madero<\/strong> por su manera de ser porque en ocasiones pudiera haber parecido malagradecido con sus fans, despu\u00e9s de esta importante fecha queda demostrado que ese \u00abmalagradecido y pedante\u00bb complaci\u00f3 a sus cientos de fans que se dieron cita en lugar; cumpli\u00f3 sin duda como los grandes interpretando aproximadamente 42 temas, que no cualquiera.<\/p>\n<p>&nbsp;<\/p>\n<p>&nbsp;<\/p>\n","protected":false},"excerpt":{"rendered":"<p>Seas o no fan de alguna banda o proyecto solista en espec\u00edfico, siempre es motivo de sorpresa que en un solo show te regalen 4 horas consecutivas de su m\u00fasica; creo que si todos los artistas hicieran lo mismo, much\u00edsimas personas invertir\u00e1n su dinero en ver a su grupo favorito, actuar en vivo, sin duda alguna. <\/p>\n","protected":false},"author":2,"featured_media":72315,"comment_status":"open","ping_status":"open","sticky":false,"template":"","format":"standard","meta":{"footnotes":""},"categories":[1,18,17],"tags":[],"class_list":["post-72314","post","type-post","status-publish","format-standard","has-post-thumbnail","hentry","category-cultura","category-musica","category-principal"],"yoast_head":"<!-- This site is optimized with the Yoast SEO plugin v24.7 - https:\/\/yoast.com\/wordpress\/plugins\/seo\/ -->\n<title>4 horas de Jos\u00e9 Madero en Pepsi Center WTC, \u00a1y apenas fueron suficientes! &#171; Reconoce MX<\/title>\n<meta name=\"robots\" content=\"index, follow, max-snippet:-1, max-image-preview:large, max-video-preview:-1\" \/>\n<link rel=\"canonical\" href=\"http:\/\/www.reconoce.mx\/?p=72314\" \/>\n<meta property=\"og:locale\" content=\"es_ES\" \/>\n<meta property=\"og:type\" content=\"article\" \/>\n<meta property=\"og:title\" content=\"4 horas de Jos\u00e9 Madero en Pepsi Center WTC, \u00a1y apenas fueron suficientes! &#171; Reconoce MX\" \/>\n<meta property=\"og:description\" content=\"Seas o no fan de alguna banda o proyecto solista en espec\u00edfico, siempre es motivo de sorpresa que en un solo show te regalen 4 horas consecutivas de su m\u00fasica; creo que si todos los artistas hicieran lo mismo, much\u00edsimas personas invertir\u00e1n su dinero en ver a su grupo favorito, actuar en vivo, sin duda alguna.\" \/>\n<meta property=\"og:url\" content=\"http:\/\/www.reconoce.mx\/?p=72314\" \/>\n<meta property=\"og:site_name\" content=\"Reconoce MX\" \/>\n<meta property=\"article:publisher\" content=\"https:\/\/es-la.facebook.com\/ReconoceMX\/\" \/>\n<meta property=\"article:published_time\" content=\"2018-04-16T05:06:11+00:00\" \/>\n<meta property=\"article:modified_time\" content=\"2018-04-16T05:07:39+00:00\" \/>\n<meta property=\"og:image\" content=\"http:\/\/www.reconoce.mx\/wp-content\/uploads\/2018\/04\/jos\u00e9-madero-pepsi-wtc.jpg\" \/>\n\t<meta property=\"og:image:width\" content=\"590\" \/>\n\t<meta property=\"og:image:height\" content=\"380\" \/>\n\t<meta property=\"og:image:type\" content=\"image\/jpeg\" \/>\n<meta name=\"author\" content=\"Reconoce MX\" \/>\n<meta name=\"twitter:card\" content=\"summary_large_image\" \/>\n<meta name=\"twitter:creator\" content=\"@reconocemx\" \/>\n<meta name=\"twitter:site\" content=\"@reconocemx\" \/>\n<meta name=\"twitter:label1\" content=\"Escrito por\" \/>\n\t<meta name=\"twitter:data1\" content=\"Reconoce MX\" \/>\n\t<meta name=\"twitter:label2\" content=\"Tiempo de lectura\" \/>\n\t<meta name=\"twitter:data2\" content=\"3 minutos\" \/>\n<script type=\"application\/ld+json\" class=\"yoast-schema-graph\">{\"@context\":\"https:\/\/schema.org\",\"@graph\":[{\"@type\":\"Article\",\"@id\":\"http:\/\/www.reconoce.mx\/?p=72314#article\",\"isPartOf\":{\"@id\":\"http:\/\/www.reconoce.mx\/?p=72314\"},\"author\":{\"name\":\"Reconoce MX\",\"@id\":\"http:\/\/www.reconoce.mx\/#\/schema\/person\/2117e997d7051dc15d6880eaf9bca0b2\"},\"headline\":\"4 horas de Jos\u00e9 Madero en Pepsi Center WTC, \u00a1y apenas fueron suficientes!\",\"datePublished\":\"2018-04-16T05:06:11+00:00\",\"dateModified\":\"2018-04-16T05:07:39+00:00\",\"mainEntityOfPage\":{\"@id\":\"http:\/\/www.reconoce.mx\/?p=72314\"},\"wordCount\":685,\"commentCount\":0,\"publisher\":{\"@id\":\"http:\/\/www.reconoce.mx\/#organization\"},\"image\":{\"@id\":\"http:\/\/www.reconoce.mx\/?p=72314#primaryimage\"},\"thumbnailUrl\":\"http:\/\/www.reconoce.mx\/wp-content\/uploads\/2018\/04\/jos\u00e9-madero-pepsi-wtc.jpg\",\"articleSection\":[\"Cultura\",\"M\u00fasica\",\"Principal\"],\"inLanguage\":\"es\",\"potentialAction\":[{\"@type\":\"CommentAction\",\"name\":\"Comment\",\"target\":[\"http:\/\/www.reconoce.mx\/?p=72314#respond\"]}]},{\"@type\":\"WebPage\",\"@id\":\"http:\/\/www.reconoce.mx\/?p=72314\",\"url\":\"http:\/\/www.reconoce.mx\/?p=72314\",\"name\":\"4 horas de Jos\u00e9 Madero en Pepsi Center WTC, \u00a1y apenas fueron suficientes! &#171; Reconoce MX\",\"isPartOf\":{\"@id\":\"http:\/\/www.reconoce.mx\/#website\"},\"primaryImageOfPage\":{\"@id\":\"http:\/\/www.reconoce.mx\/?p=72314#primaryimage\"},\"image\":{\"@id\":\"http:\/\/www.reconoce.mx\/?p=72314#primaryimage\"},\"thumbnailUrl\":\"http:\/\/www.reconoce.mx\/wp-content\/uploads\/2018\/04\/jos\u00e9-madero-pepsi-wtc.jpg\",\"datePublished\":\"2018-04-16T05:06:11+00:00\",\"dateModified\":\"2018-04-16T05:07:39+00:00\",\"breadcrumb\":{\"@id\":\"http:\/\/www.reconoce.mx\/?p=72314#breadcrumb\"},\"inLanguage\":\"es\",\"potentialAction\":[{\"@type\":\"ReadAction\",\"target\":[\"http:\/\/www.reconoce.mx\/?p=72314\"]}]},{\"@type\":\"ImageObject\",\"inLanguage\":\"es\",\"@id\":\"http:\/\/www.reconoce.mx\/?p=72314#primaryimage\",\"url\":\"http:\/\/www.reconoce.mx\/wp-content\/uploads\/2018\/04\/jos\u00e9-madero-pepsi-wtc.jpg\",\"contentUrl\":\"http:\/\/www.reconoce.mx\/wp-content\/uploads\/2018\/04\/jos\u00e9-madero-pepsi-wtc.jpg\",\"width\":590,\"height\":380},{\"@type\":\"BreadcrumbList\",\"@id\":\"http:\/\/www.reconoce.mx\/?p=72314#breadcrumb\",\"itemListElement\":[{\"@type\":\"ListItem\",\"position\":1,\"name\":\"Portada\",\"item\":\"http:\/\/www.reconoce.mx\/\"},{\"@type\":\"ListItem\",\"position\":2,\"name\":\"4 horas de Jos\u00e9 Madero en Pepsi Center WTC, \u00a1y apenas fueron suficientes!\"}]},{\"@type\":\"WebSite\",\"@id\":\"http:\/\/www.reconoce.mx\/#website\",\"url\":\"http:\/\/www.reconoce.mx\/\",\"name\":\"Reconoce MX\",\"description\":\"En Reconoce MX difundimos arte, cultura y conciencia social en M\u00e9xico. Tu ciudad en otra perspectiva.\",\"publisher\":{\"@id\":\"http:\/\/www.reconoce.mx\/#organization\"},\"potentialAction\":[{\"@type\":\"SearchAction\",\"target\":{\"@type\":\"EntryPoint\",\"urlTemplate\":\"http:\/\/www.reconoce.mx\/?s={search_term_string}\"},\"query-input\":{\"@type\":\"PropertyValueSpecification\",\"valueRequired\":true,\"valueName\":\"search_term_string\"}}],\"inLanguage\":\"es\"},{\"@type\":\"Organization\",\"@id\":\"http:\/\/www.reconoce.mx\/#organization\",\"name\":\"Reconoce MX\",\"url\":\"http:\/\/www.reconoce.mx\/\",\"logo\":{\"@type\":\"ImageObject\",\"inLanguage\":\"es\",\"@id\":\"http:\/\/www.reconoce.mx\/#\/schema\/logo\/image\/\",\"url\":\"https:\/\/www.reconoce.mx\/wp-content\/uploads\/2019\/03\/logorcmx-good-1.png\",\"contentUrl\":\"https:\/\/www.reconoce.mx\/wp-content\/uploads\/2019\/03\/logorcmx-good-1.png\",\"width\":280,\"height\":90,\"caption\":\"Reconoce MX\"},\"image\":{\"@id\":\"http:\/\/www.reconoce.mx\/#\/schema\/logo\/image\/\"},\"sameAs\":[\"https:\/\/es-la.facebook.com\/ReconoceMX\/\",\"https:\/\/x.com\/reconocemx\",\"http:\/\/@reconocemx\"]},{\"@type\":\"Person\",\"@id\":\"http:\/\/www.reconoce.mx\/#\/schema\/person\/2117e997d7051dc15d6880eaf9bca0b2\",\"name\":\"Reconoce MX\",\"image\":{\"@type\":\"ImageObject\",\"inLanguage\":\"es\",\"@id\":\"http:\/\/www.reconoce.mx\/#\/schema\/person\/image\/\",\"url\":\"https:\/\/secure.gravatar.com\/avatar\/6c8d4dc7569ca1c90c5fdcc349f839d5ddef6fe1e70b4337ead2ef1a4c43fc3a?s=96&d=identicon&r=g\",\"contentUrl\":\"https:\/\/secure.gravatar.com\/avatar\/6c8d4dc7569ca1c90c5fdcc349f839d5ddef6fe1e70b4337ead2ef1a4c43fc3a?s=96&d=identicon&r=g\",\"caption\":\"Reconoce MX\"},\"description\":\"Reconoce MX es un proyecto de difusi\u00f3n art\u00edstica, cultural y de conciencia social que est\u00e1 enfocado a difundir y fomentar el entretenimiento alternativo de calidad para todo el p\u00fablico que comparta el mismo entusiasmo.\",\"sameAs\":[\"http:\/\/www.reconoce.mx\"],\"url\":\"http:\/\/www.reconoce.mx\/?author=2\"}]}<\/script>\n<!-- \/ Yoast SEO plugin. -->","yoast_head_json":{"title":"4 horas de Jos\u00e9 Madero en Pepsi Center WTC, \u00a1y apenas fueron suficientes! &#171; Reconoce MX","robots":{"index":"index","follow":"follow","max-snippet":"max-snippet:-1","max-image-preview":"max-image-preview:large","max-video-preview":"max-video-preview:-1"},"canonical":"http:\/\/www.reconoce.mx\/?p=72314","og_locale":"es_ES","og_type":"article","og_title":"4 horas de Jos\u00e9 Madero en Pepsi Center WTC, \u00a1y apenas fueron suficientes! &#171; Reconoce MX","og_description":"Seas o no fan de alguna banda o proyecto solista en espec\u00edfico, siempre es motivo de sorpresa que en un solo show te regalen 4 horas consecutivas de su m\u00fasica; creo que si todos los artistas hicieran lo mismo, much\u00edsimas personas invertir\u00e1n su dinero en ver a su grupo favorito, actuar en vivo, sin duda alguna.","og_url":"http:\/\/www.reconoce.mx\/?p=72314","og_site_name":"Reconoce MX","article_publisher":"https:\/\/es-la.facebook.com\/ReconoceMX\/","article_published_time":"2018-04-16T05:06:11+00:00","article_modified_time":"2018-04-16T05:07:39+00:00","og_image":[{"width":590,"height":380,"url":"http:\/\/www.reconoce.mx\/wp-content\/uploads\/2018\/04\/jos\u00e9-madero-pepsi-wtc.jpg","type":"image\/jpeg"}],"author":"Reconoce MX","twitter_card":"summary_large_image","twitter_creator":"@reconocemx","twitter_site":"@reconocemx","twitter_misc":{"Escrito por":"Reconoce MX","Tiempo de lectura":"3 minutos"},"schema":{"@context":"https:\/\/schema.org","@graph":[{"@type":"Article","@id":"http:\/\/www.reconoce.mx\/?p=72314#article","isPartOf":{"@id":"http:\/\/www.reconoce.mx\/?p=72314"},"author":{"name":"Reconoce MX","@id":"http:\/\/www.reconoce.mx\/#\/schema\/person\/2117e997d7051dc15d6880eaf9bca0b2"},"headline":"4 horas de Jos\u00e9 Madero en Pepsi Center WTC, \u00a1y apenas fueron suficientes!","datePublished":"2018-04-16T05:06:11+00:00","dateModified":"2018-04-16T05:07:39+00:00","mainEntityOfPage":{"@id":"http:\/\/www.reconoce.mx\/?p=72314"},"wordCount":685,"commentCount":0,"publisher":{"@id":"http:\/\/www.reconoce.mx\/#organization"},"image":{"@id":"http:\/\/www.reconoce.mx\/?p=72314#primaryimage"},"thumbnailUrl":"http:\/\/www.reconoce.mx\/wp-content\/uploads\/2018\/04\/jos\u00e9-madero-pepsi-wtc.jpg","articleSection":["Cultura","M\u00fasica","Principal"],"inLanguage":"es","potentialAction":[{"@type":"CommentAction","name":"Comment","target":["http:\/\/www.reconoce.mx\/?p=72314#respond"]}]},{"@type":"WebPage","@id":"http:\/\/www.reconoce.mx\/?p=72314","url":"http:\/\/www.reconoce.mx\/?p=72314","name":"4 horas de Jos\u00e9 Madero en Pepsi Center WTC, \u00a1y apenas fueron suficientes! &#171; Reconoce MX","isPartOf":{"@id":"http:\/\/www.reconoce.mx\/#website"},"primaryImageOfPage":{"@id":"http:\/\/www.reconoce.mx\/?p=72314#primaryimage"},"image":{"@id":"http:\/\/www.reconoce.mx\/?p=72314#primaryimage"},"thumbnailUrl":"http:\/\/www.reconoce.mx\/wp-content\/uploads\/2018\/04\/jos\u00e9-madero-pepsi-wtc.jpg","datePublished":"2018-04-16T05:06:11+00:00","dateModified":"2018-04-16T05:07:39+00:00","breadcrumb":{"@id":"http:\/\/www.reconoce.mx\/?p=72314#breadcrumb"},"inLanguage":"es","potentialAction":[{"@type":"ReadAction","target":["http:\/\/www.reconoce.mx\/?p=72314"]}]},{"@type":"ImageObject","inLanguage":"es","@id":"http:\/\/www.reconoce.mx\/?p=72314#primaryimage","url":"http:\/\/www.reconoce.mx\/wp-content\/uploads\/2018\/04\/jos\u00e9-madero-pepsi-wtc.jpg","contentUrl":"http:\/\/www.reconoce.mx\/wp-content\/uploads\/2018\/04\/jos\u00e9-madero-pepsi-wtc.jpg","width":590,"height":380},{"@type":"BreadcrumbList","@id":"http:\/\/www.reconoce.mx\/?p=72314#breadcrumb","itemListElement":[{"@type":"ListItem","position":1,"name":"Portada","item":"http:\/\/www.reconoce.mx\/"},{"@type":"ListItem","position":2,"name":"4 horas de Jos\u00e9 Madero en Pepsi Center WTC, \u00a1y apenas fueron suficientes!"}]},{"@type":"WebSite","@id":"http:\/\/www.reconoce.mx\/#website","url":"http:\/\/www.reconoce.mx\/","name":"Reconoce MX","description":"En Reconoce MX difundimos arte, cultura y conciencia social en M\u00e9xico. Tu ciudad en otra perspectiva.","publisher":{"@id":"http:\/\/www.reconoce.mx\/#organization"},"potentialAction":[{"@type":"SearchAction","target":{"@type":"EntryPoint","urlTemplate":"http:\/\/www.reconoce.mx\/?s={search_term_string}"},"query-input":{"@type":"PropertyValueSpecification","valueRequired":true,"valueName":"search_term_string"}}],"inLanguage":"es"},{"@type":"Organization","@id":"http:\/\/www.reconoce.mx\/#organization","name":"Reconoce MX","url":"http:\/\/www.reconoce.mx\/","logo":{"@type":"ImageObject","inLanguage":"es","@id":"http:\/\/www.reconoce.mx\/#\/schema\/logo\/image\/","url":"https:\/\/www.reconoce.mx\/wp-content\/uploads\/2019\/03\/logorcmx-good-1.png","contentUrl":"https:\/\/www.reconoce.mx\/wp-content\/uploads\/2019\/03\/logorcmx-good-1.png","width":280,"height":90,"caption":"Reconoce MX"},"image":{"@id":"http:\/\/www.reconoce.mx\/#\/schema\/logo\/image\/"},"sameAs":["https:\/\/es-la.facebook.com\/ReconoceMX\/","https:\/\/x.com\/reconocemx","http:\/\/@reconocemx"]},{"@type":"Person","@id":"http:\/\/www.reconoce.mx\/#\/schema\/person\/2117e997d7051dc15d6880eaf9bca0b2","name":"Reconoce MX","image":{"@type":"ImageObject","inLanguage":"es","@id":"http:\/\/www.reconoce.mx\/#\/schema\/person\/image\/","url":"https:\/\/secure.gravatar.com\/avatar\/6c8d4dc7569ca1c90c5fdcc349f839d5ddef6fe1e70b4337ead2ef1a4c43fc3a?s=96&d=identicon&r=g","contentUrl":"https:\/\/secure.gravatar.com\/avatar\/6c8d4dc7569ca1c90c5fdcc349f839d5ddef6fe1e70b4337ead2ef1a4c43fc3a?s=96&d=identicon&r=g","caption":"Reconoce MX"},"description":"Reconoce MX es un proyecto de difusi\u00f3n art\u00edstica, cultural y de conciencia social que est\u00e1 enfocado a difundir y fomentar el entretenimiento alternativo de calidad para todo el p\u00fablico que comparta el mismo entusiasmo.","sameAs":["http:\/\/www.reconoce.mx"],"url":"http:\/\/www.reconoce.mx\/?author=2"}]}},"_links":{"self":[{"href":"http:\/\/www.reconoce.mx\/index.php?rest_route=\/wp\/v2\/posts\/72314","targetHints":{"allow":["GET"]}}],"collection":[{"href":"http:\/\/www.reconoce.mx\/index.php?rest_route=\/wp\/v2\/posts"}],"about":[{"href":"http:\/\/www.reconoce.mx\/index.php?rest_route=\/wp\/v2\/types\/post"}],"author":[{"embeddable":true,"href":"http:\/\/www.reconoce.mx\/index.php?rest_route=\/wp\/v2\/users\/2"}],"replies":[{"embeddable":true,"href":"http:\/\/www.reconoce.mx\/index.php?rest_route=%2Fwp%2Fv2%2Fcomments&post=72314"}],"version-history":[{"count":2,"href":"http:\/\/www.reconoce.mx\/index.php?rest_route=\/wp\/v2\/posts\/72314\/revisions"}],"predecessor-version":[{"id":72317,"href":"http:\/\/www.reconoce.mx\/index.php?rest_route=\/wp\/v2\/posts\/72314\/revisions\/72317"}],"wp:featuredmedia":[{"embeddable":true,"href":"http:\/\/www.reconoce.mx\/index.php?rest_route=\/wp\/v2\/media\/72315"}],"wp:attachment":[{"href":"http:\/\/www.reconoce.mx\/index.php?rest_route=%2Fwp%2Fv2%2Fmedia&parent=72314"}],"wp:term":[{"taxonomy":"category","embeddable":true,"href":"http:\/\/www.reconoce.mx\/index.php?rest_route=%2Fwp%2Fv2%2Fcategories&post=72314"},{"taxonomy":"post_tag","embeddable":true,"href":"http:\/\/www.reconoce.mx\/index.php?rest_route=%2Fwp%2Fv2%2Ftags&post=72314"}],"curies":[{"name":"wp","href":"https:\/\/api.w.org\/{rel}","templated":true}]}}