{"id":72333,"date":"2018-04-17T00:06:54","date_gmt":"2018-04-17T05:06:54","guid":{"rendered":"http:\/\/www.reconoce.mx\/?p=72333"},"modified":"2018-04-17T08:44:49","modified_gmt":"2018-04-17T13:44:49","slug":"cual-es-la-verdad-historica-del-caso-ayotzinapa","status":"publish","type":"post","link":"http:\/\/www.reconoce.mx\/?p=72333","title":{"rendered":"\u00bfCu\u00e1l es la \u00abverdad hist\u00f3rica\u00bb del caso Ayotzinapa?"},"content":{"rendered":"<p><strong>Por <a title=\"@danielhiga_al\" href=\"https:\/\/twitter.com\/danielhiga_al\" target=\"_blank\" rel=\"noopener noreferrer\">Daniel Higa Alquicira<\/a><\/strong>.<\/p>\n<p>Esta pregunta atormenta al pa\u00eds desde hace m\u00e1s de tres a\u00f1os, cuando aquel 26 de septiembre de 2014, al menos 43 estudiantes de la <strong>Escuela Normal de Ayotzinapa<\/strong>, Guerrero, desaparecieron y desde entonces, nadie sabe d\u00f3nde est\u00e1n ni qu\u00e9 pas\u00f3 con ellos.<\/p>\n<p>Este caso ha sido el fantasma que atormenta al gobierno federal y al igual que la inseguridad y la debacle en temas de derechos humanos, Ayotzinapa le ha dado la vuelta al mundo, caus\u00f3 indignaci\u00f3n en muchos pa\u00edses y la administraci\u00f3n actual qued\u00f3 desacreditada y pr\u00e1cticamente en rid\u00edculo por no poder dar una respuesta contundente, precisa y verdadera de lo que realmente sucedi\u00f3 aquella noche.<\/p>\n<p>Desde la \u00abverdad hist\u00f3rica\u00bb de <strong>Murillo Karam<\/strong>, el gobierno se ha dedicado a crear escenarios donde combina relatos de ficci\u00f3n con algunos hechos reales, para intentar dar una respuesta enga\u00f1osa, ya que este caso devel\u00f3 la poca capacidad para resolver un evento que puso en entredicho toda la estructura institucional en materia de procuraci\u00f3n de justicia.<\/p>\n<p>Ahora est\u00e1 nuevamente en los medios y en la opini\u00f3n p\u00fablica, ya que \u2013como sucede en los casos importantes\u2013 agencias estadounidenses han revelado informaci\u00f3n que incluye mensajes de altos mandos del c\u00e1rtel <strong>Guerreros Unidos<\/strong>, en donde con el uso de equipos BlackBerry se comunicaron con su gente en Iguala para darles instrucciones para frenar lo que ellos cre\u00edan era la llega de <strong>Los Rojos<\/strong>, y explican c\u00f3mo involucraron a las polic\u00edas municipales de Iguala, Cocula y Huitzuco.<\/p>\n<p>Tal como lo dice el <strong>Centro de Derechos Humanos Miguel Agust\u00edn Pro Ju\u00e1rez<\/strong>, \u00ablos mensajes tambi\u00e9n muestran la debilidad de la llamada &#8216;verdad hist\u00f3rica&#8217;. Particularmente nos referimos al mensaje publicado con la literalidad de: &#8217;60 paquetes ya guardados y otros con San Pedro&#8217;, lo que hace suponer que &#8216;la palabra paquetes se refiera a personas'\u00bb.<\/p>\n<p>Este mensaje \u00abhabr\u00eda sido enviado el d\u00eda 27 de septiembre a las 15:28 horas, lo cual entra en franca contradicci\u00f3n con la teor\u00eda oficial, pues de acuerdo con la <strong>PGR<\/strong> a esa hora los estudiantes ya habr\u00edan sido ejecutados e incinerados, mientras que el mensaje es claro en se\u00f1alar que a esa hora hab\u00edan paquetes &#8216;guardados'\u00bb, agrega el <strong>Centro Pro<\/strong>.<\/p>\n<p>Entonces el caso es mucho m\u00e1s grave, ya que no solo son los 43 estudiantes desaparecidos; los miembros de <strong>Guerreros Unidos<\/strong> sab\u00edan seg\u00fan esta nueva informaci\u00f3n, que en los autobuses hab\u00eda estudiantes de la normal de Ayotzinapa, pero en ning\u00fan momento hablan de que cualquiera de ellos perteneciera a alg\u00fan grupo de narcotraficantes o del crimen organizado.<\/p>\n<p>Adem\u00e1s, dentro de las declaraciones de capos que est\u00e1n en un prisi\u00f3n en Chicago y que son ahora testigos protegidos, el diario <strong>Reforma<\/strong> refiere que \u00ab<strong>Pablo Vega<\/strong>, uno de los l\u00edderes criminales en Chicago, afirma en otra de las conversaciones con &#8216;Covra&#8217;, una semana despu\u00e9s de los hechos que hay &#8217;50 chavos desaparecidos'\u00bb.<\/p>\n<p>\u00ab&#8216;Covra&#8217; responde: En la madre. Tantosps d\u00f3nde los metieron? Tantos\u201d. Otra pregunta que al parecer tampoco tiene respuesta.<\/p>\n<p>Han pasado casi cuatro a\u00f1os y nadie sabe en d\u00f3nde est\u00e1n los 43, 50 \u00f3 60 desaparecidos de esa noche de septiembre. Pe\u00f1a Nieto ya casi se va, llegar\u00e1 otro nuevo gobierno en diciembre y as\u00ed como van las cosas, solo se podr\u00e1 dar respuestas a estas inc\u00f3gnitas si alguna de esas agencias de Estados Unidos se propone resolverlo \u2013para deshonra de nuestro pa\u00eds\u2013.<\/p>\n<p>Con todo esto, el caso Ayotzinapa es una verg\u00fcenza hist\u00f3rica para M\u00e9xico.<\/p>\n<p style=\"text-align: right;\">Foto: <strong>Libera Radio ACMAC<\/strong>.<\/p>\n<p>&nbsp;<\/p>\n<p>&nbsp;<\/p>\n","protected":false},"excerpt":{"rendered":"<p>Esta pregunta atormenta al pa\u00eds desde hace m\u00e1s de tres a\u00f1os, cuando aquel 26 de septiembre de 2014, al menos 43 estudiantes de la Escuela Normal de Ayotzinapa, Guerrero, desaparecieron y desde entonces, nadie sabe d\u00f3nde est\u00e1n ni qu\u00e9 pas\u00f3 con ellos.<\/p>\n","protected":false},"author":2,"featured_media":72334,"comment_status":"open","ping_status":"open","sticky":false,"template":"","format":"standard","meta":{"footnotes":""},"categories":[43,275,17],"tags":[],"class_list":["post-72333","post","type-post","status-publish","format-standard","has-post-thumbnail","hentry","category-conciencia","category-derechos-humanos","category-principal"],"yoast_head":"<!-- This site is optimized with the Yoast SEO plugin v24.7 - https:\/\/yoast.com\/wordpress\/plugins\/seo\/ -->\n<title>\u00bfCu\u00e1l es la &quot;verdad hist\u00f3rica&quot; del caso Ayotzinapa? &#171; Reconoce MX<\/title>\n<meta name=\"robots\" content=\"index, follow, max-snippet:-1, max-image-preview:large, max-video-preview:-1\" \/>\n<link rel=\"canonical\" href=\"http:\/\/www.reconoce.mx\/?p=72333\" \/>\n<meta property=\"og:locale\" content=\"es_ES\" \/>\n<meta property=\"og:type\" content=\"article\" \/>\n<meta property=\"og:title\" content=\"\u00bfCu\u00e1l es la &quot;verdad hist\u00f3rica&quot; del caso Ayotzinapa? &#171; Reconoce MX\" \/>\n<meta property=\"og:description\" content=\"Esta pregunta atormenta al pa\u00eds desde hace m\u00e1s de tres a\u00f1os, cuando aquel 26 de septiembre de 2014, al menos 43 estudiantes de la Escuela Normal de Ayotzinapa, Guerrero, desaparecieron y desde entonces, nadie sabe d\u00f3nde est\u00e1n ni qu\u00e9 pas\u00f3 con ellos.\" \/>\n<meta property=\"og:url\" content=\"http:\/\/www.reconoce.mx\/?p=72333\" \/>\n<meta property=\"og:site_name\" content=\"Reconoce MX\" \/>\n<meta property=\"article:publisher\" content=\"https:\/\/es-la.facebook.com\/ReconoceMX\/\" \/>\n<meta property=\"article:published_time\" content=\"2018-04-17T05:06:54+00:00\" \/>\n<meta property=\"article:modified_time\" content=\"2018-04-17T13:44:49+00:00\" \/>\n<meta property=\"og:image\" content=\"http:\/\/www.reconoce.mx\/wp-content\/uploads\/2018\/04\/ayotzinapa-2.jpg\" \/>\n\t<meta property=\"og:image:width\" content=\"590\" \/>\n\t<meta property=\"og:image:height\" content=\"380\" \/>\n\t<meta property=\"og:image:type\" content=\"image\/jpeg\" \/>\n<meta name=\"author\" content=\"Reconoce MX\" \/>\n<meta name=\"twitter:card\" content=\"summary_large_image\" \/>\n<meta name=\"twitter:creator\" content=\"@reconocemx\" \/>\n<meta name=\"twitter:site\" content=\"@reconocemx\" \/>\n<meta name=\"twitter:label1\" content=\"Escrito por\" \/>\n\t<meta name=\"twitter:data1\" content=\"Reconoce MX\" \/>\n\t<meta name=\"twitter:label2\" content=\"Tiempo de lectura\" \/>\n\t<meta name=\"twitter:data2\" content=\"3 minutos\" \/>\n<script type=\"application\/ld+json\" class=\"yoast-schema-graph\">{\"@context\":\"https:\/\/schema.org\",\"@graph\":[{\"@type\":\"Article\",\"@id\":\"http:\/\/www.reconoce.mx\/?p=72333#article\",\"isPartOf\":{\"@id\":\"http:\/\/www.reconoce.mx\/?p=72333\"},\"author\":{\"name\":\"Reconoce MX\",\"@id\":\"http:\/\/www.reconoce.mx\/#\/schema\/person\/2117e997d7051dc15d6880eaf9bca0b2\"},\"headline\":\"\u00bfCu\u00e1l es la \u00abverdad hist\u00f3rica\u00bb del caso Ayotzinapa?\",\"datePublished\":\"2018-04-17T05:06:54+00:00\",\"dateModified\":\"2018-04-17T13:44:49+00:00\",\"mainEntityOfPage\":{\"@id\":\"http:\/\/www.reconoce.mx\/?p=72333\"},\"wordCount\":623,\"commentCount\":0,\"publisher\":{\"@id\":\"http:\/\/www.reconoce.mx\/#organization\"},\"image\":{\"@id\":\"http:\/\/www.reconoce.mx\/?p=72333#primaryimage\"},\"thumbnailUrl\":\"http:\/\/www.reconoce.mx\/wp-content\/uploads\/2018\/04\/ayotzinapa-2.jpg\",\"articleSection\":[\"Conciencia\",\"Derechos Humanos\",\"Principal\"],\"inLanguage\":\"es\",\"potentialAction\":[{\"@type\":\"CommentAction\",\"name\":\"Comment\",\"target\":[\"http:\/\/www.reconoce.mx\/?p=72333#respond\"]}]},{\"@type\":\"WebPage\",\"@id\":\"http:\/\/www.reconoce.mx\/?p=72333\",\"url\":\"http:\/\/www.reconoce.mx\/?p=72333\",\"name\":\"\u00bfCu\u00e1l es la \\\"verdad hist\u00f3rica\\\" del caso Ayotzinapa? &#171; Reconoce MX\",\"isPartOf\":{\"@id\":\"http:\/\/www.reconoce.mx\/#website\"},\"primaryImageOfPage\":{\"@id\":\"http:\/\/www.reconoce.mx\/?p=72333#primaryimage\"},\"image\":{\"@id\":\"http:\/\/www.reconoce.mx\/?p=72333#primaryimage\"},\"thumbnailUrl\":\"http:\/\/www.reconoce.mx\/wp-content\/uploads\/2018\/04\/ayotzinapa-2.jpg\",\"datePublished\":\"2018-04-17T05:06:54+00:00\",\"dateModified\":\"2018-04-17T13:44:49+00:00\",\"breadcrumb\":{\"@id\":\"http:\/\/www.reconoce.mx\/?p=72333#breadcrumb\"},\"inLanguage\":\"es\",\"potentialAction\":[{\"@type\":\"ReadAction\",\"target\":[\"http:\/\/www.reconoce.mx\/?p=72333\"]}]},{\"@type\":\"ImageObject\",\"inLanguage\":\"es\",\"@id\":\"http:\/\/www.reconoce.mx\/?p=72333#primaryimage\",\"url\":\"http:\/\/www.reconoce.mx\/wp-content\/uploads\/2018\/04\/ayotzinapa-2.jpg\",\"contentUrl\":\"http:\/\/www.reconoce.mx\/wp-content\/uploads\/2018\/04\/ayotzinapa-2.jpg\",\"width\":590,\"height\":380},{\"@type\":\"BreadcrumbList\",\"@id\":\"http:\/\/www.reconoce.mx\/?p=72333#breadcrumb\",\"itemListElement\":[{\"@type\":\"ListItem\",\"position\":1,\"name\":\"Portada\",\"item\":\"http:\/\/www.reconoce.mx\/\"},{\"@type\":\"ListItem\",\"position\":2,\"name\":\"\u00bfCu\u00e1l es la \u00abverdad hist\u00f3rica\u00bb del caso Ayotzinapa?\"}]},{\"@type\":\"WebSite\",\"@id\":\"http:\/\/www.reconoce.mx\/#website\",\"url\":\"http:\/\/www.reconoce.mx\/\",\"name\":\"Reconoce MX\",\"description\":\"En Reconoce MX difundimos arte, cultura y conciencia social en M\u00e9xico. Tu ciudad en otra perspectiva.\",\"publisher\":{\"@id\":\"http:\/\/www.reconoce.mx\/#organization\"},\"potentialAction\":[{\"@type\":\"SearchAction\",\"target\":{\"@type\":\"EntryPoint\",\"urlTemplate\":\"http:\/\/www.reconoce.mx\/?s={search_term_string}\"},\"query-input\":{\"@type\":\"PropertyValueSpecification\",\"valueRequired\":true,\"valueName\":\"search_term_string\"}}],\"inLanguage\":\"es\"},{\"@type\":\"Organization\",\"@id\":\"http:\/\/www.reconoce.mx\/#organization\",\"name\":\"Reconoce MX\",\"url\":\"http:\/\/www.reconoce.mx\/\",\"logo\":{\"@type\":\"ImageObject\",\"inLanguage\":\"es\",\"@id\":\"http:\/\/www.reconoce.mx\/#\/schema\/logo\/image\/\",\"url\":\"https:\/\/www.reconoce.mx\/wp-content\/uploads\/2019\/03\/logorcmx-good-1.png\",\"contentUrl\":\"https:\/\/www.reconoce.mx\/wp-content\/uploads\/2019\/03\/logorcmx-good-1.png\",\"width\":280,\"height\":90,\"caption\":\"Reconoce MX\"},\"image\":{\"@id\":\"http:\/\/www.reconoce.mx\/#\/schema\/logo\/image\/\"},\"sameAs\":[\"https:\/\/es-la.facebook.com\/ReconoceMX\/\",\"https:\/\/x.com\/reconocemx\",\"http:\/\/@reconocemx\"]},{\"@type\":\"Person\",\"@id\":\"http:\/\/www.reconoce.mx\/#\/schema\/person\/2117e997d7051dc15d6880eaf9bca0b2\",\"name\":\"Reconoce MX\",\"image\":{\"@type\":\"ImageObject\",\"inLanguage\":\"es\",\"@id\":\"http:\/\/www.reconoce.mx\/#\/schema\/person\/image\/\",\"url\":\"https:\/\/secure.gravatar.com\/avatar\/6c8d4dc7569ca1c90c5fdcc349f839d5ddef6fe1e70b4337ead2ef1a4c43fc3a?s=96&d=identicon&r=g\",\"contentUrl\":\"https:\/\/secure.gravatar.com\/avatar\/6c8d4dc7569ca1c90c5fdcc349f839d5ddef6fe1e70b4337ead2ef1a4c43fc3a?s=96&d=identicon&r=g\",\"caption\":\"Reconoce MX\"},\"description\":\"Reconoce MX es un proyecto de difusi\u00f3n art\u00edstica, cultural y de conciencia social que est\u00e1 enfocado a difundir y fomentar el entretenimiento alternativo de calidad para todo el p\u00fablico que comparta el mismo entusiasmo.\",\"sameAs\":[\"http:\/\/www.reconoce.mx\"],\"url\":\"http:\/\/www.reconoce.mx\/?author=2\"}]}<\/script>\n<!-- \/ Yoast SEO plugin. -->","yoast_head_json":{"title":"\u00bfCu\u00e1l es la \"verdad hist\u00f3rica\" del caso Ayotzinapa? &#171; Reconoce MX","robots":{"index":"index","follow":"follow","max-snippet":"max-snippet:-1","max-image-preview":"max-image-preview:large","max-video-preview":"max-video-preview:-1"},"canonical":"http:\/\/www.reconoce.mx\/?p=72333","og_locale":"es_ES","og_type":"article","og_title":"\u00bfCu\u00e1l es la \"verdad hist\u00f3rica\" del caso Ayotzinapa? &#171; Reconoce MX","og_description":"Esta pregunta atormenta al pa\u00eds desde hace m\u00e1s de tres a\u00f1os, cuando aquel 26 de septiembre de 2014, al menos 43 estudiantes de la Escuela Normal de Ayotzinapa, Guerrero, desaparecieron y desde entonces, nadie sabe d\u00f3nde est\u00e1n ni qu\u00e9 pas\u00f3 con ellos.","og_url":"http:\/\/www.reconoce.mx\/?p=72333","og_site_name":"Reconoce MX","article_publisher":"https:\/\/es-la.facebook.com\/ReconoceMX\/","article_published_time":"2018-04-17T05:06:54+00:00","article_modified_time":"2018-04-17T13:44:49+00:00","og_image":[{"width":590,"height":380,"url":"http:\/\/www.reconoce.mx\/wp-content\/uploads\/2018\/04\/ayotzinapa-2.jpg","type":"image\/jpeg"}],"author":"Reconoce MX","twitter_card":"summary_large_image","twitter_creator":"@reconocemx","twitter_site":"@reconocemx","twitter_misc":{"Escrito por":"Reconoce MX","Tiempo de lectura":"3 minutos"},"schema":{"@context":"https:\/\/schema.org","@graph":[{"@type":"Article","@id":"http:\/\/www.reconoce.mx\/?p=72333#article","isPartOf":{"@id":"http:\/\/www.reconoce.mx\/?p=72333"},"author":{"name":"Reconoce MX","@id":"http:\/\/www.reconoce.mx\/#\/schema\/person\/2117e997d7051dc15d6880eaf9bca0b2"},"headline":"\u00bfCu\u00e1l es la \u00abverdad hist\u00f3rica\u00bb del caso Ayotzinapa?","datePublished":"2018-04-17T05:06:54+00:00","dateModified":"2018-04-17T13:44:49+00:00","mainEntityOfPage":{"@id":"http:\/\/www.reconoce.mx\/?p=72333"},"wordCount":623,"commentCount":0,"publisher":{"@id":"http:\/\/www.reconoce.mx\/#organization"},"image":{"@id":"http:\/\/www.reconoce.mx\/?p=72333#primaryimage"},"thumbnailUrl":"http:\/\/www.reconoce.mx\/wp-content\/uploads\/2018\/04\/ayotzinapa-2.jpg","articleSection":["Conciencia","Derechos Humanos","Principal"],"inLanguage":"es","potentialAction":[{"@type":"CommentAction","name":"Comment","target":["http:\/\/www.reconoce.mx\/?p=72333#respond"]}]},{"@type":"WebPage","@id":"http:\/\/www.reconoce.mx\/?p=72333","url":"http:\/\/www.reconoce.mx\/?p=72333","name":"\u00bfCu\u00e1l es la \"verdad hist\u00f3rica\" del caso Ayotzinapa? &#171; Reconoce MX","isPartOf":{"@id":"http:\/\/www.reconoce.mx\/#website"},"primaryImageOfPage":{"@id":"http:\/\/www.reconoce.mx\/?p=72333#primaryimage"},"image":{"@id":"http:\/\/www.reconoce.mx\/?p=72333#primaryimage"},"thumbnailUrl":"http:\/\/www.reconoce.mx\/wp-content\/uploads\/2018\/04\/ayotzinapa-2.jpg","datePublished":"2018-04-17T05:06:54+00:00","dateModified":"2018-04-17T13:44:49+00:00","breadcrumb":{"@id":"http:\/\/www.reconoce.mx\/?p=72333#breadcrumb"},"inLanguage":"es","potentialAction":[{"@type":"ReadAction","target":["http:\/\/www.reconoce.mx\/?p=72333"]}]},{"@type":"ImageObject","inLanguage":"es","@id":"http:\/\/www.reconoce.mx\/?p=72333#primaryimage","url":"http:\/\/www.reconoce.mx\/wp-content\/uploads\/2018\/04\/ayotzinapa-2.jpg","contentUrl":"http:\/\/www.reconoce.mx\/wp-content\/uploads\/2018\/04\/ayotzinapa-2.jpg","width":590,"height":380},{"@type":"BreadcrumbList","@id":"http:\/\/www.reconoce.mx\/?p=72333#breadcrumb","itemListElement":[{"@type":"ListItem","position":1,"name":"Portada","item":"http:\/\/www.reconoce.mx\/"},{"@type":"ListItem","position":2,"name":"\u00bfCu\u00e1l es la \u00abverdad hist\u00f3rica\u00bb del caso Ayotzinapa?"}]},{"@type":"WebSite","@id":"http:\/\/www.reconoce.mx\/#website","url":"http:\/\/www.reconoce.mx\/","name":"Reconoce MX","description":"En Reconoce MX difundimos arte, cultura y conciencia social en M\u00e9xico. Tu ciudad en otra perspectiva.","publisher":{"@id":"http:\/\/www.reconoce.mx\/#organization"},"potentialAction":[{"@type":"SearchAction","target":{"@type":"EntryPoint","urlTemplate":"http:\/\/www.reconoce.mx\/?s={search_term_string}"},"query-input":{"@type":"PropertyValueSpecification","valueRequired":true,"valueName":"search_term_string"}}],"inLanguage":"es"},{"@type":"Organization","@id":"http:\/\/www.reconoce.mx\/#organization","name":"Reconoce MX","url":"http:\/\/www.reconoce.mx\/","logo":{"@type":"ImageObject","inLanguage":"es","@id":"http:\/\/www.reconoce.mx\/#\/schema\/logo\/image\/","url":"https:\/\/www.reconoce.mx\/wp-content\/uploads\/2019\/03\/logorcmx-good-1.png","contentUrl":"https:\/\/www.reconoce.mx\/wp-content\/uploads\/2019\/03\/logorcmx-good-1.png","width":280,"height":90,"caption":"Reconoce MX"},"image":{"@id":"http:\/\/www.reconoce.mx\/#\/schema\/logo\/image\/"},"sameAs":["https:\/\/es-la.facebook.com\/ReconoceMX\/","https:\/\/x.com\/reconocemx","http:\/\/@reconocemx"]},{"@type":"Person","@id":"http:\/\/www.reconoce.mx\/#\/schema\/person\/2117e997d7051dc15d6880eaf9bca0b2","name":"Reconoce MX","image":{"@type":"ImageObject","inLanguage":"es","@id":"http:\/\/www.reconoce.mx\/#\/schema\/person\/image\/","url":"https:\/\/secure.gravatar.com\/avatar\/6c8d4dc7569ca1c90c5fdcc349f839d5ddef6fe1e70b4337ead2ef1a4c43fc3a?s=96&d=identicon&r=g","contentUrl":"https:\/\/secure.gravatar.com\/avatar\/6c8d4dc7569ca1c90c5fdcc349f839d5ddef6fe1e70b4337ead2ef1a4c43fc3a?s=96&d=identicon&r=g","caption":"Reconoce MX"},"description":"Reconoce MX es un proyecto de difusi\u00f3n art\u00edstica, cultural y de conciencia social que est\u00e1 enfocado a difundir y fomentar el entretenimiento alternativo de calidad para todo el p\u00fablico que comparta el mismo entusiasmo.","sameAs":["http:\/\/www.reconoce.mx"],"url":"http:\/\/www.reconoce.mx\/?author=2"}]}},"_links":{"self":[{"href":"http:\/\/www.reconoce.mx\/index.php?rest_route=\/wp\/v2\/posts\/72333","targetHints":{"allow":["GET"]}}],"collection":[{"href":"http:\/\/www.reconoce.mx\/index.php?rest_route=\/wp\/v2\/posts"}],"about":[{"href":"http:\/\/www.reconoce.mx\/index.php?rest_route=\/wp\/v2\/types\/post"}],"author":[{"embeddable":true,"href":"http:\/\/www.reconoce.mx\/index.php?rest_route=\/wp\/v2\/users\/2"}],"replies":[{"embeddable":true,"href":"http:\/\/www.reconoce.mx\/index.php?rest_route=%2Fwp%2Fv2%2Fcomments&post=72333"}],"version-history":[{"count":1,"href":"http:\/\/www.reconoce.mx\/index.php?rest_route=\/wp\/v2\/posts\/72333\/revisions"}],"predecessor-version":[{"id":72335,"href":"http:\/\/www.reconoce.mx\/index.php?rest_route=\/wp\/v2\/posts\/72333\/revisions\/72335"}],"wp:featuredmedia":[{"embeddable":true,"href":"http:\/\/www.reconoce.mx\/index.php?rest_route=\/wp\/v2\/media\/72334"}],"wp:attachment":[{"href":"http:\/\/www.reconoce.mx\/index.php?rest_route=%2Fwp%2Fv2%2Fmedia&parent=72333"}],"wp:term":[{"taxonomy":"category","embeddable":true,"href":"http:\/\/www.reconoce.mx\/index.php?rest_route=%2Fwp%2Fv2%2Fcategories&post=72333"},{"taxonomy":"post_tag","embeddable":true,"href":"http:\/\/www.reconoce.mx\/index.php?rest_route=%2Fwp%2Fv2%2Ftags&post=72333"}],"curies":[{"name":"wp","href":"https:\/\/api.w.org\/{rel}","templated":true}]}}