{"id":72365,"date":"2018-04-18T00:03:23","date_gmt":"2018-04-18T05:03:23","guid":{"rendered":"http:\/\/www.reconoce.mx\/?p=72365"},"modified":"2018-04-17T23:16:02","modified_gmt":"2018-04-18T04:16:02","slug":"habra-semana-ir-2018","status":"publish","type":"post","link":"http:\/\/www.reconoce.mx\/?p=72365","title":{"rendered":"\u00a1Habr\u00e1 Semana IR! 2018!"},"content":{"rendered":"<p><strong> Por <a title=\"@AsfaltosTweets\" href=\"http:\/\/twitter.com\/AsfaltosTweets\" target=\"_blank\" rel=\"noopener noreferrer\" data-slimstat-type=\"0\" data-slimstat-callback=\"false\" data-slimstat-tracking=\"true\">Asfaltos<\/a><\/strong>.<\/p>\n<p>Despu\u00e9s de dos exitosas ediciones,<strong> Indie Rocks!<\/strong> ahora de la mano de <strong>Major Tom<\/strong>, presentar\u00e1n una nueva <strong>Semana IR!<\/strong> con lo mejor de la m\u00fasica alternativa internacional y nacional. \u00bfLas fechas? Del 4 al 10 de junio de 2018.<\/p>\n<p><a href=\"http:\/\/www.reconoce.mx\/wp-content\/uploads\/2018\/04\/semana-ir-2018-poster.jpg\"><img loading=\"lazy\" decoding=\"async\" class=\"aligncenter size-full wp-image-72368\" src=\"http:\/\/www.reconoce.mx\/wp-content\/uploads\/2018\/04\/semana-ir-2018-poster.jpg\" alt=\"\" width=\"646\" height=\"925\" srcset=\"http:\/\/www.reconoce.mx\/wp-content\/uploads\/2018\/04\/semana-ir-2018-poster.jpg 646w, http:\/\/www.reconoce.mx\/wp-content\/uploads\/2018\/04\/semana-ir-2018-poster-210x300.jpg 210w, http:\/\/www.reconoce.mx\/wp-content\/uploads\/2018\/04\/semana-ir-2018-poster-150x215.jpg 150w, http:\/\/www.reconoce.mx\/wp-content\/uploads\/2018\/04\/semana-ir-2018-poster-300x430.jpg 300w\" sizes=\"auto, (max-width: 646px) 100vw, 646px\" \/><\/a><\/p>\n<p>Siete d\u00edas de aut\u00e9ntico fest\u00edn para los m\u00e1s exquisitos mel\u00f3manos es lo que propone la <strong>Semana IR!<\/strong> que se compone de diversos estilos y g\u00e9neros musicales que mostrar\u00e1n los mejores proyectos independientes de la actual escena musical. <strong>Indie Rocks!<\/strong>, que de esta manera celebrar\u00e1 12 a\u00f1os de existir, presenta el siguiente <em>line up<\/em>.<\/p>\n<h1>Lunes 4 de junio: <strong>Curtis Harding<\/strong><\/h1>\n<p>La serie de conciertos que conforman este a\u00f1o la <strong>Semana Indie Rocks!<\/strong> arranca con el <em>soul man<\/em>, <strong>Curtis Harding<\/strong>. El oriundo de Saginaw, Michigan, lleva la m\u00fasica en la sangre y se ha convertido en un digno exponente actual de la m\u00fasica <em>soul<\/em> con toques e influencias del rock psicod\u00e9lico y el blues, aderezados con una voz hipnotizante y arm\u00f3nica que dif\u00edcilmente cae en lo mon\u00f3tono. \u00bfQu\u00e9 mejor manera de iniciar la semana <strong>Indie Rocks!<\/strong> que con la elegancia de <strong>Curtis Harding<\/strong>?<\/p>\n<p>Preventa: $550<br \/>\nVenta: $600<br \/>\n<a href=\"https:\/\/curtisharding.boletia.com\/\" target=\"_blank\" rel=\"noopener\">Boletos aqu\u00ed<\/a>.<\/p>\n<h1>Martes 5 de junio: Princess Nokia<\/h1>\n<p>Con el m\u00e1s reciente estreno del mixtape <strong>A Girl Cried Red<\/strong>, <strong>Princess Nokia<\/strong> llegar\u00e1 a nuestra celebraci\u00f3n de 12 a\u00f1os. A este mixtape ella misma lo describe como un toque de emo mezclado con hip hop, todo gracias a la mano productora de <strong>Tony Seltzer<\/strong>. Es m\u00fasica alternativa real. Misma que podr\u00e1n presenciar como parte de la <strong>Semana Indie Rocks! 2018<\/strong>.<\/p>\n<p>Preventa: $650<br \/>\nVenta: $700<br \/>\n<a href=\"https:\/\/princessnokia.boletia.com\/\" target=\"_blank\" rel=\"noopener\">Boletos aqu\u00ed<\/a>.<\/p>\n<h1>Mi\u00e9rcoles 6 de junio: Deerhoof<\/h1>\n<p>El cuarteto californiano <strong>Deerhoof<\/strong> llegar\u00e1 a la Ciudad de M\u00e9xico para presentar su m\u00e1s reciente LP lanzado a trav\u00e9s de Joyful Noise Recordings, <strong>Mountain Moves<\/strong>; un trabajo completo que hace un repaso por los ecl\u00e9cticos sonidos que esta banda de San Francisco ha forjado desde hace casi 25 a\u00f1os. <strong>Deerhoof<\/strong> ser\u00e1 parte de la tercer noche de la <strong>Semana Indie Rocks! 2018<\/strong> y podremos ser testigos de su energ\u00e9tico show.<\/p>\n<p>Preventa: $450<br \/>\nVenta: $500<br \/>\n<a href=\"https:\/\/deehoof.boletia.com\/\" target=\"_blank\" rel=\"noopener\">Boletos aqu\u00ed<\/a>.<\/p>\n<h1>Jueves 7 de junio: Antibalas<\/h1>\n<p>El colectivo afrobeat <strong>Antibalas<\/strong> llegar\u00e1 a Ciudad de M\u00e9xico con m\u00fasica fresca de su m\u00e1s reciente material \u00abWhere the Gods Are in Peace\u00bb, liberado en septiembre de 2017. Un grupo que ha marcado la pauta con finas mezclas de jazz, funk, dub, improvisaci\u00f3n y percusiones cubanas y africanas. Este nuevo material los hace resurgir con todo el poder que los hizo uno de los colectivos m\u00e1s importantes del funk en Nueva York. Un colectivo que ha estado en las filas de Ninja Tune, Ropeadope Records y hoy Daptone Records, esta \u00faltima especializada en funk de Brooklyn, estar\u00e1 presente en la celebraci\u00f3n n\u00famero 12 de <strong>Indie Rocks!<\/strong> y no se lo pueden perder.<\/p>\n<p>Preventa: $550<br \/>\nVenta: $600<br \/>\n<a href=\"https:\/\/antibalas.boletia.com\/\" target=\"_blank\" rel=\"noopener\">Boletos aqu\u00ed<\/a>.<\/p>\n<h1>Viernes 8 de junio: A Place to Bury Strangers<\/h1>\n<p>Representando el shoegaze estadounidense existe <strong>A Place To Bury Strangers<\/strong>, banda conformada por Oliver Ackermann, Dion Lunadon y Lia Simon. Tr\u00edo caracter\u00edstico e identificable por su atm\u00f3sfera estridente realizada a base de distorsiones y sintetizadores que convierten los sonidos en una armon\u00eda en\u00e9rgica. Los neoyorquinos <strong>A Place to Bury Stangers<\/strong> llevan el post rock y el shoegaze a otro nivel y para comprobarlo, la cita es el pr\u00f3ximo viernes 8 de junio en el <strong>Foro Indie Rocks!<\/strong>.<\/p>\n<p>Preventa: $550<br \/>\nVenta: $600<br \/>\n<a href=\"https:\/\/aplacetoburystrangers.boletia.com\/\" target=\"_blank\" rel=\"noopener\">Boletos aqu\u00ed<\/a>.<\/p>\n<h1>S\u00e1bado 9 de junio: Zola Jesus<\/h1>\n<p>Nika Roza Danilova estar\u00e1 de regreso en Ciudad de M\u00e9xico con su m\u00e1s reciente estreno a trav\u00e9s de Sacred Bones Records, \u00abOkovi: Additions\u00bb; originado a partir de su \u00e1lbum de 2017, \u00abOkovi\u00bb. Una fuerza negra emergiendo de pasajes surrealistas. Una fuerza omnipresente y poderosa que eclipsa los alrededores, se apoderar\u00e1 de la<strong> Semana Indie Rocks! 2018<\/strong>, cortes\u00eda de <strong>Zola Jesus<\/strong>.<\/p>\n<p>Preventa: $450<br \/>\nVenta: $500<br \/>\n<a href=\"https:\/\/zolajesus.boletia.com\/\" target=\"_blank\" rel=\"noopener\">Boletos aqu\u00ed<\/a>.<\/p>\n<p style=\"text-align: right;\">Con informaci\u00f3n e imagen cortes\u00eda de <strong>Indie Rocks!<\/strong>.<\/p>\n<p>&nbsp;<\/p>\n<p>&nbsp;<\/p>\n","protected":false},"excerpt":{"rendered":"<p>Despu\u00e9s de dos exitosas ediciones, Indie Rocks! ahora de la mano de Major Tom, presentar\u00e1n una nueva Semana IR! con lo mejor de la m\u00fasica alternativa internacional y nacional. \u00bfLas fechas? Del 4 al 10 de junio de 2018.<\/p>\n","protected":false},"author":2,"featured_media":72367,"comment_status":"open","ping_status":"open","sticky":false,"template":"","format":"standard","meta":{"footnotes":""},"categories":[17],"tags":[],"class_list":["post-72365","post","type-post","status-publish","format-standard","has-post-thumbnail","hentry","category-principal"],"yoast_head":"<!-- This site is optimized with the Yoast SEO plugin v24.7 - https:\/\/yoast.com\/wordpress\/plugins\/seo\/ -->\n<title>\u00a1Habr\u00e1 Semana IR! 2018! &#171; Reconoce MX<\/title>\n<meta name=\"robots\" content=\"index, follow, max-snippet:-1, max-image-preview:large, max-video-preview:-1\" \/>\n<link rel=\"canonical\" href=\"https:\/\/www.reconoce.mx\/?p=72365\" \/>\n<meta property=\"og:locale\" content=\"es_ES\" \/>\n<meta property=\"og:type\" content=\"article\" \/>\n<meta property=\"og:title\" content=\"\u00a1Habr\u00e1 Semana IR! 2018! &#171; Reconoce MX\" \/>\n<meta property=\"og:description\" content=\"Despu\u00e9s de dos exitosas ediciones, Indie Rocks! ahora de la mano de Major Tom, presentar\u00e1n una nueva Semana IR! con lo mejor de la m\u00fasica alternativa internacional y nacional. \u00bfLas fechas? Del 4 al 10 de junio de 2018.\" \/>\n<meta property=\"og:url\" content=\"https:\/\/www.reconoce.mx\/?p=72365\" \/>\n<meta property=\"og:site_name\" content=\"Reconoce MX\" \/>\n<meta property=\"article:publisher\" content=\"https:\/\/es-la.facebook.com\/ReconoceMX\/\" \/>\n<meta property=\"article:published_time\" content=\"2018-04-18T05:03:23+00:00\" \/>\n<meta property=\"og:image\" content=\"https:\/\/www.reconoce.mx\/wp-content\/uploads\/2018\/04\/semana-ir-2018-cover.jpg\" \/>\n\t<meta property=\"og:image:width\" content=\"590\" \/>\n\t<meta property=\"og:image:height\" content=\"380\" \/>\n\t<meta property=\"og:image:type\" content=\"image\/jpeg\" \/>\n<meta name=\"author\" content=\"Reconoce MX\" \/>\n<meta name=\"twitter:card\" content=\"summary_large_image\" \/>\n<meta name=\"twitter:creator\" content=\"@reconocemx\" \/>\n<meta name=\"twitter:site\" content=\"@reconocemx\" \/>\n<meta name=\"twitter:label1\" content=\"Escrito por\" \/>\n\t<meta name=\"twitter:data1\" content=\"Reconoce MX\" \/>\n\t<meta name=\"twitter:label2\" content=\"Tiempo de lectura\" \/>\n\t<meta name=\"twitter:data2\" content=\"3 minutos\" \/>\n<script type=\"application\/ld+json\" class=\"yoast-schema-graph\">{\"@context\":\"https:\/\/schema.org\",\"@graph\":[{\"@type\":\"Article\",\"@id\":\"https:\/\/www.reconoce.mx\/?p=72365#article\",\"isPartOf\":{\"@id\":\"https:\/\/www.reconoce.mx\/?p=72365\"},\"author\":{\"name\":\"Reconoce MX\",\"@id\":\"http:\/\/www.reconoce.mx\/#\/schema\/person\/2117e997d7051dc15d6880eaf9bca0b2\"},\"headline\":\"\u00a1Habr\u00e1 Semana IR! 2018!\",\"datePublished\":\"2018-04-18T05:03:23+00:00\",\"mainEntityOfPage\":{\"@id\":\"https:\/\/www.reconoce.mx\/?p=72365\"},\"wordCount\":661,\"commentCount\":0,\"publisher\":{\"@id\":\"http:\/\/www.reconoce.mx\/#organization\"},\"image\":{\"@id\":\"https:\/\/www.reconoce.mx\/?p=72365#primaryimage\"},\"thumbnailUrl\":\"http:\/\/www.reconoce.mx\/wp-content\/uploads\/2018\/04\/semana-ir-2018-cover.jpg\",\"articleSection\":[\"Principal\"],\"inLanguage\":\"es\",\"potentialAction\":[{\"@type\":\"CommentAction\",\"name\":\"Comment\",\"target\":[\"https:\/\/www.reconoce.mx\/?p=72365#respond\"]}]},{\"@type\":\"WebPage\",\"@id\":\"https:\/\/www.reconoce.mx\/?p=72365\",\"url\":\"https:\/\/www.reconoce.mx\/?p=72365\",\"name\":\"\u00a1Habr\u00e1 Semana IR! 2018! &#171; Reconoce MX\",\"isPartOf\":{\"@id\":\"http:\/\/www.reconoce.mx\/#website\"},\"primaryImageOfPage\":{\"@id\":\"https:\/\/www.reconoce.mx\/?p=72365#primaryimage\"},\"image\":{\"@id\":\"https:\/\/www.reconoce.mx\/?p=72365#primaryimage\"},\"thumbnailUrl\":\"http:\/\/www.reconoce.mx\/wp-content\/uploads\/2018\/04\/semana-ir-2018-cover.jpg\",\"datePublished\":\"2018-04-18T05:03:23+00:00\",\"breadcrumb\":{\"@id\":\"https:\/\/www.reconoce.mx\/?p=72365#breadcrumb\"},\"inLanguage\":\"es\",\"potentialAction\":[{\"@type\":\"ReadAction\",\"target\":[\"https:\/\/www.reconoce.mx\/?p=72365\"]}]},{\"@type\":\"ImageObject\",\"inLanguage\":\"es\",\"@id\":\"https:\/\/www.reconoce.mx\/?p=72365#primaryimage\",\"url\":\"http:\/\/www.reconoce.mx\/wp-content\/uploads\/2018\/04\/semana-ir-2018-cover.jpg\",\"contentUrl\":\"http:\/\/www.reconoce.mx\/wp-content\/uploads\/2018\/04\/semana-ir-2018-cover.jpg\",\"width\":590,\"height\":380},{\"@type\":\"BreadcrumbList\",\"@id\":\"https:\/\/www.reconoce.mx\/?p=72365#breadcrumb\",\"itemListElement\":[{\"@type\":\"ListItem\",\"position\":1,\"name\":\"Portada\",\"item\":\"http:\/\/www.reconoce.mx\/\"},{\"@type\":\"ListItem\",\"position\":2,\"name\":\"\u00a1Habr\u00e1 Semana IR! 2018!\"}]},{\"@type\":\"WebSite\",\"@id\":\"http:\/\/www.reconoce.mx\/#website\",\"url\":\"http:\/\/www.reconoce.mx\/\",\"name\":\"Reconoce MX\",\"description\":\"En Reconoce MX difundimos arte, cultura y conciencia social en M\u00e9xico. Tu ciudad en otra perspectiva.\",\"publisher\":{\"@id\":\"http:\/\/www.reconoce.mx\/#organization\"},\"potentialAction\":[{\"@type\":\"SearchAction\",\"target\":{\"@type\":\"EntryPoint\",\"urlTemplate\":\"http:\/\/www.reconoce.mx\/?s={search_term_string}\"},\"query-input\":{\"@type\":\"PropertyValueSpecification\",\"valueRequired\":true,\"valueName\":\"search_term_string\"}}],\"inLanguage\":\"es\"},{\"@type\":\"Organization\",\"@id\":\"http:\/\/www.reconoce.mx\/#organization\",\"name\":\"Reconoce MX\",\"url\":\"http:\/\/www.reconoce.mx\/\",\"logo\":{\"@type\":\"ImageObject\",\"inLanguage\":\"es\",\"@id\":\"http:\/\/www.reconoce.mx\/#\/schema\/logo\/image\/\",\"url\":\"https:\/\/www.reconoce.mx\/wp-content\/uploads\/2019\/03\/logorcmx-good-1.png\",\"contentUrl\":\"https:\/\/www.reconoce.mx\/wp-content\/uploads\/2019\/03\/logorcmx-good-1.png\",\"width\":280,\"height\":90,\"caption\":\"Reconoce MX\"},\"image\":{\"@id\":\"http:\/\/www.reconoce.mx\/#\/schema\/logo\/image\/\"},\"sameAs\":[\"https:\/\/es-la.facebook.com\/ReconoceMX\/\",\"https:\/\/x.com\/reconocemx\",\"http:\/\/@reconocemx\"]},{\"@type\":\"Person\",\"@id\":\"http:\/\/www.reconoce.mx\/#\/schema\/person\/2117e997d7051dc15d6880eaf9bca0b2\",\"name\":\"Reconoce MX\",\"image\":{\"@type\":\"ImageObject\",\"inLanguage\":\"es\",\"@id\":\"http:\/\/www.reconoce.mx\/#\/schema\/person\/image\/\",\"url\":\"https:\/\/secure.gravatar.com\/avatar\/6c8d4dc7569ca1c90c5fdcc349f839d5ddef6fe1e70b4337ead2ef1a4c43fc3a?s=96&d=identicon&r=g\",\"contentUrl\":\"https:\/\/secure.gravatar.com\/avatar\/6c8d4dc7569ca1c90c5fdcc349f839d5ddef6fe1e70b4337ead2ef1a4c43fc3a?s=96&d=identicon&r=g\",\"caption\":\"Reconoce MX\"},\"description\":\"Reconoce MX es un proyecto de difusi\u00f3n art\u00edstica, cultural y de conciencia social que est\u00e1 enfocado a difundir y fomentar el entretenimiento alternativo de calidad para todo el p\u00fablico que comparta el mismo entusiasmo.\",\"sameAs\":[\"http:\/\/www.reconoce.mx\"],\"url\":\"http:\/\/www.reconoce.mx\/?author=2\"}]}<\/script>\n<!-- \/ Yoast SEO plugin. -->","yoast_head_json":{"title":"\u00a1Habr\u00e1 Semana IR! 2018! &#171; Reconoce MX","robots":{"index":"index","follow":"follow","max-snippet":"max-snippet:-1","max-image-preview":"max-image-preview:large","max-video-preview":"max-video-preview:-1"},"canonical":"https:\/\/www.reconoce.mx\/?p=72365","og_locale":"es_ES","og_type":"article","og_title":"\u00a1Habr\u00e1 Semana IR! 2018! &#171; Reconoce MX","og_description":"Despu\u00e9s de dos exitosas ediciones, Indie Rocks! ahora de la mano de Major Tom, presentar\u00e1n una nueva Semana IR! con lo mejor de la m\u00fasica alternativa internacional y nacional. \u00bfLas fechas? Del 4 al 10 de junio de 2018.","og_url":"https:\/\/www.reconoce.mx\/?p=72365","og_site_name":"Reconoce MX","article_publisher":"https:\/\/es-la.facebook.com\/ReconoceMX\/","article_published_time":"2018-04-18T05:03:23+00:00","og_image":[{"width":590,"height":380,"url":"https:\/\/www.reconoce.mx\/wp-content\/uploads\/2018\/04\/semana-ir-2018-cover.jpg","type":"image\/jpeg"}],"author":"Reconoce MX","twitter_card":"summary_large_image","twitter_creator":"@reconocemx","twitter_site":"@reconocemx","twitter_misc":{"Escrito por":"Reconoce MX","Tiempo de lectura":"3 minutos"},"schema":{"@context":"https:\/\/schema.org","@graph":[{"@type":"Article","@id":"https:\/\/www.reconoce.mx\/?p=72365#article","isPartOf":{"@id":"https:\/\/www.reconoce.mx\/?p=72365"},"author":{"name":"Reconoce MX","@id":"http:\/\/www.reconoce.mx\/#\/schema\/person\/2117e997d7051dc15d6880eaf9bca0b2"},"headline":"\u00a1Habr\u00e1 Semana IR! 2018!","datePublished":"2018-04-18T05:03:23+00:00","mainEntityOfPage":{"@id":"https:\/\/www.reconoce.mx\/?p=72365"},"wordCount":661,"commentCount":0,"publisher":{"@id":"http:\/\/www.reconoce.mx\/#organization"},"image":{"@id":"https:\/\/www.reconoce.mx\/?p=72365#primaryimage"},"thumbnailUrl":"http:\/\/www.reconoce.mx\/wp-content\/uploads\/2018\/04\/semana-ir-2018-cover.jpg","articleSection":["Principal"],"inLanguage":"es","potentialAction":[{"@type":"CommentAction","name":"Comment","target":["https:\/\/www.reconoce.mx\/?p=72365#respond"]}]},{"@type":"WebPage","@id":"https:\/\/www.reconoce.mx\/?p=72365","url":"https:\/\/www.reconoce.mx\/?p=72365","name":"\u00a1Habr\u00e1 Semana IR! 2018! &#171; Reconoce MX","isPartOf":{"@id":"http:\/\/www.reconoce.mx\/#website"},"primaryImageOfPage":{"@id":"https:\/\/www.reconoce.mx\/?p=72365#primaryimage"},"image":{"@id":"https:\/\/www.reconoce.mx\/?p=72365#primaryimage"},"thumbnailUrl":"http:\/\/www.reconoce.mx\/wp-content\/uploads\/2018\/04\/semana-ir-2018-cover.jpg","datePublished":"2018-04-18T05:03:23+00:00","breadcrumb":{"@id":"https:\/\/www.reconoce.mx\/?p=72365#breadcrumb"},"inLanguage":"es","potentialAction":[{"@type":"ReadAction","target":["https:\/\/www.reconoce.mx\/?p=72365"]}]},{"@type":"ImageObject","inLanguage":"es","@id":"https:\/\/www.reconoce.mx\/?p=72365#primaryimage","url":"http:\/\/www.reconoce.mx\/wp-content\/uploads\/2018\/04\/semana-ir-2018-cover.jpg","contentUrl":"http:\/\/www.reconoce.mx\/wp-content\/uploads\/2018\/04\/semana-ir-2018-cover.jpg","width":590,"height":380},{"@type":"BreadcrumbList","@id":"https:\/\/www.reconoce.mx\/?p=72365#breadcrumb","itemListElement":[{"@type":"ListItem","position":1,"name":"Portada","item":"http:\/\/www.reconoce.mx\/"},{"@type":"ListItem","position":2,"name":"\u00a1Habr\u00e1 Semana IR! 2018!"}]},{"@type":"WebSite","@id":"http:\/\/www.reconoce.mx\/#website","url":"http:\/\/www.reconoce.mx\/","name":"Reconoce MX","description":"En Reconoce MX difundimos arte, cultura y conciencia social en M\u00e9xico. Tu ciudad en otra perspectiva.","publisher":{"@id":"http:\/\/www.reconoce.mx\/#organization"},"potentialAction":[{"@type":"SearchAction","target":{"@type":"EntryPoint","urlTemplate":"http:\/\/www.reconoce.mx\/?s={search_term_string}"},"query-input":{"@type":"PropertyValueSpecification","valueRequired":true,"valueName":"search_term_string"}}],"inLanguage":"es"},{"@type":"Organization","@id":"http:\/\/www.reconoce.mx\/#organization","name":"Reconoce MX","url":"http:\/\/www.reconoce.mx\/","logo":{"@type":"ImageObject","inLanguage":"es","@id":"http:\/\/www.reconoce.mx\/#\/schema\/logo\/image\/","url":"https:\/\/www.reconoce.mx\/wp-content\/uploads\/2019\/03\/logorcmx-good-1.png","contentUrl":"https:\/\/www.reconoce.mx\/wp-content\/uploads\/2019\/03\/logorcmx-good-1.png","width":280,"height":90,"caption":"Reconoce MX"},"image":{"@id":"http:\/\/www.reconoce.mx\/#\/schema\/logo\/image\/"},"sameAs":["https:\/\/es-la.facebook.com\/ReconoceMX\/","https:\/\/x.com\/reconocemx","http:\/\/@reconocemx"]},{"@type":"Person","@id":"http:\/\/www.reconoce.mx\/#\/schema\/person\/2117e997d7051dc15d6880eaf9bca0b2","name":"Reconoce MX","image":{"@type":"ImageObject","inLanguage":"es","@id":"http:\/\/www.reconoce.mx\/#\/schema\/person\/image\/","url":"https:\/\/secure.gravatar.com\/avatar\/6c8d4dc7569ca1c90c5fdcc349f839d5ddef6fe1e70b4337ead2ef1a4c43fc3a?s=96&d=identicon&r=g","contentUrl":"https:\/\/secure.gravatar.com\/avatar\/6c8d4dc7569ca1c90c5fdcc349f839d5ddef6fe1e70b4337ead2ef1a4c43fc3a?s=96&d=identicon&r=g","caption":"Reconoce MX"},"description":"Reconoce MX es un proyecto de difusi\u00f3n art\u00edstica, cultural y de conciencia social que est\u00e1 enfocado a difundir y fomentar el entretenimiento alternativo de calidad para todo el p\u00fablico que comparta el mismo entusiasmo.","sameAs":["http:\/\/www.reconoce.mx"],"url":"http:\/\/www.reconoce.mx\/?author=2"}]}},"_links":{"self":[{"href":"http:\/\/www.reconoce.mx\/index.php?rest_route=\/wp\/v2\/posts\/72365","targetHints":{"allow":["GET"]}}],"collection":[{"href":"http:\/\/www.reconoce.mx\/index.php?rest_route=\/wp\/v2\/posts"}],"about":[{"href":"http:\/\/www.reconoce.mx\/index.php?rest_route=\/wp\/v2\/types\/post"}],"author":[{"embeddable":true,"href":"http:\/\/www.reconoce.mx\/index.php?rest_route=\/wp\/v2\/users\/2"}],"replies":[{"embeddable":true,"href":"http:\/\/www.reconoce.mx\/index.php?rest_route=%2Fwp%2Fv2%2Fcomments&post=72365"}],"version-history":[{"count":6,"href":"http:\/\/www.reconoce.mx\/index.php?rest_route=\/wp\/v2\/posts\/72365\/revisions"}],"predecessor-version":[{"id":72373,"href":"http:\/\/www.reconoce.mx\/index.php?rest_route=\/wp\/v2\/posts\/72365\/revisions\/72373"}],"wp:featuredmedia":[{"embeddable":true,"href":"http:\/\/www.reconoce.mx\/index.php?rest_route=\/wp\/v2\/media\/72367"}],"wp:attachment":[{"href":"http:\/\/www.reconoce.mx\/index.php?rest_route=%2Fwp%2Fv2%2Fmedia&parent=72365"}],"wp:term":[{"taxonomy":"category","embeddable":true,"href":"http:\/\/www.reconoce.mx\/index.php?rest_route=%2Fwp%2Fv2%2Fcategories&post=72365"},{"taxonomy":"post_tag","embeddable":true,"href":"http:\/\/www.reconoce.mx\/index.php?rest_route=%2Fwp%2Fv2%2Ftags&post=72365"}],"curies":[{"name":"wp","href":"https:\/\/api.w.org\/{rel}","templated":true}]}}