{"id":72383,"date":"2018-04-18T00:05:32","date_gmt":"2018-04-18T05:05:32","guid":{"rendered":"http:\/\/www.reconoce.mx\/?p=72383"},"modified":"2018-04-18T19:53:35","modified_gmt":"2018-04-19T00:53:35","slug":"la-alucinante-noche-azteca-de-declan-mckenna-en-el-plaza","status":"publish","type":"post","link":"http:\/\/www.reconoce.mx\/?p=72383","title":{"rendered":"La alucinante noche azteca de Declan McKenna en El Plaza"},"content":{"rendered":"<p><strong>Texto por <a href=\"https:\/\/www.instagram.com\/miriam_alavez\/\" target=\"_blank\" rel=\"noopener\">Miriam Alavez Garc\u00eda<\/a>.<br \/>\nFotos por <a href=\"https:\/\/twitter.com\/zeusjaguar\" target=\"_blank\" rel=\"noopener\">Zeus Ariel L\u00f3pez S\u00e1nchez<\/a>.<br \/>\n<\/strong><\/p>\n<p><strong>Declan McKenna<\/strong> pis\u00f3 tierras aztecas por primera vez para deleitar y consentir a su p\u00fablico con su \u00e1lbum debut titulado \u00abWhat Do You Think About the Car?\u00bb (2017), el cual corri\u00f3 bajo la producci\u00f3n de James Ford, miembro de <strong>Simian Mobile Disco<\/strong> quien ha trabajado con distinguidas bandas como Foals, Florence and the Machine, Arctic Monkeys\u00a0 y muchas m\u00e1s.<\/p>\n<p><img loading=\"lazy\" decoding=\"async\" class=\"alignnone size-full\" src=\"https:\/\/c1.staticflickr.com\/1\/922\/40656061655_88dec48511_k.jpg\" width=\"1365\" height=\"2048\" \/><\/p>\n<p><strong><em>&gt;&gt;<a href=\"https:\/\/www.flickr.com\/photos\/reconocemx\/albums\/72157694021348761\" target=\"_blank\" rel=\"noopener\">Disfruta nuestra galer\u00eda completa de Declan McKenna en El Plaza<\/a>&lt;&lt;<\/em><\/strong><\/p>\n<p>Con tan s\u00f3lo 18 a\u00f1os, Declan se ha caracterizado por ser un m\u00fasico muy inteligente, pues sus letras hablan de\u00a0 protesta y cr\u00edtica hacia los actos de corrupci\u00f3n, f\u00fatbol, los derechos LGBT, el racismo y la religi\u00f3n.\u00a0 El \u00e9xito lleg\u00f3 a su vida de la forma menos pensada.<\/p>\n<p>La energ\u00eda musical de Declan se hizo presente en <strong>El Plaza Condesa<\/strong> la noche de ayer 17 de abril; previo a su presentaci\u00f3n, se pudo ver a los fieles seguidores muy emocionados por disfrutar de esta primera visita del cantautor ingl\u00e9s, comprando y portando cual souvenir se les cruzara en el camino, tambi\u00e9n se escucharon comentarios como: \u201cquiero que esta noche nunca termine\u201d, \u201cDeclan es lo m\u00e1ximo\u201d; el mejor momento estaba por comenzar.<\/p>\n<p><img loading=\"lazy\" decoding=\"async\" class=\"alignnone size-full\" src=\"https:\/\/c1.staticflickr.com\/1\/922\/40837427174_9014be118f_c.jpg\" width=\"800\" height=\"534\" \/><\/p>\n<p><strong><em>&gt;&gt;<a href=\"https:\/\/www.flickr.com\/photos\/reconocemx\/albums\/72157694021348761\" target=\"_blank\" rel=\"noopener\">Disfruta nuestra galer\u00eda completa de Declan McKenna en El Plaza<\/a>&lt;&lt;<\/em><\/strong><\/p>\n<p>En punto de 21:00 horas las luces del recinto se apagaron para darle paso a la presentaci\u00f3n de McKenna, quien subi\u00f3 al escenario muy contento e impresionado por las porras y aclamaciones que le hac\u00edan todos y cada uno de los participes que all\u00ed ya se encontraban.<\/p>\n<p>Para dar inicio a su show lo hizo con el tema \u201cThe Kids Don\u2019t Wamma Come Home\u201d, seguido de \u201cMake Me Your Queen\u201d track que en lo particular prendi\u00f3 el ambiente, pues no hab\u00eda control en las emociones que los fans.<\/p>\n<p><img loading=\"lazy\" decoding=\"async\" class=\"alignnone size-full\" src=\"https:\/\/c1.staticflickr.com\/1\/828\/41549004341_a44a94b53b_c.jpg\" width=\"800\" height=\"534\" \/><\/p>\n<p><strong><em>&gt;&gt;<a href=\"https:\/\/www.flickr.com\/photos\/reconocemx\/albums\/72157694021348761\" target=\"_blank\" rel=\"noopener\">Disfruta nuestra galer\u00eda completa de Declan McKenna en El Plaza<\/a>&lt;&lt;<\/em><\/strong><\/p>\n<p>La noche transcurr\u00eda y la interacci\u00f3n de Declan cautiv\u00f3 a la gente, pues su castellano retumb\u00f3 de manera correcta; estaba muy agradecido porque lo acompa\u00f1aban en \u00absu primera vez\u00bb en Ciudad de M\u00e9xico. Dedicando cada uno de sus temas a las nuevas generaciones, hizo menci\u00f3n que es importante tomar conciencia en nuestras acciones como sociedad, siempre aportando las mejores ideas y apoyarnos los unos a los otros. Fue as\u00ed como le dio paso a \u201cBrazil\u201d y a \u201cHumongous\u201d, \u00e9xitos que representan y caracterizan a su corta pero muy agradable carrera.<\/p>\n<p>El compromiso de la banda que lo acompa\u00f1a es de admirarse, cada integrante ofreci\u00f3 lo mejor de ellos.<\/p>\n<p><a data-flickr-embed='true' href='https:\/\/www.flickr.com\/photos\/reconocemx\/albums\/72157694021348761' title='Declan McKenna en El Plaza by Reconoce MX, on Flickr'><img src='https:\/\/live.staticflickr.com\/919\/27678980138_148e10d459_z.jpg' width='800' height='600' alt='Declan McKenna en El Plaza - 12'><\/a><script async src='https:\/\/embedr.flickr.com\/assets\/client-code.js' charset='utf-8'><\/script><\/p>\n<p>El final se acercaba, tuvo un <em>encor\u00e9<\/em> donde son\u00f3 \u201cListen to Your Friends\u201d, y para cerrar con broche de oro lo hizo con una canci\u00f3n nueva, sorpresa que enloqueci\u00f3 a sus fieles seguidores.<\/p>\n<p>No descartamos la idea en que Declan contin\u00fae creciendo, es muy talentoso y tiene much\u00edsimo futuro. Fueron casi dos horas de magia sonora las que pudimos disfrutar y que seguramente guardaremos en los mejores conciertos de nuestras vidas.<\/p>\n<p>&nbsp;<\/p>\n<p>&nbsp;<\/p>\n","protected":false},"excerpt":{"rendered":"<p>Declan McKenna pis\u00f3 tierras aztecas por primera vez para deleitar y consentir a su p\u00fablico con su \u00e1lbum debut titulado \u00abWhat Do You Think About the Car?\u00bb (2017), el cual corri\u00f3 bajo la producci\u00f3n de James Ford, miembro de Simian Mobile Disco quien ha trabajado con distinguidas bandas como Foals, Florence and the Machine, Arctic Monkeys  y muchas m\u00e1s.<\/p>\n","protected":false},"author":2,"featured_media":72384,"comment_status":"open","ping_status":"open","sticky":false,"template":"","format":"standard","meta":{"footnotes":""},"categories":[1,18,17],"tags":[],"class_list":["post-72383","post","type-post","status-publish","format-standard","has-post-thumbnail","hentry","category-cultura","category-musica","category-principal"],"yoast_head":"<!-- This site is optimized with the Yoast SEO plugin v24.7 - https:\/\/yoast.com\/wordpress\/plugins\/seo\/ -->\n<title>La alucinante noche azteca de Declan McKenna en El Plaza &#171; Reconoce MX<\/title>\n<meta name=\"robots\" content=\"index, follow, max-snippet:-1, max-image-preview:large, max-video-preview:-1\" \/>\n<link rel=\"canonical\" href=\"https:\/\/www.reconoce.mx\/?p=72383\" \/>\n<meta property=\"og:locale\" content=\"es_ES\" \/>\n<meta property=\"og:type\" content=\"article\" \/>\n<meta property=\"og:title\" content=\"La alucinante noche azteca de Declan McKenna en El Plaza &#171; Reconoce MX\" \/>\n<meta property=\"og:description\" content=\"Declan McKenna pis\u00f3 tierras aztecas por primera vez para deleitar y consentir a su p\u00fablico con su \u00e1lbum debut titulado &quot;What Do You Think About the Car?&quot; (2017), el cual corri\u00f3 bajo la producci\u00f3n de James Ford, miembro de Simian Mobile Disco quien ha trabajado con distinguidas bandas como Foals, Florence and the Machine, Arctic Monkeys y muchas m\u00e1s.\" \/>\n<meta property=\"og:url\" content=\"https:\/\/www.reconoce.mx\/?p=72383\" \/>\n<meta property=\"og:site_name\" content=\"Reconoce MX\" \/>\n<meta property=\"article:publisher\" content=\"https:\/\/es-la.facebook.com\/ReconoceMX\/\" \/>\n<meta property=\"article:published_time\" content=\"2018-04-18T05:05:32+00:00\" \/>\n<meta property=\"article:modified_time\" content=\"2018-04-19T00:53:35+00:00\" \/>\n<meta property=\"og:image\" content=\"https:\/\/www.reconoce.mx\/wp-content\/uploads\/2018\/04\/Declan-McKenna-1.jpg\" \/>\n\t<meta property=\"og:image:width\" content=\"590\" \/>\n\t<meta property=\"og:image:height\" content=\"380\" \/>\n\t<meta property=\"og:image:type\" content=\"image\/jpeg\" \/>\n<meta name=\"author\" content=\"Reconoce MX\" \/>\n<meta name=\"twitter:card\" content=\"summary_large_image\" \/>\n<meta name=\"twitter:creator\" content=\"@reconocemx\" \/>\n<meta name=\"twitter:site\" content=\"@reconocemx\" \/>\n<meta name=\"twitter:label1\" content=\"Escrito por\" \/>\n\t<meta name=\"twitter:data1\" content=\"Reconoce MX\" \/>\n\t<meta name=\"twitter:label2\" content=\"Tiempo de lectura\" \/>\n\t<meta name=\"twitter:data2\" content=\"3 minutos\" \/>\n<script type=\"application\/ld+json\" class=\"yoast-schema-graph\">{\"@context\":\"https:\/\/schema.org\",\"@graph\":[{\"@type\":\"Article\",\"@id\":\"https:\/\/www.reconoce.mx\/?p=72383#article\",\"isPartOf\":{\"@id\":\"https:\/\/www.reconoce.mx\/?p=72383\"},\"author\":{\"name\":\"Reconoce MX\",\"@id\":\"http:\/\/www.reconoce.mx\/#\/schema\/person\/2117e997d7051dc15d6880eaf9bca0b2\"},\"headline\":\"La alucinante noche azteca de Declan McKenna en El Plaza\",\"datePublished\":\"2018-04-18T05:05:32+00:00\",\"dateModified\":\"2018-04-19T00:53:35+00:00\",\"mainEntityOfPage\":{\"@id\":\"https:\/\/www.reconoce.mx\/?p=72383\"},\"wordCount\":551,\"commentCount\":0,\"publisher\":{\"@id\":\"http:\/\/www.reconoce.mx\/#organization\"},\"image\":{\"@id\":\"https:\/\/www.reconoce.mx\/?p=72383#primaryimage\"},\"thumbnailUrl\":\"http:\/\/www.reconoce.mx\/wp-content\/uploads\/2018\/04\/Declan-McKenna-1.jpg\",\"articleSection\":[\"Cultura\",\"M\u00fasica\",\"Principal\"],\"inLanguage\":\"es\",\"potentialAction\":[{\"@type\":\"CommentAction\",\"name\":\"Comment\",\"target\":[\"https:\/\/www.reconoce.mx\/?p=72383#respond\"]}]},{\"@type\":\"WebPage\",\"@id\":\"https:\/\/www.reconoce.mx\/?p=72383\",\"url\":\"https:\/\/www.reconoce.mx\/?p=72383\",\"name\":\"La alucinante noche azteca de Declan McKenna en El Plaza &#171; Reconoce MX\",\"isPartOf\":{\"@id\":\"http:\/\/www.reconoce.mx\/#website\"},\"primaryImageOfPage\":{\"@id\":\"https:\/\/www.reconoce.mx\/?p=72383#primaryimage\"},\"image\":{\"@id\":\"https:\/\/www.reconoce.mx\/?p=72383#primaryimage\"},\"thumbnailUrl\":\"http:\/\/www.reconoce.mx\/wp-content\/uploads\/2018\/04\/Declan-McKenna-1.jpg\",\"datePublished\":\"2018-04-18T05:05:32+00:00\",\"dateModified\":\"2018-04-19T00:53:35+00:00\",\"breadcrumb\":{\"@id\":\"https:\/\/www.reconoce.mx\/?p=72383#breadcrumb\"},\"inLanguage\":\"es\",\"potentialAction\":[{\"@type\":\"ReadAction\",\"target\":[\"https:\/\/www.reconoce.mx\/?p=72383\"]}]},{\"@type\":\"ImageObject\",\"inLanguage\":\"es\",\"@id\":\"https:\/\/www.reconoce.mx\/?p=72383#primaryimage\",\"url\":\"http:\/\/www.reconoce.mx\/wp-content\/uploads\/2018\/04\/Declan-McKenna-1.jpg\",\"contentUrl\":\"http:\/\/www.reconoce.mx\/wp-content\/uploads\/2018\/04\/Declan-McKenna-1.jpg\",\"width\":590,\"height\":380},{\"@type\":\"BreadcrumbList\",\"@id\":\"https:\/\/www.reconoce.mx\/?p=72383#breadcrumb\",\"itemListElement\":[{\"@type\":\"ListItem\",\"position\":1,\"name\":\"Portada\",\"item\":\"http:\/\/www.reconoce.mx\/\"},{\"@type\":\"ListItem\",\"position\":2,\"name\":\"La alucinante noche azteca de Declan McKenna en El Plaza\"}]},{\"@type\":\"WebSite\",\"@id\":\"http:\/\/www.reconoce.mx\/#website\",\"url\":\"http:\/\/www.reconoce.mx\/\",\"name\":\"Reconoce MX\",\"description\":\"En Reconoce MX difundimos arte, cultura y conciencia social en M\u00e9xico. Tu ciudad en otra perspectiva.\",\"publisher\":{\"@id\":\"http:\/\/www.reconoce.mx\/#organization\"},\"potentialAction\":[{\"@type\":\"SearchAction\",\"target\":{\"@type\":\"EntryPoint\",\"urlTemplate\":\"http:\/\/www.reconoce.mx\/?s={search_term_string}\"},\"query-input\":{\"@type\":\"PropertyValueSpecification\",\"valueRequired\":true,\"valueName\":\"search_term_string\"}}],\"inLanguage\":\"es\"},{\"@type\":\"Organization\",\"@id\":\"http:\/\/www.reconoce.mx\/#organization\",\"name\":\"Reconoce MX\",\"url\":\"http:\/\/www.reconoce.mx\/\",\"logo\":{\"@type\":\"ImageObject\",\"inLanguage\":\"es\",\"@id\":\"http:\/\/www.reconoce.mx\/#\/schema\/logo\/image\/\",\"url\":\"https:\/\/www.reconoce.mx\/wp-content\/uploads\/2019\/03\/logorcmx-good-1.png\",\"contentUrl\":\"https:\/\/www.reconoce.mx\/wp-content\/uploads\/2019\/03\/logorcmx-good-1.png\",\"width\":280,\"height\":90,\"caption\":\"Reconoce MX\"},\"image\":{\"@id\":\"http:\/\/www.reconoce.mx\/#\/schema\/logo\/image\/\"},\"sameAs\":[\"https:\/\/es-la.facebook.com\/ReconoceMX\/\",\"https:\/\/x.com\/reconocemx\",\"http:\/\/@reconocemx\"]},{\"@type\":\"Person\",\"@id\":\"http:\/\/www.reconoce.mx\/#\/schema\/person\/2117e997d7051dc15d6880eaf9bca0b2\",\"name\":\"Reconoce MX\",\"image\":{\"@type\":\"ImageObject\",\"inLanguage\":\"es\",\"@id\":\"http:\/\/www.reconoce.mx\/#\/schema\/person\/image\/\",\"url\":\"https:\/\/secure.gravatar.com\/avatar\/6c8d4dc7569ca1c90c5fdcc349f839d5ddef6fe1e70b4337ead2ef1a4c43fc3a?s=96&d=identicon&r=g\",\"contentUrl\":\"https:\/\/secure.gravatar.com\/avatar\/6c8d4dc7569ca1c90c5fdcc349f839d5ddef6fe1e70b4337ead2ef1a4c43fc3a?s=96&d=identicon&r=g\",\"caption\":\"Reconoce MX\"},\"description\":\"Reconoce MX es un proyecto de difusi\u00f3n art\u00edstica, cultural y de conciencia social que est\u00e1 enfocado a difundir y fomentar el entretenimiento alternativo de calidad para todo el p\u00fablico que comparta el mismo entusiasmo.\",\"sameAs\":[\"http:\/\/www.reconoce.mx\"],\"url\":\"http:\/\/www.reconoce.mx\/?author=2\"}]}<\/script>\n<!-- \/ Yoast SEO plugin. -->","yoast_head_json":{"title":"La alucinante noche azteca de Declan McKenna en El Plaza &#171; Reconoce MX","robots":{"index":"index","follow":"follow","max-snippet":"max-snippet:-1","max-image-preview":"max-image-preview:large","max-video-preview":"max-video-preview:-1"},"canonical":"https:\/\/www.reconoce.mx\/?p=72383","og_locale":"es_ES","og_type":"article","og_title":"La alucinante noche azteca de Declan McKenna en El Plaza &#171; Reconoce MX","og_description":"Declan McKenna pis\u00f3 tierras aztecas por primera vez para deleitar y consentir a su p\u00fablico con su \u00e1lbum debut titulado \"What Do You Think About the Car?\" (2017), el cual corri\u00f3 bajo la producci\u00f3n de James Ford, miembro de Simian Mobile Disco quien ha trabajado con distinguidas bandas como Foals, Florence and the Machine, Arctic Monkeys y muchas m\u00e1s.","og_url":"https:\/\/www.reconoce.mx\/?p=72383","og_site_name":"Reconoce MX","article_publisher":"https:\/\/es-la.facebook.com\/ReconoceMX\/","article_published_time":"2018-04-18T05:05:32+00:00","article_modified_time":"2018-04-19T00:53:35+00:00","og_image":[{"width":590,"height":380,"url":"https:\/\/www.reconoce.mx\/wp-content\/uploads\/2018\/04\/Declan-McKenna-1.jpg","type":"image\/jpeg"}],"author":"Reconoce MX","twitter_card":"summary_large_image","twitter_creator":"@reconocemx","twitter_site":"@reconocemx","twitter_misc":{"Escrito por":"Reconoce MX","Tiempo de lectura":"3 minutos"},"schema":{"@context":"https:\/\/schema.org","@graph":[{"@type":"Article","@id":"https:\/\/www.reconoce.mx\/?p=72383#article","isPartOf":{"@id":"https:\/\/www.reconoce.mx\/?p=72383"},"author":{"name":"Reconoce MX","@id":"http:\/\/www.reconoce.mx\/#\/schema\/person\/2117e997d7051dc15d6880eaf9bca0b2"},"headline":"La alucinante noche azteca de Declan McKenna en El Plaza","datePublished":"2018-04-18T05:05:32+00:00","dateModified":"2018-04-19T00:53:35+00:00","mainEntityOfPage":{"@id":"https:\/\/www.reconoce.mx\/?p=72383"},"wordCount":551,"commentCount":0,"publisher":{"@id":"http:\/\/www.reconoce.mx\/#organization"},"image":{"@id":"https:\/\/www.reconoce.mx\/?p=72383#primaryimage"},"thumbnailUrl":"http:\/\/www.reconoce.mx\/wp-content\/uploads\/2018\/04\/Declan-McKenna-1.jpg","articleSection":["Cultura","M\u00fasica","Principal"],"inLanguage":"es","potentialAction":[{"@type":"CommentAction","name":"Comment","target":["https:\/\/www.reconoce.mx\/?p=72383#respond"]}]},{"@type":"WebPage","@id":"https:\/\/www.reconoce.mx\/?p=72383","url":"https:\/\/www.reconoce.mx\/?p=72383","name":"La alucinante noche azteca de Declan McKenna en El Plaza &#171; Reconoce MX","isPartOf":{"@id":"http:\/\/www.reconoce.mx\/#website"},"primaryImageOfPage":{"@id":"https:\/\/www.reconoce.mx\/?p=72383#primaryimage"},"image":{"@id":"https:\/\/www.reconoce.mx\/?p=72383#primaryimage"},"thumbnailUrl":"http:\/\/www.reconoce.mx\/wp-content\/uploads\/2018\/04\/Declan-McKenna-1.jpg","datePublished":"2018-04-18T05:05:32+00:00","dateModified":"2018-04-19T00:53:35+00:00","breadcrumb":{"@id":"https:\/\/www.reconoce.mx\/?p=72383#breadcrumb"},"inLanguage":"es","potentialAction":[{"@type":"ReadAction","target":["https:\/\/www.reconoce.mx\/?p=72383"]}]},{"@type":"ImageObject","inLanguage":"es","@id":"https:\/\/www.reconoce.mx\/?p=72383#primaryimage","url":"http:\/\/www.reconoce.mx\/wp-content\/uploads\/2018\/04\/Declan-McKenna-1.jpg","contentUrl":"http:\/\/www.reconoce.mx\/wp-content\/uploads\/2018\/04\/Declan-McKenna-1.jpg","width":590,"height":380},{"@type":"BreadcrumbList","@id":"https:\/\/www.reconoce.mx\/?p=72383#breadcrumb","itemListElement":[{"@type":"ListItem","position":1,"name":"Portada","item":"http:\/\/www.reconoce.mx\/"},{"@type":"ListItem","position":2,"name":"La alucinante noche azteca de Declan McKenna en El Plaza"}]},{"@type":"WebSite","@id":"http:\/\/www.reconoce.mx\/#website","url":"http:\/\/www.reconoce.mx\/","name":"Reconoce MX","description":"En Reconoce MX difundimos arte, cultura y conciencia social en M\u00e9xico. Tu ciudad en otra perspectiva.","publisher":{"@id":"http:\/\/www.reconoce.mx\/#organization"},"potentialAction":[{"@type":"SearchAction","target":{"@type":"EntryPoint","urlTemplate":"http:\/\/www.reconoce.mx\/?s={search_term_string}"},"query-input":{"@type":"PropertyValueSpecification","valueRequired":true,"valueName":"search_term_string"}}],"inLanguage":"es"},{"@type":"Organization","@id":"http:\/\/www.reconoce.mx\/#organization","name":"Reconoce MX","url":"http:\/\/www.reconoce.mx\/","logo":{"@type":"ImageObject","inLanguage":"es","@id":"http:\/\/www.reconoce.mx\/#\/schema\/logo\/image\/","url":"https:\/\/www.reconoce.mx\/wp-content\/uploads\/2019\/03\/logorcmx-good-1.png","contentUrl":"https:\/\/www.reconoce.mx\/wp-content\/uploads\/2019\/03\/logorcmx-good-1.png","width":280,"height":90,"caption":"Reconoce MX"},"image":{"@id":"http:\/\/www.reconoce.mx\/#\/schema\/logo\/image\/"},"sameAs":["https:\/\/es-la.facebook.com\/ReconoceMX\/","https:\/\/x.com\/reconocemx","http:\/\/@reconocemx"]},{"@type":"Person","@id":"http:\/\/www.reconoce.mx\/#\/schema\/person\/2117e997d7051dc15d6880eaf9bca0b2","name":"Reconoce MX","image":{"@type":"ImageObject","inLanguage":"es","@id":"http:\/\/www.reconoce.mx\/#\/schema\/person\/image\/","url":"https:\/\/secure.gravatar.com\/avatar\/6c8d4dc7569ca1c90c5fdcc349f839d5ddef6fe1e70b4337ead2ef1a4c43fc3a?s=96&d=identicon&r=g","contentUrl":"https:\/\/secure.gravatar.com\/avatar\/6c8d4dc7569ca1c90c5fdcc349f839d5ddef6fe1e70b4337ead2ef1a4c43fc3a?s=96&d=identicon&r=g","caption":"Reconoce MX"},"description":"Reconoce MX es un proyecto de difusi\u00f3n art\u00edstica, cultural y de conciencia social que est\u00e1 enfocado a difundir y fomentar el entretenimiento alternativo de calidad para todo el p\u00fablico que comparta el mismo entusiasmo.","sameAs":["http:\/\/www.reconoce.mx"],"url":"http:\/\/www.reconoce.mx\/?author=2"}]}},"_links":{"self":[{"href":"http:\/\/www.reconoce.mx\/index.php?rest_route=\/wp\/v2\/posts\/72383","targetHints":{"allow":["GET"]}}],"collection":[{"href":"http:\/\/www.reconoce.mx\/index.php?rest_route=\/wp\/v2\/posts"}],"about":[{"href":"http:\/\/www.reconoce.mx\/index.php?rest_route=\/wp\/v2\/types\/post"}],"author":[{"embeddable":true,"href":"http:\/\/www.reconoce.mx\/index.php?rest_route=\/wp\/v2\/users\/2"}],"replies":[{"embeddable":true,"href":"http:\/\/www.reconoce.mx\/index.php?rest_route=%2Fwp%2Fv2%2Fcomments&post=72383"}],"version-history":[{"count":2,"href":"http:\/\/www.reconoce.mx\/index.php?rest_route=\/wp\/v2\/posts\/72383\/revisions"}],"predecessor-version":[{"id":72386,"href":"http:\/\/www.reconoce.mx\/index.php?rest_route=\/wp\/v2\/posts\/72383\/revisions\/72386"}],"wp:featuredmedia":[{"embeddable":true,"href":"http:\/\/www.reconoce.mx\/index.php?rest_route=\/wp\/v2\/media\/72384"}],"wp:attachment":[{"href":"http:\/\/www.reconoce.mx\/index.php?rest_route=%2Fwp%2Fv2%2Fmedia&parent=72383"}],"wp:term":[{"taxonomy":"category","embeddable":true,"href":"http:\/\/www.reconoce.mx\/index.php?rest_route=%2Fwp%2Fv2%2Fcategories&post=72383"},{"taxonomy":"post_tag","embeddable":true,"href":"http:\/\/www.reconoce.mx\/index.php?rest_route=%2Fwp%2Fv2%2Ftags&post=72383"}],"curies":[{"name":"wp","href":"https:\/\/api.w.org\/{rel}","templated":true}]}}