{"id":72432,"date":"2018-04-22T00:01:07","date_gmt":"2018-04-22T05:01:07","guid":{"rendered":"http:\/\/www.reconoce.mx\/?p=72432"},"modified":"2018-04-22T15:58:11","modified_gmt":"2018-04-22T20:58:11","slug":"elecciones2018-primer-debate-presidencial-en-mexico","status":"publish","type":"post","link":"http:\/\/www.reconoce.mx\/?p=72432","title":{"rendered":"#Elecciones2018: Primer Debate Presidencial en M\u00e9xico"},"content":{"rendered":"<p><strong>Por <a title=\"@enriquefa86\" href=\"http:\/\/twitter.com\/#%21\/enriquefa86\" target=\"_blank\" rel=\"noopener\">Enrique Figueroa Anaya<\/a><\/strong>.<\/p>\n<p>Este 2018 se celebrar\u00e1n nuevas elecciones a puestos populares en todo el pa\u00eds. Las elecciones servir\u00e1n para elegir presidentes municipales y alcaldes, diputados, senadores, gobernadores y presidente de M\u00e9xico. En <span style=\"color: #a81f25;\"><strong>Reconoce MX<\/strong><\/span>, interesados en fomentar la cultura de la informaci\u00f3n para que ejerzas tu derecho como ciudadano a votar y tambi\u00e9n a no votar, te facilitamos todo lo referente a los 3 debates presidenciales que se realizar\u00e1n como pre\u00e1mbulo a las elecciones del pr\u00f3ximo 1 de julio de 2018.<\/p>\n<style>.embed-container { position: relative; padding-bottom: 56.25%; height: 0; overflow: hidden; max-width: 100%; } .embed-container iframe, .embed-container object, .embed-container embed { position: absolute; top: 0; left: 0; width: 100%; height: 100%; }<\/style>\n<div class=\"embed-container\"><iframe loading=\"lazy\" src=\"https:\/\/www.youtube.com\/embed\/adrQcRwqwwk\" width=\"300\" height=\"150\" frameborder=\"0\" allowfullscreen=\"allowfullscreen\"><\/iframe><\/div>\n<p>&nbsp;<\/p>\n<p>Los debates presidenciales se realizan en M\u00e9xico desde las elecciones de 1994, cuando los entonces candidatos <strong>Cuauht\u00e9moc C\u00e1rdenas<\/strong>, <strong>Ernesto Zedillo<\/strong> y <strong>Diego Fern\u00e1ndez<\/strong> se pararon frente a millones de televidentes a plantear sus propuestas. Desde entonces, cada 6 a\u00f1os y con sus diversas particularidades, los debates presidenciales han formado parte de la cultura democr\u00e1tica de nuestro pa\u00eds.<\/p>\n<p>Una de las deudas pendientes de estos debates ha sido sin duda su formato. Poco \u00e1giles, con mal ritmo y con poco espacio para un ejercicio verdadermente de debate, el primer debate presidencial de las elecciones 2018 se plantea ese reto que esperamos todos haga que este tipo de ejercicio funcionende mejor manera. La promesa, al momento, es que ser\u00e1 un debate \u00abcon un formato m\u00e1s din\u00e1mico (en el que los candidatos) podr\u00e1n hacer aclaraciones o comentarios\u00bb.<\/p>\n<p>El primer debate presidencial se realizar\u00e1 hoy domingo 22 de abril en punto de las 20:00 horas (tiempo del centro). El debate, con la participaci\u00f3n de los candidatos <strong>Andr\u00e9s Manuel L\u00f3pez Obrador<\/strong>, <strong>Ricardo Anaya<\/strong>, <strong>Jos\u00e9 Antonio Meade<\/strong>, <strong>Margarita Zavala<\/strong> y <strong>Jaime Rodr\u00edguez<\/strong>, se realizar\u00e1 en el <strong>Palacio de Miner\u00eda<\/strong> en Ciudad de M\u00e9xico y contar\u00e1 con una duraci\u00f3n de 112 minutos. Los temas a abordar son: seguridad, corrupci\u00f3n, democracia y pluralismo.<\/p>\n<p>Para este primer debate presidencial los moderadores ser\u00e1n 3: <strong>Denise Maerker<\/strong>, <strong>Azucena Uresti<\/strong> y<strong> Sergio Sarmiento<\/strong>. El debate se realizar\u00e1 en 3 bloques que a su vez se dividir\u00e1n en 2 segmentos. El primer segmento servir\u00e1 para que los candidatos posicionen sus propuestas; en el segundo se espera un di\u00e1logo m\u00e1s fluido en el que las ideas se contrasten.<\/p>\n<p>El primer debate presidencial podr\u00e1 seguirse en YouTube (a trav\u00e9s del video que m\u00e1s arriba compartimos), as\u00ed como en radio y televisi\u00f3n, as\u00ed como tambi\u00e9n a trav\u00e9s del <a href=\"https:\/\/www.canaldelcongreso.gob.mx\/\" target=\"_blank\" rel=\"noopener\">Canal del Congreso<\/a>.<\/p>\n<p>La fecha del <strong>segundo debate se ha fijado para el 20 de mayo a las 21:30 horas (tiempo del centro)<\/strong> en Tijuana, Baja California; los temas a abordar ser\u00e1n: comercio exterior, seguridad fronteriza y derechos de los migrantes. El<strong> tercer debate se realizar\u00e1 el 12 de junio a 21:00 horas (tiempo del centro)<\/strong>; los temas ser\u00e1n: crecimiento econ\u00f3mico, educaci\u00f3n, desarrollo sustentable, salud y cambio clim\u00e1tico.<\/p>\n<p>&nbsp;<\/p>\n<p>&nbsp;<\/p>\n","protected":false},"excerpt":{"rendered":"<p>Este 2018 se celebrar\u00e1n nuevas elecciones a puestos populares en todo el pa\u00eds. Las elecciones servir\u00e1n para elegir presidentes municipales y alcaldes, diputados, senadores, gobernadores y presidente de M\u00e9xico.<\/p>\n","protected":false},"author":2,"featured_media":72433,"comment_status":"open","ping_status":"open","sticky":false,"template":"","format":"standard","meta":{"footnotes":""},"categories":[43,169,17],"tags":[],"class_list":["post-72432","post","type-post","status-publish","format-standard","has-post-thumbnail","hentry","category-conciencia","category-politica-entorno","category-principal"],"yoast_head":"<!-- This site is optimized with the Yoast SEO plugin v24.7 - https:\/\/yoast.com\/wordpress\/plugins\/seo\/ -->\n<title>#Elecciones2018: Primer Debate Presidencial en M\u00e9xico &#171; Reconoce MX<\/title>\n<meta name=\"robots\" content=\"index, follow, max-snippet:-1, max-image-preview:large, max-video-preview:-1\" \/>\n<link rel=\"canonical\" href=\"http:\/\/www.reconoce.mx\/?p=72432\" \/>\n<meta property=\"og:locale\" content=\"es_ES\" \/>\n<meta property=\"og:type\" content=\"article\" \/>\n<meta property=\"og:title\" content=\"#Elecciones2018: Primer Debate Presidencial en M\u00e9xico &#171; Reconoce MX\" \/>\n<meta property=\"og:description\" content=\"Este 2018 se celebrar\u00e1n nuevas elecciones a puestos populares en todo el pa\u00eds. Las elecciones servir\u00e1n para elegir presidentes municipales y alcaldes, diputados, senadores, gobernadores y presidente de M\u00e9xico.\" \/>\n<meta property=\"og:url\" content=\"http:\/\/www.reconoce.mx\/?p=72432\" \/>\n<meta property=\"og:site_name\" content=\"Reconoce MX\" \/>\n<meta property=\"article:publisher\" content=\"https:\/\/es-la.facebook.com\/ReconoceMX\/\" \/>\n<meta property=\"article:published_time\" content=\"2018-04-22T05:01:07+00:00\" \/>\n<meta property=\"article:modified_time\" content=\"2018-04-22T20:58:11+00:00\" \/>\n<meta property=\"og:image\" content=\"http:\/\/www.reconoce.mx\/wp-content\/uploads\/2018\/04\/ine-cover.jpg\" \/>\n\t<meta property=\"og:image:width\" content=\"590\" \/>\n\t<meta property=\"og:image:height\" content=\"380\" \/>\n\t<meta property=\"og:image:type\" content=\"image\/jpeg\" \/>\n<meta name=\"author\" content=\"Reconoce MX\" \/>\n<meta name=\"twitter:card\" content=\"summary_large_image\" \/>\n<meta name=\"twitter:creator\" content=\"@reconocemx\" \/>\n<meta name=\"twitter:site\" content=\"@reconocemx\" \/>\n<meta name=\"twitter:label1\" content=\"Escrito por\" \/>\n\t<meta name=\"twitter:data1\" content=\"Reconoce MX\" \/>\n\t<meta name=\"twitter:label2\" content=\"Tiempo de lectura\" \/>\n\t<meta name=\"twitter:data2\" content=\"2 minutos\" \/>\n<script type=\"application\/ld+json\" class=\"yoast-schema-graph\">{\"@context\":\"https:\/\/schema.org\",\"@graph\":[{\"@type\":\"Article\",\"@id\":\"http:\/\/www.reconoce.mx\/?p=72432#article\",\"isPartOf\":{\"@id\":\"http:\/\/www.reconoce.mx\/?p=72432\"},\"author\":{\"name\":\"Reconoce MX\",\"@id\":\"http:\/\/www.reconoce.mx\/#\/schema\/person\/2117e997d7051dc15d6880eaf9bca0b2\"},\"headline\":\"#Elecciones2018: Primer Debate Presidencial en M\u00e9xico\",\"datePublished\":\"2018-04-22T05:01:07+00:00\",\"dateModified\":\"2018-04-22T20:58:11+00:00\",\"mainEntityOfPage\":{\"@id\":\"http:\/\/www.reconoce.mx\/?p=72432\"},\"wordCount\":477,\"commentCount\":0,\"publisher\":{\"@id\":\"http:\/\/www.reconoce.mx\/#organization\"},\"image\":{\"@id\":\"http:\/\/www.reconoce.mx\/?p=72432#primaryimage\"},\"thumbnailUrl\":\"http:\/\/www.reconoce.mx\/wp-content\/uploads\/2018\/04\/ine-cover.jpg\",\"articleSection\":[\"Conciencia\",\"Pol\u00edtica\",\"Principal\"],\"inLanguage\":\"es\",\"potentialAction\":[{\"@type\":\"CommentAction\",\"name\":\"Comment\",\"target\":[\"http:\/\/www.reconoce.mx\/?p=72432#respond\"]}]},{\"@type\":\"WebPage\",\"@id\":\"http:\/\/www.reconoce.mx\/?p=72432\",\"url\":\"http:\/\/www.reconoce.mx\/?p=72432\",\"name\":\"#Elecciones2018: Primer Debate Presidencial en M\u00e9xico &#171; Reconoce MX\",\"isPartOf\":{\"@id\":\"http:\/\/www.reconoce.mx\/#website\"},\"primaryImageOfPage\":{\"@id\":\"http:\/\/www.reconoce.mx\/?p=72432#primaryimage\"},\"image\":{\"@id\":\"http:\/\/www.reconoce.mx\/?p=72432#primaryimage\"},\"thumbnailUrl\":\"http:\/\/www.reconoce.mx\/wp-content\/uploads\/2018\/04\/ine-cover.jpg\",\"datePublished\":\"2018-04-22T05:01:07+00:00\",\"dateModified\":\"2018-04-22T20:58:11+00:00\",\"breadcrumb\":{\"@id\":\"http:\/\/www.reconoce.mx\/?p=72432#breadcrumb\"},\"inLanguage\":\"es\",\"potentialAction\":[{\"@type\":\"ReadAction\",\"target\":[\"http:\/\/www.reconoce.mx\/?p=72432\"]}]},{\"@type\":\"ImageObject\",\"inLanguage\":\"es\",\"@id\":\"http:\/\/www.reconoce.mx\/?p=72432#primaryimage\",\"url\":\"http:\/\/www.reconoce.mx\/wp-content\/uploads\/2018\/04\/ine-cover.jpg\",\"contentUrl\":\"http:\/\/www.reconoce.mx\/wp-content\/uploads\/2018\/04\/ine-cover.jpg\",\"width\":590,\"height\":380},{\"@type\":\"BreadcrumbList\",\"@id\":\"http:\/\/www.reconoce.mx\/?p=72432#breadcrumb\",\"itemListElement\":[{\"@type\":\"ListItem\",\"position\":1,\"name\":\"Portada\",\"item\":\"http:\/\/www.reconoce.mx\/\"},{\"@type\":\"ListItem\",\"position\":2,\"name\":\"#Elecciones2018: Primer Debate Presidencial en M\u00e9xico\"}]},{\"@type\":\"WebSite\",\"@id\":\"http:\/\/www.reconoce.mx\/#website\",\"url\":\"http:\/\/www.reconoce.mx\/\",\"name\":\"Reconoce MX\",\"description\":\"En Reconoce MX difundimos arte, cultura y conciencia social en M\u00e9xico. Tu ciudad en otra perspectiva.\",\"publisher\":{\"@id\":\"http:\/\/www.reconoce.mx\/#organization\"},\"potentialAction\":[{\"@type\":\"SearchAction\",\"target\":{\"@type\":\"EntryPoint\",\"urlTemplate\":\"http:\/\/www.reconoce.mx\/?s={search_term_string}\"},\"query-input\":{\"@type\":\"PropertyValueSpecification\",\"valueRequired\":true,\"valueName\":\"search_term_string\"}}],\"inLanguage\":\"es\"},{\"@type\":\"Organization\",\"@id\":\"http:\/\/www.reconoce.mx\/#organization\",\"name\":\"Reconoce MX\",\"url\":\"http:\/\/www.reconoce.mx\/\",\"logo\":{\"@type\":\"ImageObject\",\"inLanguage\":\"es\",\"@id\":\"http:\/\/www.reconoce.mx\/#\/schema\/logo\/image\/\",\"url\":\"https:\/\/www.reconoce.mx\/wp-content\/uploads\/2019\/03\/logorcmx-good-1.png\",\"contentUrl\":\"https:\/\/www.reconoce.mx\/wp-content\/uploads\/2019\/03\/logorcmx-good-1.png\",\"width\":280,\"height\":90,\"caption\":\"Reconoce MX\"},\"image\":{\"@id\":\"http:\/\/www.reconoce.mx\/#\/schema\/logo\/image\/\"},\"sameAs\":[\"https:\/\/es-la.facebook.com\/ReconoceMX\/\",\"https:\/\/x.com\/reconocemx\",\"http:\/\/@reconocemx\"]},{\"@type\":\"Person\",\"@id\":\"http:\/\/www.reconoce.mx\/#\/schema\/person\/2117e997d7051dc15d6880eaf9bca0b2\",\"name\":\"Reconoce MX\",\"image\":{\"@type\":\"ImageObject\",\"inLanguage\":\"es\",\"@id\":\"http:\/\/www.reconoce.mx\/#\/schema\/person\/image\/\",\"url\":\"https:\/\/secure.gravatar.com\/avatar\/6c8d4dc7569ca1c90c5fdcc349f839d5ddef6fe1e70b4337ead2ef1a4c43fc3a?s=96&d=identicon&r=g\",\"contentUrl\":\"https:\/\/secure.gravatar.com\/avatar\/6c8d4dc7569ca1c90c5fdcc349f839d5ddef6fe1e70b4337ead2ef1a4c43fc3a?s=96&d=identicon&r=g\",\"caption\":\"Reconoce MX\"},\"description\":\"Reconoce MX es un proyecto de difusi\u00f3n art\u00edstica, cultural y de conciencia social que est\u00e1 enfocado a difundir y fomentar el entretenimiento alternativo de calidad para todo el p\u00fablico que comparta el mismo entusiasmo.\",\"sameAs\":[\"http:\/\/www.reconoce.mx\"],\"url\":\"http:\/\/www.reconoce.mx\/?author=2\"}]}<\/script>\n<!-- \/ Yoast SEO plugin. -->","yoast_head_json":{"title":"#Elecciones2018: Primer Debate Presidencial en M\u00e9xico &#171; Reconoce MX","robots":{"index":"index","follow":"follow","max-snippet":"max-snippet:-1","max-image-preview":"max-image-preview:large","max-video-preview":"max-video-preview:-1"},"canonical":"http:\/\/www.reconoce.mx\/?p=72432","og_locale":"es_ES","og_type":"article","og_title":"#Elecciones2018: Primer Debate Presidencial en M\u00e9xico &#171; Reconoce MX","og_description":"Este 2018 se celebrar\u00e1n nuevas elecciones a puestos populares en todo el pa\u00eds. Las elecciones servir\u00e1n para elegir presidentes municipales y alcaldes, diputados, senadores, gobernadores y presidente de M\u00e9xico.","og_url":"http:\/\/www.reconoce.mx\/?p=72432","og_site_name":"Reconoce MX","article_publisher":"https:\/\/es-la.facebook.com\/ReconoceMX\/","article_published_time":"2018-04-22T05:01:07+00:00","article_modified_time":"2018-04-22T20:58:11+00:00","og_image":[{"width":590,"height":380,"url":"http:\/\/www.reconoce.mx\/wp-content\/uploads\/2018\/04\/ine-cover.jpg","type":"image\/jpeg"}],"author":"Reconoce MX","twitter_card":"summary_large_image","twitter_creator":"@reconocemx","twitter_site":"@reconocemx","twitter_misc":{"Escrito por":"Reconoce MX","Tiempo de lectura":"2 minutos"},"schema":{"@context":"https:\/\/schema.org","@graph":[{"@type":"Article","@id":"http:\/\/www.reconoce.mx\/?p=72432#article","isPartOf":{"@id":"http:\/\/www.reconoce.mx\/?p=72432"},"author":{"name":"Reconoce MX","@id":"http:\/\/www.reconoce.mx\/#\/schema\/person\/2117e997d7051dc15d6880eaf9bca0b2"},"headline":"#Elecciones2018: Primer Debate Presidencial en M\u00e9xico","datePublished":"2018-04-22T05:01:07+00:00","dateModified":"2018-04-22T20:58:11+00:00","mainEntityOfPage":{"@id":"http:\/\/www.reconoce.mx\/?p=72432"},"wordCount":477,"commentCount":0,"publisher":{"@id":"http:\/\/www.reconoce.mx\/#organization"},"image":{"@id":"http:\/\/www.reconoce.mx\/?p=72432#primaryimage"},"thumbnailUrl":"http:\/\/www.reconoce.mx\/wp-content\/uploads\/2018\/04\/ine-cover.jpg","articleSection":["Conciencia","Pol\u00edtica","Principal"],"inLanguage":"es","potentialAction":[{"@type":"CommentAction","name":"Comment","target":["http:\/\/www.reconoce.mx\/?p=72432#respond"]}]},{"@type":"WebPage","@id":"http:\/\/www.reconoce.mx\/?p=72432","url":"http:\/\/www.reconoce.mx\/?p=72432","name":"#Elecciones2018: Primer Debate Presidencial en M\u00e9xico &#171; Reconoce MX","isPartOf":{"@id":"http:\/\/www.reconoce.mx\/#website"},"primaryImageOfPage":{"@id":"http:\/\/www.reconoce.mx\/?p=72432#primaryimage"},"image":{"@id":"http:\/\/www.reconoce.mx\/?p=72432#primaryimage"},"thumbnailUrl":"http:\/\/www.reconoce.mx\/wp-content\/uploads\/2018\/04\/ine-cover.jpg","datePublished":"2018-04-22T05:01:07+00:00","dateModified":"2018-04-22T20:58:11+00:00","breadcrumb":{"@id":"http:\/\/www.reconoce.mx\/?p=72432#breadcrumb"},"inLanguage":"es","potentialAction":[{"@type":"ReadAction","target":["http:\/\/www.reconoce.mx\/?p=72432"]}]},{"@type":"ImageObject","inLanguage":"es","@id":"http:\/\/www.reconoce.mx\/?p=72432#primaryimage","url":"http:\/\/www.reconoce.mx\/wp-content\/uploads\/2018\/04\/ine-cover.jpg","contentUrl":"http:\/\/www.reconoce.mx\/wp-content\/uploads\/2018\/04\/ine-cover.jpg","width":590,"height":380},{"@type":"BreadcrumbList","@id":"http:\/\/www.reconoce.mx\/?p=72432#breadcrumb","itemListElement":[{"@type":"ListItem","position":1,"name":"Portada","item":"http:\/\/www.reconoce.mx\/"},{"@type":"ListItem","position":2,"name":"#Elecciones2018: Primer Debate Presidencial en M\u00e9xico"}]},{"@type":"WebSite","@id":"http:\/\/www.reconoce.mx\/#website","url":"http:\/\/www.reconoce.mx\/","name":"Reconoce MX","description":"En Reconoce MX difundimos arte, cultura y conciencia social en M\u00e9xico. Tu ciudad en otra perspectiva.","publisher":{"@id":"http:\/\/www.reconoce.mx\/#organization"},"potentialAction":[{"@type":"SearchAction","target":{"@type":"EntryPoint","urlTemplate":"http:\/\/www.reconoce.mx\/?s={search_term_string}"},"query-input":{"@type":"PropertyValueSpecification","valueRequired":true,"valueName":"search_term_string"}}],"inLanguage":"es"},{"@type":"Organization","@id":"http:\/\/www.reconoce.mx\/#organization","name":"Reconoce MX","url":"http:\/\/www.reconoce.mx\/","logo":{"@type":"ImageObject","inLanguage":"es","@id":"http:\/\/www.reconoce.mx\/#\/schema\/logo\/image\/","url":"https:\/\/www.reconoce.mx\/wp-content\/uploads\/2019\/03\/logorcmx-good-1.png","contentUrl":"https:\/\/www.reconoce.mx\/wp-content\/uploads\/2019\/03\/logorcmx-good-1.png","width":280,"height":90,"caption":"Reconoce MX"},"image":{"@id":"http:\/\/www.reconoce.mx\/#\/schema\/logo\/image\/"},"sameAs":["https:\/\/es-la.facebook.com\/ReconoceMX\/","https:\/\/x.com\/reconocemx","http:\/\/@reconocemx"]},{"@type":"Person","@id":"http:\/\/www.reconoce.mx\/#\/schema\/person\/2117e997d7051dc15d6880eaf9bca0b2","name":"Reconoce MX","image":{"@type":"ImageObject","inLanguage":"es","@id":"http:\/\/www.reconoce.mx\/#\/schema\/person\/image\/","url":"https:\/\/secure.gravatar.com\/avatar\/6c8d4dc7569ca1c90c5fdcc349f839d5ddef6fe1e70b4337ead2ef1a4c43fc3a?s=96&d=identicon&r=g","contentUrl":"https:\/\/secure.gravatar.com\/avatar\/6c8d4dc7569ca1c90c5fdcc349f839d5ddef6fe1e70b4337ead2ef1a4c43fc3a?s=96&d=identicon&r=g","caption":"Reconoce MX"},"description":"Reconoce MX es un proyecto de difusi\u00f3n art\u00edstica, cultural y de conciencia social que est\u00e1 enfocado a difundir y fomentar el entretenimiento alternativo de calidad para todo el p\u00fablico que comparta el mismo entusiasmo.","sameAs":["http:\/\/www.reconoce.mx"],"url":"http:\/\/www.reconoce.mx\/?author=2"}]}},"_links":{"self":[{"href":"http:\/\/www.reconoce.mx\/index.php?rest_route=\/wp\/v2\/posts\/72432","targetHints":{"allow":["GET"]}}],"collection":[{"href":"http:\/\/www.reconoce.mx\/index.php?rest_route=\/wp\/v2\/posts"}],"about":[{"href":"http:\/\/www.reconoce.mx\/index.php?rest_route=\/wp\/v2\/types\/post"}],"author":[{"embeddable":true,"href":"http:\/\/www.reconoce.mx\/index.php?rest_route=\/wp\/v2\/users\/2"}],"replies":[{"embeddable":true,"href":"http:\/\/www.reconoce.mx\/index.php?rest_route=%2Fwp%2Fv2%2Fcomments&post=72432"}],"version-history":[{"count":3,"href":"http:\/\/www.reconoce.mx\/index.php?rest_route=\/wp\/v2\/posts\/72432\/revisions"}],"predecessor-version":[{"id":72436,"href":"http:\/\/www.reconoce.mx\/index.php?rest_route=\/wp\/v2\/posts\/72432\/revisions\/72436"}],"wp:featuredmedia":[{"embeddable":true,"href":"http:\/\/www.reconoce.mx\/index.php?rest_route=\/wp\/v2\/media\/72433"}],"wp:attachment":[{"href":"http:\/\/www.reconoce.mx\/index.php?rest_route=%2Fwp%2Fv2%2Fmedia&parent=72432"}],"wp:term":[{"taxonomy":"category","embeddable":true,"href":"http:\/\/www.reconoce.mx\/index.php?rest_route=%2Fwp%2Fv2%2Fcategories&post=72432"},{"taxonomy":"post_tag","embeddable":true,"href":"http:\/\/www.reconoce.mx\/index.php?rest_route=%2Fwp%2Fv2%2Ftags&post=72432"}],"curies":[{"name":"wp","href":"https:\/\/api.w.org\/{rel}","templated":true}]}}