{"id":72465,"date":"2018-04-23T00:06:10","date_gmt":"2018-04-23T05:06:10","guid":{"rendered":"http:\/\/www.reconoce.mx\/?p=72465"},"modified":"2018-04-23T00:10:36","modified_gmt":"2018-04-23T05:10:36","slug":"izal-sacuden-emociones-en-el-lunario","status":"publish","type":"post","link":"http:\/\/www.reconoce.mx\/?p=72465","title":{"rendered":"Izal sacuden emociones en el Lunario"},"content":{"rendered":"<p><strong>Texto y fotos por <a href=\"https:\/\/www.instagram.com\/alexcfranco\/\" target=\"_blank\" rel=\"noopener noreferrer\">Alexandra Careaga Franco<\/a><\/strong>.<\/p>\n<p>Alrededor de las 21:00 horas del 19 de abril del 2018 en la capital de nuestro pa\u00eds, M\u00e9xico, en la sala <strong>Lunario del Auditorio Nacional<\/strong> se sintieron vibraciones en el piso, m\u00e1s no fue a causa de un temblor fue a causa de que la banda espa\u00f1ola de rock indie <strong>Izal<\/strong> vino para sacudir a todo aquel que estuviera cerca del \u00e1rea.<\/p>\n<p><img loading=\"lazy\" decoding=\"async\" class=\"alignnone size-full\" src=\"https:\/\/c1.staticflickr.com\/1\/812\/41638231211_0bb3e8798f_c.jpg\" width=\"800\" height=\"534\" \/><\/p>\n<p><strong><em>&gt;&gt;<a href=\"https:\/\/www.flickr.com\/photos\/reconocemx\/sets\/72157695267864734\/with\/41638231211\/\" target=\"_blank\" rel=\"noopener\">Disfruta nuestra galer\u00eda completa de Oh&#8217;laville en Lunario<\/a>&lt;&lt;<\/em><\/strong><\/p>\n<p>La velada inici\u00f3 con la banda originaria de Bogot\u00e1, Colombia, <strong>Oh&#8217;laville<\/strong>, quienes se encuentran dando un tour para promocionar su nuevo material. La banda nos comparti\u00f3 5 de sus temas que van desde el folk hasta rock. El quinteto logr\u00f3 prender motores en el p\u00fablico ansioso por una noche de rock. Sin duda es una de las bandas de rock alternativo que han demostrado su valor en la industria y que hay que pegarles ojo (u o\u00eddo, para ser m\u00e1s precisos).<\/p>\n<p>El setlist de la banda fue:<\/p>\n<ul>\n<li>\u00abGigantes\u00bb<\/li>\n<li>\u00abPlanetas\u00bb<\/li>\n<li>\u00abPrimitivos\u00bb<\/li>\n<li>\u00abMantente cerca\u00bb<\/li>\n<li>\u00abCielo\u00bb<\/li>\n<\/ul>\n<p><img loading=\"lazy\" decoding=\"async\" class=\"alignnone size-full\" src=\"https:\/\/c1.staticflickr.com\/1\/916\/39830866520_f9f2049078_c.jpg\" width=\"800\" height=\"534\" \/><\/p>\n<p><strong><em>&gt;&gt;<a href=\"https:\/\/www.flickr.com\/photos\/reconocemx\/albums\/72157694189167741\" target=\"_blank\" rel=\"noopener\">Disfruta nuestra galer\u00eda completa de Izal en Lunario<\/a>&lt;&lt;<\/em><\/strong><\/p>\n<p>Al poco tiempo Mikel Izal, Alejandro Jord\u00e1, Emanuel P\u00e9rez, Alberto P\u00e9rez e Iv\u00e1n Mella salieron al escenario y el rock empez\u00f3 con el sencillo que da nombre a su nuevo \u00e1lbum: \u00abAutoterapia\u00bb, seguido de cl\u00e1sicos como \u00abRuido blanco\u00bb y \u00abCopacabana\u00bb.<\/p>\n<p>\u00c9sta fue la cuarta ocasi\u00f3n que la banda viene a nuestro pa\u00eds (han tocado en sitios como <strong>Foro Indie Rocks!<\/strong> y en el <strong>Vive Latino<\/strong>); sinti\u00e9ndose siempre tan apreciados por el p\u00fablico mexicano que decidieron presentar su nuevo trabajo, por primera vez en vivo, a nosotros los capitalinos. Incluso la banda mencion\u00f3 que las cosas antes no eran tan sencillas para ellos que no pod\u00edan traer todo su equipo musical con ellos para tocar todo su repertorio, pero hoy las cosas son diferentes y pudieron tocar \u00e9xitos como \u00abLos seres que me llenan\u00bb.<\/p>\n<p><img loading=\"lazy\" decoding=\"async\" class=\"alignnone size-full\" src=\"https:\/\/c1.staticflickr.com\/1\/794\/39830851450_1fdb1d0a3b_c.jpg\" width=\"800\" height=\"534\" \/><\/p>\n<p><strong><em>&gt;&gt;<a href=\"https:\/\/www.flickr.com\/photos\/reconocemx\/albums\/72157694189167741\" target=\"_blank\" rel=\"noopener\">Disfruta nuestra galer\u00eda completa de Izal en Lunario<\/a>&lt;&lt;<\/em><\/strong><\/p>\n<p>Con la promesa de retornar a nuestro pa\u00eds y continente (promesas de ir a otros pa\u00edses latinos), la banda quienes estaban muy complacidos por el intenso y positivo resultado de la noche, decidieron terminar la noche con otra serie de temblores: \u00abLa mujer de verde\u00bb, \u00abEl baile\u00bb y, por \u00faltimo, \u00abEl pozo\u00bb.<\/p>\n<p><strong>Izal<\/strong> es una banda indie que desde sus inicios en el a\u00f1o 2010 siempre se ha mostrado llena de promesas, con canciones llenas de significados y emociones. Incluso han sido galardonados con un disco de oro (\u00abCopacabana\u00bb). En este 2018 han demostrado (y seguir\u00e1n) que a\u00fan tienen mucho que dar.<\/p>\n<p><a data-flickr-embed='true' href='https:\/\/www.flickr.com\/photos\/reconocemx\/albums\/72157694189167741' title='Izal en Lunario by Reconoce MX, on Flickr'><img src='https:\/\/live.staticflickr.com\/802\/40928177934_e110a5d1a9_z.jpg' width='800' height='600' alt='Izal en Lunario - 21'><\/a><script async src='https:\/\/embedr.flickr.com\/assets\/client-code.js' charset='utf-8'><\/script><\/p>\n<p>El setlist de <strong>Izal<\/strong> fue:<\/p>\n<ul>\n<li>\u00abAutoterapia\u00bb<\/li>\n<li>\u00abRuido blanco\u00bb<\/li>\n<li>\u00abCopacabana\u00bb<\/li>\n<li>\u00abPausa\u00bb<\/li>\n<li>\u00abPeque\u00f1a gran revoluci\u00f3n\u00bb<\/li>\n<li>\u00abDespedida\u00bb<\/li>\n<li>\u00abHambre\u00bb<\/li>\n<li>\u00abAgujeros de gusano\u00bb<\/li>\n<li>\u00abT\u00f3xica\u00bb<\/li>\n<li>\u00abSanta paz\u00bb<\/li>\n<li>\u00abTu continente\u00bb<\/li>\n<li>\u00abLos seres que me llenan\u00bb<\/li>\n<li>\u00abLa incre\u00edble historia del hombre que pod\u00eda volar pero no sab\u00eda c\u00f3mo\u00bb<\/li>\n<li>\u00abQu\u00e9 bien<\/li>\n<li>\u00abP\u00e1nico pr\u00e1ctico\u00bb<\/li>\n<li>\u00abAsuntos delicados\u00bb<\/li>\n<li>\u00abMagia y efectos especiales\u00bb<\/li>\n<li>\u00abLa mujer de verde\u00bb<\/li>\n<li>\u00abEl baile\u00bb<\/li>\n<li>\u00abEl pozo\u00bb<\/li>\n<\/ul>\n<p>&nbsp;<\/p>\n<p>&nbsp;<\/p>\n","protected":false},"excerpt":{"rendered":"<p>Alrededor de las 21:00 horas del 19 de abril del 2018 en la capital de nuestro pa\u00eds, M\u00e9xico, en la sala Lunario del Auditorio Nacional se sintieron vibraciones en el piso, m\u00e1s no fue a causa de un temblor fue a causa de que la banda espa\u00f1ola de rock indie Izal vino para sacudir a todo aquel que estuviera cerca del \u00e1rea.<\/p>\n","protected":false},"author":2,"featured_media":72468,"comment_status":"open","ping_status":"open","sticky":false,"template":"","format":"standard","meta":{"footnotes":""},"categories":[1,18,17],"tags":[],"class_list":["post-72465","post","type-post","status-publish","format-standard","has-post-thumbnail","hentry","category-cultura","category-musica","category-principal"],"yoast_head":"<!-- This site is optimized with the Yoast SEO plugin v24.7 - https:\/\/yoast.com\/wordpress\/plugins\/seo\/ -->\n<title>Izal sacuden emociones en el Lunario &#171; Reconoce MX<\/title>\n<meta name=\"robots\" content=\"index, follow, max-snippet:-1, max-image-preview:large, max-video-preview:-1\" \/>\n<link rel=\"canonical\" href=\"http:\/\/www.reconoce.mx\/?p=72465\" \/>\n<meta property=\"og:locale\" content=\"es_ES\" \/>\n<meta property=\"og:type\" content=\"article\" \/>\n<meta property=\"og:title\" content=\"Izal sacuden emociones en el Lunario &#171; Reconoce MX\" \/>\n<meta property=\"og:description\" content=\"Alrededor de las 21:00 horas del 19 de abril del 2018 en la capital de nuestro pa\u00eds, M\u00e9xico, en la sala Lunario del Auditorio Nacional se sintieron vibraciones en el piso, m\u00e1s no fue a causa de un temblor fue a causa de que la banda espa\u00f1ola de rock indie Izal vino para sacudir a todo aquel que estuviera cerca del \u00e1rea.\" \/>\n<meta property=\"og:url\" content=\"http:\/\/www.reconoce.mx\/?p=72465\" \/>\n<meta property=\"og:site_name\" content=\"Reconoce MX\" \/>\n<meta property=\"article:publisher\" content=\"https:\/\/es-la.facebook.com\/ReconoceMX\/\" \/>\n<meta property=\"article:published_time\" content=\"2018-04-23T05:06:10+00:00\" \/>\n<meta property=\"article:modified_time\" content=\"2018-04-23T05:10:36+00:00\" \/>\n<meta property=\"og:image\" content=\"http:\/\/www.reconoce.mx\/wp-content\/uploads\/2018\/04\/izal-lunario-2018.jpg\" \/>\n\t<meta property=\"og:image:width\" content=\"590\" \/>\n\t<meta property=\"og:image:height\" content=\"380\" \/>\n\t<meta property=\"og:image:type\" content=\"image\/jpeg\" \/>\n<meta name=\"author\" content=\"Reconoce MX\" \/>\n<meta name=\"twitter:card\" content=\"summary_large_image\" \/>\n<meta name=\"twitter:creator\" content=\"@reconocemx\" \/>\n<meta name=\"twitter:site\" content=\"@reconocemx\" \/>\n<meta name=\"twitter:label1\" content=\"Escrito por\" \/>\n\t<meta name=\"twitter:data1\" content=\"Reconoce MX\" \/>\n\t<meta name=\"twitter:label2\" content=\"Tiempo de lectura\" \/>\n\t<meta name=\"twitter:data2\" content=\"3 minutos\" \/>\n<script type=\"application\/ld+json\" class=\"yoast-schema-graph\">{\"@context\":\"https:\/\/schema.org\",\"@graph\":[{\"@type\":\"Article\",\"@id\":\"http:\/\/www.reconoce.mx\/?p=72465#article\",\"isPartOf\":{\"@id\":\"http:\/\/www.reconoce.mx\/?p=72465\"},\"author\":{\"name\":\"Reconoce MX\",\"@id\":\"http:\/\/www.reconoce.mx\/#\/schema\/person\/2117e997d7051dc15d6880eaf9bca0b2\"},\"headline\":\"Izal sacuden emociones en el Lunario\",\"datePublished\":\"2018-04-23T05:06:10+00:00\",\"dateModified\":\"2018-04-23T05:10:36+00:00\",\"mainEntityOfPage\":{\"@id\":\"http:\/\/www.reconoce.mx\/?p=72465\"},\"wordCount\":535,\"commentCount\":0,\"publisher\":{\"@id\":\"http:\/\/www.reconoce.mx\/#organization\"},\"image\":{\"@id\":\"http:\/\/www.reconoce.mx\/?p=72465#primaryimage\"},\"thumbnailUrl\":\"http:\/\/www.reconoce.mx\/wp-content\/uploads\/2018\/04\/izal-lunario-2018.jpg\",\"articleSection\":[\"Cultura\",\"M\u00fasica\",\"Principal\"],\"inLanguage\":\"es\",\"potentialAction\":[{\"@type\":\"CommentAction\",\"name\":\"Comment\",\"target\":[\"http:\/\/www.reconoce.mx\/?p=72465#respond\"]}]},{\"@type\":\"WebPage\",\"@id\":\"http:\/\/www.reconoce.mx\/?p=72465\",\"url\":\"http:\/\/www.reconoce.mx\/?p=72465\",\"name\":\"Izal sacuden emociones en el Lunario &#171; Reconoce MX\",\"isPartOf\":{\"@id\":\"http:\/\/www.reconoce.mx\/#website\"},\"primaryImageOfPage\":{\"@id\":\"http:\/\/www.reconoce.mx\/?p=72465#primaryimage\"},\"image\":{\"@id\":\"http:\/\/www.reconoce.mx\/?p=72465#primaryimage\"},\"thumbnailUrl\":\"http:\/\/www.reconoce.mx\/wp-content\/uploads\/2018\/04\/izal-lunario-2018.jpg\",\"datePublished\":\"2018-04-23T05:06:10+00:00\",\"dateModified\":\"2018-04-23T05:10:36+00:00\",\"breadcrumb\":{\"@id\":\"http:\/\/www.reconoce.mx\/?p=72465#breadcrumb\"},\"inLanguage\":\"es\",\"potentialAction\":[{\"@type\":\"ReadAction\",\"target\":[\"http:\/\/www.reconoce.mx\/?p=72465\"]}]},{\"@type\":\"ImageObject\",\"inLanguage\":\"es\",\"@id\":\"http:\/\/www.reconoce.mx\/?p=72465#primaryimage\",\"url\":\"http:\/\/www.reconoce.mx\/wp-content\/uploads\/2018\/04\/izal-lunario-2018.jpg\",\"contentUrl\":\"http:\/\/www.reconoce.mx\/wp-content\/uploads\/2018\/04\/izal-lunario-2018.jpg\",\"width\":590,\"height\":380},{\"@type\":\"BreadcrumbList\",\"@id\":\"http:\/\/www.reconoce.mx\/?p=72465#breadcrumb\",\"itemListElement\":[{\"@type\":\"ListItem\",\"position\":1,\"name\":\"Portada\",\"item\":\"http:\/\/www.reconoce.mx\/\"},{\"@type\":\"ListItem\",\"position\":2,\"name\":\"Izal sacuden emociones en el Lunario\"}]},{\"@type\":\"WebSite\",\"@id\":\"http:\/\/www.reconoce.mx\/#website\",\"url\":\"http:\/\/www.reconoce.mx\/\",\"name\":\"Reconoce MX\",\"description\":\"En Reconoce MX difundimos arte, cultura y conciencia social en M\u00e9xico. Tu ciudad en otra perspectiva.\",\"publisher\":{\"@id\":\"http:\/\/www.reconoce.mx\/#organization\"},\"potentialAction\":[{\"@type\":\"SearchAction\",\"target\":{\"@type\":\"EntryPoint\",\"urlTemplate\":\"http:\/\/www.reconoce.mx\/?s={search_term_string}\"},\"query-input\":{\"@type\":\"PropertyValueSpecification\",\"valueRequired\":true,\"valueName\":\"search_term_string\"}}],\"inLanguage\":\"es\"},{\"@type\":\"Organization\",\"@id\":\"http:\/\/www.reconoce.mx\/#organization\",\"name\":\"Reconoce MX\",\"url\":\"http:\/\/www.reconoce.mx\/\",\"logo\":{\"@type\":\"ImageObject\",\"inLanguage\":\"es\",\"@id\":\"http:\/\/www.reconoce.mx\/#\/schema\/logo\/image\/\",\"url\":\"https:\/\/www.reconoce.mx\/wp-content\/uploads\/2019\/03\/logorcmx-good-1.png\",\"contentUrl\":\"https:\/\/www.reconoce.mx\/wp-content\/uploads\/2019\/03\/logorcmx-good-1.png\",\"width\":280,\"height\":90,\"caption\":\"Reconoce MX\"},\"image\":{\"@id\":\"http:\/\/www.reconoce.mx\/#\/schema\/logo\/image\/\"},\"sameAs\":[\"https:\/\/es-la.facebook.com\/ReconoceMX\/\",\"https:\/\/x.com\/reconocemx\",\"http:\/\/@reconocemx\"]},{\"@type\":\"Person\",\"@id\":\"http:\/\/www.reconoce.mx\/#\/schema\/person\/2117e997d7051dc15d6880eaf9bca0b2\",\"name\":\"Reconoce MX\",\"image\":{\"@type\":\"ImageObject\",\"inLanguage\":\"es\",\"@id\":\"http:\/\/www.reconoce.mx\/#\/schema\/person\/image\/\",\"url\":\"https:\/\/secure.gravatar.com\/avatar\/6c8d4dc7569ca1c90c5fdcc349f839d5ddef6fe1e70b4337ead2ef1a4c43fc3a?s=96&d=identicon&r=g\",\"contentUrl\":\"https:\/\/secure.gravatar.com\/avatar\/6c8d4dc7569ca1c90c5fdcc349f839d5ddef6fe1e70b4337ead2ef1a4c43fc3a?s=96&d=identicon&r=g\",\"caption\":\"Reconoce MX\"},\"description\":\"Reconoce MX es un proyecto de difusi\u00f3n art\u00edstica, cultural y de conciencia social que est\u00e1 enfocado a difundir y fomentar el entretenimiento alternativo de calidad para todo el p\u00fablico que comparta el mismo entusiasmo.\",\"sameAs\":[\"http:\/\/www.reconoce.mx\"],\"url\":\"http:\/\/www.reconoce.mx\/?author=2\"}]}<\/script>\n<!-- \/ Yoast SEO plugin. -->","yoast_head_json":{"title":"Izal sacuden emociones en el Lunario &#171; Reconoce MX","robots":{"index":"index","follow":"follow","max-snippet":"max-snippet:-1","max-image-preview":"max-image-preview:large","max-video-preview":"max-video-preview:-1"},"canonical":"http:\/\/www.reconoce.mx\/?p=72465","og_locale":"es_ES","og_type":"article","og_title":"Izal sacuden emociones en el Lunario &#171; Reconoce MX","og_description":"Alrededor de las 21:00 horas del 19 de abril del 2018 en la capital de nuestro pa\u00eds, M\u00e9xico, en la sala Lunario del Auditorio Nacional se sintieron vibraciones en el piso, m\u00e1s no fue a causa de un temblor fue a causa de que la banda espa\u00f1ola de rock indie Izal vino para sacudir a todo aquel que estuviera cerca del \u00e1rea.","og_url":"http:\/\/www.reconoce.mx\/?p=72465","og_site_name":"Reconoce MX","article_publisher":"https:\/\/es-la.facebook.com\/ReconoceMX\/","article_published_time":"2018-04-23T05:06:10+00:00","article_modified_time":"2018-04-23T05:10:36+00:00","og_image":[{"width":590,"height":380,"url":"http:\/\/www.reconoce.mx\/wp-content\/uploads\/2018\/04\/izal-lunario-2018.jpg","type":"image\/jpeg"}],"author":"Reconoce MX","twitter_card":"summary_large_image","twitter_creator":"@reconocemx","twitter_site":"@reconocemx","twitter_misc":{"Escrito por":"Reconoce MX","Tiempo de lectura":"3 minutos"},"schema":{"@context":"https:\/\/schema.org","@graph":[{"@type":"Article","@id":"http:\/\/www.reconoce.mx\/?p=72465#article","isPartOf":{"@id":"http:\/\/www.reconoce.mx\/?p=72465"},"author":{"name":"Reconoce MX","@id":"http:\/\/www.reconoce.mx\/#\/schema\/person\/2117e997d7051dc15d6880eaf9bca0b2"},"headline":"Izal sacuden emociones en el Lunario","datePublished":"2018-04-23T05:06:10+00:00","dateModified":"2018-04-23T05:10:36+00:00","mainEntityOfPage":{"@id":"http:\/\/www.reconoce.mx\/?p=72465"},"wordCount":535,"commentCount":0,"publisher":{"@id":"http:\/\/www.reconoce.mx\/#organization"},"image":{"@id":"http:\/\/www.reconoce.mx\/?p=72465#primaryimage"},"thumbnailUrl":"http:\/\/www.reconoce.mx\/wp-content\/uploads\/2018\/04\/izal-lunario-2018.jpg","articleSection":["Cultura","M\u00fasica","Principal"],"inLanguage":"es","potentialAction":[{"@type":"CommentAction","name":"Comment","target":["http:\/\/www.reconoce.mx\/?p=72465#respond"]}]},{"@type":"WebPage","@id":"http:\/\/www.reconoce.mx\/?p=72465","url":"http:\/\/www.reconoce.mx\/?p=72465","name":"Izal sacuden emociones en el Lunario &#171; Reconoce MX","isPartOf":{"@id":"http:\/\/www.reconoce.mx\/#website"},"primaryImageOfPage":{"@id":"http:\/\/www.reconoce.mx\/?p=72465#primaryimage"},"image":{"@id":"http:\/\/www.reconoce.mx\/?p=72465#primaryimage"},"thumbnailUrl":"http:\/\/www.reconoce.mx\/wp-content\/uploads\/2018\/04\/izal-lunario-2018.jpg","datePublished":"2018-04-23T05:06:10+00:00","dateModified":"2018-04-23T05:10:36+00:00","breadcrumb":{"@id":"http:\/\/www.reconoce.mx\/?p=72465#breadcrumb"},"inLanguage":"es","potentialAction":[{"@type":"ReadAction","target":["http:\/\/www.reconoce.mx\/?p=72465"]}]},{"@type":"ImageObject","inLanguage":"es","@id":"http:\/\/www.reconoce.mx\/?p=72465#primaryimage","url":"http:\/\/www.reconoce.mx\/wp-content\/uploads\/2018\/04\/izal-lunario-2018.jpg","contentUrl":"http:\/\/www.reconoce.mx\/wp-content\/uploads\/2018\/04\/izal-lunario-2018.jpg","width":590,"height":380},{"@type":"BreadcrumbList","@id":"http:\/\/www.reconoce.mx\/?p=72465#breadcrumb","itemListElement":[{"@type":"ListItem","position":1,"name":"Portada","item":"http:\/\/www.reconoce.mx\/"},{"@type":"ListItem","position":2,"name":"Izal sacuden emociones en el Lunario"}]},{"@type":"WebSite","@id":"http:\/\/www.reconoce.mx\/#website","url":"http:\/\/www.reconoce.mx\/","name":"Reconoce MX","description":"En Reconoce MX difundimos arte, cultura y conciencia social en M\u00e9xico. Tu ciudad en otra perspectiva.","publisher":{"@id":"http:\/\/www.reconoce.mx\/#organization"},"potentialAction":[{"@type":"SearchAction","target":{"@type":"EntryPoint","urlTemplate":"http:\/\/www.reconoce.mx\/?s={search_term_string}"},"query-input":{"@type":"PropertyValueSpecification","valueRequired":true,"valueName":"search_term_string"}}],"inLanguage":"es"},{"@type":"Organization","@id":"http:\/\/www.reconoce.mx\/#organization","name":"Reconoce MX","url":"http:\/\/www.reconoce.mx\/","logo":{"@type":"ImageObject","inLanguage":"es","@id":"http:\/\/www.reconoce.mx\/#\/schema\/logo\/image\/","url":"https:\/\/www.reconoce.mx\/wp-content\/uploads\/2019\/03\/logorcmx-good-1.png","contentUrl":"https:\/\/www.reconoce.mx\/wp-content\/uploads\/2019\/03\/logorcmx-good-1.png","width":280,"height":90,"caption":"Reconoce MX"},"image":{"@id":"http:\/\/www.reconoce.mx\/#\/schema\/logo\/image\/"},"sameAs":["https:\/\/es-la.facebook.com\/ReconoceMX\/","https:\/\/x.com\/reconocemx","http:\/\/@reconocemx"]},{"@type":"Person","@id":"http:\/\/www.reconoce.mx\/#\/schema\/person\/2117e997d7051dc15d6880eaf9bca0b2","name":"Reconoce MX","image":{"@type":"ImageObject","inLanguage":"es","@id":"http:\/\/www.reconoce.mx\/#\/schema\/person\/image\/","url":"https:\/\/secure.gravatar.com\/avatar\/6c8d4dc7569ca1c90c5fdcc349f839d5ddef6fe1e70b4337ead2ef1a4c43fc3a?s=96&d=identicon&r=g","contentUrl":"https:\/\/secure.gravatar.com\/avatar\/6c8d4dc7569ca1c90c5fdcc349f839d5ddef6fe1e70b4337ead2ef1a4c43fc3a?s=96&d=identicon&r=g","caption":"Reconoce MX"},"description":"Reconoce MX es un proyecto de difusi\u00f3n art\u00edstica, cultural y de conciencia social que est\u00e1 enfocado a difundir y fomentar el entretenimiento alternativo de calidad para todo el p\u00fablico que comparta el mismo entusiasmo.","sameAs":["http:\/\/www.reconoce.mx"],"url":"http:\/\/www.reconoce.mx\/?author=2"}]}},"_links":{"self":[{"href":"http:\/\/www.reconoce.mx\/index.php?rest_route=\/wp\/v2\/posts\/72465","targetHints":{"allow":["GET"]}}],"collection":[{"href":"http:\/\/www.reconoce.mx\/index.php?rest_route=\/wp\/v2\/posts"}],"about":[{"href":"http:\/\/www.reconoce.mx\/index.php?rest_route=\/wp\/v2\/types\/post"}],"author":[{"embeddable":true,"href":"http:\/\/www.reconoce.mx\/index.php?rest_route=\/wp\/v2\/users\/2"}],"replies":[{"embeddable":true,"href":"http:\/\/www.reconoce.mx\/index.php?rest_route=%2Fwp%2Fv2%2Fcomments&post=72465"}],"version-history":[{"count":3,"href":"http:\/\/www.reconoce.mx\/index.php?rest_route=\/wp\/v2\/posts\/72465\/revisions"}],"predecessor-version":[{"id":72474,"href":"http:\/\/www.reconoce.mx\/index.php?rest_route=\/wp\/v2\/posts\/72465\/revisions\/72474"}],"wp:featuredmedia":[{"embeddable":true,"href":"http:\/\/www.reconoce.mx\/index.php?rest_route=\/wp\/v2\/media\/72468"}],"wp:attachment":[{"href":"http:\/\/www.reconoce.mx\/index.php?rest_route=%2Fwp%2Fv2%2Fmedia&parent=72465"}],"wp:term":[{"taxonomy":"category","embeddable":true,"href":"http:\/\/www.reconoce.mx\/index.php?rest_route=%2Fwp%2Fv2%2Fcategories&post=72465"},{"taxonomy":"post_tag","embeddable":true,"href":"http:\/\/www.reconoce.mx\/index.php?rest_route=%2Fwp%2Fv2%2Ftags&post=72465"}],"curies":[{"name":"wp","href":"https:\/\/api.w.org\/{rel}","templated":true}]}}