{"id":72492,"date":"2018-04-23T00:03:31","date_gmt":"2018-04-23T05:03:31","guid":{"rendered":"http:\/\/www.reconoce.mx\/?p=72492"},"modified":"2018-04-23T15:02:08","modified_gmt":"2018-04-23T20:02:08","slug":"un-adios-mas-al-estadio-azul","status":"publish","type":"post","link":"http:\/\/www.reconoce.mx\/?p=72492","title":{"rendered":"Un adi\u00f3s m\u00e1s al Estadio Azul"},"content":{"rendered":"<p><a href=\"http:\/\/www.reconoce.mx\/category\/columnistas\/la-ballesta-de-mascatabaco\/\"><img loading=\"lazy\" decoding=\"async\" class=\"aligncenter size-full wp-image-42011\" src=\"http:\/\/www.reconoce.mx\/wp-content\/uploads\/2015\/05\/la-ballesta.png\" sizes=\"auto, (max-width: 570px) 100vw, 570px\" srcset=\"http:\/\/www.reconoce.mx\/wp-content\/uploads\/2015\/05\/la-ballesta.png 570w, http:\/\/www.reconoce.mx\/wp-content\/uploads\/2015\/05\/la-ballesta-300x37.png 300w, http:\/\/www.reconoce.mx\/wp-content\/uploads\/2015\/05\/la-ballesta-150x18.png 150w\" alt=\"la-ballesta\" width=\"570\" height=\"70\" \/><\/a><strong><br \/>\nPor <a title=\"@AsfaltosTweets\" href=\"http:\/\/twitter.com\/AsfaltosTweets\" target=\"_blank\" rel=\"noopener noreferrer\">Asfaltos<\/a><\/strong>.<\/p>\n<p>En el ambiente se sent\u00eda. Una mezcla entre alegr\u00eda y tristeza. La melancol\u00eda, la tarde del s\u00e1bado 21 de abril de 2018, se hizo presente en todos los que llenaron por \u00faltima vez el <strong>Estadio Azul<\/strong>. No ser\u00e1 el \u00faltimo evento deportivo que ah\u00ed se realice -ese honor corresponder\u00e1 a otro deporte, que por cierto, fue el primer albergado por ese inmueble-; pero s\u00ed fue, por lo pronto, el \u00faltimo partido del equipo de f\u00fatbol al que dio cobijo. Fue el \u00faltimo instante en el que el <strong>Estadio Azul<\/strong> sirvi\u00f3 de hogar para los miles de aficionados al <strong>Cruz Azul<\/strong> que lo hicimos nuestro. Ya no habr\u00e1 <strong>Estadio Azul<\/strong>, por lo menos, no en el futuro cercano.<\/p>\n<p><a href=\"http:\/\/www.reconoce.mx\/wp-content\/uploads\/2018\/04\/estadio-azul-1.jpg\"><img loading=\"lazy\" decoding=\"async\" class=\"aligncenter size-full wp-image-72493\" src=\"http:\/\/www.reconoce.mx\/wp-content\/uploads\/2018\/04\/estadio-azul-1.jpg\" alt=\"\" width=\"590\" height=\"380\" srcset=\"http:\/\/www.reconoce.mx\/wp-content\/uploads\/2018\/04\/estadio-azul-1.jpg 590w, http:\/\/www.reconoce.mx\/wp-content\/uploads\/2018\/04\/estadio-azul-1-300x193.jpg 300w, http:\/\/www.reconoce.mx\/wp-content\/uploads\/2018\/04\/estadio-azul-1-150x97.jpg 150w\" sizes=\"auto, (max-width: 590px) 100vw, 590px\" \/><\/a><\/p>\n<p>La primera vez que pis\u00e9 el Azul fue hace 17 a\u00f1os, el mi\u00e9rcoles 16 de mayo de 2001. El marco era espl\u00e9ndido: el juego de vuelta de los octavos de final de la <strong>Copa Libertadores 2001<\/strong>. El rival era el<strong> Cerro Porte\u00f1o<\/strong>, el estadio luc\u00eda un lleno espectacular. Me acompa\u00f1aban mi mejor amigo Alex y mi pap\u00e1 que hab\u00eda conseguido los boletos. El triunfo fue el aderezo perfecto para esta tarde\/noche de f\u00fatbol en la capital mexicana; los goles de <strong>Jos\u00e9 Saturnino Cardozo<\/strong> -prestado por el Toluca- y de<strong> \u00c1ngel \u00abMatute\u00bb Morales<\/strong> siguen retumbando en mi memoria. El Azul, desde ese momento, se convirti\u00f3 en un segundo hogar para m\u00ed.<\/p>\n<p>Como aficionado del <strong>Cruz Azul<\/strong> desde aquella final ganada frente al <strong>Club Le\u00f3n<\/strong> en el Invierno 1997 -con aquel inolvidable gol de tiro penal de <strong>Carlos Hermosillo<\/strong>-, mi relaci\u00f3n con el <strong>Estadio Azul<\/strong> fue anterior a la primera vez que le pis\u00e9. Los juegos en casa del equipo que me enamor\u00f3 se realizaban en su cancha. Ah\u00ed vi y llor\u00e9 varias derrotas; ah\u00ed vi y grit\u00e9 como loco varios triunfos. Fue en esa cancha donde<strong> Francisco \u00abPaco\u00bb Palencia<\/strong> me hizo apasionado al <strong>Cruz Azul<\/strong>; donde tambi\u00e9n <strong>\u00d3scar \u00abConejo\u00bb P\u00e9rez<\/strong> me emocionaba con sus lances. Fue en esa misma cancha donde llor\u00e9 la primera final que me toc\u00f3 ver perdida frente al <strong>Pachuca<\/strong>; fue ah\u00ed tambi\u00e9n donde vi c\u00f3mo el <strong>Atlas<\/strong> de La Volpe sacud\u00eda con cuatro latigazos a mi equipo.<\/p>\n<p>Un a\u00f1o despu\u00e9s de pisar el Azul por vez primera -ahora en 2002- regres\u00e9 para despedir a mi m\u00e1s grande \u00eddolo, aquel quien hizo que me enamorara del <strong>Cruz Azul<\/strong>. Desped\u00ed, con aplauso sonoro y viendo c\u00f3mo daba una \u00faltima vuelta ol\u00edmpica, al mism\u00edsimo <strong>Carlos Hermosillo<\/strong>, a quien tiempo despu\u00e9s tuve el gusto de saludar de mano. Aunque si bien en un estado bastante lamentable, vi tambi\u00e9n patear el bal\u00f3n por unos minutos en ese mismo estadio al <strong>Diego Armando Maradona<\/strong> -una versi\u00f3n bastante rechoncha de \u00e9l-. Vi tambi\u00e9n en esa misma tarde a <strong>J\u00fcrgen Klinsmann<\/strong>, campe\u00f3n del mundo con Alemania en 1990.<\/p>\n<p>En ese estadio grit\u00e9 goles junto a mi hermano, junto a varios amigos y amigas tambi\u00e9n aficionados y desde luego tambi\u00e9n al lado de los correspondientes ligues o novias del momento que me llevaba como parte de una cita. Ah\u00ed vi jugar tambi\u00e9n el primer partido en casa del equipo femenil del<strong> Cruz Azul<\/strong>. De ah\u00ed part\u00ed con la cabeza baja y en silencio tras ver perder a mi equipo el partido de ida de la final frente a Santos en 2008; y de ah\u00ed part\u00ed tambi\u00e9n en 2013 con una sonrisa tremenda y sonoros gritos aquella semifinal tambi\u00e9n frente a Santos en la que bajo el liderazgo de <strong>Christian \u00abel Chaco\u00bb Gim\u00e9nez<\/strong> nos ilusionamos con una final m\u00e1s.<\/p>\n<p>Fue en ese estadio donde padec\u00ed del acoso de la polic\u00eda en la barra local y tambi\u00e9n donde me qued\u00e9 horas sin boletos gracias a la conocida reventa en el estadio -quiz\u00e1 una de las peores en el f\u00fatbol nacional-.<\/p>\n<p>Ahora todo eso se acab\u00f3. El <strong>Estadio Azul<\/strong> ser\u00e1 demolido y dar\u00e1 paso a una plaza comercial m\u00e1s. Si bien como equipo nos mudaremos al que alg\u00fan tiempo fue tambi\u00e9n nuestro hogar, y que en 2001 reclamamos una vez m\u00e1s nuestro tambi\u00e9n -el Estadio Azteca-, nada ser\u00e1 como aquel recinto en donde las butacas azulez y las cercan\u00edas nos recordaban que en efecto nos encontr\u00e1bamos en casa.<\/p>\n<p>Emotivo adi\u00f3s al <strong>Estadio Azul<\/strong> el s\u00e1bado pasado; entre l\u00e1grimas y recuerdos todos nos despedimos para siempre del que fuera nuestro hogar por m\u00e1s de 20 a\u00f1os. \u00a1Hasta nunca <strong>Estadio Azul<\/strong>! \u00a1Gracias por todos los momentos, tanto los buenos como los malos! \u00a1Gracias <strong>Estadio Azul<\/strong> por todos los recuerdos! Recuerdos que s\u00ed, nos llevaremos todos por siempre; porque son esos, los recuerdos, los que no demuele nadie.<\/p>\n<blockquote><p><a href=\"http:\/\/www.reconoce.mx\/wp-content\/uploads\/2016\/03\/968932_515227815190918_654397283_n-e1459260491114.jpg\" rel=\"lightbox[62561]\"><img loading=\"lazy\" decoding=\"async\" class=\"alignleft size-thumbnail wp-image-39872\" src=\"http:\/\/www.reconoce.mx\/wp-content\/uploads\/2016\/03\/968932_515227815190918_654397283_n-e1459260491114.jpg\" alt=\"IMG_5743\" width=\"150\" height=\"150\" \/><\/a><strong>Asfaltos<\/strong>. Sobrevivo en una ciudad junto a millones de personas. \u00bfMexique\u00f1o? Me enamoro r\u00e1pido y olvido dif\u00edcilmente. Amo la m\u00fasica, el cine, los c\u00f3mics, las mujeres y -\u00faltimamente gracias a los servicios de <em>streaming<\/em>\u2013 las series tambi\u00e9n. Vivo la vida a trav\u00e9s de letras y melod\u00edas. M\u00fasico frustrado. Me pueden encontrar escuchando U2, Radiohead y Coldplay; as\u00ed como Grand Funk Railroad, Styx y Eric Burdon; Chetes, Jumbo y Siddhartha; y hasta Jesse &amp; Joy, Silverio y Aleks Syntek. Batman y Star Wars mis pasiones; tambi\u00e9n el Cruz Azul, pero ya saben\u2026 subcampeon\u00edsimo. Sobreviviente y n\u00e1ufrago; ermita\u00f1o que odia la soledad.<\/p><\/blockquote>\n<p>&nbsp;<\/p>\n<p>&nbsp;<\/p>\n","protected":false},"excerpt":{"rendered":"<p>En el ambiente se sent\u00eda. Una mezcla entre alegr\u00eda y tristeza. La melancol\u00eda, la tarde del s\u00e1bado 21 de abril de 2018, se hizo presente en todos los que llenaron por \u00faltima vez el Estadio Azul.<\/p>\n","protected":false},"author":2,"featured_media":72494,"comment_status":"open","ping_status":"open","sticky":false,"template":"","format":"standard","meta":{"footnotes":""},"categories":[16,2602,17],"tags":[],"class_list":["post-72492","post","type-post","status-publish","format-standard","has-post-thumbnail","hentry","category-columnistas","category-la-ballesta-de-mascatabaco","category-principal"],"yoast_head":"<!-- This site is optimized with the Yoast SEO plugin v24.7 - https:\/\/yoast.com\/wordpress\/plugins\/seo\/ -->\n<title>Un adi\u00f3s m\u00e1s al Estadio Azul &#171; Reconoce MX<\/title>\n<meta name=\"robots\" content=\"index, follow, max-snippet:-1, max-image-preview:large, max-video-preview:-1\" \/>\n<link rel=\"canonical\" href=\"http:\/\/www.reconoce.mx\/?p=72492\" \/>\n<meta property=\"og:locale\" content=\"es_ES\" \/>\n<meta property=\"og:type\" content=\"article\" \/>\n<meta property=\"og:title\" content=\"Un adi\u00f3s m\u00e1s al Estadio Azul &#171; Reconoce MX\" \/>\n<meta property=\"og:description\" content=\"En el ambiente se sent\u00eda. Una mezcla entre alegr\u00eda y tristeza. La melancol\u00eda, la tarde del s\u00e1bado 21 de abril de 2018, se hizo presente en todos los que llenaron por \u00faltima vez el Estadio Azul.\" \/>\n<meta property=\"og:url\" content=\"http:\/\/www.reconoce.mx\/?p=72492\" \/>\n<meta property=\"og:site_name\" content=\"Reconoce MX\" \/>\n<meta property=\"article:publisher\" content=\"https:\/\/es-la.facebook.com\/ReconoceMX\/\" \/>\n<meta property=\"article:published_time\" content=\"2018-04-23T05:03:31+00:00\" \/>\n<meta property=\"article:modified_time\" content=\"2018-04-23T20:02:08+00:00\" \/>\n<meta property=\"og:image\" content=\"http:\/\/www.reconoce.mx\/wp-content\/uploads\/2018\/04\/estadio-azul-3.jpg\" \/>\n\t<meta property=\"og:image:width\" content=\"590\" \/>\n\t<meta property=\"og:image:height\" content=\"380\" \/>\n\t<meta property=\"og:image:type\" content=\"image\/jpeg\" \/>\n<meta name=\"author\" content=\"Reconoce MX\" \/>\n<meta name=\"twitter:card\" content=\"summary_large_image\" \/>\n<meta name=\"twitter:creator\" content=\"@reconocemx\" \/>\n<meta name=\"twitter:site\" content=\"@reconocemx\" \/>\n<meta name=\"twitter:label1\" content=\"Escrito por\" \/>\n\t<meta name=\"twitter:data1\" content=\"Reconoce MX\" \/>\n\t<meta name=\"twitter:label2\" content=\"Tiempo de lectura\" \/>\n\t<meta name=\"twitter:data2\" content=\"5 minutos\" \/>\n<script type=\"application\/ld+json\" class=\"yoast-schema-graph\">{\"@context\":\"https:\/\/schema.org\",\"@graph\":[{\"@type\":\"Article\",\"@id\":\"http:\/\/www.reconoce.mx\/?p=72492#article\",\"isPartOf\":{\"@id\":\"http:\/\/www.reconoce.mx\/?p=72492\"},\"author\":{\"name\":\"Reconoce MX\",\"@id\":\"http:\/\/www.reconoce.mx\/#\/schema\/person\/2117e997d7051dc15d6880eaf9bca0b2\"},\"headline\":\"Un adi\u00f3s m\u00e1s al Estadio Azul\",\"datePublished\":\"2018-04-23T05:03:31+00:00\",\"dateModified\":\"2018-04-23T20:02:08+00:00\",\"mainEntityOfPage\":{\"@id\":\"http:\/\/www.reconoce.mx\/?p=72492\"},\"wordCount\":923,\"commentCount\":0,\"publisher\":{\"@id\":\"http:\/\/www.reconoce.mx\/#organization\"},\"image\":{\"@id\":\"http:\/\/www.reconoce.mx\/?p=72492#primaryimage\"},\"thumbnailUrl\":\"http:\/\/www.reconoce.mx\/wp-content\/uploads\/2018\/04\/estadio-azul-3.jpg\",\"articleSection\":[\"Columnistas\",\"La ballesta de Mascatabaco\",\"Principal\"],\"inLanguage\":\"es\",\"potentialAction\":[{\"@type\":\"CommentAction\",\"name\":\"Comment\",\"target\":[\"http:\/\/www.reconoce.mx\/?p=72492#respond\"]}]},{\"@type\":\"WebPage\",\"@id\":\"http:\/\/www.reconoce.mx\/?p=72492\",\"url\":\"http:\/\/www.reconoce.mx\/?p=72492\",\"name\":\"Un adi\u00f3s m\u00e1s al Estadio Azul &#171; Reconoce MX\",\"isPartOf\":{\"@id\":\"http:\/\/www.reconoce.mx\/#website\"},\"primaryImageOfPage\":{\"@id\":\"http:\/\/www.reconoce.mx\/?p=72492#primaryimage\"},\"image\":{\"@id\":\"http:\/\/www.reconoce.mx\/?p=72492#primaryimage\"},\"thumbnailUrl\":\"http:\/\/www.reconoce.mx\/wp-content\/uploads\/2018\/04\/estadio-azul-3.jpg\",\"datePublished\":\"2018-04-23T05:03:31+00:00\",\"dateModified\":\"2018-04-23T20:02:08+00:00\",\"breadcrumb\":{\"@id\":\"http:\/\/www.reconoce.mx\/?p=72492#breadcrumb\"},\"inLanguage\":\"es\",\"potentialAction\":[{\"@type\":\"ReadAction\",\"target\":[\"http:\/\/www.reconoce.mx\/?p=72492\"]}]},{\"@type\":\"ImageObject\",\"inLanguage\":\"es\",\"@id\":\"http:\/\/www.reconoce.mx\/?p=72492#primaryimage\",\"url\":\"http:\/\/www.reconoce.mx\/wp-content\/uploads\/2018\/04\/estadio-azul-3.jpg\",\"contentUrl\":\"http:\/\/www.reconoce.mx\/wp-content\/uploads\/2018\/04\/estadio-azul-3.jpg\",\"width\":590,\"height\":380},{\"@type\":\"BreadcrumbList\",\"@id\":\"http:\/\/www.reconoce.mx\/?p=72492#breadcrumb\",\"itemListElement\":[{\"@type\":\"ListItem\",\"position\":1,\"name\":\"Portada\",\"item\":\"http:\/\/www.reconoce.mx\/\"},{\"@type\":\"ListItem\",\"position\":2,\"name\":\"Un adi\u00f3s m\u00e1s al Estadio Azul\"}]},{\"@type\":\"WebSite\",\"@id\":\"http:\/\/www.reconoce.mx\/#website\",\"url\":\"http:\/\/www.reconoce.mx\/\",\"name\":\"Reconoce MX\",\"description\":\"En Reconoce MX difundimos arte, cultura y conciencia social en M\u00e9xico. Tu ciudad en otra perspectiva.\",\"publisher\":{\"@id\":\"http:\/\/www.reconoce.mx\/#organization\"},\"potentialAction\":[{\"@type\":\"SearchAction\",\"target\":{\"@type\":\"EntryPoint\",\"urlTemplate\":\"http:\/\/www.reconoce.mx\/?s={search_term_string}\"},\"query-input\":{\"@type\":\"PropertyValueSpecification\",\"valueRequired\":true,\"valueName\":\"search_term_string\"}}],\"inLanguage\":\"es\"},{\"@type\":\"Organization\",\"@id\":\"http:\/\/www.reconoce.mx\/#organization\",\"name\":\"Reconoce MX\",\"url\":\"http:\/\/www.reconoce.mx\/\",\"logo\":{\"@type\":\"ImageObject\",\"inLanguage\":\"es\",\"@id\":\"http:\/\/www.reconoce.mx\/#\/schema\/logo\/image\/\",\"url\":\"https:\/\/www.reconoce.mx\/wp-content\/uploads\/2019\/03\/logorcmx-good-1.png\",\"contentUrl\":\"https:\/\/www.reconoce.mx\/wp-content\/uploads\/2019\/03\/logorcmx-good-1.png\",\"width\":280,\"height\":90,\"caption\":\"Reconoce MX\"},\"image\":{\"@id\":\"http:\/\/www.reconoce.mx\/#\/schema\/logo\/image\/\"},\"sameAs\":[\"https:\/\/es-la.facebook.com\/ReconoceMX\/\",\"https:\/\/x.com\/reconocemx\",\"http:\/\/@reconocemx\"]},{\"@type\":\"Person\",\"@id\":\"http:\/\/www.reconoce.mx\/#\/schema\/person\/2117e997d7051dc15d6880eaf9bca0b2\",\"name\":\"Reconoce MX\",\"image\":{\"@type\":\"ImageObject\",\"inLanguage\":\"es\",\"@id\":\"http:\/\/www.reconoce.mx\/#\/schema\/person\/image\/\",\"url\":\"https:\/\/secure.gravatar.com\/avatar\/6c8d4dc7569ca1c90c5fdcc349f839d5ddef6fe1e70b4337ead2ef1a4c43fc3a?s=96&d=identicon&r=g\",\"contentUrl\":\"https:\/\/secure.gravatar.com\/avatar\/6c8d4dc7569ca1c90c5fdcc349f839d5ddef6fe1e70b4337ead2ef1a4c43fc3a?s=96&d=identicon&r=g\",\"caption\":\"Reconoce MX\"},\"description\":\"Reconoce MX es un proyecto de difusi\u00f3n art\u00edstica, cultural y de conciencia social que est\u00e1 enfocado a difundir y fomentar el entretenimiento alternativo de calidad para todo el p\u00fablico que comparta el mismo entusiasmo.\",\"sameAs\":[\"http:\/\/www.reconoce.mx\"],\"url\":\"http:\/\/www.reconoce.mx\/?author=2\"}]}<\/script>\n<!-- \/ Yoast SEO plugin. -->","yoast_head_json":{"title":"Un adi\u00f3s m\u00e1s al Estadio Azul &#171; Reconoce MX","robots":{"index":"index","follow":"follow","max-snippet":"max-snippet:-1","max-image-preview":"max-image-preview:large","max-video-preview":"max-video-preview:-1"},"canonical":"http:\/\/www.reconoce.mx\/?p=72492","og_locale":"es_ES","og_type":"article","og_title":"Un adi\u00f3s m\u00e1s al Estadio Azul &#171; Reconoce MX","og_description":"En el ambiente se sent\u00eda. Una mezcla entre alegr\u00eda y tristeza. La melancol\u00eda, la tarde del s\u00e1bado 21 de abril de 2018, se hizo presente en todos los que llenaron por \u00faltima vez el Estadio Azul.","og_url":"http:\/\/www.reconoce.mx\/?p=72492","og_site_name":"Reconoce MX","article_publisher":"https:\/\/es-la.facebook.com\/ReconoceMX\/","article_published_time":"2018-04-23T05:03:31+00:00","article_modified_time":"2018-04-23T20:02:08+00:00","og_image":[{"width":590,"height":380,"url":"http:\/\/www.reconoce.mx\/wp-content\/uploads\/2018\/04\/estadio-azul-3.jpg","type":"image\/jpeg"}],"author":"Reconoce MX","twitter_card":"summary_large_image","twitter_creator":"@reconocemx","twitter_site":"@reconocemx","twitter_misc":{"Escrito por":"Reconoce MX","Tiempo de lectura":"5 minutos"},"schema":{"@context":"https:\/\/schema.org","@graph":[{"@type":"Article","@id":"http:\/\/www.reconoce.mx\/?p=72492#article","isPartOf":{"@id":"http:\/\/www.reconoce.mx\/?p=72492"},"author":{"name":"Reconoce MX","@id":"http:\/\/www.reconoce.mx\/#\/schema\/person\/2117e997d7051dc15d6880eaf9bca0b2"},"headline":"Un adi\u00f3s m\u00e1s al Estadio Azul","datePublished":"2018-04-23T05:03:31+00:00","dateModified":"2018-04-23T20:02:08+00:00","mainEntityOfPage":{"@id":"http:\/\/www.reconoce.mx\/?p=72492"},"wordCount":923,"commentCount":0,"publisher":{"@id":"http:\/\/www.reconoce.mx\/#organization"},"image":{"@id":"http:\/\/www.reconoce.mx\/?p=72492#primaryimage"},"thumbnailUrl":"http:\/\/www.reconoce.mx\/wp-content\/uploads\/2018\/04\/estadio-azul-3.jpg","articleSection":["Columnistas","La ballesta de Mascatabaco","Principal"],"inLanguage":"es","potentialAction":[{"@type":"CommentAction","name":"Comment","target":["http:\/\/www.reconoce.mx\/?p=72492#respond"]}]},{"@type":"WebPage","@id":"http:\/\/www.reconoce.mx\/?p=72492","url":"http:\/\/www.reconoce.mx\/?p=72492","name":"Un adi\u00f3s m\u00e1s al Estadio Azul &#171; Reconoce MX","isPartOf":{"@id":"http:\/\/www.reconoce.mx\/#website"},"primaryImageOfPage":{"@id":"http:\/\/www.reconoce.mx\/?p=72492#primaryimage"},"image":{"@id":"http:\/\/www.reconoce.mx\/?p=72492#primaryimage"},"thumbnailUrl":"http:\/\/www.reconoce.mx\/wp-content\/uploads\/2018\/04\/estadio-azul-3.jpg","datePublished":"2018-04-23T05:03:31+00:00","dateModified":"2018-04-23T20:02:08+00:00","breadcrumb":{"@id":"http:\/\/www.reconoce.mx\/?p=72492#breadcrumb"},"inLanguage":"es","potentialAction":[{"@type":"ReadAction","target":["http:\/\/www.reconoce.mx\/?p=72492"]}]},{"@type":"ImageObject","inLanguage":"es","@id":"http:\/\/www.reconoce.mx\/?p=72492#primaryimage","url":"http:\/\/www.reconoce.mx\/wp-content\/uploads\/2018\/04\/estadio-azul-3.jpg","contentUrl":"http:\/\/www.reconoce.mx\/wp-content\/uploads\/2018\/04\/estadio-azul-3.jpg","width":590,"height":380},{"@type":"BreadcrumbList","@id":"http:\/\/www.reconoce.mx\/?p=72492#breadcrumb","itemListElement":[{"@type":"ListItem","position":1,"name":"Portada","item":"http:\/\/www.reconoce.mx\/"},{"@type":"ListItem","position":2,"name":"Un adi\u00f3s m\u00e1s al Estadio Azul"}]},{"@type":"WebSite","@id":"http:\/\/www.reconoce.mx\/#website","url":"http:\/\/www.reconoce.mx\/","name":"Reconoce MX","description":"En Reconoce MX difundimos arte, cultura y conciencia social en M\u00e9xico. Tu ciudad en otra perspectiva.","publisher":{"@id":"http:\/\/www.reconoce.mx\/#organization"},"potentialAction":[{"@type":"SearchAction","target":{"@type":"EntryPoint","urlTemplate":"http:\/\/www.reconoce.mx\/?s={search_term_string}"},"query-input":{"@type":"PropertyValueSpecification","valueRequired":true,"valueName":"search_term_string"}}],"inLanguage":"es"},{"@type":"Organization","@id":"http:\/\/www.reconoce.mx\/#organization","name":"Reconoce MX","url":"http:\/\/www.reconoce.mx\/","logo":{"@type":"ImageObject","inLanguage":"es","@id":"http:\/\/www.reconoce.mx\/#\/schema\/logo\/image\/","url":"https:\/\/www.reconoce.mx\/wp-content\/uploads\/2019\/03\/logorcmx-good-1.png","contentUrl":"https:\/\/www.reconoce.mx\/wp-content\/uploads\/2019\/03\/logorcmx-good-1.png","width":280,"height":90,"caption":"Reconoce MX"},"image":{"@id":"http:\/\/www.reconoce.mx\/#\/schema\/logo\/image\/"},"sameAs":["https:\/\/es-la.facebook.com\/ReconoceMX\/","https:\/\/x.com\/reconocemx","http:\/\/@reconocemx"]},{"@type":"Person","@id":"http:\/\/www.reconoce.mx\/#\/schema\/person\/2117e997d7051dc15d6880eaf9bca0b2","name":"Reconoce MX","image":{"@type":"ImageObject","inLanguage":"es","@id":"http:\/\/www.reconoce.mx\/#\/schema\/person\/image\/","url":"https:\/\/secure.gravatar.com\/avatar\/6c8d4dc7569ca1c90c5fdcc349f839d5ddef6fe1e70b4337ead2ef1a4c43fc3a?s=96&d=identicon&r=g","contentUrl":"https:\/\/secure.gravatar.com\/avatar\/6c8d4dc7569ca1c90c5fdcc349f839d5ddef6fe1e70b4337ead2ef1a4c43fc3a?s=96&d=identicon&r=g","caption":"Reconoce MX"},"description":"Reconoce MX es un proyecto de difusi\u00f3n art\u00edstica, cultural y de conciencia social que est\u00e1 enfocado a difundir y fomentar el entretenimiento alternativo de calidad para todo el p\u00fablico que comparta el mismo entusiasmo.","sameAs":["http:\/\/www.reconoce.mx"],"url":"http:\/\/www.reconoce.mx\/?author=2"}]}},"_links":{"self":[{"href":"http:\/\/www.reconoce.mx\/index.php?rest_route=\/wp\/v2\/posts\/72492","targetHints":{"allow":["GET"]}}],"collection":[{"href":"http:\/\/www.reconoce.mx\/index.php?rest_route=\/wp\/v2\/posts"}],"about":[{"href":"http:\/\/www.reconoce.mx\/index.php?rest_route=\/wp\/v2\/types\/post"}],"author":[{"embeddable":true,"href":"http:\/\/www.reconoce.mx\/index.php?rest_route=\/wp\/v2\/users\/2"}],"replies":[{"embeddable":true,"href":"http:\/\/www.reconoce.mx\/index.php?rest_route=%2Fwp%2Fv2%2Fcomments&post=72492"}],"version-history":[{"count":2,"href":"http:\/\/www.reconoce.mx\/index.php?rest_route=\/wp\/v2\/posts\/72492\/revisions"}],"predecessor-version":[{"id":72496,"href":"http:\/\/www.reconoce.mx\/index.php?rest_route=\/wp\/v2\/posts\/72492\/revisions\/72496"}],"wp:featuredmedia":[{"embeddable":true,"href":"http:\/\/www.reconoce.mx\/index.php?rest_route=\/wp\/v2\/media\/72494"}],"wp:attachment":[{"href":"http:\/\/www.reconoce.mx\/index.php?rest_route=%2Fwp%2Fv2%2Fmedia&parent=72492"}],"wp:term":[{"taxonomy":"category","embeddable":true,"href":"http:\/\/www.reconoce.mx\/index.php?rest_route=%2Fwp%2Fv2%2Fcategories&post=72492"},{"taxonomy":"post_tag","embeddable":true,"href":"http:\/\/www.reconoce.mx\/index.php?rest_route=%2Fwp%2Fv2%2Ftags&post=72492"}],"curies":[{"name":"wp","href":"https:\/\/api.w.org\/{rel}","templated":true}]}}