{"id":74342,"date":"2018-06-25T00:01:39","date_gmt":"2018-06-25T05:01:39","guid":{"rendered":"http:\/\/www.reconoce.mx\/?p=74342"},"modified":"2018-07-02T18:35:37","modified_gmt":"2018-07-02T23:35:37","slug":"5rolasparalasemana-del-25-de-junio-al-01-de-julio","status":"publish","type":"post","link":"http:\/\/www.reconoce.mx\/?p=74342","title":{"rendered":"#5RolasParaLaSemana del 25 de junio al 01 de julio"},"content":{"rendered":"<p><strong>Por <a title=\"@AsfaltosTweets\" href=\"http:\/\/twitter.com\/AsfaltosTweets\" target=\"_blank\" rel=\"noopener noreferrer\">Asfaltos<\/a><\/strong>.<\/p>\n<p>Lunes, lunes de las <a href=\"http:\/\/www.reconoce.mx\/category\/cultura\/musica\/5rolasparalasemana\/\" target=\"_blank\" rel=\"noopener noreferrer\">#5RolasParaLaSemana<\/a>. Ya lo saben, las <a href=\"http:\/\/www.reconoce.mx\/category\/cultura\/musica\/5rolasparalasemana\/\" target=\"_blank\" rel=\"noopener noreferrer\">#5RolasParaLaSemana<\/a> son este breve y conciso <em>tracklist<\/em> en el que me permito compartir con ustedes las novedades musicales de la escena nacional que semanalmente se dan a conocer. S\u00ed, como ya lo he advertido tambi\u00e9n, se encontrar\u00e1n con alguna que otra canci\u00f3n de fuera de nuestras fronteras; eso s\u00ed, de todas las rolas elegidas les aseguro que se encontrar\u00e1n con alguna que se insertar\u00e1 en su imaginario sonoro. Sin m\u00e1s, \u00a1qu\u00e9 vengan las <a href=\"http:\/\/www.reconoce.mx\/category\/cultura\/musica\/5rolasparalasemana\/\" target=\"_blank\" rel=\"noopener noreferrer\">#5RolasParaLaSemana<\/a> de la cuarta y \u00faltima semana de junio de 2018!<\/p>\n<p><iframe title=\"Spotify Embed: #5RolasParaLaSemana del 25 de junio al 01 de julio\" style=\"border-radius: 12px\" width=\"100%\" height=\"352\" frameborder=\"0\" allowfullscreen allow=\"autoplay; clipboard-write; encrypted-media; fullscreen; picture-in-picture\" loading=\"lazy\" src=\"https:\/\/open.spotify.com\/embed\/playlist\/6U1B7KWqRHdUbfovFs3k91?utm_source=oembed\"><\/iframe><\/p>\n<h2><strong>\u00abBomba de tiempo\u00bb, de Yo Camale\u00f3n<\/strong><\/h2>\n<p>\u00daltima semana de junio, ya para encaminarnos a la segunda mitad del a\u00f1o, y como es tradici\u00f3n toca hablar de una propuesta para iniciar este listado musical. La propuesta es cortes\u00eda de <strong>Yo Camale\u00f3n<\/strong>, proyecto de Ana Karla Escobar, Yamil Rezc, Renato del Real y Marco Verderi, cuya carrera ha sido inesperado desde el principio. Con m\u00fasicos consolidados desde un principio, <strong>Yo Camale\u00f3n<\/strong> tard\u00f3 en consolidarse, pero cuando lo hizo fue de manera s\u00f3lida y firme. Apenas hace dos a\u00f1os<strong> Yo Camale\u00f3n<\/strong> abrieron los conciertos de <strong>Le\u00f3n Larregui<\/strong>, un a\u00f1o despu\u00e9s el concierto de <strong>Phantogram<\/strong> y recientemente hicieron los honores a <strong>Zo\u00e9<\/strong>, gan\u00e1ndose as\u00ed el cari\u00f1o de muchos quienes les escuchamos por primera vez; acept\u00e1ndoles prontamente entre nuestros gustos musicales. \u00bfA qu\u00e9 suena<strong> Yo Camale\u00f3n<\/strong>? A pop bien compuesto y bien ejecutado. En \u00abBomba de tiempo\u00bb, que es el tema con el que se los comparto, los m\u00fasicos combinan elementos del rock con m\u00fasica electr\u00f3nica. \u00bfEl resultado? Una bomba sonora, ecl\u00e9ctica, llena de atm\u00f3sferas que atrapa de inmediato. La producci\u00f3n es impecable, la ejecuci\u00f3n muy emotiva. Esperamos tener m\u00e1s de este concepto que tanto nos ha gustado; mismo concepto con el que deseamos tengan ustedes una semana plena.<\/p>\n<h2><strong>\u00abMorf\u00e9ame (Guiados por voces)\u00bb, de Malos Modales<br \/>\n<\/strong><\/h2>\n<p>En esta ocasi\u00f3n toca presentar la segunda propuesta de la semana, una melod\u00eda que para muchos resultar\u00e1 fresca, pero tambi\u00e9n familiar. Con integrantes tanto de Divisi\u00f3n Min\u00fascula como de She&#8217;s A Tease, nace en 2014 una agrupaci\u00f3n llamada <strong>Malos Modales<\/strong>. Scrap (guitarra y voz), Johny (guitarra), Chank (bajo) y Kiko (bater\u00eda) son parte de este proyecto que con poco tiempo se ha ido ganando m\u00e1s adeptos gracias a su sonido. Desde Monterrey toca presentar el m\u00e1s reciente sencillo de los <strong>Malos Modales<\/strong>: \u00abMorf\u00e9ame\u00bb. Con un sonido que de inmediato gustar\u00e1 a los fan\u00e1ticos de las ya mencionadas agrupaciones, \u00abMorf\u00e9ame\u00bb atrapa de inmediato por esas melod\u00edas energ\u00e9ticas que de inmediato nos provocan movernos, bailar, sacudirnos. \u00abMorf\u00e9ame\u00bb forma parte del \u00e1lbum de 11 canciones \u00abCosas ocultas\u00bb (2017) de <strong>Malos Modales<\/strong>, mismo que se puede escuchar ya cortes\u00eda de <strong>Buen D\u00eda Records<\/strong>. Vale la pena echarle una oreja, como notan ya con esta probadita sonora.<\/p>\n<h2><strong>\u00abMi gente\u00bb, de Timoneki feat. Silvana Estrada<br \/>\n<\/strong><\/h2>\n<p>Consentidos absolutos de<span style=\"color: #a81f25;\"><strong> Reconoce MX<\/strong><\/span> son los m\u00fasicos de <strong>Timoneki<\/strong>. Los poblanos siguen d\u00e1ndonos de qu\u00e9 hablar tras su reciente sencillo <a href=\"http:\/\/www.reconoce.mx\/alma-de-timoneki\/\" target=\"_blank\" rel=\"noopener\">\u00abAlma\u00bb, mismo que elegimos tambi\u00e9n como nuestro Video de la semana<\/a>. Pues bien, la m\u00fasica nueva de <strong>Timoneki<\/strong> sigue llegando como previo al lanzamiento de su pr\u00f3ximo material que sabemos ya se llama \u00abVivos\u00bb. Y vivos nos mantienen estos m\u00fasicos quienes han sabido encontrar una brecha muy interesante entre la m\u00fasica tradicional y la m\u00fasica moderna. Esa fusi\u00f3n sonora les ha convertido en un concepto musical que refresca de inmediato en cuanto se les escucha. Eso mismo sucede con \u00abMi gente\u00bb, un tema que con gran ritmo llega a tiempo para esta semana previa a las elecciones que se vivir\u00e1n para distintos puestos p\u00fablicos en nuestro pa\u00eds. Se trata, pues, de un canto de esperanza, de un aliento para la gente. Afortunado mucho que para \u00abMi gente\u00bb los <strong>Timoneki<\/strong> hayan sumado a otra de nuestras favoritas, poseedora de una de las voces m\u00e1s privilegiadas de la nueva camada de m\u00fasicos que nos va dejando 2018:<strong> Silvana Estrada<\/strong>. La cantautora xalape\u00f1a suma de gran manera a los <strong>Timoneki<\/strong> que ya solo andan antoj\u00e1ndonos el material completo que esperamos con hartas ganas escuchar pronto.<\/p>\n<h2><strong>\u00abD\u00e9jame construir\u00bb, de Marcela Viejo<\/strong><\/h2>\n<p>Van a decir que \u00abcu\u00e1nto favoritismo\u00bb, \u00bfpero qu\u00e9 se puede hacer cuando adem\u00e1s de todo se tiene tanto talento? Ese es el caso de<strong> Marcela Viejo<\/strong>, quien sigue sorprendiendo con la m\u00fasica que nos va preparando rumbo al lanzamiento de su primer \u00e1lbum como solista \u00abPeque\u00f1as profec\u00edas\u00bb. La cantautora nos ha sorprendido primero por salirse de su zona de confort, y segundo por la tremenda versatilidad que nos ha mostrado. Mucho tiene que ver tambi\u00e9n con que la propia Marcela ha encontrado en este proyecto nuevo la satisfacci\u00f3n de expresarse en absoluta confianza sobre s\u00ed misma. Se siente, s\u00ed, adem\u00e1s una muy clara libertad que se nos deja percibir en su propio sonido. \u00abD\u00e9jame constuir\u00bb, el nuevo sencillo de<strong> Marcela Viejo<\/strong>, justamente nos habla de eso; de permitirnos avanzar, sin limitaciones, sin relaciones t\u00f3xicas. La canci\u00f3n hasta el momento se ha convertido en mi favorita de lo que Marcela ha estado compartiendo. \u00a1Morimos por escuchar \u00abPeque\u00f1as profec\u00edas\u00bb pronto!<\/p>\n<h2><strong>\u00abBajo las luces\u00bb, de Rubytates<\/strong><\/h2>\n<p>Desde que <a href=\"http:\/\/www.reconoce.mx\/festivalmarvincdmx-2018-prisma-sonoro-en-el-corazon-cultural-de-la-capital\/\" target=\"_blank\" rel=\"noopener\">la escuch\u00e9 en vivo en el marco del #FestivalMarvinCDMX<\/a> me enamor\u00e9 de esta canci\u00f3n; es innevitable, el tema es uno de los m\u00e1s emotivos que los <strong>Rubytates<\/strong> han lanzado, y eso ya me parece mucho. Los mexiquenses, quienes desde su debut \u00abRenacemos\u00bb (2015) se han ido ganando un espacio m\u00e1s que merecido en la escena musical nacional, estrenan ahora finaalmente en su versi\u00f3n de estudio: \u00abBajo las luces\u00bb. La canci\u00f3n conjunta los mejores elementos de la banda. \u00bfSintetizadores? Ah\u00ed lo tienen. \u00bfMelancol\u00eda? Tambi\u00e9n. \u00bfViaje et\u00e9reo, atm\u00f3sferas sonoras? \u00a1Ah\u00ed est\u00e1n! \u00abBajo las luces\u00bb cumple con la promesa de ser m\u00e1s que una canci\u00f3n, toda una experiencia sensorial, magica. \u00abBajo las luces\u00bb es aceptar de manera correcta la invitaci\u00f3n de ensue\u00f1o que este grupo propone con uno de sus mejores temas al momento. Ya s\u00e9 qu\u00e9 me van a decir: \u00a1pero suena a lo mismo de lo que siempre te has quejado! Es posible, <strong>Rubytates<\/strong> no muestran pistas de separarse pronto del sonido que los hermana con otras agrupaciones como Camilo S\u00e9ptimo, Reyno, Costera, desde luego Zo\u00e9, y un largo, largu\u00edsimo etc\u00e9tera. Pero eso, estimados, eso poco importa cuando adem\u00e1s se procura una canci\u00f3n de la calidad de \u00abBajo las luces\u00bb. Por el momento, disfrutemos, dej\u00e9monos atrapar con este tema producido por Fernando Mares y mezclado por Javier Rodr\u00edguez.<\/p>\n<p>No olviden que todos los listados de <a href=\"http:\/\/www.reconoce.mx\/category\/cultura\/musica\/5rolasparalasemana\/\" target=\"_blank\" rel=\"noopener noreferrer\">#5RolasParaLaSemana<\/a>, podr\u00e1n revisarlos, a\u00f1adirlos y reproducirlos tambi\u00e9n en sus cuentas de <strong>Spotify<\/strong>. \u00bfQuieren un anuario de la m\u00fasica nacional de este a\u00f1o? <a href=\"https:\/\/open.spotify.com\/user\/reconocemx\" target=\"_blank\" rel=\"noopener\">Vayan revisando nuestro perfil en <strong>Spotify<\/strong><\/a>.<\/p>\n<p style=\"text-align: right;\">Foto: <strong>Ale Hern\u00e1ndez<\/strong>.<\/p>\n<p>&nbsp;<\/p>\n<p>&nbsp;<\/p>\n","protected":false},"excerpt":{"rendered":"<p>Lunes, lunes de las #5RolasParaLaSemana. Ya lo saben, las #5RolasParaLaSemana son este breve y conciso tracklist en el que me permito compartir con ustedes las novedades musicales de la escena nacional que semanalmente se dan a conocer.<\/p>\n","protected":false},"author":2,"featured_media":69202,"comment_status":"open","ping_status":"open","sticky":false,"template":"","format":"standard","meta":{"footnotes":""},"categories":[2652,1,18,17],"tags":[],"class_list":["post-74342","post","type-post","status-publish","format-standard","has-post-thumbnail","hentry","category-5rolasparalasemana","category-cultura","category-musica","category-principal"],"yoast_head":"<!-- This site is optimized with the Yoast SEO plugin v24.7 - https:\/\/yoast.com\/wordpress\/plugins\/seo\/ -->\n<title>#5RolasParaLaSemana del 25 de junio al 01 de julio &#171; Reconoce MX<\/title>\n<meta name=\"robots\" content=\"index, follow, max-snippet:-1, max-image-preview:large, max-video-preview:-1\" \/>\n<link rel=\"canonical\" href=\"http:\/\/www.reconoce.mx\/?p=74342\" \/>\n<meta property=\"og:locale\" content=\"es_ES\" \/>\n<meta property=\"og:type\" content=\"article\" \/>\n<meta property=\"og:title\" content=\"#5RolasParaLaSemana del 25 de junio al 01 de julio &#171; Reconoce MX\" \/>\n<meta property=\"og:description\" content=\"Lunes, lunes de las #5RolasParaLaSemana. Ya lo saben, las #5RolasParaLaSemana son este breve y conciso tracklist en el que me permito compartir con ustedes las novedades musicales de la escena nacional que semanalmente se dan a conocer.\" \/>\n<meta property=\"og:url\" content=\"http:\/\/www.reconoce.mx\/?p=74342\" \/>\n<meta property=\"og:site_name\" content=\"Reconoce MX\" \/>\n<meta property=\"article:publisher\" content=\"https:\/\/es-la.facebook.com\/ReconoceMX\/\" \/>\n<meta property=\"article:published_time\" content=\"2018-06-25T05:01:39+00:00\" \/>\n<meta property=\"article:modified_time\" content=\"2018-07-02T23:35:37+00:00\" \/>\n<meta property=\"og:image\" content=\"http:\/\/www.reconoce.mx\/wp-content\/uploads\/2017\/12\/5rolasparalasemana-2018.png\" \/>\n\t<meta property=\"og:image:width\" content=\"588\" \/>\n\t<meta property=\"og:image:height\" content=\"380\" \/>\n\t<meta property=\"og:image:type\" content=\"image\/png\" \/>\n<meta name=\"author\" content=\"Reconoce MX\" \/>\n<meta name=\"twitter:card\" content=\"summary_large_image\" \/>\n<meta name=\"twitter:creator\" content=\"@reconocemx\" \/>\n<meta name=\"twitter:site\" content=\"@reconocemx\" \/>\n<meta name=\"twitter:label1\" content=\"Escrito por\" \/>\n\t<meta name=\"twitter:data1\" content=\"Reconoce MX\" \/>\n\t<meta name=\"twitter:label2\" content=\"Tiempo de lectura\" \/>\n\t<meta name=\"twitter:data2\" content=\"6 minutos\" \/>\n<script type=\"application\/ld+json\" class=\"yoast-schema-graph\">{\"@context\":\"https:\/\/schema.org\",\"@graph\":[{\"@type\":\"Article\",\"@id\":\"http:\/\/www.reconoce.mx\/?p=74342#article\",\"isPartOf\":{\"@id\":\"http:\/\/www.reconoce.mx\/?p=74342\"},\"author\":{\"name\":\"Reconoce MX\",\"@id\":\"http:\/\/www.reconoce.mx\/#\/schema\/person\/2117e997d7051dc15d6880eaf9bca0b2\"},\"headline\":\"#5RolasParaLaSemana del 25 de junio al 01 de julio\",\"datePublished\":\"2018-06-25T05:01:39+00:00\",\"dateModified\":\"2018-07-02T23:35:37+00:00\",\"mainEntityOfPage\":{\"@id\":\"http:\/\/www.reconoce.mx\/?p=74342\"},\"wordCount\":1212,\"commentCount\":0,\"publisher\":{\"@id\":\"http:\/\/www.reconoce.mx\/#organization\"},\"image\":{\"@id\":\"http:\/\/www.reconoce.mx\/?p=74342#primaryimage\"},\"thumbnailUrl\":\"http:\/\/www.reconoce.mx\/wp-content\/uploads\/2017\/12\/5rolasparalasemana-2018.png\",\"articleSection\":[\"#5RolasParaLaSemana\",\"Cultura\",\"M\u00fasica\",\"Principal\"],\"inLanguage\":\"es\",\"potentialAction\":[{\"@type\":\"CommentAction\",\"name\":\"Comment\",\"target\":[\"http:\/\/www.reconoce.mx\/?p=74342#respond\"]}]},{\"@type\":\"WebPage\",\"@id\":\"http:\/\/www.reconoce.mx\/?p=74342\",\"url\":\"http:\/\/www.reconoce.mx\/?p=74342\",\"name\":\"#5RolasParaLaSemana del 25 de junio al 01 de julio &#171; Reconoce MX\",\"isPartOf\":{\"@id\":\"http:\/\/www.reconoce.mx\/#website\"},\"primaryImageOfPage\":{\"@id\":\"http:\/\/www.reconoce.mx\/?p=74342#primaryimage\"},\"image\":{\"@id\":\"http:\/\/www.reconoce.mx\/?p=74342#primaryimage\"},\"thumbnailUrl\":\"http:\/\/www.reconoce.mx\/wp-content\/uploads\/2017\/12\/5rolasparalasemana-2018.png\",\"datePublished\":\"2018-06-25T05:01:39+00:00\",\"dateModified\":\"2018-07-02T23:35:37+00:00\",\"breadcrumb\":{\"@id\":\"http:\/\/www.reconoce.mx\/?p=74342#breadcrumb\"},\"inLanguage\":\"es\",\"potentialAction\":[{\"@type\":\"ReadAction\",\"target\":[\"http:\/\/www.reconoce.mx\/?p=74342\"]}]},{\"@type\":\"ImageObject\",\"inLanguage\":\"es\",\"@id\":\"http:\/\/www.reconoce.mx\/?p=74342#primaryimage\",\"url\":\"http:\/\/www.reconoce.mx\/wp-content\/uploads\/2017\/12\/5rolasparalasemana-2018.png\",\"contentUrl\":\"http:\/\/www.reconoce.mx\/wp-content\/uploads\/2017\/12\/5rolasparalasemana-2018.png\",\"width\":588,\"height\":380},{\"@type\":\"BreadcrumbList\",\"@id\":\"http:\/\/www.reconoce.mx\/?p=74342#breadcrumb\",\"itemListElement\":[{\"@type\":\"ListItem\",\"position\":1,\"name\":\"Portada\",\"item\":\"http:\/\/www.reconoce.mx\/\"},{\"@type\":\"ListItem\",\"position\":2,\"name\":\"#5RolasParaLaSemana del 25 de junio al 01 de julio\"}]},{\"@type\":\"WebSite\",\"@id\":\"http:\/\/www.reconoce.mx\/#website\",\"url\":\"http:\/\/www.reconoce.mx\/\",\"name\":\"Reconoce MX\",\"description\":\"En Reconoce MX difundimos arte, cultura y conciencia social en M\u00e9xico. Tu ciudad en otra perspectiva.\",\"publisher\":{\"@id\":\"http:\/\/www.reconoce.mx\/#organization\"},\"potentialAction\":[{\"@type\":\"SearchAction\",\"target\":{\"@type\":\"EntryPoint\",\"urlTemplate\":\"http:\/\/www.reconoce.mx\/?s={search_term_string}\"},\"query-input\":{\"@type\":\"PropertyValueSpecification\",\"valueRequired\":true,\"valueName\":\"search_term_string\"}}],\"inLanguage\":\"es\"},{\"@type\":\"Organization\",\"@id\":\"http:\/\/www.reconoce.mx\/#organization\",\"name\":\"Reconoce MX\",\"url\":\"http:\/\/www.reconoce.mx\/\",\"logo\":{\"@type\":\"ImageObject\",\"inLanguage\":\"es\",\"@id\":\"http:\/\/www.reconoce.mx\/#\/schema\/logo\/image\/\",\"url\":\"https:\/\/www.reconoce.mx\/wp-content\/uploads\/2019\/03\/logorcmx-good-1.png\",\"contentUrl\":\"https:\/\/www.reconoce.mx\/wp-content\/uploads\/2019\/03\/logorcmx-good-1.png\",\"width\":280,\"height\":90,\"caption\":\"Reconoce MX\"},\"image\":{\"@id\":\"http:\/\/www.reconoce.mx\/#\/schema\/logo\/image\/\"},\"sameAs\":[\"https:\/\/es-la.facebook.com\/ReconoceMX\/\",\"https:\/\/x.com\/reconocemx\",\"http:\/\/@reconocemx\"]},{\"@type\":\"Person\",\"@id\":\"http:\/\/www.reconoce.mx\/#\/schema\/person\/2117e997d7051dc15d6880eaf9bca0b2\",\"name\":\"Reconoce MX\",\"image\":{\"@type\":\"ImageObject\",\"inLanguage\":\"es\",\"@id\":\"http:\/\/www.reconoce.mx\/#\/schema\/person\/image\/\",\"url\":\"https:\/\/secure.gravatar.com\/avatar\/6c8d4dc7569ca1c90c5fdcc349f839d5ddef6fe1e70b4337ead2ef1a4c43fc3a?s=96&d=identicon&r=g\",\"contentUrl\":\"https:\/\/secure.gravatar.com\/avatar\/6c8d4dc7569ca1c90c5fdcc349f839d5ddef6fe1e70b4337ead2ef1a4c43fc3a?s=96&d=identicon&r=g\",\"caption\":\"Reconoce MX\"},\"description\":\"Reconoce MX es un proyecto de difusi\u00f3n art\u00edstica, cultural y de conciencia social que est\u00e1 enfocado a difundir y fomentar el entretenimiento alternativo de calidad para todo el p\u00fablico que comparta el mismo entusiasmo.\",\"sameAs\":[\"http:\/\/www.reconoce.mx\"],\"url\":\"http:\/\/www.reconoce.mx\/?author=2\"}]}<\/script>\n<!-- \/ Yoast SEO plugin. -->","yoast_head_json":{"title":"#5RolasParaLaSemana del 25 de junio al 01 de julio &#171; Reconoce MX","robots":{"index":"index","follow":"follow","max-snippet":"max-snippet:-1","max-image-preview":"max-image-preview:large","max-video-preview":"max-video-preview:-1"},"canonical":"http:\/\/www.reconoce.mx\/?p=74342","og_locale":"es_ES","og_type":"article","og_title":"#5RolasParaLaSemana del 25 de junio al 01 de julio &#171; Reconoce MX","og_description":"Lunes, lunes de las #5RolasParaLaSemana. Ya lo saben, las #5RolasParaLaSemana son este breve y conciso tracklist en el que me permito compartir con ustedes las novedades musicales de la escena nacional que semanalmente se dan a conocer.","og_url":"http:\/\/www.reconoce.mx\/?p=74342","og_site_name":"Reconoce MX","article_publisher":"https:\/\/es-la.facebook.com\/ReconoceMX\/","article_published_time":"2018-06-25T05:01:39+00:00","article_modified_time":"2018-07-02T23:35:37+00:00","og_image":[{"width":588,"height":380,"url":"http:\/\/www.reconoce.mx\/wp-content\/uploads\/2017\/12\/5rolasparalasemana-2018.png","type":"image\/png"}],"author":"Reconoce MX","twitter_card":"summary_large_image","twitter_creator":"@reconocemx","twitter_site":"@reconocemx","twitter_misc":{"Escrito por":"Reconoce MX","Tiempo de lectura":"6 minutos"},"schema":{"@context":"https:\/\/schema.org","@graph":[{"@type":"Article","@id":"http:\/\/www.reconoce.mx\/?p=74342#article","isPartOf":{"@id":"http:\/\/www.reconoce.mx\/?p=74342"},"author":{"name":"Reconoce MX","@id":"http:\/\/www.reconoce.mx\/#\/schema\/person\/2117e997d7051dc15d6880eaf9bca0b2"},"headline":"#5RolasParaLaSemana del 25 de junio al 01 de julio","datePublished":"2018-06-25T05:01:39+00:00","dateModified":"2018-07-02T23:35:37+00:00","mainEntityOfPage":{"@id":"http:\/\/www.reconoce.mx\/?p=74342"},"wordCount":1212,"commentCount":0,"publisher":{"@id":"http:\/\/www.reconoce.mx\/#organization"},"image":{"@id":"http:\/\/www.reconoce.mx\/?p=74342#primaryimage"},"thumbnailUrl":"http:\/\/www.reconoce.mx\/wp-content\/uploads\/2017\/12\/5rolasparalasemana-2018.png","articleSection":["#5RolasParaLaSemana","Cultura","M\u00fasica","Principal"],"inLanguage":"es","potentialAction":[{"@type":"CommentAction","name":"Comment","target":["http:\/\/www.reconoce.mx\/?p=74342#respond"]}]},{"@type":"WebPage","@id":"http:\/\/www.reconoce.mx\/?p=74342","url":"http:\/\/www.reconoce.mx\/?p=74342","name":"#5RolasParaLaSemana del 25 de junio al 01 de julio &#171; Reconoce MX","isPartOf":{"@id":"http:\/\/www.reconoce.mx\/#website"},"primaryImageOfPage":{"@id":"http:\/\/www.reconoce.mx\/?p=74342#primaryimage"},"image":{"@id":"http:\/\/www.reconoce.mx\/?p=74342#primaryimage"},"thumbnailUrl":"http:\/\/www.reconoce.mx\/wp-content\/uploads\/2017\/12\/5rolasparalasemana-2018.png","datePublished":"2018-06-25T05:01:39+00:00","dateModified":"2018-07-02T23:35:37+00:00","breadcrumb":{"@id":"http:\/\/www.reconoce.mx\/?p=74342#breadcrumb"},"inLanguage":"es","potentialAction":[{"@type":"ReadAction","target":["http:\/\/www.reconoce.mx\/?p=74342"]}]},{"@type":"ImageObject","inLanguage":"es","@id":"http:\/\/www.reconoce.mx\/?p=74342#primaryimage","url":"http:\/\/www.reconoce.mx\/wp-content\/uploads\/2017\/12\/5rolasparalasemana-2018.png","contentUrl":"http:\/\/www.reconoce.mx\/wp-content\/uploads\/2017\/12\/5rolasparalasemana-2018.png","width":588,"height":380},{"@type":"BreadcrumbList","@id":"http:\/\/www.reconoce.mx\/?p=74342#breadcrumb","itemListElement":[{"@type":"ListItem","position":1,"name":"Portada","item":"http:\/\/www.reconoce.mx\/"},{"@type":"ListItem","position":2,"name":"#5RolasParaLaSemana del 25 de junio al 01 de julio"}]},{"@type":"WebSite","@id":"http:\/\/www.reconoce.mx\/#website","url":"http:\/\/www.reconoce.mx\/","name":"Reconoce MX","description":"En Reconoce MX difundimos arte, cultura y conciencia social en M\u00e9xico. Tu ciudad en otra perspectiva.","publisher":{"@id":"http:\/\/www.reconoce.mx\/#organization"},"potentialAction":[{"@type":"SearchAction","target":{"@type":"EntryPoint","urlTemplate":"http:\/\/www.reconoce.mx\/?s={search_term_string}"},"query-input":{"@type":"PropertyValueSpecification","valueRequired":true,"valueName":"search_term_string"}}],"inLanguage":"es"},{"@type":"Organization","@id":"http:\/\/www.reconoce.mx\/#organization","name":"Reconoce MX","url":"http:\/\/www.reconoce.mx\/","logo":{"@type":"ImageObject","inLanguage":"es","@id":"http:\/\/www.reconoce.mx\/#\/schema\/logo\/image\/","url":"https:\/\/www.reconoce.mx\/wp-content\/uploads\/2019\/03\/logorcmx-good-1.png","contentUrl":"https:\/\/www.reconoce.mx\/wp-content\/uploads\/2019\/03\/logorcmx-good-1.png","width":280,"height":90,"caption":"Reconoce MX"},"image":{"@id":"http:\/\/www.reconoce.mx\/#\/schema\/logo\/image\/"},"sameAs":["https:\/\/es-la.facebook.com\/ReconoceMX\/","https:\/\/x.com\/reconocemx","http:\/\/@reconocemx"]},{"@type":"Person","@id":"http:\/\/www.reconoce.mx\/#\/schema\/person\/2117e997d7051dc15d6880eaf9bca0b2","name":"Reconoce MX","image":{"@type":"ImageObject","inLanguage":"es","@id":"http:\/\/www.reconoce.mx\/#\/schema\/person\/image\/","url":"https:\/\/secure.gravatar.com\/avatar\/6c8d4dc7569ca1c90c5fdcc349f839d5ddef6fe1e70b4337ead2ef1a4c43fc3a?s=96&d=identicon&r=g","contentUrl":"https:\/\/secure.gravatar.com\/avatar\/6c8d4dc7569ca1c90c5fdcc349f839d5ddef6fe1e70b4337ead2ef1a4c43fc3a?s=96&d=identicon&r=g","caption":"Reconoce MX"},"description":"Reconoce MX es un proyecto de difusi\u00f3n art\u00edstica, cultural y de conciencia social que est\u00e1 enfocado a difundir y fomentar el entretenimiento alternativo de calidad para todo el p\u00fablico que comparta el mismo entusiasmo.","sameAs":["http:\/\/www.reconoce.mx"],"url":"http:\/\/www.reconoce.mx\/?author=2"}]}},"_links":{"self":[{"href":"http:\/\/www.reconoce.mx\/index.php?rest_route=\/wp\/v2\/posts\/74342","targetHints":{"allow":["GET"]}}],"collection":[{"href":"http:\/\/www.reconoce.mx\/index.php?rest_route=\/wp\/v2\/posts"}],"about":[{"href":"http:\/\/www.reconoce.mx\/index.php?rest_route=\/wp\/v2\/types\/post"}],"author":[{"embeddable":true,"href":"http:\/\/www.reconoce.mx\/index.php?rest_route=\/wp\/v2\/users\/2"}],"replies":[{"embeddable":true,"href":"http:\/\/www.reconoce.mx\/index.php?rest_route=%2Fwp%2Fv2%2Fcomments&post=74342"}],"version-history":[{"count":7,"href":"http:\/\/www.reconoce.mx\/index.php?rest_route=\/wp\/v2\/posts\/74342\/revisions"}],"predecessor-version":[{"id":74349,"href":"http:\/\/www.reconoce.mx\/index.php?rest_route=\/wp\/v2\/posts\/74342\/revisions\/74349"}],"wp:featuredmedia":[{"embeddable":true,"href":"http:\/\/www.reconoce.mx\/index.php?rest_route=\/wp\/v2\/media\/69202"}],"wp:attachment":[{"href":"http:\/\/www.reconoce.mx\/index.php?rest_route=%2Fwp%2Fv2%2Fmedia&parent=74342"}],"wp:term":[{"taxonomy":"category","embeddable":true,"href":"http:\/\/www.reconoce.mx\/index.php?rest_route=%2Fwp%2Fv2%2Fcategories&post=74342"},{"taxonomy":"post_tag","embeddable":true,"href":"http:\/\/www.reconoce.mx\/index.php?rest_route=%2Fwp%2Fv2%2Ftags&post=74342"}],"curies":[{"name":"wp","href":"https:\/\/api.w.org\/{rel}","templated":true}]}}