{"id":76710,"date":"2018-09-28T00:05:50","date_gmt":"2018-09-28T05:05:50","guid":{"rendered":"http:\/\/www.reconoce.mx\/?p=76710"},"modified":"2018-09-28T09:22:00","modified_gmt":"2018-09-28T14:22:00","slug":"juan-moreno-como-musico-hay-que-ser-intenso-y-necio","status":"publish","type":"post","link":"http:\/\/www.reconoce.mx\/?p=76710","title":{"rendered":"Juan Moreno: como m\u00fasico hay que ser intenso y necio"},"content":{"rendered":"<p><strong>Por<span class=\"st\"> <a href=\"https:\/\/twitter.com\/Amauryshow\" target=\"_blank\" rel=\"noopener noreferrer\">Amaury Berdejo Ju\u00e1rez<\/a><\/span>.<\/strong><\/p>\n<p>Desde su juventud,<strong> Juan Moreno<\/strong> supo cu\u00e1l era su camino: la m\u00fasica.<\/p>\n<p>Desde los 11 a\u00f1os comenz\u00f3 a estudiar bater\u00eda; a los 20 a\u00f1os decide abandonar sus estudios en <strong>Universidad Aut\u00f3noma de M\u00e9xico<\/strong> para lanzarse a estudiar composici\u00f3n. En el 2015 gana la beca <strong>Mar\u00eda Grever<\/strong> y gracias a esta, Juan comienza la composici\u00f3n de lo que ser\u00e1 su nuevo material llamado \u00abDiciembre\u00bb (que a\u00fan no ha sido editado en su totalidad).<\/p>\n<p>De este futuro disco sali\u00f3 el 1er single llamado \u201cSemilla\u201d, canci\u00f3n con la que cont\u00f3 con el apoyo en la direcci\u00f3n vocal de <strong>Natalia Lafourcade<\/strong>. Platicamos un poco con Juan sobre sus sencillos, guitarras y el momento que atraviesa su carrera.<\/p>\n<style>.embed-container { position: relative; padding-bottom: 56.25%; height: 0; overflow: hidden; max-width: 100%; } .embed-container iframe, .embed-container object, .embed-container embed { position: absolute; top: 0; left: 0; width: 100%; height: 100%; }<\/style>\n<div class='embed-container'><iframe src='https:\/\/www.youtube.com\/embed\/2RL_ouT7_7o' frameborder='0' allowfullscreen><\/iframe><\/div>\n<p>&nbsp;<\/p>\n<p><span style=\"color: #a81f25;\"><strong>Reconoce MX<\/strong><\/span>: El tema visual del video \u00abBarco\u00bb est\u00e1 cargado de muchos simbolismos a la b\u00fasqueda, estar errante&#8230; \u00bfConsideras que son parte de de tu filosof\u00eda en la m\u00fasica?<\/p>\n<p><strong><span style=\"color: #0aa650;\">Juan Moreno<\/span><\/strong>: Esos elementos est\u00e1n integrados en todo el disco, considero que esos s\u00edmbolos que mencionas se presentan en cada una de las canciones del \u00e1lbum titulado \u00abDiciembre\u00bb, que inicia mi etapa como autor solista y efectivamente es una b\u00fasqueda, un camino, hay tropiezos, naufragios que hay que ir venciendo. Estar en una banda tiene pros y contras pero trabajar en solitario es distinto, hay que tener una fuerza interna para salir adelante. Esta canci\u00f3n en especial (\u00abBarco\u00bb) es mi mantra personal para motivarme y no parar en este camino de b\u00fasqueda<\/p>\n<p><span style=\"color: #a81f25;\"><strong>RCMX<\/strong><\/span>: El proceso de edici\u00f3n de tu disco ha sido algo largo, \u00bfc\u00f3mo has vivido este periodo?<\/p>\n<p><strong><span style=\"color: #0aa650;\">JM<\/span><\/strong>: Ha sido muy interesante, tiene su parte pesada cuando te pones una fecha l\u00edmite auto impuesta, pero por situaciones fuera de tu control no se logra. Te urge que la obra salga al mundo pero&#8230; gracias a que este trabajo se dio lentamente se integraron elementos cruciales. En el camino se uni\u00f3 <strong>Ad\u00e1n Jodorowsky<\/strong> para crear un arreglo de cuerdas casi en cada canci\u00f3n y <strong>Natalia Lafourcade<\/strong> me dirigi\u00f3 la voz, en ese sentido al ver hacia atr\u00e1s s\u00e9 que esa espera a veces frustrante vali\u00f3 la pena. El disco se fue haciendo por segmentos, con la ayuda de Ad\u00e1n se hizo el proceso de composici\u00f3n de cuerdas a trav\u00e9s de <strong>Dar\u00edo Gonzalez<\/strong>, lo cual tom\u00f3 6 meses. Considero que esta espera fue necesaria para la creaci\u00f3n de algo muy puro, en el sentido de que no hay expectativa por un artista nuevo, as\u00ed que creo que quienes participaron lo hicieron con amor y cari\u00f1o.<\/p>\n<p><span style=\"color: #a81f25;\"><strong>RCMX<\/strong><\/span>: El sencillo \u00abSemilla\u00bb es muy diferente a \u00abBarco\u00bb, tienen un <em>feeling<\/em> de emociones intensas pero de extremo a extremo. \u00bfCon qu\u00e9 estado de \u00e1nimo te identificas m\u00e1s en este momento para tus composiciones? Es decir&#8230; \u00bfSiempre eres as\u00ed de intenso?<\/p>\n<p><span style=\"color: #0aa650;\"><strong>JM<\/strong><\/span>: Ja ja ja, \u00a1muy buena pregunta! Tengo un poco las dos partes, la familia es de lo que habla la canci\u00f3n semilla y ellos me dan el equilibrio para bajarle un poco a la intensidad. Ahora estoy m\u00e1s poco conectado con la intensidad de \u00abBarco\u00bb porque hay que necear para arrancar un proyecto, siento que sigo avanzando, luchando por avanzar poco a poco, con pasos lentos, respondiendo a la pregunta s\u00ed soy muy intenso y necio.<\/p>\n<p><strong><span style=\"color: #a81f25;\">RCMX<\/span><\/strong>: Not\u00e9 que la guitarra de los riffs en \u00abBarco\u00bb es particularmente \u00abblusera\u00bb, solo trae el <em>crunch<\/em> del amplificador. \u00bfEs una Stratocaster? \u00bfCu\u00e1l fue tu guitarra favorita en la grabaci\u00f3n?<\/p>\n<p><span style=\"color: #0aa650;\">JM<\/span>: Qu\u00e9 bueno que lo preguntas, grabamos todas las guitarras r\u00edtmicas con una Stratocaster, muy al estilo de <strong>Jimmy Hendrix<\/strong>, pero tambi\u00e9n quise experimentar con una Les Paul para sacar a los riffs de la zona de confort; el amplificador era Fender Bassman y un Orange que no le gust\u00f3 mucho al guitarrista que me apoy\u00f3, pero yo quer\u00eda experimentar con ese sonido.<\/p>\n<p><strong><span style=\"color: #a81f25;\">RCMX<\/span><\/strong>: \u00bfCu\u00e1l es la perspectiva de proyecci\u00f3n de tu m\u00fasica en los meses que vienen, seguir con el tema de sencillos hasta llegar al disco&#8230;?<\/p>\n<p><strong><span style=\"color: #0aa650;\">JM<\/span><\/strong>: En lo inmediato sacar otra canci\u00f3n en noviembre, con menos promoci\u00f3n, m\u00e1s discreta para cerrar el a\u00f1o, se llama \u00abMetamorfosis\u00bb. El siguiente plan es iniciar en marzo de 2019 con un sencillo m\u00e1s y lanzar el disco, finalmente.<\/p>\n<p><strong><span style=\"color: #a81f25;\">RCMX<\/span><\/strong>: \u00bfCu\u00e1l es tu playlist del momento?<\/p>\n<p><strong><span style=\"color: #0aa650;\">JM<\/span><\/strong>: Tengo un playlist que hice llamado \u00abrolitas\u00bb y he estado muy clavado con <strong>Alex Ferreira<\/strong>, tiene una colaboraci\u00f3n con <strong>Ximena Sari\u00f1ana<\/strong> que me encanta. Mmm, tambi\u00e9n traigo a <strong>T-Rex<\/strong> con la canci\u00f3n \u00abBallrooms on Mars\u00bb y de mis favoritos es <strong>Father John Misty<\/strong>.<\/p>\n<p><strong><span style=\"color: #a81f25;\">RCMX<\/span><\/strong>: \u00bfLo has visto en vivo?<\/p>\n<p><strong><span style=\"color: #0aa650;\">JM<\/span><\/strong>: F\u00edjate que no, me lo perd\u00ed en <strong>El Plaza<\/strong> la \u00faltima vez, pero he visto todos sus videos de YouTube y se me hace un <em>frontman<\/em> s\u00faper interesante. Incluso siento que algunos arreglos de cuerdas de Ad\u00e1n se parecen un poco a cosas de <strong>Father John Misty<\/strong>. Tambi\u00e9n tengo una playlist en Spotify llamada \u00ab<a href=\"https:\/\/spoti.fi\/2N5MfkR\" target=\"_blank\" rel=\"noopener\">Influencias de barco<\/a>\u00ab, los invito a escucharla si quieren conocer los sonidos que originaron ese tema.<\/p>\n<p>&nbsp;<\/p>\n<p>&nbsp;<\/p>\n","protected":false},"excerpt":{"rendered":"<p>Desde su juventud, Juan Moreno supo cu\u00e1l era su camino: la m\u00fasica.<\/p>\n","protected":false},"author":2,"featured_media":76716,"comment_status":"open","ping_status":"open","sticky":false,"template":"","format":"standard","meta":{"footnotes":""},"categories":[17],"tags":[],"class_list":["post-76710","post","type-post","status-publish","format-standard","has-post-thumbnail","hentry","category-principal"],"yoast_head":"<!-- This site is optimized with the Yoast SEO plugin v24.7 - https:\/\/yoast.com\/wordpress\/plugins\/seo\/ -->\n<title>Juan Moreno: como m\u00fasico hay que ser intenso y necio &#171; Reconoce MX<\/title>\n<meta name=\"robots\" content=\"index, follow, max-snippet:-1, max-image-preview:large, max-video-preview:-1\" \/>\n<link rel=\"canonical\" href=\"http:\/\/www.reconoce.mx\/?p=76710\" \/>\n<meta property=\"og:locale\" content=\"es_ES\" \/>\n<meta property=\"og:type\" content=\"article\" \/>\n<meta property=\"og:title\" content=\"Juan Moreno: como m\u00fasico hay que ser intenso y necio &#171; Reconoce MX\" \/>\n<meta property=\"og:description\" content=\"Desde su juventud, Juan Moreno supo cu\u00e1l era su camino: la m\u00fasica.\" \/>\n<meta property=\"og:url\" content=\"http:\/\/www.reconoce.mx\/?p=76710\" \/>\n<meta property=\"og:site_name\" content=\"Reconoce MX\" \/>\n<meta property=\"article:publisher\" content=\"https:\/\/es-la.facebook.com\/ReconoceMX\/\" \/>\n<meta property=\"article:published_time\" content=\"2018-09-28T05:05:50+00:00\" \/>\n<meta property=\"article:modified_time\" content=\"2018-09-28T14:22:00+00:00\" \/>\n<meta property=\"og:image\" content=\"http:\/\/www.reconoce.mx\/wp-content\/uploads\/2018\/09\/juan-moreno-cover.jpg\" \/>\n\t<meta property=\"og:image:width\" content=\"590\" \/>\n\t<meta property=\"og:image:height\" content=\"380\" \/>\n\t<meta property=\"og:image:type\" content=\"image\/jpeg\" \/>\n<meta name=\"author\" content=\"Reconoce MX\" \/>\n<meta name=\"twitter:card\" content=\"summary_large_image\" \/>\n<meta name=\"twitter:creator\" content=\"@reconocemx\" \/>\n<meta name=\"twitter:site\" content=\"@reconocemx\" \/>\n<meta name=\"twitter:label1\" content=\"Escrito por\" \/>\n\t<meta name=\"twitter:data1\" content=\"Reconoce MX\" \/>\n\t<meta name=\"twitter:label2\" content=\"Tiempo de lectura\" \/>\n\t<meta name=\"twitter:data2\" content=\"4 minutos\" \/>\n<script type=\"application\/ld+json\" class=\"yoast-schema-graph\">{\"@context\":\"https:\/\/schema.org\",\"@graph\":[{\"@type\":\"Article\",\"@id\":\"http:\/\/www.reconoce.mx\/?p=76710#article\",\"isPartOf\":{\"@id\":\"http:\/\/www.reconoce.mx\/?p=76710\"},\"author\":{\"name\":\"Reconoce MX\",\"@id\":\"http:\/\/www.reconoce.mx\/#\/schema\/person\/2117e997d7051dc15d6880eaf9bca0b2\"},\"headline\":\"Juan Moreno: como m\u00fasico hay que ser intenso y necio\",\"datePublished\":\"2018-09-28T05:05:50+00:00\",\"dateModified\":\"2018-09-28T14:22:00+00:00\",\"mainEntityOfPage\":{\"@id\":\"http:\/\/www.reconoce.mx\/?p=76710\"},\"wordCount\":882,\"commentCount\":0,\"publisher\":{\"@id\":\"http:\/\/www.reconoce.mx\/#organization\"},\"image\":{\"@id\":\"http:\/\/www.reconoce.mx\/?p=76710#primaryimage\"},\"thumbnailUrl\":\"http:\/\/www.reconoce.mx\/wp-content\/uploads\/2018\/09\/juan-moreno-cover.jpg\",\"articleSection\":[\"Principal\"],\"inLanguage\":\"es\",\"potentialAction\":[{\"@type\":\"CommentAction\",\"name\":\"Comment\",\"target\":[\"http:\/\/www.reconoce.mx\/?p=76710#respond\"]}]},{\"@type\":\"WebPage\",\"@id\":\"http:\/\/www.reconoce.mx\/?p=76710\",\"url\":\"http:\/\/www.reconoce.mx\/?p=76710\",\"name\":\"Juan Moreno: como m\u00fasico hay que ser intenso y necio &#171; Reconoce MX\",\"isPartOf\":{\"@id\":\"http:\/\/www.reconoce.mx\/#website\"},\"primaryImageOfPage\":{\"@id\":\"http:\/\/www.reconoce.mx\/?p=76710#primaryimage\"},\"image\":{\"@id\":\"http:\/\/www.reconoce.mx\/?p=76710#primaryimage\"},\"thumbnailUrl\":\"http:\/\/www.reconoce.mx\/wp-content\/uploads\/2018\/09\/juan-moreno-cover.jpg\",\"datePublished\":\"2018-09-28T05:05:50+00:00\",\"dateModified\":\"2018-09-28T14:22:00+00:00\",\"breadcrumb\":{\"@id\":\"http:\/\/www.reconoce.mx\/?p=76710#breadcrumb\"},\"inLanguage\":\"es\",\"potentialAction\":[{\"@type\":\"ReadAction\",\"target\":[\"http:\/\/www.reconoce.mx\/?p=76710\"]}]},{\"@type\":\"ImageObject\",\"inLanguage\":\"es\",\"@id\":\"http:\/\/www.reconoce.mx\/?p=76710#primaryimage\",\"url\":\"http:\/\/www.reconoce.mx\/wp-content\/uploads\/2018\/09\/juan-moreno-cover.jpg\",\"contentUrl\":\"http:\/\/www.reconoce.mx\/wp-content\/uploads\/2018\/09\/juan-moreno-cover.jpg\",\"width\":590,\"height\":380},{\"@type\":\"BreadcrumbList\",\"@id\":\"http:\/\/www.reconoce.mx\/?p=76710#breadcrumb\",\"itemListElement\":[{\"@type\":\"ListItem\",\"position\":1,\"name\":\"Portada\",\"item\":\"http:\/\/www.reconoce.mx\/\"},{\"@type\":\"ListItem\",\"position\":2,\"name\":\"Juan Moreno: como m\u00fasico hay que ser intenso y necio\"}]},{\"@type\":\"WebSite\",\"@id\":\"http:\/\/www.reconoce.mx\/#website\",\"url\":\"http:\/\/www.reconoce.mx\/\",\"name\":\"Reconoce MX\",\"description\":\"En Reconoce MX difundimos arte, cultura y conciencia social en M\u00e9xico. Tu ciudad en otra perspectiva.\",\"publisher\":{\"@id\":\"http:\/\/www.reconoce.mx\/#organization\"},\"potentialAction\":[{\"@type\":\"SearchAction\",\"target\":{\"@type\":\"EntryPoint\",\"urlTemplate\":\"http:\/\/www.reconoce.mx\/?s={search_term_string}\"},\"query-input\":{\"@type\":\"PropertyValueSpecification\",\"valueRequired\":true,\"valueName\":\"search_term_string\"}}],\"inLanguage\":\"es\"},{\"@type\":\"Organization\",\"@id\":\"http:\/\/www.reconoce.mx\/#organization\",\"name\":\"Reconoce MX\",\"url\":\"http:\/\/www.reconoce.mx\/\",\"logo\":{\"@type\":\"ImageObject\",\"inLanguage\":\"es\",\"@id\":\"http:\/\/www.reconoce.mx\/#\/schema\/logo\/image\/\",\"url\":\"https:\/\/www.reconoce.mx\/wp-content\/uploads\/2019\/03\/logorcmx-good-1.png\",\"contentUrl\":\"https:\/\/www.reconoce.mx\/wp-content\/uploads\/2019\/03\/logorcmx-good-1.png\",\"width\":280,\"height\":90,\"caption\":\"Reconoce MX\"},\"image\":{\"@id\":\"http:\/\/www.reconoce.mx\/#\/schema\/logo\/image\/\"},\"sameAs\":[\"https:\/\/es-la.facebook.com\/ReconoceMX\/\",\"https:\/\/x.com\/reconocemx\",\"http:\/\/@reconocemx\"]},{\"@type\":\"Person\",\"@id\":\"http:\/\/www.reconoce.mx\/#\/schema\/person\/2117e997d7051dc15d6880eaf9bca0b2\",\"name\":\"Reconoce MX\",\"image\":{\"@type\":\"ImageObject\",\"inLanguage\":\"es\",\"@id\":\"http:\/\/www.reconoce.mx\/#\/schema\/person\/image\/\",\"url\":\"https:\/\/secure.gravatar.com\/avatar\/6c8d4dc7569ca1c90c5fdcc349f839d5ddef6fe1e70b4337ead2ef1a4c43fc3a?s=96&d=identicon&r=g\",\"contentUrl\":\"https:\/\/secure.gravatar.com\/avatar\/6c8d4dc7569ca1c90c5fdcc349f839d5ddef6fe1e70b4337ead2ef1a4c43fc3a?s=96&d=identicon&r=g\",\"caption\":\"Reconoce MX\"},\"description\":\"Reconoce MX es un proyecto de difusi\u00f3n art\u00edstica, cultural y de conciencia social que est\u00e1 enfocado a difundir y fomentar el entretenimiento alternativo de calidad para todo el p\u00fablico que comparta el mismo entusiasmo.\",\"sameAs\":[\"http:\/\/www.reconoce.mx\"],\"url\":\"http:\/\/www.reconoce.mx\/?author=2\"}]}<\/script>\n<!-- \/ Yoast SEO plugin. -->","yoast_head_json":{"title":"Juan Moreno: como m\u00fasico hay que ser intenso y necio &#171; Reconoce MX","robots":{"index":"index","follow":"follow","max-snippet":"max-snippet:-1","max-image-preview":"max-image-preview:large","max-video-preview":"max-video-preview:-1"},"canonical":"http:\/\/www.reconoce.mx\/?p=76710","og_locale":"es_ES","og_type":"article","og_title":"Juan Moreno: como m\u00fasico hay que ser intenso y necio &#171; Reconoce MX","og_description":"Desde su juventud, Juan Moreno supo cu\u00e1l era su camino: la m\u00fasica.","og_url":"http:\/\/www.reconoce.mx\/?p=76710","og_site_name":"Reconoce MX","article_publisher":"https:\/\/es-la.facebook.com\/ReconoceMX\/","article_published_time":"2018-09-28T05:05:50+00:00","article_modified_time":"2018-09-28T14:22:00+00:00","og_image":[{"width":590,"height":380,"url":"http:\/\/www.reconoce.mx\/wp-content\/uploads\/2018\/09\/juan-moreno-cover.jpg","type":"image\/jpeg"}],"author":"Reconoce MX","twitter_card":"summary_large_image","twitter_creator":"@reconocemx","twitter_site":"@reconocemx","twitter_misc":{"Escrito por":"Reconoce MX","Tiempo de lectura":"4 minutos"},"schema":{"@context":"https:\/\/schema.org","@graph":[{"@type":"Article","@id":"http:\/\/www.reconoce.mx\/?p=76710#article","isPartOf":{"@id":"http:\/\/www.reconoce.mx\/?p=76710"},"author":{"name":"Reconoce MX","@id":"http:\/\/www.reconoce.mx\/#\/schema\/person\/2117e997d7051dc15d6880eaf9bca0b2"},"headline":"Juan Moreno: como m\u00fasico hay que ser intenso y necio","datePublished":"2018-09-28T05:05:50+00:00","dateModified":"2018-09-28T14:22:00+00:00","mainEntityOfPage":{"@id":"http:\/\/www.reconoce.mx\/?p=76710"},"wordCount":882,"commentCount":0,"publisher":{"@id":"http:\/\/www.reconoce.mx\/#organization"},"image":{"@id":"http:\/\/www.reconoce.mx\/?p=76710#primaryimage"},"thumbnailUrl":"http:\/\/www.reconoce.mx\/wp-content\/uploads\/2018\/09\/juan-moreno-cover.jpg","articleSection":["Principal"],"inLanguage":"es","potentialAction":[{"@type":"CommentAction","name":"Comment","target":["http:\/\/www.reconoce.mx\/?p=76710#respond"]}]},{"@type":"WebPage","@id":"http:\/\/www.reconoce.mx\/?p=76710","url":"http:\/\/www.reconoce.mx\/?p=76710","name":"Juan Moreno: como m\u00fasico hay que ser intenso y necio &#171; Reconoce MX","isPartOf":{"@id":"http:\/\/www.reconoce.mx\/#website"},"primaryImageOfPage":{"@id":"http:\/\/www.reconoce.mx\/?p=76710#primaryimage"},"image":{"@id":"http:\/\/www.reconoce.mx\/?p=76710#primaryimage"},"thumbnailUrl":"http:\/\/www.reconoce.mx\/wp-content\/uploads\/2018\/09\/juan-moreno-cover.jpg","datePublished":"2018-09-28T05:05:50+00:00","dateModified":"2018-09-28T14:22:00+00:00","breadcrumb":{"@id":"http:\/\/www.reconoce.mx\/?p=76710#breadcrumb"},"inLanguage":"es","potentialAction":[{"@type":"ReadAction","target":["http:\/\/www.reconoce.mx\/?p=76710"]}]},{"@type":"ImageObject","inLanguage":"es","@id":"http:\/\/www.reconoce.mx\/?p=76710#primaryimage","url":"http:\/\/www.reconoce.mx\/wp-content\/uploads\/2018\/09\/juan-moreno-cover.jpg","contentUrl":"http:\/\/www.reconoce.mx\/wp-content\/uploads\/2018\/09\/juan-moreno-cover.jpg","width":590,"height":380},{"@type":"BreadcrumbList","@id":"http:\/\/www.reconoce.mx\/?p=76710#breadcrumb","itemListElement":[{"@type":"ListItem","position":1,"name":"Portada","item":"http:\/\/www.reconoce.mx\/"},{"@type":"ListItem","position":2,"name":"Juan Moreno: como m\u00fasico hay que ser intenso y necio"}]},{"@type":"WebSite","@id":"http:\/\/www.reconoce.mx\/#website","url":"http:\/\/www.reconoce.mx\/","name":"Reconoce MX","description":"En Reconoce MX difundimos arte, cultura y conciencia social en M\u00e9xico. Tu ciudad en otra perspectiva.","publisher":{"@id":"http:\/\/www.reconoce.mx\/#organization"},"potentialAction":[{"@type":"SearchAction","target":{"@type":"EntryPoint","urlTemplate":"http:\/\/www.reconoce.mx\/?s={search_term_string}"},"query-input":{"@type":"PropertyValueSpecification","valueRequired":true,"valueName":"search_term_string"}}],"inLanguage":"es"},{"@type":"Organization","@id":"http:\/\/www.reconoce.mx\/#organization","name":"Reconoce MX","url":"http:\/\/www.reconoce.mx\/","logo":{"@type":"ImageObject","inLanguage":"es","@id":"http:\/\/www.reconoce.mx\/#\/schema\/logo\/image\/","url":"https:\/\/www.reconoce.mx\/wp-content\/uploads\/2019\/03\/logorcmx-good-1.png","contentUrl":"https:\/\/www.reconoce.mx\/wp-content\/uploads\/2019\/03\/logorcmx-good-1.png","width":280,"height":90,"caption":"Reconoce MX"},"image":{"@id":"http:\/\/www.reconoce.mx\/#\/schema\/logo\/image\/"},"sameAs":["https:\/\/es-la.facebook.com\/ReconoceMX\/","https:\/\/x.com\/reconocemx","http:\/\/@reconocemx"]},{"@type":"Person","@id":"http:\/\/www.reconoce.mx\/#\/schema\/person\/2117e997d7051dc15d6880eaf9bca0b2","name":"Reconoce MX","image":{"@type":"ImageObject","inLanguage":"es","@id":"http:\/\/www.reconoce.mx\/#\/schema\/person\/image\/","url":"https:\/\/secure.gravatar.com\/avatar\/6c8d4dc7569ca1c90c5fdcc349f839d5ddef6fe1e70b4337ead2ef1a4c43fc3a?s=96&d=identicon&r=g","contentUrl":"https:\/\/secure.gravatar.com\/avatar\/6c8d4dc7569ca1c90c5fdcc349f839d5ddef6fe1e70b4337ead2ef1a4c43fc3a?s=96&d=identicon&r=g","caption":"Reconoce MX"},"description":"Reconoce MX es un proyecto de difusi\u00f3n art\u00edstica, cultural y de conciencia social que est\u00e1 enfocado a difundir y fomentar el entretenimiento alternativo de calidad para todo el p\u00fablico que comparta el mismo entusiasmo.","sameAs":["http:\/\/www.reconoce.mx"],"url":"http:\/\/www.reconoce.mx\/?author=2"}]}},"_links":{"self":[{"href":"http:\/\/www.reconoce.mx\/index.php?rest_route=\/wp\/v2\/posts\/76710","targetHints":{"allow":["GET"]}}],"collection":[{"href":"http:\/\/www.reconoce.mx\/index.php?rest_route=\/wp\/v2\/posts"}],"about":[{"href":"http:\/\/www.reconoce.mx\/index.php?rest_route=\/wp\/v2\/types\/post"}],"author":[{"embeddable":true,"href":"http:\/\/www.reconoce.mx\/index.php?rest_route=\/wp\/v2\/users\/2"}],"replies":[{"embeddable":true,"href":"http:\/\/www.reconoce.mx\/index.php?rest_route=%2Fwp%2Fv2%2Fcomments&post=76710"}],"version-history":[{"count":2,"href":"http:\/\/www.reconoce.mx\/index.php?rest_route=\/wp\/v2\/posts\/76710\/revisions"}],"predecessor-version":[{"id":76717,"href":"http:\/\/www.reconoce.mx\/index.php?rest_route=\/wp\/v2\/posts\/76710\/revisions\/76717"}],"wp:featuredmedia":[{"embeddable":true,"href":"http:\/\/www.reconoce.mx\/index.php?rest_route=\/wp\/v2\/media\/76716"}],"wp:attachment":[{"href":"http:\/\/www.reconoce.mx\/index.php?rest_route=%2Fwp%2Fv2%2Fmedia&parent=76710"}],"wp:term":[{"taxonomy":"category","embeddable":true,"href":"http:\/\/www.reconoce.mx\/index.php?rest_route=%2Fwp%2Fv2%2Fcategories&post=76710"},{"taxonomy":"post_tag","embeddable":true,"href":"http:\/\/www.reconoce.mx\/index.php?rest_route=%2Fwp%2Fv2%2Ftags&post=76710"}],"curies":[{"name":"wp","href":"https:\/\/api.w.org\/{rel}","templated":true}]}}