{"id":76820,"date":"2018-09-28T00:07:10","date_gmt":"2018-09-28T05:07:10","guid":{"rendered":"http:\/\/www.reconoce.mx\/?p=76820"},"modified":"2018-09-28T21:56:56","modified_gmt":"2018-09-29T02:56:56","slug":"nuestro-tiempo-una-pelicula-llena-de-capas","status":"publish","type":"post","link":"http:\/\/www.reconoce.mx\/?p=76820","title":{"rendered":"\u00abNuestro tiempo\u00bb: una pel\u00edcula llena de capas"},"content":{"rendered":"<p><strong>Por <a href=\"https:\/\/twitter.com\/Jan_AguileraM\" target=\"_blank\" rel=\"noopener\">Juan Aguilera<\/a><\/strong>.<\/p>\n<p>La filmograf\u00eda de <strong>Carlos Reygadas<\/strong> siempre me ha causado sentimientos encontrados, mientras que \u00abBatallas en el cielo me desagrad\u00f3\u00bb mucho, \u00abLuz silenciosa\u00bb me gust\u00f3 y \u00ab<a href=\"http:\/\/www.reconoce.mx\/post-tenebras-lux\/\" target=\"_blank\" rel=\"noopener\">Post Tenebras Lux<\/a>\u00bb ya ni la recuerdo, por mencionar algunas. Esta vez con \u00abNuestro tiempo\u00bb entr\u00e9 completamente en la historia y me agrad\u00f3 lo que vi en pantalla.<\/p>\n<p><a href=\"http:\/\/www.reconoce.mx\/wp-content\/uploads\/2018\/09\/nuestro-tiempo-poster.jpg\"><img loading=\"lazy\" decoding=\"async\" class=\"aligncenter size-full wp-image-76824\" src=\"http:\/\/www.reconoce.mx\/wp-content\/uploads\/2018\/09\/nuestro-tiempo-poster.jpg\" alt=\"\" width=\"757\" height=\"1120\" srcset=\"http:\/\/www.reconoce.mx\/wp-content\/uploads\/2018\/09\/nuestro-tiempo-poster.jpg 757w, http:\/\/www.reconoce.mx\/wp-content\/uploads\/2018\/09\/nuestro-tiempo-poster-203x300.jpg 203w, http:\/\/www.reconoce.mx\/wp-content\/uploads\/2018\/09\/nuestro-tiempo-poster-692x1024.jpg 692w, http:\/\/www.reconoce.mx\/wp-content\/uploads\/2018\/09\/nuestro-tiempo-poster-150x222.jpg 150w, http:\/\/www.reconoce.mx\/wp-content\/uploads\/2018\/09\/nuestro-tiempo-poster-700x1036.jpg 700w, http:\/\/www.reconoce.mx\/wp-content\/uploads\/2018\/09\/nuestro-tiempo-poster-658x974.jpg 658w, http:\/\/www.reconoce.mx\/wp-content\/uploads\/2018\/09\/nuestro-tiempo-poster-300x444.jpg 300w\" sizes=\"auto, (max-width: 757px) 100vw, 757px\" \/><\/a><\/p>\n<p>La historia tiene varias capas, pero la principal se centra en Juan (<strong>Carlos Reygadas<\/strong>) y Esther (<strong>Natalia L\u00f3pez<\/strong>), una pareja de criadores de toros de lidia cuya relaci\u00f3n matrimonial est\u00e1 abierta a tener otras parejas sexuales. Por otro lado, est\u00e1n los hijos de la pareja, Juan el mayor, quien est\u00e1 a punto de dejar la casa de sus padres para ir a la universidad; y dos peque\u00f1os quienes pese a no tener mucha participaci\u00f3n en la pel\u00edcula, sus intervenciones nos muestran un poco apego hacia sus padres. La pel\u00edcula cuenta con diversas escenas de los toros conviviendo entre ellos en el campo, hay momentos en los que incluso hay una historia detr\u00e1s de estos toros. El conflicto se da cuando Esther se enamora de Phil (<strong>Phil Burgers<\/strong>), un criador de caballos que convive constantemente con la familia. Cuando Juan se entera de la situaci\u00f3n, comienza una guerra psicol\u00f3gica entre ambos personajes que los ir\u00e1n degradando tanto personalmente como en pareja.<\/p>\n<p>Reygadas siempre se ha caracterizado por tener una forma de direcci\u00f3n que exige completa naturalidad en las actuaciones, la colocaci\u00f3n de la c\u00e1mara y hasta la propia iluminaci\u00f3n; esta vez no es la excepci\u00f3n. En cuanto a la direcci\u00f3n, el director coloca la c\u00e1mara en lugares que constantemente dan la sensaci\u00f3n al espectador de ser uno m\u00e1s en la escena, en algunos momentos la c\u00e1mara se queda en un lugar durante tanto tiempo que el ataque psicol\u00f3gico que los personajes est\u00e1n viviendo es transmitido directamente a quien est\u00e1 sentado en la butaca.<\/p>\n<p><a href=\"http:\/\/www.reconoce.mx\/wp-content\/uploads\/2018\/09\/nuestro-tiempo-2.jpg\"><img loading=\"lazy\" decoding=\"async\" class=\"aligncenter size-full wp-image-76821\" src=\"http:\/\/www.reconoce.mx\/wp-content\/uploads\/2018\/09\/nuestro-tiempo-2.jpg\" alt=\"\" width=\"590\" height=\"222\" srcset=\"http:\/\/www.reconoce.mx\/wp-content\/uploads\/2018\/09\/nuestro-tiempo-2.jpg 590w, http:\/\/www.reconoce.mx\/wp-content\/uploads\/2018\/09\/nuestro-tiempo-2-300x113.jpg 300w, http:\/\/www.reconoce.mx\/wp-content\/uploads\/2018\/09\/nuestro-tiempo-2-150x56.jpg 150w\" sizes=\"auto, (max-width: 590px) 100vw, 590px\" \/><\/a><\/p>\n<p>Los actores que participan en la cinta son en su mayor\u00eda naturales (por llamar de alguna forma a los no actores), lo que ayuda a la atm\u00f3sfera buscada por el realizador; pero quienes m\u00e1s salen a relucir en dichas actuaciones naturales son el propio <strong>Carlos Reygadas<\/strong> y <strong>Natalia L\u00f3pez<\/strong>, reconocida editora y quien tambi\u00e9n es esposa del director. Ella, con una dulce sutileza sobresale en pantalla por sobre su contraparte masculina en todo momento, con la sola mirada puede decir m\u00e1s que mil palabras y eso es algo que en el cine siempre se aprecia mucho; sin necesidad de exagerar ninguna escena le da a el personaje de Esther una fuerza brutal que domina la c\u00e1mara; caso contrario es el de el realizador, quien s\u00f3lo luce en algunas escenas a caballo, mas cuando tiene que responder a los di\u00e1logos de otros personajes lo hace de manera torpe e insegura, sin embargo este no es un factor que distraiga de la historia, por el contrario, ayuda a la sensaci\u00f3n de voyeurismo\u200b para el espectador.<\/p>\n<p>La fotograf\u00eda se destaca por los maravillosos paisajes que nos brinda la naturaleza en la hacienda de Tlaxcala en donde se desarrolla la historia; cuando las secuencias se dan en interiores vuelve a jugar un papel importante al ser una c\u00e1mara invasiva, que est\u00e1 constantemente sobre los personajes o viendo situaciones que nos dar\u00e1n pistas de lo retorcida relaci\u00f3n de la pareja entre ellos y con los dem\u00e1s a su alrededor. Definitivamente una buena mancuerna entre fot\u00f3grafo y director.<\/p>\n<p><a href=\"http:\/\/www.reconoce.mx\/wp-content\/uploads\/2018\/09\/nuestro-tiempo-3.jpg\"><img loading=\"lazy\" decoding=\"async\" class=\"aligncenter size-full wp-image-76822\" src=\"http:\/\/www.reconoce.mx\/wp-content\/uploads\/2018\/09\/nuestro-tiempo-3.jpg\" alt=\"\" width=\"590\" height=\"228\" srcset=\"http:\/\/www.reconoce.mx\/wp-content\/uploads\/2018\/09\/nuestro-tiempo-3.jpg 590w, http:\/\/www.reconoce.mx\/wp-content\/uploads\/2018\/09\/nuestro-tiempo-3-300x116.jpg 300w, http:\/\/www.reconoce.mx\/wp-content\/uploads\/2018\/09\/nuestro-tiempo-3-150x58.jpg 150w\" sizes=\"auto, (max-width: 590px) 100vw, 590px\" \/><\/a><\/p>\n<p>Un recurso interesante y recurrente durante la cinta es el uso de la voz en off, que en varias ocasiones se usa sirviendo como puente temporal o quiz\u00e1 para resumir situaciones en la ya de por s\u00ed extensa historia de casi tres horas. La m\u00e1s interesante de estas intervenciones auditivas se da durante un bello vuelo sobre Ciudad de M\u00e9xico en lo que podr\u00eda ser un nuevo amanecer o bien el pleno ocaso. Lo interesante de dicha escena, es la yuxtaposici\u00f3n de dicho vuelo con el mon\u00f3logo recitado en off por Esther en el que ella brinda un di\u00e1logo en estructura de carta dirigida a Juan en donde resume su propia visi\u00f3n de la relaci\u00f3n desde que comenz\u00f3 hasta el momento en el que se involucra con Phil; el tono de la carta es liberador y directo, pese a que su voz y palabras son solemnes todo el tiempo; lo contundente del texto es un golpe directo a Juan.<\/p>\n<p>Con \u00abNuestro tiempo\u00bb, Reygadas nos entrega una historia llena de capas que puede parecer sencilla en cuanto a trama, pero con un trasfondo que cinematogr\u00e1ficamente nos muestra a un director maduro y con un control pleno de su puesta en escena; lamentablemente quiz\u00e1 para el p\u00fablico en general no sea del todo atrayente y pueda resultar hasta cierto punto larga y tediosa. Una pel\u00edcula digna de grandes festivales como <strong>La Biennale di Venezia<\/strong> en el cual se llev\u00f3 las palmas de quienes la vieron, pero que quiz\u00e1 dure poco tiempo en taquilla gracias al desinter\u00e9s del p\u00fablico en nuestro pa\u00eds por el cine de autor.<\/p>\n<style>.embed-container { position: relative; padding-bottom: 56.25%; height: 0; overflow: hidden; max-width: 100%; } .embed-container iframe, .embed-container object, .embed-container embed { position: absolute; top: 0; left: 0; width: 100%; height: 100%; }<\/style>\n<div class=\"embed-container\"><iframe src=\"https:\/\/www.youtube.com\/embed\/S26lD8A9T4c\" frameborder=\"0\" allowfullscreen=\"allowfullscreen\"><\/iframe><\/div>\n<p>&nbsp;<\/p>\n<p>\u00abNuestro tiempo\u00bb estrena en cines hoy viernes 28 de septiembre.<\/p>\n<p style=\"text-align: right;\">Con im\u00e1genes cortes\u00eda de <strong>:ND Mantarraya<\/strong>.<\/p>\n<p>&nbsp;<\/p>\n<p>&nbsp;<\/p>\n","protected":false},"excerpt":{"rendered":"<p>La filmograf\u00eda de Carlos Reygadas siempre me ha causado sentimientos encontrados, mientras que \u00abBatallas en el cielo me desagrad\u00f3\u00bb mucho, \u00abLuz silenciosa\u00bb me gust\u00f3 y \u00abPost Tenebras Lux\u00bb ya ni la recuerdo, por mencionar algunas. Esta vez con \u00abNuestro tiempo\u00bb entr\u00e9 completamente en la historia y me agrad\u00f3 lo que vi en pantalla.<\/p>\n","protected":false},"author":2,"featured_media":76823,"comment_status":"open","ping_status":"open","sticky":false,"template":"","format":"standard","meta":{"footnotes":""},"categories":[24,1,17],"tags":[],"class_list":["post-76820","post","type-post","status-publish","format-standard","has-post-thumbnail","hentry","category-cine","category-cultura","category-principal"],"yoast_head":"<!-- This site is optimized with the Yoast SEO plugin v24.7 - https:\/\/yoast.com\/wordpress\/plugins\/seo\/ -->\n<title>&quot;Nuestro tiempo&quot;: una pel\u00edcula llena de capas &#171; Reconoce MX<\/title>\n<meta name=\"robots\" content=\"index, follow, max-snippet:-1, max-image-preview:large, max-video-preview:-1\" \/>\n<link rel=\"canonical\" href=\"http:\/\/www.reconoce.mx\/?p=76820\" \/>\n<meta property=\"og:locale\" content=\"es_ES\" \/>\n<meta property=\"og:type\" content=\"article\" \/>\n<meta property=\"og:title\" content=\"&quot;Nuestro tiempo&quot;: una pel\u00edcula llena de capas &#171; Reconoce MX\" \/>\n<meta property=\"og:description\" content=\"La filmograf\u00eda de Carlos Reygadas siempre me ha causado sentimientos encontrados, mientras que &quot;Batallas en el cielo me desagrad\u00f3&quot; mucho, &quot;Luz silenciosa&quot; me gust\u00f3 y &quot;Post Tenebras Lux&quot; ya ni la recuerdo, por mencionar algunas. Esta vez con &quot;Nuestro tiempo&quot; entr\u00e9 completamente en la historia y me agrad\u00f3 lo que vi en pantalla.\" \/>\n<meta property=\"og:url\" content=\"http:\/\/www.reconoce.mx\/?p=76820\" \/>\n<meta property=\"og:site_name\" content=\"Reconoce MX\" \/>\n<meta property=\"article:publisher\" content=\"https:\/\/es-la.facebook.com\/ReconoceMX\/\" \/>\n<meta property=\"article:published_time\" content=\"2018-09-28T05:07:10+00:00\" \/>\n<meta property=\"article:modified_time\" content=\"2018-09-29T02:56:56+00:00\" \/>\n<meta property=\"og:image\" content=\"http:\/\/www.reconoce.mx\/wp-content\/uploads\/2018\/09\/nuestro-tiempo-cover.jpg\" \/>\n\t<meta property=\"og:image:width\" content=\"590\" \/>\n\t<meta property=\"og:image:height\" content=\"380\" \/>\n\t<meta property=\"og:image:type\" content=\"image\/jpeg\" \/>\n<meta name=\"author\" content=\"Reconoce MX\" \/>\n<meta name=\"twitter:card\" content=\"summary_large_image\" \/>\n<meta name=\"twitter:creator\" content=\"@reconocemx\" \/>\n<meta name=\"twitter:site\" content=\"@reconocemx\" \/>\n<meta name=\"twitter:label1\" content=\"Escrito por\" \/>\n\t<meta name=\"twitter:data1\" content=\"Reconoce MX\" \/>\n\t<meta name=\"twitter:label2\" content=\"Tiempo de lectura\" \/>\n\t<meta name=\"twitter:data2\" content=\"4 minutos\" \/>\n<script type=\"application\/ld+json\" class=\"yoast-schema-graph\">{\"@context\":\"https:\/\/schema.org\",\"@graph\":[{\"@type\":\"Article\",\"@id\":\"http:\/\/www.reconoce.mx\/?p=76820#article\",\"isPartOf\":{\"@id\":\"http:\/\/www.reconoce.mx\/?p=76820\"},\"author\":{\"name\":\"Reconoce MX\",\"@id\":\"http:\/\/www.reconoce.mx\/#\/schema\/person\/2117e997d7051dc15d6880eaf9bca0b2\"},\"headline\":\"\u00abNuestro tiempo\u00bb: una pel\u00edcula llena de capas\",\"datePublished\":\"2018-09-28T05:07:10+00:00\",\"dateModified\":\"2018-09-29T02:56:56+00:00\",\"mainEntityOfPage\":{\"@id\":\"http:\/\/www.reconoce.mx\/?p=76820\"},\"wordCount\":906,\"commentCount\":0,\"publisher\":{\"@id\":\"http:\/\/www.reconoce.mx\/#organization\"},\"image\":{\"@id\":\"http:\/\/www.reconoce.mx\/?p=76820#primaryimage\"},\"thumbnailUrl\":\"http:\/\/www.reconoce.mx\/wp-content\/uploads\/2018\/09\/nuestro-tiempo-cover.jpg\",\"articleSection\":[\"Cine\",\"Cultura\",\"Principal\"],\"inLanguage\":\"es\",\"potentialAction\":[{\"@type\":\"CommentAction\",\"name\":\"Comment\",\"target\":[\"http:\/\/www.reconoce.mx\/?p=76820#respond\"]}]},{\"@type\":\"WebPage\",\"@id\":\"http:\/\/www.reconoce.mx\/?p=76820\",\"url\":\"http:\/\/www.reconoce.mx\/?p=76820\",\"name\":\"\\\"Nuestro tiempo\\\": una pel\u00edcula llena de capas &#171; Reconoce MX\",\"isPartOf\":{\"@id\":\"http:\/\/www.reconoce.mx\/#website\"},\"primaryImageOfPage\":{\"@id\":\"http:\/\/www.reconoce.mx\/?p=76820#primaryimage\"},\"image\":{\"@id\":\"http:\/\/www.reconoce.mx\/?p=76820#primaryimage\"},\"thumbnailUrl\":\"http:\/\/www.reconoce.mx\/wp-content\/uploads\/2018\/09\/nuestro-tiempo-cover.jpg\",\"datePublished\":\"2018-09-28T05:07:10+00:00\",\"dateModified\":\"2018-09-29T02:56:56+00:00\",\"breadcrumb\":{\"@id\":\"http:\/\/www.reconoce.mx\/?p=76820#breadcrumb\"},\"inLanguage\":\"es\",\"potentialAction\":[{\"@type\":\"ReadAction\",\"target\":[\"http:\/\/www.reconoce.mx\/?p=76820\"]}]},{\"@type\":\"ImageObject\",\"inLanguage\":\"es\",\"@id\":\"http:\/\/www.reconoce.mx\/?p=76820#primaryimage\",\"url\":\"http:\/\/www.reconoce.mx\/wp-content\/uploads\/2018\/09\/nuestro-tiempo-cover.jpg\",\"contentUrl\":\"http:\/\/www.reconoce.mx\/wp-content\/uploads\/2018\/09\/nuestro-tiempo-cover.jpg\",\"width\":590,\"height\":380},{\"@type\":\"BreadcrumbList\",\"@id\":\"http:\/\/www.reconoce.mx\/?p=76820#breadcrumb\",\"itemListElement\":[{\"@type\":\"ListItem\",\"position\":1,\"name\":\"Portada\",\"item\":\"http:\/\/www.reconoce.mx\/\"},{\"@type\":\"ListItem\",\"position\":2,\"name\":\"\u00abNuestro tiempo\u00bb: una pel\u00edcula llena de capas\"}]},{\"@type\":\"WebSite\",\"@id\":\"http:\/\/www.reconoce.mx\/#website\",\"url\":\"http:\/\/www.reconoce.mx\/\",\"name\":\"Reconoce MX\",\"description\":\"En Reconoce MX difundimos arte, cultura y conciencia social en M\u00e9xico. Tu ciudad en otra perspectiva.\",\"publisher\":{\"@id\":\"http:\/\/www.reconoce.mx\/#organization\"},\"potentialAction\":[{\"@type\":\"SearchAction\",\"target\":{\"@type\":\"EntryPoint\",\"urlTemplate\":\"http:\/\/www.reconoce.mx\/?s={search_term_string}\"},\"query-input\":{\"@type\":\"PropertyValueSpecification\",\"valueRequired\":true,\"valueName\":\"search_term_string\"}}],\"inLanguage\":\"es\"},{\"@type\":\"Organization\",\"@id\":\"http:\/\/www.reconoce.mx\/#organization\",\"name\":\"Reconoce MX\",\"url\":\"http:\/\/www.reconoce.mx\/\",\"logo\":{\"@type\":\"ImageObject\",\"inLanguage\":\"es\",\"@id\":\"http:\/\/www.reconoce.mx\/#\/schema\/logo\/image\/\",\"url\":\"https:\/\/www.reconoce.mx\/wp-content\/uploads\/2019\/03\/logorcmx-good-1.png\",\"contentUrl\":\"https:\/\/www.reconoce.mx\/wp-content\/uploads\/2019\/03\/logorcmx-good-1.png\",\"width\":280,\"height\":90,\"caption\":\"Reconoce MX\"},\"image\":{\"@id\":\"http:\/\/www.reconoce.mx\/#\/schema\/logo\/image\/\"},\"sameAs\":[\"https:\/\/es-la.facebook.com\/ReconoceMX\/\",\"https:\/\/x.com\/reconocemx\",\"http:\/\/@reconocemx\"]},{\"@type\":\"Person\",\"@id\":\"http:\/\/www.reconoce.mx\/#\/schema\/person\/2117e997d7051dc15d6880eaf9bca0b2\",\"name\":\"Reconoce MX\",\"image\":{\"@type\":\"ImageObject\",\"inLanguage\":\"es\",\"@id\":\"http:\/\/www.reconoce.mx\/#\/schema\/person\/image\/\",\"url\":\"https:\/\/secure.gravatar.com\/avatar\/6c8d4dc7569ca1c90c5fdcc349f839d5ddef6fe1e70b4337ead2ef1a4c43fc3a?s=96&d=identicon&r=g\",\"contentUrl\":\"https:\/\/secure.gravatar.com\/avatar\/6c8d4dc7569ca1c90c5fdcc349f839d5ddef6fe1e70b4337ead2ef1a4c43fc3a?s=96&d=identicon&r=g\",\"caption\":\"Reconoce MX\"},\"description\":\"Reconoce MX es un proyecto de difusi\u00f3n art\u00edstica, cultural y de conciencia social que est\u00e1 enfocado a difundir y fomentar el entretenimiento alternativo de calidad para todo el p\u00fablico que comparta el mismo entusiasmo.\",\"sameAs\":[\"http:\/\/www.reconoce.mx\"],\"url\":\"http:\/\/www.reconoce.mx\/?author=2\"}]}<\/script>\n<!-- \/ Yoast SEO plugin. -->","yoast_head_json":{"title":"\"Nuestro tiempo\": una pel\u00edcula llena de capas &#171; Reconoce MX","robots":{"index":"index","follow":"follow","max-snippet":"max-snippet:-1","max-image-preview":"max-image-preview:large","max-video-preview":"max-video-preview:-1"},"canonical":"http:\/\/www.reconoce.mx\/?p=76820","og_locale":"es_ES","og_type":"article","og_title":"\"Nuestro tiempo\": una pel\u00edcula llena de capas &#171; Reconoce MX","og_description":"La filmograf\u00eda de Carlos Reygadas siempre me ha causado sentimientos encontrados, mientras que \"Batallas en el cielo me desagrad\u00f3\" mucho, \"Luz silenciosa\" me gust\u00f3 y \"Post Tenebras Lux\" ya ni la recuerdo, por mencionar algunas. Esta vez con \"Nuestro tiempo\" entr\u00e9 completamente en la historia y me agrad\u00f3 lo que vi en pantalla.","og_url":"http:\/\/www.reconoce.mx\/?p=76820","og_site_name":"Reconoce MX","article_publisher":"https:\/\/es-la.facebook.com\/ReconoceMX\/","article_published_time":"2018-09-28T05:07:10+00:00","article_modified_time":"2018-09-29T02:56:56+00:00","og_image":[{"width":590,"height":380,"url":"http:\/\/www.reconoce.mx\/wp-content\/uploads\/2018\/09\/nuestro-tiempo-cover.jpg","type":"image\/jpeg"}],"author":"Reconoce MX","twitter_card":"summary_large_image","twitter_creator":"@reconocemx","twitter_site":"@reconocemx","twitter_misc":{"Escrito por":"Reconoce MX","Tiempo de lectura":"4 minutos"},"schema":{"@context":"https:\/\/schema.org","@graph":[{"@type":"Article","@id":"http:\/\/www.reconoce.mx\/?p=76820#article","isPartOf":{"@id":"http:\/\/www.reconoce.mx\/?p=76820"},"author":{"name":"Reconoce MX","@id":"http:\/\/www.reconoce.mx\/#\/schema\/person\/2117e997d7051dc15d6880eaf9bca0b2"},"headline":"\u00abNuestro tiempo\u00bb: una pel\u00edcula llena de capas","datePublished":"2018-09-28T05:07:10+00:00","dateModified":"2018-09-29T02:56:56+00:00","mainEntityOfPage":{"@id":"http:\/\/www.reconoce.mx\/?p=76820"},"wordCount":906,"commentCount":0,"publisher":{"@id":"http:\/\/www.reconoce.mx\/#organization"},"image":{"@id":"http:\/\/www.reconoce.mx\/?p=76820#primaryimage"},"thumbnailUrl":"http:\/\/www.reconoce.mx\/wp-content\/uploads\/2018\/09\/nuestro-tiempo-cover.jpg","articleSection":["Cine","Cultura","Principal"],"inLanguage":"es","potentialAction":[{"@type":"CommentAction","name":"Comment","target":["http:\/\/www.reconoce.mx\/?p=76820#respond"]}]},{"@type":"WebPage","@id":"http:\/\/www.reconoce.mx\/?p=76820","url":"http:\/\/www.reconoce.mx\/?p=76820","name":"\"Nuestro tiempo\": una pel\u00edcula llena de capas &#171; Reconoce MX","isPartOf":{"@id":"http:\/\/www.reconoce.mx\/#website"},"primaryImageOfPage":{"@id":"http:\/\/www.reconoce.mx\/?p=76820#primaryimage"},"image":{"@id":"http:\/\/www.reconoce.mx\/?p=76820#primaryimage"},"thumbnailUrl":"http:\/\/www.reconoce.mx\/wp-content\/uploads\/2018\/09\/nuestro-tiempo-cover.jpg","datePublished":"2018-09-28T05:07:10+00:00","dateModified":"2018-09-29T02:56:56+00:00","breadcrumb":{"@id":"http:\/\/www.reconoce.mx\/?p=76820#breadcrumb"},"inLanguage":"es","potentialAction":[{"@type":"ReadAction","target":["http:\/\/www.reconoce.mx\/?p=76820"]}]},{"@type":"ImageObject","inLanguage":"es","@id":"http:\/\/www.reconoce.mx\/?p=76820#primaryimage","url":"http:\/\/www.reconoce.mx\/wp-content\/uploads\/2018\/09\/nuestro-tiempo-cover.jpg","contentUrl":"http:\/\/www.reconoce.mx\/wp-content\/uploads\/2018\/09\/nuestro-tiempo-cover.jpg","width":590,"height":380},{"@type":"BreadcrumbList","@id":"http:\/\/www.reconoce.mx\/?p=76820#breadcrumb","itemListElement":[{"@type":"ListItem","position":1,"name":"Portada","item":"http:\/\/www.reconoce.mx\/"},{"@type":"ListItem","position":2,"name":"\u00abNuestro tiempo\u00bb: una pel\u00edcula llena de capas"}]},{"@type":"WebSite","@id":"http:\/\/www.reconoce.mx\/#website","url":"http:\/\/www.reconoce.mx\/","name":"Reconoce MX","description":"En Reconoce MX difundimos arte, cultura y conciencia social en M\u00e9xico. Tu ciudad en otra perspectiva.","publisher":{"@id":"http:\/\/www.reconoce.mx\/#organization"},"potentialAction":[{"@type":"SearchAction","target":{"@type":"EntryPoint","urlTemplate":"http:\/\/www.reconoce.mx\/?s={search_term_string}"},"query-input":{"@type":"PropertyValueSpecification","valueRequired":true,"valueName":"search_term_string"}}],"inLanguage":"es"},{"@type":"Organization","@id":"http:\/\/www.reconoce.mx\/#organization","name":"Reconoce MX","url":"http:\/\/www.reconoce.mx\/","logo":{"@type":"ImageObject","inLanguage":"es","@id":"http:\/\/www.reconoce.mx\/#\/schema\/logo\/image\/","url":"https:\/\/www.reconoce.mx\/wp-content\/uploads\/2019\/03\/logorcmx-good-1.png","contentUrl":"https:\/\/www.reconoce.mx\/wp-content\/uploads\/2019\/03\/logorcmx-good-1.png","width":280,"height":90,"caption":"Reconoce MX"},"image":{"@id":"http:\/\/www.reconoce.mx\/#\/schema\/logo\/image\/"},"sameAs":["https:\/\/es-la.facebook.com\/ReconoceMX\/","https:\/\/x.com\/reconocemx","http:\/\/@reconocemx"]},{"@type":"Person","@id":"http:\/\/www.reconoce.mx\/#\/schema\/person\/2117e997d7051dc15d6880eaf9bca0b2","name":"Reconoce MX","image":{"@type":"ImageObject","inLanguage":"es","@id":"http:\/\/www.reconoce.mx\/#\/schema\/person\/image\/","url":"https:\/\/secure.gravatar.com\/avatar\/6c8d4dc7569ca1c90c5fdcc349f839d5ddef6fe1e70b4337ead2ef1a4c43fc3a?s=96&d=identicon&r=g","contentUrl":"https:\/\/secure.gravatar.com\/avatar\/6c8d4dc7569ca1c90c5fdcc349f839d5ddef6fe1e70b4337ead2ef1a4c43fc3a?s=96&d=identicon&r=g","caption":"Reconoce MX"},"description":"Reconoce MX es un proyecto de difusi\u00f3n art\u00edstica, cultural y de conciencia social que est\u00e1 enfocado a difundir y fomentar el entretenimiento alternativo de calidad para todo el p\u00fablico que comparta el mismo entusiasmo.","sameAs":["http:\/\/www.reconoce.mx"],"url":"http:\/\/www.reconoce.mx\/?author=2"}]}},"_links":{"self":[{"href":"http:\/\/www.reconoce.mx\/index.php?rest_route=\/wp\/v2\/posts\/76820","targetHints":{"allow":["GET"]}}],"collection":[{"href":"http:\/\/www.reconoce.mx\/index.php?rest_route=\/wp\/v2\/posts"}],"about":[{"href":"http:\/\/www.reconoce.mx\/index.php?rest_route=\/wp\/v2\/types\/post"}],"author":[{"embeddable":true,"href":"http:\/\/www.reconoce.mx\/index.php?rest_route=\/wp\/v2\/users\/2"}],"replies":[{"embeddable":true,"href":"http:\/\/www.reconoce.mx\/index.php?rest_route=%2Fwp%2Fv2%2Fcomments&post=76820"}],"version-history":[{"count":2,"href":"http:\/\/www.reconoce.mx\/index.php?rest_route=\/wp\/v2\/posts\/76820\/revisions"}],"predecessor-version":[{"id":76828,"href":"http:\/\/www.reconoce.mx\/index.php?rest_route=\/wp\/v2\/posts\/76820\/revisions\/76828"}],"wp:featuredmedia":[{"embeddable":true,"href":"http:\/\/www.reconoce.mx\/index.php?rest_route=\/wp\/v2\/media\/76823"}],"wp:attachment":[{"href":"http:\/\/www.reconoce.mx\/index.php?rest_route=%2Fwp%2Fv2%2Fmedia&parent=76820"}],"wp:term":[{"taxonomy":"category","embeddable":true,"href":"http:\/\/www.reconoce.mx\/index.php?rest_route=%2Fwp%2Fv2%2Fcategories&post=76820"},{"taxonomy":"post_tag","embeddable":true,"href":"http:\/\/www.reconoce.mx\/index.php?rest_route=%2Fwp%2Fv2%2Ftags&post=76820"}],"curies":[{"name":"wp","href":"https:\/\/api.w.org\/{rel}","templated":true}]}}