{"id":76850,"date":"2018-10-01T00:01:46","date_gmt":"2018-10-01T05:01:46","guid":{"rendered":"http:\/\/www.reconoce.mx\/?p=76850"},"modified":"2018-10-01T00:26:08","modified_gmt":"2018-10-01T05:26:08","slug":"nick-cave-the-bad-seeds-tocaran-en-el-pepsi-center-wtc","status":"publish","type":"post","link":"http:\/\/www.reconoce.mx\/?p=76850","title":{"rendered":"Nick Cave &#038; The Bad Seeds tocar\u00e1n en el Pepsi Center WTC"},"content":{"rendered":"<p><strong>Por<span class=\"st\">\u00a0<\/span><a href=\"https:\/\/twitter.com\/alice_freckles\" target=\"_blank\" rel=\"noopener noreferrer\">Alicia \u00c1vila Monroy<\/a>.<\/strong><\/p>\n<p>Ma\u00f1ana martes 2 de octubre estamos listos para disfrutar de <strong>Nick Cave &amp; The Bad Seeds<\/strong>, banda de post punk que est\u00e1 de gira por Am\u00e9rica del Norte y Latinoam\u00e9rica. La sede ser\u00e1 el <strong>Pepsi Center WTC<\/strong>, Ciudad de M\u00e9xico.<\/p>\n<p><a href=\"http:\/\/www.reconoce.mx\/wp-content\/uploads\/2018\/10\/nickcave-pepsicenter.jpg\"><img loading=\"lazy\" decoding=\"async\" class=\"aligncenter size-full wp-image-76852\" src=\"http:\/\/www.reconoce.mx\/wp-content\/uploads\/2018\/10\/nickcave-pepsicenter.jpg\" alt=\"\" width=\"1365\" height=\"2048\" srcset=\"http:\/\/www.reconoce.mx\/wp-content\/uploads\/2018\/10\/nickcave-pepsicenter.jpg 1365w, http:\/\/www.reconoce.mx\/wp-content\/uploads\/2018\/10\/nickcave-pepsicenter-200x300.jpg 200w, http:\/\/www.reconoce.mx\/wp-content\/uploads\/2018\/10\/nickcave-pepsicenter-768x1152.jpg 768w, http:\/\/www.reconoce.mx\/wp-content\/uploads\/2018\/10\/nickcave-pepsicenter-683x1024.jpg 683w, http:\/\/www.reconoce.mx\/wp-content\/uploads\/2018\/10\/nickcave-pepsicenter-150x225.jpg 150w, http:\/\/www.reconoce.mx\/wp-content\/uploads\/2018\/10\/nickcave-pepsicenter-700x1050.jpg 700w, http:\/\/www.reconoce.mx\/wp-content\/uploads\/2018\/10\/nickcave-pepsicenter-658x987.jpg 658w, http:\/\/www.reconoce.mx\/wp-content\/uploads\/2018\/10\/nickcave-pepsicenter-300x450.jpg 300w\" sizes=\"auto, (max-width: 1365px) 100vw, 1365px\" \/><\/a><\/p>\n<p>El tambi\u00e9n escritor y actor compartir\u00e1 con asistentes que se dar\u00e1n cita en el recinto de \u00abSkeleton Tree\u00bb, material editado en 2016.<\/p>\n<p>Despu\u00e9s de la tragedia en la que se vio envuelto cuando se encontraba en medio de la grabaci\u00f3n de este \u00e1lbum en la que su hijo de 15 a\u00f1os, Arthur, falleciera al caer de un acantilado de Brighton, Inglaterra, todo cambi\u00f3 para el m\u00fasico australiano; no se permiti\u00f3 caer y sigui\u00f3 en la escena. Es as\u00ed como <strong>Nick Cave<\/strong> junto a The Bad Seeds han estado ofreciendo un incre\u00edble show dedicado y contemplado para fan\u00e1ticos en cada una de sus \u00faltimas presentaciones, dando como resultado un espect\u00e1culo estremecedor y cat\u00e1rtico pero a su vez, feliz.<\/p>\n<p>\u00bfYa tienes tus boletos para esta incre\u00edble presentaci\u00f3n? \u00a1No dejes de compartirnos tu experiencia!<\/p>\n<p>&nbsp;<\/p>\n<p>&nbsp;<\/p>\n","protected":false},"excerpt":{"rendered":"<p>Ma\u00f1ana martes 2 de octubre estamos listos para disfrutar de Nick Cave &#038; The Bad Seeds, banda de post punk que est\u00e1 de gira por Am\u00e9rica del Norte y Latinoam\u00e9rica. La sede ser\u00e1 el Pepsi Center WTC, Ciudad de M\u00e9xico.<\/p>\n","protected":false},"author":2,"featured_media":76851,"comment_status":"open","ping_status":"open","sticky":false,"template":"","format":"standard","meta":{"footnotes":""},"categories":[1,18,17],"tags":[],"class_list":["post-76850","post","type-post","status-publish","format-standard","has-post-thumbnail","hentry","category-cultura","category-musica","category-principal"],"yoast_head":"<!-- This site is optimized with the Yoast SEO plugin v24.7 - https:\/\/yoast.com\/wordpress\/plugins\/seo\/ -->\n<title>Nick Cave &amp; The Bad Seeds tocar\u00e1n en el Pepsi Center WTC &#171; Reconoce MX<\/title>\n<meta name=\"robots\" content=\"index, follow, max-snippet:-1, max-image-preview:large, max-video-preview:-1\" \/>\n<link rel=\"canonical\" href=\"http:\/\/www.reconoce.mx\/?p=76850\" \/>\n<meta property=\"og:locale\" content=\"es_ES\" \/>\n<meta property=\"og:type\" content=\"article\" \/>\n<meta property=\"og:title\" content=\"Nick Cave &amp; The Bad Seeds tocar\u00e1n en el Pepsi Center WTC &#171; Reconoce MX\" \/>\n<meta property=\"og:description\" content=\"Ma\u00f1ana martes 2 de octubre estamos listos para disfrutar de Nick Cave &amp; The Bad Seeds, banda de post punk que est\u00e1 de gira por Am\u00e9rica del Norte y Latinoam\u00e9rica. La sede ser\u00e1 el Pepsi Center WTC, Ciudad de M\u00e9xico.\" \/>\n<meta property=\"og:url\" content=\"http:\/\/www.reconoce.mx\/?p=76850\" \/>\n<meta property=\"og:site_name\" content=\"Reconoce MX\" \/>\n<meta property=\"article:publisher\" content=\"https:\/\/es-la.facebook.com\/ReconoceMX\/\" \/>\n<meta property=\"article:published_time\" content=\"2018-10-01T05:01:46+00:00\" \/>\n<meta property=\"article:modified_time\" content=\"2018-10-01T05:26:08+00:00\" \/>\n<meta property=\"og:image\" content=\"http:\/\/www.reconoce.mx\/wp-content\/uploads\/2018\/10\/nick-cave-cover.jpg\" \/>\n\t<meta property=\"og:image:width\" content=\"590\" \/>\n\t<meta property=\"og:image:height\" content=\"380\" \/>\n\t<meta property=\"og:image:type\" content=\"image\/jpeg\" \/>\n<meta name=\"author\" content=\"Reconoce MX\" \/>\n<meta name=\"twitter:card\" content=\"summary_large_image\" \/>\n<meta name=\"twitter:creator\" content=\"@reconocemx\" \/>\n<meta name=\"twitter:site\" content=\"@reconocemx\" \/>\n<meta name=\"twitter:label1\" content=\"Escrito por\" \/>\n\t<meta name=\"twitter:data1\" content=\"Reconoce MX\" \/>\n\t<meta name=\"twitter:label2\" content=\"Tiempo de lectura\" \/>\n\t<meta name=\"twitter:data2\" content=\"1 minuto\" \/>\n<script type=\"application\/ld+json\" class=\"yoast-schema-graph\">{\"@context\":\"https:\/\/schema.org\",\"@graph\":[{\"@type\":\"Article\",\"@id\":\"http:\/\/www.reconoce.mx\/?p=76850#article\",\"isPartOf\":{\"@id\":\"http:\/\/www.reconoce.mx\/?p=76850\"},\"author\":{\"name\":\"Reconoce MX\",\"@id\":\"http:\/\/www.reconoce.mx\/#\/schema\/person\/2117e997d7051dc15d6880eaf9bca0b2\"},\"headline\":\"Nick Cave &#038; The Bad Seeds tocar\u00e1n en el Pepsi Center WTC\",\"datePublished\":\"2018-10-01T05:01:46+00:00\",\"dateModified\":\"2018-10-01T05:26:08+00:00\",\"mainEntityOfPage\":{\"@id\":\"http:\/\/www.reconoce.mx\/?p=76850\"},\"wordCount\":202,\"commentCount\":0,\"publisher\":{\"@id\":\"http:\/\/www.reconoce.mx\/#organization\"},\"image\":{\"@id\":\"http:\/\/www.reconoce.mx\/?p=76850#primaryimage\"},\"thumbnailUrl\":\"http:\/\/www.reconoce.mx\/wp-content\/uploads\/2018\/10\/nick-cave-cover.jpg\",\"articleSection\":[\"Cultura\",\"M\u00fasica\",\"Principal\"],\"inLanguage\":\"es\",\"potentialAction\":[{\"@type\":\"CommentAction\",\"name\":\"Comment\",\"target\":[\"http:\/\/www.reconoce.mx\/?p=76850#respond\"]}]},{\"@type\":\"WebPage\",\"@id\":\"http:\/\/www.reconoce.mx\/?p=76850\",\"url\":\"http:\/\/www.reconoce.mx\/?p=76850\",\"name\":\"Nick Cave & The Bad Seeds tocar\u00e1n en el Pepsi Center WTC &#171; Reconoce MX\",\"isPartOf\":{\"@id\":\"http:\/\/www.reconoce.mx\/#website\"},\"primaryImageOfPage\":{\"@id\":\"http:\/\/www.reconoce.mx\/?p=76850#primaryimage\"},\"image\":{\"@id\":\"http:\/\/www.reconoce.mx\/?p=76850#primaryimage\"},\"thumbnailUrl\":\"http:\/\/www.reconoce.mx\/wp-content\/uploads\/2018\/10\/nick-cave-cover.jpg\",\"datePublished\":\"2018-10-01T05:01:46+00:00\",\"dateModified\":\"2018-10-01T05:26:08+00:00\",\"breadcrumb\":{\"@id\":\"http:\/\/www.reconoce.mx\/?p=76850#breadcrumb\"},\"inLanguage\":\"es\",\"potentialAction\":[{\"@type\":\"ReadAction\",\"target\":[\"http:\/\/www.reconoce.mx\/?p=76850\"]}]},{\"@type\":\"ImageObject\",\"inLanguage\":\"es\",\"@id\":\"http:\/\/www.reconoce.mx\/?p=76850#primaryimage\",\"url\":\"http:\/\/www.reconoce.mx\/wp-content\/uploads\/2018\/10\/nick-cave-cover.jpg\",\"contentUrl\":\"http:\/\/www.reconoce.mx\/wp-content\/uploads\/2018\/10\/nick-cave-cover.jpg\",\"width\":590,\"height\":380},{\"@type\":\"BreadcrumbList\",\"@id\":\"http:\/\/www.reconoce.mx\/?p=76850#breadcrumb\",\"itemListElement\":[{\"@type\":\"ListItem\",\"position\":1,\"name\":\"Portada\",\"item\":\"http:\/\/www.reconoce.mx\/\"},{\"@type\":\"ListItem\",\"position\":2,\"name\":\"Nick Cave &#038; The Bad Seeds tocar\u00e1n en el Pepsi Center WTC\"}]},{\"@type\":\"WebSite\",\"@id\":\"http:\/\/www.reconoce.mx\/#website\",\"url\":\"http:\/\/www.reconoce.mx\/\",\"name\":\"Reconoce MX\",\"description\":\"En Reconoce MX difundimos arte, cultura y conciencia social en M\u00e9xico. Tu ciudad en otra perspectiva.\",\"publisher\":{\"@id\":\"http:\/\/www.reconoce.mx\/#organization\"},\"potentialAction\":[{\"@type\":\"SearchAction\",\"target\":{\"@type\":\"EntryPoint\",\"urlTemplate\":\"http:\/\/www.reconoce.mx\/?s={search_term_string}\"},\"query-input\":{\"@type\":\"PropertyValueSpecification\",\"valueRequired\":true,\"valueName\":\"search_term_string\"}}],\"inLanguage\":\"es\"},{\"@type\":\"Organization\",\"@id\":\"http:\/\/www.reconoce.mx\/#organization\",\"name\":\"Reconoce MX\",\"url\":\"http:\/\/www.reconoce.mx\/\",\"logo\":{\"@type\":\"ImageObject\",\"inLanguage\":\"es\",\"@id\":\"http:\/\/www.reconoce.mx\/#\/schema\/logo\/image\/\",\"url\":\"https:\/\/www.reconoce.mx\/wp-content\/uploads\/2019\/03\/logorcmx-good-1.png\",\"contentUrl\":\"https:\/\/www.reconoce.mx\/wp-content\/uploads\/2019\/03\/logorcmx-good-1.png\",\"width\":280,\"height\":90,\"caption\":\"Reconoce MX\"},\"image\":{\"@id\":\"http:\/\/www.reconoce.mx\/#\/schema\/logo\/image\/\"},\"sameAs\":[\"https:\/\/es-la.facebook.com\/ReconoceMX\/\",\"https:\/\/x.com\/reconocemx\",\"http:\/\/@reconocemx\"]},{\"@type\":\"Person\",\"@id\":\"http:\/\/www.reconoce.mx\/#\/schema\/person\/2117e997d7051dc15d6880eaf9bca0b2\",\"name\":\"Reconoce MX\",\"image\":{\"@type\":\"ImageObject\",\"inLanguage\":\"es\",\"@id\":\"http:\/\/www.reconoce.mx\/#\/schema\/person\/image\/\",\"url\":\"https:\/\/secure.gravatar.com\/avatar\/6c8d4dc7569ca1c90c5fdcc349f839d5ddef6fe1e70b4337ead2ef1a4c43fc3a?s=96&d=identicon&r=g\",\"contentUrl\":\"https:\/\/secure.gravatar.com\/avatar\/6c8d4dc7569ca1c90c5fdcc349f839d5ddef6fe1e70b4337ead2ef1a4c43fc3a?s=96&d=identicon&r=g\",\"caption\":\"Reconoce MX\"},\"description\":\"Reconoce MX es un proyecto de difusi\u00f3n art\u00edstica, cultural y de conciencia social que est\u00e1 enfocado a difundir y fomentar el entretenimiento alternativo de calidad para todo el p\u00fablico que comparta el mismo entusiasmo.\",\"sameAs\":[\"http:\/\/www.reconoce.mx\"],\"url\":\"http:\/\/www.reconoce.mx\/?author=2\"}]}<\/script>\n<!-- \/ Yoast SEO plugin. -->","yoast_head_json":{"title":"Nick Cave & The Bad Seeds tocar\u00e1n en el Pepsi Center WTC &#171; Reconoce MX","robots":{"index":"index","follow":"follow","max-snippet":"max-snippet:-1","max-image-preview":"max-image-preview:large","max-video-preview":"max-video-preview:-1"},"canonical":"http:\/\/www.reconoce.mx\/?p=76850","og_locale":"es_ES","og_type":"article","og_title":"Nick Cave & The Bad Seeds tocar\u00e1n en el Pepsi Center WTC &#171; Reconoce MX","og_description":"Ma\u00f1ana martes 2 de octubre estamos listos para disfrutar de Nick Cave & The Bad Seeds, banda de post punk que est\u00e1 de gira por Am\u00e9rica del Norte y Latinoam\u00e9rica. La sede ser\u00e1 el Pepsi Center WTC, Ciudad de M\u00e9xico.","og_url":"http:\/\/www.reconoce.mx\/?p=76850","og_site_name":"Reconoce MX","article_publisher":"https:\/\/es-la.facebook.com\/ReconoceMX\/","article_published_time":"2018-10-01T05:01:46+00:00","article_modified_time":"2018-10-01T05:26:08+00:00","og_image":[{"width":590,"height":380,"url":"http:\/\/www.reconoce.mx\/wp-content\/uploads\/2018\/10\/nick-cave-cover.jpg","type":"image\/jpeg"}],"author":"Reconoce MX","twitter_card":"summary_large_image","twitter_creator":"@reconocemx","twitter_site":"@reconocemx","twitter_misc":{"Escrito por":"Reconoce MX","Tiempo de lectura":"1 minuto"},"schema":{"@context":"https:\/\/schema.org","@graph":[{"@type":"Article","@id":"http:\/\/www.reconoce.mx\/?p=76850#article","isPartOf":{"@id":"http:\/\/www.reconoce.mx\/?p=76850"},"author":{"name":"Reconoce MX","@id":"http:\/\/www.reconoce.mx\/#\/schema\/person\/2117e997d7051dc15d6880eaf9bca0b2"},"headline":"Nick Cave &#038; The Bad Seeds tocar\u00e1n en el Pepsi Center WTC","datePublished":"2018-10-01T05:01:46+00:00","dateModified":"2018-10-01T05:26:08+00:00","mainEntityOfPage":{"@id":"http:\/\/www.reconoce.mx\/?p=76850"},"wordCount":202,"commentCount":0,"publisher":{"@id":"http:\/\/www.reconoce.mx\/#organization"},"image":{"@id":"http:\/\/www.reconoce.mx\/?p=76850#primaryimage"},"thumbnailUrl":"http:\/\/www.reconoce.mx\/wp-content\/uploads\/2018\/10\/nick-cave-cover.jpg","articleSection":["Cultura","M\u00fasica","Principal"],"inLanguage":"es","potentialAction":[{"@type":"CommentAction","name":"Comment","target":["http:\/\/www.reconoce.mx\/?p=76850#respond"]}]},{"@type":"WebPage","@id":"http:\/\/www.reconoce.mx\/?p=76850","url":"http:\/\/www.reconoce.mx\/?p=76850","name":"Nick Cave & The Bad Seeds tocar\u00e1n en el Pepsi Center WTC &#171; Reconoce MX","isPartOf":{"@id":"http:\/\/www.reconoce.mx\/#website"},"primaryImageOfPage":{"@id":"http:\/\/www.reconoce.mx\/?p=76850#primaryimage"},"image":{"@id":"http:\/\/www.reconoce.mx\/?p=76850#primaryimage"},"thumbnailUrl":"http:\/\/www.reconoce.mx\/wp-content\/uploads\/2018\/10\/nick-cave-cover.jpg","datePublished":"2018-10-01T05:01:46+00:00","dateModified":"2018-10-01T05:26:08+00:00","breadcrumb":{"@id":"http:\/\/www.reconoce.mx\/?p=76850#breadcrumb"},"inLanguage":"es","potentialAction":[{"@type":"ReadAction","target":["http:\/\/www.reconoce.mx\/?p=76850"]}]},{"@type":"ImageObject","inLanguage":"es","@id":"http:\/\/www.reconoce.mx\/?p=76850#primaryimage","url":"http:\/\/www.reconoce.mx\/wp-content\/uploads\/2018\/10\/nick-cave-cover.jpg","contentUrl":"http:\/\/www.reconoce.mx\/wp-content\/uploads\/2018\/10\/nick-cave-cover.jpg","width":590,"height":380},{"@type":"BreadcrumbList","@id":"http:\/\/www.reconoce.mx\/?p=76850#breadcrumb","itemListElement":[{"@type":"ListItem","position":1,"name":"Portada","item":"http:\/\/www.reconoce.mx\/"},{"@type":"ListItem","position":2,"name":"Nick Cave &#038; The Bad Seeds tocar\u00e1n en el Pepsi Center WTC"}]},{"@type":"WebSite","@id":"http:\/\/www.reconoce.mx\/#website","url":"http:\/\/www.reconoce.mx\/","name":"Reconoce MX","description":"En Reconoce MX difundimos arte, cultura y conciencia social en M\u00e9xico. Tu ciudad en otra perspectiva.","publisher":{"@id":"http:\/\/www.reconoce.mx\/#organization"},"potentialAction":[{"@type":"SearchAction","target":{"@type":"EntryPoint","urlTemplate":"http:\/\/www.reconoce.mx\/?s={search_term_string}"},"query-input":{"@type":"PropertyValueSpecification","valueRequired":true,"valueName":"search_term_string"}}],"inLanguage":"es"},{"@type":"Organization","@id":"http:\/\/www.reconoce.mx\/#organization","name":"Reconoce MX","url":"http:\/\/www.reconoce.mx\/","logo":{"@type":"ImageObject","inLanguage":"es","@id":"http:\/\/www.reconoce.mx\/#\/schema\/logo\/image\/","url":"https:\/\/www.reconoce.mx\/wp-content\/uploads\/2019\/03\/logorcmx-good-1.png","contentUrl":"https:\/\/www.reconoce.mx\/wp-content\/uploads\/2019\/03\/logorcmx-good-1.png","width":280,"height":90,"caption":"Reconoce MX"},"image":{"@id":"http:\/\/www.reconoce.mx\/#\/schema\/logo\/image\/"},"sameAs":["https:\/\/es-la.facebook.com\/ReconoceMX\/","https:\/\/x.com\/reconocemx","http:\/\/@reconocemx"]},{"@type":"Person","@id":"http:\/\/www.reconoce.mx\/#\/schema\/person\/2117e997d7051dc15d6880eaf9bca0b2","name":"Reconoce MX","image":{"@type":"ImageObject","inLanguage":"es","@id":"http:\/\/www.reconoce.mx\/#\/schema\/person\/image\/","url":"https:\/\/secure.gravatar.com\/avatar\/6c8d4dc7569ca1c90c5fdcc349f839d5ddef6fe1e70b4337ead2ef1a4c43fc3a?s=96&d=identicon&r=g","contentUrl":"https:\/\/secure.gravatar.com\/avatar\/6c8d4dc7569ca1c90c5fdcc349f839d5ddef6fe1e70b4337ead2ef1a4c43fc3a?s=96&d=identicon&r=g","caption":"Reconoce MX"},"description":"Reconoce MX es un proyecto de difusi\u00f3n art\u00edstica, cultural y de conciencia social que est\u00e1 enfocado a difundir y fomentar el entretenimiento alternativo de calidad para todo el p\u00fablico que comparta el mismo entusiasmo.","sameAs":["http:\/\/www.reconoce.mx"],"url":"http:\/\/www.reconoce.mx\/?author=2"}]}},"_links":{"self":[{"href":"http:\/\/www.reconoce.mx\/index.php?rest_route=\/wp\/v2\/posts\/76850","targetHints":{"allow":["GET"]}}],"collection":[{"href":"http:\/\/www.reconoce.mx\/index.php?rest_route=\/wp\/v2\/posts"}],"about":[{"href":"http:\/\/www.reconoce.mx\/index.php?rest_route=\/wp\/v2\/types\/post"}],"author":[{"embeddable":true,"href":"http:\/\/www.reconoce.mx\/index.php?rest_route=\/wp\/v2\/users\/2"}],"replies":[{"embeddable":true,"href":"http:\/\/www.reconoce.mx\/index.php?rest_route=%2Fwp%2Fv2%2Fcomments&post=76850"}],"version-history":[{"count":1,"href":"http:\/\/www.reconoce.mx\/index.php?rest_route=\/wp\/v2\/posts\/76850\/revisions"}],"predecessor-version":[{"id":76853,"href":"http:\/\/www.reconoce.mx\/index.php?rest_route=\/wp\/v2\/posts\/76850\/revisions\/76853"}],"wp:featuredmedia":[{"embeddable":true,"href":"http:\/\/www.reconoce.mx\/index.php?rest_route=\/wp\/v2\/media\/76851"}],"wp:attachment":[{"href":"http:\/\/www.reconoce.mx\/index.php?rest_route=%2Fwp%2Fv2%2Fmedia&parent=76850"}],"wp:term":[{"taxonomy":"category","embeddable":true,"href":"http:\/\/www.reconoce.mx\/index.php?rest_route=%2Fwp%2Fv2%2Fcategories&post=76850"},{"taxonomy":"post_tag","embeddable":true,"href":"http:\/\/www.reconoce.mx\/index.php?rest_route=%2Fwp%2Fv2%2Ftags&post=76850"}],"curies":[{"name":"wp","href":"https:\/\/api.w.org\/{rel}","templated":true}]}}