{"id":76872,"date":"2018-10-02T00:03:26","date_gmt":"2018-10-02T05:03:26","guid":{"rendered":"http:\/\/www.reconoce.mx\/?p=76872"},"modified":"2018-10-02T08:39:30","modified_gmt":"2018-10-02T13:39:30","slug":"javier-duarte-sigue-sonriendo-y-exhibiendo-a-la-justicia","status":"publish","type":"post","link":"http:\/\/www.reconoce.mx\/?p=76872","title":{"rendered":"Javier Duarte sigue sonriendo y exhibiendo a la justicia"},"content":{"rendered":"<p><strong>Por <a title=\"@danielhiga_al\" href=\"https:\/\/twitter.com\/danielhiga_al\" target=\"_blank\" rel=\"noopener noreferrer\">Daniel Higa Alquicira<\/a><\/strong>.<\/p>\n<p>\u201cEmito fallo de condena en su contra por los delitos que se le imputan en su calidad de autor material de los mismos. Se le impone la pena propuesta de 9 a\u00f1os de prisi\u00f3n y 990 d\u00edas de multa. Ordeno que se le amoneste para que no incurra en estas conductas nuevamente\u201d, dijo el juez <strong>Marco Tapia<\/strong> al dictar la sentencia contra <strong>Javier Duarte<\/strong>.<\/p>\n<p>Adem\u00e1s \u2013agreg\u00f3\u2013 \u201cse suspenden sus derechos pol\u00edticos y civiles por el tiempo de nueve a\u00f1os. Autorizo el decomiso de 40 propiedades ya descritas. Y por tratarse de delitos formales, queda exonerado de la reparaci\u00f3n del da\u00f1o\u201d.<\/p>\n<p>Con estas palabras concluy\u00f3 el proceso contra <strong>Javier Duarte<\/strong>, exgobernador de Veracruz y uno de los pol\u00edticos m\u00e1s corruptos de la historia de M\u00e9xico.<\/p>\n<p>9 a\u00f1os de prisi\u00f3n que podr\u00edan reducirse a la mitad, es decir 4 a\u00f1os y medio y a estos, restarle el a\u00f1o y medio que lleva preso: el resultado, tres a\u00f1os de c\u00e1rcel.<\/p>\n<p>Tal vez fue una jugada maestra de sus abogados, el hecho de que se declarara culpable para que le impusieran la pena m\u00ednima que marca la ley por los dos delitos de \u201cdirigir una organizaci\u00f3n criminal que oper\u00f3 en Veracruz, Guerrero y Ciudad de M\u00e9xico, y a trav\u00e9s de la cual se desviaron cantidades millonarias de recursos p\u00fablico utilizando para ello empresas fantasma y prestanombres\u201d, dijo la <strong>PGR<\/strong>.<\/p>\n<p>Pero adem\u00e1s, esto lo hizo con \u201cla finalidad de invertirlo en propiedades y otros bienes en beneficio de \u00e9l, de su esposa y de su familia\u201d. Y con la sentencia que recibi\u00f3 por esto, sin duda lo hizo con un gran beneficio personal.<\/p>\n<p>No hay forma de comprender c\u00f3mo estos delitos solo impliquen 9 a\u00f1os de prisi\u00f3n. Esto me hace pensar que la justicia es ciega pero tambi\u00e9n irresponsable.<\/p>\n<p>Si Guatemala no da el permiso -esto debido a que el tratado de extradici\u00f3n con que fue repatriado Duarte, implica que solo se le puede juzgar por los delitos que le imput\u00f3 la PGR- para que pueda ser juzgado por los delitos de \u201cuso ilegal de un helic\u00f3ptero\u201d y el desv\u00edo de 200 millones de pesos -procesos que est\u00e1n abiertos en su contra-, entonces su gran fraude ser\u00e1 la <strong>Gran Estafa Maestra<\/strong>.<\/p>\n<p>Pero m\u00e1s all\u00e1 del acto de juzgar a un culpable y llevarlo a prisi\u00f3n, que en este caso se cumpli\u00f3, la realidad indica que hechos como \u00e9ste son m\u00e1s un ejemplo de lo provechoso que puede resultar ser un criminal de alto rango, que el escarmiento que pueda significar la condena misma.<\/p>\n<p>Es algo parecido a lo que pasa con los narcotraficantes, sobre todo en Estados Unidos, que se declaran culpables, se les incautan algunos millones de d\u00f3lares y bienes; canjean la cadena perpetua por colaboraci\u00f3n y las penas de prisi\u00f3n resultan risibles.<\/p>\n<p>Pareciera que la justicia est\u00e1 rebasada y por muy objetiva, fr\u00eda y ciega que sea su impartici\u00f3n, ha dejado de sentar precedentes que inhiban el repetir esos actos criminales, dando como resultado un escenario mucho m\u00e1s favorable para los delincuentes que para las v\u00edctimas.<\/p>\n<p>Criticaron y destrozaron a <strong>AMLO<\/strong> cuando propuso una amnist\u00eda para ciertos presos que han sido condenados por algunos delitos relacionados con el narcotr\u00e1fico, pero en la pr\u00e1ctica la condena para <strong>Javier Duarte<\/strong> es mucho peor que la propuesta del pr\u00f3ximo presidente de M\u00e9xico.<\/p>\n<p>Ya que \u00e9l goz\u00f3 de toda la protecci\u00f3n de la estructura del estado, fue protegido en su momento por el mismo<strong> Enrique Pe\u00f1a Nieto<\/strong>, oper\u00f3 con impunidad y a la vista de todos y recibi\u00f3 el mejor regalo que se pudo imaginar: la posibilidad de pasar solo tres a\u00f1os en prisi\u00f3n.<\/p>\n<p style=\"text-align: right;\">Foto: <strong>REUTERS<\/strong>.<\/p>\n<p>&nbsp;<\/p>\n<p>&nbsp;<\/p>\n","protected":false},"excerpt":{"rendered":"<p>\u201cEmito fallo de condena en su contra por los delitos que se le imputan en su calidad de autor material de los mismos. Se le impone la pena propuesta de 9 a\u00f1os de prisi\u00f3n y 990 d\u00edas de multa. Ordeno que se le amoneste para que no incurra en estas conductas nuevamente\u201d, dijo el juez Marco Tapia al dictar la sentencia contra Javier Duarte.<\/p>\n","protected":false},"author":2,"featured_media":76873,"comment_status":"open","ping_status":"open","sticky":false,"template":"","format":"standard","meta":{"footnotes":""},"categories":[43,169,17],"tags":[],"class_list":["post-76872","post","type-post","status-publish","format-standard","has-post-thumbnail","hentry","category-conciencia","category-politica-entorno","category-principal"],"yoast_head":"<!-- This site is optimized with the Yoast SEO plugin v24.7 - https:\/\/yoast.com\/wordpress\/plugins\/seo\/ -->\n<title>Javier Duarte sigue sonriendo y exhibiendo a la justicia &#171; Reconoce MX<\/title>\n<meta name=\"robots\" content=\"index, follow, max-snippet:-1, max-image-preview:large, max-video-preview:-1\" \/>\n<link rel=\"canonical\" href=\"http:\/\/www.reconoce.mx\/?p=76872\" \/>\n<meta property=\"og:locale\" content=\"es_ES\" \/>\n<meta property=\"og:type\" content=\"article\" \/>\n<meta property=\"og:title\" content=\"Javier Duarte sigue sonriendo y exhibiendo a la justicia &#171; Reconoce MX\" \/>\n<meta property=\"og:description\" content=\"\u201cEmito fallo de condena en su contra por los delitos que se le imputan en su calidad de autor material de los mismos. Se le impone la pena propuesta de 9 a\u00f1os de prisi\u00f3n y 990 d\u00edas de multa. Ordeno que se le amoneste para que no incurra en estas conductas nuevamente\u201d, dijo el juez Marco Tapia al dictar la sentencia contra Javier Duarte.\" \/>\n<meta property=\"og:url\" content=\"http:\/\/www.reconoce.mx\/?p=76872\" \/>\n<meta property=\"og:site_name\" content=\"Reconoce MX\" \/>\n<meta property=\"article:publisher\" content=\"https:\/\/es-la.facebook.com\/ReconoceMX\/\" \/>\n<meta property=\"article:published_time\" content=\"2018-10-02T05:03:26+00:00\" \/>\n<meta property=\"article:modified_time\" content=\"2018-10-02T13:39:30+00:00\" \/>\n<meta property=\"og:image\" content=\"http:\/\/www.reconoce.mx\/wp-content\/uploads\/2018\/10\/javier-duarte-1.jpg\" \/>\n\t<meta property=\"og:image:width\" content=\"590\" \/>\n\t<meta property=\"og:image:height\" content=\"380\" \/>\n\t<meta property=\"og:image:type\" content=\"image\/jpeg\" \/>\n<meta name=\"author\" content=\"Reconoce MX\" \/>\n<meta name=\"twitter:card\" content=\"summary_large_image\" \/>\n<meta name=\"twitter:creator\" content=\"@reconocemx\" \/>\n<meta name=\"twitter:site\" content=\"@reconocemx\" \/>\n<meta name=\"twitter:label1\" content=\"Escrito por\" \/>\n\t<meta name=\"twitter:data1\" content=\"Reconoce MX\" \/>\n\t<meta name=\"twitter:label2\" content=\"Tiempo de lectura\" \/>\n\t<meta name=\"twitter:data2\" content=\"3 minutos\" \/>\n<script type=\"application\/ld+json\" class=\"yoast-schema-graph\">{\"@context\":\"https:\/\/schema.org\",\"@graph\":[{\"@type\":\"Article\",\"@id\":\"http:\/\/www.reconoce.mx\/?p=76872#article\",\"isPartOf\":{\"@id\":\"http:\/\/www.reconoce.mx\/?p=76872\"},\"author\":{\"name\":\"Reconoce MX\",\"@id\":\"http:\/\/www.reconoce.mx\/#\/schema\/person\/2117e997d7051dc15d6880eaf9bca0b2\"},\"headline\":\"Javier Duarte sigue sonriendo y exhibiendo a la justicia\",\"datePublished\":\"2018-10-02T05:03:26+00:00\",\"dateModified\":\"2018-10-02T13:39:30+00:00\",\"mainEntityOfPage\":{\"@id\":\"http:\/\/www.reconoce.mx\/?p=76872\"},\"wordCount\":658,\"commentCount\":0,\"publisher\":{\"@id\":\"http:\/\/www.reconoce.mx\/#organization\"},\"image\":{\"@id\":\"http:\/\/www.reconoce.mx\/?p=76872#primaryimage\"},\"thumbnailUrl\":\"http:\/\/www.reconoce.mx\/wp-content\/uploads\/2018\/10\/javier-duarte-1.jpg\",\"articleSection\":[\"Conciencia\",\"Pol\u00edtica\",\"Principal\"],\"inLanguage\":\"es\",\"potentialAction\":[{\"@type\":\"CommentAction\",\"name\":\"Comment\",\"target\":[\"http:\/\/www.reconoce.mx\/?p=76872#respond\"]}]},{\"@type\":\"WebPage\",\"@id\":\"http:\/\/www.reconoce.mx\/?p=76872\",\"url\":\"http:\/\/www.reconoce.mx\/?p=76872\",\"name\":\"Javier Duarte sigue sonriendo y exhibiendo a la justicia &#171; Reconoce MX\",\"isPartOf\":{\"@id\":\"http:\/\/www.reconoce.mx\/#website\"},\"primaryImageOfPage\":{\"@id\":\"http:\/\/www.reconoce.mx\/?p=76872#primaryimage\"},\"image\":{\"@id\":\"http:\/\/www.reconoce.mx\/?p=76872#primaryimage\"},\"thumbnailUrl\":\"http:\/\/www.reconoce.mx\/wp-content\/uploads\/2018\/10\/javier-duarte-1.jpg\",\"datePublished\":\"2018-10-02T05:03:26+00:00\",\"dateModified\":\"2018-10-02T13:39:30+00:00\",\"breadcrumb\":{\"@id\":\"http:\/\/www.reconoce.mx\/?p=76872#breadcrumb\"},\"inLanguage\":\"es\",\"potentialAction\":[{\"@type\":\"ReadAction\",\"target\":[\"http:\/\/www.reconoce.mx\/?p=76872\"]}]},{\"@type\":\"ImageObject\",\"inLanguage\":\"es\",\"@id\":\"http:\/\/www.reconoce.mx\/?p=76872#primaryimage\",\"url\":\"http:\/\/www.reconoce.mx\/wp-content\/uploads\/2018\/10\/javier-duarte-1.jpg\",\"contentUrl\":\"http:\/\/www.reconoce.mx\/wp-content\/uploads\/2018\/10\/javier-duarte-1.jpg\",\"width\":590,\"height\":380},{\"@type\":\"BreadcrumbList\",\"@id\":\"http:\/\/www.reconoce.mx\/?p=76872#breadcrumb\",\"itemListElement\":[{\"@type\":\"ListItem\",\"position\":1,\"name\":\"Portada\",\"item\":\"http:\/\/www.reconoce.mx\/\"},{\"@type\":\"ListItem\",\"position\":2,\"name\":\"Javier Duarte sigue sonriendo y exhibiendo a la justicia\"}]},{\"@type\":\"WebSite\",\"@id\":\"http:\/\/www.reconoce.mx\/#website\",\"url\":\"http:\/\/www.reconoce.mx\/\",\"name\":\"Reconoce MX\",\"description\":\"En Reconoce MX difundimos arte, cultura y conciencia social en M\u00e9xico. Tu ciudad en otra perspectiva.\",\"publisher\":{\"@id\":\"http:\/\/www.reconoce.mx\/#organization\"},\"potentialAction\":[{\"@type\":\"SearchAction\",\"target\":{\"@type\":\"EntryPoint\",\"urlTemplate\":\"http:\/\/www.reconoce.mx\/?s={search_term_string}\"},\"query-input\":{\"@type\":\"PropertyValueSpecification\",\"valueRequired\":true,\"valueName\":\"search_term_string\"}}],\"inLanguage\":\"es\"},{\"@type\":\"Organization\",\"@id\":\"http:\/\/www.reconoce.mx\/#organization\",\"name\":\"Reconoce MX\",\"url\":\"http:\/\/www.reconoce.mx\/\",\"logo\":{\"@type\":\"ImageObject\",\"inLanguage\":\"es\",\"@id\":\"http:\/\/www.reconoce.mx\/#\/schema\/logo\/image\/\",\"url\":\"https:\/\/www.reconoce.mx\/wp-content\/uploads\/2019\/03\/logorcmx-good-1.png\",\"contentUrl\":\"https:\/\/www.reconoce.mx\/wp-content\/uploads\/2019\/03\/logorcmx-good-1.png\",\"width\":280,\"height\":90,\"caption\":\"Reconoce MX\"},\"image\":{\"@id\":\"http:\/\/www.reconoce.mx\/#\/schema\/logo\/image\/\"},\"sameAs\":[\"https:\/\/es-la.facebook.com\/ReconoceMX\/\",\"https:\/\/x.com\/reconocemx\",\"http:\/\/@reconocemx\"]},{\"@type\":\"Person\",\"@id\":\"http:\/\/www.reconoce.mx\/#\/schema\/person\/2117e997d7051dc15d6880eaf9bca0b2\",\"name\":\"Reconoce MX\",\"image\":{\"@type\":\"ImageObject\",\"inLanguage\":\"es\",\"@id\":\"http:\/\/www.reconoce.mx\/#\/schema\/person\/image\/\",\"url\":\"https:\/\/secure.gravatar.com\/avatar\/6c8d4dc7569ca1c90c5fdcc349f839d5ddef6fe1e70b4337ead2ef1a4c43fc3a?s=96&d=identicon&r=g\",\"contentUrl\":\"https:\/\/secure.gravatar.com\/avatar\/6c8d4dc7569ca1c90c5fdcc349f839d5ddef6fe1e70b4337ead2ef1a4c43fc3a?s=96&d=identicon&r=g\",\"caption\":\"Reconoce MX\"},\"description\":\"Reconoce MX es un proyecto de difusi\u00f3n art\u00edstica, cultural y de conciencia social que est\u00e1 enfocado a difundir y fomentar el entretenimiento alternativo de calidad para todo el p\u00fablico que comparta el mismo entusiasmo.\",\"sameAs\":[\"http:\/\/www.reconoce.mx\"],\"url\":\"http:\/\/www.reconoce.mx\/?author=2\"}]}<\/script>\n<!-- \/ Yoast SEO plugin. -->","yoast_head_json":{"title":"Javier Duarte sigue sonriendo y exhibiendo a la justicia &#171; Reconoce MX","robots":{"index":"index","follow":"follow","max-snippet":"max-snippet:-1","max-image-preview":"max-image-preview:large","max-video-preview":"max-video-preview:-1"},"canonical":"http:\/\/www.reconoce.mx\/?p=76872","og_locale":"es_ES","og_type":"article","og_title":"Javier Duarte sigue sonriendo y exhibiendo a la justicia &#171; Reconoce MX","og_description":"\u201cEmito fallo de condena en su contra por los delitos que se le imputan en su calidad de autor material de los mismos. Se le impone la pena propuesta de 9 a\u00f1os de prisi\u00f3n y 990 d\u00edas de multa. Ordeno que se le amoneste para que no incurra en estas conductas nuevamente\u201d, dijo el juez Marco Tapia al dictar la sentencia contra Javier Duarte.","og_url":"http:\/\/www.reconoce.mx\/?p=76872","og_site_name":"Reconoce MX","article_publisher":"https:\/\/es-la.facebook.com\/ReconoceMX\/","article_published_time":"2018-10-02T05:03:26+00:00","article_modified_time":"2018-10-02T13:39:30+00:00","og_image":[{"width":590,"height":380,"url":"http:\/\/www.reconoce.mx\/wp-content\/uploads\/2018\/10\/javier-duarte-1.jpg","type":"image\/jpeg"}],"author":"Reconoce MX","twitter_card":"summary_large_image","twitter_creator":"@reconocemx","twitter_site":"@reconocemx","twitter_misc":{"Escrito por":"Reconoce MX","Tiempo de lectura":"3 minutos"},"schema":{"@context":"https:\/\/schema.org","@graph":[{"@type":"Article","@id":"http:\/\/www.reconoce.mx\/?p=76872#article","isPartOf":{"@id":"http:\/\/www.reconoce.mx\/?p=76872"},"author":{"name":"Reconoce MX","@id":"http:\/\/www.reconoce.mx\/#\/schema\/person\/2117e997d7051dc15d6880eaf9bca0b2"},"headline":"Javier Duarte sigue sonriendo y exhibiendo a la justicia","datePublished":"2018-10-02T05:03:26+00:00","dateModified":"2018-10-02T13:39:30+00:00","mainEntityOfPage":{"@id":"http:\/\/www.reconoce.mx\/?p=76872"},"wordCount":658,"commentCount":0,"publisher":{"@id":"http:\/\/www.reconoce.mx\/#organization"},"image":{"@id":"http:\/\/www.reconoce.mx\/?p=76872#primaryimage"},"thumbnailUrl":"http:\/\/www.reconoce.mx\/wp-content\/uploads\/2018\/10\/javier-duarte-1.jpg","articleSection":["Conciencia","Pol\u00edtica","Principal"],"inLanguage":"es","potentialAction":[{"@type":"CommentAction","name":"Comment","target":["http:\/\/www.reconoce.mx\/?p=76872#respond"]}]},{"@type":"WebPage","@id":"http:\/\/www.reconoce.mx\/?p=76872","url":"http:\/\/www.reconoce.mx\/?p=76872","name":"Javier Duarte sigue sonriendo y exhibiendo a la justicia &#171; Reconoce MX","isPartOf":{"@id":"http:\/\/www.reconoce.mx\/#website"},"primaryImageOfPage":{"@id":"http:\/\/www.reconoce.mx\/?p=76872#primaryimage"},"image":{"@id":"http:\/\/www.reconoce.mx\/?p=76872#primaryimage"},"thumbnailUrl":"http:\/\/www.reconoce.mx\/wp-content\/uploads\/2018\/10\/javier-duarte-1.jpg","datePublished":"2018-10-02T05:03:26+00:00","dateModified":"2018-10-02T13:39:30+00:00","breadcrumb":{"@id":"http:\/\/www.reconoce.mx\/?p=76872#breadcrumb"},"inLanguage":"es","potentialAction":[{"@type":"ReadAction","target":["http:\/\/www.reconoce.mx\/?p=76872"]}]},{"@type":"ImageObject","inLanguage":"es","@id":"http:\/\/www.reconoce.mx\/?p=76872#primaryimage","url":"http:\/\/www.reconoce.mx\/wp-content\/uploads\/2018\/10\/javier-duarte-1.jpg","contentUrl":"http:\/\/www.reconoce.mx\/wp-content\/uploads\/2018\/10\/javier-duarte-1.jpg","width":590,"height":380},{"@type":"BreadcrumbList","@id":"http:\/\/www.reconoce.mx\/?p=76872#breadcrumb","itemListElement":[{"@type":"ListItem","position":1,"name":"Portada","item":"http:\/\/www.reconoce.mx\/"},{"@type":"ListItem","position":2,"name":"Javier Duarte sigue sonriendo y exhibiendo a la justicia"}]},{"@type":"WebSite","@id":"http:\/\/www.reconoce.mx\/#website","url":"http:\/\/www.reconoce.mx\/","name":"Reconoce MX","description":"En Reconoce MX difundimos arte, cultura y conciencia social en M\u00e9xico. Tu ciudad en otra perspectiva.","publisher":{"@id":"http:\/\/www.reconoce.mx\/#organization"},"potentialAction":[{"@type":"SearchAction","target":{"@type":"EntryPoint","urlTemplate":"http:\/\/www.reconoce.mx\/?s={search_term_string}"},"query-input":{"@type":"PropertyValueSpecification","valueRequired":true,"valueName":"search_term_string"}}],"inLanguage":"es"},{"@type":"Organization","@id":"http:\/\/www.reconoce.mx\/#organization","name":"Reconoce MX","url":"http:\/\/www.reconoce.mx\/","logo":{"@type":"ImageObject","inLanguage":"es","@id":"http:\/\/www.reconoce.mx\/#\/schema\/logo\/image\/","url":"https:\/\/www.reconoce.mx\/wp-content\/uploads\/2019\/03\/logorcmx-good-1.png","contentUrl":"https:\/\/www.reconoce.mx\/wp-content\/uploads\/2019\/03\/logorcmx-good-1.png","width":280,"height":90,"caption":"Reconoce MX"},"image":{"@id":"http:\/\/www.reconoce.mx\/#\/schema\/logo\/image\/"},"sameAs":["https:\/\/es-la.facebook.com\/ReconoceMX\/","https:\/\/x.com\/reconocemx","http:\/\/@reconocemx"]},{"@type":"Person","@id":"http:\/\/www.reconoce.mx\/#\/schema\/person\/2117e997d7051dc15d6880eaf9bca0b2","name":"Reconoce MX","image":{"@type":"ImageObject","inLanguage":"es","@id":"http:\/\/www.reconoce.mx\/#\/schema\/person\/image\/","url":"https:\/\/secure.gravatar.com\/avatar\/6c8d4dc7569ca1c90c5fdcc349f839d5ddef6fe1e70b4337ead2ef1a4c43fc3a?s=96&d=identicon&r=g","contentUrl":"https:\/\/secure.gravatar.com\/avatar\/6c8d4dc7569ca1c90c5fdcc349f839d5ddef6fe1e70b4337ead2ef1a4c43fc3a?s=96&d=identicon&r=g","caption":"Reconoce MX"},"description":"Reconoce MX es un proyecto de difusi\u00f3n art\u00edstica, cultural y de conciencia social que est\u00e1 enfocado a difundir y fomentar el entretenimiento alternativo de calidad para todo el p\u00fablico que comparta el mismo entusiasmo.","sameAs":["http:\/\/www.reconoce.mx"],"url":"http:\/\/www.reconoce.mx\/?author=2"}]}},"_links":{"self":[{"href":"http:\/\/www.reconoce.mx\/index.php?rest_route=\/wp\/v2\/posts\/76872","targetHints":{"allow":["GET"]}}],"collection":[{"href":"http:\/\/www.reconoce.mx\/index.php?rest_route=\/wp\/v2\/posts"}],"about":[{"href":"http:\/\/www.reconoce.mx\/index.php?rest_route=\/wp\/v2\/types\/post"}],"author":[{"embeddable":true,"href":"http:\/\/www.reconoce.mx\/index.php?rest_route=\/wp\/v2\/users\/2"}],"replies":[{"embeddable":true,"href":"http:\/\/www.reconoce.mx\/index.php?rest_route=%2Fwp%2Fv2%2Fcomments&post=76872"}],"version-history":[{"count":1,"href":"http:\/\/www.reconoce.mx\/index.php?rest_route=\/wp\/v2\/posts\/76872\/revisions"}],"predecessor-version":[{"id":76874,"href":"http:\/\/www.reconoce.mx\/index.php?rest_route=\/wp\/v2\/posts\/76872\/revisions\/76874"}],"wp:featuredmedia":[{"embeddable":true,"href":"http:\/\/www.reconoce.mx\/index.php?rest_route=\/wp\/v2\/media\/76873"}],"wp:attachment":[{"href":"http:\/\/www.reconoce.mx\/index.php?rest_route=%2Fwp%2Fv2%2Fmedia&parent=76872"}],"wp:term":[{"taxonomy":"category","embeddable":true,"href":"http:\/\/www.reconoce.mx\/index.php?rest_route=%2Fwp%2Fv2%2Fcategories&post=76872"},{"taxonomy":"post_tag","embeddable":true,"href":"http:\/\/www.reconoce.mx\/index.php?rest_route=%2Fwp%2Fv2%2Ftags&post=76872"}],"curies":[{"name":"wp","href":"https:\/\/api.w.org\/{rel}","templated":true}]}}