{"id":76879,"date":"2018-10-02T00:01:08","date_gmt":"2018-10-02T05:01:08","guid":{"rendered":"http:\/\/www.reconoce.mx\/?p=76879"},"modified":"2018-10-02T08:39:58","modified_gmt":"2018-10-02T13:39:58","slug":"mew-el-indie-danes-que-pertenece-a-mexico","status":"publish","type":"post","link":"http:\/\/www.reconoce.mx\/?p=76879","title":{"rendered":"Mew: el indie dan\u00e9s que pertenece a M\u00e9xico"},"content":{"rendered":"<p><strong>Por<span class=\"st\">\u00a0<\/span><a href=\"https:\/\/twitter.com\/alice_freckles\" target=\"_blank\" rel=\"noopener noreferrer\">Alicia \u00c1vila Monroy<\/a>.<\/strong><\/p>\n<p>La banda danesa <strong>Mew<\/strong>, vuelve a Ciudad de M\u00e9xico los pr\u00f3ximos pr\u00f3ximo 3 y 4 de octubre para celebrar 15 a\u00f1os del lanzamiento de su material \u00abFrengers\u00bb, y qu\u00e9 mejor motivo que venir a M\u00e9xico para festejarlo con sus fans.<\/p>\n<p><a href=\"http:\/\/www.reconoce.mx\/wp-content\/uploads\/2018\/10\/03-y-04-de-Octubre-Mew-El-Plaza-640x640.jpg\"><img loading=\"lazy\" decoding=\"async\" class=\"aligncenter size-full wp-image-76880\" src=\"http:\/\/www.reconoce.mx\/wp-content\/uploads\/2018\/10\/03-y-04-de-Octubre-Mew-El-Plaza-640x640.jpg\" alt=\"\" width=\"640\" height=\"640\" srcset=\"http:\/\/www.reconoce.mx\/wp-content\/uploads\/2018\/10\/03-y-04-de-Octubre-Mew-El-Plaza-640x640.jpg 640w, http:\/\/www.reconoce.mx\/wp-content\/uploads\/2018\/10\/03-y-04-de-Octubre-Mew-El-Plaza-640x640-150x150.jpg 150w, http:\/\/www.reconoce.mx\/wp-content\/uploads\/2018\/10\/03-y-04-de-Octubre-Mew-El-Plaza-640x640-300x300.jpg 300w, http:\/\/www.reconoce.mx\/wp-content\/uploads\/2018\/10\/03-y-04-de-Octubre-Mew-El-Plaza-640x640-65x65.jpg 65w\" sizes=\"auto, (max-width: 640px) 100vw, 640px\" \/><\/a><\/p>\n<p>Con Jonas Bjerre, Bo Madsen y Silas Utke Graae Jorgensen en la alineaci\u00f3n, la banda originaria de Copenhague, Dinamarca se form\u00f3 desde 1994. Despu\u00e9s de tocar en su ciudad natal por mucho tiempo, <strong>Mew<\/strong> lanz\u00f3 en 1997 \u00abA Triumph for Man\u00bb, pero fue hasta 2003 que se dieron paso en la escena internacional con su \u00e1lbum \u00abFrengers\u00bb. Indudablemente, este material los hizo ganar status en la escena del rock progresivo, dream pop e indie.<\/p>\n<p>En 2005 dieron a conocer \u00abAnd The Glass Handed Kites\u00bb, material aclamado por la prensa -m\u00e1s que por los fans-. Un a\u00f1o m\u00e1s tarde, Johan abandon\u00f3 la banda al ser padre. Aunque Wohlert ha sido irremplazable, <strong>Mew<\/strong> invita a sus presentaciones en vivo al bajista Bastian Juel y a Nick Watts, quien adem\u00e1s de ser m\u00fasico hace los coros. En 2009 fue lanzado \u00abNo More Stories&#8230;\u00bb y en 2010, la banda present\u00f3 su primer \u00e1lbum recopilatorio \u00abEggs Are Funny\u00bb, material que cuenta con 14 canciones retomados de discos anteriores as\u00ed como \u00abDo You Love It?\u00bb, un nuevo tema.<\/p>\n<p>A\u00fan puedes comprar tu entrada en <a href=\"https:\/\/www.ticketmaster.com.mx\/mew-el-plaza-condesa-mexico-df\/venueartist\/164618\/2149353\" target=\"_blank\" rel=\"noopener\">Ticketmaster<\/a> o inmueble.<\/p>\n<p>&nbsp;<\/p>\n<p>&nbsp;<\/p>\n","protected":false},"excerpt":{"rendered":"<p>La banda danesa Mew, vuelve a Ciudad de M\u00e9xico los pr\u00f3ximos pr\u00f3ximo 3 y 4 de octubre para celebrar 15 a\u00f1os del lanzamiento de su material \u00abFrengers\u00bb, y qu\u00e9 mejor motivo que venir a M\u00e9xico para festejarlo con sus fans.<\/p>\n","protected":false},"author":2,"featured_media":76881,"comment_status":"open","ping_status":"open","sticky":false,"template":"","format":"standard","meta":{"footnotes":""},"categories":[1,18,17],"tags":[],"class_list":["post-76879","post","type-post","status-publish","format-standard","has-post-thumbnail","hentry","category-cultura","category-musica","category-principal"],"yoast_head":"<!-- This site is optimized with the Yoast SEO plugin v24.7 - https:\/\/yoast.com\/wordpress\/plugins\/seo\/ -->\n<title>Mew: el indie dan\u00e9s que pertenece a M\u00e9xico &#171; Reconoce MX<\/title>\n<meta name=\"robots\" content=\"index, follow, max-snippet:-1, max-image-preview:large, max-video-preview:-1\" \/>\n<link rel=\"canonical\" href=\"https:\/\/www.reconoce.mx\/?p=76879\" \/>\n<meta property=\"og:locale\" content=\"es_ES\" \/>\n<meta property=\"og:type\" content=\"article\" \/>\n<meta property=\"og:title\" content=\"Mew: el indie dan\u00e9s que pertenece a M\u00e9xico &#171; Reconoce MX\" \/>\n<meta property=\"og:description\" content=\"La banda danesa Mew, vuelve a Ciudad de M\u00e9xico los pr\u00f3ximos pr\u00f3ximo 3 y 4 de octubre para celebrar 15 a\u00f1os del lanzamiento de su material &quot;Frengers&quot;, y qu\u00e9 mejor motivo que venir a M\u00e9xico para festejarlo con sus fans.\" \/>\n<meta property=\"og:url\" content=\"https:\/\/www.reconoce.mx\/?p=76879\" \/>\n<meta property=\"og:site_name\" content=\"Reconoce MX\" \/>\n<meta property=\"article:publisher\" content=\"https:\/\/es-la.facebook.com\/ReconoceMX\/\" \/>\n<meta property=\"article:published_time\" content=\"2018-10-02T05:01:08+00:00\" \/>\n<meta property=\"article:modified_time\" content=\"2018-10-02T13:39:58+00:00\" \/>\n<meta property=\"og:image\" content=\"https:\/\/www.reconoce.mx\/wp-content\/uploads\/2018\/10\/mew-cover.jpg\" \/>\n\t<meta property=\"og:image:width\" content=\"590\" \/>\n\t<meta property=\"og:image:height\" content=\"380\" \/>\n\t<meta property=\"og:image:type\" content=\"image\/jpeg\" \/>\n<meta name=\"author\" content=\"Reconoce MX\" \/>\n<meta name=\"twitter:card\" content=\"summary_large_image\" \/>\n<meta name=\"twitter:creator\" content=\"@reconocemx\" \/>\n<meta name=\"twitter:site\" content=\"@reconocemx\" \/>\n<meta name=\"twitter:label1\" content=\"Escrito por\" \/>\n\t<meta name=\"twitter:data1\" content=\"Reconoce MX\" \/>\n\t<meta name=\"twitter:label2\" content=\"Tiempo de lectura\" \/>\n\t<meta name=\"twitter:data2\" content=\"1 minuto\" \/>\n<script type=\"application\/ld+json\" class=\"yoast-schema-graph\">{\"@context\":\"https:\/\/schema.org\",\"@graph\":[{\"@type\":\"Article\",\"@id\":\"https:\/\/www.reconoce.mx\/?p=76879#article\",\"isPartOf\":{\"@id\":\"https:\/\/www.reconoce.mx\/?p=76879\"},\"author\":{\"name\":\"Reconoce MX\",\"@id\":\"http:\/\/www.reconoce.mx\/#\/schema\/person\/2117e997d7051dc15d6880eaf9bca0b2\"},\"headline\":\"Mew: el indie dan\u00e9s que pertenece a M\u00e9xico\",\"datePublished\":\"2018-10-02T05:01:08+00:00\",\"dateModified\":\"2018-10-02T13:39:58+00:00\",\"mainEntityOfPage\":{\"@id\":\"https:\/\/www.reconoce.mx\/?p=76879\"},\"wordCount\":240,\"commentCount\":0,\"publisher\":{\"@id\":\"http:\/\/www.reconoce.mx\/#organization\"},\"image\":{\"@id\":\"https:\/\/www.reconoce.mx\/?p=76879#primaryimage\"},\"thumbnailUrl\":\"http:\/\/www.reconoce.mx\/wp-content\/uploads\/2018\/10\/mew-cover.jpg\",\"articleSection\":[\"Cultura\",\"M\u00fasica\",\"Principal\"],\"inLanguage\":\"es\",\"potentialAction\":[{\"@type\":\"CommentAction\",\"name\":\"Comment\",\"target\":[\"https:\/\/www.reconoce.mx\/?p=76879#respond\"]}]},{\"@type\":\"WebPage\",\"@id\":\"https:\/\/www.reconoce.mx\/?p=76879\",\"url\":\"https:\/\/www.reconoce.mx\/?p=76879\",\"name\":\"Mew: el indie dan\u00e9s que pertenece a M\u00e9xico &#171; Reconoce MX\",\"isPartOf\":{\"@id\":\"http:\/\/www.reconoce.mx\/#website\"},\"primaryImageOfPage\":{\"@id\":\"https:\/\/www.reconoce.mx\/?p=76879#primaryimage\"},\"image\":{\"@id\":\"https:\/\/www.reconoce.mx\/?p=76879#primaryimage\"},\"thumbnailUrl\":\"http:\/\/www.reconoce.mx\/wp-content\/uploads\/2018\/10\/mew-cover.jpg\",\"datePublished\":\"2018-10-02T05:01:08+00:00\",\"dateModified\":\"2018-10-02T13:39:58+00:00\",\"breadcrumb\":{\"@id\":\"https:\/\/www.reconoce.mx\/?p=76879#breadcrumb\"},\"inLanguage\":\"es\",\"potentialAction\":[{\"@type\":\"ReadAction\",\"target\":[\"https:\/\/www.reconoce.mx\/?p=76879\"]}]},{\"@type\":\"ImageObject\",\"inLanguage\":\"es\",\"@id\":\"https:\/\/www.reconoce.mx\/?p=76879#primaryimage\",\"url\":\"http:\/\/www.reconoce.mx\/wp-content\/uploads\/2018\/10\/mew-cover.jpg\",\"contentUrl\":\"http:\/\/www.reconoce.mx\/wp-content\/uploads\/2018\/10\/mew-cover.jpg\",\"width\":590,\"height\":380},{\"@type\":\"BreadcrumbList\",\"@id\":\"https:\/\/www.reconoce.mx\/?p=76879#breadcrumb\",\"itemListElement\":[{\"@type\":\"ListItem\",\"position\":1,\"name\":\"Portada\",\"item\":\"http:\/\/www.reconoce.mx\/\"},{\"@type\":\"ListItem\",\"position\":2,\"name\":\"Mew: el indie dan\u00e9s que pertenece a M\u00e9xico\"}]},{\"@type\":\"WebSite\",\"@id\":\"http:\/\/www.reconoce.mx\/#website\",\"url\":\"http:\/\/www.reconoce.mx\/\",\"name\":\"Reconoce MX\",\"description\":\"En Reconoce MX difundimos arte, cultura y conciencia social en M\u00e9xico. Tu ciudad en otra perspectiva.\",\"publisher\":{\"@id\":\"http:\/\/www.reconoce.mx\/#organization\"},\"potentialAction\":[{\"@type\":\"SearchAction\",\"target\":{\"@type\":\"EntryPoint\",\"urlTemplate\":\"http:\/\/www.reconoce.mx\/?s={search_term_string}\"},\"query-input\":{\"@type\":\"PropertyValueSpecification\",\"valueRequired\":true,\"valueName\":\"search_term_string\"}}],\"inLanguage\":\"es\"},{\"@type\":\"Organization\",\"@id\":\"http:\/\/www.reconoce.mx\/#organization\",\"name\":\"Reconoce MX\",\"url\":\"http:\/\/www.reconoce.mx\/\",\"logo\":{\"@type\":\"ImageObject\",\"inLanguage\":\"es\",\"@id\":\"http:\/\/www.reconoce.mx\/#\/schema\/logo\/image\/\",\"url\":\"https:\/\/www.reconoce.mx\/wp-content\/uploads\/2019\/03\/logorcmx-good-1.png\",\"contentUrl\":\"https:\/\/www.reconoce.mx\/wp-content\/uploads\/2019\/03\/logorcmx-good-1.png\",\"width\":280,\"height\":90,\"caption\":\"Reconoce MX\"},\"image\":{\"@id\":\"http:\/\/www.reconoce.mx\/#\/schema\/logo\/image\/\"},\"sameAs\":[\"https:\/\/es-la.facebook.com\/ReconoceMX\/\",\"https:\/\/x.com\/reconocemx\",\"http:\/\/@reconocemx\"]},{\"@type\":\"Person\",\"@id\":\"http:\/\/www.reconoce.mx\/#\/schema\/person\/2117e997d7051dc15d6880eaf9bca0b2\",\"name\":\"Reconoce MX\",\"image\":{\"@type\":\"ImageObject\",\"inLanguage\":\"es\",\"@id\":\"http:\/\/www.reconoce.mx\/#\/schema\/person\/image\/\",\"url\":\"https:\/\/secure.gravatar.com\/avatar\/6c8d4dc7569ca1c90c5fdcc349f839d5ddef6fe1e70b4337ead2ef1a4c43fc3a?s=96&d=identicon&r=g\",\"contentUrl\":\"https:\/\/secure.gravatar.com\/avatar\/6c8d4dc7569ca1c90c5fdcc349f839d5ddef6fe1e70b4337ead2ef1a4c43fc3a?s=96&d=identicon&r=g\",\"caption\":\"Reconoce MX\"},\"description\":\"Reconoce MX es un proyecto de difusi\u00f3n art\u00edstica, cultural y de conciencia social que est\u00e1 enfocado a difundir y fomentar el entretenimiento alternativo de calidad para todo el p\u00fablico que comparta el mismo entusiasmo.\",\"sameAs\":[\"http:\/\/www.reconoce.mx\"],\"url\":\"http:\/\/www.reconoce.mx\/?author=2\"}]}<\/script>\n<!-- \/ Yoast SEO plugin. -->","yoast_head_json":{"title":"Mew: el indie dan\u00e9s que pertenece a M\u00e9xico &#171; Reconoce MX","robots":{"index":"index","follow":"follow","max-snippet":"max-snippet:-1","max-image-preview":"max-image-preview:large","max-video-preview":"max-video-preview:-1"},"canonical":"https:\/\/www.reconoce.mx\/?p=76879","og_locale":"es_ES","og_type":"article","og_title":"Mew: el indie dan\u00e9s que pertenece a M\u00e9xico &#171; Reconoce MX","og_description":"La banda danesa Mew, vuelve a Ciudad de M\u00e9xico los pr\u00f3ximos pr\u00f3ximo 3 y 4 de octubre para celebrar 15 a\u00f1os del lanzamiento de su material \"Frengers\", y qu\u00e9 mejor motivo que venir a M\u00e9xico para festejarlo con sus fans.","og_url":"https:\/\/www.reconoce.mx\/?p=76879","og_site_name":"Reconoce MX","article_publisher":"https:\/\/es-la.facebook.com\/ReconoceMX\/","article_published_time":"2018-10-02T05:01:08+00:00","article_modified_time":"2018-10-02T13:39:58+00:00","og_image":[{"width":590,"height":380,"url":"https:\/\/www.reconoce.mx\/wp-content\/uploads\/2018\/10\/mew-cover.jpg","type":"image\/jpeg"}],"author":"Reconoce MX","twitter_card":"summary_large_image","twitter_creator":"@reconocemx","twitter_site":"@reconocemx","twitter_misc":{"Escrito por":"Reconoce MX","Tiempo de lectura":"1 minuto"},"schema":{"@context":"https:\/\/schema.org","@graph":[{"@type":"Article","@id":"https:\/\/www.reconoce.mx\/?p=76879#article","isPartOf":{"@id":"https:\/\/www.reconoce.mx\/?p=76879"},"author":{"name":"Reconoce MX","@id":"http:\/\/www.reconoce.mx\/#\/schema\/person\/2117e997d7051dc15d6880eaf9bca0b2"},"headline":"Mew: el indie dan\u00e9s que pertenece a M\u00e9xico","datePublished":"2018-10-02T05:01:08+00:00","dateModified":"2018-10-02T13:39:58+00:00","mainEntityOfPage":{"@id":"https:\/\/www.reconoce.mx\/?p=76879"},"wordCount":240,"commentCount":0,"publisher":{"@id":"http:\/\/www.reconoce.mx\/#organization"},"image":{"@id":"https:\/\/www.reconoce.mx\/?p=76879#primaryimage"},"thumbnailUrl":"http:\/\/www.reconoce.mx\/wp-content\/uploads\/2018\/10\/mew-cover.jpg","articleSection":["Cultura","M\u00fasica","Principal"],"inLanguage":"es","potentialAction":[{"@type":"CommentAction","name":"Comment","target":["https:\/\/www.reconoce.mx\/?p=76879#respond"]}]},{"@type":"WebPage","@id":"https:\/\/www.reconoce.mx\/?p=76879","url":"https:\/\/www.reconoce.mx\/?p=76879","name":"Mew: el indie dan\u00e9s que pertenece a M\u00e9xico &#171; Reconoce MX","isPartOf":{"@id":"http:\/\/www.reconoce.mx\/#website"},"primaryImageOfPage":{"@id":"https:\/\/www.reconoce.mx\/?p=76879#primaryimage"},"image":{"@id":"https:\/\/www.reconoce.mx\/?p=76879#primaryimage"},"thumbnailUrl":"http:\/\/www.reconoce.mx\/wp-content\/uploads\/2018\/10\/mew-cover.jpg","datePublished":"2018-10-02T05:01:08+00:00","dateModified":"2018-10-02T13:39:58+00:00","breadcrumb":{"@id":"https:\/\/www.reconoce.mx\/?p=76879#breadcrumb"},"inLanguage":"es","potentialAction":[{"@type":"ReadAction","target":["https:\/\/www.reconoce.mx\/?p=76879"]}]},{"@type":"ImageObject","inLanguage":"es","@id":"https:\/\/www.reconoce.mx\/?p=76879#primaryimage","url":"http:\/\/www.reconoce.mx\/wp-content\/uploads\/2018\/10\/mew-cover.jpg","contentUrl":"http:\/\/www.reconoce.mx\/wp-content\/uploads\/2018\/10\/mew-cover.jpg","width":590,"height":380},{"@type":"BreadcrumbList","@id":"https:\/\/www.reconoce.mx\/?p=76879#breadcrumb","itemListElement":[{"@type":"ListItem","position":1,"name":"Portada","item":"http:\/\/www.reconoce.mx\/"},{"@type":"ListItem","position":2,"name":"Mew: el indie dan\u00e9s que pertenece a M\u00e9xico"}]},{"@type":"WebSite","@id":"http:\/\/www.reconoce.mx\/#website","url":"http:\/\/www.reconoce.mx\/","name":"Reconoce MX","description":"En Reconoce MX difundimos arte, cultura y conciencia social en M\u00e9xico. Tu ciudad en otra perspectiva.","publisher":{"@id":"http:\/\/www.reconoce.mx\/#organization"},"potentialAction":[{"@type":"SearchAction","target":{"@type":"EntryPoint","urlTemplate":"http:\/\/www.reconoce.mx\/?s={search_term_string}"},"query-input":{"@type":"PropertyValueSpecification","valueRequired":true,"valueName":"search_term_string"}}],"inLanguage":"es"},{"@type":"Organization","@id":"http:\/\/www.reconoce.mx\/#organization","name":"Reconoce MX","url":"http:\/\/www.reconoce.mx\/","logo":{"@type":"ImageObject","inLanguage":"es","@id":"http:\/\/www.reconoce.mx\/#\/schema\/logo\/image\/","url":"https:\/\/www.reconoce.mx\/wp-content\/uploads\/2019\/03\/logorcmx-good-1.png","contentUrl":"https:\/\/www.reconoce.mx\/wp-content\/uploads\/2019\/03\/logorcmx-good-1.png","width":280,"height":90,"caption":"Reconoce MX"},"image":{"@id":"http:\/\/www.reconoce.mx\/#\/schema\/logo\/image\/"},"sameAs":["https:\/\/es-la.facebook.com\/ReconoceMX\/","https:\/\/x.com\/reconocemx","http:\/\/@reconocemx"]},{"@type":"Person","@id":"http:\/\/www.reconoce.mx\/#\/schema\/person\/2117e997d7051dc15d6880eaf9bca0b2","name":"Reconoce MX","image":{"@type":"ImageObject","inLanguage":"es","@id":"http:\/\/www.reconoce.mx\/#\/schema\/person\/image\/","url":"https:\/\/secure.gravatar.com\/avatar\/6c8d4dc7569ca1c90c5fdcc349f839d5ddef6fe1e70b4337ead2ef1a4c43fc3a?s=96&d=identicon&r=g","contentUrl":"https:\/\/secure.gravatar.com\/avatar\/6c8d4dc7569ca1c90c5fdcc349f839d5ddef6fe1e70b4337ead2ef1a4c43fc3a?s=96&d=identicon&r=g","caption":"Reconoce MX"},"description":"Reconoce MX es un proyecto de difusi\u00f3n art\u00edstica, cultural y de conciencia social que est\u00e1 enfocado a difundir y fomentar el entretenimiento alternativo de calidad para todo el p\u00fablico que comparta el mismo entusiasmo.","sameAs":["http:\/\/www.reconoce.mx"],"url":"http:\/\/www.reconoce.mx\/?author=2"}]}},"_links":{"self":[{"href":"http:\/\/www.reconoce.mx\/index.php?rest_route=\/wp\/v2\/posts\/76879","targetHints":{"allow":["GET"]}}],"collection":[{"href":"http:\/\/www.reconoce.mx\/index.php?rest_route=\/wp\/v2\/posts"}],"about":[{"href":"http:\/\/www.reconoce.mx\/index.php?rest_route=\/wp\/v2\/types\/post"}],"author":[{"embeddable":true,"href":"http:\/\/www.reconoce.mx\/index.php?rest_route=\/wp\/v2\/users\/2"}],"replies":[{"embeddable":true,"href":"http:\/\/www.reconoce.mx\/index.php?rest_route=%2Fwp%2Fv2%2Fcomments&post=76879"}],"version-history":[{"count":1,"href":"http:\/\/www.reconoce.mx\/index.php?rest_route=\/wp\/v2\/posts\/76879\/revisions"}],"predecessor-version":[{"id":76882,"href":"http:\/\/www.reconoce.mx\/index.php?rest_route=\/wp\/v2\/posts\/76879\/revisions\/76882"}],"wp:featuredmedia":[{"embeddable":true,"href":"http:\/\/www.reconoce.mx\/index.php?rest_route=\/wp\/v2\/media\/76881"}],"wp:attachment":[{"href":"http:\/\/www.reconoce.mx\/index.php?rest_route=%2Fwp%2Fv2%2Fmedia&parent=76879"}],"wp:term":[{"taxonomy":"category","embeddable":true,"href":"http:\/\/www.reconoce.mx\/index.php?rest_route=%2Fwp%2Fv2%2Fcategories&post=76879"},{"taxonomy":"post_tag","embeddable":true,"href":"http:\/\/www.reconoce.mx\/index.php?rest_route=%2Fwp%2Fv2%2Ftags&post=76879"}],"curies":[{"name":"wp","href":"https:\/\/api.w.org\/{rel}","templated":true}]}}