{"id":76883,"date":"2018-10-02T00:06:58","date_gmt":"2018-10-02T05:06:58","guid":{"rendered":"http:\/\/www.reconoce.mx\/?p=76883"},"modified":"2018-10-02T08:39:00","modified_gmt":"2018-10-02T13:39:00","slug":"2-de-octubre-de-1968-50-anos-sin-olvidar","status":"publish","type":"post","link":"http:\/\/www.reconoce.mx\/?p=76883","title":{"rendered":"2 de octubre de 1968: 50 a\u00f1os sin olvidar"},"content":{"rendered":"<p><strong>Por Fernanda Pazar\u00e1n<\/strong>.<\/p>\n<p>El 2 de octubre no se olvida, han pasado cincuenta a\u00f1os y es un tema que se mantiene vigente por sucesos parecidos. El movimiento estudiantil influy\u00f3 a muchas personas, de distintas universidades, edades y estados. Los j\u00f3venes manifestaron su descontento con la situaci\u00f3n del pa\u00eds. Cuando somos j\u00f3venes tenemos la energ\u00eda para hacer y deshacer, para perseguir los ideales, para usar nuestra libertad. Los millennial somos vistos como ap\u00e1ticos e individualistas, encerrados en un mundo donde los <em>likes<\/em> en redes sociales son lo m\u00e1s importante; y reflexion\u00e1ndolo un poco, ya no es verdad.<\/p>\n<p><a href=\"http:\/\/www.reconoce.mx\/wp-content\/uploads\/2018\/10\/2-de-octubre-2.jpg\"><img loading=\"lazy\" decoding=\"async\" class=\"aligncenter size-full wp-image-76885\" src=\"http:\/\/www.reconoce.mx\/wp-content\/uploads\/2018\/10\/2-de-octubre-2.jpg\" alt=\"\" width=\"590\" height=\"380\" srcset=\"http:\/\/www.reconoce.mx\/wp-content\/uploads\/2018\/10\/2-de-octubre-2.jpg 590w, http:\/\/www.reconoce.mx\/wp-content\/uploads\/2018\/10\/2-de-octubre-2-300x193.jpg 300w, http:\/\/www.reconoce.mx\/wp-content\/uploads\/2018\/10\/2-de-octubre-2-150x97.jpg 150w\" sizes=\"auto, (max-width: 590px) 100vw, 590px\" \/><\/a><\/p>\n<p>Hay muchas versiones de lo que sucedi\u00f3 aquel d\u00eda y un hecho es que jam\u00e1s sabremos cu\u00e1ntas personas perdieron la vida; pero sin lugar a duda, la represi\u00f3n se mantuvo por un par de a\u00f1os despu\u00e9s de la famosa fecha ya que se mantuvieron las persecuciones de estudiantes, j\u00f3venes y cualquier sospechoso, por un par de a\u00f1os m\u00e1s.<\/p>\n<p style=\"padding-left: 30px;\">Lee tambi\u00e9n: \u00ab<a href=\"http:\/\/www.reconoce.mx\/cinco-canciones-para-no-olvidar-el-2-de-octubre\/\" target=\"_blank\" rel=\"noopener\">Cinco canciones para no olvidar el 2 de octubre<\/a>\u00ab.<\/p>\n<p>Todo empez\u00f3 a finales de julio como un enfrentamiento entre estudiantes del <strong>IPN<\/strong> y de la <strong>UNAM<\/strong>, el problema fue que para el gobierno era inaceptable cualquier signo que alterara el orden. En lo personal creo que el entonces presidente, <strong>Gustavo D\u00edaz Ordaz<\/strong>, no tiene tanta responsabilidad en el asunto como <strong>Luis Echeverr\u00eda<\/strong>, el secretario de gobernaci\u00f3n, y posteriormente sucesor del poder ejecutivo y uno de los peores presidentes de nuestra naci\u00f3n. El gobierno comenz\u00f3 a arrestar gente y as\u00ed empezaron las manifestaciones. Primero exig\u00edan que respetaran su integridad f\u00edsica, pero tambi\u00e9n se convirti\u00f3 en un reclamo de la mala administraci\u00f3n de D\u00edaz Ordaz.<\/p>\n<p><a href=\"http:\/\/www.reconoce.mx\/wp-content\/uploads\/2018\/10\/2-de-octubre-3.jpg\"><img loading=\"lazy\" decoding=\"async\" class=\"aligncenter size-full wp-image-76886\" src=\"http:\/\/www.reconoce.mx\/wp-content\/uploads\/2018\/10\/2-de-octubre-3.jpg\" alt=\"\" width=\"590\" height=\"380\" srcset=\"http:\/\/www.reconoce.mx\/wp-content\/uploads\/2018\/10\/2-de-octubre-3.jpg 590w, http:\/\/www.reconoce.mx\/wp-content\/uploads\/2018\/10\/2-de-octubre-3-300x193.jpg 300w, http:\/\/www.reconoce.mx\/wp-content\/uploads\/2018\/10\/2-de-octubre-3-150x97.jpg 150w\" sizes=\"auto, (max-width: 590px) 100vw, 590px\" \/><\/a><\/p>\n<p>Otro problema fue que en la represi\u00f3n intervinieron agentes estadounidenses. En el contexto internacional se viv\u00eda una lucha entre el capitalismo y el socialismo. Nuestro vecino del norte no pod\u00eda permitir que existiera propaganda del \u00ab<strong>Che<\/strong>\u00ab<strong> Guevara<\/strong>, <strong>Marx<\/strong> o <strong>Lenin<\/strong>. El poder de influencia que Estados Unidos ejerce sobre M\u00e9xico no contempla el bienestar de los mexicanos, recordemos la frase de <strong>Porfirio D\u00edaz<\/strong>: \u00abPobre de M\u00e9xico, tan lejos de Dios, y tan cerca de los Estados Unidos\u00bb.<\/p>\n<p style=\"padding-left: 30px;\">Lee tambi\u00e9n: \u00ab<a href=\"http:\/\/www.reconoce.mx\/2-de-octubre-no-se-olvida\/\" target=\"_blank\" rel=\"noopener\">2 de octubre no se olvida<\/a>\u00ab.<\/p>\n<p>Poco funcionaron los intentos de un di\u00e1logo pac\u00edfico, el gobierno no quer\u00eda perder el control y fue as\u00ed como organizaron la matanza en Tlatelolco. Apresaron a muchos estudiantes en Lecumberri, sin importar si eran simpatizantes o no; los torturaron para que dijeran las mentiras necesarias para convertirlos en culpables leg\u00edtimos. A\u00fan as\u00ed, los estudiantes no dejaron de cantar las porras de sus universidades, tampoco La Marsellesa ni La Internacional. El valor y la uni\u00f3n de la gente, es lo que hizo inolvidable esta fecha.<\/p>\n<p><a href=\"http:\/\/www.reconoce.mx\/wp-content\/uploads\/2018\/10\/2-de-octubre-4.jpg\"><img loading=\"lazy\" decoding=\"async\" class=\"aligncenter size-full wp-image-76887\" src=\"http:\/\/www.reconoce.mx\/wp-content\/uploads\/2018\/10\/2-de-octubre-4.jpg\" alt=\"\" width=\"590\" height=\"380\" srcset=\"http:\/\/www.reconoce.mx\/wp-content\/uploads\/2018\/10\/2-de-octubre-4.jpg 590w, http:\/\/www.reconoce.mx\/wp-content\/uploads\/2018\/10\/2-de-octubre-4-300x193.jpg 300w, http:\/\/www.reconoce.mx\/wp-content\/uploads\/2018\/10\/2-de-octubre-4-150x97.jpg 150w\" sizes=\"auto, (max-width: 590px) 100vw, 590px\" \/><\/a><\/p>\n<p>Grandes personajes manifestaron su desacuerdo con el gobierno, uno de ellos fue <strong>Octavio Paz<\/strong> quien renunci\u00f3 como embajador de M\u00e9xico en India argumentando que no representar\u00eda a un gobierno que asesina a su pueblo. <strong>Leonora Carrington<\/strong> hizo una pintura, ella viv\u00eda con el miedo de que sus hijos, estudiantes de la <strong>UNAM<\/strong>, tambi\u00e9n fueran v\u00edctimas del gobierno. Hay muchas manifestaciones art\u00edsticas que hacen referencia al movimiento, como la canci\u00f3n de <strong>Pante\u00f3n Rococ\u00f3<\/strong> titulada \u201cNada pas\u00f3\u201d y el libro \u201cLa noche de Tlatelolco\u201d de <strong>Elena Poniatowska<\/strong>, quien recaud\u00f3 testimonios de gente involucrada en el movimiento. En el libro de Poniatowska uno de los involucrados en el movimiento dijo:<\/p>\n<p style=\"padding-left: 30px;\">Lee tambi\u00e9n: \u00ab<a href=\"http:\/\/www.reconoce.mx\/la-noche-de-tlatelolco-gritos-desde-las-entranas-del-p\/\" target=\"_blank\" rel=\"noopener\">La noche de Tlatelolco, gritos desde las entra\u00f1as de miles de mexicanos<\/a>\u00ab.<\/p>\n<p>\u00abNuestras armas eran la Constituci\u00f3n, nuestras ideas, nuestras movilizaciones legales y pac\u00edficas, nuestros volantes y nuestros peri\u00f3dicos. \u00bfQu\u00e9 todas esas armas eran duras? Claro que lo eran. En este pa\u00eds todo lo que signifique movilizaci\u00f3n espont\u00e1nea del pueblo y los estudiantes, organizaci\u00f3n popular independiente y cr\u00edtica real al desp\u00f3tico gobierno que padecemos, es duro. Esta era la l\u00ednea dura del <strong>CNH<\/strong> y hoy, esencialmente, sigue siendo v\u00e1lida la l\u00ednea dura\u00bb, testimonio de <strong>Eduardo Valle Espinoza<\/strong>.<\/p>\n<p><a href=\"http:\/\/www.reconoce.mx\/wp-content\/uploads\/2018\/10\/2-de-octubre-5.jpg\"><img loading=\"lazy\" decoding=\"async\" class=\"aligncenter size-full wp-image-76888\" src=\"http:\/\/www.reconoce.mx\/wp-content\/uploads\/2018\/10\/2-de-octubre-5.jpg\" alt=\"\" width=\"590\" height=\"380\" srcset=\"http:\/\/www.reconoce.mx\/wp-content\/uploads\/2018\/10\/2-de-octubre-5.jpg 590w, http:\/\/www.reconoce.mx\/wp-content\/uploads\/2018\/10\/2-de-octubre-5-300x193.jpg 300w, http:\/\/www.reconoce.mx\/wp-content\/uploads\/2018\/10\/2-de-octubre-5-150x97.jpg 150w\" sizes=\"auto, (max-width: 590px) 100vw, 590px\" \/><\/a><\/p>\n<p>Mi reflexi\u00f3n sobre lo sucedido es que los j\u00f3venes de aquella \u00e9poca se manifestaron por la represi\u00f3n, la poca libertad de expresi\u00f3n, los presos pol\u00edticos, la corrupci\u00f3n, una econom\u00eda y pol\u00edtica inestable, pobreza y desigualdad. \u00bfAhora estamos exentos de estos problemas? Definitivamente no. El sector de educaci\u00f3n es el que m\u00e1s recibe recursos, es un ejemplo de que no son dirigidos a d\u00f3nde deber\u00edan. Van m\u00e1s de cien periodistas asesinados desde el 2000. Aproximadamente el 43% de la poblaci\u00f3n vive con condici\u00f3n de pobreza. Por estas razones, el movimiento del 68 no se debe olvidar.<\/p>\n<p style=\"padding-left: 30px;\">Lee tambi\u00e9n: \u00ab<a href=\"http:\/\/www.reconoce.mx\/el-paciente-interno-el-hombre-que-quiso-matar-a-diaz-ordaz\/\" target=\"_blank\" rel=\"noopener\">\u2018El paciente interno\u2019, el hombre que quiso matar a D\u00edaz Ordaz<\/a>\u00ab.<\/p>\n<p>Me consuela ver que los millennials manifestaron su desacuerdo con lo sucedido en Ayotzinapa y el movimiento #YoSoy132. Los actos de solidaridad por el sismo del 19 de septiembre del a\u00f1o pasado muestran que no son ego\u00edstas y que hay uni\u00f3n. Con la participaci\u00f3n en las elecciones presidenciales de este a\u00f1o significa que no hay tanta apat\u00eda. Esta generaci\u00f3n que busca un cambio porque los estudiantes no tenemos la vida resuelta por el hecho de tener un t\u00edtulo, porque hay problemas sociales como el cambio clim\u00e1tico y porque se debe exigir el respeto a nuestros derechos. Las manifestaciones de nuestras condiciones sociales, econ\u00f3micas y pol\u00edticas, ahora se hacen un poco diferente, pero no significa que a la juventud actual no le importe y no haga nada al respecto. Es tarea de todos construir un pa\u00eds justo.<\/p>\n<p style=\"text-align: right;\">Fotos: <strong>Omar B\u00e1rcena<\/strong>, <strong>Razi Machay<\/strong>.<\/p>\n<p>&nbsp;<\/p>\n<p>&nbsp;<\/p>\n","protected":false},"excerpt":{"rendered":"<p>El 2 de octubre no se olvida, han pasado cincuenta a\u00f1os y es un tema que se mantiene vigente por sucesos parecidos. El movimiento estudiantil influy\u00f3 a muchas personas, de distintas universidades, edades y estados. Los j\u00f3venes manifestaron su descontento con la situaci\u00f3n del pa\u00eds.<\/p>\n","protected":false},"author":2,"featured_media":76884,"comment_status":"open","ping_status":"open","sticky":false,"template":"","format":"standard","meta":{"footnotes":""},"categories":[43,275,17],"tags":[],"class_list":["post-76883","post","type-post","status-publish","format-standard","has-post-thumbnail","hentry","category-conciencia","category-derechos-humanos","category-principal"],"yoast_head":"<!-- This site is optimized with the Yoast SEO plugin v24.7 - https:\/\/yoast.com\/wordpress\/plugins\/seo\/ -->\n<title>2 de octubre de 1968: 50 a\u00f1os sin olvidar &#171; Reconoce MX<\/title>\n<meta name=\"robots\" content=\"index, follow, max-snippet:-1, max-image-preview:large, max-video-preview:-1\" \/>\n<link rel=\"canonical\" href=\"http:\/\/www.reconoce.mx\/?p=76883\" \/>\n<meta property=\"og:locale\" content=\"es_ES\" \/>\n<meta property=\"og:type\" content=\"article\" \/>\n<meta property=\"og:title\" content=\"2 de octubre de 1968: 50 a\u00f1os sin olvidar &#171; Reconoce MX\" \/>\n<meta property=\"og:description\" content=\"El 2 de octubre no se olvida, han pasado cincuenta a\u00f1os y es un tema que se mantiene vigente por sucesos parecidos. El movimiento estudiantil influy\u00f3 a muchas personas, de distintas universidades, edades y estados. Los j\u00f3venes manifestaron su descontento con la situaci\u00f3n del pa\u00eds.\" \/>\n<meta property=\"og:url\" content=\"http:\/\/www.reconoce.mx\/?p=76883\" \/>\n<meta property=\"og:site_name\" content=\"Reconoce MX\" \/>\n<meta property=\"article:publisher\" content=\"https:\/\/es-la.facebook.com\/ReconoceMX\/\" \/>\n<meta property=\"article:published_time\" content=\"2018-10-02T05:06:58+00:00\" \/>\n<meta property=\"article:modified_time\" content=\"2018-10-02T13:39:00+00:00\" \/>\n<meta property=\"og:image\" content=\"http:\/\/www.reconoce.mx\/wp-content\/uploads\/2018\/10\/2-de-octubre-1.jpg\" \/>\n\t<meta property=\"og:image:width\" content=\"590\" \/>\n\t<meta property=\"og:image:height\" content=\"380\" \/>\n\t<meta property=\"og:image:type\" content=\"image\/jpeg\" \/>\n<meta name=\"author\" content=\"Reconoce MX\" \/>\n<meta name=\"twitter:card\" content=\"summary_large_image\" \/>\n<meta name=\"twitter:creator\" content=\"@reconocemx\" \/>\n<meta name=\"twitter:site\" content=\"@reconocemx\" \/>\n<meta name=\"twitter:label1\" content=\"Escrito por\" \/>\n\t<meta name=\"twitter:data1\" content=\"Reconoce MX\" \/>\n\t<meta name=\"twitter:label2\" content=\"Tiempo de lectura\" \/>\n\t<meta name=\"twitter:data2\" content=\"5 minutos\" \/>\n<script type=\"application\/ld+json\" class=\"yoast-schema-graph\">{\"@context\":\"https:\/\/schema.org\",\"@graph\":[{\"@type\":\"Article\",\"@id\":\"http:\/\/www.reconoce.mx\/?p=76883#article\",\"isPartOf\":{\"@id\":\"http:\/\/www.reconoce.mx\/?p=76883\"},\"author\":{\"name\":\"Reconoce MX\",\"@id\":\"http:\/\/www.reconoce.mx\/#\/schema\/person\/2117e997d7051dc15d6880eaf9bca0b2\"},\"headline\":\"2 de octubre de 1968: 50 a\u00f1os sin olvidar\",\"datePublished\":\"2018-10-02T05:06:58+00:00\",\"dateModified\":\"2018-10-02T13:39:00+00:00\",\"mainEntityOfPage\":{\"@id\":\"http:\/\/www.reconoce.mx\/?p=76883\"},\"wordCount\":979,\"commentCount\":0,\"publisher\":{\"@id\":\"http:\/\/www.reconoce.mx\/#organization\"},\"image\":{\"@id\":\"http:\/\/www.reconoce.mx\/?p=76883#primaryimage\"},\"thumbnailUrl\":\"http:\/\/www.reconoce.mx\/wp-content\/uploads\/2018\/10\/2-de-octubre-1.jpg\",\"articleSection\":[\"Conciencia\",\"Derechos Humanos\",\"Principal\"],\"inLanguage\":\"es\",\"potentialAction\":[{\"@type\":\"CommentAction\",\"name\":\"Comment\",\"target\":[\"http:\/\/www.reconoce.mx\/?p=76883#respond\"]}]},{\"@type\":\"WebPage\",\"@id\":\"http:\/\/www.reconoce.mx\/?p=76883\",\"url\":\"http:\/\/www.reconoce.mx\/?p=76883\",\"name\":\"2 de octubre de 1968: 50 a\u00f1os sin olvidar &#171; Reconoce MX\",\"isPartOf\":{\"@id\":\"http:\/\/www.reconoce.mx\/#website\"},\"primaryImageOfPage\":{\"@id\":\"http:\/\/www.reconoce.mx\/?p=76883#primaryimage\"},\"image\":{\"@id\":\"http:\/\/www.reconoce.mx\/?p=76883#primaryimage\"},\"thumbnailUrl\":\"http:\/\/www.reconoce.mx\/wp-content\/uploads\/2018\/10\/2-de-octubre-1.jpg\",\"datePublished\":\"2018-10-02T05:06:58+00:00\",\"dateModified\":\"2018-10-02T13:39:00+00:00\",\"breadcrumb\":{\"@id\":\"http:\/\/www.reconoce.mx\/?p=76883#breadcrumb\"},\"inLanguage\":\"es\",\"potentialAction\":[{\"@type\":\"ReadAction\",\"target\":[\"http:\/\/www.reconoce.mx\/?p=76883\"]}]},{\"@type\":\"ImageObject\",\"inLanguage\":\"es\",\"@id\":\"http:\/\/www.reconoce.mx\/?p=76883#primaryimage\",\"url\":\"http:\/\/www.reconoce.mx\/wp-content\/uploads\/2018\/10\/2-de-octubre-1.jpg\",\"contentUrl\":\"http:\/\/www.reconoce.mx\/wp-content\/uploads\/2018\/10\/2-de-octubre-1.jpg\",\"width\":590,\"height\":380},{\"@type\":\"BreadcrumbList\",\"@id\":\"http:\/\/www.reconoce.mx\/?p=76883#breadcrumb\",\"itemListElement\":[{\"@type\":\"ListItem\",\"position\":1,\"name\":\"Portada\",\"item\":\"http:\/\/www.reconoce.mx\/\"},{\"@type\":\"ListItem\",\"position\":2,\"name\":\"2 de octubre de 1968: 50 a\u00f1os sin olvidar\"}]},{\"@type\":\"WebSite\",\"@id\":\"http:\/\/www.reconoce.mx\/#website\",\"url\":\"http:\/\/www.reconoce.mx\/\",\"name\":\"Reconoce MX\",\"description\":\"En Reconoce MX difundimos arte, cultura y conciencia social en M\u00e9xico. Tu ciudad en otra perspectiva.\",\"publisher\":{\"@id\":\"http:\/\/www.reconoce.mx\/#organization\"},\"potentialAction\":[{\"@type\":\"SearchAction\",\"target\":{\"@type\":\"EntryPoint\",\"urlTemplate\":\"http:\/\/www.reconoce.mx\/?s={search_term_string}\"},\"query-input\":{\"@type\":\"PropertyValueSpecification\",\"valueRequired\":true,\"valueName\":\"search_term_string\"}}],\"inLanguage\":\"es\"},{\"@type\":\"Organization\",\"@id\":\"http:\/\/www.reconoce.mx\/#organization\",\"name\":\"Reconoce MX\",\"url\":\"http:\/\/www.reconoce.mx\/\",\"logo\":{\"@type\":\"ImageObject\",\"inLanguage\":\"es\",\"@id\":\"http:\/\/www.reconoce.mx\/#\/schema\/logo\/image\/\",\"url\":\"https:\/\/www.reconoce.mx\/wp-content\/uploads\/2019\/03\/logorcmx-good-1.png\",\"contentUrl\":\"https:\/\/www.reconoce.mx\/wp-content\/uploads\/2019\/03\/logorcmx-good-1.png\",\"width\":280,\"height\":90,\"caption\":\"Reconoce MX\"},\"image\":{\"@id\":\"http:\/\/www.reconoce.mx\/#\/schema\/logo\/image\/\"},\"sameAs\":[\"https:\/\/es-la.facebook.com\/ReconoceMX\/\",\"https:\/\/x.com\/reconocemx\",\"http:\/\/@reconocemx\"]},{\"@type\":\"Person\",\"@id\":\"http:\/\/www.reconoce.mx\/#\/schema\/person\/2117e997d7051dc15d6880eaf9bca0b2\",\"name\":\"Reconoce MX\",\"image\":{\"@type\":\"ImageObject\",\"inLanguage\":\"es\",\"@id\":\"http:\/\/www.reconoce.mx\/#\/schema\/person\/image\/\",\"url\":\"https:\/\/secure.gravatar.com\/avatar\/6c8d4dc7569ca1c90c5fdcc349f839d5ddef6fe1e70b4337ead2ef1a4c43fc3a?s=96&d=identicon&r=g\",\"contentUrl\":\"https:\/\/secure.gravatar.com\/avatar\/6c8d4dc7569ca1c90c5fdcc349f839d5ddef6fe1e70b4337ead2ef1a4c43fc3a?s=96&d=identicon&r=g\",\"caption\":\"Reconoce MX\"},\"description\":\"Reconoce MX es un proyecto de difusi\u00f3n art\u00edstica, cultural y de conciencia social que est\u00e1 enfocado a difundir y fomentar el entretenimiento alternativo de calidad para todo el p\u00fablico que comparta el mismo entusiasmo.\",\"sameAs\":[\"http:\/\/www.reconoce.mx\"],\"url\":\"http:\/\/www.reconoce.mx\/?author=2\"}]}<\/script>\n<!-- \/ Yoast SEO plugin. -->","yoast_head_json":{"title":"2 de octubre de 1968: 50 a\u00f1os sin olvidar &#171; Reconoce MX","robots":{"index":"index","follow":"follow","max-snippet":"max-snippet:-1","max-image-preview":"max-image-preview:large","max-video-preview":"max-video-preview:-1"},"canonical":"http:\/\/www.reconoce.mx\/?p=76883","og_locale":"es_ES","og_type":"article","og_title":"2 de octubre de 1968: 50 a\u00f1os sin olvidar &#171; Reconoce MX","og_description":"El 2 de octubre no se olvida, han pasado cincuenta a\u00f1os y es un tema que se mantiene vigente por sucesos parecidos. El movimiento estudiantil influy\u00f3 a muchas personas, de distintas universidades, edades y estados. Los j\u00f3venes manifestaron su descontento con la situaci\u00f3n del pa\u00eds.","og_url":"http:\/\/www.reconoce.mx\/?p=76883","og_site_name":"Reconoce MX","article_publisher":"https:\/\/es-la.facebook.com\/ReconoceMX\/","article_published_time":"2018-10-02T05:06:58+00:00","article_modified_time":"2018-10-02T13:39:00+00:00","og_image":[{"width":590,"height":380,"url":"http:\/\/www.reconoce.mx\/wp-content\/uploads\/2018\/10\/2-de-octubre-1.jpg","type":"image\/jpeg"}],"author":"Reconoce MX","twitter_card":"summary_large_image","twitter_creator":"@reconocemx","twitter_site":"@reconocemx","twitter_misc":{"Escrito por":"Reconoce MX","Tiempo de lectura":"5 minutos"},"schema":{"@context":"https:\/\/schema.org","@graph":[{"@type":"Article","@id":"http:\/\/www.reconoce.mx\/?p=76883#article","isPartOf":{"@id":"http:\/\/www.reconoce.mx\/?p=76883"},"author":{"name":"Reconoce MX","@id":"http:\/\/www.reconoce.mx\/#\/schema\/person\/2117e997d7051dc15d6880eaf9bca0b2"},"headline":"2 de octubre de 1968: 50 a\u00f1os sin olvidar","datePublished":"2018-10-02T05:06:58+00:00","dateModified":"2018-10-02T13:39:00+00:00","mainEntityOfPage":{"@id":"http:\/\/www.reconoce.mx\/?p=76883"},"wordCount":979,"commentCount":0,"publisher":{"@id":"http:\/\/www.reconoce.mx\/#organization"},"image":{"@id":"http:\/\/www.reconoce.mx\/?p=76883#primaryimage"},"thumbnailUrl":"http:\/\/www.reconoce.mx\/wp-content\/uploads\/2018\/10\/2-de-octubre-1.jpg","articleSection":["Conciencia","Derechos Humanos","Principal"],"inLanguage":"es","potentialAction":[{"@type":"CommentAction","name":"Comment","target":["http:\/\/www.reconoce.mx\/?p=76883#respond"]}]},{"@type":"WebPage","@id":"http:\/\/www.reconoce.mx\/?p=76883","url":"http:\/\/www.reconoce.mx\/?p=76883","name":"2 de octubre de 1968: 50 a\u00f1os sin olvidar &#171; Reconoce MX","isPartOf":{"@id":"http:\/\/www.reconoce.mx\/#website"},"primaryImageOfPage":{"@id":"http:\/\/www.reconoce.mx\/?p=76883#primaryimage"},"image":{"@id":"http:\/\/www.reconoce.mx\/?p=76883#primaryimage"},"thumbnailUrl":"http:\/\/www.reconoce.mx\/wp-content\/uploads\/2018\/10\/2-de-octubre-1.jpg","datePublished":"2018-10-02T05:06:58+00:00","dateModified":"2018-10-02T13:39:00+00:00","breadcrumb":{"@id":"http:\/\/www.reconoce.mx\/?p=76883#breadcrumb"},"inLanguage":"es","potentialAction":[{"@type":"ReadAction","target":["http:\/\/www.reconoce.mx\/?p=76883"]}]},{"@type":"ImageObject","inLanguage":"es","@id":"http:\/\/www.reconoce.mx\/?p=76883#primaryimage","url":"http:\/\/www.reconoce.mx\/wp-content\/uploads\/2018\/10\/2-de-octubre-1.jpg","contentUrl":"http:\/\/www.reconoce.mx\/wp-content\/uploads\/2018\/10\/2-de-octubre-1.jpg","width":590,"height":380},{"@type":"BreadcrumbList","@id":"http:\/\/www.reconoce.mx\/?p=76883#breadcrumb","itemListElement":[{"@type":"ListItem","position":1,"name":"Portada","item":"http:\/\/www.reconoce.mx\/"},{"@type":"ListItem","position":2,"name":"2 de octubre de 1968: 50 a\u00f1os sin olvidar"}]},{"@type":"WebSite","@id":"http:\/\/www.reconoce.mx\/#website","url":"http:\/\/www.reconoce.mx\/","name":"Reconoce MX","description":"En Reconoce MX difundimos arte, cultura y conciencia social en M\u00e9xico. Tu ciudad en otra perspectiva.","publisher":{"@id":"http:\/\/www.reconoce.mx\/#organization"},"potentialAction":[{"@type":"SearchAction","target":{"@type":"EntryPoint","urlTemplate":"http:\/\/www.reconoce.mx\/?s={search_term_string}"},"query-input":{"@type":"PropertyValueSpecification","valueRequired":true,"valueName":"search_term_string"}}],"inLanguage":"es"},{"@type":"Organization","@id":"http:\/\/www.reconoce.mx\/#organization","name":"Reconoce MX","url":"http:\/\/www.reconoce.mx\/","logo":{"@type":"ImageObject","inLanguage":"es","@id":"http:\/\/www.reconoce.mx\/#\/schema\/logo\/image\/","url":"https:\/\/www.reconoce.mx\/wp-content\/uploads\/2019\/03\/logorcmx-good-1.png","contentUrl":"https:\/\/www.reconoce.mx\/wp-content\/uploads\/2019\/03\/logorcmx-good-1.png","width":280,"height":90,"caption":"Reconoce MX"},"image":{"@id":"http:\/\/www.reconoce.mx\/#\/schema\/logo\/image\/"},"sameAs":["https:\/\/es-la.facebook.com\/ReconoceMX\/","https:\/\/x.com\/reconocemx","http:\/\/@reconocemx"]},{"@type":"Person","@id":"http:\/\/www.reconoce.mx\/#\/schema\/person\/2117e997d7051dc15d6880eaf9bca0b2","name":"Reconoce MX","image":{"@type":"ImageObject","inLanguage":"es","@id":"http:\/\/www.reconoce.mx\/#\/schema\/person\/image\/","url":"https:\/\/secure.gravatar.com\/avatar\/6c8d4dc7569ca1c90c5fdcc349f839d5ddef6fe1e70b4337ead2ef1a4c43fc3a?s=96&d=identicon&r=g","contentUrl":"https:\/\/secure.gravatar.com\/avatar\/6c8d4dc7569ca1c90c5fdcc349f839d5ddef6fe1e70b4337ead2ef1a4c43fc3a?s=96&d=identicon&r=g","caption":"Reconoce MX"},"description":"Reconoce MX es un proyecto de difusi\u00f3n art\u00edstica, cultural y de conciencia social que est\u00e1 enfocado a difundir y fomentar el entretenimiento alternativo de calidad para todo el p\u00fablico que comparta el mismo entusiasmo.","sameAs":["http:\/\/www.reconoce.mx"],"url":"http:\/\/www.reconoce.mx\/?author=2"}]}},"_links":{"self":[{"href":"http:\/\/www.reconoce.mx\/index.php?rest_route=\/wp\/v2\/posts\/76883","targetHints":{"allow":["GET"]}}],"collection":[{"href":"http:\/\/www.reconoce.mx\/index.php?rest_route=\/wp\/v2\/posts"}],"about":[{"href":"http:\/\/www.reconoce.mx\/index.php?rest_route=\/wp\/v2\/types\/post"}],"author":[{"embeddable":true,"href":"http:\/\/www.reconoce.mx\/index.php?rest_route=\/wp\/v2\/users\/2"}],"replies":[{"embeddable":true,"href":"http:\/\/www.reconoce.mx\/index.php?rest_route=%2Fwp%2Fv2%2Fcomments&post=76883"}],"version-history":[{"count":4,"href":"http:\/\/www.reconoce.mx\/index.php?rest_route=\/wp\/v2\/posts\/76883\/revisions"}],"predecessor-version":[{"id":76901,"href":"http:\/\/www.reconoce.mx\/index.php?rest_route=\/wp\/v2\/posts\/76883\/revisions\/76901"}],"wp:featuredmedia":[{"embeddable":true,"href":"http:\/\/www.reconoce.mx\/index.php?rest_route=\/wp\/v2\/media\/76884"}],"wp:attachment":[{"href":"http:\/\/www.reconoce.mx\/index.php?rest_route=%2Fwp%2Fv2%2Fmedia&parent=76883"}],"wp:term":[{"taxonomy":"category","embeddable":true,"href":"http:\/\/www.reconoce.mx\/index.php?rest_route=%2Fwp%2Fv2%2Fcategories&post=76883"},{"taxonomy":"post_tag","embeddable":true,"href":"http:\/\/www.reconoce.mx\/index.php?rest_route=%2Fwp%2Fv2%2Ftags&post=76883"}],"curies":[{"name":"wp","href":"https:\/\/api.w.org\/{rel}","templated":true}]}}