{"id":76902,"date":"2018-10-02T00:05:26","date_gmt":"2018-10-02T05:05:26","guid":{"rendered":"http:\/\/www.reconoce.mx\/?p=76902"},"modified":"2018-10-02T08:39:10","modified_gmt":"2018-10-02T13:39:10","slug":"2-de-octubre-de-la-parranda-magna","status":"publish","type":"post","link":"http:\/\/www.reconoce.mx\/?p=76902","title":{"rendered":"&#8216;2 de octubre&#8217;, de La Parranda Magna"},"content":{"rendered":"<p><a href=\"http:\/\/www.reconoce.mx\/category\/cultura\/musica\/martes-asfaltoso\/\"><img loading=\"lazy\" decoding=\"async\" class=\"aligncenter size-full wp-image-38360\" src=\"http:\/\/www.reconoce.mx\/wp-content\/uploads\/2015\/06\/Martes.png\" alt=\"Martes\" width=\"550\" height=\"70\" \/><\/a><strong><br \/>\nPor <a title=\"@AsfaltosTweets\" href=\"http:\/\/twitter.com\/AsfaltosTweets\" target=\"_blank\" rel=\"noopener noreferrer\">Asfaltos<\/a><\/strong>.<\/p>\n<p>Un 2 de octubre m\u00e1s, ahora a 50 a\u00f1os de distancia de 1968, pero un 2 de octubre m\u00e1s. En <span style=\"color: #a81f25;\"><strong>Reconoce MX<\/strong> <\/span>mi compa\u00f1era <strong>Fernanda Pazar\u00e1n<\/strong> escribi\u00f3 una reflexi\u00f3n desde su juventud, la misma de quienes murieron, fueron desaparecidos y encarcelados hace 50 a\u00f1os ese infame 2 de octubre de 1968; pasen a leer el texto y observen tambi\u00e9n algunos otros que dedicamos en los pasados 7 a\u00f1os que en <span style=\"color: #a81f25;\"><strong>Reconoce MX<\/strong><\/span> hemos escrito sobre esta fecha. En lo que a m\u00ed respecta, en este <a href=\"http:\/\/www.reconoce.mx\/category\/cultura\/musica\/martes-asfaltoso\/\" target=\"_blank\" rel=\"noopener\">Martes asfaltoso<\/a> dedicado a canciones relacionadas con la capital mexicana, era obvio que tocara el tema tambi\u00e9n.<\/p>\n<style>.embed-container { position: relative; padding-bottom: 56.25%; height: 0; overflow: hidden; max-width: 100%; } .embed-container iframe, .embed-container object, .embed-container embed { position: absolute; top: 0; left: 0; width: 100%; height: 100%; }<\/style>\n<div class=\"embed-container\"><iframe src=\"https:\/\/www.youtube.com\/embed\/LFgWfwF5b3s\" frameborder=\"0\" allowfullscreen=\"allowfullscreen\"><\/iframe><\/div>\n<p>&nbsp;<\/p>\n<p>Estoy a la mitad de la Plaza de las Tres Culturas, en un sitio donde las energ\u00edas son muy densas. Si bien la vida de los muchos vecinos que habitan hoy Tlatelolco hace que el tiempo no se estanque, s\u00ed es cierto que la vibra en ese lugar sigue siendo muy densa. Ah\u00ed cay\u00f3 el \u00faltimo tlatoani mexica, ah\u00ed cayeron las v\u00edctimas del gran sismo de 1985, y ah\u00ed quedaron tambi\u00e9n los sue\u00f1os y anhelos de muchos j\u00f3venes silenciados el 2 de octubre de 1968.<\/p>\n<p>La historia de <strong>La Parranda Magna<\/strong> comienza al sur de Ciudad de M\u00e9xico en un ahora lejano febrero de 2001. Fue en la mism\u00edsima UNAM, en la Facultad de Qu\u00edmica, donde los cinco j\u00f3venes que todav\u00eda integran el proyecto debutaron en vivo para empezar as\u00ed su aventura musical. Su m\u00fasica, entre ska y rock, serv\u00eda como medio de expresi\u00f3n para combinar la vida misma de su juventud. \u00ab2 de octubre\u00bb es el t\u00edtulo de la canci\u00f3n con la que se los presento, tema que <strong>La Parranda Magna<\/strong> dedic\u00f3 a la memoria de quienes sufrieron en esa fecha.<\/p>\n<p>\u00abNo quiero ver en las noticias para saber que en las primeras planas est\u00e1s. Tal vez yo te diga y no te importa, \u00a1no! Cientos de ellos toman las calles pues el 2 de octubre por la masacre, desaparecidos que nunca volvieron a ver la luz. Tal vez hab\u00eda una causa, tal vez insist\u00edan algo que jod\u00eda. Y como siempre aqu\u00ed abarcar\u00eda, prefiero morir. \u00a12 de octubre, 2 de octubre, 2 de octubre, no se olvida! \u00a12 de octubre, 2 de octubre, 2 de octubre, no se olvida! \u00a12 de octubre, 2 de octubre, 2 de octubre, no se olvida! \u00a12 de octubre, 2 de octubre, 2 de octubre, no se olvida!\u00bb<\/p>\n<p>La canci\u00f3n de David Guti\u00e9rrez, Enrique Calder\u00f3n, Alejandro Flores, Andr\u00e9s Equihua y Juan Garc\u00eda, no es quiz\u00e1 de mis favoritas alusivas a la fecha; sin embargo, eso no le quita para nada la energ\u00eda plasmada y reflejada de s\u00ed, j\u00f3venes como los que cayeron, fueron desaparecidos y encarcelados el 2 de octubre de 1968.<\/p>\n<p>Por cierto, <a href=\"http:\/\/www.reconoce.mx\/cinco-canciones-para-no-olvidar-el-2-de-octubre\/\" target=\"_blank\" rel=\"noopener\">adem\u00e1s de las canciones que ya anteriormente he compartido<\/a>, \u00bfqu\u00e9 otras recuerdan relacionadas al 2 de octubre? \u00bfCu\u00e1les dir\u00edan ustedes que son las mejor logradas?<\/p>\n<p>S\u00ed, 2 de octubre no se olvida, y no se debe de olvidar nunca&#8230;<\/p>\n<p>&nbsp;<\/p>\n<p>&nbsp;<\/p>\n","protected":false},"excerpt":{"rendered":"<p>Un 2 de octubre m\u00e1s, ahora a 50 a\u00f1os de distancia de 1968, pero un 2 de octubre m\u00e1s. <\/p>\n","protected":false},"author":2,"featured_media":76903,"comment_status":"open","ping_status":"open","sticky":false,"template":"","format":"standard","meta":{"footnotes":""},"categories":[1,2592,18,17],"tags":[],"class_list":["post-76902","post","type-post","status-publish","format-standard","has-post-thumbnail","hentry","category-cultura","category-martes-asfaltoso","category-musica","category-principal"],"yoast_head":"<!-- This site is optimized with the Yoast SEO plugin v24.7 - https:\/\/yoast.com\/wordpress\/plugins\/seo\/ -->\n<title>&#039;2 de octubre&#039;, de La Parranda Magna &#171; Reconoce MX<\/title>\n<meta name=\"robots\" content=\"index, follow, max-snippet:-1, max-image-preview:large, max-video-preview:-1\" \/>\n<link rel=\"canonical\" href=\"http:\/\/www.reconoce.mx\/?p=76902\" \/>\n<meta property=\"og:locale\" content=\"es_ES\" \/>\n<meta property=\"og:type\" content=\"article\" \/>\n<meta property=\"og:title\" content=\"&#039;2 de octubre&#039;, de La Parranda Magna &#171; Reconoce MX\" \/>\n<meta property=\"og:description\" content=\"Un 2 de octubre m\u00e1s, ahora a 50 a\u00f1os de distancia de 1968, pero un 2 de octubre m\u00e1s.\" \/>\n<meta property=\"og:url\" content=\"http:\/\/www.reconoce.mx\/?p=76902\" \/>\n<meta property=\"og:site_name\" content=\"Reconoce MX\" \/>\n<meta property=\"article:publisher\" content=\"https:\/\/es-la.facebook.com\/ReconoceMX\/\" \/>\n<meta property=\"article:published_time\" content=\"2018-10-02T05:05:26+00:00\" \/>\n<meta property=\"article:modified_time\" content=\"2018-10-02T13:39:10+00:00\" \/>\n<meta property=\"og:image\" content=\"http:\/\/www.reconoce.mx\/wp-content\/uploads\/2018\/10\/tlatelolco-cover.jpg\" \/>\n\t<meta property=\"og:image:width\" content=\"590\" \/>\n\t<meta property=\"og:image:height\" content=\"380\" \/>\n\t<meta property=\"og:image:type\" content=\"image\/jpeg\" \/>\n<meta name=\"author\" content=\"Reconoce MX\" \/>\n<meta name=\"twitter:card\" content=\"summary_large_image\" \/>\n<meta name=\"twitter:creator\" content=\"@reconocemx\" \/>\n<meta name=\"twitter:site\" content=\"@reconocemx\" \/>\n<meta name=\"twitter:label1\" content=\"Escrito por\" \/>\n\t<meta name=\"twitter:data1\" content=\"Reconoce MX\" \/>\n\t<meta name=\"twitter:label2\" content=\"Tiempo de lectura\" \/>\n\t<meta name=\"twitter:data2\" content=\"3 minutos\" \/>\n<script type=\"application\/ld+json\" class=\"yoast-schema-graph\">{\"@context\":\"https:\/\/schema.org\",\"@graph\":[{\"@type\":\"Article\",\"@id\":\"http:\/\/www.reconoce.mx\/?p=76902#article\",\"isPartOf\":{\"@id\":\"http:\/\/www.reconoce.mx\/?p=76902\"},\"author\":{\"name\":\"Reconoce MX\",\"@id\":\"http:\/\/www.reconoce.mx\/#\/schema\/person\/2117e997d7051dc15d6880eaf9bca0b2\"},\"headline\":\"&#8216;2 de octubre&#8217;, de La Parranda Magna\",\"datePublished\":\"2018-10-02T05:05:26+00:00\",\"dateModified\":\"2018-10-02T13:39:10+00:00\",\"mainEntityOfPage\":{\"@id\":\"http:\/\/www.reconoce.mx\/?p=76902\"},\"wordCount\":512,\"commentCount\":0,\"publisher\":{\"@id\":\"http:\/\/www.reconoce.mx\/#organization\"},\"image\":{\"@id\":\"http:\/\/www.reconoce.mx\/?p=76902#primaryimage\"},\"thumbnailUrl\":\"http:\/\/www.reconoce.mx\/wp-content\/uploads\/2018\/10\/tlatelolco-cover.jpg\",\"articleSection\":[\"Cultura\",\"Martes asfaltoso\",\"M\u00fasica\",\"Principal\"],\"inLanguage\":\"es\",\"potentialAction\":[{\"@type\":\"CommentAction\",\"name\":\"Comment\",\"target\":[\"http:\/\/www.reconoce.mx\/?p=76902#respond\"]}]},{\"@type\":\"WebPage\",\"@id\":\"http:\/\/www.reconoce.mx\/?p=76902\",\"url\":\"http:\/\/www.reconoce.mx\/?p=76902\",\"name\":\"'2 de octubre', de La Parranda Magna &#171; Reconoce MX\",\"isPartOf\":{\"@id\":\"http:\/\/www.reconoce.mx\/#website\"},\"primaryImageOfPage\":{\"@id\":\"http:\/\/www.reconoce.mx\/?p=76902#primaryimage\"},\"image\":{\"@id\":\"http:\/\/www.reconoce.mx\/?p=76902#primaryimage\"},\"thumbnailUrl\":\"http:\/\/www.reconoce.mx\/wp-content\/uploads\/2018\/10\/tlatelolco-cover.jpg\",\"datePublished\":\"2018-10-02T05:05:26+00:00\",\"dateModified\":\"2018-10-02T13:39:10+00:00\",\"breadcrumb\":{\"@id\":\"http:\/\/www.reconoce.mx\/?p=76902#breadcrumb\"},\"inLanguage\":\"es\",\"potentialAction\":[{\"@type\":\"ReadAction\",\"target\":[\"http:\/\/www.reconoce.mx\/?p=76902\"]}]},{\"@type\":\"ImageObject\",\"inLanguage\":\"es\",\"@id\":\"http:\/\/www.reconoce.mx\/?p=76902#primaryimage\",\"url\":\"http:\/\/www.reconoce.mx\/wp-content\/uploads\/2018\/10\/tlatelolco-cover.jpg\",\"contentUrl\":\"http:\/\/www.reconoce.mx\/wp-content\/uploads\/2018\/10\/tlatelolco-cover.jpg\",\"width\":590,\"height\":380},{\"@type\":\"BreadcrumbList\",\"@id\":\"http:\/\/www.reconoce.mx\/?p=76902#breadcrumb\",\"itemListElement\":[{\"@type\":\"ListItem\",\"position\":1,\"name\":\"Portada\",\"item\":\"http:\/\/www.reconoce.mx\/\"},{\"@type\":\"ListItem\",\"position\":2,\"name\":\"&#8216;2 de octubre&#8217;, de La Parranda Magna\"}]},{\"@type\":\"WebSite\",\"@id\":\"http:\/\/www.reconoce.mx\/#website\",\"url\":\"http:\/\/www.reconoce.mx\/\",\"name\":\"Reconoce MX\",\"description\":\"En Reconoce MX difundimos arte, cultura y conciencia social en M\u00e9xico. Tu ciudad en otra perspectiva.\",\"publisher\":{\"@id\":\"http:\/\/www.reconoce.mx\/#organization\"},\"potentialAction\":[{\"@type\":\"SearchAction\",\"target\":{\"@type\":\"EntryPoint\",\"urlTemplate\":\"http:\/\/www.reconoce.mx\/?s={search_term_string}\"},\"query-input\":{\"@type\":\"PropertyValueSpecification\",\"valueRequired\":true,\"valueName\":\"search_term_string\"}}],\"inLanguage\":\"es\"},{\"@type\":\"Organization\",\"@id\":\"http:\/\/www.reconoce.mx\/#organization\",\"name\":\"Reconoce MX\",\"url\":\"http:\/\/www.reconoce.mx\/\",\"logo\":{\"@type\":\"ImageObject\",\"inLanguage\":\"es\",\"@id\":\"http:\/\/www.reconoce.mx\/#\/schema\/logo\/image\/\",\"url\":\"https:\/\/www.reconoce.mx\/wp-content\/uploads\/2019\/03\/logorcmx-good-1.png\",\"contentUrl\":\"https:\/\/www.reconoce.mx\/wp-content\/uploads\/2019\/03\/logorcmx-good-1.png\",\"width\":280,\"height\":90,\"caption\":\"Reconoce MX\"},\"image\":{\"@id\":\"http:\/\/www.reconoce.mx\/#\/schema\/logo\/image\/\"},\"sameAs\":[\"https:\/\/es-la.facebook.com\/ReconoceMX\/\",\"https:\/\/x.com\/reconocemx\",\"http:\/\/@reconocemx\"]},{\"@type\":\"Person\",\"@id\":\"http:\/\/www.reconoce.mx\/#\/schema\/person\/2117e997d7051dc15d6880eaf9bca0b2\",\"name\":\"Reconoce MX\",\"image\":{\"@type\":\"ImageObject\",\"inLanguage\":\"es\",\"@id\":\"http:\/\/www.reconoce.mx\/#\/schema\/person\/image\/\",\"url\":\"https:\/\/secure.gravatar.com\/avatar\/6c8d4dc7569ca1c90c5fdcc349f839d5ddef6fe1e70b4337ead2ef1a4c43fc3a?s=96&d=identicon&r=g\",\"contentUrl\":\"https:\/\/secure.gravatar.com\/avatar\/6c8d4dc7569ca1c90c5fdcc349f839d5ddef6fe1e70b4337ead2ef1a4c43fc3a?s=96&d=identicon&r=g\",\"caption\":\"Reconoce MX\"},\"description\":\"Reconoce MX es un proyecto de difusi\u00f3n art\u00edstica, cultural y de conciencia social que est\u00e1 enfocado a difundir y fomentar el entretenimiento alternativo de calidad para todo el p\u00fablico que comparta el mismo entusiasmo.\",\"sameAs\":[\"http:\/\/www.reconoce.mx\"],\"url\":\"http:\/\/www.reconoce.mx\/?author=2\"}]}<\/script>\n<!-- \/ Yoast SEO plugin. -->","yoast_head_json":{"title":"'2 de octubre', de La Parranda Magna &#171; Reconoce MX","robots":{"index":"index","follow":"follow","max-snippet":"max-snippet:-1","max-image-preview":"max-image-preview:large","max-video-preview":"max-video-preview:-1"},"canonical":"http:\/\/www.reconoce.mx\/?p=76902","og_locale":"es_ES","og_type":"article","og_title":"'2 de octubre', de La Parranda Magna &#171; Reconoce MX","og_description":"Un 2 de octubre m\u00e1s, ahora a 50 a\u00f1os de distancia de 1968, pero un 2 de octubre m\u00e1s.","og_url":"http:\/\/www.reconoce.mx\/?p=76902","og_site_name":"Reconoce MX","article_publisher":"https:\/\/es-la.facebook.com\/ReconoceMX\/","article_published_time":"2018-10-02T05:05:26+00:00","article_modified_time":"2018-10-02T13:39:10+00:00","og_image":[{"width":590,"height":380,"url":"http:\/\/www.reconoce.mx\/wp-content\/uploads\/2018\/10\/tlatelolco-cover.jpg","type":"image\/jpeg"}],"author":"Reconoce MX","twitter_card":"summary_large_image","twitter_creator":"@reconocemx","twitter_site":"@reconocemx","twitter_misc":{"Escrito por":"Reconoce MX","Tiempo de lectura":"3 minutos"},"schema":{"@context":"https:\/\/schema.org","@graph":[{"@type":"Article","@id":"http:\/\/www.reconoce.mx\/?p=76902#article","isPartOf":{"@id":"http:\/\/www.reconoce.mx\/?p=76902"},"author":{"name":"Reconoce MX","@id":"http:\/\/www.reconoce.mx\/#\/schema\/person\/2117e997d7051dc15d6880eaf9bca0b2"},"headline":"&#8216;2 de octubre&#8217;, de La Parranda Magna","datePublished":"2018-10-02T05:05:26+00:00","dateModified":"2018-10-02T13:39:10+00:00","mainEntityOfPage":{"@id":"http:\/\/www.reconoce.mx\/?p=76902"},"wordCount":512,"commentCount":0,"publisher":{"@id":"http:\/\/www.reconoce.mx\/#organization"},"image":{"@id":"http:\/\/www.reconoce.mx\/?p=76902#primaryimage"},"thumbnailUrl":"http:\/\/www.reconoce.mx\/wp-content\/uploads\/2018\/10\/tlatelolco-cover.jpg","articleSection":["Cultura","Martes asfaltoso","M\u00fasica","Principal"],"inLanguage":"es","potentialAction":[{"@type":"CommentAction","name":"Comment","target":["http:\/\/www.reconoce.mx\/?p=76902#respond"]}]},{"@type":"WebPage","@id":"http:\/\/www.reconoce.mx\/?p=76902","url":"http:\/\/www.reconoce.mx\/?p=76902","name":"'2 de octubre', de La Parranda Magna &#171; Reconoce MX","isPartOf":{"@id":"http:\/\/www.reconoce.mx\/#website"},"primaryImageOfPage":{"@id":"http:\/\/www.reconoce.mx\/?p=76902#primaryimage"},"image":{"@id":"http:\/\/www.reconoce.mx\/?p=76902#primaryimage"},"thumbnailUrl":"http:\/\/www.reconoce.mx\/wp-content\/uploads\/2018\/10\/tlatelolco-cover.jpg","datePublished":"2018-10-02T05:05:26+00:00","dateModified":"2018-10-02T13:39:10+00:00","breadcrumb":{"@id":"http:\/\/www.reconoce.mx\/?p=76902#breadcrumb"},"inLanguage":"es","potentialAction":[{"@type":"ReadAction","target":["http:\/\/www.reconoce.mx\/?p=76902"]}]},{"@type":"ImageObject","inLanguage":"es","@id":"http:\/\/www.reconoce.mx\/?p=76902#primaryimage","url":"http:\/\/www.reconoce.mx\/wp-content\/uploads\/2018\/10\/tlatelolco-cover.jpg","contentUrl":"http:\/\/www.reconoce.mx\/wp-content\/uploads\/2018\/10\/tlatelolco-cover.jpg","width":590,"height":380},{"@type":"BreadcrumbList","@id":"http:\/\/www.reconoce.mx\/?p=76902#breadcrumb","itemListElement":[{"@type":"ListItem","position":1,"name":"Portada","item":"http:\/\/www.reconoce.mx\/"},{"@type":"ListItem","position":2,"name":"&#8216;2 de octubre&#8217;, de La Parranda Magna"}]},{"@type":"WebSite","@id":"http:\/\/www.reconoce.mx\/#website","url":"http:\/\/www.reconoce.mx\/","name":"Reconoce MX","description":"En Reconoce MX difundimos arte, cultura y conciencia social en M\u00e9xico. Tu ciudad en otra perspectiva.","publisher":{"@id":"http:\/\/www.reconoce.mx\/#organization"},"potentialAction":[{"@type":"SearchAction","target":{"@type":"EntryPoint","urlTemplate":"http:\/\/www.reconoce.mx\/?s={search_term_string}"},"query-input":{"@type":"PropertyValueSpecification","valueRequired":true,"valueName":"search_term_string"}}],"inLanguage":"es"},{"@type":"Organization","@id":"http:\/\/www.reconoce.mx\/#organization","name":"Reconoce MX","url":"http:\/\/www.reconoce.mx\/","logo":{"@type":"ImageObject","inLanguage":"es","@id":"http:\/\/www.reconoce.mx\/#\/schema\/logo\/image\/","url":"https:\/\/www.reconoce.mx\/wp-content\/uploads\/2019\/03\/logorcmx-good-1.png","contentUrl":"https:\/\/www.reconoce.mx\/wp-content\/uploads\/2019\/03\/logorcmx-good-1.png","width":280,"height":90,"caption":"Reconoce MX"},"image":{"@id":"http:\/\/www.reconoce.mx\/#\/schema\/logo\/image\/"},"sameAs":["https:\/\/es-la.facebook.com\/ReconoceMX\/","https:\/\/x.com\/reconocemx","http:\/\/@reconocemx"]},{"@type":"Person","@id":"http:\/\/www.reconoce.mx\/#\/schema\/person\/2117e997d7051dc15d6880eaf9bca0b2","name":"Reconoce MX","image":{"@type":"ImageObject","inLanguage":"es","@id":"http:\/\/www.reconoce.mx\/#\/schema\/person\/image\/","url":"https:\/\/secure.gravatar.com\/avatar\/6c8d4dc7569ca1c90c5fdcc349f839d5ddef6fe1e70b4337ead2ef1a4c43fc3a?s=96&d=identicon&r=g","contentUrl":"https:\/\/secure.gravatar.com\/avatar\/6c8d4dc7569ca1c90c5fdcc349f839d5ddef6fe1e70b4337ead2ef1a4c43fc3a?s=96&d=identicon&r=g","caption":"Reconoce MX"},"description":"Reconoce MX es un proyecto de difusi\u00f3n art\u00edstica, cultural y de conciencia social que est\u00e1 enfocado a difundir y fomentar el entretenimiento alternativo de calidad para todo el p\u00fablico que comparta el mismo entusiasmo.","sameAs":["http:\/\/www.reconoce.mx"],"url":"http:\/\/www.reconoce.mx\/?author=2"}]}},"_links":{"self":[{"href":"http:\/\/www.reconoce.mx\/index.php?rest_route=\/wp\/v2\/posts\/76902","targetHints":{"allow":["GET"]}}],"collection":[{"href":"http:\/\/www.reconoce.mx\/index.php?rest_route=\/wp\/v2\/posts"}],"about":[{"href":"http:\/\/www.reconoce.mx\/index.php?rest_route=\/wp\/v2\/types\/post"}],"author":[{"embeddable":true,"href":"http:\/\/www.reconoce.mx\/index.php?rest_route=\/wp\/v2\/users\/2"}],"replies":[{"embeddable":true,"href":"http:\/\/www.reconoce.mx\/index.php?rest_route=%2Fwp%2Fv2%2Fcomments&post=76902"}],"version-history":[{"count":3,"href":"http:\/\/www.reconoce.mx\/index.php?rest_route=\/wp\/v2\/posts\/76902\/revisions"}],"predecessor-version":[{"id":76906,"href":"http:\/\/www.reconoce.mx\/index.php?rest_route=\/wp\/v2\/posts\/76902\/revisions\/76906"}],"wp:featuredmedia":[{"embeddable":true,"href":"http:\/\/www.reconoce.mx\/index.php?rest_route=\/wp\/v2\/media\/76903"}],"wp:attachment":[{"href":"http:\/\/www.reconoce.mx\/index.php?rest_route=%2Fwp%2Fv2%2Fmedia&parent=76902"}],"wp:term":[{"taxonomy":"category","embeddable":true,"href":"http:\/\/www.reconoce.mx\/index.php?rest_route=%2Fwp%2Fv2%2Fcategories&post=76902"},{"taxonomy":"post_tag","embeddable":true,"href":"http:\/\/www.reconoce.mx\/index.php?rest_route=%2Fwp%2Fv2%2Ftags&post=76902"}],"curies":[{"name":"wp","href":"https:\/\/api.w.org\/{rel}","templated":true}]}}