{"id":76907,"date":"2018-10-03T00:06:43","date_gmt":"2018-10-03T05:06:43","guid":{"rendered":"http:\/\/www.reconoce.mx\/?p=76907"},"modified":"2018-10-03T13:47:19","modified_gmt":"2018-10-03T18:47:19","slug":"vrfestmx2018-responsabilidad-e-innovacion-social","status":"publish","type":"post","link":"http:\/\/www.reconoce.mx\/?p=76907","title":{"rendered":"#VRFESTMX2018: responsabilidad e innovaci\u00f3n social"},"content":{"rendered":"<p><strong>Texto por <a href=\"https:\/\/twitter.com\/AsfaltosTweets\" target=\"_blank\" rel=\"noopener\">Asfaltos<\/a><\/strong>.<br \/>\n<strong>Fotos por Berenice Alamilla Monta\u00f1o<\/strong>.<\/p>\n<p>El pasado fin de semana se realiz\u00f3 en la <strong>Universidad de la Comunicaci\u00f3n<\/strong> y en el <strong>SAE Institute M\u00e9xico<\/strong>, el <strong>VR FEST MX 2018<\/strong>, la tercera edici\u00f3n del festival internacional de realidad virtual m\u00e1s importante de M\u00e9xico y Am\u00e9rica Latina. La experiencia resulta siempre imperdible, pues con cada edici\u00f3n nosotros vamos siendo testigos de las novedades de una tecnolog\u00eda en constante y muy veloz desarrollo. El enfoque de los proyectos este a\u00f1o fue el de responsabilidad e innovaci\u00f3n social.<\/p>\n<p>A nivel personal debo decir que me parece una experiencia alucinante. La realidad virtual era para m\u00ed algo ajeno y lejano; hace ya mucho tiempo que dej\u00e9 de jugar videojuegos, por lo que inclusive tampoco estaba familiarizado con la tecnolog\u00eda en esa \u00e1rea. Recientemente por el cine me acerqu\u00e9 a ella, y en cuanto lo hice gracias precisamente al <strong>VR FEST MX<\/strong>, qued\u00e9 absolutamente asombrado. El pasado s\u00e1bado 29 de septiembre realic\u00e9 un recorrido por los distintos stands al interior de la <strong>Universidad de la Comunicaci\u00f3n<\/strong>. Ac\u00e1 el resultado de mi curiosidad.<\/p>\n<p><img loading=\"lazy\" decoding=\"async\" class=\"alignnone size-full\" src=\"https:\/\/c1.staticflickr.com\/2\/1960\/44966554632_8106140455_c.jpg\" width=\"800\" height=\"534\" \/><\/p>\n<p><strong><em>&gt;&gt;<a href=\"https:\/\/www.flickr.com\/photos\/reconocemx\/albums\/72157696061504040\" target=\"_blank\" rel=\"noopener\">Disfruta nuestra galer\u00eda completa del #VRFESTMX2018<\/a>&lt;&lt;<\/em><\/strong><\/p>\n<h1><strong>\u00abLos ni\u00f1os crean conciencia a trav\u00e9s de la tecnolog\u00eda\u00bb<\/strong><\/h1>\n<p>Mientras recorr\u00eda las muchas experiencias que se pod\u00edan disfrutar en el <strong>VR FEST MX<\/strong>, me llam\u00f3 la atenci\u00f3n un ni\u00f1o al que los gu\u00edas iban explic\u00e1ndole, siempre en presencia de su pap\u00e1, c\u00f3mo ir viviendo todo lo que experimentaba. No hace poco la beb\u00e9 de apenas a\u00f1o y cacho de una amiga, me sorprend\u00eda por su manejo tan natural de un celular; \u00abinclusive quita ya ella sola el seguro para menores\u00bb, me confesaba; \u00abpues claro\u00bb, me dec\u00eda yo, \u00abla tecnolog\u00eda es tan natural para ellos, pues nacen todav\u00eda m\u00e1s con ella\u00bb.<\/p>\n<p>En el \u00e1rea de <strong>Vortex VR<\/strong>, donde disfrut\u00e9 del recorrido \u00abAnne Frank House VR\u00bb, tuve la oportunidad de platicar con <strong>Arturo Barajas<\/strong>, production manager de esa empresa.<\/p>\n<p><img loading=\"lazy\" decoding=\"async\" class=\"alignnone size-full\" src=\"https:\/\/c1.staticflickr.com\/2\/1944\/43203441380_703a931ce8_k.jpg\" width=\"1365\" height=\"2048\" \/><\/p>\n<p><strong><em>&gt;&gt;<a href=\"https:\/\/www.flickr.com\/photos\/reconocemx\/albums\/72157696061504040\" target=\"_blank\" rel=\"noopener\">Disfruta nuestra galer\u00eda completa del #VRFESTMX2018<\/a>&lt;&lt;<\/em><\/strong><\/p>\n<p><span style=\"color: #a81f25;\"><strong>Reconoce MX<\/strong><\/span>: \u00bfViven los ni\u00f1os de manera distinta a como lo hacemos nosotros, la tecnolog\u00eda VR?<\/p>\n<p><strong><span style=\"color: #0aa650;\">Arturo Barajas<\/span><\/strong>: S\u00ed, f\u00edjate que tenemos un programa piloto que hemos implementado ya con alrededor de unos 6,000 usuarios que van desde desde preescolar hasta universidad, y hay un rompimiento en la cuesti\u00f3n de la aceptaci\u00f3n de estos sistemas en el sentido de que los ni\u00f1os crean conciencia a trav\u00e9s de la tecnolog\u00eda; y los adolescentes ya no, pues lo ven m\u00e1s como una parte del entretenimiento. Es decir, a un adolescente si no le ofreces entretenimiento, es m\u00e1s dif\u00edcil que le puedas llegar; pero los ni\u00f1os, entre los que hemos tenido inclusive usuarios con problemas psicomotrices, han respondido de una manera incre\u00edble: empiezan a tener movimiento. Hemos tratado personas con fobia por ejemplo a sumergirse en el agua o a andar en las alturas, y de repente con los sistemas reaccionan de una manera muy distinta; la gente se va muy agradecida, tanto que nos dicen: \u00aboye, yo no pod\u00eda meter ni siquiera un pie al mar y gracias a ustedes pude finalmente nadar con delfines y con ballenas\u00bb. Ni\u00f1os con autismo en cuanto les pones el sistema, ya se permiten contacto con las dem\u00e1s personas y hasta empiezan a desarrollar m\u00e1s sonrisas y una comunicaci\u00f3n m\u00e1s efectiva. Para nosotros, entonces, tiene mucha val\u00eda esta aplicaci\u00f3n de la tecnolog\u00eda con personas con estas condiciones.<\/p>\n<p><span style=\"color: #a81f25;\"><strong>RCMX<\/strong><\/span>: Imagino con esta informaci\u00f3n que me revelas, los desarrolladores se nutren para futuras aplicaciones.<\/p>\n<p><span style=\"color: #0aa650;\"><strong>AB<\/strong><\/span>: S\u00ed, de hecho el sistema da para mucho, pero desafortunadamente en M\u00e9xico nuestra relaci\u00f3n con la realidad virtual es limitada. En un programa piloto, por ejemplo, hemos podido implementar cuestiones de medicina en donde los ni\u00f1os ya pueden y quieren conocer el cuerpo humano por dentro: por ejemplo c\u00f3mo funcionan las v\u00e1lvulas de su coraz\u00f3n, tratan de comprender un poco m\u00e1s. Es incre\u00edble cuando les pones por ejemplo el proceso de la sinapsis con el cerebro y cuando observan al interior de \u00e9ste ese intercambio de informaci\u00f3n. Los desarrolladores lo tomamos entonces todo eso mucho en cuenta para poder enfocarnos en saber hacia d\u00f3nde podemos dirigir todos nuestros esfuerzos en cuesti\u00f3n de educaci\u00f3n.<\/p>\n<p><strong>Vortex VR<\/strong><\/p>\n<p><a href=\"https:\/\/www.facebook.com\/VortexVRmx\/\" target=\"_blank\" rel=\"noopener\">facebook<\/a> | <a href=\"https:\/\/twitter.com\/VORTEX_VR?lang=es\" target=\"_blank\" rel=\"noopener\">twitter <\/a><\/p>\n<h1><strong>\u00abPromoci\u00f3n efectiva del turismo\u00bb<\/strong><\/h1>\n<p>Ah\u00ed cerca, en un cuarto conjunto, me asom\u00e9 al \u00e1rea de <strong>Virtualware<\/strong> donde platiqu\u00e9 con el director de tecnolog\u00edas <strong>Erick Gavi\u00f1o<\/strong>. Erick presentaba en ese momento dos experiencias en VR, una de ellas una recreaci\u00f3n de la visita a uno de los santuarios de las Mariposas Monarca en Michoac\u00e1n, M\u00e9xico.<\/p>\n<p><img loading=\"lazy\" decoding=\"async\" class=\"alignnone size-full\" src=\"https:\/\/c1.staticflickr.com\/2\/1927\/30078564867_5e86b45d2b_c.jpg\" width=\"800\" height=\"534\" \/><\/p>\n<p><strong><em>&gt;&gt;<a href=\"https:\/\/www.flickr.com\/photos\/reconocemx\/albums\/72157696061504040\" target=\"_blank\" rel=\"noopener\">Disfruta nuestra galer\u00eda completa del #VRFESTMX2018<\/a>&lt;&lt;<\/em><\/strong><\/p>\n<p><strong><span style=\"color: #0aa650;\">Erick Gavi\u00f1o<\/span><\/strong>: En <strong>Virtualware<\/strong> hacemos desarrollos de aplicaciones en realidad virtual, realidad aumentada y de tecnolog\u00eda t\u00e1ctil. <strong>Virtualware<\/strong> es una empresa que originalmente naci\u00f3 en Espa\u00f1a, pero que tiene una filial en M\u00e9xico. Tanto en M\u00e9xico como en Espa\u00f1a se hacen desarrollos, todos en casa.<\/p>\n<p><strong><span style=\"color: #a81f25;\">Reconoce MX<\/span><\/strong>: Cu\u00e9ntanos un poco m\u00e1s de esta visita virtual con las Mariposa Monarca.<\/p>\n<p><strong><span style=\"color: #0aa650;\">EG<\/span><\/strong>: La utilizamos para promocionar un poco del turismo en M\u00e9xico. La presentamos en ferias internacionales. Nos llevamos esta aplicaci\u00f3n a Alemania, Reino Unido, a varias partes del mundo. Usamos este tipo de promoci\u00f3n para el turismo en M\u00e9xico y para concienciar a las personas sobre el tema de las mariposas. Por ejemplo, les explicamos un poco c\u00f3mo es su ciclo de vida, su fisiolog\u00eda y hasta llegamos a la parte de la migraci\u00f3n donde se aparean.<\/p>\n<p><span style=\"color: #a81f25;\"><strong>RCMX<\/strong><\/span>: \u00bfC\u00f3mo han reaccionado quienes experimentan este viaje a trav\u00e9s de la realidad virtual?<\/p>\n<p><strong><span style=\"color: #0aa650;\">EG<\/span><\/strong>: Salen siempre encantados de lo que ven, y la verdad les gusta demasiado porque logran convivir un poco con las mariposas. S\u00ed, todo es virtual, pero ellos tienen con ese recorrido una experiencia un poco real porque les encanta ver las mariposas.<\/p>\n<p><strong>Virtualware<\/strong><br \/>\n<a href=\"http:\/\/virtualwaregroup.com\/es\" target=\"_blank\" rel=\"noopener\">sitio web<\/a> | <a href=\"https:\/\/www.facebook.com\/virtualware\/\" target=\"_blank\" rel=\"noopener\">facebook<\/a> | <a href=\"https:\/\/twitter.com\/virtualware?lang=es\" target=\"_blank\" rel=\"noopener\">twitter <\/a><\/p>\n<h1><strong>\u00abTrasladar proceso de capacitaci\u00f3n de riesgo a entornos seguro en un mundo virtual\u00bb<\/strong><\/h1>\n<p>Adentr\u00e1ndome un poco m\u00e1s en la zona de experiencias del <strong>VR FEST MX<\/strong>, llegu\u00e9 con la gente de<strong> GameCoder Studios<\/strong> y <strong>Renderfarm Studios<\/strong>. Ah\u00ed platiqu\u00e9 con <strong>Evandro Patr\u00f3n<\/strong>, quien me platic\u00f3 que ambos estudios unen esfuerzos para el desarrollo de experiencias virtuales como la realidad virtual, la realidad aumentada, los videojuegos, el transmedia y otras aplicaciones digitales como tal. <strong>Renderfarm Studios<\/strong> se dedican a la parte art\u00edstica de los proyectos, mientras que <strong>GameCoder<\/strong> se hacen cargo de la parte t\u00e9cnica de \u00e9stos.<\/p>\n<p>La experiencia que experiment\u00e9 fue la de una capacitaci\u00f3n realizada para <strong>Pemex<\/strong> en una plataforma petrolera. \u00c9sto forma parte del \u00e1rea de servicios que las dos empresas promocionan.<\/p>\n<p><img loading=\"lazy\" decoding=\"async\" class=\"alignnone size-full\" src=\"https:\/\/c1.staticflickr.com\/2\/1948\/31142329578_8348a5a102_c.jpg\" width=\"800\" height=\"534\" \/><\/p>\n<p><strong><em>&gt;&gt;<a href=\"https:\/\/www.flickr.com\/photos\/reconocemx\/albums\/72157696061504040\" target=\"_blank\" rel=\"noopener\">Disfruta nuestra galer\u00eda completa del #VRFESTMX2018<\/a>&lt;&lt;<\/em><\/strong><\/p>\n<p><strong><span style=\"color: #0aa650;\">Evandro Patr\u00f3n<\/span><\/strong>: Esta \u00e1rea de servicios la empezamos primero en las \u00e1reas de marketing de las empresas, pero luego nos empezamos a dar cuenta que pod\u00edamos hacer m\u00e1s interactividad con los ambientes que realizamos y as\u00ed poder generar capacitaciones de entrenamiento donde pod\u00edamos transmitir conocimiento que se considerara en un futuro ya como parte de la capacitaci\u00f3n con certificaci\u00f3n del usuario. Transportamos todo un procedimiento que es muy peligroso al mundo virtual.<\/p>\n<p>El mismo Evandro me coloca los visores y me entrega dos controles con los que simulo mis manos en el entorno virtual. S\u00ed, es la primera y quiz\u00e1 \u00fanica vez que pise una plataforma petrolera, aunque \u00e9sta sea virtual&#8230; Eso cuenta, \u00bfno?<\/p>\n<p><strong><span style=\"color: #0aa650;\">EP<\/span><\/strong>: Como ves, este es un trabajo en las alturas donde tienes que subir a varios chavos en un andamio para mostrarles c\u00f3mo cambiar un man\u00f3metro. \u00c9sto en la vida real es muy peligroso por la altura, por las herramientas que se puedan caer; por lo que nosotros todos estos procedimientos los aplicamos en realidad virtual, meti\u00e9ndole toda la interactividad necesaria para que fuera de acuerdo a una metodolog\u00eda, y ahorrarles ese peligro. Evolucionamos los procesos ya que \u00e9stos pueden llegar a ser muy costosos porque se tiene que pagar a un instructor, pagar un transporte, trasladar al personal. Los costos son tan elevados, que resulta mejor simplemente comprar el equipo y que posteriormente nosotros desarrollemos la experiencia para la capacitaci\u00f3n que necesitan en cierto procedimiento espec\u00edfico. Resulta mejor en todos los sentidos.<\/p>\n<p>En ambas empresas me cuenta Evandro que suman actualmente 38 personas trabajando, pero que irse ampliando es algo natural. El perfil de profesionales que suman ambas empresas provienen del hilo inform\u00e1tico en lo que se refiere a la programaci\u00f3n de las experiencias, pero tambi\u00e9n a quienes se dedican a las \u00e1reas digitales. \u00abCualquier persona puede participar, mas bien consiste en qu\u00e9 perfil necesita cualquier proyecto\u00bb, me confiesa.<\/p>\n<p><strong>Renderfarm Studios<\/strong><br \/>\n<a href=\"https:\/\/www.renderfarm.com.mx\/\" target=\"_blank\" rel=\"noopener\">sitio web<\/a> | <a href=\"https:\/\/www.facebook.com\/RenderFarmStudios\/\" target=\"_blank\" rel=\"noopener\">facebook<\/a> | <a href=\"https:\/\/twitter.com\/renderfarmstudi\" target=\"_blank\" rel=\"noopener\">twitter<\/a><\/p>\n<p><strong>GameCoder Studios<\/strong><br \/>\n<a href=\"http:\/\/www.gamecoderstudios.com\/\" target=\"_blank\" rel=\"noopener\">sitio web<\/a> | <a href=\"https:\/\/www.facebook.com\/GameCoderStudios\/\" target=\"_blank\" rel=\"noopener\">facebook<\/a> | <a href=\"https:\/\/twitter.com\/GameCoder_Team\" target=\"_blank\" rel=\"noopener\">twitter <\/a><\/p>\n<h1><strong>\u00abQueremos convertirnos en un estudio de trabajo con conciencia social\u00bb<\/strong><\/h1>\n<p>Tras probar varios visores y experiencias, decido detenerme un poco y platicar simplemente. No es que me mare\u00e9 (ya que como me dicen los desarrolladores, si eso sucede es porque est\u00e1 mal hecho), el asunto es que sufro cierto grado de agorafobia, que no es otra cosa que la fobia a los espacios abiertos. S\u00ed, ya se imaginar\u00e1n c\u00f3mo me pongo entonces con la realidad virtual, \u00abpero el deber informativo es primero\u00bb, me digo como mantra.<\/p>\n<p>Me acerco entonces al estudio de <strong>House of the Dev<\/strong>, donde platico con su fundador<strong> C\u00e9sar Banda<\/strong>.<\/p>\n<p><img loading=\"lazy\" decoding=\"async\" class=\"alignnone size-full\" src=\"https:\/\/c1.staticflickr.com\/2\/1940\/31142367478_2e0fd4a9b7_c.jpg\" width=\"800\" height=\"534\" \/><\/p>\n<p><strong><em>&gt;&gt;<a href=\"https:\/\/www.flickr.com\/photos\/reconocemx\/albums\/72157696061504040\" target=\"_blank\" rel=\"noopener\">Disfruta nuestra galer\u00eda completa del #VRFESTMX2018<\/a>&lt;&lt;<\/em><\/strong><\/p>\n<p><strong><span style=\"color: #0aa650;\">C\u00e9sar Banda<\/span><\/strong>: Somos un estudio desarrollador de videojuegos mexicano que desde hace tres a\u00f1os trabaja principalmente con realidad virtual. Hoy en d\u00eda nos diversificamos a varias plataformas y lo que hacemos es que somos uno de los estudios con mayor calidad de Am\u00e9rica Latina. Tratamos siempre de tener las mejores pr\u00e1cticas y los mejores flujos de trabajo para entregar los mejores productos. Actualmente nos concentramos mucho en aplicaciones para la industria inmobiliaria, para la construcci\u00f3n y el turismo; sin embargo estamos trabajando desde hace tiempo con estudios de videojuegos en M\u00e9xico. Nuestro objetivo desde 2019 es crecer y convertirnos en un estudio de trabajo con mayor conciencia social en cuanto al equipo de trabajo, ya que en muchos de los lugares nuestros compa\u00f1eros son sobre explotados y mal pagados, y eso hace que no tengan tanta productividad.<\/p>\n<p><span style=\"color: #a81f25;\"><strong>Reconoce MX<\/strong><\/span>: \u00bfA nivel mundial o en M\u00e9xico?<\/p>\n<p><strong><span style=\"color: #0aa650;\">CB<\/span><\/strong>: A nivel mundial, pero peor tantito en M\u00e9xico. En M\u00e9xico tengo muchos amigos que trabajan en muchos estudios de aqu\u00ed que de plano se la pasan muy mal. Algunos est\u00e1n en condiciones inclusive de suicidio. Eso es algo que da\u00f1a mucho la industria a futuro, ya que a fin de cuentas el equipo de trabajo es la materia prima del desarrollo de aplicaciones, por lo que si no cuidamos eso no podr\u00e1n haber aplicaciones y con el tiempo dejaremos una mala imagen a nivel mundial. Eso es algo de lo que tenemos que cambiar aqu\u00ed en M\u00e9xico. Tenemos mucho potencial para estar al nivel de otros pa\u00edses de Europa, o como Canad\u00e1 y Estados Unidos en cuanto a desarrollo de aplicaciones y videojuegos, sin embargo \u00e9sto nos est\u00e1 frenando mucho y es algo que se tiene que cambiar desde adentro.<\/p>\n<p><span style=\"color: #a81f25;\"><strong>RCMX<\/strong><\/span>: El abrir mercado en las industrias que se\u00f1alas va justo encaminado a ese objetivo.<\/p>\n<p><span style=\"color: #0aa650;\"><strong>CB<\/strong><\/span>: S\u00ed, justo, abrir m\u00e1s mercado para ofrecer m\u00e1s productos y \u00e9stos desarrollarlos con un buen flujo de trabajo que nos permita realizarlos en poco tiempo y cobrando lo justo, con lo cual se nos permita tener capital para tener al equipo de trabajo bien pagado. Eso genera entonces que ellos est\u00e9n bien, que puedan experimentar y crear nuevas formas de trabajo, y siempre con la mayor calidad manteni\u00e9ndose a la vanguardia.<\/p>\n<p>Los desarrollos de <strong>House of the Dev<\/strong> permiten por ejemplo promocionar un hotel en distintas partes del mundo, mostrando tal cual la experiencia que se vivir\u00eda; por ejemplo con c\u00f3mo es en realidad la interacci\u00f3n de las personas. Los desarrollos ayudan tambi\u00e9n en la venta de inmuebles, en por ejemplo un edificio, donde se ahorra uno el costo de un departamento muestra que posteriormente se tiene que tirar, y simulando experiencias tales como la vista e iluminaci\u00f3n en cada uno de los pisos en un edificio.<\/p>\n<p><span style=\"color: #0aa650;\"><strong>CB<\/strong><\/span>: Nos enfocamos mucho en que el usuario tenga todo una experiencia humana donde se enamoran de lo que est\u00e1n viendo.<\/p>\n<p>Aprovechando la charla con C\u00e9sar, no puedo dejar de preguntarle una de mis mayores inquietudes al respecto de la realidad virtual (<a href=\"http:\/\/www.reconoce.mx\/provocara-la-realidad-virtual-el-nacimiento-de-un-nuevo-arte\/\" target=\"_blank\" rel=\"noopener\">misma que reflexion\u00e9 hace justo un a\u00f1o en el primer <strong>VR FEST MX<\/strong> al que acud\u00ed<\/a>). Qu\u00e9 mejor que me conteste quien trabaja con esa tecnolog\u00eda.<\/p>\n<p><strong><span style=\"color: #a81f25;\">RCMX<\/span><\/strong>: Tenemos presente la tecnolog\u00eda VR en el cine, en la televisi\u00f3n, en los videojuegos&#8230; \u00bfPero qu\u00e9 crees que termine siendo la realidad virtual?<\/p>\n<p><strong><span style=\"color: #0aa650;\">CB<\/span><\/strong>: Yo creo que la realidad virtual tender\u00e1 eventualmente va a ser su propio medio. A\u00fan estamos explorando c\u00f3mo se puede aprovechar al m\u00e1ximo \u00e9sto, a\u00fan estamos limitados mucho por la tecnolog\u00eda. Pero yo creo que de aqu\u00ed a 5 a\u00f1os vamos a descubrir c\u00f3mo va a funcionar la realidad virtual en nuestro d\u00eda a d\u00eda.<\/p>\n<p><strong>House of the Dev<\/strong><br \/>\n<a href=\"https:\/\/www.houseofthedev.com\/\" target=\"_blank\" rel=\"noopener\">sitio web<\/a> | <a href=\"https:\/\/facebook.com\/HouseOfTheDev\/\" target=\"_blank\" rel=\"noopener\">facebook<\/a> | <a href=\"https:\/\/twitter.com\/HouseOfTheDev\" target=\"_blank\" rel=\"noopener\">twitter<\/a><\/p>\n<h1><strong>\u00abGenerar conciencia sobre nuestro medio ambiente\u00bb<\/strong><\/h1>\n<p>Una de mis \u00faltimas paradas en el <strong>VR FEST MX<\/strong> fue en el stand de la <strong>Comisi\u00f3n Nacional para el Conocimiento y Uso de la Biodiversidad<\/strong> (CONABIO). Ah\u00ed platiqu\u00e9 con el <strong>Dr. Rainer Andreas Ressl<\/strong>, a quien le confes\u00e9 con risas que se llamaba como mi poeta favorita Rainer Maria Rilke. Despu\u00e9s del peque\u00f1o chascarrillo, le ped\u00ed al Director General de Geom\u00e1tica de la CONABIO que me explicara lo que ah\u00ed est\u00e1bamos viendo. Antes Rainer me pidi\u00f3 que me sentara, tras lo cual me coloc\u00f3 un visor y me dio un control para cada una de mis manos. S\u00ed, de inmediato estaba en la profundidad del mar.<\/p>\n<p><img loading=\"lazy\" decoding=\"async\" class=\"alignnone size-full\" src=\"https:\/\/c1.staticflickr.com\/2\/1960\/44103740015_3b0974393d_c.jpg\" width=\"800\" height=\"534\" \/><\/p>\n<p><strong><em>&gt;&gt;<a href=\"https:\/\/www.flickr.com\/photos\/reconocemx\/albums\/72157696061504040\" target=\"_blank\" rel=\"noopener\">Disfruta nuestra galer\u00eda completa del #VRFESTMX2018<\/a>&lt;&lt;<\/em><\/strong><\/p>\n<p><span style=\"color: #0aa650;\"><strong>Rainer Andreas Ressl<\/strong><\/span>: Esto es un desarrollo de la CONABIO en donde tratamos de visualizar un ecosistema en forma virtual, pero con base en informaci\u00f3n real. Es decir, lo que ves es un \u00e1rea enfrente del <strong>Hotel Moon Palace<\/strong>, Puerto Morelos, que t\u00fa visitas en realidad virtual. Es pr\u00e1cticamente como si estuvieras buceando all\u00e1. Lo ves igual porque nosotros derivamos toda la informaci\u00f3n a trav\u00e9s de im\u00e1genes de sat\u00e9lite, de la topograf\u00eda y de la perimetr\u00eda; de toda la composici\u00f3n de los ecosistemas, es decir, d\u00f3nde est\u00e1n los pastos marinos, d\u00f3nde est\u00e1n los bancos de arena, d\u00f3nde est\u00e1n los corales; y lo hemos colocado en su ubicaci\u00f3n correcta. Aparte de eso, a trav\u00e9s de informaci\u00f3n in situ, hemos recopilado todo el inventario de las especies; es decir, el tipo de peces, los tipos de corales, mantarrayas, tiburones, etc., para colocarlos todos en el sistema. En nuestra versi\u00f3n hemos modelado un \u00e1rea de 3 por 3 km. donde t\u00fa puedes nadar en forma completamente libre y donde puedes explorar las diferentes especies que vas a ver. El sistema te despliega tambi\u00e9n sobre demanda las fichas t\u00e9cnicas; si t\u00fa te acercas a un cierto objeto, autom\u00e1ticamente se despliega el h\u00e1bitat de esta especie donde vive la biolog\u00eda para saber si est\u00e1 en un estado de peligro. Tambi\u00e9n se cuenta con un audio que te platica sobre esta especie. La idea es un poco sensibilizar a la gente hacia este ecosistema y permitirles entrar si es que normalmente no tienen la posibilidad de hacerlo. En este momento estamos desarrollando tres escenarios que tambi\u00e9n deber\u00edan llevar un poco al fin de educaci\u00f3n al presentarnos en estado pr\u00edstino c\u00f3mo deber\u00eda de ser un ecosistema sin el toque humano, con muchos animales y muchos peces en una forma completamente sana. Otro escenario ser\u00e1 el c\u00f3mo estamos hoy y el tercer estado nos lo mostrar\u00e1 en un estado muy degradado a donde vamos si seguimos con la contaminaci\u00f3n y el cambio clim\u00e1tico en 10 \u00f3 20 a\u00f1os.<\/p>\n<p><strong><span style=\"color: #a81f25;\">RCMX<\/span><\/strong>: Dicen por ah\u00ed que el mejor turismo ecol\u00f3gico es el que no se hace&#8230;<\/p>\n<p><span style=\"color: #0aa650;\"><strong>RAR<\/strong><\/span>: Permitir\u00e1 a la gente explorar tambi\u00e9n este tipo de ecosistemas sin meterse, y por otro lado nuestra idea es tambi\u00e9n dejar estas aplicaciones en los centros de buceo para sensibilizar a la gente y decirles: \u00abmira, vas a ver estos ecosistemas, vas a ver estos corales que son muy sensibles, para que conozcas el ecosistema de antemano antes que te metas y entiendas la fragilidad de este ecosistema\u00bb. No creo que vayamos a ir a sustituir el buceo por completo y creo tampoco queremos eso, pero s\u00ed deseamos sensibilizar a la comunidad hacia la importancia de este ecosistema antes que se metan; yo creo que ganamos mucho con eso.<\/p>\n<p>Sobre los fondos para este tipo de desarrollos, Rainer sonr\u00ede y me dice que \u00absiempre uno est\u00e1 en b\u00fasqueda de fondos\u00bb. Actualmente se nutren de los fondos internos de la <strong>CONABIO<\/strong>, pero al ser de car\u00e1cter no comercial, no les es f\u00e1cil recuperar el costo de lo que est\u00e1n realizando.<\/p>\n<p><strong>CONABIO<\/strong><br \/>\n<a href=\"https:\/\/www.biodiversidad.gob.mx\/region\/geoviz.html\" target=\"_blank\" rel=\"noopener\">sitio web<\/a> | <a href=\"https:\/\/www.facebook.com\/conabio\/\" target=\"_blank\" rel=\"noopener\">facebook<\/a> | <a href=\"https:\/\/twitter.com\/conabio\" target=\"_blank\" rel=\"noopener\">twitter <\/a><\/p>\n<p>En <span style=\"color: #a81f25;\"><strong>Reconoce MX<\/strong> <\/span>por segundo a\u00f1o consecutivo nos toca ser medio asociado del <strong>VR FEST MX<\/strong>. Este recorrido es apenas parte de lo que experimentamos. En los siguientes d\u00edas les compartir\u00e9 dos charlas m\u00e1s que tuve y que se ganaron principalmente mi atenci\u00f3n. \u00bfConoc\u00edan ya el <strong>VR FEST MX<\/strong>? Si no o conoc\u00edan y quieren seguir el camino de este incre\u00edble esfuerzo, no dejen de <a href=\"http:\/\/www.reconoce.mx\/vrfestmx2018-estar-mas-conectados-con-la-realidad\/\" target=\"_blank\" rel=\"noopener\">checar aqu\u00ed<\/a> mi entrevista con la directora del festival; en donde repasamos distintos y variados temas.<\/p>\n<p>Para m\u00e1s informaci\u00f3n consulta el <a href=\"http:\/\/www.vrfest.mx\/\" target=\"_blank\" rel=\"noopener\">sitio oficial<\/a> del <strong>VR FEST MX<\/strong>.<\/p>\n<p>&nbsp;<\/p>\n<p>&nbsp;<\/p>\n","protected":false},"excerpt":{"rendered":"<p>El pasado fin de semana se realiz\u00f3 en la Universidad de la Comunicaci\u00f3n y en el SAE Institute M\u00e9xico, el VR FEST MX 2018, la tercera edici\u00f3n el festival internacional de realidad virtual m\u00e1s importante de M\u00e9xico y Am\u00e9rica Latina. <\/p>\n","protected":false},"author":2,"featured_media":76950,"comment_status":"open","ping_status":"open","sticky":false,"template":"","format":"standard","meta":{"footnotes":""},"categories":[1,17],"tags":[],"class_list":["post-76907","post","type-post","status-publish","format-standard","has-post-thumbnail","hentry","category-cultura","category-principal"],"yoast_head":"<!-- This site is optimized with the Yoast SEO plugin v24.7 - https:\/\/yoast.com\/wordpress\/plugins\/seo\/ -->\n<title>#VRFESTMX2018: responsabilidad e innovaci\u00f3n social &#171; Reconoce MX<\/title>\n<meta name=\"robots\" content=\"index, follow, max-snippet:-1, max-image-preview:large, max-video-preview:-1\" \/>\n<link rel=\"canonical\" href=\"http:\/\/www.reconoce.mx\/?p=76907\" \/>\n<meta property=\"og:locale\" content=\"es_ES\" \/>\n<meta property=\"og:type\" content=\"article\" \/>\n<meta property=\"og:title\" content=\"#VRFESTMX2018: responsabilidad e innovaci\u00f3n social &#171; Reconoce MX\" \/>\n<meta property=\"og:description\" content=\"El pasado fin de semana se realiz\u00f3 en la Universidad de la Comunicaci\u00f3n y en el SAE Institute M\u00e9xico, el VR FEST MX 2018, la tercera edici\u00f3n el festival internacional de realidad virtual m\u00e1s importante de M\u00e9xico y Am\u00e9rica Latina.\" \/>\n<meta property=\"og:url\" content=\"http:\/\/www.reconoce.mx\/?p=76907\" \/>\n<meta property=\"og:site_name\" content=\"Reconoce MX\" \/>\n<meta property=\"article:publisher\" content=\"https:\/\/es-la.facebook.com\/ReconoceMX\/\" \/>\n<meta property=\"article:published_time\" content=\"2018-10-03T05:06:43+00:00\" \/>\n<meta property=\"article:modified_time\" content=\"2018-10-03T18:47:19+00:00\" \/>\n<meta property=\"og:image\" content=\"http:\/\/www.reconoce.mx\/wp-content\/uploads\/2018\/10\/vrfestmx-2018.jpg\" \/>\n\t<meta property=\"og:image:width\" content=\"590\" \/>\n\t<meta property=\"og:image:height\" content=\"380\" \/>\n\t<meta property=\"og:image:type\" content=\"image\/jpeg\" \/>\n<meta name=\"author\" content=\"Reconoce MX\" \/>\n<meta name=\"twitter:card\" content=\"summary_large_image\" \/>\n<meta name=\"twitter:creator\" content=\"@reconocemx\" \/>\n<meta name=\"twitter:site\" content=\"@reconocemx\" \/>\n<meta name=\"twitter:label1\" content=\"Escrito por\" \/>\n\t<meta name=\"twitter:data1\" content=\"Reconoce MX\" \/>\n\t<meta name=\"twitter:label2\" content=\"Tiempo de lectura\" \/>\n\t<meta name=\"twitter:data2\" content=\"15 minutos\" \/>\n<script type=\"application\/ld+json\" class=\"yoast-schema-graph\">{\"@context\":\"https:\/\/schema.org\",\"@graph\":[{\"@type\":\"Article\",\"@id\":\"http:\/\/www.reconoce.mx\/?p=76907#article\",\"isPartOf\":{\"@id\":\"http:\/\/www.reconoce.mx\/?p=76907\"},\"author\":{\"name\":\"Reconoce MX\",\"@id\":\"http:\/\/www.reconoce.mx\/#\/schema\/person\/2117e997d7051dc15d6880eaf9bca0b2\"},\"headline\":\"#VRFESTMX2018: responsabilidad e innovaci\u00f3n social\",\"datePublished\":\"2018-10-03T05:06:43+00:00\",\"dateModified\":\"2018-10-03T18:47:19+00:00\",\"mainEntityOfPage\":{\"@id\":\"http:\/\/www.reconoce.mx\/?p=76907\"},\"wordCount\":3079,\"commentCount\":0,\"publisher\":{\"@id\":\"http:\/\/www.reconoce.mx\/#organization\"},\"image\":{\"@id\":\"http:\/\/www.reconoce.mx\/?p=76907#primaryimage\"},\"thumbnailUrl\":\"http:\/\/www.reconoce.mx\/wp-content\/uploads\/2018\/10\/vrfestmx-2018.jpg\",\"articleSection\":[\"Cultura\",\"Principal\"],\"inLanguage\":\"es\",\"potentialAction\":[{\"@type\":\"CommentAction\",\"name\":\"Comment\",\"target\":[\"http:\/\/www.reconoce.mx\/?p=76907#respond\"]}]},{\"@type\":\"WebPage\",\"@id\":\"http:\/\/www.reconoce.mx\/?p=76907\",\"url\":\"http:\/\/www.reconoce.mx\/?p=76907\",\"name\":\"#VRFESTMX2018: responsabilidad e innovaci\u00f3n social &#171; Reconoce MX\",\"isPartOf\":{\"@id\":\"http:\/\/www.reconoce.mx\/#website\"},\"primaryImageOfPage\":{\"@id\":\"http:\/\/www.reconoce.mx\/?p=76907#primaryimage\"},\"image\":{\"@id\":\"http:\/\/www.reconoce.mx\/?p=76907#primaryimage\"},\"thumbnailUrl\":\"http:\/\/www.reconoce.mx\/wp-content\/uploads\/2018\/10\/vrfestmx-2018.jpg\",\"datePublished\":\"2018-10-03T05:06:43+00:00\",\"dateModified\":\"2018-10-03T18:47:19+00:00\",\"breadcrumb\":{\"@id\":\"http:\/\/www.reconoce.mx\/?p=76907#breadcrumb\"},\"inLanguage\":\"es\",\"potentialAction\":[{\"@type\":\"ReadAction\",\"target\":[\"http:\/\/www.reconoce.mx\/?p=76907\"]}]},{\"@type\":\"ImageObject\",\"inLanguage\":\"es\",\"@id\":\"http:\/\/www.reconoce.mx\/?p=76907#primaryimage\",\"url\":\"http:\/\/www.reconoce.mx\/wp-content\/uploads\/2018\/10\/vrfestmx-2018.jpg\",\"contentUrl\":\"http:\/\/www.reconoce.mx\/wp-content\/uploads\/2018\/10\/vrfestmx-2018.jpg\",\"width\":590,\"height\":380},{\"@type\":\"BreadcrumbList\",\"@id\":\"http:\/\/www.reconoce.mx\/?p=76907#breadcrumb\",\"itemListElement\":[{\"@type\":\"ListItem\",\"position\":1,\"name\":\"Portada\",\"item\":\"http:\/\/www.reconoce.mx\/\"},{\"@type\":\"ListItem\",\"position\":2,\"name\":\"#VRFESTMX2018: responsabilidad e innovaci\u00f3n social\"}]},{\"@type\":\"WebSite\",\"@id\":\"http:\/\/www.reconoce.mx\/#website\",\"url\":\"http:\/\/www.reconoce.mx\/\",\"name\":\"Reconoce MX\",\"description\":\"En Reconoce MX difundimos arte, cultura y conciencia social en M\u00e9xico. Tu ciudad en otra perspectiva.\",\"publisher\":{\"@id\":\"http:\/\/www.reconoce.mx\/#organization\"},\"potentialAction\":[{\"@type\":\"SearchAction\",\"target\":{\"@type\":\"EntryPoint\",\"urlTemplate\":\"http:\/\/www.reconoce.mx\/?s={search_term_string}\"},\"query-input\":{\"@type\":\"PropertyValueSpecification\",\"valueRequired\":true,\"valueName\":\"search_term_string\"}}],\"inLanguage\":\"es\"},{\"@type\":\"Organization\",\"@id\":\"http:\/\/www.reconoce.mx\/#organization\",\"name\":\"Reconoce MX\",\"url\":\"http:\/\/www.reconoce.mx\/\",\"logo\":{\"@type\":\"ImageObject\",\"inLanguage\":\"es\",\"@id\":\"http:\/\/www.reconoce.mx\/#\/schema\/logo\/image\/\",\"url\":\"https:\/\/www.reconoce.mx\/wp-content\/uploads\/2019\/03\/logorcmx-good-1.png\",\"contentUrl\":\"https:\/\/www.reconoce.mx\/wp-content\/uploads\/2019\/03\/logorcmx-good-1.png\",\"width\":280,\"height\":90,\"caption\":\"Reconoce MX\"},\"image\":{\"@id\":\"http:\/\/www.reconoce.mx\/#\/schema\/logo\/image\/\"},\"sameAs\":[\"https:\/\/es-la.facebook.com\/ReconoceMX\/\",\"https:\/\/x.com\/reconocemx\",\"http:\/\/@reconocemx\"]},{\"@type\":\"Person\",\"@id\":\"http:\/\/www.reconoce.mx\/#\/schema\/person\/2117e997d7051dc15d6880eaf9bca0b2\",\"name\":\"Reconoce MX\",\"image\":{\"@type\":\"ImageObject\",\"inLanguage\":\"es\",\"@id\":\"http:\/\/www.reconoce.mx\/#\/schema\/person\/image\/\",\"url\":\"https:\/\/secure.gravatar.com\/avatar\/6c8d4dc7569ca1c90c5fdcc349f839d5ddef6fe1e70b4337ead2ef1a4c43fc3a?s=96&d=identicon&r=g\",\"contentUrl\":\"https:\/\/secure.gravatar.com\/avatar\/6c8d4dc7569ca1c90c5fdcc349f839d5ddef6fe1e70b4337ead2ef1a4c43fc3a?s=96&d=identicon&r=g\",\"caption\":\"Reconoce MX\"},\"description\":\"Reconoce MX es un proyecto de difusi\u00f3n art\u00edstica, cultural y de conciencia social que est\u00e1 enfocado a difundir y fomentar el entretenimiento alternativo de calidad para todo el p\u00fablico que comparta el mismo entusiasmo.\",\"sameAs\":[\"http:\/\/www.reconoce.mx\"],\"url\":\"http:\/\/www.reconoce.mx\/?author=2\"}]}<\/script>\n<!-- \/ Yoast SEO plugin. -->","yoast_head_json":{"title":"#VRFESTMX2018: responsabilidad e innovaci\u00f3n social &#171; Reconoce MX","robots":{"index":"index","follow":"follow","max-snippet":"max-snippet:-1","max-image-preview":"max-image-preview:large","max-video-preview":"max-video-preview:-1"},"canonical":"http:\/\/www.reconoce.mx\/?p=76907","og_locale":"es_ES","og_type":"article","og_title":"#VRFESTMX2018: responsabilidad e innovaci\u00f3n social &#171; Reconoce MX","og_description":"El pasado fin de semana se realiz\u00f3 en la Universidad de la Comunicaci\u00f3n y en el SAE Institute M\u00e9xico, el VR FEST MX 2018, la tercera edici\u00f3n el festival internacional de realidad virtual m\u00e1s importante de M\u00e9xico y Am\u00e9rica Latina.","og_url":"http:\/\/www.reconoce.mx\/?p=76907","og_site_name":"Reconoce MX","article_publisher":"https:\/\/es-la.facebook.com\/ReconoceMX\/","article_published_time":"2018-10-03T05:06:43+00:00","article_modified_time":"2018-10-03T18:47:19+00:00","og_image":[{"width":590,"height":380,"url":"http:\/\/www.reconoce.mx\/wp-content\/uploads\/2018\/10\/vrfestmx-2018.jpg","type":"image\/jpeg"}],"author":"Reconoce MX","twitter_card":"summary_large_image","twitter_creator":"@reconocemx","twitter_site":"@reconocemx","twitter_misc":{"Escrito por":"Reconoce MX","Tiempo de lectura":"15 minutos"},"schema":{"@context":"https:\/\/schema.org","@graph":[{"@type":"Article","@id":"http:\/\/www.reconoce.mx\/?p=76907#article","isPartOf":{"@id":"http:\/\/www.reconoce.mx\/?p=76907"},"author":{"name":"Reconoce MX","@id":"http:\/\/www.reconoce.mx\/#\/schema\/person\/2117e997d7051dc15d6880eaf9bca0b2"},"headline":"#VRFESTMX2018: responsabilidad e innovaci\u00f3n social","datePublished":"2018-10-03T05:06:43+00:00","dateModified":"2018-10-03T18:47:19+00:00","mainEntityOfPage":{"@id":"http:\/\/www.reconoce.mx\/?p=76907"},"wordCount":3079,"commentCount":0,"publisher":{"@id":"http:\/\/www.reconoce.mx\/#organization"},"image":{"@id":"http:\/\/www.reconoce.mx\/?p=76907#primaryimage"},"thumbnailUrl":"http:\/\/www.reconoce.mx\/wp-content\/uploads\/2018\/10\/vrfestmx-2018.jpg","articleSection":["Cultura","Principal"],"inLanguage":"es","potentialAction":[{"@type":"CommentAction","name":"Comment","target":["http:\/\/www.reconoce.mx\/?p=76907#respond"]}]},{"@type":"WebPage","@id":"http:\/\/www.reconoce.mx\/?p=76907","url":"http:\/\/www.reconoce.mx\/?p=76907","name":"#VRFESTMX2018: responsabilidad e innovaci\u00f3n social &#171; Reconoce MX","isPartOf":{"@id":"http:\/\/www.reconoce.mx\/#website"},"primaryImageOfPage":{"@id":"http:\/\/www.reconoce.mx\/?p=76907#primaryimage"},"image":{"@id":"http:\/\/www.reconoce.mx\/?p=76907#primaryimage"},"thumbnailUrl":"http:\/\/www.reconoce.mx\/wp-content\/uploads\/2018\/10\/vrfestmx-2018.jpg","datePublished":"2018-10-03T05:06:43+00:00","dateModified":"2018-10-03T18:47:19+00:00","breadcrumb":{"@id":"http:\/\/www.reconoce.mx\/?p=76907#breadcrumb"},"inLanguage":"es","potentialAction":[{"@type":"ReadAction","target":["http:\/\/www.reconoce.mx\/?p=76907"]}]},{"@type":"ImageObject","inLanguage":"es","@id":"http:\/\/www.reconoce.mx\/?p=76907#primaryimage","url":"http:\/\/www.reconoce.mx\/wp-content\/uploads\/2018\/10\/vrfestmx-2018.jpg","contentUrl":"http:\/\/www.reconoce.mx\/wp-content\/uploads\/2018\/10\/vrfestmx-2018.jpg","width":590,"height":380},{"@type":"BreadcrumbList","@id":"http:\/\/www.reconoce.mx\/?p=76907#breadcrumb","itemListElement":[{"@type":"ListItem","position":1,"name":"Portada","item":"http:\/\/www.reconoce.mx\/"},{"@type":"ListItem","position":2,"name":"#VRFESTMX2018: responsabilidad e innovaci\u00f3n social"}]},{"@type":"WebSite","@id":"http:\/\/www.reconoce.mx\/#website","url":"http:\/\/www.reconoce.mx\/","name":"Reconoce MX","description":"En Reconoce MX difundimos arte, cultura y conciencia social en M\u00e9xico. Tu ciudad en otra perspectiva.","publisher":{"@id":"http:\/\/www.reconoce.mx\/#organization"},"potentialAction":[{"@type":"SearchAction","target":{"@type":"EntryPoint","urlTemplate":"http:\/\/www.reconoce.mx\/?s={search_term_string}"},"query-input":{"@type":"PropertyValueSpecification","valueRequired":true,"valueName":"search_term_string"}}],"inLanguage":"es"},{"@type":"Organization","@id":"http:\/\/www.reconoce.mx\/#organization","name":"Reconoce MX","url":"http:\/\/www.reconoce.mx\/","logo":{"@type":"ImageObject","inLanguage":"es","@id":"http:\/\/www.reconoce.mx\/#\/schema\/logo\/image\/","url":"https:\/\/www.reconoce.mx\/wp-content\/uploads\/2019\/03\/logorcmx-good-1.png","contentUrl":"https:\/\/www.reconoce.mx\/wp-content\/uploads\/2019\/03\/logorcmx-good-1.png","width":280,"height":90,"caption":"Reconoce MX"},"image":{"@id":"http:\/\/www.reconoce.mx\/#\/schema\/logo\/image\/"},"sameAs":["https:\/\/es-la.facebook.com\/ReconoceMX\/","https:\/\/x.com\/reconocemx","http:\/\/@reconocemx"]},{"@type":"Person","@id":"http:\/\/www.reconoce.mx\/#\/schema\/person\/2117e997d7051dc15d6880eaf9bca0b2","name":"Reconoce MX","image":{"@type":"ImageObject","inLanguage":"es","@id":"http:\/\/www.reconoce.mx\/#\/schema\/person\/image\/","url":"https:\/\/secure.gravatar.com\/avatar\/6c8d4dc7569ca1c90c5fdcc349f839d5ddef6fe1e70b4337ead2ef1a4c43fc3a?s=96&d=identicon&r=g","contentUrl":"https:\/\/secure.gravatar.com\/avatar\/6c8d4dc7569ca1c90c5fdcc349f839d5ddef6fe1e70b4337ead2ef1a4c43fc3a?s=96&d=identicon&r=g","caption":"Reconoce MX"},"description":"Reconoce MX es un proyecto de difusi\u00f3n art\u00edstica, cultural y de conciencia social que est\u00e1 enfocado a difundir y fomentar el entretenimiento alternativo de calidad para todo el p\u00fablico que comparta el mismo entusiasmo.","sameAs":["http:\/\/www.reconoce.mx"],"url":"http:\/\/www.reconoce.mx\/?author=2"}]}},"_links":{"self":[{"href":"http:\/\/www.reconoce.mx\/index.php?rest_route=\/wp\/v2\/posts\/76907","targetHints":{"allow":["GET"]}}],"collection":[{"href":"http:\/\/www.reconoce.mx\/index.php?rest_route=\/wp\/v2\/posts"}],"about":[{"href":"http:\/\/www.reconoce.mx\/index.php?rest_route=\/wp\/v2\/types\/post"}],"author":[{"embeddable":true,"href":"http:\/\/www.reconoce.mx\/index.php?rest_route=\/wp\/v2\/users\/2"}],"replies":[{"embeddable":true,"href":"http:\/\/www.reconoce.mx\/index.php?rest_route=%2Fwp%2Fv2%2Fcomments&post=76907"}],"version-history":[{"count":10,"href":"http:\/\/www.reconoce.mx\/index.php?rest_route=\/wp\/v2\/posts\/76907\/revisions"}],"predecessor-version":[{"id":76954,"href":"http:\/\/www.reconoce.mx\/index.php?rest_route=\/wp\/v2\/posts\/76907\/revisions\/76954"}],"wp:featuredmedia":[{"embeddable":true,"href":"http:\/\/www.reconoce.mx\/index.php?rest_route=\/wp\/v2\/media\/76950"}],"wp:attachment":[{"href":"http:\/\/www.reconoce.mx\/index.php?rest_route=%2Fwp%2Fv2%2Fmedia&parent=76907"}],"wp:term":[{"taxonomy":"category","embeddable":true,"href":"http:\/\/www.reconoce.mx\/index.php?rest_route=%2Fwp%2Fv2%2Fcategories&post=76907"},{"taxonomy":"post_tag","embeddable":true,"href":"http:\/\/www.reconoce.mx\/index.php?rest_route=%2Fwp%2Fv2%2Ftags&post=76907"}],"curies":[{"name":"wp","href":"https:\/\/api.w.org\/{rel}","templated":true}]}}