{"id":76920,"date":"2018-10-05T00:06:53","date_gmt":"2018-10-05T05:06:53","guid":{"rendered":"http:\/\/www.reconoce.mx\/?p=76920"},"modified":"2018-10-05T09:03:29","modified_gmt":"2018-10-05T14:03:29","slug":"vrfestmx2018-crear-empatia-a-traves-de-la-realidad-virtual-la-experiencia-de-la-cruz-roja","status":"publish","type":"post","link":"http:\/\/www.reconoce.mx\/?p=76920","title":{"rendered":"#VRFESTMX2018: crear empat\u00eda a trav\u00e9s de la realidad virtual, la experiencia de la Cruz Roja"},"content":{"rendered":"<p><strong>Texto por <a href=\"https:\/\/twitter.com\/AsfaltosTweets\" target=\"_blank\" rel=\"noopener\">Asfaltos<\/a><\/strong>.<br \/>\n<strong>Fotos por Berenice Alamilla Monta\u00f1o<\/strong>.<\/p>\n<p>En el pasado <strong>VR FEST MX 2018<\/strong>, <a href=\"http:\/\/www.reconoce.mx\/vrfestmx2018-responsabilidad-e-innovacion-social\/\" target=\"_blank\" rel=\"noopener\">cuya cr\u00f3nica pueden leer aqu\u00ed<\/a>, me encontr\u00e9 con una experiencia que me llam\u00f3 poderosamente la atenci\u00f3n. Bajo el lema del festival \u00abresponsabilidad e innovaci\u00f3n social\u00bb, uno de los stands que me result\u00f3 m\u00e1s interesante fue el del <strong>Comit\u00e9 Internacional de la Cruz Roja<\/strong> (CICR). \u00a1\u00bfQu\u00e9?! S\u00ed, el <strong>CICR<\/strong> llev\u00f3 dos experiencias en realidad virtual que ayudan a comunicar mejor la labor humanitaria que est\u00e1n realizando. Impactante, les digo, cuando uno se pone en la piel de las v\u00edctimas en este caso de la violencia en conflictos armados en las ciudades.<\/p>\n<p>En el stand del <strong>CICR<\/strong> salud\u00e9 a <strong>Alberto Cabezas<\/strong>, oficial regional de comunicaci\u00f3n p\u00fablica. Alberto, amable, accedi\u00f3 a platicar con nosotros al tiempo que prob\u00e1bamos lo que estaba exponiendo.<\/p>\n<p><img loading=\"lazy\" decoding=\"async\" class=\"alignnone size-full\" src=\"https:\/\/c1.staticflickr.com\/2\/1906\/43203423220_9f0e4c44a4_c.jpg\" width=\"800\" height=\"534\" \/><\/p>\n<p><strong><em>&gt;&gt;<a href=\"https:\/\/www.flickr.com\/photos\/reconocemx\/albums\/72157696061504040\" target=\"_blank\" rel=\"noopener\">Disfruta nuestra galer\u00eda completa del #VRFESTMX2018<\/a>&lt;&lt;<\/em><\/strong><\/p>\n<p><span style=\"color: #0aa050;\"><strong>Alberto Cabezas<\/strong><\/span>: Bien, pues te cuento un poco por qu\u00e9 estamos aqu\u00ed. Somos una organizaci\u00f3n humanitaria, no tendr\u00edamos por qu\u00e9 estar en una reuni\u00f3n de realidad virtual en condiciones normales, pero si hemos venido y mostramos inter\u00e9s es porque nosotros usamos la realidad virtual desde 2016 y aqu\u00ed traemos dos aplicaciones con un prop\u00f3sito&#8230;<\/p>\n<p><span style=\"color: #a81f25;\"><strong>Reconoce MX<\/strong><\/span>: Sensibilizar.<\/p>\n<p><strong><span style=\"color: #0aa050;\">AC<\/span><\/strong>: S\u00ed, esa es la palabra clave: sensibilizar. Sensibilizar primero sobre el hecho de que cada vez hay m\u00e1s violencia por conflictos armados en ciudades y segundo sobre que cada vez hay m\u00e1s civiles afectados por esa violencia. Los civiles, somos nosotros; gente que no pertenece a un ej\u00e9rcito, que est\u00e1 en su casa y que algo pasa ah\u00ed o en su escuela o en su barrio, y que le afecta. Entonces, las dos experiencias en realidad virtual que traemos hablan de eso, de contextos urbanos donde hay personas afectadas por violencia; creemos que la realidad virtual es un veh\u00edculo id\u00f3neo para generar empat\u00eda con esta situaci\u00f3n.<\/p>\n<p>Alberto me coloca el visor VR. De inmediato me transporto a la casa de una familia. Algo sucede de inmediato, la paz y calma se acaban literalmente a la velocidad de los disparos.<\/p>\n<p><strong><span style=\"color: #0aa050;\">AC<\/span><\/strong>: Estamos presentando dos aplicaciones, la primera se llama \u00abThe Right Choice\u00bb y es muy inmersiva. Te pone en un contexto de pa\u00eds de Oriente Medio en el cual una familia est\u00e1 en su casa y algo sucede. Ellos, y ustedes como espectadores, van a tener una posibilidad de elegir por d\u00f3nde va la historia que tiene dos finales; pueden ver uno, terminan, y vuelven a ver el otro. S\u00f3lo les doy una pista, los dos caminos son esconderse o correr. Esas son las dos opciones que van a tener, \u00bfvale?, no son muchas.<\/p>\n<p>La experiencia es en efecto inmersiva. El hecho de que la realidad virtual de inmediato nos genere una sensaci\u00f3n de espacio, hace que nos involucremos de m\u00e1s en lo que observamos. Veo entonces c\u00f3mo la familia reacciona a los disparos; si hago que se escondan, se encuentran indefensos frente al ataque que atraviesa ventanas y puerta; si les pido que corran, me quedo \u00fanicamente con los dos peque\u00f1os ni\u00f1os abrazados&#8230; escucho gritar a sus padres y luego un silencio, un largo silencio. El mensaje es contundente: yo tuve la oportunidad de escoger, pero quienes padecen esa violencia no.<\/p>\n<p>Para la segunda experiencia Alberto me pide que me mueva con mayor libertad. Estoy de nuevo en un cuarto, en este caso en el cuarto de un ni\u00f1o o una ni\u00f1a.<\/p>\n<p><span style=\"color: #0aa050;\"><strong>AC<\/strong><\/span>: La segunda experiencia est\u00e1 en realidad aumentada. Se llama \u00abEnter The Room\u00bb y los invitamos justamente a eso, a entrar a una habitaci\u00f3n de alguien: no hay personas, s\u00f3lo hay una habitaci\u00f3n que tiene juguetes, una ventana, una cama y ustedes mismos. Van a entrar y van a ver esos objetos hace 4 a\u00f1os, y luego hace 3, y luego hace 2, y luego hace 1, hasta la actualidad&#8230; Van a ver un cambio muy fuerte porque algo est\u00e1 pasando fuera de esa habitaci\u00f3n que nos va a afectar; b\u00e1sicamente es violencia de alguien, de alg\u00fan ej\u00e9rcito en alg\u00fan pa\u00eds que puede ser en realidad cualquiera. No decimos cu\u00e1l porque nuestro mensaje, lo que nos interesa porque somos una organizaci\u00f3n humanitaria, es sobre todo la consecuencia que la violencia causa en algunas personas; no qui\u00e9n la hace, eso ya es cuesti\u00f3n de pol\u00edticos, de otras organizaciones no gubernamentales. A nosotros nos preocupa c\u00f3mo queda esa persona a la que le afecta la violencia. Esa es la experiencia.<\/p>\n<p>No les miento. El paisaje en el cuarto es francamente desolador. Vivirlo, adem\u00e1s con un buen sonido, ayuda a crear empat\u00eda por quienes padecen este tipo de violencia. Parece, en efecto, que lo vivimos en carne propia.<\/p>\n<style>.embed-container { position: relative; padding-bottom: 56.25%; height: 0; overflow: hidden; max-width: 100%; } .embed-container iframe, .embed-container object, .embed-container embed { position: absolute; top: 0; left: 0; width: 100%; height: 100%; }<\/style>\n<div class=\"embed-container\"><iframe src=\"https:\/\/www.youtube.com\/embed\/-rhF4yYgSUc\" frameborder=\"0\" allowfullscreen=\"allowfullscreen\"><\/iframe><\/div>\n<p>&nbsp;<\/p>\n<p><span style=\"color: #a81f25;\"><strong>RCMX<\/strong><\/span>: \u00bfCu\u00e1ntos sufren \u00e9sto en la realidad&#8230; en la realidad de verdad?<\/p>\n<p><strong><span style=\"color: #0aa050;\">AC<\/span><\/strong>: En el mundo la violencia urbana afecta a 50 millones de personas, 50 millones de personas que est\u00e1n sufriendo violencia en su ciudad. Es violencia indiscriminada que se sufre en Alepo, Siria; en Mosul, Irak; o en cualquier ciudad en Yemen. \u00c9stos son tres escenarios donde eso est\u00e1 pasando.<\/p>\n<p><strong><span style=\"color: #a81f25;\">RCMX<\/span><\/strong>: Es impresionante la forma en la que se transmite el mensaje.<\/p>\n<p><span style=\"color: #0aa050;\"><strong>AC<\/strong><\/span>: Lo que nosotros nos encontramos en la realidad virtual es un potencial mayor de empat\u00eda de las personas a quienes nos dirigimos. Es decir, una persona puede o\u00edr y ver en las noticias que hay conflictos aqu\u00ed y all\u00e1, incluso en su propio pa\u00eds, pero no lo vive tan de cerca como cuando entras en una experiencia inmersiva de realidad virtual. Si te pones en la piel de alguien o en un contexto que te grita que no puedes escapar, entonces el mensaje puede ser mucho m\u00e1s poderoso si las aplicaciones se van refinando. Lo hemos visto en el <em>gaming<\/em> y en otras cosas, todos queremos desde la realidad virtual generar experiencias. Nosotros desde el sector humanitario lo que hacemos es casi casi traerte cosas que vemos cotidianamente en esos pa\u00edses.<\/p>\n<p>Las dos experiencias que el <strong>CICR<\/strong> comparti\u00f3 en el marco del <strong>VR FEST MX 2018<\/strong> se pueden experimentar de manera gratuita en las tiendas de aplicaciones en l\u00ednea. Yo, que uso Android, encontr\u00e9 de inmediato \u00abThe Right Choice\u00bb de forma gratuita.<\/p>\n<p><strong><span style=\"color: #0aa050;\">AC<\/span><\/strong>: Naturalmente que en un tel\u00e9fono la experiencia no es como la que viviste con el visor, pero del lado humanitario lo que nos interesa es que la gente lo vea; nos da igual que sea en un <em>headset<\/em> o en un cine con posibilidades de 3D, etc., el prop\u00f3sito para nosotros es la sensibilizaci\u00f3n, ya la tecnolog\u00eda que hay intermedia nos interesa menos. Nos interesa un producto que ayude a que expliquemos mejor la realidad de la violencia en el mundo de hoy. Eso es lo que nos interesa.<\/p>\n<p><strong><span style=\"color: #a81f25;\">RCMX<\/span><\/strong>: \u00bfC\u00f3mo financian estos proyectos?<\/p>\n<p><strong><span style=\"color: #0aa050;\">AC<\/span><\/strong>: Nosotros nos financiamos gracias al apoyo de estados de distintos pa\u00edses del mundo, incluido M\u00e9xico. M\u00e9xico nos da una asignaci\u00f3n cada a\u00f1o, en los \u00faltimos a\u00f1os ha empezado a dar; pero muchos pa\u00edses nos dan dinero. L\u00f3gicamente que ese dinero para una organizaci\u00f3n humanitaria no va a ir a la realidad virtual; a la realidad virtual va a ir un peque\u00f1o porcentaje m\u00ednimo, con muchos punto cero. Nuestros fondos van a la asistencia y a la protecci\u00f3n, al agua, a infraestructura que permita que las personas vivan de una manera m\u00e1s digna. Entonces la realidad virtual para nosotros no es lo principal, lo principal es la acci\u00f3n humanitaria, pero por supuesto si hay quienes se nos acerquen y deseen colaborar con nosotros a lo mejor para meter algo de dinero y desarrollar alg\u00fan producto, bienvenido.<\/p>\n<p><strong><span style=\"color: #a81f25;\">RCMX<\/span><\/strong>: En <span style=\"color: #a81f25;\"><strong>Reconoce MX<\/strong><\/span> nos leen sobre todo muchos j\u00f3venes. \u00bfQu\u00e9 les dir\u00edas a ellos?<\/p>\n<p><strong><span style=\"color: #0aa050;\">AC<\/span><\/strong>: Mira, para los j\u00f3venes yo creo que el lenguaje de la realidad virtual habla muy bien con ellos. Los j\u00f3venes, a diferencia de la gente mayor, tienen menos experiencia de vida; entonces nosotros les invitamos a que entren al mundo humanitario a trav\u00e9s de la realidad virtual, que tambi\u00e9n es una puerta abierta y que es real y que est\u00e1 ah\u00ed. Con mucho gusto me encantar\u00eda que se interesaran. Me gusta mucho el lema que tiene esta reuni\u00f3n, responsabilidad e innovaci\u00f3n social: nosotros estamos por eso aqu\u00ed, porque nosotros nos identificamos mucho con esa idea de que no es nada m\u00e1s entretenimiento lo que ofrece la realidad virtual; ofrece tambi\u00e9n la posibilidad de pensar en cosas que uno no ha vivido pero que las puede experimentar a trav\u00e9s de esta \u00abotra\u00bb realidad.<\/p>\n<p>La realidad virtual, <a href=\"http:\/\/www.reconoce.mx\/vrfestmx2018-responsabilidad-e-innovacion-social\/\" target=\"_blank\" rel=\"noopener\">como expuse ya en la cr\u00f3nica anterior<\/a>, ofrece sin duda muchas otras posibilidades. Result\u00f3 incre\u00edble poderse acercar a esta otra forma de vivir esa \u00abotra\u00bb realidad que describe Alberto; curiosamente una realidad virtual que nos acerca m\u00e1s a la realidad de verdad, la realidad real.<\/p>\n<p>Si les interesa conocer m\u00e1s del trabajo del <strong>CICR<\/strong> no duden en visitar su <a href=\"https:\/\/www.icrc.org\/es\" target=\"_blank\" rel=\"noopener\">sitio oficial<\/a>, as\u00ed como sus cuentas en <a href=\"https:\/\/www.facebook.com\/icrcespanol\" target=\"_blank\" rel=\"noopener\">Facebook<\/a>, <a href=\"https:\/\/twitter.com\/CICR_es\" target=\"_blank\" rel=\"noopener\">Twitter<\/a> e <a href=\"https:\/\/www.instagram.com\/cicr_americas\/\" target=\"_blank\" rel=\"noopener\">Instagram<\/a>.<\/p>\n<p>&nbsp;<\/p>\n<p>&nbsp;<\/p>\n","protected":false},"excerpt":{"rendered":"<p>En el pasado VR FEST MX 2018, cuya cr\u00f3nica pueden leer aqu\u00ed, me encontr\u00e9 con una experiencia que me llam\u00f3 poderosamente la atenci\u00f3n. Bajo el lema del festival \u00abresponsabilidad e innovaci\u00f3n social\u00bb, uno de los stands que me result\u00f3 m\u00e1s interesante fue el del Comit\u00e9 Internacional de la Cruz Roja (CICR). <\/p>\n","protected":false},"author":2,"featured_media":77002,"comment_status":"open","ping_status":"open","sticky":false,"template":"","format":"standard","meta":{"footnotes":""},"categories":[1,17],"tags":[],"class_list":["post-76920","post","type-post","status-publish","format-standard","has-post-thumbnail","hentry","category-cultura","category-principal"],"yoast_head":"<!-- This site is optimized with the Yoast SEO plugin v24.7 - https:\/\/yoast.com\/wordpress\/plugins\/seo\/ -->\n<title>#VRFESTMX2018: crear empat\u00eda a trav\u00e9s de la realidad virtual, la experiencia de la Cruz Roja &#171; Reconoce MX<\/title>\n<meta name=\"robots\" content=\"index, follow, max-snippet:-1, max-image-preview:large, max-video-preview:-1\" \/>\n<link rel=\"canonical\" href=\"http:\/\/www.reconoce.mx\/?p=76920\" \/>\n<meta property=\"og:locale\" content=\"es_ES\" \/>\n<meta property=\"og:type\" content=\"article\" \/>\n<meta property=\"og:title\" content=\"#VRFESTMX2018: crear empat\u00eda a trav\u00e9s de la realidad virtual, la experiencia de la Cruz Roja &#171; Reconoce MX\" \/>\n<meta property=\"og:description\" content=\"En el pasado VR FEST MX 2018, cuya cr\u00f3nica pueden leer aqu\u00ed, me encontr\u00e9 con una experiencia que me llam\u00f3 poderosamente la atenci\u00f3n. Bajo el lema del festival &quot;responsabilidad e innovaci\u00f3n social&quot;, uno de los stands que me result\u00f3 m\u00e1s interesante fue el del Comit\u00e9 Internacional de la Cruz Roja (CICR).\" \/>\n<meta property=\"og:url\" content=\"http:\/\/www.reconoce.mx\/?p=76920\" \/>\n<meta property=\"og:site_name\" content=\"Reconoce MX\" \/>\n<meta property=\"article:publisher\" content=\"https:\/\/es-la.facebook.com\/ReconoceMX\/\" \/>\n<meta property=\"article:published_time\" content=\"2018-10-05T05:06:53+00:00\" \/>\n<meta property=\"article:modified_time\" content=\"2018-10-05T14:03:29+00:00\" \/>\n<meta property=\"og:image\" content=\"http:\/\/www.reconoce.mx\/wp-content\/uploads\/2018\/10\/cicr-2.jpg\" \/>\n\t<meta property=\"og:image:width\" content=\"590\" \/>\n\t<meta property=\"og:image:height\" content=\"380\" \/>\n\t<meta property=\"og:image:type\" content=\"image\/jpeg\" \/>\n<meta name=\"author\" content=\"Reconoce MX\" \/>\n<meta name=\"twitter:card\" content=\"summary_large_image\" \/>\n<meta name=\"twitter:creator\" content=\"@reconocemx\" \/>\n<meta name=\"twitter:site\" content=\"@reconocemx\" \/>\n<meta name=\"twitter:label1\" content=\"Escrito por\" \/>\n\t<meta name=\"twitter:data1\" content=\"Reconoce MX\" \/>\n\t<meta name=\"twitter:label2\" content=\"Tiempo de lectura\" \/>\n\t<meta name=\"twitter:data2\" content=\"8 minutos\" \/>\n<script type=\"application\/ld+json\" class=\"yoast-schema-graph\">{\"@context\":\"https:\/\/schema.org\",\"@graph\":[{\"@type\":\"Article\",\"@id\":\"http:\/\/www.reconoce.mx\/?p=76920#article\",\"isPartOf\":{\"@id\":\"http:\/\/www.reconoce.mx\/?p=76920\"},\"author\":{\"name\":\"Reconoce MX\",\"@id\":\"http:\/\/www.reconoce.mx\/#\/schema\/person\/2117e997d7051dc15d6880eaf9bca0b2\"},\"headline\":\"#VRFESTMX2018: crear empat\u00eda a trav\u00e9s de la realidad virtual, la experiencia de la Cruz Roja\",\"datePublished\":\"2018-10-05T05:06:53+00:00\",\"dateModified\":\"2018-10-05T14:03:29+00:00\",\"mainEntityOfPage\":{\"@id\":\"http:\/\/www.reconoce.mx\/?p=76920\"},\"wordCount\":1574,\"commentCount\":0,\"publisher\":{\"@id\":\"http:\/\/www.reconoce.mx\/#organization\"},\"image\":{\"@id\":\"http:\/\/www.reconoce.mx\/?p=76920#primaryimage\"},\"thumbnailUrl\":\"http:\/\/www.reconoce.mx\/wp-content\/uploads\/2018\/10\/cicr-2.jpg\",\"articleSection\":[\"Cultura\",\"Principal\"],\"inLanguage\":\"es\",\"potentialAction\":[{\"@type\":\"CommentAction\",\"name\":\"Comment\",\"target\":[\"http:\/\/www.reconoce.mx\/?p=76920#respond\"]}]},{\"@type\":\"WebPage\",\"@id\":\"http:\/\/www.reconoce.mx\/?p=76920\",\"url\":\"http:\/\/www.reconoce.mx\/?p=76920\",\"name\":\"#VRFESTMX2018: crear empat\u00eda a trav\u00e9s de la realidad virtual, la experiencia de la Cruz Roja &#171; Reconoce MX\",\"isPartOf\":{\"@id\":\"http:\/\/www.reconoce.mx\/#website\"},\"primaryImageOfPage\":{\"@id\":\"http:\/\/www.reconoce.mx\/?p=76920#primaryimage\"},\"image\":{\"@id\":\"http:\/\/www.reconoce.mx\/?p=76920#primaryimage\"},\"thumbnailUrl\":\"http:\/\/www.reconoce.mx\/wp-content\/uploads\/2018\/10\/cicr-2.jpg\",\"datePublished\":\"2018-10-05T05:06:53+00:00\",\"dateModified\":\"2018-10-05T14:03:29+00:00\",\"breadcrumb\":{\"@id\":\"http:\/\/www.reconoce.mx\/?p=76920#breadcrumb\"},\"inLanguage\":\"es\",\"potentialAction\":[{\"@type\":\"ReadAction\",\"target\":[\"http:\/\/www.reconoce.mx\/?p=76920\"]}]},{\"@type\":\"ImageObject\",\"inLanguage\":\"es\",\"@id\":\"http:\/\/www.reconoce.mx\/?p=76920#primaryimage\",\"url\":\"http:\/\/www.reconoce.mx\/wp-content\/uploads\/2018\/10\/cicr-2.jpg\",\"contentUrl\":\"http:\/\/www.reconoce.mx\/wp-content\/uploads\/2018\/10\/cicr-2.jpg\",\"width\":590,\"height\":380},{\"@type\":\"BreadcrumbList\",\"@id\":\"http:\/\/www.reconoce.mx\/?p=76920#breadcrumb\",\"itemListElement\":[{\"@type\":\"ListItem\",\"position\":1,\"name\":\"Portada\",\"item\":\"http:\/\/www.reconoce.mx\/\"},{\"@type\":\"ListItem\",\"position\":2,\"name\":\"#VRFESTMX2018: crear empat\u00eda a trav\u00e9s de la realidad virtual, la experiencia de la Cruz Roja\"}]},{\"@type\":\"WebSite\",\"@id\":\"http:\/\/www.reconoce.mx\/#website\",\"url\":\"http:\/\/www.reconoce.mx\/\",\"name\":\"Reconoce MX\",\"description\":\"En Reconoce MX difundimos arte, cultura y conciencia social en M\u00e9xico. Tu ciudad en otra perspectiva.\",\"publisher\":{\"@id\":\"http:\/\/www.reconoce.mx\/#organization\"},\"potentialAction\":[{\"@type\":\"SearchAction\",\"target\":{\"@type\":\"EntryPoint\",\"urlTemplate\":\"http:\/\/www.reconoce.mx\/?s={search_term_string}\"},\"query-input\":{\"@type\":\"PropertyValueSpecification\",\"valueRequired\":true,\"valueName\":\"search_term_string\"}}],\"inLanguage\":\"es\"},{\"@type\":\"Organization\",\"@id\":\"http:\/\/www.reconoce.mx\/#organization\",\"name\":\"Reconoce MX\",\"url\":\"http:\/\/www.reconoce.mx\/\",\"logo\":{\"@type\":\"ImageObject\",\"inLanguage\":\"es\",\"@id\":\"http:\/\/www.reconoce.mx\/#\/schema\/logo\/image\/\",\"url\":\"https:\/\/www.reconoce.mx\/wp-content\/uploads\/2019\/03\/logorcmx-good-1.png\",\"contentUrl\":\"https:\/\/www.reconoce.mx\/wp-content\/uploads\/2019\/03\/logorcmx-good-1.png\",\"width\":280,\"height\":90,\"caption\":\"Reconoce MX\"},\"image\":{\"@id\":\"http:\/\/www.reconoce.mx\/#\/schema\/logo\/image\/\"},\"sameAs\":[\"https:\/\/es-la.facebook.com\/ReconoceMX\/\",\"https:\/\/x.com\/reconocemx\",\"http:\/\/@reconocemx\"]},{\"@type\":\"Person\",\"@id\":\"http:\/\/www.reconoce.mx\/#\/schema\/person\/2117e997d7051dc15d6880eaf9bca0b2\",\"name\":\"Reconoce MX\",\"image\":{\"@type\":\"ImageObject\",\"inLanguage\":\"es\",\"@id\":\"http:\/\/www.reconoce.mx\/#\/schema\/person\/image\/\",\"url\":\"https:\/\/secure.gravatar.com\/avatar\/6c8d4dc7569ca1c90c5fdcc349f839d5ddef6fe1e70b4337ead2ef1a4c43fc3a?s=96&d=identicon&r=g\",\"contentUrl\":\"https:\/\/secure.gravatar.com\/avatar\/6c8d4dc7569ca1c90c5fdcc349f839d5ddef6fe1e70b4337ead2ef1a4c43fc3a?s=96&d=identicon&r=g\",\"caption\":\"Reconoce MX\"},\"description\":\"Reconoce MX es un proyecto de difusi\u00f3n art\u00edstica, cultural y de conciencia social que est\u00e1 enfocado a difundir y fomentar el entretenimiento alternativo de calidad para todo el p\u00fablico que comparta el mismo entusiasmo.\",\"sameAs\":[\"http:\/\/www.reconoce.mx\"],\"url\":\"http:\/\/www.reconoce.mx\/?author=2\"}]}<\/script>\n<!-- \/ Yoast SEO plugin. -->","yoast_head_json":{"title":"#VRFESTMX2018: crear empat\u00eda a trav\u00e9s de la realidad virtual, la experiencia de la Cruz Roja &#171; Reconoce MX","robots":{"index":"index","follow":"follow","max-snippet":"max-snippet:-1","max-image-preview":"max-image-preview:large","max-video-preview":"max-video-preview:-1"},"canonical":"http:\/\/www.reconoce.mx\/?p=76920","og_locale":"es_ES","og_type":"article","og_title":"#VRFESTMX2018: crear empat\u00eda a trav\u00e9s de la realidad virtual, la experiencia de la Cruz Roja &#171; Reconoce MX","og_description":"En el pasado VR FEST MX 2018, cuya cr\u00f3nica pueden leer aqu\u00ed, me encontr\u00e9 con una experiencia que me llam\u00f3 poderosamente la atenci\u00f3n. Bajo el lema del festival \"responsabilidad e innovaci\u00f3n social\", uno de los stands que me result\u00f3 m\u00e1s interesante fue el del Comit\u00e9 Internacional de la Cruz Roja (CICR).","og_url":"http:\/\/www.reconoce.mx\/?p=76920","og_site_name":"Reconoce MX","article_publisher":"https:\/\/es-la.facebook.com\/ReconoceMX\/","article_published_time":"2018-10-05T05:06:53+00:00","article_modified_time":"2018-10-05T14:03:29+00:00","og_image":[{"width":590,"height":380,"url":"http:\/\/www.reconoce.mx\/wp-content\/uploads\/2018\/10\/cicr-2.jpg","type":"image\/jpeg"}],"author":"Reconoce MX","twitter_card":"summary_large_image","twitter_creator":"@reconocemx","twitter_site":"@reconocemx","twitter_misc":{"Escrito por":"Reconoce MX","Tiempo de lectura":"8 minutos"},"schema":{"@context":"https:\/\/schema.org","@graph":[{"@type":"Article","@id":"http:\/\/www.reconoce.mx\/?p=76920#article","isPartOf":{"@id":"http:\/\/www.reconoce.mx\/?p=76920"},"author":{"name":"Reconoce MX","@id":"http:\/\/www.reconoce.mx\/#\/schema\/person\/2117e997d7051dc15d6880eaf9bca0b2"},"headline":"#VRFESTMX2018: crear empat\u00eda a trav\u00e9s de la realidad virtual, la experiencia de la Cruz Roja","datePublished":"2018-10-05T05:06:53+00:00","dateModified":"2018-10-05T14:03:29+00:00","mainEntityOfPage":{"@id":"http:\/\/www.reconoce.mx\/?p=76920"},"wordCount":1574,"commentCount":0,"publisher":{"@id":"http:\/\/www.reconoce.mx\/#organization"},"image":{"@id":"http:\/\/www.reconoce.mx\/?p=76920#primaryimage"},"thumbnailUrl":"http:\/\/www.reconoce.mx\/wp-content\/uploads\/2018\/10\/cicr-2.jpg","articleSection":["Cultura","Principal"],"inLanguage":"es","potentialAction":[{"@type":"CommentAction","name":"Comment","target":["http:\/\/www.reconoce.mx\/?p=76920#respond"]}]},{"@type":"WebPage","@id":"http:\/\/www.reconoce.mx\/?p=76920","url":"http:\/\/www.reconoce.mx\/?p=76920","name":"#VRFESTMX2018: crear empat\u00eda a trav\u00e9s de la realidad virtual, la experiencia de la Cruz Roja &#171; Reconoce MX","isPartOf":{"@id":"http:\/\/www.reconoce.mx\/#website"},"primaryImageOfPage":{"@id":"http:\/\/www.reconoce.mx\/?p=76920#primaryimage"},"image":{"@id":"http:\/\/www.reconoce.mx\/?p=76920#primaryimage"},"thumbnailUrl":"http:\/\/www.reconoce.mx\/wp-content\/uploads\/2018\/10\/cicr-2.jpg","datePublished":"2018-10-05T05:06:53+00:00","dateModified":"2018-10-05T14:03:29+00:00","breadcrumb":{"@id":"http:\/\/www.reconoce.mx\/?p=76920#breadcrumb"},"inLanguage":"es","potentialAction":[{"@type":"ReadAction","target":["http:\/\/www.reconoce.mx\/?p=76920"]}]},{"@type":"ImageObject","inLanguage":"es","@id":"http:\/\/www.reconoce.mx\/?p=76920#primaryimage","url":"http:\/\/www.reconoce.mx\/wp-content\/uploads\/2018\/10\/cicr-2.jpg","contentUrl":"http:\/\/www.reconoce.mx\/wp-content\/uploads\/2018\/10\/cicr-2.jpg","width":590,"height":380},{"@type":"BreadcrumbList","@id":"http:\/\/www.reconoce.mx\/?p=76920#breadcrumb","itemListElement":[{"@type":"ListItem","position":1,"name":"Portada","item":"http:\/\/www.reconoce.mx\/"},{"@type":"ListItem","position":2,"name":"#VRFESTMX2018: crear empat\u00eda a trav\u00e9s de la realidad virtual, la experiencia de la Cruz Roja"}]},{"@type":"WebSite","@id":"http:\/\/www.reconoce.mx\/#website","url":"http:\/\/www.reconoce.mx\/","name":"Reconoce MX","description":"En Reconoce MX difundimos arte, cultura y conciencia social en M\u00e9xico. Tu ciudad en otra perspectiva.","publisher":{"@id":"http:\/\/www.reconoce.mx\/#organization"},"potentialAction":[{"@type":"SearchAction","target":{"@type":"EntryPoint","urlTemplate":"http:\/\/www.reconoce.mx\/?s={search_term_string}"},"query-input":{"@type":"PropertyValueSpecification","valueRequired":true,"valueName":"search_term_string"}}],"inLanguage":"es"},{"@type":"Organization","@id":"http:\/\/www.reconoce.mx\/#organization","name":"Reconoce MX","url":"http:\/\/www.reconoce.mx\/","logo":{"@type":"ImageObject","inLanguage":"es","@id":"http:\/\/www.reconoce.mx\/#\/schema\/logo\/image\/","url":"https:\/\/www.reconoce.mx\/wp-content\/uploads\/2019\/03\/logorcmx-good-1.png","contentUrl":"https:\/\/www.reconoce.mx\/wp-content\/uploads\/2019\/03\/logorcmx-good-1.png","width":280,"height":90,"caption":"Reconoce MX"},"image":{"@id":"http:\/\/www.reconoce.mx\/#\/schema\/logo\/image\/"},"sameAs":["https:\/\/es-la.facebook.com\/ReconoceMX\/","https:\/\/x.com\/reconocemx","http:\/\/@reconocemx"]},{"@type":"Person","@id":"http:\/\/www.reconoce.mx\/#\/schema\/person\/2117e997d7051dc15d6880eaf9bca0b2","name":"Reconoce MX","image":{"@type":"ImageObject","inLanguage":"es","@id":"http:\/\/www.reconoce.mx\/#\/schema\/person\/image\/","url":"https:\/\/secure.gravatar.com\/avatar\/6c8d4dc7569ca1c90c5fdcc349f839d5ddef6fe1e70b4337ead2ef1a4c43fc3a?s=96&d=identicon&r=g","contentUrl":"https:\/\/secure.gravatar.com\/avatar\/6c8d4dc7569ca1c90c5fdcc349f839d5ddef6fe1e70b4337ead2ef1a4c43fc3a?s=96&d=identicon&r=g","caption":"Reconoce MX"},"description":"Reconoce MX es un proyecto de difusi\u00f3n art\u00edstica, cultural y de conciencia social que est\u00e1 enfocado a difundir y fomentar el entretenimiento alternativo de calidad para todo el p\u00fablico que comparta el mismo entusiasmo.","sameAs":["http:\/\/www.reconoce.mx"],"url":"http:\/\/www.reconoce.mx\/?author=2"}]}},"_links":{"self":[{"href":"http:\/\/www.reconoce.mx\/index.php?rest_route=\/wp\/v2\/posts\/76920","targetHints":{"allow":["GET"]}}],"collection":[{"href":"http:\/\/www.reconoce.mx\/index.php?rest_route=\/wp\/v2\/posts"}],"about":[{"href":"http:\/\/www.reconoce.mx\/index.php?rest_route=\/wp\/v2\/types\/post"}],"author":[{"embeddable":true,"href":"http:\/\/www.reconoce.mx\/index.php?rest_route=\/wp\/v2\/users\/2"}],"replies":[{"embeddable":true,"href":"http:\/\/www.reconoce.mx\/index.php?rest_route=%2Fwp%2Fv2%2Fcomments&post=76920"}],"version-history":[{"count":5,"href":"http:\/\/www.reconoce.mx\/index.php?rest_route=\/wp\/v2\/posts\/76920\/revisions"}],"predecessor-version":[{"id":77026,"href":"http:\/\/www.reconoce.mx\/index.php?rest_route=\/wp\/v2\/posts\/76920\/revisions\/77026"}],"wp:featuredmedia":[{"embeddable":true,"href":"http:\/\/www.reconoce.mx\/index.php?rest_route=\/wp\/v2\/media\/77002"}],"wp:attachment":[{"href":"http:\/\/www.reconoce.mx\/index.php?rest_route=%2Fwp%2Fv2%2Fmedia&parent=76920"}],"wp:term":[{"taxonomy":"category","embeddable":true,"href":"http:\/\/www.reconoce.mx\/index.php?rest_route=%2Fwp%2Fv2%2Fcategories&post=76920"},{"taxonomy":"post_tag","embeddable":true,"href":"http:\/\/www.reconoce.mx\/index.php?rest_route=%2Fwp%2Fv2%2Ftags&post=76920"}],"curies":[{"name":"wp","href":"https:\/\/api.w.org\/{rel}","templated":true}]}}