{"id":76934,"date":"2018-10-03T00:05:32","date_gmt":"2018-10-03T05:05:32","guid":{"rendered":"http:\/\/www.reconoce.mx\/?p=76934"},"modified":"2018-10-03T10:27:03","modified_gmt":"2018-10-03T15:27:03","slug":"el-progreso-en-detrimento-del-arte","status":"publish","type":"post","link":"http:\/\/www.reconoce.mx\/?p=76934","title":{"rendered":"El progreso en detrimento del arte"},"content":{"rendered":"<p><a href=\"http:\/\/www.reconoce.mx\/category\/columnistas\/\"><img loading=\"lazy\" decoding=\"async\" class=\"aligncenter size-full wp-image-40651\" src=\"http:\/\/www.reconoce.mx\/wp-content\/uploads\/2015\/09\/ColumnistaRCMX.png\" alt=\"Columnistainvitado\" width=\"570\" height=\"70\" \/><\/a><\/p>\n<p><strong>Por <a href=\"https:\/\/twitter.com\/SandyMW13\" target=\"_blank\" rel=\"noopener noreferrer\">Sandyluz<\/a><\/strong>.<\/p>\n<p>\u201cCanastitas en serie\u201d es uno de los cuentos de <strong>Bruno Traven<\/strong>, incluido en su antolog\u00eda: \u00abCanasta de cuentos mexicanos\u00bb. \u00c9ste es el cuento inaugural del libro, y se presenta como premisa b\u00e1sica del discurso de este autor alem\u00e1n, quien experiment\u00f3 un M\u00e9xico en transici\u00f3n hacia la modernidad, un M\u00e9xico donde la Revoluci\u00f3n Mexicana traz\u00f3 sue\u00f1os de grandeza y dej\u00f3 una vena abierta, en el sentir de muchos mexicanos, quienes realmente pensaron que la revoluci\u00f3n nos catapultar\u00eda hacia un desarrollo uniforme, no elitista. Traven narra sus vivencias en M\u00e9xico, de manera coloquial y casi charlada, para comprender el suelo y la gente, que le dio asilo por tantos a\u00f1os. Traven aporta la \u00f3ptica y asombro del extranjero, que pisa tierras mexicanas, y que no sabe muy bien c\u00f3mo lidiar con la idiosincrasia del mexicano rural o urbano.<\/p>\n<p><a href=\"http:\/\/www.reconoce.mx\/wp-content\/uploads\/2018\/10\/escanear0009.jpg\"><img loading=\"lazy\" decoding=\"async\" class=\"aligncenter size-full wp-image-76936\" src=\"http:\/\/www.reconoce.mx\/wp-content\/uploads\/2018\/10\/escanear0009.jpg\" alt=\"\" width=\"976\" height=\"1476\" srcset=\"http:\/\/www.reconoce.mx\/wp-content\/uploads\/2018\/10\/escanear0009.jpg 976w, http:\/\/www.reconoce.mx\/wp-content\/uploads\/2018\/10\/escanear0009-198x300.jpg 198w, http:\/\/www.reconoce.mx\/wp-content\/uploads\/2018\/10\/escanear0009-768x1161.jpg 768w, http:\/\/www.reconoce.mx\/wp-content\/uploads\/2018\/10\/escanear0009-677x1024.jpg 677w, http:\/\/www.reconoce.mx\/wp-content\/uploads\/2018\/10\/escanear0009-150x227.jpg 150w, http:\/\/www.reconoce.mx\/wp-content\/uploads\/2018\/10\/escanear0009-700x1059.jpg 700w, http:\/\/www.reconoce.mx\/wp-content\/uploads\/2018\/10\/escanear0009-658x995.jpg 658w, http:\/\/www.reconoce.mx\/wp-content\/uploads\/2018\/10\/escanear0009-300x454.jpg 300w\" sizes=\"auto, (max-width: 976px) 100vw, 976px\" \/><\/a><\/p>\n<p>En \u201cCanastitas en serie\u201d nos encontramos con el narrador intradieg\u00e9tico protagonista, quien es un extranjero, un estadounidense; en su andar por un pueblo chiapaneco, se encuentra con un laborioso indio, justo cuando \u00e9ste se ocupa de una de \u201csus chambas\u201d: la elaboraci\u00f3n de la artesan\u00eda familiar. El indio se halla, afuera de su choza, concentrado en tejer canastitas de bejuco y otras fibras, mismas que deber\u00e1 llevar a vender al mercado, para as\u00ed completar el dinero de su sustento; adem\u00e1s de ello, el indio se dedica a cultivar una milpa, poniendo en evidencia las m\u00faltiples peripecias que hace un mexicano promedio, para sacar adelante a su familia, en un M\u00e9xico pr\u00f3spero, \u00a1claro!, \u00a1siempre en v\u00edas de desarrollo!<\/p>\n<p>Al extranjero se le ocurre hacerle un pedido monumental de canastitas, pensando en que el tejedor de canastas puede ser el proveedor de un producto cotizado en los Estados Unidos. El narrador, con su ideolog\u00eda imperialista, se pone a hacer las cuentas, para especular cu\u00e1nto podr\u00eda ganar, si el indio le vende las canastitas a un precio de mayoreo. En el punto culminante del cuento, el desconcierto del gringo lo pone en su punto de quiebre, cuando el indio, desde su razonamiento de artesano, le argumenta que le es imposible surtir tal pedido de canastas; adem\u00e1s, entre m\u00e1s canastitas tenga que elaborar, m\u00e1s caras costar\u00edan, pues las materias primas escasear\u00edan, aunado a que \u00e9l tendr\u00eda que avocarse por completo a tejer, dejando por un lado sus otras labores. El narrador estadounidense sencillamente no comprende el punto de vista del indio y se frustra por completo, dejando en claro que el mexicano tiene una ideolog\u00eda bastante picante y sui g\u00e9neris.<\/p>\n<p>Al margen de lo narrado en el cuento, subyace el tema y punto de vista del autor, en relaci\u00f3n con los mexicanos, s\u00ed, esos paisanos animosos, pero con pocas luces, desde una \u00f3ptica capitalista. Ciertamente, en este cuento no se promueve una imagen peyorativa del ind\u00edgena, sino todo lo contrario: el tejedor de canastas simplemente tiene otra concepci\u00f3n del tiempo y de sus prioridades, en comparaci\u00f3n con el extranjero. Al indio se le retrata como un hombre humilde, sensible, artesano y noble, el cual no es en lo absoluto seducido por las suntuosidades del mundo del dinero; tambi\u00e9n, se le muestra como alguien que todav\u00eda sabe coexistir con la naturaleza; alguien, quien, respetuosamente, toma suministros del entorno, sin declararse supremo dominador del territorio, lo cual genera la reflexi\u00f3n en el lector, en torno a los delirios de grandeza, inherentes a todo europeo colonizador.<\/p>\n<p>Algo que deja en claro este cuento, es que, aun cuando seamos el mismo ejemplar de homo sapiens, saltan las diferencias de credo y valores, entre el hombre blanco y el hombre ind\u00edgena. Ninguno de las dos posturas es err\u00f3nea; simplemente, a veces no se halla un espacio de convergencia, y por eso decimos que \u201cel mexicano se cuece aparte\u201d. El cuento de Traven revela que lo esencial para el mexicano va m\u00e1s all\u00e1 de lo material y econ\u00f3mico; tiene cimiento firme, en lo m\u00edstico, religioso y familiar. Las bases que tenemos, como pueblo mestizo, nos llevan a sentir arraigo por la contemplaci\u00f3n, la magia, la flora, la fauna, el cosmos y otras cuestiones ultraterrenas, a diferencia del hombre blanco promedio, quien se finc\u00f3, a partir de las conquistas territoriales, acumuladas generacionalmente, las cuales lo nutrieron de una visi\u00f3n m\u00e1s pragm\u00e1tica y materialista.<\/p>\n<p>\u201cCanastitas en serie\u201d es un cuento dignificante, para los mexicanos que conocemos la belleza de nuestro paisaje, de nuestros monumentos hist\u00f3ricos y de nuestra culinaria. Traven retrata, a trav\u00e9s de sus personajes, la l\u00ednea divisoria entre sus dos personajes, el g\u00fcero y el indio, quienes tienen visi\u00f3n harto contrastante: uno se vierte y nutre hacia fuera y el otro hacia adentro; esto es halagador, si reflexionamos en el car\u00e1cter po\u00e9tico, sabio e inocente del indio, plasmado en los cuentos de Traven, en relaci\u00f3n con el car\u00e1cter materialista, banal y oportunista del extranjero narrador.<\/p>\n<p>M\u00e9xico es un pa\u00eds de quimeras, no solamente artesanales, sino antropol\u00f3gicas: en este vasto territorio se conciben los personajes m\u00e1s bizarros del mundo. As\u00ed, post lectura de <strong>Bruno Traven<\/strong>, creo que las palabras que mejor nos abrevian, a nosotros mexicanos, son: mestizaje y diversidad. El mexicano siempre anda, con un pie en su pasado hist\u00f3rico y m\u00edstico, y con otro pie en sus predicciones y sue\u00f1os de un futuro pr\u00f3spero, el cual no comprometa su abigarrada personalidad.<\/p>\n<p style=\"text-align: right;\">Fuente consultada: <strong>Traven<\/strong>, Bruno. \u00abCanasta de cuentos mexicanos\u00bb. M\u00e9xico: Selector, 2014.<\/p>\n<blockquote><p><a href=\"http:\/\/www.reconoce.mx\/wp-content\/uploads\/2016\/05\/sandybw.png\" rel=\"lightbox[57492]\"><img loading=\"lazy\" decoding=\"async\" class=\"alignleft size-thumbnail wp-image-39872\" src=\"http:\/\/www.reconoce.mx\/wp-content\/uploads\/2016\/05\/sandybw-e1463540419968.png\" alt=\"IMG_5743\" width=\"150\" height=\"150\" \/><\/a><strong>Sandyluz<\/strong>. \u201cDetr\u00e1s de la pluma\u2026\u201d Egresada del Tecnol\u00f3gico de Monterrey Campus Toluca, de la carrera de Ciencias de la Comunicaci\u00f3n. Complet\u00f3 estudios de Creaci\u00f3n Literaria en la Escuela de Escritores del Estado de M\u00e9xico (SOGEM). Tambi\u00e9n termin\u00f3 una maestr\u00eda en Estudios Human\u00edsticos con especialidad en Literatura, en el Tecnol\u00f3gico de Monterrey. En un plano m\u00e1s relajado, es aficionada a los libros y a la escritura desde corta edad; ha escrito de manera informal cuentos y poes\u00edas; con uno de sus primeros cuentos gan\u00f3 un concurso local del cual obtuvo su primer retribuci\u00f3n econ\u00f3mica y profesional, siendo ello un significativo incentivo para seguir escribiendo. La Literatura ha sido una v\u00e1lvula de escape para no enfermar de realidad. La fantas\u00eda reanima el fulgor de los sue\u00f1os que so\u00f1amos dormidos y que so\u00f1amos despiertos\u2026<\/p><\/blockquote>\n<p>&nbsp;<\/p>\n<p>&nbsp;<\/p>\n","protected":false},"excerpt":{"rendered":"<p>\u201cCanastitas en serie\u201d es uno de los cuentos de Bruno Traven, incluido en su antolog\u00eda: \u00abCanasta de cuentos mexicanos\u00bb.<\/p>\n","protected":false},"author":2,"featured_media":76935,"comment_status":"open","ping_status":"open","sticky":false,"template":"","format":"standard","meta":{"footnotes":""},"categories":[16,17,2648],"tags":[],"class_list":["post-76934","post","type-post","status-publish","format-standard","has-post-thumbnail","hentry","category-columnistas","category-principal","category-sandyluz"],"yoast_head":"<!-- This site is optimized with the Yoast SEO plugin v24.7 - https:\/\/yoast.com\/wordpress\/plugins\/seo\/ -->\n<title>El progreso en detrimento del arte &#171; Reconoce MX<\/title>\n<meta name=\"robots\" content=\"index, follow, max-snippet:-1, max-image-preview:large, max-video-preview:-1\" \/>\n<link rel=\"canonical\" href=\"http:\/\/www.reconoce.mx\/?p=76934\" \/>\n<meta property=\"og:locale\" content=\"es_ES\" \/>\n<meta property=\"og:type\" content=\"article\" \/>\n<meta property=\"og:title\" content=\"El progreso en detrimento del arte &#171; Reconoce MX\" \/>\n<meta property=\"og:description\" content=\"\u201cCanastitas en serie\u201d es uno de los cuentos de Bruno Traven, incluido en su antolog\u00eda: &quot;Canasta de cuentos mexicanos&quot;.\" \/>\n<meta property=\"og:url\" content=\"http:\/\/www.reconoce.mx\/?p=76934\" \/>\n<meta property=\"og:site_name\" content=\"Reconoce MX\" \/>\n<meta property=\"article:publisher\" content=\"https:\/\/es-la.facebook.com\/ReconoceMX\/\" \/>\n<meta property=\"article:published_time\" content=\"2018-10-03T05:05:32+00:00\" \/>\n<meta property=\"article:modified_time\" content=\"2018-10-03T15:27:03+00:00\" \/>\n<meta property=\"og:image\" content=\"http:\/\/www.reconoce.mx\/wp-content\/uploads\/2018\/10\/canastas-cover.jpg\" \/>\n\t<meta property=\"og:image:width\" content=\"590\" \/>\n\t<meta property=\"og:image:height\" content=\"380\" \/>\n\t<meta property=\"og:image:type\" content=\"image\/jpeg\" \/>\n<meta name=\"author\" content=\"Reconoce MX\" \/>\n<meta name=\"twitter:card\" content=\"summary_large_image\" \/>\n<meta name=\"twitter:creator\" content=\"@reconocemx\" \/>\n<meta name=\"twitter:site\" content=\"@reconocemx\" \/>\n<meta name=\"twitter:label1\" content=\"Escrito por\" \/>\n\t<meta name=\"twitter:data1\" content=\"Reconoce MX\" \/>\n\t<meta name=\"twitter:label2\" content=\"Tiempo de lectura\" \/>\n\t<meta name=\"twitter:data2\" content=\"5 minutos\" \/>\n<script type=\"application\/ld+json\" class=\"yoast-schema-graph\">{\"@context\":\"https:\/\/schema.org\",\"@graph\":[{\"@type\":\"Article\",\"@id\":\"http:\/\/www.reconoce.mx\/?p=76934#article\",\"isPartOf\":{\"@id\":\"http:\/\/www.reconoce.mx\/?p=76934\"},\"author\":{\"name\":\"Reconoce MX\",\"@id\":\"http:\/\/www.reconoce.mx\/#\/schema\/person\/2117e997d7051dc15d6880eaf9bca0b2\"},\"headline\":\"El progreso en detrimento del arte\",\"datePublished\":\"2018-10-03T05:05:32+00:00\",\"dateModified\":\"2018-10-03T15:27:03+00:00\",\"mainEntityOfPage\":{\"@id\":\"http:\/\/www.reconoce.mx\/?p=76934\"},\"wordCount\":1103,\"commentCount\":0,\"publisher\":{\"@id\":\"http:\/\/www.reconoce.mx\/#organization\"},\"image\":{\"@id\":\"http:\/\/www.reconoce.mx\/?p=76934#primaryimage\"},\"thumbnailUrl\":\"http:\/\/www.reconoce.mx\/wp-content\/uploads\/2018\/10\/canastas-cover.jpg\",\"articleSection\":[\"Columnistas\",\"Principal\",\"Sandyluz\"],\"inLanguage\":\"es\",\"potentialAction\":[{\"@type\":\"CommentAction\",\"name\":\"Comment\",\"target\":[\"http:\/\/www.reconoce.mx\/?p=76934#respond\"]}]},{\"@type\":\"WebPage\",\"@id\":\"http:\/\/www.reconoce.mx\/?p=76934\",\"url\":\"http:\/\/www.reconoce.mx\/?p=76934\",\"name\":\"El progreso en detrimento del arte &#171; Reconoce MX\",\"isPartOf\":{\"@id\":\"http:\/\/www.reconoce.mx\/#website\"},\"primaryImageOfPage\":{\"@id\":\"http:\/\/www.reconoce.mx\/?p=76934#primaryimage\"},\"image\":{\"@id\":\"http:\/\/www.reconoce.mx\/?p=76934#primaryimage\"},\"thumbnailUrl\":\"http:\/\/www.reconoce.mx\/wp-content\/uploads\/2018\/10\/canastas-cover.jpg\",\"datePublished\":\"2018-10-03T05:05:32+00:00\",\"dateModified\":\"2018-10-03T15:27:03+00:00\",\"breadcrumb\":{\"@id\":\"http:\/\/www.reconoce.mx\/?p=76934#breadcrumb\"},\"inLanguage\":\"es\",\"potentialAction\":[{\"@type\":\"ReadAction\",\"target\":[\"http:\/\/www.reconoce.mx\/?p=76934\"]}]},{\"@type\":\"ImageObject\",\"inLanguage\":\"es\",\"@id\":\"http:\/\/www.reconoce.mx\/?p=76934#primaryimage\",\"url\":\"http:\/\/www.reconoce.mx\/wp-content\/uploads\/2018\/10\/canastas-cover.jpg\",\"contentUrl\":\"http:\/\/www.reconoce.mx\/wp-content\/uploads\/2018\/10\/canastas-cover.jpg\",\"width\":590,\"height\":380},{\"@type\":\"BreadcrumbList\",\"@id\":\"http:\/\/www.reconoce.mx\/?p=76934#breadcrumb\",\"itemListElement\":[{\"@type\":\"ListItem\",\"position\":1,\"name\":\"Portada\",\"item\":\"http:\/\/www.reconoce.mx\/\"},{\"@type\":\"ListItem\",\"position\":2,\"name\":\"El progreso en detrimento del arte\"}]},{\"@type\":\"WebSite\",\"@id\":\"http:\/\/www.reconoce.mx\/#website\",\"url\":\"http:\/\/www.reconoce.mx\/\",\"name\":\"Reconoce MX\",\"description\":\"En Reconoce MX difundimos arte, cultura y conciencia social en M\u00e9xico. Tu ciudad en otra perspectiva.\",\"publisher\":{\"@id\":\"http:\/\/www.reconoce.mx\/#organization\"},\"potentialAction\":[{\"@type\":\"SearchAction\",\"target\":{\"@type\":\"EntryPoint\",\"urlTemplate\":\"http:\/\/www.reconoce.mx\/?s={search_term_string}\"},\"query-input\":{\"@type\":\"PropertyValueSpecification\",\"valueRequired\":true,\"valueName\":\"search_term_string\"}}],\"inLanguage\":\"es\"},{\"@type\":\"Organization\",\"@id\":\"http:\/\/www.reconoce.mx\/#organization\",\"name\":\"Reconoce MX\",\"url\":\"http:\/\/www.reconoce.mx\/\",\"logo\":{\"@type\":\"ImageObject\",\"inLanguage\":\"es\",\"@id\":\"http:\/\/www.reconoce.mx\/#\/schema\/logo\/image\/\",\"url\":\"https:\/\/www.reconoce.mx\/wp-content\/uploads\/2019\/03\/logorcmx-good-1.png\",\"contentUrl\":\"https:\/\/www.reconoce.mx\/wp-content\/uploads\/2019\/03\/logorcmx-good-1.png\",\"width\":280,\"height\":90,\"caption\":\"Reconoce MX\"},\"image\":{\"@id\":\"http:\/\/www.reconoce.mx\/#\/schema\/logo\/image\/\"},\"sameAs\":[\"https:\/\/es-la.facebook.com\/ReconoceMX\/\",\"https:\/\/x.com\/reconocemx\",\"http:\/\/@reconocemx\"]},{\"@type\":\"Person\",\"@id\":\"http:\/\/www.reconoce.mx\/#\/schema\/person\/2117e997d7051dc15d6880eaf9bca0b2\",\"name\":\"Reconoce MX\",\"image\":{\"@type\":\"ImageObject\",\"inLanguage\":\"es\",\"@id\":\"http:\/\/www.reconoce.mx\/#\/schema\/person\/image\/\",\"url\":\"https:\/\/secure.gravatar.com\/avatar\/6c8d4dc7569ca1c90c5fdcc349f839d5ddef6fe1e70b4337ead2ef1a4c43fc3a?s=96&d=identicon&r=g\",\"contentUrl\":\"https:\/\/secure.gravatar.com\/avatar\/6c8d4dc7569ca1c90c5fdcc349f839d5ddef6fe1e70b4337ead2ef1a4c43fc3a?s=96&d=identicon&r=g\",\"caption\":\"Reconoce MX\"},\"description\":\"Reconoce MX es un proyecto de difusi\u00f3n art\u00edstica, cultural y de conciencia social que est\u00e1 enfocado a difundir y fomentar el entretenimiento alternativo de calidad para todo el p\u00fablico que comparta el mismo entusiasmo.\",\"sameAs\":[\"http:\/\/www.reconoce.mx\"],\"url\":\"http:\/\/www.reconoce.mx\/?author=2\"}]}<\/script>\n<!-- \/ Yoast SEO plugin. -->","yoast_head_json":{"title":"El progreso en detrimento del arte &#171; Reconoce MX","robots":{"index":"index","follow":"follow","max-snippet":"max-snippet:-1","max-image-preview":"max-image-preview:large","max-video-preview":"max-video-preview:-1"},"canonical":"http:\/\/www.reconoce.mx\/?p=76934","og_locale":"es_ES","og_type":"article","og_title":"El progreso en detrimento del arte &#171; Reconoce MX","og_description":"\u201cCanastitas en serie\u201d es uno de los cuentos de Bruno Traven, incluido en su antolog\u00eda: \"Canasta de cuentos mexicanos\".","og_url":"http:\/\/www.reconoce.mx\/?p=76934","og_site_name":"Reconoce MX","article_publisher":"https:\/\/es-la.facebook.com\/ReconoceMX\/","article_published_time":"2018-10-03T05:05:32+00:00","article_modified_time":"2018-10-03T15:27:03+00:00","og_image":[{"width":590,"height":380,"url":"http:\/\/www.reconoce.mx\/wp-content\/uploads\/2018\/10\/canastas-cover.jpg","type":"image\/jpeg"}],"author":"Reconoce MX","twitter_card":"summary_large_image","twitter_creator":"@reconocemx","twitter_site":"@reconocemx","twitter_misc":{"Escrito por":"Reconoce MX","Tiempo de lectura":"5 minutos"},"schema":{"@context":"https:\/\/schema.org","@graph":[{"@type":"Article","@id":"http:\/\/www.reconoce.mx\/?p=76934#article","isPartOf":{"@id":"http:\/\/www.reconoce.mx\/?p=76934"},"author":{"name":"Reconoce MX","@id":"http:\/\/www.reconoce.mx\/#\/schema\/person\/2117e997d7051dc15d6880eaf9bca0b2"},"headline":"El progreso en detrimento del arte","datePublished":"2018-10-03T05:05:32+00:00","dateModified":"2018-10-03T15:27:03+00:00","mainEntityOfPage":{"@id":"http:\/\/www.reconoce.mx\/?p=76934"},"wordCount":1103,"commentCount":0,"publisher":{"@id":"http:\/\/www.reconoce.mx\/#organization"},"image":{"@id":"http:\/\/www.reconoce.mx\/?p=76934#primaryimage"},"thumbnailUrl":"http:\/\/www.reconoce.mx\/wp-content\/uploads\/2018\/10\/canastas-cover.jpg","articleSection":["Columnistas","Principal","Sandyluz"],"inLanguage":"es","potentialAction":[{"@type":"CommentAction","name":"Comment","target":["http:\/\/www.reconoce.mx\/?p=76934#respond"]}]},{"@type":"WebPage","@id":"http:\/\/www.reconoce.mx\/?p=76934","url":"http:\/\/www.reconoce.mx\/?p=76934","name":"El progreso en detrimento del arte &#171; Reconoce MX","isPartOf":{"@id":"http:\/\/www.reconoce.mx\/#website"},"primaryImageOfPage":{"@id":"http:\/\/www.reconoce.mx\/?p=76934#primaryimage"},"image":{"@id":"http:\/\/www.reconoce.mx\/?p=76934#primaryimage"},"thumbnailUrl":"http:\/\/www.reconoce.mx\/wp-content\/uploads\/2018\/10\/canastas-cover.jpg","datePublished":"2018-10-03T05:05:32+00:00","dateModified":"2018-10-03T15:27:03+00:00","breadcrumb":{"@id":"http:\/\/www.reconoce.mx\/?p=76934#breadcrumb"},"inLanguage":"es","potentialAction":[{"@type":"ReadAction","target":["http:\/\/www.reconoce.mx\/?p=76934"]}]},{"@type":"ImageObject","inLanguage":"es","@id":"http:\/\/www.reconoce.mx\/?p=76934#primaryimage","url":"http:\/\/www.reconoce.mx\/wp-content\/uploads\/2018\/10\/canastas-cover.jpg","contentUrl":"http:\/\/www.reconoce.mx\/wp-content\/uploads\/2018\/10\/canastas-cover.jpg","width":590,"height":380},{"@type":"BreadcrumbList","@id":"http:\/\/www.reconoce.mx\/?p=76934#breadcrumb","itemListElement":[{"@type":"ListItem","position":1,"name":"Portada","item":"http:\/\/www.reconoce.mx\/"},{"@type":"ListItem","position":2,"name":"El progreso en detrimento del arte"}]},{"@type":"WebSite","@id":"http:\/\/www.reconoce.mx\/#website","url":"http:\/\/www.reconoce.mx\/","name":"Reconoce MX","description":"En Reconoce MX difundimos arte, cultura y conciencia social en M\u00e9xico. Tu ciudad en otra perspectiva.","publisher":{"@id":"http:\/\/www.reconoce.mx\/#organization"},"potentialAction":[{"@type":"SearchAction","target":{"@type":"EntryPoint","urlTemplate":"http:\/\/www.reconoce.mx\/?s={search_term_string}"},"query-input":{"@type":"PropertyValueSpecification","valueRequired":true,"valueName":"search_term_string"}}],"inLanguage":"es"},{"@type":"Organization","@id":"http:\/\/www.reconoce.mx\/#organization","name":"Reconoce MX","url":"http:\/\/www.reconoce.mx\/","logo":{"@type":"ImageObject","inLanguage":"es","@id":"http:\/\/www.reconoce.mx\/#\/schema\/logo\/image\/","url":"https:\/\/www.reconoce.mx\/wp-content\/uploads\/2019\/03\/logorcmx-good-1.png","contentUrl":"https:\/\/www.reconoce.mx\/wp-content\/uploads\/2019\/03\/logorcmx-good-1.png","width":280,"height":90,"caption":"Reconoce MX"},"image":{"@id":"http:\/\/www.reconoce.mx\/#\/schema\/logo\/image\/"},"sameAs":["https:\/\/es-la.facebook.com\/ReconoceMX\/","https:\/\/x.com\/reconocemx","http:\/\/@reconocemx"]},{"@type":"Person","@id":"http:\/\/www.reconoce.mx\/#\/schema\/person\/2117e997d7051dc15d6880eaf9bca0b2","name":"Reconoce MX","image":{"@type":"ImageObject","inLanguage":"es","@id":"http:\/\/www.reconoce.mx\/#\/schema\/person\/image\/","url":"https:\/\/secure.gravatar.com\/avatar\/6c8d4dc7569ca1c90c5fdcc349f839d5ddef6fe1e70b4337ead2ef1a4c43fc3a?s=96&d=identicon&r=g","contentUrl":"https:\/\/secure.gravatar.com\/avatar\/6c8d4dc7569ca1c90c5fdcc349f839d5ddef6fe1e70b4337ead2ef1a4c43fc3a?s=96&d=identicon&r=g","caption":"Reconoce MX"},"description":"Reconoce MX es un proyecto de difusi\u00f3n art\u00edstica, cultural y de conciencia social que est\u00e1 enfocado a difundir y fomentar el entretenimiento alternativo de calidad para todo el p\u00fablico que comparta el mismo entusiasmo.","sameAs":["http:\/\/www.reconoce.mx"],"url":"http:\/\/www.reconoce.mx\/?author=2"}]}},"_links":{"self":[{"href":"http:\/\/www.reconoce.mx\/index.php?rest_route=\/wp\/v2\/posts\/76934","targetHints":{"allow":["GET"]}}],"collection":[{"href":"http:\/\/www.reconoce.mx\/index.php?rest_route=\/wp\/v2\/posts"}],"about":[{"href":"http:\/\/www.reconoce.mx\/index.php?rest_route=\/wp\/v2\/types\/post"}],"author":[{"embeddable":true,"href":"http:\/\/www.reconoce.mx\/index.php?rest_route=\/wp\/v2\/users\/2"}],"replies":[{"embeddable":true,"href":"http:\/\/www.reconoce.mx\/index.php?rest_route=%2Fwp%2Fv2%2Fcomments&post=76934"}],"version-history":[{"count":1,"href":"http:\/\/www.reconoce.mx\/index.php?rest_route=\/wp\/v2\/posts\/76934\/revisions"}],"predecessor-version":[{"id":76937,"href":"http:\/\/www.reconoce.mx\/index.php?rest_route=\/wp\/v2\/posts\/76934\/revisions\/76937"}],"wp:featuredmedia":[{"embeddable":true,"href":"http:\/\/www.reconoce.mx\/index.php?rest_route=\/wp\/v2\/media\/76935"}],"wp:attachment":[{"href":"http:\/\/www.reconoce.mx\/index.php?rest_route=%2Fwp%2Fv2%2Fmedia&parent=76934"}],"wp:term":[{"taxonomy":"category","embeddable":true,"href":"http:\/\/www.reconoce.mx\/index.php?rest_route=%2Fwp%2Fv2%2Fcategories&post=76934"},{"taxonomy":"post_tag","embeddable":true,"href":"http:\/\/www.reconoce.mx\/index.php?rest_route=%2Fwp%2Fv2%2Ftags&post=76934"}],"curies":[{"name":"wp","href":"https:\/\/api.w.org\/{rel}","templated":true}]}}