{"id":76938,"date":"2018-10-03T00:03:01","date_gmt":"2018-10-03T05:03:01","guid":{"rendered":"http:\/\/www.reconoce.mx\/?p=76938"},"modified":"2018-10-03T11:09:55","modified_gmt":"2018-10-03T16:09:55","slug":"odisseo-presentara-cambio-estacional-en-el-plaza-condesa","status":"publish","type":"post","link":"http:\/\/www.reconoce.mx\/?p=76938","title":{"rendered":"Odisseo presentar\u00e1 \u00abCambio estacional\u00bb en El Plaza Condesa"},"content":{"rendered":"<p><strong>Por <a href=\"https:\/\/www.instagram.com\/miriam_alavez\/\" target=\"_blank\" rel=\"noopener\">Miriam Alavez Garc\u00eda<\/a>.<\/strong><\/p>\n<p>La reconocida banda mexicana de indie rock, <strong>Odisseo<\/strong>, se presentar\u00e1 por primera vez en<strong> El Plaza Condesa<\/strong> de la Ciudad de M\u00e9xico para promocionar su m\u00e1s reciente \u00e1lbum de nombre: \u201cCambio estacional\u201d.<\/p>\n<p><a href=\"http:\/\/www.reconoce.mx\/wp-content\/uploads\/2018\/10\/unnamed6.jpg\"><img loading=\"lazy\" decoding=\"async\" class=\"aligncenter size-full wp-image-76940\" src=\"http:\/\/www.reconoce.mx\/wp-content\/uploads\/2018\/10\/unnamed6.jpg\" alt=\"\" width=\"1080\" height=\"1080\" srcset=\"http:\/\/www.reconoce.mx\/wp-content\/uploads\/2018\/10\/unnamed6.jpg 1080w, http:\/\/www.reconoce.mx\/wp-content\/uploads\/2018\/10\/unnamed6-150x150.jpg 150w, http:\/\/www.reconoce.mx\/wp-content\/uploads\/2018\/10\/unnamed6-300x300.jpg 300w, http:\/\/www.reconoce.mx\/wp-content\/uploads\/2018\/10\/unnamed6-768x768.jpg 768w, http:\/\/www.reconoce.mx\/wp-content\/uploads\/2018\/10\/unnamed6-1024x1024.jpg 1024w, http:\/\/www.reconoce.mx\/wp-content\/uploads\/2018\/10\/unnamed6-65x65.jpg 65w, http:\/\/www.reconoce.mx\/wp-content\/uploads\/2018\/10\/unnamed6-700x700.jpg 700w, http:\/\/www.reconoce.mx\/wp-content\/uploads\/2018\/10\/unnamed6-658x658.jpg 658w\" sizes=\"auto, (max-width: 1080px) 100vw, 1080px\" \/><\/a><\/p>\n<p><strong>Odisseo<\/strong> se caracteriza por la influencia sonora de balada rom\u00e1ntica, m\u00fasica disco\u00a0 new wave y synth pop,\u00a0 es una agrupaci\u00f3n con 2 discos y un EP; tambi\u00e9n han sido participes en series de TV como banda sonora, dos presentaciones en uno de los festivales m\u00e1s importantes de Am\u00e9rica Latina: <strong>Vive Latino<\/strong> y, se han posicionado en los primeros lugares de bandas juveniles m\u00e1s importantes de M\u00e9xico.<\/p>\n<p>A pesar de sufrir una serie de cambios, los originarios de Ecatepec (Eestado de M\u00e9xico) han trabajado arm\u00f3nicamente este \u00faltimo material, mismo que marcar\u00e1 el debut de su nuevo vocalista, Juan Pablo L\u00f3pez. Cabe se\u00f1alar que \u201cCambio estacional\u201d est\u00e1 conformado por 10 tracks; los primeros lanzamientos fueron\u00a0 \u201cInvencibles\u201d, \u201cLos imanes\u201d y \u201cLo que quieras de m\u00ed\u201d, actualmente ya podemos encontrar el \u00e1lbum en todas las plataformas de m\u00fasica preferida.<\/p>\n<style>.embed-container { position: relative; padding-bottom: 56.25%; height: 0; overflow: hidden; max-width: 100%; } .embed-container iframe, .embed-container object, .embed-container embed { position: absolute; top: 0; left: 0; width: 100%; height: 100%; }<\/style>\n<div class='embed-container'><iframe src='https:\/\/www.youtube.com\/embed\/GDDIRTga0Yw' frameborder='0' allowfullscreen><\/iframe><\/div>\n<p>&nbsp;<\/p>\n<p>La presentaci\u00f3n que tendr\u00e1n en <strong>El Plaza<\/strong> marcar\u00e1 una nueva etapa profesional en cada uno de los integrantes; han anunciado que en ella tendr\u00e1n muchas sorpresas para su p\u00fablico, tambi\u00e9n confirmaron a la banda encargada de iniciar el concierto y ser\u00e1 nada m\u00e1s y nada menos que <strong>We Are The Grand<\/strong>, directamente desde Chile presentar\u00e1n temas pertenecientes a su nuevo disco de nombre \u201cRa\u00edz\u201d.<\/p>\n<p>No puedes perderte la oportunidad de deleitar tu sentido auditivo y pasar una velada incre\u00edble a lado de talentos mexicanos y chilenos. La cita es el pr\u00f3ximo viernes 5 de octubre en punto de las 21:00 horas en <strong>El Plaza Condesa<\/strong>. Los boletos puedes encontrarlos a trav\u00e9s del <a href=\"https:\/\/www.ticketmaster.com.mx\/Odisseo-boletos\/artist\/2088830\" target=\"_blank\" rel=\"noopener\">Sistema Ticketmaster<\/a> o bien en las taquillas del <em>venue<\/em>.<\/p>\n<p>&nbsp;<\/p>\n<p>&nbsp;<\/p>\n","protected":false},"excerpt":{"rendered":"<p>La reconocida banda mexicana de indie rock, Odisseo, se presentar\u00e1 por primera vez en El Plaza Condesa de la Ciudad de M\u00e9xico para promocionar su m\u00e1s reciente \u00e1lbum de nombre: \u201cCambio estacional\u201d.<\/p>\n","protected":false},"author":2,"featured_media":76939,"comment_status":"open","ping_status":"open","sticky":false,"template":"","format":"standard","meta":{"footnotes":""},"categories":[1,18,17],"tags":[],"class_list":["post-76938","post","type-post","status-publish","format-standard","has-post-thumbnail","hentry","category-cultura","category-musica","category-principal"],"yoast_head":"<!-- This site is optimized with the Yoast SEO plugin v24.7 - https:\/\/yoast.com\/wordpress\/plugins\/seo\/ -->\n<title>Odisseo presentar\u00e1 &quot;Cambio estacional&quot; en El Plaza Condesa &#171; Reconoce MX<\/title>\n<meta name=\"robots\" content=\"index, follow, max-snippet:-1, max-image-preview:large, max-video-preview:-1\" \/>\n<link rel=\"canonical\" href=\"http:\/\/www.reconoce.mx\/?p=76938\" \/>\n<meta property=\"og:locale\" content=\"es_ES\" \/>\n<meta property=\"og:type\" content=\"article\" \/>\n<meta property=\"og:title\" content=\"Odisseo presentar\u00e1 &quot;Cambio estacional&quot; en El Plaza Condesa &#171; Reconoce MX\" \/>\n<meta property=\"og:description\" content=\"La reconocida banda mexicana de indie rock, Odisseo, se presentar\u00e1 por primera vez en El Plaza Condesa de la Ciudad de M\u00e9xico para promocionar su m\u00e1s reciente \u00e1lbum de nombre: \u201cCambio estacional\u201d.\" \/>\n<meta property=\"og:url\" content=\"http:\/\/www.reconoce.mx\/?p=76938\" \/>\n<meta property=\"og:site_name\" content=\"Reconoce MX\" \/>\n<meta property=\"article:publisher\" content=\"https:\/\/es-la.facebook.com\/ReconoceMX\/\" \/>\n<meta property=\"article:published_time\" content=\"2018-10-03T05:03:01+00:00\" \/>\n<meta property=\"article:modified_time\" content=\"2018-10-03T16:09:55+00:00\" \/>\n<meta property=\"og:image\" content=\"http:\/\/www.reconoce.mx\/wp-content\/uploads\/2018\/10\/odisseo-cover.jpg\" \/>\n\t<meta property=\"og:image:width\" content=\"590\" \/>\n\t<meta property=\"og:image:height\" content=\"380\" \/>\n\t<meta property=\"og:image:type\" content=\"image\/jpeg\" \/>\n<meta name=\"author\" content=\"Reconoce MX\" \/>\n<meta name=\"twitter:card\" content=\"summary_large_image\" \/>\n<meta name=\"twitter:creator\" content=\"@reconocemx\" \/>\n<meta name=\"twitter:site\" content=\"@reconocemx\" \/>\n<meta name=\"twitter:label1\" content=\"Escrito por\" \/>\n\t<meta name=\"twitter:data1\" content=\"Reconoce MX\" \/>\n\t<meta name=\"twitter:label2\" content=\"Tiempo de lectura\" \/>\n\t<meta name=\"twitter:data2\" content=\"2 minutos\" \/>\n<script type=\"application\/ld+json\" class=\"yoast-schema-graph\">{\"@context\":\"https:\/\/schema.org\",\"@graph\":[{\"@type\":\"Article\",\"@id\":\"http:\/\/www.reconoce.mx\/?p=76938#article\",\"isPartOf\":{\"@id\":\"http:\/\/www.reconoce.mx\/?p=76938\"},\"author\":{\"name\":\"Reconoce MX\",\"@id\":\"http:\/\/www.reconoce.mx\/#\/schema\/person\/2117e997d7051dc15d6880eaf9bca0b2\"},\"headline\":\"Odisseo presentar\u00e1 \u00abCambio estacional\u00bb en El Plaza Condesa\",\"datePublished\":\"2018-10-03T05:03:01+00:00\",\"dateModified\":\"2018-10-03T16:09:55+00:00\",\"mainEntityOfPage\":{\"@id\":\"http:\/\/www.reconoce.mx\/?p=76938\"},\"wordCount\":326,\"commentCount\":0,\"publisher\":{\"@id\":\"http:\/\/www.reconoce.mx\/#organization\"},\"image\":{\"@id\":\"http:\/\/www.reconoce.mx\/?p=76938#primaryimage\"},\"thumbnailUrl\":\"http:\/\/www.reconoce.mx\/wp-content\/uploads\/2018\/10\/odisseo-cover.jpg\",\"articleSection\":[\"Cultura\",\"M\u00fasica\",\"Principal\"],\"inLanguage\":\"es\",\"potentialAction\":[{\"@type\":\"CommentAction\",\"name\":\"Comment\",\"target\":[\"http:\/\/www.reconoce.mx\/?p=76938#respond\"]}]},{\"@type\":\"WebPage\",\"@id\":\"http:\/\/www.reconoce.mx\/?p=76938\",\"url\":\"http:\/\/www.reconoce.mx\/?p=76938\",\"name\":\"Odisseo presentar\u00e1 \\\"Cambio estacional\\\" en El Plaza Condesa &#171; Reconoce MX\",\"isPartOf\":{\"@id\":\"http:\/\/www.reconoce.mx\/#website\"},\"primaryImageOfPage\":{\"@id\":\"http:\/\/www.reconoce.mx\/?p=76938#primaryimage\"},\"image\":{\"@id\":\"http:\/\/www.reconoce.mx\/?p=76938#primaryimage\"},\"thumbnailUrl\":\"http:\/\/www.reconoce.mx\/wp-content\/uploads\/2018\/10\/odisseo-cover.jpg\",\"datePublished\":\"2018-10-03T05:03:01+00:00\",\"dateModified\":\"2018-10-03T16:09:55+00:00\",\"breadcrumb\":{\"@id\":\"http:\/\/www.reconoce.mx\/?p=76938#breadcrumb\"},\"inLanguage\":\"es\",\"potentialAction\":[{\"@type\":\"ReadAction\",\"target\":[\"http:\/\/www.reconoce.mx\/?p=76938\"]}]},{\"@type\":\"ImageObject\",\"inLanguage\":\"es\",\"@id\":\"http:\/\/www.reconoce.mx\/?p=76938#primaryimage\",\"url\":\"http:\/\/www.reconoce.mx\/wp-content\/uploads\/2018\/10\/odisseo-cover.jpg\",\"contentUrl\":\"http:\/\/www.reconoce.mx\/wp-content\/uploads\/2018\/10\/odisseo-cover.jpg\",\"width\":590,\"height\":380},{\"@type\":\"BreadcrumbList\",\"@id\":\"http:\/\/www.reconoce.mx\/?p=76938#breadcrumb\",\"itemListElement\":[{\"@type\":\"ListItem\",\"position\":1,\"name\":\"Portada\",\"item\":\"http:\/\/www.reconoce.mx\/\"},{\"@type\":\"ListItem\",\"position\":2,\"name\":\"Odisseo presentar\u00e1 \u00abCambio estacional\u00bb en El Plaza Condesa\"}]},{\"@type\":\"WebSite\",\"@id\":\"http:\/\/www.reconoce.mx\/#website\",\"url\":\"http:\/\/www.reconoce.mx\/\",\"name\":\"Reconoce MX\",\"description\":\"En Reconoce MX difundimos arte, cultura y conciencia social en M\u00e9xico. Tu ciudad en otra perspectiva.\",\"publisher\":{\"@id\":\"http:\/\/www.reconoce.mx\/#organization\"},\"potentialAction\":[{\"@type\":\"SearchAction\",\"target\":{\"@type\":\"EntryPoint\",\"urlTemplate\":\"http:\/\/www.reconoce.mx\/?s={search_term_string}\"},\"query-input\":{\"@type\":\"PropertyValueSpecification\",\"valueRequired\":true,\"valueName\":\"search_term_string\"}}],\"inLanguage\":\"es\"},{\"@type\":\"Organization\",\"@id\":\"http:\/\/www.reconoce.mx\/#organization\",\"name\":\"Reconoce MX\",\"url\":\"http:\/\/www.reconoce.mx\/\",\"logo\":{\"@type\":\"ImageObject\",\"inLanguage\":\"es\",\"@id\":\"http:\/\/www.reconoce.mx\/#\/schema\/logo\/image\/\",\"url\":\"https:\/\/www.reconoce.mx\/wp-content\/uploads\/2019\/03\/logorcmx-good-1.png\",\"contentUrl\":\"https:\/\/www.reconoce.mx\/wp-content\/uploads\/2019\/03\/logorcmx-good-1.png\",\"width\":280,\"height\":90,\"caption\":\"Reconoce MX\"},\"image\":{\"@id\":\"http:\/\/www.reconoce.mx\/#\/schema\/logo\/image\/\"},\"sameAs\":[\"https:\/\/es-la.facebook.com\/ReconoceMX\/\",\"https:\/\/x.com\/reconocemx\",\"http:\/\/@reconocemx\"]},{\"@type\":\"Person\",\"@id\":\"http:\/\/www.reconoce.mx\/#\/schema\/person\/2117e997d7051dc15d6880eaf9bca0b2\",\"name\":\"Reconoce MX\",\"image\":{\"@type\":\"ImageObject\",\"inLanguage\":\"es\",\"@id\":\"http:\/\/www.reconoce.mx\/#\/schema\/person\/image\/\",\"url\":\"https:\/\/secure.gravatar.com\/avatar\/6c8d4dc7569ca1c90c5fdcc349f839d5ddef6fe1e70b4337ead2ef1a4c43fc3a?s=96&d=identicon&r=g\",\"contentUrl\":\"https:\/\/secure.gravatar.com\/avatar\/6c8d4dc7569ca1c90c5fdcc349f839d5ddef6fe1e70b4337ead2ef1a4c43fc3a?s=96&d=identicon&r=g\",\"caption\":\"Reconoce MX\"},\"description\":\"Reconoce MX es un proyecto de difusi\u00f3n art\u00edstica, cultural y de conciencia social que est\u00e1 enfocado a difundir y fomentar el entretenimiento alternativo de calidad para todo el p\u00fablico que comparta el mismo entusiasmo.\",\"sameAs\":[\"http:\/\/www.reconoce.mx\"],\"url\":\"http:\/\/www.reconoce.mx\/?author=2\"}]}<\/script>\n<!-- \/ Yoast SEO plugin. -->","yoast_head_json":{"title":"Odisseo presentar\u00e1 \"Cambio estacional\" en El Plaza Condesa &#171; Reconoce MX","robots":{"index":"index","follow":"follow","max-snippet":"max-snippet:-1","max-image-preview":"max-image-preview:large","max-video-preview":"max-video-preview:-1"},"canonical":"http:\/\/www.reconoce.mx\/?p=76938","og_locale":"es_ES","og_type":"article","og_title":"Odisseo presentar\u00e1 \"Cambio estacional\" en El Plaza Condesa &#171; Reconoce MX","og_description":"La reconocida banda mexicana de indie rock, Odisseo, se presentar\u00e1 por primera vez en El Plaza Condesa de la Ciudad de M\u00e9xico para promocionar su m\u00e1s reciente \u00e1lbum de nombre: \u201cCambio estacional\u201d.","og_url":"http:\/\/www.reconoce.mx\/?p=76938","og_site_name":"Reconoce MX","article_publisher":"https:\/\/es-la.facebook.com\/ReconoceMX\/","article_published_time":"2018-10-03T05:03:01+00:00","article_modified_time":"2018-10-03T16:09:55+00:00","og_image":[{"width":590,"height":380,"url":"http:\/\/www.reconoce.mx\/wp-content\/uploads\/2018\/10\/odisseo-cover.jpg","type":"image\/jpeg"}],"author":"Reconoce MX","twitter_card":"summary_large_image","twitter_creator":"@reconocemx","twitter_site":"@reconocemx","twitter_misc":{"Escrito por":"Reconoce MX","Tiempo de lectura":"2 minutos"},"schema":{"@context":"https:\/\/schema.org","@graph":[{"@type":"Article","@id":"http:\/\/www.reconoce.mx\/?p=76938#article","isPartOf":{"@id":"http:\/\/www.reconoce.mx\/?p=76938"},"author":{"name":"Reconoce MX","@id":"http:\/\/www.reconoce.mx\/#\/schema\/person\/2117e997d7051dc15d6880eaf9bca0b2"},"headline":"Odisseo presentar\u00e1 \u00abCambio estacional\u00bb en El Plaza Condesa","datePublished":"2018-10-03T05:03:01+00:00","dateModified":"2018-10-03T16:09:55+00:00","mainEntityOfPage":{"@id":"http:\/\/www.reconoce.mx\/?p=76938"},"wordCount":326,"commentCount":0,"publisher":{"@id":"http:\/\/www.reconoce.mx\/#organization"},"image":{"@id":"http:\/\/www.reconoce.mx\/?p=76938#primaryimage"},"thumbnailUrl":"http:\/\/www.reconoce.mx\/wp-content\/uploads\/2018\/10\/odisseo-cover.jpg","articleSection":["Cultura","M\u00fasica","Principal"],"inLanguage":"es","potentialAction":[{"@type":"CommentAction","name":"Comment","target":["http:\/\/www.reconoce.mx\/?p=76938#respond"]}]},{"@type":"WebPage","@id":"http:\/\/www.reconoce.mx\/?p=76938","url":"http:\/\/www.reconoce.mx\/?p=76938","name":"Odisseo presentar\u00e1 \"Cambio estacional\" en El Plaza Condesa &#171; Reconoce MX","isPartOf":{"@id":"http:\/\/www.reconoce.mx\/#website"},"primaryImageOfPage":{"@id":"http:\/\/www.reconoce.mx\/?p=76938#primaryimage"},"image":{"@id":"http:\/\/www.reconoce.mx\/?p=76938#primaryimage"},"thumbnailUrl":"http:\/\/www.reconoce.mx\/wp-content\/uploads\/2018\/10\/odisseo-cover.jpg","datePublished":"2018-10-03T05:03:01+00:00","dateModified":"2018-10-03T16:09:55+00:00","breadcrumb":{"@id":"http:\/\/www.reconoce.mx\/?p=76938#breadcrumb"},"inLanguage":"es","potentialAction":[{"@type":"ReadAction","target":["http:\/\/www.reconoce.mx\/?p=76938"]}]},{"@type":"ImageObject","inLanguage":"es","@id":"http:\/\/www.reconoce.mx\/?p=76938#primaryimage","url":"http:\/\/www.reconoce.mx\/wp-content\/uploads\/2018\/10\/odisseo-cover.jpg","contentUrl":"http:\/\/www.reconoce.mx\/wp-content\/uploads\/2018\/10\/odisseo-cover.jpg","width":590,"height":380},{"@type":"BreadcrumbList","@id":"http:\/\/www.reconoce.mx\/?p=76938#breadcrumb","itemListElement":[{"@type":"ListItem","position":1,"name":"Portada","item":"http:\/\/www.reconoce.mx\/"},{"@type":"ListItem","position":2,"name":"Odisseo presentar\u00e1 \u00abCambio estacional\u00bb en El Plaza Condesa"}]},{"@type":"WebSite","@id":"http:\/\/www.reconoce.mx\/#website","url":"http:\/\/www.reconoce.mx\/","name":"Reconoce MX","description":"En Reconoce MX difundimos arte, cultura y conciencia social en M\u00e9xico. Tu ciudad en otra perspectiva.","publisher":{"@id":"http:\/\/www.reconoce.mx\/#organization"},"potentialAction":[{"@type":"SearchAction","target":{"@type":"EntryPoint","urlTemplate":"http:\/\/www.reconoce.mx\/?s={search_term_string}"},"query-input":{"@type":"PropertyValueSpecification","valueRequired":true,"valueName":"search_term_string"}}],"inLanguage":"es"},{"@type":"Organization","@id":"http:\/\/www.reconoce.mx\/#organization","name":"Reconoce MX","url":"http:\/\/www.reconoce.mx\/","logo":{"@type":"ImageObject","inLanguage":"es","@id":"http:\/\/www.reconoce.mx\/#\/schema\/logo\/image\/","url":"https:\/\/www.reconoce.mx\/wp-content\/uploads\/2019\/03\/logorcmx-good-1.png","contentUrl":"https:\/\/www.reconoce.mx\/wp-content\/uploads\/2019\/03\/logorcmx-good-1.png","width":280,"height":90,"caption":"Reconoce MX"},"image":{"@id":"http:\/\/www.reconoce.mx\/#\/schema\/logo\/image\/"},"sameAs":["https:\/\/es-la.facebook.com\/ReconoceMX\/","https:\/\/x.com\/reconocemx","http:\/\/@reconocemx"]},{"@type":"Person","@id":"http:\/\/www.reconoce.mx\/#\/schema\/person\/2117e997d7051dc15d6880eaf9bca0b2","name":"Reconoce MX","image":{"@type":"ImageObject","inLanguage":"es","@id":"http:\/\/www.reconoce.mx\/#\/schema\/person\/image\/","url":"https:\/\/secure.gravatar.com\/avatar\/6c8d4dc7569ca1c90c5fdcc349f839d5ddef6fe1e70b4337ead2ef1a4c43fc3a?s=96&d=identicon&r=g","contentUrl":"https:\/\/secure.gravatar.com\/avatar\/6c8d4dc7569ca1c90c5fdcc349f839d5ddef6fe1e70b4337ead2ef1a4c43fc3a?s=96&d=identicon&r=g","caption":"Reconoce MX"},"description":"Reconoce MX es un proyecto de difusi\u00f3n art\u00edstica, cultural y de conciencia social que est\u00e1 enfocado a difundir y fomentar el entretenimiento alternativo de calidad para todo el p\u00fablico que comparta el mismo entusiasmo.","sameAs":["http:\/\/www.reconoce.mx"],"url":"http:\/\/www.reconoce.mx\/?author=2"}]}},"_links":{"self":[{"href":"http:\/\/www.reconoce.mx\/index.php?rest_route=\/wp\/v2\/posts\/76938","targetHints":{"allow":["GET"]}}],"collection":[{"href":"http:\/\/www.reconoce.mx\/index.php?rest_route=\/wp\/v2\/posts"}],"about":[{"href":"http:\/\/www.reconoce.mx\/index.php?rest_route=\/wp\/v2\/types\/post"}],"author":[{"embeddable":true,"href":"http:\/\/www.reconoce.mx\/index.php?rest_route=\/wp\/v2\/users\/2"}],"replies":[{"embeddable":true,"href":"http:\/\/www.reconoce.mx\/index.php?rest_route=%2Fwp%2Fv2%2Fcomments&post=76938"}],"version-history":[{"count":3,"href":"http:\/\/www.reconoce.mx\/index.php?rest_route=\/wp\/v2\/posts\/76938\/revisions"}],"predecessor-version":[{"id":76944,"href":"http:\/\/www.reconoce.mx\/index.php?rest_route=\/wp\/v2\/posts\/76938\/revisions\/76944"}],"wp:featuredmedia":[{"embeddable":true,"href":"http:\/\/www.reconoce.mx\/index.php?rest_route=\/wp\/v2\/media\/76939"}],"wp:attachment":[{"href":"http:\/\/www.reconoce.mx\/index.php?rest_route=%2Fwp%2Fv2%2Fmedia&parent=76938"}],"wp:term":[{"taxonomy":"category","embeddable":true,"href":"http:\/\/www.reconoce.mx\/index.php?rest_route=%2Fwp%2Fv2%2Fcategories&post=76938"},{"taxonomy":"post_tag","embeddable":true,"href":"http:\/\/www.reconoce.mx\/index.php?rest_route=%2Fwp%2Fv2%2Ftags&post=76938"}],"curies":[{"name":"wp","href":"https:\/\/api.w.org\/{rel}","templated":true}]}}