{"id":76959,"date":"2018-10-03T00:02:23","date_gmt":"2018-10-03T05:02:23","guid":{"rendered":"http:\/\/www.reconoce.mx\/?p=76959"},"modified":"2018-10-03T15:50:11","modified_gmt":"2018-10-03T20:50:11","slug":"el-ruido-del-silencio-de-el-tarro-de-mostaza","status":"publish","type":"post","link":"http:\/\/www.reconoce.mx\/?p=76959","title":{"rendered":"&#8216;El ruido del silencio&#8217;, de El Tarro de Mostaza"},"content":{"rendered":"<p><a href=\"http:\/\/www.reconoce.mx\/category\/cultura\/musica\/miercoles-nostalgico\/\"><img loading=\"lazy\" decoding=\"async\" class=\"aligncenter size-full wp-image-38360\" src=\"http:\/\/www.reconoce.mx\/wp-content\/uploads\/2015\/06\/Miercoles.png\" alt=\"Martes\" width=\"550\" height=\"70\" \/><\/a><strong><br \/>\nPor <a title=\"@AsfaltosTweets\" href=\"http:\/\/twitter.com\/AsfaltosTweets\" target=\"_blank\" rel=\"noopener\">Asfaltos<\/a><\/strong>.<\/p>\n<p>Ayer 2 de octubre conmemor\u00e1bamos los 50 a\u00f1os de la infame fecha en la que el gobierno mexicano, ya declarado por una parte de s\u00ed mismo hace pocos d\u00edas, cometi\u00f3 un crimen de estado que deber\u00e1 permanecer siempre en la memoria como muestra de algo que no debe de volver a pasar jam\u00e1s. Pues bien, en el marco de esa fecha, se me antoj\u00f3 recordar un tema musical que escuch\u00e9 hace ya varios ayeres, y que corresponde precisamente a esa juventud que hab\u00eda sido golpeada en el &#8217;68, fecha a partir de la cual se vivir\u00edan todav\u00eda a\u00f1os muy oscuros.<\/p>\n<style>.embed-container { position: relative; padding-bottom: 56.25%; height: 0; overflow: hidden; max-width: 100%; } .embed-container iframe, .embed-container object, .embed-container embed { position: absolute; top: 0; left: 0; width: 100%; height: 100%; }<\/style>\n<div class=\"embed-container\"><iframe src=\"https:\/\/www.youtube.com\/embed\/pbdKwGZLUMA\" frameborder=\"0\" allowfullscreen=\"allowfullscreen\"><\/iframe><\/div>\n<p>&nbsp;<\/p>\n<p>La carrera de <strong>El Tarro de Mostaza<\/strong> comenz\u00f3 precisamente en el a\u00f1o de 1968. Su nombre se lo deben al apodo que recib\u00eda la <em>cannabis<\/em> en aquellos a\u00f1os. El grupo surgi\u00f3 no en Ciudad de M\u00e9xico, sino en Poza Rica, Veracruz, llamando pronto la atenci\u00f3n porque se hab\u00edan ganado no solo al p\u00fablico que ya les escuchaba con atenci\u00f3n, sino nada mas y nada menos que al sello que manejaba en esos a\u00f1os a los mism\u00edsimos<strong> The Beatles<\/strong>.<\/p>\n<p>Escuchar a <strong>El Tarro de Mostaza<\/strong> es sin duda toda una aut\u00e9ntica experiencia. En aquellos a\u00f1os no exist\u00eda el rock en espa\u00f1ol como hoy le conocemos, por lo que sin duda fueron pioneros del g\u00e9nero que adem\u00e1s ejecutaron con gran solvencia y talento. El disco del mismo nombre, con el que el grupo saltar\u00eda a la fama, mezclaba la psicodelia de la \u00e9poca en un aut\u00e9ntico \u00e1lbum conceptual como los de los grupos internacionales m\u00e1s populares de aquellos a\u00f1os.<\/p>\n<p>\u00abEl ruido del silencio\u00bb, uno de los 6 tracks que componen \u00abEl tarro de mostaza\u00bb (1968), se destaca por su eminente y marcado ritmo rock con los elementos cl\u00e1sicos del g\u00e9nero; pero sobre todo, por su letra metaf\u00f3rica en la que se destaca el silencio como un ruido al cual se puede acudir cuando uno con sus problemas se llegaba a encontrar.<\/p>\n<p>Quiz\u00e1 est\u00e9 sobre analizando la canci\u00f3n, pero me hace pensar en c\u00f3mo el g\u00e9nero rock en esos a\u00f1os serv\u00eda justamente como un oasis sonoro en medio de todo el ruidero oficialista que en esos a\u00f1os buscaba alinear a la juventud, y en general a la sociedad. Ir\u00f3nico que actualmente, ese ruido oficial haya integrado al mism\u00edsimo rock entre sus mejores aliados.<\/p>\n<p>Juan Felipe Castro (guitarra), Jorge L\u00f3pez (teclado), Francisco Javier (vocalista), \u00d3scar Garc\u00eda (bater\u00eda) y Santiago Galv\u00e1n (bajo) son los m\u00fasicos que dieron vida a uno de los \u00e1lbumes m\u00e1s interesantes de hace 50 a\u00f1os en nuestro pa\u00eds. \u00bfNostalgia? \u00a1Toda! \u00a1Y qu\u00e9 vivan<strong> El Tarro de Mostaza<\/strong>!<\/p>\n<p>&nbsp;<\/p>\n<p>&nbsp;<\/p>\n","protected":false},"excerpt":{"rendered":"<p>Ayer 2 de octubre conmemor\u00e1bamos los 50 a\u00f1os de la infame fecha en la que el gobierno mexicano, ya declarado por una parte de s\u00ed mismo hace pocos d\u00edas, cometi\u00f3 un crimen de estado que deber\u00e1 permanecer siempre en la memoria como muestra de algo que no debe de volver a pasar jam\u00e1s.<\/p>\n","protected":false},"author":2,"featured_media":76960,"comment_status":"open","ping_status":"open","sticky":false,"template":"","format":"standard","meta":{"footnotes":""},"categories":[1,2580,18,17],"tags":[],"class_list":["post-76959","post","type-post","status-publish","format-standard","has-post-thumbnail","hentry","category-cultura","category-miercoles-nostalgico","category-musica","category-principal"],"yoast_head":"<!-- This site is optimized with the Yoast SEO plugin v24.7 - https:\/\/yoast.com\/wordpress\/plugins\/seo\/ -->\n<title>&#039;El ruido del silencio&#039;, de El Tarro de Mostaza &#171; Reconoce MX<\/title>\n<meta name=\"robots\" content=\"index, follow, max-snippet:-1, max-image-preview:large, max-video-preview:-1\" \/>\n<link rel=\"canonical\" href=\"http:\/\/www.reconoce.mx\/?p=76959\" \/>\n<meta property=\"og:locale\" content=\"es_ES\" \/>\n<meta property=\"og:type\" content=\"article\" \/>\n<meta property=\"og:title\" content=\"&#039;El ruido del silencio&#039;, de El Tarro de Mostaza &#171; Reconoce MX\" \/>\n<meta property=\"og:description\" content=\"Ayer 2 de octubre conmemor\u00e1bamos los 50 a\u00f1os de la infame fecha en la que el gobierno mexicano, ya declarado por una parte de s\u00ed mismo hace pocos d\u00edas, cometi\u00f3 un crimen de estado que deber\u00e1 permanecer siempre en la memoria como muestra de algo que no debe de volver a pasar jam\u00e1s.\" \/>\n<meta property=\"og:url\" content=\"http:\/\/www.reconoce.mx\/?p=76959\" \/>\n<meta property=\"og:site_name\" content=\"Reconoce MX\" \/>\n<meta property=\"article:publisher\" content=\"https:\/\/es-la.facebook.com\/ReconoceMX\/\" \/>\n<meta property=\"article:published_time\" content=\"2018-10-03T05:02:23+00:00\" \/>\n<meta property=\"article:modified_time\" content=\"2018-10-03T20:50:11+00:00\" \/>\n<meta property=\"og:image\" content=\"http:\/\/www.reconoce.mx\/wp-content\/uploads\/2018\/10\/el-tarro-de-mostaza-cover.jpg\" \/>\n\t<meta property=\"og:image:width\" content=\"590\" \/>\n\t<meta property=\"og:image:height\" content=\"380\" \/>\n\t<meta property=\"og:image:type\" content=\"image\/jpeg\" \/>\n<meta name=\"author\" content=\"Reconoce MX\" \/>\n<meta name=\"twitter:card\" content=\"summary_large_image\" \/>\n<meta name=\"twitter:creator\" content=\"@reconocemx\" \/>\n<meta name=\"twitter:site\" content=\"@reconocemx\" \/>\n<meta name=\"twitter:label1\" content=\"Escrito por\" \/>\n\t<meta name=\"twitter:data1\" content=\"Reconoce MX\" \/>\n\t<meta name=\"twitter:label2\" content=\"Tiempo de lectura\" \/>\n\t<meta name=\"twitter:data2\" content=\"2 minutos\" \/>\n<script type=\"application\/ld+json\" class=\"yoast-schema-graph\">{\"@context\":\"https:\/\/schema.org\",\"@graph\":[{\"@type\":\"Article\",\"@id\":\"http:\/\/www.reconoce.mx\/?p=76959#article\",\"isPartOf\":{\"@id\":\"http:\/\/www.reconoce.mx\/?p=76959\"},\"author\":{\"name\":\"Reconoce MX\",\"@id\":\"http:\/\/www.reconoce.mx\/#\/schema\/person\/2117e997d7051dc15d6880eaf9bca0b2\"},\"headline\":\"&#8216;El ruido del silencio&#8217;, de El Tarro de Mostaza\",\"datePublished\":\"2018-10-03T05:02:23+00:00\",\"dateModified\":\"2018-10-03T20:50:11+00:00\",\"mainEntityOfPage\":{\"@id\":\"http:\/\/www.reconoce.mx\/?p=76959\"},\"wordCount\":481,\"commentCount\":0,\"publisher\":{\"@id\":\"http:\/\/www.reconoce.mx\/#organization\"},\"image\":{\"@id\":\"http:\/\/www.reconoce.mx\/?p=76959#primaryimage\"},\"thumbnailUrl\":\"http:\/\/www.reconoce.mx\/wp-content\/uploads\/2018\/10\/el-tarro-de-mostaza-cover.jpg\",\"articleSection\":[\"Cultura\",\"Mi\u00e9rcoles nost\u00e1lgico\",\"M\u00fasica\",\"Principal\"],\"inLanguage\":\"es\",\"potentialAction\":[{\"@type\":\"CommentAction\",\"name\":\"Comment\",\"target\":[\"http:\/\/www.reconoce.mx\/?p=76959#respond\"]}]},{\"@type\":\"WebPage\",\"@id\":\"http:\/\/www.reconoce.mx\/?p=76959\",\"url\":\"http:\/\/www.reconoce.mx\/?p=76959\",\"name\":\"'El ruido del silencio', de El Tarro de Mostaza &#171; Reconoce MX\",\"isPartOf\":{\"@id\":\"http:\/\/www.reconoce.mx\/#website\"},\"primaryImageOfPage\":{\"@id\":\"http:\/\/www.reconoce.mx\/?p=76959#primaryimage\"},\"image\":{\"@id\":\"http:\/\/www.reconoce.mx\/?p=76959#primaryimage\"},\"thumbnailUrl\":\"http:\/\/www.reconoce.mx\/wp-content\/uploads\/2018\/10\/el-tarro-de-mostaza-cover.jpg\",\"datePublished\":\"2018-10-03T05:02:23+00:00\",\"dateModified\":\"2018-10-03T20:50:11+00:00\",\"breadcrumb\":{\"@id\":\"http:\/\/www.reconoce.mx\/?p=76959#breadcrumb\"},\"inLanguage\":\"es\",\"potentialAction\":[{\"@type\":\"ReadAction\",\"target\":[\"http:\/\/www.reconoce.mx\/?p=76959\"]}]},{\"@type\":\"ImageObject\",\"inLanguage\":\"es\",\"@id\":\"http:\/\/www.reconoce.mx\/?p=76959#primaryimage\",\"url\":\"http:\/\/www.reconoce.mx\/wp-content\/uploads\/2018\/10\/el-tarro-de-mostaza-cover.jpg\",\"contentUrl\":\"http:\/\/www.reconoce.mx\/wp-content\/uploads\/2018\/10\/el-tarro-de-mostaza-cover.jpg\",\"width\":590,\"height\":380},{\"@type\":\"BreadcrumbList\",\"@id\":\"http:\/\/www.reconoce.mx\/?p=76959#breadcrumb\",\"itemListElement\":[{\"@type\":\"ListItem\",\"position\":1,\"name\":\"Portada\",\"item\":\"http:\/\/www.reconoce.mx\/\"},{\"@type\":\"ListItem\",\"position\":2,\"name\":\"&#8216;El ruido del silencio&#8217;, de El Tarro de Mostaza\"}]},{\"@type\":\"WebSite\",\"@id\":\"http:\/\/www.reconoce.mx\/#website\",\"url\":\"http:\/\/www.reconoce.mx\/\",\"name\":\"Reconoce MX\",\"description\":\"En Reconoce MX difundimos arte, cultura y conciencia social en M\u00e9xico. Tu ciudad en otra perspectiva.\",\"publisher\":{\"@id\":\"http:\/\/www.reconoce.mx\/#organization\"},\"potentialAction\":[{\"@type\":\"SearchAction\",\"target\":{\"@type\":\"EntryPoint\",\"urlTemplate\":\"http:\/\/www.reconoce.mx\/?s={search_term_string}\"},\"query-input\":{\"@type\":\"PropertyValueSpecification\",\"valueRequired\":true,\"valueName\":\"search_term_string\"}}],\"inLanguage\":\"es\"},{\"@type\":\"Organization\",\"@id\":\"http:\/\/www.reconoce.mx\/#organization\",\"name\":\"Reconoce MX\",\"url\":\"http:\/\/www.reconoce.mx\/\",\"logo\":{\"@type\":\"ImageObject\",\"inLanguage\":\"es\",\"@id\":\"http:\/\/www.reconoce.mx\/#\/schema\/logo\/image\/\",\"url\":\"https:\/\/www.reconoce.mx\/wp-content\/uploads\/2019\/03\/logorcmx-good-1.png\",\"contentUrl\":\"https:\/\/www.reconoce.mx\/wp-content\/uploads\/2019\/03\/logorcmx-good-1.png\",\"width\":280,\"height\":90,\"caption\":\"Reconoce MX\"},\"image\":{\"@id\":\"http:\/\/www.reconoce.mx\/#\/schema\/logo\/image\/\"},\"sameAs\":[\"https:\/\/es-la.facebook.com\/ReconoceMX\/\",\"https:\/\/x.com\/reconocemx\",\"http:\/\/@reconocemx\"]},{\"@type\":\"Person\",\"@id\":\"http:\/\/www.reconoce.mx\/#\/schema\/person\/2117e997d7051dc15d6880eaf9bca0b2\",\"name\":\"Reconoce MX\",\"image\":{\"@type\":\"ImageObject\",\"inLanguage\":\"es\",\"@id\":\"http:\/\/www.reconoce.mx\/#\/schema\/person\/image\/\",\"url\":\"https:\/\/secure.gravatar.com\/avatar\/6c8d4dc7569ca1c90c5fdcc349f839d5ddef6fe1e70b4337ead2ef1a4c43fc3a?s=96&d=identicon&r=g\",\"contentUrl\":\"https:\/\/secure.gravatar.com\/avatar\/6c8d4dc7569ca1c90c5fdcc349f839d5ddef6fe1e70b4337ead2ef1a4c43fc3a?s=96&d=identicon&r=g\",\"caption\":\"Reconoce MX\"},\"description\":\"Reconoce MX es un proyecto de difusi\u00f3n art\u00edstica, cultural y de conciencia social que est\u00e1 enfocado a difundir y fomentar el entretenimiento alternativo de calidad para todo el p\u00fablico que comparta el mismo entusiasmo.\",\"sameAs\":[\"http:\/\/www.reconoce.mx\"],\"url\":\"http:\/\/www.reconoce.mx\/?author=2\"}]}<\/script>\n<!-- \/ Yoast SEO plugin. -->","yoast_head_json":{"title":"'El ruido del silencio', de El Tarro de Mostaza &#171; Reconoce MX","robots":{"index":"index","follow":"follow","max-snippet":"max-snippet:-1","max-image-preview":"max-image-preview:large","max-video-preview":"max-video-preview:-1"},"canonical":"http:\/\/www.reconoce.mx\/?p=76959","og_locale":"es_ES","og_type":"article","og_title":"'El ruido del silencio', de El Tarro de Mostaza &#171; Reconoce MX","og_description":"Ayer 2 de octubre conmemor\u00e1bamos los 50 a\u00f1os de la infame fecha en la que el gobierno mexicano, ya declarado por una parte de s\u00ed mismo hace pocos d\u00edas, cometi\u00f3 un crimen de estado que deber\u00e1 permanecer siempre en la memoria como muestra de algo que no debe de volver a pasar jam\u00e1s.","og_url":"http:\/\/www.reconoce.mx\/?p=76959","og_site_name":"Reconoce MX","article_publisher":"https:\/\/es-la.facebook.com\/ReconoceMX\/","article_published_time":"2018-10-03T05:02:23+00:00","article_modified_time":"2018-10-03T20:50:11+00:00","og_image":[{"width":590,"height":380,"url":"http:\/\/www.reconoce.mx\/wp-content\/uploads\/2018\/10\/el-tarro-de-mostaza-cover.jpg","type":"image\/jpeg"}],"author":"Reconoce MX","twitter_card":"summary_large_image","twitter_creator":"@reconocemx","twitter_site":"@reconocemx","twitter_misc":{"Escrito por":"Reconoce MX","Tiempo de lectura":"2 minutos"},"schema":{"@context":"https:\/\/schema.org","@graph":[{"@type":"Article","@id":"http:\/\/www.reconoce.mx\/?p=76959#article","isPartOf":{"@id":"http:\/\/www.reconoce.mx\/?p=76959"},"author":{"name":"Reconoce MX","@id":"http:\/\/www.reconoce.mx\/#\/schema\/person\/2117e997d7051dc15d6880eaf9bca0b2"},"headline":"&#8216;El ruido del silencio&#8217;, de El Tarro de Mostaza","datePublished":"2018-10-03T05:02:23+00:00","dateModified":"2018-10-03T20:50:11+00:00","mainEntityOfPage":{"@id":"http:\/\/www.reconoce.mx\/?p=76959"},"wordCount":481,"commentCount":0,"publisher":{"@id":"http:\/\/www.reconoce.mx\/#organization"},"image":{"@id":"http:\/\/www.reconoce.mx\/?p=76959#primaryimage"},"thumbnailUrl":"http:\/\/www.reconoce.mx\/wp-content\/uploads\/2018\/10\/el-tarro-de-mostaza-cover.jpg","articleSection":["Cultura","Mi\u00e9rcoles nost\u00e1lgico","M\u00fasica","Principal"],"inLanguage":"es","potentialAction":[{"@type":"CommentAction","name":"Comment","target":["http:\/\/www.reconoce.mx\/?p=76959#respond"]}]},{"@type":"WebPage","@id":"http:\/\/www.reconoce.mx\/?p=76959","url":"http:\/\/www.reconoce.mx\/?p=76959","name":"'El ruido del silencio', de El Tarro de Mostaza &#171; Reconoce MX","isPartOf":{"@id":"http:\/\/www.reconoce.mx\/#website"},"primaryImageOfPage":{"@id":"http:\/\/www.reconoce.mx\/?p=76959#primaryimage"},"image":{"@id":"http:\/\/www.reconoce.mx\/?p=76959#primaryimage"},"thumbnailUrl":"http:\/\/www.reconoce.mx\/wp-content\/uploads\/2018\/10\/el-tarro-de-mostaza-cover.jpg","datePublished":"2018-10-03T05:02:23+00:00","dateModified":"2018-10-03T20:50:11+00:00","breadcrumb":{"@id":"http:\/\/www.reconoce.mx\/?p=76959#breadcrumb"},"inLanguage":"es","potentialAction":[{"@type":"ReadAction","target":["http:\/\/www.reconoce.mx\/?p=76959"]}]},{"@type":"ImageObject","inLanguage":"es","@id":"http:\/\/www.reconoce.mx\/?p=76959#primaryimage","url":"http:\/\/www.reconoce.mx\/wp-content\/uploads\/2018\/10\/el-tarro-de-mostaza-cover.jpg","contentUrl":"http:\/\/www.reconoce.mx\/wp-content\/uploads\/2018\/10\/el-tarro-de-mostaza-cover.jpg","width":590,"height":380},{"@type":"BreadcrumbList","@id":"http:\/\/www.reconoce.mx\/?p=76959#breadcrumb","itemListElement":[{"@type":"ListItem","position":1,"name":"Portada","item":"http:\/\/www.reconoce.mx\/"},{"@type":"ListItem","position":2,"name":"&#8216;El ruido del silencio&#8217;, de El Tarro de Mostaza"}]},{"@type":"WebSite","@id":"http:\/\/www.reconoce.mx\/#website","url":"http:\/\/www.reconoce.mx\/","name":"Reconoce MX","description":"En Reconoce MX difundimos arte, cultura y conciencia social en M\u00e9xico. Tu ciudad en otra perspectiva.","publisher":{"@id":"http:\/\/www.reconoce.mx\/#organization"},"potentialAction":[{"@type":"SearchAction","target":{"@type":"EntryPoint","urlTemplate":"http:\/\/www.reconoce.mx\/?s={search_term_string}"},"query-input":{"@type":"PropertyValueSpecification","valueRequired":true,"valueName":"search_term_string"}}],"inLanguage":"es"},{"@type":"Organization","@id":"http:\/\/www.reconoce.mx\/#organization","name":"Reconoce MX","url":"http:\/\/www.reconoce.mx\/","logo":{"@type":"ImageObject","inLanguage":"es","@id":"http:\/\/www.reconoce.mx\/#\/schema\/logo\/image\/","url":"https:\/\/www.reconoce.mx\/wp-content\/uploads\/2019\/03\/logorcmx-good-1.png","contentUrl":"https:\/\/www.reconoce.mx\/wp-content\/uploads\/2019\/03\/logorcmx-good-1.png","width":280,"height":90,"caption":"Reconoce MX"},"image":{"@id":"http:\/\/www.reconoce.mx\/#\/schema\/logo\/image\/"},"sameAs":["https:\/\/es-la.facebook.com\/ReconoceMX\/","https:\/\/x.com\/reconocemx","http:\/\/@reconocemx"]},{"@type":"Person","@id":"http:\/\/www.reconoce.mx\/#\/schema\/person\/2117e997d7051dc15d6880eaf9bca0b2","name":"Reconoce MX","image":{"@type":"ImageObject","inLanguage":"es","@id":"http:\/\/www.reconoce.mx\/#\/schema\/person\/image\/","url":"https:\/\/secure.gravatar.com\/avatar\/6c8d4dc7569ca1c90c5fdcc349f839d5ddef6fe1e70b4337ead2ef1a4c43fc3a?s=96&d=identicon&r=g","contentUrl":"https:\/\/secure.gravatar.com\/avatar\/6c8d4dc7569ca1c90c5fdcc349f839d5ddef6fe1e70b4337ead2ef1a4c43fc3a?s=96&d=identicon&r=g","caption":"Reconoce MX"},"description":"Reconoce MX es un proyecto de difusi\u00f3n art\u00edstica, cultural y de conciencia social que est\u00e1 enfocado a difundir y fomentar el entretenimiento alternativo de calidad para todo el p\u00fablico que comparta el mismo entusiasmo.","sameAs":["http:\/\/www.reconoce.mx"],"url":"http:\/\/www.reconoce.mx\/?author=2"}]}},"_links":{"self":[{"href":"http:\/\/www.reconoce.mx\/index.php?rest_route=\/wp\/v2\/posts\/76959","targetHints":{"allow":["GET"]}}],"collection":[{"href":"http:\/\/www.reconoce.mx\/index.php?rest_route=\/wp\/v2\/posts"}],"about":[{"href":"http:\/\/www.reconoce.mx\/index.php?rest_route=\/wp\/v2\/types\/post"}],"author":[{"embeddable":true,"href":"http:\/\/www.reconoce.mx\/index.php?rest_route=\/wp\/v2\/users\/2"}],"replies":[{"embeddable":true,"href":"http:\/\/www.reconoce.mx\/index.php?rest_route=%2Fwp%2Fv2%2Fcomments&post=76959"}],"version-history":[{"count":1,"href":"http:\/\/www.reconoce.mx\/index.php?rest_route=\/wp\/v2\/posts\/76959\/revisions"}],"predecessor-version":[{"id":76961,"href":"http:\/\/www.reconoce.mx\/index.php?rest_route=\/wp\/v2\/posts\/76959\/revisions\/76961"}],"wp:featuredmedia":[{"embeddable":true,"href":"http:\/\/www.reconoce.mx\/index.php?rest_route=\/wp\/v2\/media\/76960"}],"wp:attachment":[{"href":"http:\/\/www.reconoce.mx\/index.php?rest_route=%2Fwp%2Fv2%2Fmedia&parent=76959"}],"wp:term":[{"taxonomy":"category","embeddable":true,"href":"http:\/\/www.reconoce.mx\/index.php?rest_route=%2Fwp%2Fv2%2Fcategories&post=76959"},{"taxonomy":"post_tag","embeddable":true,"href":"http:\/\/www.reconoce.mx\/index.php?rest_route=%2Fwp%2Fv2%2Ftags&post=76959"}],"curies":[{"name":"wp","href":"https:\/\/api.w.org\/{rel}","templated":true}]}}