{"id":76962,"date":"2018-10-04T00:06:53","date_gmt":"2018-10-04T05:06:53","guid":{"rendered":"http:\/\/www.reconoce.mx\/?p=76962"},"modified":"2018-10-04T09:20:19","modified_gmt":"2018-10-04T14:20:19","slug":"aterciopelados-sacuden-a-chicos-y-grandes-en-el-plaza","status":"publish","type":"post","link":"http:\/\/www.reconoce.mx\/?p=76962","title":{"rendered":"Aterciopelados sacuden a chicos y grandes en El Plaza"},"content":{"rendered":"<p><strong>Texto y fotos por <a href=\"https:\/\/twitter.com\/alvarockbarker\" target=\"_blank\" rel=\"noopener\">\u00c1lvaro Pe\u00f1a<\/a>.<\/strong><\/p>\n<p>La m\u00fasica tiene el poder de hacernos re\u00edr y tambi\u00e9n de hacernos llorar, puede regresarnos en el tiempo o hacernos bailar justo en ese preciso momento en el que suena nuestra canci\u00f3n favorita; pero sobre todo tiene el poder de reunir generaciones y hacer que grandes y chicos disfruten la misma m\u00fasica sin importar la edad.<\/p>\n<p><img loading=\"lazy\" decoding=\"async\" class=\"alignnone size-full\" src=\"https:\/\/c1.staticflickr.com\/2\/1928\/43186543060_9c8babba6a_k.jpg\" width=\"1365\" height=\"2048\" \/><\/p>\n<p><strong><em>&gt;&gt;<a href=\"https:\/\/www.flickr.com\/photos\/reconocemx\/albums\/72157696032048160\" target=\"_blank\" rel=\"noopener\">Disfruta nuestra galer\u00eda completa de Aterciopelados en El Plaza<\/a>&lt;&lt;<\/em><\/strong><\/p>\n<p>Eso fue exactamente lo que sucedi\u00f3 en el concierto de <strong>Aterciopelados<\/strong> durante su visita a M\u00e9xico en <strong>El Plaza Condesa<\/strong>. Aunque el p\u00fablico que predominada era mayoritariamente adulto, se pod\u00edan apreciar varios padres de familia que iban acompa\u00f1ados de sus hijos; algunos recargados en sus hombros para tener una mejor vista del espect\u00e1culo.<\/p>\n<p><img loading=\"lazy\" decoding=\"async\" class=\"alignnone size-full\" src=\"https:\/\/c1.staticflickr.com\/2\/1922\/43186547140_e1969dd318_z.jpg\" width=\"640\" height=\"427\" \/><\/p>\n<p><strong><em>&gt;&gt;<a href=\"https:\/\/www.flickr.com\/photos\/reconocemx\/albums\/72157696032048160\" target=\"_blank\" rel=\"noopener\">Disfruta nuestra galer\u00eda completa de Aterciopelados en El Plaza<\/a>&lt;&lt;<\/em><\/strong><\/p>\n<p>La velada que la agrupaci\u00f3n colombiana le regal\u00f3 a todos sus fans mexicanos fue m\u00e1gica, llena de emociones y sorpresas como la participaci\u00f3n de <strong>Sabo Romo<\/strong> en el tema \u201cBolero falaz\u201d, un \u00edcono musical que ha traspasado fronteras y retumbado a lo largo de los a\u00f1os. Tambi\u00e9n <strong>Dr. Shenka<\/strong>, <em>frontman<\/em> del grupo <strong>Pante\u00f3n Rococ\u00f3<\/strong>, tuvo una peque\u00f1a participaci\u00f3n.<\/p>\n<p><img loading=\"lazy\" decoding=\"async\" class=\"alignnone size-full\" src=\"https:\/\/c1.staticflickr.com\/2\/1923\/44087120845_c7ef3d9e4a_z.jpg\" width=\"640\" height=\"427\" \/><\/p>\n<p><strong><em>&gt;&gt;<a href=\"https:\/\/www.flickr.com\/photos\/reconocemx\/albums\/72157696032048160\" target=\"_blank\" rel=\"noopener\">Disfruta nuestra galer\u00eda completa de Aterciopelados en El Plaza<\/a>&lt;&lt;<\/em><\/strong><\/p>\n<p>Uno de los momentos m\u00e1s especiales fue cuando <strong>Andrea Echeverri<\/strong> le rindi\u00f3 tributo a <strong>Juan Gabriel<\/strong> con el tema \u201cHe venido a pedirte perd\u00f3n\u201d. La euforia de los asistentes ah\u00ed presentes se encendi\u00f3 y todo mundo comenz\u00f3 a bailar y cantar recordando a \u2018El Divo de Ju\u00e1rez\u2019. Adem\u00e1s de tocar canciones cl\u00e1sicas, tambi\u00e9n presentaron canciones de su m\u00e1s reciente disco \u00abClaroscura\u00bb, el cual se encuentra nominado a los <strong>Latin Grammy<\/strong> como \u00abMejor \u00e1lbum de m\u00fasica alternativa\u00bb.<\/p>\n<p><img loading=\"lazy\" decoding=\"async\" class=\"alignnone size-full\" src=\"https:\/\/c1.staticflickr.com\/2\/1907\/44087134725_765979850f_z.jpg\" width=\"640\" height=\"427\" \/><\/p>\n<p><strong><em>&gt;&gt;<a href=\"https:\/\/www.flickr.com\/photos\/reconocemx\/albums\/72157696032048160\" target=\"_blank\" rel=\"noopener\">Disfruta nuestra galer\u00eda completa de Aterciopelados en El Plaza<\/a>&lt;&lt;<\/em><\/strong><\/p>\n<p>Una noche m\u00e1gica llena de color y luces, adem\u00e1s de mensajes positivos, es como podr\u00edamos describir el concierto de <strong>Aterciopelados<\/strong>. \u201cCreo que lo repito en varias canciones, pero hay que quererse, aceptarse y quererse y no mentirse nunca\u201d, nos record\u00f3 Andrea en medio de un mundo en el que necesitamos aceptarnos tal y como somos para poder luchar contra los estereotipos que nos rodean y ser mejores cada d\u00eda.<\/p>\n<p>&nbsp;<\/p>\n<p>&nbsp;<\/p>\n","protected":false},"excerpt":{"rendered":"<p>La m\u00fasica tiene el poder de hacernos re\u00edr y tambi\u00e9n de hacernos llorar, puede regresarnos en el tiempo o hacernos bailar justo en ese preciso momento en el que suena nuestra canci\u00f3n favorita.<\/p>\n","protected":false},"author":2,"featured_media":76963,"comment_status":"open","ping_status":"open","sticky":false,"template":"","format":"standard","meta":{"footnotes":""},"categories":[1,18,17],"tags":[],"class_list":["post-76962","post","type-post","status-publish","format-standard","has-post-thumbnail","hentry","category-cultura","category-musica","category-principal"],"yoast_head":"<!-- This site is optimized with the Yoast SEO plugin v24.7 - https:\/\/yoast.com\/wordpress\/plugins\/seo\/ -->\n<title>Aterciopelados sacuden a chicos y grandes en El Plaza &#171; Reconoce MX<\/title>\n<meta name=\"robots\" content=\"index, follow, max-snippet:-1, max-image-preview:large, max-video-preview:-1\" \/>\n<link rel=\"canonical\" href=\"http:\/\/www.reconoce.mx\/?p=76962\" \/>\n<meta property=\"og:locale\" content=\"es_ES\" \/>\n<meta property=\"og:type\" content=\"article\" \/>\n<meta property=\"og:title\" content=\"Aterciopelados sacuden a chicos y grandes en El Plaza &#171; Reconoce MX\" \/>\n<meta property=\"og:description\" content=\"La m\u00fasica tiene el poder de hacernos re\u00edr y tambi\u00e9n de hacernos llorar, puede regresarnos en el tiempo o hacernos bailar justo en ese preciso momento en el que suena nuestra canci\u00f3n favorita.\" \/>\n<meta property=\"og:url\" content=\"http:\/\/www.reconoce.mx\/?p=76962\" \/>\n<meta property=\"og:site_name\" content=\"Reconoce MX\" \/>\n<meta property=\"article:publisher\" content=\"https:\/\/es-la.facebook.com\/ReconoceMX\/\" \/>\n<meta property=\"article:published_time\" content=\"2018-10-04T05:06:53+00:00\" \/>\n<meta property=\"article:modified_time\" content=\"2018-10-04T14:20:19+00:00\" \/>\n<meta property=\"og:image\" content=\"http:\/\/www.reconoce.mx\/wp-content\/uploads\/2018\/10\/aterciopelados-cover.jpg\" \/>\n\t<meta property=\"og:image:width\" content=\"590\" \/>\n\t<meta property=\"og:image:height\" content=\"380\" \/>\n\t<meta property=\"og:image:type\" content=\"image\/jpeg\" \/>\n<meta name=\"author\" content=\"Reconoce MX\" \/>\n<meta name=\"twitter:card\" content=\"summary_large_image\" \/>\n<meta name=\"twitter:creator\" content=\"@reconocemx\" \/>\n<meta name=\"twitter:site\" content=\"@reconocemx\" \/>\n<meta name=\"twitter:label1\" content=\"Escrito por\" \/>\n\t<meta name=\"twitter:data1\" content=\"Reconoce MX\" \/>\n\t<meta name=\"twitter:label2\" content=\"Tiempo de lectura\" \/>\n\t<meta name=\"twitter:data2\" content=\"2 minutos\" \/>\n<script type=\"application\/ld+json\" class=\"yoast-schema-graph\">{\"@context\":\"https:\/\/schema.org\",\"@graph\":[{\"@type\":\"Article\",\"@id\":\"http:\/\/www.reconoce.mx\/?p=76962#article\",\"isPartOf\":{\"@id\":\"http:\/\/www.reconoce.mx\/?p=76962\"},\"author\":{\"name\":\"Reconoce MX\",\"@id\":\"http:\/\/www.reconoce.mx\/#\/schema\/person\/2117e997d7051dc15d6880eaf9bca0b2\"},\"headline\":\"Aterciopelados sacuden a chicos y grandes en El Plaza\",\"datePublished\":\"2018-10-04T05:06:53+00:00\",\"dateModified\":\"2018-10-04T14:20:19+00:00\",\"mainEntityOfPage\":{\"@id\":\"http:\/\/www.reconoce.mx\/?p=76962\"},\"wordCount\":416,\"commentCount\":0,\"publisher\":{\"@id\":\"http:\/\/www.reconoce.mx\/#organization\"},\"image\":{\"@id\":\"http:\/\/www.reconoce.mx\/?p=76962#primaryimage\"},\"thumbnailUrl\":\"http:\/\/www.reconoce.mx\/wp-content\/uploads\/2018\/10\/aterciopelados-cover.jpg\",\"articleSection\":[\"Cultura\",\"M\u00fasica\",\"Principal\"],\"inLanguage\":\"es\",\"potentialAction\":[{\"@type\":\"CommentAction\",\"name\":\"Comment\",\"target\":[\"http:\/\/www.reconoce.mx\/?p=76962#respond\"]}]},{\"@type\":\"WebPage\",\"@id\":\"http:\/\/www.reconoce.mx\/?p=76962\",\"url\":\"http:\/\/www.reconoce.mx\/?p=76962\",\"name\":\"Aterciopelados sacuden a chicos y grandes en El Plaza &#171; Reconoce MX\",\"isPartOf\":{\"@id\":\"http:\/\/www.reconoce.mx\/#website\"},\"primaryImageOfPage\":{\"@id\":\"http:\/\/www.reconoce.mx\/?p=76962#primaryimage\"},\"image\":{\"@id\":\"http:\/\/www.reconoce.mx\/?p=76962#primaryimage\"},\"thumbnailUrl\":\"http:\/\/www.reconoce.mx\/wp-content\/uploads\/2018\/10\/aterciopelados-cover.jpg\",\"datePublished\":\"2018-10-04T05:06:53+00:00\",\"dateModified\":\"2018-10-04T14:20:19+00:00\",\"breadcrumb\":{\"@id\":\"http:\/\/www.reconoce.mx\/?p=76962#breadcrumb\"},\"inLanguage\":\"es\",\"potentialAction\":[{\"@type\":\"ReadAction\",\"target\":[\"http:\/\/www.reconoce.mx\/?p=76962\"]}]},{\"@type\":\"ImageObject\",\"inLanguage\":\"es\",\"@id\":\"http:\/\/www.reconoce.mx\/?p=76962#primaryimage\",\"url\":\"http:\/\/www.reconoce.mx\/wp-content\/uploads\/2018\/10\/aterciopelados-cover.jpg\",\"contentUrl\":\"http:\/\/www.reconoce.mx\/wp-content\/uploads\/2018\/10\/aterciopelados-cover.jpg\",\"width\":590,\"height\":380},{\"@type\":\"BreadcrumbList\",\"@id\":\"http:\/\/www.reconoce.mx\/?p=76962#breadcrumb\",\"itemListElement\":[{\"@type\":\"ListItem\",\"position\":1,\"name\":\"Portada\",\"item\":\"http:\/\/www.reconoce.mx\/\"},{\"@type\":\"ListItem\",\"position\":2,\"name\":\"Aterciopelados sacuden a chicos y grandes en El Plaza\"}]},{\"@type\":\"WebSite\",\"@id\":\"http:\/\/www.reconoce.mx\/#website\",\"url\":\"http:\/\/www.reconoce.mx\/\",\"name\":\"Reconoce MX\",\"description\":\"En Reconoce MX difundimos arte, cultura y conciencia social en M\u00e9xico. Tu ciudad en otra perspectiva.\",\"publisher\":{\"@id\":\"http:\/\/www.reconoce.mx\/#organization\"},\"potentialAction\":[{\"@type\":\"SearchAction\",\"target\":{\"@type\":\"EntryPoint\",\"urlTemplate\":\"http:\/\/www.reconoce.mx\/?s={search_term_string}\"},\"query-input\":{\"@type\":\"PropertyValueSpecification\",\"valueRequired\":true,\"valueName\":\"search_term_string\"}}],\"inLanguage\":\"es\"},{\"@type\":\"Organization\",\"@id\":\"http:\/\/www.reconoce.mx\/#organization\",\"name\":\"Reconoce MX\",\"url\":\"http:\/\/www.reconoce.mx\/\",\"logo\":{\"@type\":\"ImageObject\",\"inLanguage\":\"es\",\"@id\":\"http:\/\/www.reconoce.mx\/#\/schema\/logo\/image\/\",\"url\":\"https:\/\/www.reconoce.mx\/wp-content\/uploads\/2019\/03\/logorcmx-good-1.png\",\"contentUrl\":\"https:\/\/www.reconoce.mx\/wp-content\/uploads\/2019\/03\/logorcmx-good-1.png\",\"width\":280,\"height\":90,\"caption\":\"Reconoce MX\"},\"image\":{\"@id\":\"http:\/\/www.reconoce.mx\/#\/schema\/logo\/image\/\"},\"sameAs\":[\"https:\/\/es-la.facebook.com\/ReconoceMX\/\",\"https:\/\/x.com\/reconocemx\",\"http:\/\/@reconocemx\"]},{\"@type\":\"Person\",\"@id\":\"http:\/\/www.reconoce.mx\/#\/schema\/person\/2117e997d7051dc15d6880eaf9bca0b2\",\"name\":\"Reconoce MX\",\"image\":{\"@type\":\"ImageObject\",\"inLanguage\":\"es\",\"@id\":\"http:\/\/www.reconoce.mx\/#\/schema\/person\/image\/\",\"url\":\"https:\/\/secure.gravatar.com\/avatar\/6c8d4dc7569ca1c90c5fdcc349f839d5ddef6fe1e70b4337ead2ef1a4c43fc3a?s=96&d=identicon&r=g\",\"contentUrl\":\"https:\/\/secure.gravatar.com\/avatar\/6c8d4dc7569ca1c90c5fdcc349f839d5ddef6fe1e70b4337ead2ef1a4c43fc3a?s=96&d=identicon&r=g\",\"caption\":\"Reconoce MX\"},\"description\":\"Reconoce MX es un proyecto de difusi\u00f3n art\u00edstica, cultural y de conciencia social que est\u00e1 enfocado a difundir y fomentar el entretenimiento alternativo de calidad para todo el p\u00fablico que comparta el mismo entusiasmo.\",\"sameAs\":[\"http:\/\/www.reconoce.mx\"],\"url\":\"http:\/\/www.reconoce.mx\/?author=2\"}]}<\/script>\n<!-- \/ Yoast SEO plugin. -->","yoast_head_json":{"title":"Aterciopelados sacuden a chicos y grandes en El Plaza &#171; Reconoce MX","robots":{"index":"index","follow":"follow","max-snippet":"max-snippet:-1","max-image-preview":"max-image-preview:large","max-video-preview":"max-video-preview:-1"},"canonical":"http:\/\/www.reconoce.mx\/?p=76962","og_locale":"es_ES","og_type":"article","og_title":"Aterciopelados sacuden a chicos y grandes en El Plaza &#171; Reconoce MX","og_description":"La m\u00fasica tiene el poder de hacernos re\u00edr y tambi\u00e9n de hacernos llorar, puede regresarnos en el tiempo o hacernos bailar justo en ese preciso momento en el que suena nuestra canci\u00f3n favorita.","og_url":"http:\/\/www.reconoce.mx\/?p=76962","og_site_name":"Reconoce MX","article_publisher":"https:\/\/es-la.facebook.com\/ReconoceMX\/","article_published_time":"2018-10-04T05:06:53+00:00","article_modified_time":"2018-10-04T14:20:19+00:00","og_image":[{"width":590,"height":380,"url":"http:\/\/www.reconoce.mx\/wp-content\/uploads\/2018\/10\/aterciopelados-cover.jpg","type":"image\/jpeg"}],"author":"Reconoce MX","twitter_card":"summary_large_image","twitter_creator":"@reconocemx","twitter_site":"@reconocemx","twitter_misc":{"Escrito por":"Reconoce MX","Tiempo de lectura":"2 minutos"},"schema":{"@context":"https:\/\/schema.org","@graph":[{"@type":"Article","@id":"http:\/\/www.reconoce.mx\/?p=76962#article","isPartOf":{"@id":"http:\/\/www.reconoce.mx\/?p=76962"},"author":{"name":"Reconoce MX","@id":"http:\/\/www.reconoce.mx\/#\/schema\/person\/2117e997d7051dc15d6880eaf9bca0b2"},"headline":"Aterciopelados sacuden a chicos y grandes en El Plaza","datePublished":"2018-10-04T05:06:53+00:00","dateModified":"2018-10-04T14:20:19+00:00","mainEntityOfPage":{"@id":"http:\/\/www.reconoce.mx\/?p=76962"},"wordCount":416,"commentCount":0,"publisher":{"@id":"http:\/\/www.reconoce.mx\/#organization"},"image":{"@id":"http:\/\/www.reconoce.mx\/?p=76962#primaryimage"},"thumbnailUrl":"http:\/\/www.reconoce.mx\/wp-content\/uploads\/2018\/10\/aterciopelados-cover.jpg","articleSection":["Cultura","M\u00fasica","Principal"],"inLanguage":"es","potentialAction":[{"@type":"CommentAction","name":"Comment","target":["http:\/\/www.reconoce.mx\/?p=76962#respond"]}]},{"@type":"WebPage","@id":"http:\/\/www.reconoce.mx\/?p=76962","url":"http:\/\/www.reconoce.mx\/?p=76962","name":"Aterciopelados sacuden a chicos y grandes en El Plaza &#171; Reconoce MX","isPartOf":{"@id":"http:\/\/www.reconoce.mx\/#website"},"primaryImageOfPage":{"@id":"http:\/\/www.reconoce.mx\/?p=76962#primaryimage"},"image":{"@id":"http:\/\/www.reconoce.mx\/?p=76962#primaryimage"},"thumbnailUrl":"http:\/\/www.reconoce.mx\/wp-content\/uploads\/2018\/10\/aterciopelados-cover.jpg","datePublished":"2018-10-04T05:06:53+00:00","dateModified":"2018-10-04T14:20:19+00:00","breadcrumb":{"@id":"http:\/\/www.reconoce.mx\/?p=76962#breadcrumb"},"inLanguage":"es","potentialAction":[{"@type":"ReadAction","target":["http:\/\/www.reconoce.mx\/?p=76962"]}]},{"@type":"ImageObject","inLanguage":"es","@id":"http:\/\/www.reconoce.mx\/?p=76962#primaryimage","url":"http:\/\/www.reconoce.mx\/wp-content\/uploads\/2018\/10\/aterciopelados-cover.jpg","contentUrl":"http:\/\/www.reconoce.mx\/wp-content\/uploads\/2018\/10\/aterciopelados-cover.jpg","width":590,"height":380},{"@type":"BreadcrumbList","@id":"http:\/\/www.reconoce.mx\/?p=76962#breadcrumb","itemListElement":[{"@type":"ListItem","position":1,"name":"Portada","item":"http:\/\/www.reconoce.mx\/"},{"@type":"ListItem","position":2,"name":"Aterciopelados sacuden a chicos y grandes en El Plaza"}]},{"@type":"WebSite","@id":"http:\/\/www.reconoce.mx\/#website","url":"http:\/\/www.reconoce.mx\/","name":"Reconoce MX","description":"En Reconoce MX difundimos arte, cultura y conciencia social en M\u00e9xico. Tu ciudad en otra perspectiva.","publisher":{"@id":"http:\/\/www.reconoce.mx\/#organization"},"potentialAction":[{"@type":"SearchAction","target":{"@type":"EntryPoint","urlTemplate":"http:\/\/www.reconoce.mx\/?s={search_term_string}"},"query-input":{"@type":"PropertyValueSpecification","valueRequired":true,"valueName":"search_term_string"}}],"inLanguage":"es"},{"@type":"Organization","@id":"http:\/\/www.reconoce.mx\/#organization","name":"Reconoce MX","url":"http:\/\/www.reconoce.mx\/","logo":{"@type":"ImageObject","inLanguage":"es","@id":"http:\/\/www.reconoce.mx\/#\/schema\/logo\/image\/","url":"https:\/\/www.reconoce.mx\/wp-content\/uploads\/2019\/03\/logorcmx-good-1.png","contentUrl":"https:\/\/www.reconoce.mx\/wp-content\/uploads\/2019\/03\/logorcmx-good-1.png","width":280,"height":90,"caption":"Reconoce MX"},"image":{"@id":"http:\/\/www.reconoce.mx\/#\/schema\/logo\/image\/"},"sameAs":["https:\/\/es-la.facebook.com\/ReconoceMX\/","https:\/\/x.com\/reconocemx","http:\/\/@reconocemx"]},{"@type":"Person","@id":"http:\/\/www.reconoce.mx\/#\/schema\/person\/2117e997d7051dc15d6880eaf9bca0b2","name":"Reconoce MX","image":{"@type":"ImageObject","inLanguage":"es","@id":"http:\/\/www.reconoce.mx\/#\/schema\/person\/image\/","url":"https:\/\/secure.gravatar.com\/avatar\/6c8d4dc7569ca1c90c5fdcc349f839d5ddef6fe1e70b4337ead2ef1a4c43fc3a?s=96&d=identicon&r=g","contentUrl":"https:\/\/secure.gravatar.com\/avatar\/6c8d4dc7569ca1c90c5fdcc349f839d5ddef6fe1e70b4337ead2ef1a4c43fc3a?s=96&d=identicon&r=g","caption":"Reconoce MX"},"description":"Reconoce MX es un proyecto de difusi\u00f3n art\u00edstica, cultural y de conciencia social que est\u00e1 enfocado a difundir y fomentar el entretenimiento alternativo de calidad para todo el p\u00fablico que comparta el mismo entusiasmo.","sameAs":["http:\/\/www.reconoce.mx"],"url":"http:\/\/www.reconoce.mx\/?author=2"}]}},"_links":{"self":[{"href":"http:\/\/www.reconoce.mx\/index.php?rest_route=\/wp\/v2\/posts\/76962","targetHints":{"allow":["GET"]}}],"collection":[{"href":"http:\/\/www.reconoce.mx\/index.php?rest_route=\/wp\/v2\/posts"}],"about":[{"href":"http:\/\/www.reconoce.mx\/index.php?rest_route=\/wp\/v2\/types\/post"}],"author":[{"embeddable":true,"href":"http:\/\/www.reconoce.mx\/index.php?rest_route=\/wp\/v2\/users\/2"}],"replies":[{"embeddable":true,"href":"http:\/\/www.reconoce.mx\/index.php?rest_route=%2Fwp%2Fv2%2Fcomments&post=76962"}],"version-history":[{"count":3,"href":"http:\/\/www.reconoce.mx\/index.php?rest_route=\/wp\/v2\/posts\/76962\/revisions"}],"predecessor-version":[{"id":76966,"href":"http:\/\/www.reconoce.mx\/index.php?rest_route=\/wp\/v2\/posts\/76962\/revisions\/76966"}],"wp:featuredmedia":[{"embeddable":true,"href":"http:\/\/www.reconoce.mx\/index.php?rest_route=\/wp\/v2\/media\/76963"}],"wp:attachment":[{"href":"http:\/\/www.reconoce.mx\/index.php?rest_route=%2Fwp%2Fv2%2Fmedia&parent=76962"}],"wp:term":[{"taxonomy":"category","embeddable":true,"href":"http:\/\/www.reconoce.mx\/index.php?rest_route=%2Fwp%2Fv2%2Fcategories&post=76962"},{"taxonomy":"post_tag","embeddable":true,"href":"http:\/\/www.reconoce.mx\/index.php?rest_route=%2Fwp%2Fv2%2Ftags&post=76962"}],"curies":[{"name":"wp","href":"https:\/\/api.w.org\/{rel}","templated":true}]}}