{"id":76989,"date":"2018-10-04T00:03:16","date_gmt":"2018-10-04T05:03:16","guid":{"rendered":"http:\/\/www.reconoce.mx\/?p=76989"},"modified":"2018-10-04T14:57:28","modified_gmt":"2018-10-04T19:57:28","slug":"la-gran-promesa-el-emotivo-reencuentro-entre-padre-e-hija","status":"publish","type":"post","link":"http:\/\/www.reconoce.mx\/?p=76989","title":{"rendered":"\u00abLa gran promesa\u00bb: el emotivo reencuentro entre padre e hija"},"content":{"rendered":"<p><strong> Por <a title=\"@AsfaltosTweets\" href=\"http:\/\/twitter.com\/AsfaltosTweets\" target=\"_blank\" rel=\"noopener noreferrer\" data-slimstat-type=\"0\" data-slimstat-callback=\"false\" data-slimstat-tracking=\"true\">Asfaltos<\/a><\/strong>.<\/p>\n<p>Despu\u00e9s de su anterior y exitosa cinta \u00abGuten Tag, Ram\u00f3n\u00bb (2014), el realizador mexicano<strong>\u00a0Jorge Ram\u00edrez Su\u00e1rez<\/strong> regresa con su m\u00e1s reciente pel\u00edcula \u00abLa gran promesa\u00bb (2018). La cinta busca repetir el \u00e9xito con una historia que si bien guarda ecos con su antecesora, s\u00ed resulta un trabajo distinto aunque con el mismo coraz\u00f3n. La perspectiva de un mundo global es algo que se mantiene en \u00abLa gran promesa\u00bb.<\/p>\n<p><a href=\"http:\/\/www.reconoce.mx\/wp-content\/uploads\/2018\/10\/la-gran-promesa-poster.jpg\"><img loading=\"lazy\" decoding=\"async\" class=\"aligncenter size-full wp-image-76993\" src=\"http:\/\/www.reconoce.mx\/wp-content\/uploads\/2018\/10\/la-gran-promesa-poster.jpg\" alt=\"\" width=\"721\" height=\"1018\" srcset=\"http:\/\/www.reconoce.mx\/wp-content\/uploads\/2018\/10\/la-gran-promesa-poster.jpg 721w, http:\/\/www.reconoce.mx\/wp-content\/uploads\/2018\/10\/la-gran-promesa-poster-212x300.jpg 212w, http:\/\/www.reconoce.mx\/wp-content\/uploads\/2018\/10\/la-gran-promesa-poster-150x212.jpg 150w, http:\/\/www.reconoce.mx\/wp-content\/uploads\/2018\/10\/la-gran-promesa-poster-700x988.jpg 700w, http:\/\/www.reconoce.mx\/wp-content\/uploads\/2018\/10\/la-gran-promesa-poster-658x929.jpg 658w, http:\/\/www.reconoce.mx\/wp-content\/uploads\/2018\/10\/la-gran-promesa-poster-300x424.jpg 300w\" sizes=\"auto, (max-width: 721px) 100vw, 721px\" \/><\/a><\/p>\n<p>Con un elenco liderado por <strong>Juan Manuel Bernal<\/strong>, \u00abLa gran promesa\u00bb nos presenta la historia de Sergio, un fot\u00f3grafo de guerra quien tras un dram\u00e1tico evento a nivel familiar, es arrancado no solamente de su trabajo, sino tambi\u00e9n del pa\u00eds donde trabaja, donde naci\u00f3 y hasta de su propia hija. \u00abLa gran promesa\u00bb es en efecto la que Sergio hace a quien deja por regresar a verla.<\/p>\n<p>En el elenco vemos tambi\u00e9n la presencia de la actriz mexicana <strong>Sof\u00eda Espinoza<\/strong>, quien interpreta a la joven\u00a0Rita que acompa\u00f1ar\u00e1 a Sergio en su aventura;\u00a0de <strong>Ilithya Manzanilla<\/strong> como la hija ya adulta de Sergio, de <strong>Sam Trammell<\/strong> como el fundamental O&#8217;Connor del que no les dir\u00e9 m\u00e1s, y tambi\u00e9n de <strong>Gast\u00f3n Ya\u00f1es<\/strong> como Klaus y de <strong>Alejandra Ambrosi<\/strong> como Elena, entre otros.<\/p>\n<p><a href=\"http:\/\/www.reconoce.mx\/wp-content\/uploads\/2018\/10\/la-gran-promesa-2.jpg\"><img loading=\"lazy\" decoding=\"async\" class=\"aligncenter size-full wp-image-76990\" src=\"http:\/\/www.reconoce.mx\/wp-content\/uploads\/2018\/10\/la-gran-promesa-2.jpg\" alt=\"\" width=\"590\" height=\"380\" srcset=\"http:\/\/www.reconoce.mx\/wp-content\/uploads\/2018\/10\/la-gran-promesa-2.jpg 590w, http:\/\/www.reconoce.mx\/wp-content\/uploads\/2018\/10\/la-gran-promesa-2-300x193.jpg 300w, http:\/\/www.reconoce.mx\/wp-content\/uploads\/2018\/10\/la-gran-promesa-2-150x97.jpg 150w\" sizes=\"auto, (max-width: 590px) 100vw, 590px\" \/><\/a><\/p>\n<p>Lo primero que me llam\u00f3 la atenci\u00f3n de \u00abLa gran promesa\u00bb, fue sin duda la muy llamativa primera escena. Igual buscando que \u00e9sta resulte toda una sorpresa para ustedes, \u00fanicamente dir\u00e9 que es un trabajo que muy dif\u00edcilmente se puede ver en el cine mexicano. El cuidado en el detalle que se emple\u00f3 para \u00e9sta, remite m\u00e1s a un cine de manufactura estadounidense, donde es posible ver de \u00e9stas a montones. El m\u00e9rito entonces para la producci\u00f3n, es grande.<\/p>\n<p>Y ya que andamos hablando del tema de la producci\u00f3n, s\u00famenle la complejidad de filmar en distintos pa\u00edses. Si en \u00abGuten Tag, Ram\u00f3n\u00bb ese factor nos result\u00f3 muy disfrutable, ni qu\u00e9 decir en \u00abLa gran promesa\u00bb donde saltamos de Estados Unidos a M\u00e9xico, y de M\u00e9xico a Bosnia sin olvidar un paso por Alemania. Este es otro detalle poco visto que suma tambi\u00e9n a la experiencia de una pel\u00edcula en la que la b\u00fasqueda es una constante.<\/p>\n<p><a href=\"http:\/\/www.reconoce.mx\/wp-content\/uploads\/2018\/10\/la-gran-promesa-3.jpg\"><img loading=\"lazy\" decoding=\"async\" class=\"aligncenter size-full wp-image-76991\" src=\"http:\/\/www.reconoce.mx\/wp-content\/uploads\/2018\/10\/la-gran-promesa-3.jpg\" alt=\"\" width=\"590\" height=\"380\" srcset=\"http:\/\/www.reconoce.mx\/wp-content\/uploads\/2018\/10\/la-gran-promesa-3.jpg 590w, http:\/\/www.reconoce.mx\/wp-content\/uploads\/2018\/10\/la-gran-promesa-3-300x193.jpg 300w, http:\/\/www.reconoce.mx\/wp-content\/uploads\/2018\/10\/la-gran-promesa-3-150x97.jpg 150w\" sizes=\"auto, (max-width: 590px) 100vw, 590px\" \/><\/a><\/p>\n<p>Con un buen ritmo, con una trama que se desarrolla de forma lineal, \u00abLa gran promesa\u00bb incluye distintos elementos que resultan atractivos para todo tipo de p\u00fablicos. Claro que la principal es la historia de amor entre un padre y una hija, pero tambi\u00e9n aparece con gracia el tema de la comunicaci\u00f3n entre generaciones, y sin ser el foco de la historia, las barreras que se ponen entre los pa\u00edses en un mundo cada vez m\u00e1s interconectado.<\/p>\n<p>\u00bfPeros? S\u00ed, ubico tres esenciales. Los di\u00e1logos y la actuaci\u00f3n de <strong>Sof\u00eda Espinoza<\/strong> -quien nos tiene acostumbrados a papeles bien ejecutados-, desentonan de gran manera con el ritmo de la pel\u00edcula. Su personaje luce sobreactuado y poco natural, lo que termina por convertirlo en un obst\u00e1culo para el disfrute de lo que se observa. A\u00f1ado tambi\u00e9n la m\u00fasica del score, que lamentablemente sin mayor raz\u00f3n nos obliga a sentir algo que ya la propia trama nos est\u00e1 provocando; termina por ser demasiado forzada que por momentos incomoda. Finalmente el tono melodram\u00e1tico de la pel\u00edcula, muy cercano al de una telenovela que si bien encontrar\u00e1 su p\u00fablico, no termin\u00f3 por satisfacerme a nivel personal.<\/p>\n<style>.embed-container { position: relative; padding-bottom: 56.25%; height: 0; overflow: hidden; max-width: 100%; } .embed-container iframe, .embed-container object, .embed-container embed { position: absolute; top: 0; left: 0; width: 100%; height: 100%; }<\/style>\n<div class=\"embed-container\"><iframe src=\"https:\/\/www.youtube.com\/embed\/u0Jh4rXGrAw\" frameborder=\"0\" allowfullscreen=\"allowfullscreen\"><\/iframe><\/div>\n<p>&nbsp;<\/p>\n<p>\u00abLa gran promesa\u00bb es una pel\u00edcula entretenida; cierto es que las comparaciones son injustas, pero en este caso terminar\u00e1n llegando para quienes gustaron de la ya mencionada \u00abGuten Tag, Ram\u00f3n\u00bb. A pesar de no resultar lo que su propio nombre nos promete, \u00abLa gran promesa\u00bb no deja de resultar interesante. Si les gust\u00f3 la ya mencionada antecesora, no dejen de revisar la nueva cinta de <strong>Jorge Ram\u00edrez-Su\u00e1rez<\/strong>. Si opinan algo contrario a los \u00abperos\u00bb que destaqu\u00e9, no dejen de compart\u00edrmelo en redes.<\/p>\n<p>\u00abLa gran promesa\u00bb estrena ma\u00f1ana viernes 5 de octubre en cines nacionales. \u00bfNos vemos en el cine?<\/p>\n<p>&nbsp;<\/p>\n<p>&nbsp;<\/p>\n","protected":false},"excerpt":{"rendered":"<p>Despu\u00e9s de su anterior y exitosa cinta \u00abGuten Tag, Ram\u00f3n\u00bb (2014), el realizador mexicano Jorge Ram\u00edrez Su\u00e1rez regresa con su m\u00e1s reciente pel\u00edcula \u00abLa gran promesa\u00bb (2018). <\/p>\n","protected":false},"author":2,"featured_media":76992,"comment_status":"open","ping_status":"open","sticky":false,"template":"","format":"standard","meta":{"footnotes":""},"categories":[24,1,17],"tags":[],"class_list":["post-76989","post","type-post","status-publish","format-standard","has-post-thumbnail","hentry","category-cine","category-cultura","category-principal"],"yoast_head":"<!-- This site is optimized with the Yoast SEO plugin v24.7 - https:\/\/yoast.com\/wordpress\/plugins\/seo\/ -->\n<title>&quot;La gran promesa&quot;: el emotivo reencuentro entre padre e hija &#171; Reconoce MX<\/title>\n<meta name=\"robots\" content=\"index, follow, max-snippet:-1, max-image-preview:large, max-video-preview:-1\" \/>\n<link rel=\"canonical\" href=\"http:\/\/www.reconoce.mx\/?p=76989\" \/>\n<meta property=\"og:locale\" content=\"es_ES\" \/>\n<meta property=\"og:type\" content=\"article\" \/>\n<meta property=\"og:title\" content=\"&quot;La gran promesa&quot;: el emotivo reencuentro entre padre e hija &#171; Reconoce MX\" \/>\n<meta property=\"og:description\" content=\"Despu\u00e9s de su anterior y exitosa cinta &quot;Guten Tag, Ram\u00f3n&quot; (2014), el realizador mexicano Jorge Ram\u00edrez Su\u00e1rez regresa con su m\u00e1s reciente pel\u00edcula &quot;La gran promesa&quot; (2018).\" \/>\n<meta property=\"og:url\" content=\"http:\/\/www.reconoce.mx\/?p=76989\" \/>\n<meta property=\"og:site_name\" content=\"Reconoce MX\" \/>\n<meta property=\"article:publisher\" content=\"https:\/\/es-la.facebook.com\/ReconoceMX\/\" \/>\n<meta property=\"article:published_time\" content=\"2018-10-04T05:03:16+00:00\" \/>\n<meta property=\"article:modified_time\" content=\"2018-10-04T19:57:28+00:00\" \/>\n<meta property=\"og:image\" content=\"http:\/\/www.reconoce.mx\/wp-content\/uploads\/2018\/10\/la-gran-promesa-cover.jpg\" \/>\n\t<meta property=\"og:image:width\" content=\"590\" \/>\n\t<meta property=\"og:image:height\" content=\"380\" \/>\n\t<meta property=\"og:image:type\" content=\"image\/jpeg\" \/>\n<meta name=\"author\" content=\"Reconoce MX\" \/>\n<meta name=\"twitter:card\" content=\"summary_large_image\" \/>\n<meta name=\"twitter:creator\" content=\"@reconocemx\" \/>\n<meta name=\"twitter:site\" content=\"@reconocemx\" \/>\n<meta name=\"twitter:label1\" content=\"Escrito por\" \/>\n\t<meta name=\"twitter:data1\" content=\"Reconoce MX\" \/>\n\t<meta name=\"twitter:label2\" content=\"Tiempo de lectura\" \/>\n\t<meta name=\"twitter:data2\" content=\"4 minutos\" \/>\n<script type=\"application\/ld+json\" class=\"yoast-schema-graph\">{\"@context\":\"https:\/\/schema.org\",\"@graph\":[{\"@type\":\"Article\",\"@id\":\"http:\/\/www.reconoce.mx\/?p=76989#article\",\"isPartOf\":{\"@id\":\"http:\/\/www.reconoce.mx\/?p=76989\"},\"author\":{\"name\":\"Reconoce MX\",\"@id\":\"http:\/\/www.reconoce.mx\/#\/schema\/person\/2117e997d7051dc15d6880eaf9bca0b2\"},\"headline\":\"\u00abLa gran promesa\u00bb: el emotivo reencuentro entre padre e hija\",\"datePublished\":\"2018-10-04T05:03:16+00:00\",\"dateModified\":\"2018-10-04T19:57:28+00:00\",\"mainEntityOfPage\":{\"@id\":\"http:\/\/www.reconoce.mx\/?p=76989\"},\"wordCount\":713,\"commentCount\":0,\"publisher\":{\"@id\":\"http:\/\/www.reconoce.mx\/#organization\"},\"image\":{\"@id\":\"http:\/\/www.reconoce.mx\/?p=76989#primaryimage\"},\"thumbnailUrl\":\"http:\/\/www.reconoce.mx\/wp-content\/uploads\/2018\/10\/la-gran-promesa-cover.jpg\",\"articleSection\":[\"Cine\",\"Cultura\",\"Principal\"],\"inLanguage\":\"es\",\"potentialAction\":[{\"@type\":\"CommentAction\",\"name\":\"Comment\",\"target\":[\"http:\/\/www.reconoce.mx\/?p=76989#respond\"]}]},{\"@type\":\"WebPage\",\"@id\":\"http:\/\/www.reconoce.mx\/?p=76989\",\"url\":\"http:\/\/www.reconoce.mx\/?p=76989\",\"name\":\"\\\"La gran promesa\\\": el emotivo reencuentro entre padre e hija &#171; Reconoce MX\",\"isPartOf\":{\"@id\":\"http:\/\/www.reconoce.mx\/#website\"},\"primaryImageOfPage\":{\"@id\":\"http:\/\/www.reconoce.mx\/?p=76989#primaryimage\"},\"image\":{\"@id\":\"http:\/\/www.reconoce.mx\/?p=76989#primaryimage\"},\"thumbnailUrl\":\"http:\/\/www.reconoce.mx\/wp-content\/uploads\/2018\/10\/la-gran-promesa-cover.jpg\",\"datePublished\":\"2018-10-04T05:03:16+00:00\",\"dateModified\":\"2018-10-04T19:57:28+00:00\",\"breadcrumb\":{\"@id\":\"http:\/\/www.reconoce.mx\/?p=76989#breadcrumb\"},\"inLanguage\":\"es\",\"potentialAction\":[{\"@type\":\"ReadAction\",\"target\":[\"http:\/\/www.reconoce.mx\/?p=76989\"]}]},{\"@type\":\"ImageObject\",\"inLanguage\":\"es\",\"@id\":\"http:\/\/www.reconoce.mx\/?p=76989#primaryimage\",\"url\":\"http:\/\/www.reconoce.mx\/wp-content\/uploads\/2018\/10\/la-gran-promesa-cover.jpg\",\"contentUrl\":\"http:\/\/www.reconoce.mx\/wp-content\/uploads\/2018\/10\/la-gran-promesa-cover.jpg\",\"width\":590,\"height\":380},{\"@type\":\"BreadcrumbList\",\"@id\":\"http:\/\/www.reconoce.mx\/?p=76989#breadcrumb\",\"itemListElement\":[{\"@type\":\"ListItem\",\"position\":1,\"name\":\"Portada\",\"item\":\"http:\/\/www.reconoce.mx\/\"},{\"@type\":\"ListItem\",\"position\":2,\"name\":\"\u00abLa gran promesa\u00bb: el emotivo reencuentro entre padre e hija\"}]},{\"@type\":\"WebSite\",\"@id\":\"http:\/\/www.reconoce.mx\/#website\",\"url\":\"http:\/\/www.reconoce.mx\/\",\"name\":\"Reconoce MX\",\"description\":\"En Reconoce MX difundimos arte, cultura y conciencia social en M\u00e9xico. Tu ciudad en otra perspectiva.\",\"publisher\":{\"@id\":\"http:\/\/www.reconoce.mx\/#organization\"},\"potentialAction\":[{\"@type\":\"SearchAction\",\"target\":{\"@type\":\"EntryPoint\",\"urlTemplate\":\"http:\/\/www.reconoce.mx\/?s={search_term_string}\"},\"query-input\":{\"@type\":\"PropertyValueSpecification\",\"valueRequired\":true,\"valueName\":\"search_term_string\"}}],\"inLanguage\":\"es\"},{\"@type\":\"Organization\",\"@id\":\"http:\/\/www.reconoce.mx\/#organization\",\"name\":\"Reconoce MX\",\"url\":\"http:\/\/www.reconoce.mx\/\",\"logo\":{\"@type\":\"ImageObject\",\"inLanguage\":\"es\",\"@id\":\"http:\/\/www.reconoce.mx\/#\/schema\/logo\/image\/\",\"url\":\"https:\/\/www.reconoce.mx\/wp-content\/uploads\/2019\/03\/logorcmx-good-1.png\",\"contentUrl\":\"https:\/\/www.reconoce.mx\/wp-content\/uploads\/2019\/03\/logorcmx-good-1.png\",\"width\":280,\"height\":90,\"caption\":\"Reconoce MX\"},\"image\":{\"@id\":\"http:\/\/www.reconoce.mx\/#\/schema\/logo\/image\/\"},\"sameAs\":[\"https:\/\/es-la.facebook.com\/ReconoceMX\/\",\"https:\/\/x.com\/reconocemx\",\"http:\/\/@reconocemx\"]},{\"@type\":\"Person\",\"@id\":\"http:\/\/www.reconoce.mx\/#\/schema\/person\/2117e997d7051dc15d6880eaf9bca0b2\",\"name\":\"Reconoce MX\",\"image\":{\"@type\":\"ImageObject\",\"inLanguage\":\"es\",\"@id\":\"http:\/\/www.reconoce.mx\/#\/schema\/person\/image\/\",\"url\":\"https:\/\/secure.gravatar.com\/avatar\/6c8d4dc7569ca1c90c5fdcc349f839d5ddef6fe1e70b4337ead2ef1a4c43fc3a?s=96&d=identicon&r=g\",\"contentUrl\":\"https:\/\/secure.gravatar.com\/avatar\/6c8d4dc7569ca1c90c5fdcc349f839d5ddef6fe1e70b4337ead2ef1a4c43fc3a?s=96&d=identicon&r=g\",\"caption\":\"Reconoce MX\"},\"description\":\"Reconoce MX es un proyecto de difusi\u00f3n art\u00edstica, cultural y de conciencia social que est\u00e1 enfocado a difundir y fomentar el entretenimiento alternativo de calidad para todo el p\u00fablico que comparta el mismo entusiasmo.\",\"sameAs\":[\"http:\/\/www.reconoce.mx\"],\"url\":\"http:\/\/www.reconoce.mx\/?author=2\"}]}<\/script>\n<!-- \/ Yoast SEO plugin. -->","yoast_head_json":{"title":"\"La gran promesa\": el emotivo reencuentro entre padre e hija &#171; Reconoce MX","robots":{"index":"index","follow":"follow","max-snippet":"max-snippet:-1","max-image-preview":"max-image-preview:large","max-video-preview":"max-video-preview:-1"},"canonical":"http:\/\/www.reconoce.mx\/?p=76989","og_locale":"es_ES","og_type":"article","og_title":"\"La gran promesa\": el emotivo reencuentro entre padre e hija &#171; Reconoce MX","og_description":"Despu\u00e9s de su anterior y exitosa cinta \"Guten Tag, Ram\u00f3n\" (2014), el realizador mexicano Jorge Ram\u00edrez Su\u00e1rez regresa con su m\u00e1s reciente pel\u00edcula \"La gran promesa\" (2018).","og_url":"http:\/\/www.reconoce.mx\/?p=76989","og_site_name":"Reconoce MX","article_publisher":"https:\/\/es-la.facebook.com\/ReconoceMX\/","article_published_time":"2018-10-04T05:03:16+00:00","article_modified_time":"2018-10-04T19:57:28+00:00","og_image":[{"width":590,"height":380,"url":"http:\/\/www.reconoce.mx\/wp-content\/uploads\/2018\/10\/la-gran-promesa-cover.jpg","type":"image\/jpeg"}],"author":"Reconoce MX","twitter_card":"summary_large_image","twitter_creator":"@reconocemx","twitter_site":"@reconocemx","twitter_misc":{"Escrito por":"Reconoce MX","Tiempo de lectura":"4 minutos"},"schema":{"@context":"https:\/\/schema.org","@graph":[{"@type":"Article","@id":"http:\/\/www.reconoce.mx\/?p=76989#article","isPartOf":{"@id":"http:\/\/www.reconoce.mx\/?p=76989"},"author":{"name":"Reconoce MX","@id":"http:\/\/www.reconoce.mx\/#\/schema\/person\/2117e997d7051dc15d6880eaf9bca0b2"},"headline":"\u00abLa gran promesa\u00bb: el emotivo reencuentro entre padre e hija","datePublished":"2018-10-04T05:03:16+00:00","dateModified":"2018-10-04T19:57:28+00:00","mainEntityOfPage":{"@id":"http:\/\/www.reconoce.mx\/?p=76989"},"wordCount":713,"commentCount":0,"publisher":{"@id":"http:\/\/www.reconoce.mx\/#organization"},"image":{"@id":"http:\/\/www.reconoce.mx\/?p=76989#primaryimage"},"thumbnailUrl":"http:\/\/www.reconoce.mx\/wp-content\/uploads\/2018\/10\/la-gran-promesa-cover.jpg","articleSection":["Cine","Cultura","Principal"],"inLanguage":"es","potentialAction":[{"@type":"CommentAction","name":"Comment","target":["http:\/\/www.reconoce.mx\/?p=76989#respond"]}]},{"@type":"WebPage","@id":"http:\/\/www.reconoce.mx\/?p=76989","url":"http:\/\/www.reconoce.mx\/?p=76989","name":"\"La gran promesa\": el emotivo reencuentro entre padre e hija &#171; Reconoce MX","isPartOf":{"@id":"http:\/\/www.reconoce.mx\/#website"},"primaryImageOfPage":{"@id":"http:\/\/www.reconoce.mx\/?p=76989#primaryimage"},"image":{"@id":"http:\/\/www.reconoce.mx\/?p=76989#primaryimage"},"thumbnailUrl":"http:\/\/www.reconoce.mx\/wp-content\/uploads\/2018\/10\/la-gran-promesa-cover.jpg","datePublished":"2018-10-04T05:03:16+00:00","dateModified":"2018-10-04T19:57:28+00:00","breadcrumb":{"@id":"http:\/\/www.reconoce.mx\/?p=76989#breadcrumb"},"inLanguage":"es","potentialAction":[{"@type":"ReadAction","target":["http:\/\/www.reconoce.mx\/?p=76989"]}]},{"@type":"ImageObject","inLanguage":"es","@id":"http:\/\/www.reconoce.mx\/?p=76989#primaryimage","url":"http:\/\/www.reconoce.mx\/wp-content\/uploads\/2018\/10\/la-gran-promesa-cover.jpg","contentUrl":"http:\/\/www.reconoce.mx\/wp-content\/uploads\/2018\/10\/la-gran-promesa-cover.jpg","width":590,"height":380},{"@type":"BreadcrumbList","@id":"http:\/\/www.reconoce.mx\/?p=76989#breadcrumb","itemListElement":[{"@type":"ListItem","position":1,"name":"Portada","item":"http:\/\/www.reconoce.mx\/"},{"@type":"ListItem","position":2,"name":"\u00abLa gran promesa\u00bb: el emotivo reencuentro entre padre e hija"}]},{"@type":"WebSite","@id":"http:\/\/www.reconoce.mx\/#website","url":"http:\/\/www.reconoce.mx\/","name":"Reconoce MX","description":"En Reconoce MX difundimos arte, cultura y conciencia social en M\u00e9xico. Tu ciudad en otra perspectiva.","publisher":{"@id":"http:\/\/www.reconoce.mx\/#organization"},"potentialAction":[{"@type":"SearchAction","target":{"@type":"EntryPoint","urlTemplate":"http:\/\/www.reconoce.mx\/?s={search_term_string}"},"query-input":{"@type":"PropertyValueSpecification","valueRequired":true,"valueName":"search_term_string"}}],"inLanguage":"es"},{"@type":"Organization","@id":"http:\/\/www.reconoce.mx\/#organization","name":"Reconoce MX","url":"http:\/\/www.reconoce.mx\/","logo":{"@type":"ImageObject","inLanguage":"es","@id":"http:\/\/www.reconoce.mx\/#\/schema\/logo\/image\/","url":"https:\/\/www.reconoce.mx\/wp-content\/uploads\/2019\/03\/logorcmx-good-1.png","contentUrl":"https:\/\/www.reconoce.mx\/wp-content\/uploads\/2019\/03\/logorcmx-good-1.png","width":280,"height":90,"caption":"Reconoce MX"},"image":{"@id":"http:\/\/www.reconoce.mx\/#\/schema\/logo\/image\/"},"sameAs":["https:\/\/es-la.facebook.com\/ReconoceMX\/","https:\/\/x.com\/reconocemx","http:\/\/@reconocemx"]},{"@type":"Person","@id":"http:\/\/www.reconoce.mx\/#\/schema\/person\/2117e997d7051dc15d6880eaf9bca0b2","name":"Reconoce MX","image":{"@type":"ImageObject","inLanguage":"es","@id":"http:\/\/www.reconoce.mx\/#\/schema\/person\/image\/","url":"https:\/\/secure.gravatar.com\/avatar\/6c8d4dc7569ca1c90c5fdcc349f839d5ddef6fe1e70b4337ead2ef1a4c43fc3a?s=96&d=identicon&r=g","contentUrl":"https:\/\/secure.gravatar.com\/avatar\/6c8d4dc7569ca1c90c5fdcc349f839d5ddef6fe1e70b4337ead2ef1a4c43fc3a?s=96&d=identicon&r=g","caption":"Reconoce MX"},"description":"Reconoce MX es un proyecto de difusi\u00f3n art\u00edstica, cultural y de conciencia social que est\u00e1 enfocado a difundir y fomentar el entretenimiento alternativo de calidad para todo el p\u00fablico que comparta el mismo entusiasmo.","sameAs":["http:\/\/www.reconoce.mx"],"url":"http:\/\/www.reconoce.mx\/?author=2"}]}},"_links":{"self":[{"href":"http:\/\/www.reconoce.mx\/index.php?rest_route=\/wp\/v2\/posts\/76989","targetHints":{"allow":["GET"]}}],"collection":[{"href":"http:\/\/www.reconoce.mx\/index.php?rest_route=\/wp\/v2\/posts"}],"about":[{"href":"http:\/\/www.reconoce.mx\/index.php?rest_route=\/wp\/v2\/types\/post"}],"author":[{"embeddable":true,"href":"http:\/\/www.reconoce.mx\/index.php?rest_route=\/wp\/v2\/users\/2"}],"replies":[{"embeddable":true,"href":"http:\/\/www.reconoce.mx\/index.php?rest_route=%2Fwp%2Fv2%2Fcomments&post=76989"}],"version-history":[{"count":1,"href":"http:\/\/www.reconoce.mx\/index.php?rest_route=\/wp\/v2\/posts\/76989\/revisions"}],"predecessor-version":[{"id":76994,"href":"http:\/\/www.reconoce.mx\/index.php?rest_route=\/wp\/v2\/posts\/76989\/revisions\/76994"}],"wp:featuredmedia":[{"embeddable":true,"href":"http:\/\/www.reconoce.mx\/index.php?rest_route=\/wp\/v2\/media\/76992"}],"wp:attachment":[{"href":"http:\/\/www.reconoce.mx\/index.php?rest_route=%2Fwp%2Fv2%2Fmedia&parent=76989"}],"wp:term":[{"taxonomy":"category","embeddable":true,"href":"http:\/\/www.reconoce.mx\/index.php?rest_route=%2Fwp%2Fv2%2Fcategories&post=76989"},{"taxonomy":"post_tag","embeddable":true,"href":"http:\/\/www.reconoce.mx\/index.php?rest_route=%2Fwp%2Fv2%2Ftags&post=76989"}],"curies":[{"name":"wp","href":"https:\/\/api.w.org\/{rel}","templated":true}]}}