{"id":77028,"date":"2018-10-08T00:02:30","date_gmt":"2018-10-08T05:02:30","guid":{"rendered":"http:\/\/www.reconoce.mx\/?p=77028"},"modified":"2018-10-07T23:34:31","modified_gmt":"2018-10-08T04:34:31","slug":"5rolasparalasemana-del-08-al-14-de-octubre-de-2018","status":"publish","type":"post","link":"http:\/\/www.reconoce.mx\/?p=77028","title":{"rendered":"#5RolasParaLaSemana del 08 al 14 de octubre de 2018"},"content":{"rendered":"<p><strong>Por <a title=\"@AsfaltosTweets\" href=\"http:\/\/twitter.com\/AsfaltosTweets\" target=\"_blank\" rel=\"noopener noreferrer\">Asfaltos<\/a><\/strong>.<\/p>\n<p>Lunes, lunes de las <a href=\"http:\/\/www.reconoce.mx\/category\/cultura\/musica\/5rolasparalasemana\/\" target=\"_blank\" rel=\"noopener noreferrer\">#5RolasParaLaSemana<\/a>. Ya lo saben, las <a href=\"http:\/\/www.reconoce.mx\/category\/cultura\/musica\/5rolasparalasemana\/\" target=\"_blank\" rel=\"noopener noreferrer\">#5RolasParaLaSemana<\/a> son este breve y conciso <em>tracklist<\/em> en el que me permito compartir con ustedes las novedades musicales de la escena nacional que semanalmente se dan a conocer. S\u00ed, como ya lo he advertido tambi\u00e9n, se encontrar\u00e1n con alguna que otra canci\u00f3n de fuera de nuestras fronteras; eso s\u00ed, de todas las rolas elegidas les aseguro que se encontrar\u00e1n con alguna que se insertar\u00e1 en su imaginario sonoro. Sin m\u00e1s, \u00a1qu\u00e9 vengan las <a href=\"http:\/\/www.reconoce.mx\/category\/cultura\/musica\/5rolasparalasemana\/\" target=\"_blank\" rel=\"noopener noreferrer\">#5RolasParaLaSemana<\/a> de la segunda semana de octubre de 2018!<\/p>\n<p><iframe title=\"Spotify Embed: #5RolasParaLaSemana del 08 al 14 de octubre de 2018\" style=\"border-radius: 12px\" width=\"100%\" height=\"352\" frameborder=\"0\" allowfullscreen allow=\"autoplay; clipboard-write; encrypted-media; fullscreen; picture-in-picture\" loading=\"lazy\" src=\"https:\/\/open.spotify.com\/embed\/playlist\/72LGDQcViQiabmLTK69QKK?utm_source=oembed\"><\/iframe><\/p>\n<h2><strong>\u00abNunca fue\u00bb, de Arroba Net<\/strong><\/h2>\n<p><strong>Arroba Nat<\/strong> es una joven m\u00fasica independiente de la ciudad de Zacatecas. En cuanto la escuch\u00e9 supe que quer\u00eda incluirla en este listado semanal. Con un buen ritmo, con una dulce voz, una melod\u00eda que atrapa y una letra que nos involucra, <strong>Arroba Nat<\/strong> estren\u00f3 recientemente su deliciosa \u00abNunca fue\u00bb. La canci\u00f3n, desde el inicio, se siente triste, melanc\u00f3lica, nost\u00e1lgica&#8230; y es que c\u00f3mo no, si la canci\u00f3n se basa en un poema que su abuela escribi\u00f3 a su esposo ya fallecido. \u00abNunca fue\u00bb, tema producido por cierto por <strong>Juli\u00e1n Navejas<\/strong> -quien anda muy activo trabajando con nuevos m\u00fasicos-, es el primer paso que da la cantautora rumbo al que ser\u00e1 su primer material que llevar\u00e1 por nombre \u00abPara echar la lloradita\u00bb; s\u00ed, t\u00edtulo que ajusta perfectamente para lo que la joven m\u00fasica nos plasma ya con su primer sencillo. La verdad es que la canci\u00f3n atrapa, desde el principio y hasta el final, todav\u00eda m\u00e1s con ese efecto sonoro de las olas siempre tranquilizadoras del mar hacia el final, ah, el mar&#8230; Ocho temas ser\u00e1n los que integren un primer \u00e1lbum que por ac\u00e1 ya nos saboreamos. Habr\u00e1 que estar atentos.<\/p>\n<h2><strong>\u00abTodo est\u00e1 bien\u00bb, de La Tripulaci\u00f3n del Capit\u00e1n Milou<br \/>\n<\/strong><\/h2>\n<p>Desde el Estado de M\u00e9xico nos llega la m\u00fasica de <strong>La Tripulaci\u00f3n del Capit\u00e1n Milou<\/strong>,- que se pronuncia \u00abmil\u00fa\u00bb- proyecto sonoro que en su m\u00e1s reciente sencillo nos regala un sonido alegre con un buen cuidado en su melod\u00eda y alegr\u00eda en su letra. Desde su fundaci\u00f3n en 2015, Oswaldo, Brian, Christopher, Dan se han mantenido activos en la escena musical. Tras sus anteriores materiales, con temas como \u00abInvencibles\u00bb, \u00abEl horizonte\u00bb y \u00abMi lugar\u00bb -\u00e9ste \u00faltimo en compa\u00f1\u00eda de Adi\u00f3s Par\u00eds\u00bb, la agrupaci\u00f3n calienta motores para el que ser\u00e1 su nuevo material. \u00abTodo est\u00e1 bien\u00bb es el t\u00edtulo de esta alegre track que nos regala la dosis necesaria de alegr\u00eda y de color para empezar la semana. S\u00ed, desde el t\u00edtulo la canci\u00f3n nos invita precisamente a que nos animemos, y con la melod\u00eda no hace mas que invitarnos a que as\u00ed sea en efecto&#8230; \u00abVuelve a empezar, es normal titubear, encontrar\u00e9 un lugar muy cerca del mar, para ti&#8230; Con la frente en alto nunca dejes de cantar, que el ma\u00f1ana siempre puede mejorar&#8230;\u00bb La verdad es que la canci\u00f3n divierte y anima a uno inclusive a pararse a bailar, o de menos a mover la patita donde uno se encuentre&#8230; \u00bfQu\u00e9 les pareci\u00f3? \u00bfLes gust\u00f3?<\/p>\n<h2><strong>\u00abLas simples cosas\u00bb, de Carmen Ruiz<br \/>\n<\/strong><\/h2>\n<p>Sin querer bajonearlos, cambiamos de mood para entrarle ahora a una canci\u00f3n un tanto m\u00e1s reflexiva, m\u00e1s profunda&#8230; Se trata del nuevo sencillo de la cantautora <strong>Carmen Ruiz<\/strong>, quien no hace mucho cautiv\u00f3 nuestra atenci\u00f3n con su canci\u00f3n \u00abArrullo\u00bb. \u00abLas simples cosas\u00bb, con letra de Armando Tejeda G\u00f3mez y m\u00fasica de Cesar Isella, es una canci\u00f3n argentina que populariz\u00f3 la grand\u00edsima Mercedes Sosa, y que en M\u00e9xico escuchamos tambi\u00e9n gracias a la interpretaci\u00f3n de la mism\u00edsima Chavela Vargas. Pues bien, como homenaje a las grandes voces femeninas del folclor latinoamericano, <strong>Carmen Ruiz<\/strong> nos regala una interpretaci\u00f3n que con su voz se destaca con enorme fuerza. Por si fuera poco, en los coros de la canci\u00f3n se escucha a Denise Guti\u00e9rrez, vocalista de Hello Seahorse!. De acuerdo al comunicado de prensa que acompa\u00f1a a este lanzamiento, a la propia Carmen le vino la inspiraci\u00f3n para realizar esta versi\u00f3n \u00abcuando estando en el rancho de su abuelo le vino a la mente la letra y evidentemente le hizo a\u00fan m\u00e1s sentido.\u00bb Una canci\u00f3n poderosa con una interpretaci\u00f3n a la altura es lo que se nos regala en esta versi\u00f3n hermosa de \u00abLas simples cosas\u00bb cortes\u00eda de <strong>Carmen Ruiz<\/strong>. \u00bfPor qu\u00e9 no incluirla en mi <a href=\"http:\/\/www.reconoce.mx\/category\/cultura\/musica\/viernes-versionado\/\" target=\"_blank\" rel=\"noopener\">Viernes versionado<\/a> dedicado siempre a los covers? Porque el trabajo de Carmen es tan precioso que bien vale la pena incluirlo en este listado de recomendaciones musicales. Atentos habr\u00e1 que estar entonces al lanzamiento del pr\u00f3ximo material de Carmen, \u00abBlanquinegro\u00bb, \u00e1lbum que desde ya aseguramos nos tendr\u00e1 hablando mucho muy pronto.<\/p>\n<h2><strong>\u00abBandera\u00bb, de Porter<\/strong><\/h2>\n<p>En cuanto escuch\u00e9 lo nuevo de David, Bacter, Medusa y Villor, quienes juntos conforman <strong>Porter<\/strong>, he de decir que me llam\u00f3 tremendamente la atenci\u00f3n. Me llam\u00f3 la atenci\u00f3n porque era una canci\u00f3n totalmente diferente al <strong>Porter<\/strong> que conoc\u00edamos; y me explico. Todav\u00eda en el \u00ab<a href=\"http:\/\/www.reconoce.mx\/moctezuma-porter\/\" target=\"_blank\" rel=\"noopener\">Moctezuma<\/a>\u00ab, el que sigo pensando es el mejor \u00e1lbum de <strong>Porter<\/strong> hasta la fecha, segu\u00edamos una serie de ideas sonoras que se hab\u00edan plasmado en sus dos primeros \u00e1lbumes, cuando en la vocales les acompa\u00f1aba <strong>Juan Son<\/strong>. De hecho, hablando de <strong>Juan Son<\/strong>, <a href=\"http:\/\/www.reconoce.mx\/5rolasparalasemana-del-17-al-23-de-septiembre-de-2018\/\" target=\"_blank\" rel=\"noopener\">el m\u00e1s reciente sencillo del ex integrante de <strong>Porter<\/strong><\/a> nos da se\u00f1ales de ese camino que el tapat\u00edo cort\u00f3 cuando dej\u00f3 a sus compa\u00f1eros. Pues bien, con \u00abBandera\u00bb, escuchamos un <strong>Porter<\/strong> distinto, ya en absoluta desconexi\u00f3n con su pasado, y por lo mismo con una intenci\u00f3n de arriesgarse e innovar en lo que se les viene. S\u00ed, \u00abBandera\u00bb me agarr\u00f3 un tanto sorprendido, pero en cuanto la diger\u00ed y la entend\u00ed en el contexto de lo anteriormente destacado, me gust\u00f3. Pocas veces un grupo, y sobre todo en M\u00e9xico, le da la vuelta a un sonido que recientemente les ha dado \u00e9xito; y no porque \u00abBandera\u00bb no suene bien, sino porque de verdad suena a otro grupo, inclusive por la forma en la que ahora David interpreta el tema. \u00abBandera\u00bb es el primer sencillo de lo que sabemos ya se llamar\u00e1 \u00abLas batallas del tiempo\u00bb, el pr\u00f3ximo material de la banda; mismo que se dividir\u00e1 en 2 y del que nos dar\u00e1n a conocer la primera mitad de aqu\u00ed al concierto del 28 de noviembre en el <strong>Teatro Metrop\u00f3litan<\/strong>. La verdad es que esta sorpresa de <strong>Porter<\/strong> pone de buenas y anima a seguirles una vez m\u00e1s el paso en lo que proyectan. S\u00ed, hay que estar en el <strong>Metrop\u00f3litan<\/strong>, ya que se asegura ser\u00e1 un concierto imperdible.<\/p>\n<h2><strong>\u00abHasta que el tiempo no nos separe\u00bb, de Celest<\/strong><\/h2>\n<p>Y para cerrar, otra agradable sorpresa. Jer\u00f3nimo Quintana, Florencia Quinteros, Jer\u00f3nimo Hill y Roderic Picard son <strong>Celest<\/strong>, grupo que apenas el a\u00f1o pasado dio mucho de qu\u00e9 hablar gracias a su tema \u00abFantasmas\u00bb, mismo que fue incluido en el soundtrack de la pel\u00edcula \u00abCamino a Marte\u00bb y que les mereci\u00f3 una Diosa de Plata a \u00abMejor canci\u00f3n original\u00bb. Pues bien, <strong>Celest<\/strong> est\u00e1n de regreso con un tema muy emotivo titulado \u00abHasta que el tiempo no nos separe\u00bb. Con el perd\u00f3n como tema central, el tema de <strong>Celest<\/strong> combina un ritmo pulsante con una voz mel\u00f3dica consiguiendo as\u00ed una canci\u00f3n que logra el mensaje, y sobre todo el apapacharnos musicalmente. \u00abHasta que el tiempo no nos separe\u00bb formar\u00e1 parte del EP \u00abCielos desconocidos\u00bb que la agrupaci\u00f3n ya prepara y estrenar\u00e1 bajo el sello de <strong>Panoram<\/strong>. La canci\u00f3n me agrad\u00f3 much\u00edsimo por esa dualidad ya descrita, y sobre todo porque creo cierra de gran manera este listado para empezar la semana con harta energ\u00eda. \u00bfNo lo creen?<\/p>\n<p>No olviden que todos los listados de <a href=\"http:\/\/www.reconoce.mx\/category\/cultura\/musica\/5rolasparalasemana\/\" target=\"_blank\" rel=\"noopener noreferrer\">#5RolasParaLaSemana<\/a>, podr\u00e1n revisarlos, a\u00f1adirlos y reproducirlos tambi\u00e9n en sus cuentas de <strong>Spotify<\/strong>. \u00bfQuieren un anuario de la m\u00fasica nacional de este a\u00f1o? <a href=\"https:\/\/open.spotify.com\/user\/reconocemx\" target=\"_blank\" rel=\"noopener\">Vayan revisando nuestro perfil en <strong>Spotify<\/strong><\/a>.<\/p>\n<p style=\"text-align: right;\">Foto: <strong>Ale Hern\u00e1ndez<\/strong>.<\/p>\n<p>&nbsp;<\/p>\n<p>&nbsp;<\/p>\n","protected":false},"excerpt":{"rendered":"<p>Lunes, lunes de las #5RolasParaLaSemana. Ya lo saben, las #5RolasParaLaSemana son este breve y conciso tracklist en el que me permito compartir con ustedes las novedades musicales de la escena nacional que semanalmente se dan a conocer.<\/p>\n","protected":false},"author":2,"featured_media":69202,"comment_status":"open","ping_status":"open","sticky":false,"template":"","format":"standard","meta":{"footnotes":""},"categories":[2652,1,18,17],"tags":[],"class_list":["post-77028","post","type-post","status-publish","format-standard","has-post-thumbnail","hentry","category-5rolasparalasemana","category-cultura","category-musica","category-principal"],"yoast_head":"<!-- This site is optimized with the Yoast SEO plugin v24.7 - https:\/\/yoast.com\/wordpress\/plugins\/seo\/ -->\n<title>#5RolasParaLaSemana del 08 al 14 de octubre de 2018 &#171; Reconoce MX<\/title>\n<meta name=\"robots\" content=\"index, follow, max-snippet:-1, max-image-preview:large, max-video-preview:-1\" \/>\n<link rel=\"canonical\" href=\"https:\/\/www.reconoce.mx\/?p=77028\" \/>\n<meta property=\"og:locale\" content=\"es_ES\" \/>\n<meta property=\"og:type\" content=\"article\" \/>\n<meta property=\"og:title\" content=\"#5RolasParaLaSemana del 08 al 14 de octubre de 2018 &#171; Reconoce MX\" \/>\n<meta property=\"og:description\" content=\"Lunes, lunes de las #5RolasParaLaSemana. Ya lo saben, las #5RolasParaLaSemana son este breve y conciso tracklist en el que me permito compartir con ustedes las novedades musicales de la escena nacional que semanalmente se dan a conocer.\" \/>\n<meta property=\"og:url\" content=\"https:\/\/www.reconoce.mx\/?p=77028\" \/>\n<meta property=\"og:site_name\" content=\"Reconoce MX\" \/>\n<meta property=\"article:publisher\" content=\"https:\/\/es-la.facebook.com\/ReconoceMX\/\" \/>\n<meta property=\"article:published_time\" content=\"2018-10-08T05:02:30+00:00\" \/>\n<meta property=\"og:image\" content=\"https:\/\/www.reconoce.mx\/wp-content\/uploads\/2017\/12\/5rolasparalasemana-2018.png\" \/>\n\t<meta property=\"og:image:width\" content=\"588\" \/>\n\t<meta property=\"og:image:height\" content=\"380\" \/>\n\t<meta property=\"og:image:type\" content=\"image\/png\" \/>\n<meta name=\"author\" content=\"Reconoce MX\" \/>\n<meta name=\"twitter:card\" content=\"summary_large_image\" \/>\n<meta name=\"twitter:creator\" content=\"@reconocemx\" \/>\n<meta name=\"twitter:site\" content=\"@reconocemx\" \/>\n<meta name=\"twitter:label1\" content=\"Escrito por\" \/>\n\t<meta name=\"twitter:data1\" content=\"Reconoce MX\" \/>\n\t<meta name=\"twitter:label2\" content=\"Tiempo de lectura\" \/>\n\t<meta name=\"twitter:data2\" content=\"7 minutos\" \/>\n<script type=\"application\/ld+json\" class=\"yoast-schema-graph\">{\"@context\":\"https:\/\/schema.org\",\"@graph\":[{\"@type\":\"Article\",\"@id\":\"https:\/\/www.reconoce.mx\/?p=77028#article\",\"isPartOf\":{\"@id\":\"https:\/\/www.reconoce.mx\/?p=77028\"},\"author\":{\"name\":\"Reconoce MX\",\"@id\":\"http:\/\/www.reconoce.mx\/#\/schema\/person\/2117e997d7051dc15d6880eaf9bca0b2\"},\"headline\":\"#5RolasParaLaSemana del 08 al 14 de octubre de 2018\",\"datePublished\":\"2018-10-08T05:02:30+00:00\",\"mainEntityOfPage\":{\"@id\":\"https:\/\/www.reconoce.mx\/?p=77028\"},\"wordCount\":1408,\"commentCount\":0,\"publisher\":{\"@id\":\"http:\/\/www.reconoce.mx\/#organization\"},\"image\":{\"@id\":\"https:\/\/www.reconoce.mx\/?p=77028#primaryimage\"},\"thumbnailUrl\":\"http:\/\/www.reconoce.mx\/wp-content\/uploads\/2017\/12\/5rolasparalasemana-2018.png\",\"articleSection\":[\"#5RolasParaLaSemana\",\"Cultura\",\"M\u00fasica\",\"Principal\"],\"inLanguage\":\"es\",\"potentialAction\":[{\"@type\":\"CommentAction\",\"name\":\"Comment\",\"target\":[\"https:\/\/www.reconoce.mx\/?p=77028#respond\"]}]},{\"@type\":\"WebPage\",\"@id\":\"https:\/\/www.reconoce.mx\/?p=77028\",\"url\":\"https:\/\/www.reconoce.mx\/?p=77028\",\"name\":\"#5RolasParaLaSemana del 08 al 14 de octubre de 2018 &#171; Reconoce MX\",\"isPartOf\":{\"@id\":\"http:\/\/www.reconoce.mx\/#website\"},\"primaryImageOfPage\":{\"@id\":\"https:\/\/www.reconoce.mx\/?p=77028#primaryimage\"},\"image\":{\"@id\":\"https:\/\/www.reconoce.mx\/?p=77028#primaryimage\"},\"thumbnailUrl\":\"http:\/\/www.reconoce.mx\/wp-content\/uploads\/2017\/12\/5rolasparalasemana-2018.png\",\"datePublished\":\"2018-10-08T05:02:30+00:00\",\"breadcrumb\":{\"@id\":\"https:\/\/www.reconoce.mx\/?p=77028#breadcrumb\"},\"inLanguage\":\"es\",\"potentialAction\":[{\"@type\":\"ReadAction\",\"target\":[\"https:\/\/www.reconoce.mx\/?p=77028\"]}]},{\"@type\":\"ImageObject\",\"inLanguage\":\"es\",\"@id\":\"https:\/\/www.reconoce.mx\/?p=77028#primaryimage\",\"url\":\"http:\/\/www.reconoce.mx\/wp-content\/uploads\/2017\/12\/5rolasparalasemana-2018.png\",\"contentUrl\":\"http:\/\/www.reconoce.mx\/wp-content\/uploads\/2017\/12\/5rolasparalasemana-2018.png\",\"width\":588,\"height\":380},{\"@type\":\"BreadcrumbList\",\"@id\":\"https:\/\/www.reconoce.mx\/?p=77028#breadcrumb\",\"itemListElement\":[{\"@type\":\"ListItem\",\"position\":1,\"name\":\"Portada\",\"item\":\"http:\/\/www.reconoce.mx\/\"},{\"@type\":\"ListItem\",\"position\":2,\"name\":\"#5RolasParaLaSemana del 08 al 14 de octubre de 2018\"}]},{\"@type\":\"WebSite\",\"@id\":\"http:\/\/www.reconoce.mx\/#website\",\"url\":\"http:\/\/www.reconoce.mx\/\",\"name\":\"Reconoce MX\",\"description\":\"En Reconoce MX difundimos arte, cultura y conciencia social en M\u00e9xico. Tu ciudad en otra perspectiva.\",\"publisher\":{\"@id\":\"http:\/\/www.reconoce.mx\/#organization\"},\"potentialAction\":[{\"@type\":\"SearchAction\",\"target\":{\"@type\":\"EntryPoint\",\"urlTemplate\":\"http:\/\/www.reconoce.mx\/?s={search_term_string}\"},\"query-input\":{\"@type\":\"PropertyValueSpecification\",\"valueRequired\":true,\"valueName\":\"search_term_string\"}}],\"inLanguage\":\"es\"},{\"@type\":\"Organization\",\"@id\":\"http:\/\/www.reconoce.mx\/#organization\",\"name\":\"Reconoce MX\",\"url\":\"http:\/\/www.reconoce.mx\/\",\"logo\":{\"@type\":\"ImageObject\",\"inLanguage\":\"es\",\"@id\":\"http:\/\/www.reconoce.mx\/#\/schema\/logo\/image\/\",\"url\":\"https:\/\/www.reconoce.mx\/wp-content\/uploads\/2019\/03\/logorcmx-good-1.png\",\"contentUrl\":\"https:\/\/www.reconoce.mx\/wp-content\/uploads\/2019\/03\/logorcmx-good-1.png\",\"width\":280,\"height\":90,\"caption\":\"Reconoce MX\"},\"image\":{\"@id\":\"http:\/\/www.reconoce.mx\/#\/schema\/logo\/image\/\"},\"sameAs\":[\"https:\/\/es-la.facebook.com\/ReconoceMX\/\",\"https:\/\/x.com\/reconocemx\",\"http:\/\/@reconocemx\"]},{\"@type\":\"Person\",\"@id\":\"http:\/\/www.reconoce.mx\/#\/schema\/person\/2117e997d7051dc15d6880eaf9bca0b2\",\"name\":\"Reconoce MX\",\"image\":{\"@type\":\"ImageObject\",\"inLanguage\":\"es\",\"@id\":\"http:\/\/www.reconoce.mx\/#\/schema\/person\/image\/\",\"url\":\"https:\/\/secure.gravatar.com\/avatar\/6c8d4dc7569ca1c90c5fdcc349f839d5ddef6fe1e70b4337ead2ef1a4c43fc3a?s=96&d=identicon&r=g\",\"contentUrl\":\"https:\/\/secure.gravatar.com\/avatar\/6c8d4dc7569ca1c90c5fdcc349f839d5ddef6fe1e70b4337ead2ef1a4c43fc3a?s=96&d=identicon&r=g\",\"caption\":\"Reconoce MX\"},\"description\":\"Reconoce MX es un proyecto de difusi\u00f3n art\u00edstica, cultural y de conciencia social que est\u00e1 enfocado a difundir y fomentar el entretenimiento alternativo de calidad para todo el p\u00fablico que comparta el mismo entusiasmo.\",\"sameAs\":[\"http:\/\/www.reconoce.mx\"],\"url\":\"http:\/\/www.reconoce.mx\/?author=2\"}]}<\/script>\n<!-- \/ Yoast SEO plugin. -->","yoast_head_json":{"title":"#5RolasParaLaSemana del 08 al 14 de octubre de 2018 &#171; Reconoce MX","robots":{"index":"index","follow":"follow","max-snippet":"max-snippet:-1","max-image-preview":"max-image-preview:large","max-video-preview":"max-video-preview:-1"},"canonical":"https:\/\/www.reconoce.mx\/?p=77028","og_locale":"es_ES","og_type":"article","og_title":"#5RolasParaLaSemana del 08 al 14 de octubre de 2018 &#171; Reconoce MX","og_description":"Lunes, lunes de las #5RolasParaLaSemana. Ya lo saben, las #5RolasParaLaSemana son este breve y conciso tracklist en el que me permito compartir con ustedes las novedades musicales de la escena nacional que semanalmente se dan a conocer.","og_url":"https:\/\/www.reconoce.mx\/?p=77028","og_site_name":"Reconoce MX","article_publisher":"https:\/\/es-la.facebook.com\/ReconoceMX\/","article_published_time":"2018-10-08T05:02:30+00:00","og_image":[{"width":588,"height":380,"url":"https:\/\/www.reconoce.mx\/wp-content\/uploads\/2017\/12\/5rolasparalasemana-2018.png","type":"image\/png"}],"author":"Reconoce MX","twitter_card":"summary_large_image","twitter_creator":"@reconocemx","twitter_site":"@reconocemx","twitter_misc":{"Escrito por":"Reconoce MX","Tiempo de lectura":"7 minutos"},"schema":{"@context":"https:\/\/schema.org","@graph":[{"@type":"Article","@id":"https:\/\/www.reconoce.mx\/?p=77028#article","isPartOf":{"@id":"https:\/\/www.reconoce.mx\/?p=77028"},"author":{"name":"Reconoce MX","@id":"http:\/\/www.reconoce.mx\/#\/schema\/person\/2117e997d7051dc15d6880eaf9bca0b2"},"headline":"#5RolasParaLaSemana del 08 al 14 de octubre de 2018","datePublished":"2018-10-08T05:02:30+00:00","mainEntityOfPage":{"@id":"https:\/\/www.reconoce.mx\/?p=77028"},"wordCount":1408,"commentCount":0,"publisher":{"@id":"http:\/\/www.reconoce.mx\/#organization"},"image":{"@id":"https:\/\/www.reconoce.mx\/?p=77028#primaryimage"},"thumbnailUrl":"http:\/\/www.reconoce.mx\/wp-content\/uploads\/2017\/12\/5rolasparalasemana-2018.png","articleSection":["#5RolasParaLaSemana","Cultura","M\u00fasica","Principal"],"inLanguage":"es","potentialAction":[{"@type":"CommentAction","name":"Comment","target":["https:\/\/www.reconoce.mx\/?p=77028#respond"]}]},{"@type":"WebPage","@id":"https:\/\/www.reconoce.mx\/?p=77028","url":"https:\/\/www.reconoce.mx\/?p=77028","name":"#5RolasParaLaSemana del 08 al 14 de octubre de 2018 &#171; Reconoce MX","isPartOf":{"@id":"http:\/\/www.reconoce.mx\/#website"},"primaryImageOfPage":{"@id":"https:\/\/www.reconoce.mx\/?p=77028#primaryimage"},"image":{"@id":"https:\/\/www.reconoce.mx\/?p=77028#primaryimage"},"thumbnailUrl":"http:\/\/www.reconoce.mx\/wp-content\/uploads\/2017\/12\/5rolasparalasemana-2018.png","datePublished":"2018-10-08T05:02:30+00:00","breadcrumb":{"@id":"https:\/\/www.reconoce.mx\/?p=77028#breadcrumb"},"inLanguage":"es","potentialAction":[{"@type":"ReadAction","target":["https:\/\/www.reconoce.mx\/?p=77028"]}]},{"@type":"ImageObject","inLanguage":"es","@id":"https:\/\/www.reconoce.mx\/?p=77028#primaryimage","url":"http:\/\/www.reconoce.mx\/wp-content\/uploads\/2017\/12\/5rolasparalasemana-2018.png","contentUrl":"http:\/\/www.reconoce.mx\/wp-content\/uploads\/2017\/12\/5rolasparalasemana-2018.png","width":588,"height":380},{"@type":"BreadcrumbList","@id":"https:\/\/www.reconoce.mx\/?p=77028#breadcrumb","itemListElement":[{"@type":"ListItem","position":1,"name":"Portada","item":"http:\/\/www.reconoce.mx\/"},{"@type":"ListItem","position":2,"name":"#5RolasParaLaSemana del 08 al 14 de octubre de 2018"}]},{"@type":"WebSite","@id":"http:\/\/www.reconoce.mx\/#website","url":"http:\/\/www.reconoce.mx\/","name":"Reconoce MX","description":"En Reconoce MX difundimos arte, cultura y conciencia social en M\u00e9xico. Tu ciudad en otra perspectiva.","publisher":{"@id":"http:\/\/www.reconoce.mx\/#organization"},"potentialAction":[{"@type":"SearchAction","target":{"@type":"EntryPoint","urlTemplate":"http:\/\/www.reconoce.mx\/?s={search_term_string}"},"query-input":{"@type":"PropertyValueSpecification","valueRequired":true,"valueName":"search_term_string"}}],"inLanguage":"es"},{"@type":"Organization","@id":"http:\/\/www.reconoce.mx\/#organization","name":"Reconoce MX","url":"http:\/\/www.reconoce.mx\/","logo":{"@type":"ImageObject","inLanguage":"es","@id":"http:\/\/www.reconoce.mx\/#\/schema\/logo\/image\/","url":"https:\/\/www.reconoce.mx\/wp-content\/uploads\/2019\/03\/logorcmx-good-1.png","contentUrl":"https:\/\/www.reconoce.mx\/wp-content\/uploads\/2019\/03\/logorcmx-good-1.png","width":280,"height":90,"caption":"Reconoce MX"},"image":{"@id":"http:\/\/www.reconoce.mx\/#\/schema\/logo\/image\/"},"sameAs":["https:\/\/es-la.facebook.com\/ReconoceMX\/","https:\/\/x.com\/reconocemx","http:\/\/@reconocemx"]},{"@type":"Person","@id":"http:\/\/www.reconoce.mx\/#\/schema\/person\/2117e997d7051dc15d6880eaf9bca0b2","name":"Reconoce MX","image":{"@type":"ImageObject","inLanguage":"es","@id":"http:\/\/www.reconoce.mx\/#\/schema\/person\/image\/","url":"https:\/\/secure.gravatar.com\/avatar\/6c8d4dc7569ca1c90c5fdcc349f839d5ddef6fe1e70b4337ead2ef1a4c43fc3a?s=96&d=identicon&r=g","contentUrl":"https:\/\/secure.gravatar.com\/avatar\/6c8d4dc7569ca1c90c5fdcc349f839d5ddef6fe1e70b4337ead2ef1a4c43fc3a?s=96&d=identicon&r=g","caption":"Reconoce MX"},"description":"Reconoce MX es un proyecto de difusi\u00f3n art\u00edstica, cultural y de conciencia social que est\u00e1 enfocado a difundir y fomentar el entretenimiento alternativo de calidad para todo el p\u00fablico que comparta el mismo entusiasmo.","sameAs":["http:\/\/www.reconoce.mx"],"url":"http:\/\/www.reconoce.mx\/?author=2"}]}},"_links":{"self":[{"href":"http:\/\/www.reconoce.mx\/index.php?rest_route=\/wp\/v2\/posts\/77028","targetHints":{"allow":["GET"]}}],"collection":[{"href":"http:\/\/www.reconoce.mx\/index.php?rest_route=\/wp\/v2\/posts"}],"about":[{"href":"http:\/\/www.reconoce.mx\/index.php?rest_route=\/wp\/v2\/types\/post"}],"author":[{"embeddable":true,"href":"http:\/\/www.reconoce.mx\/index.php?rest_route=\/wp\/v2\/users\/2"}],"replies":[{"embeddable":true,"href":"http:\/\/www.reconoce.mx\/index.php?rest_route=%2Fwp%2Fv2%2Fcomments&post=77028"}],"version-history":[{"count":5,"href":"http:\/\/www.reconoce.mx\/index.php?rest_route=\/wp\/v2\/posts\/77028\/revisions"}],"predecessor-version":[{"id":77073,"href":"http:\/\/www.reconoce.mx\/index.php?rest_route=\/wp\/v2\/posts\/77028\/revisions\/77073"}],"wp:featuredmedia":[{"embeddable":true,"href":"http:\/\/www.reconoce.mx\/index.php?rest_route=\/wp\/v2\/media\/69202"}],"wp:attachment":[{"href":"http:\/\/www.reconoce.mx\/index.php?rest_route=%2Fwp%2Fv2%2Fmedia&parent=77028"}],"wp:term":[{"taxonomy":"category","embeddable":true,"href":"http:\/\/www.reconoce.mx\/index.php?rest_route=%2Fwp%2Fv2%2Fcategories&post=77028"},{"taxonomy":"post_tag","embeddable":true,"href":"http:\/\/www.reconoce.mx\/index.php?rest_route=%2Fwp%2Fv2%2Ftags&post=77028"}],"curies":[{"name":"wp","href":"https:\/\/api.w.org\/{rel}","templated":true}]}}