{"id":77052,"date":"2018-10-08T00:05:06","date_gmt":"2018-10-08T05:05:06","guid":{"rendered":"http:\/\/www.reconoce.mx\/?p=77052"},"modified":"2018-10-07T23:38:34","modified_gmt":"2018-10-08T04:38:34","slug":"conoce-todos-los-detalles-del-ficm-en-su-16a-edicion","status":"publish","type":"post","link":"http:\/\/www.reconoce.mx\/?p=77052","title":{"rendered":"Conoce todos los detalles del FICM en su 16\u00aa edici\u00f3n"},"content":{"rendered":"<p><strong> Por <a title=\"@AsfaltosTweets\" href=\"http:\/\/twitter.com\/AsfaltosTweets\" target=\"_blank\" rel=\"noopener noreferrer\" data-slimstat-type=\"0\" data-slimstat-callback=\"false\" data-slimstat-tracking=\"true\">Asfaltos<\/a><\/strong>.<\/p>\n<p>El <strong>Festival Internacional de Cine de Morelia<\/strong> (FICM) dio a conocer todos los detalles de su 16\u00aa edici\u00f3n, la cual se llevar\u00e1 a cabo del 20 al 28 de octubre de 2018.<\/p>\n<p><a href=\"http:\/\/www.reconoce.mx\/wp-content\/uploads\/2018\/07\/unnamed7-3.jpg\"><img loading=\"lazy\" decoding=\"async\" class=\"aligncenter size-full wp-image-74888\" src=\"http:\/\/www.reconoce.mx\/wp-content\/uploads\/2018\/07\/unnamed7-3.jpg\" alt=\"\" width=\"1000\" height=\"1432\" srcset=\"http:\/\/www.reconoce.mx\/wp-content\/uploads\/2018\/07\/unnamed7-3.jpg 1000w, http:\/\/www.reconoce.mx\/wp-content\/uploads\/2018\/07\/unnamed7-3-209x300.jpg 209w, http:\/\/www.reconoce.mx\/wp-content\/uploads\/2018\/07\/unnamed7-3-768x1100.jpg 768w, http:\/\/www.reconoce.mx\/wp-content\/uploads\/2018\/07\/unnamed7-3-715x1024.jpg 715w, http:\/\/www.reconoce.mx\/wp-content\/uploads\/2018\/07\/unnamed7-3-150x215.jpg 150w, http:\/\/www.reconoce.mx\/wp-content\/uploads\/2018\/07\/unnamed7-3-700x1002.jpg 700w, http:\/\/www.reconoce.mx\/wp-content\/uploads\/2018\/07\/unnamed7-3-658x942.jpg 658w, http:\/\/www.reconoce.mx\/wp-content\/uploads\/2018\/07\/unnamed7-3-300x430.jpg 300w\" sizes=\"auto, (max-width: 1000px) 100vw, 1000px\" \/><\/a><\/p>\n<p>Parte central del <strong>FICM<\/strong> son las secciones en competencia: \u00abSecci\u00f3n Michoacana\u00bb, \u00abCortometraje Mexicano\u00bb, \u00abDocumental Mexicano\u00bb y \u00abLargometraje Mexicano\u00bb. Para la edici\u00f3n 16 participar\u00e1n 59 cortometrajes, 11 documentales, 12 obras michoacanas y 11 largometrajes de distintos sitios de la rep\u00fablica mexicana. M\u00e1s de 100 realizadores mexicanos presentar\u00e1n su trabajo.<\/p>\n<p>Este a\u00f1o la \u00abSecci\u00f3n de Largometrajes Mexicanos\u00bb est\u00e1 conformada por: \u00abAntes del olvido\u00bb, de<strong> Iria G\u00f3mez Concheiro<\/strong>; \u00abAsfixia\u00bb, de <strong>Kenya M\u00e1rquez<\/strong>; \u00abBayoneta\u00bb, de <strong>Kyzza Terrazas<\/strong>; \u00abLa camarista\u00bb, de <strong>Lila Avil\u00e9s<\/strong>; \u00abLa ca\u00f3tica vida de nada Kadic\u00bb, de <strong>Marta Hernaiz<\/strong>; \u00abLeona\u00bb, de <strong>Isaac Cherem<\/strong>; \u00abLuci\u00e9rnagas\u00bb, de <strong>Bani Khoshnoudi<\/strong>; \u00abMuseo\u00bb, de <strong>Alonso Ruizpalacios<\/strong>; \u00abLas ni\u00f1as bien\u00bb, de <strong>Alejandra M\u00e1rquez<\/strong>; \u00abOlimpia\u00bb, de <strong>Jos\u00e9 Manuel Cravioto<\/strong>; y \u00abEl ombligo de Guie\u2019dani\u00bb, de <strong>Xavi Sala<\/strong>.<\/p>\n<p>La \u00abSelecci\u00f3n de Cortometraje Mexicano en L\u00ednea\u00bb se presentar\u00e1 con m\u00e1s de 20 cortometrajes de la <strong>Selecci\u00f3n Oficial<\/strong>. Los t\u00edtulos se presentar\u00e1n en l\u00ednea y gratis a partir del 20 de octubre; el cortometraje con m\u00e1s votos en l\u00ednea se llevar\u00e1 el <strong>Premio a Cortometraje Mexicano en L\u00ednea<\/strong>. Los ganadores en las categor\u00edas de cortometraje de ficci\u00f3n, documental y animaci\u00f3n, as\u00ed como en largometraje documental, ser\u00e1n considerados como elegibles para la nominaci\u00f3n al <strong>Oscar\u00ae<\/strong>.<\/p>\n<p>Entre las pel\u00edculas nacionales e internacionales, mismas que integran m\u00e1s de 40 estrenos de lo mejor de la cinematograf\u00eda, destacan los estrenos mexicanos de \u00abPerfectos desconocidos\u00bb, de<strong> Manolo Caro<\/strong>; \u00abSonora\u00bb, de <strong>Alejandro Springall<\/strong>; \u00abRencor tatuado\u00bb, de <strong>Juli\u00e1n Hern\u00e1ndez<\/strong>; \u00abChivas\u00bb, de <strong>Iv\u00e1n L\u00f3pez<\/strong>; y \u00abMi peque\u00f1o gran hombre\u00bb, de <strong>Jorge Ram\u00edrez Su\u00e1rez<\/strong>. Entre los estrenos internacionales destacan: \u00abColette\u00bb, de<strong> Wash Westmoreland<\/strong>; \u00abEn guerre\u00bb, de <strong>St\u00e9phane Briz\u00e9<\/strong>; \u00abClimax\u00bb, de <strong>Gaspar No\u00e9<\/strong>; \u00abThe Happy Prince\u00bb, de <strong>Rupert Everett<\/strong>; \u00abThe Old Man &amp; The Gun\u00bb, de <strong>David Lowery<\/strong>; \u00abTodos los saben\u00bb, de <strong>Asghar Farhadi<\/strong>; \u00abBeautiful Boy\u00bb, de <strong>Felix Van Groeningen<\/strong>; \u00abThe Eyes of Orson Welles\u00bb, de <strong>Mark Cousins<\/strong>; \u00abThe Front Runner\u00bb, de <strong>Jason Reitman<\/strong>; \u00abThe Wild Pear Tree\u00bb, de <strong>Nuri Bilge Ceylan<\/strong>. Adem\u00e1s se presentar\u00e1 la pel\u00edcula ganadora de la<strong> Palma de Oro<\/strong> del pasado <strong>Festival de Cannes<\/strong>, \u00abShoplifters\u00bb, de <strong>Hirokazu Kore-eda<\/strong>.<\/p>\n<p>En lo que respecta a los homenajes, el <strong>FICM<\/strong> tendr\u00e1 el honor de rendir tributo al c\u00e9lebre realizador michoacano <strong>Miguel Contreras Torres<\/strong>, con funciones especiales de \u00abEl padre Morelos\u00bb (1943) y \u00abEl rayo de sur\u00bb (1943). El festival rendir\u00e1 homenaje tambi\u00e9n a <strong>Pierre Rissient<\/strong>, entra\u00f1able y admirable amigo del festival, proyectando su pel\u00edcula \u00abCinq et la peau\u00bb (1982), as\u00ed como el documental \u00abGentleman Rissient\u00bb (2016) de Beno\u00eet Jacquot, Pascal Merigeau y Guy S\u00e9ligmann. Otro homenaje que el FICM rendir\u00e1 es al realizador <strong>Dominique Jonard<\/strong>, pionero y referente de la animaci\u00f3n cinematogr\u00e1fica en Michoac\u00e1n, proyectando una selecci\u00f3n de sus trabajos.<\/p>\n<p>Como invitados especiales, otro de los aspectos que m\u00e1s emoci\u00f3n causan en el FICM, se anunci\u00f3 la presencia del director <strong>Damien Chazelle<\/strong> cuya cinta \u00abEl primer hombre en la luna (First Man)\u00bb se proyectar\u00e1 en la Ceremonia de Inauguraci\u00f3n del <strong>FICM<\/strong> a realizarse la noche del 20 de octubre en Cin\u00e9polis Centro Morelia. Del mismo modo se contar\u00e1 con la presencia del m\u00e1s reciente ganador del Le\u00f3n de Oro en el Festival de Venecia, <strong>Alfonso Cuaron<\/strong>, cuya pel\u00edcula \u00abRoma\u00bb tendr\u00e1 una gala de estreno; Alfonso adem\u00e1s ser\u00e1 acreedor de la primera presea a la excelencia art\u00edstica. El aclamado director de cine polaco <strong>Pawel Pawlikowski<\/strong>, regresar\u00e1 a Morelia para estrenar en M\u00e9xico su nueva cinta \u00abCold War\u00bb, con la cual obtuvo el premio a \u00abMejor director\u00bb en el pasado Festival de Cannes. Otros invitados destacados con <strong>Paul Weitz<\/strong>, que presentar\u00e1 \u00abBel Canto\u00bb; <strong>Fran Healy<\/strong>, que presentar\u00e1 su documental \u00abAlmost Fashionable: A Film About Travis\u00bb; <strong>Dan Millar<\/strong>, que presentar\u00e1 en M\u00e9xico su documental \u00abBotero\u00bb; y <strong>Almudena Carracedo<\/strong>, que presentar\u00e1 su aclamado documental \u00abEl silencio de los otros\u00bb.<\/p>\n<style>.embed-container { position: relative; padding-bottom: 56.25%; height: 0; overflow: hidden; max-width: 100%; } .embed-container iframe, .embed-container object, .embed-container embed { position: absolute; top: 0; left: 0; width: 100%; height: 100%; }<\/style>\n<div class=\"embed-container\"><iframe src=\"https:\/\/www.youtube.com\/embed\/R9x_5_483fw\" frameborder=\"0\" allowfullscreen=\"allowfullscreen\"><\/iframe><\/div>\n<p>&nbsp;<\/p>\n<p>La 16\u00aa edici\u00f3n del <strong>FICM<\/strong> se realizar\u00e1 en los complejos Cin\u00e9polis Morelia Centro y Cin\u00e9polis Las Am\u00e9ricas, y Teatro Melchor Ocampo. Adem\u00e1s, habr\u00e1 funciones gratuitas en la Casa Natal de Morelos, el Aula Mater del Colegio de San Nicol\u00e1s de la UMSNH, la Plaza Benito Ju\u00e1rez, y conferencias en el Teatro Universitario \u201cJos\u00e9 Rub\u00e9n Romero\u201d. Asimismo, se har\u00e1 una extensi\u00f3n del Festival en P\u00e1tzcuaro, con funciones en el \u201cTeatro Emperador Caltzontzin\u201d. El <strong>FICM<\/strong> proyectar\u00e1 a los ganadores de la competencia y una selecci\u00f3n de la programaci\u00f3n en \u00abLo Mejor del FICM en la Ciudad de M\u00e9xico\u00bb, del 2 al 11 de noviembre en: <strong>Cin\u00e9polis<\/strong>, del 2 al 8 de noviembre;<strong> Cineteca Nacional<\/strong>, 3 y 4 de noviembre; <strong>Centro Cultural Universitario<\/strong>, 9 al 11 de noviembre; <strong>Faros Arag\u00f3n y Milpa Alta<\/strong>, 8 y 9 de noviembre; <strong>Cine Tonal\u00e1<\/strong> del 6 al 10 de noviembre.<\/p>\n<p>Para m\u00e1s informaci\u00f3n, el <strong>FICM<\/strong> invita a consultar su sitio <a href=\"https:\/\/moreliafilmfest.com\/\" target=\"_blank\" rel=\"noopener\">www.moreliafilmfest.com<\/a> y sus redes sociales (<a href=\"https:\/\/www.facebook.com\/moreliafilmfest\" target=\"_blank\" rel=\"noopener\">Facebook<\/a>, <a href=\"https:\/\/twitter.com\/ficm\" target=\"_blank\" rel=\"noopener\">Twitter<\/a>, <a href=\"https:\/\/www.instagram.com\/ficm\/\" target=\"_blank\" rel=\"noopener\">Instagram<\/a>), adem\u00e1s de descargar las aplicaciones gratuitas para <a href=\"https:\/\/itunes.apple.com\/us\/app\/ficm\/id572342116?ls=1&amp;mt=8\" target=\"_blank\" rel=\"noopener\">iPhone<\/a> y <a href=\"https:\/\/play.google.com\/store\/apps\/details?id=com.moreliafilmfest.ficm\" target=\"_blank\" rel=\"noopener\">Android<\/a>, en donde se podr\u00e1 consultar la programaci\u00f3n del festival y agendar pel\u00edculas, entre otras funciones.<\/p>\n<p style=\"text-align: right;\">Con informaci\u00f3n e im\u00e1genes cortes\u00eda del <strong>FICM<\/strong>.<\/p>\n<p>&nbsp;<\/p>\n<p>&nbsp;<\/p>\n","protected":false},"excerpt":{"rendered":"<p>El Festival Internacional de Cine de Morelia (FICM) dio a conocer todos los detalles de su 16\u00aa edici\u00f3n, la cual se llevar\u00e1 a cabo del 20 al 28 de octubre de 2018.<\/p>\n","protected":false},"author":2,"featured_media":74887,"comment_status":"open","ping_status":"open","sticky":false,"template":"","format":"standard","meta":{"footnotes":""},"categories":[24,1,17],"tags":[],"class_list":["post-77052","post","type-post","status-publish","format-standard","has-post-thumbnail","hentry","category-cine","category-cultura","category-principal"],"yoast_head":"<!-- This site is optimized with the Yoast SEO plugin v24.7 - https:\/\/yoast.com\/wordpress\/plugins\/seo\/ -->\n<title>Conoce todos los detalles del FICM en su 16\u00aa edici\u00f3n &#171; Reconoce MX<\/title>\n<meta name=\"robots\" content=\"index, follow, max-snippet:-1, max-image-preview:large, max-video-preview:-1\" \/>\n<link rel=\"canonical\" href=\"http:\/\/www.reconoce.mx\/?p=77052\" \/>\n<meta property=\"og:locale\" content=\"es_ES\" \/>\n<meta property=\"og:type\" content=\"article\" \/>\n<meta property=\"og:title\" content=\"Conoce todos los detalles del FICM en su 16\u00aa edici\u00f3n &#171; Reconoce MX\" \/>\n<meta property=\"og:description\" content=\"El Festival Internacional de Cine de Morelia (FICM) dio a conocer todos los detalles de su 16\u00aa edici\u00f3n, la cual se llevar\u00e1 a cabo del 20 al 28 de octubre de 2018.\" \/>\n<meta property=\"og:url\" content=\"http:\/\/www.reconoce.mx\/?p=77052\" \/>\n<meta property=\"og:site_name\" content=\"Reconoce MX\" \/>\n<meta property=\"article:publisher\" content=\"https:\/\/es-la.facebook.com\/ReconoceMX\/\" \/>\n<meta property=\"article:published_time\" content=\"2018-10-08T05:05:06+00:00\" \/>\n<meta property=\"og:image\" content=\"http:\/\/www.reconoce.mx\/wp-content\/uploads\/2018\/07\/ficm18.jpg\" \/>\n\t<meta property=\"og:image:width\" content=\"590\" \/>\n\t<meta property=\"og:image:height\" content=\"380\" \/>\n\t<meta property=\"og:image:type\" content=\"image\/jpeg\" \/>\n<meta name=\"author\" content=\"Reconoce MX\" \/>\n<meta name=\"twitter:card\" content=\"summary_large_image\" \/>\n<meta name=\"twitter:creator\" content=\"@reconocemx\" \/>\n<meta name=\"twitter:site\" content=\"@reconocemx\" \/>\n<meta name=\"twitter:label1\" content=\"Escrito por\" \/>\n\t<meta name=\"twitter:data1\" content=\"Reconoce MX\" \/>\n\t<meta name=\"twitter:label2\" content=\"Tiempo de lectura\" \/>\n\t<meta name=\"twitter:data2\" content=\"4 minutos\" \/>\n<script type=\"application\/ld+json\" class=\"yoast-schema-graph\">{\"@context\":\"https:\/\/schema.org\",\"@graph\":[{\"@type\":\"Article\",\"@id\":\"http:\/\/www.reconoce.mx\/?p=77052#article\",\"isPartOf\":{\"@id\":\"http:\/\/www.reconoce.mx\/?p=77052\"},\"author\":{\"name\":\"Reconoce MX\",\"@id\":\"http:\/\/www.reconoce.mx\/#\/schema\/person\/2117e997d7051dc15d6880eaf9bca0b2\"},\"headline\":\"Conoce todos los detalles del FICM en su 16\u00aa edici\u00f3n\",\"datePublished\":\"2018-10-08T05:05:06+00:00\",\"mainEntityOfPage\":{\"@id\":\"http:\/\/www.reconoce.mx\/?p=77052\"},\"wordCount\":904,\"commentCount\":0,\"publisher\":{\"@id\":\"http:\/\/www.reconoce.mx\/#organization\"},\"image\":{\"@id\":\"http:\/\/www.reconoce.mx\/?p=77052#primaryimage\"},\"thumbnailUrl\":\"http:\/\/www.reconoce.mx\/wp-content\/uploads\/2018\/07\/ficm18.jpg\",\"articleSection\":[\"Cine\",\"Cultura\",\"Principal\"],\"inLanguage\":\"es\",\"potentialAction\":[{\"@type\":\"CommentAction\",\"name\":\"Comment\",\"target\":[\"http:\/\/www.reconoce.mx\/?p=77052#respond\"]}]},{\"@type\":\"WebPage\",\"@id\":\"http:\/\/www.reconoce.mx\/?p=77052\",\"url\":\"http:\/\/www.reconoce.mx\/?p=77052\",\"name\":\"Conoce todos los detalles del FICM en su 16\u00aa edici\u00f3n &#171; Reconoce MX\",\"isPartOf\":{\"@id\":\"http:\/\/www.reconoce.mx\/#website\"},\"primaryImageOfPage\":{\"@id\":\"http:\/\/www.reconoce.mx\/?p=77052#primaryimage\"},\"image\":{\"@id\":\"http:\/\/www.reconoce.mx\/?p=77052#primaryimage\"},\"thumbnailUrl\":\"http:\/\/www.reconoce.mx\/wp-content\/uploads\/2018\/07\/ficm18.jpg\",\"datePublished\":\"2018-10-08T05:05:06+00:00\",\"breadcrumb\":{\"@id\":\"http:\/\/www.reconoce.mx\/?p=77052#breadcrumb\"},\"inLanguage\":\"es\",\"potentialAction\":[{\"@type\":\"ReadAction\",\"target\":[\"http:\/\/www.reconoce.mx\/?p=77052\"]}]},{\"@type\":\"ImageObject\",\"inLanguage\":\"es\",\"@id\":\"http:\/\/www.reconoce.mx\/?p=77052#primaryimage\",\"url\":\"http:\/\/www.reconoce.mx\/wp-content\/uploads\/2018\/07\/ficm18.jpg\",\"contentUrl\":\"http:\/\/www.reconoce.mx\/wp-content\/uploads\/2018\/07\/ficm18.jpg\",\"width\":590,\"height\":380},{\"@type\":\"BreadcrumbList\",\"@id\":\"http:\/\/www.reconoce.mx\/?p=77052#breadcrumb\",\"itemListElement\":[{\"@type\":\"ListItem\",\"position\":1,\"name\":\"Portada\",\"item\":\"http:\/\/www.reconoce.mx\/\"},{\"@type\":\"ListItem\",\"position\":2,\"name\":\"Conoce todos los detalles del FICM en su 16\u00aa edici\u00f3n\"}]},{\"@type\":\"WebSite\",\"@id\":\"http:\/\/www.reconoce.mx\/#website\",\"url\":\"http:\/\/www.reconoce.mx\/\",\"name\":\"Reconoce MX\",\"description\":\"En Reconoce MX difundimos arte, cultura y conciencia social en M\u00e9xico. Tu ciudad en otra perspectiva.\",\"publisher\":{\"@id\":\"http:\/\/www.reconoce.mx\/#organization\"},\"potentialAction\":[{\"@type\":\"SearchAction\",\"target\":{\"@type\":\"EntryPoint\",\"urlTemplate\":\"http:\/\/www.reconoce.mx\/?s={search_term_string}\"},\"query-input\":{\"@type\":\"PropertyValueSpecification\",\"valueRequired\":true,\"valueName\":\"search_term_string\"}}],\"inLanguage\":\"es\"},{\"@type\":\"Organization\",\"@id\":\"http:\/\/www.reconoce.mx\/#organization\",\"name\":\"Reconoce MX\",\"url\":\"http:\/\/www.reconoce.mx\/\",\"logo\":{\"@type\":\"ImageObject\",\"inLanguage\":\"es\",\"@id\":\"http:\/\/www.reconoce.mx\/#\/schema\/logo\/image\/\",\"url\":\"https:\/\/www.reconoce.mx\/wp-content\/uploads\/2019\/03\/logorcmx-good-1.png\",\"contentUrl\":\"https:\/\/www.reconoce.mx\/wp-content\/uploads\/2019\/03\/logorcmx-good-1.png\",\"width\":280,\"height\":90,\"caption\":\"Reconoce MX\"},\"image\":{\"@id\":\"http:\/\/www.reconoce.mx\/#\/schema\/logo\/image\/\"},\"sameAs\":[\"https:\/\/es-la.facebook.com\/ReconoceMX\/\",\"https:\/\/x.com\/reconocemx\",\"http:\/\/@reconocemx\"]},{\"@type\":\"Person\",\"@id\":\"http:\/\/www.reconoce.mx\/#\/schema\/person\/2117e997d7051dc15d6880eaf9bca0b2\",\"name\":\"Reconoce MX\",\"image\":{\"@type\":\"ImageObject\",\"inLanguage\":\"es\",\"@id\":\"http:\/\/www.reconoce.mx\/#\/schema\/person\/image\/\",\"url\":\"https:\/\/secure.gravatar.com\/avatar\/6c8d4dc7569ca1c90c5fdcc349f839d5ddef6fe1e70b4337ead2ef1a4c43fc3a?s=96&d=identicon&r=g\",\"contentUrl\":\"https:\/\/secure.gravatar.com\/avatar\/6c8d4dc7569ca1c90c5fdcc349f839d5ddef6fe1e70b4337ead2ef1a4c43fc3a?s=96&d=identicon&r=g\",\"caption\":\"Reconoce MX\"},\"description\":\"Reconoce MX es un proyecto de difusi\u00f3n art\u00edstica, cultural y de conciencia social que est\u00e1 enfocado a difundir y fomentar el entretenimiento alternativo de calidad para todo el p\u00fablico que comparta el mismo entusiasmo.\",\"sameAs\":[\"http:\/\/www.reconoce.mx\"],\"url\":\"http:\/\/www.reconoce.mx\/?author=2\"}]}<\/script>\n<!-- \/ Yoast SEO plugin. -->","yoast_head_json":{"title":"Conoce todos los detalles del FICM en su 16\u00aa edici\u00f3n &#171; Reconoce MX","robots":{"index":"index","follow":"follow","max-snippet":"max-snippet:-1","max-image-preview":"max-image-preview:large","max-video-preview":"max-video-preview:-1"},"canonical":"http:\/\/www.reconoce.mx\/?p=77052","og_locale":"es_ES","og_type":"article","og_title":"Conoce todos los detalles del FICM en su 16\u00aa edici\u00f3n &#171; Reconoce MX","og_description":"El Festival Internacional de Cine de Morelia (FICM) dio a conocer todos los detalles de su 16\u00aa edici\u00f3n, la cual se llevar\u00e1 a cabo del 20 al 28 de octubre de 2018.","og_url":"http:\/\/www.reconoce.mx\/?p=77052","og_site_name":"Reconoce MX","article_publisher":"https:\/\/es-la.facebook.com\/ReconoceMX\/","article_published_time":"2018-10-08T05:05:06+00:00","og_image":[{"width":590,"height":380,"url":"http:\/\/www.reconoce.mx\/wp-content\/uploads\/2018\/07\/ficm18.jpg","type":"image\/jpeg"}],"author":"Reconoce MX","twitter_card":"summary_large_image","twitter_creator":"@reconocemx","twitter_site":"@reconocemx","twitter_misc":{"Escrito por":"Reconoce MX","Tiempo de lectura":"4 minutos"},"schema":{"@context":"https:\/\/schema.org","@graph":[{"@type":"Article","@id":"http:\/\/www.reconoce.mx\/?p=77052#article","isPartOf":{"@id":"http:\/\/www.reconoce.mx\/?p=77052"},"author":{"name":"Reconoce MX","@id":"http:\/\/www.reconoce.mx\/#\/schema\/person\/2117e997d7051dc15d6880eaf9bca0b2"},"headline":"Conoce todos los detalles del FICM en su 16\u00aa edici\u00f3n","datePublished":"2018-10-08T05:05:06+00:00","mainEntityOfPage":{"@id":"http:\/\/www.reconoce.mx\/?p=77052"},"wordCount":904,"commentCount":0,"publisher":{"@id":"http:\/\/www.reconoce.mx\/#organization"},"image":{"@id":"http:\/\/www.reconoce.mx\/?p=77052#primaryimage"},"thumbnailUrl":"http:\/\/www.reconoce.mx\/wp-content\/uploads\/2018\/07\/ficm18.jpg","articleSection":["Cine","Cultura","Principal"],"inLanguage":"es","potentialAction":[{"@type":"CommentAction","name":"Comment","target":["http:\/\/www.reconoce.mx\/?p=77052#respond"]}]},{"@type":"WebPage","@id":"http:\/\/www.reconoce.mx\/?p=77052","url":"http:\/\/www.reconoce.mx\/?p=77052","name":"Conoce todos los detalles del FICM en su 16\u00aa edici\u00f3n &#171; Reconoce MX","isPartOf":{"@id":"http:\/\/www.reconoce.mx\/#website"},"primaryImageOfPage":{"@id":"http:\/\/www.reconoce.mx\/?p=77052#primaryimage"},"image":{"@id":"http:\/\/www.reconoce.mx\/?p=77052#primaryimage"},"thumbnailUrl":"http:\/\/www.reconoce.mx\/wp-content\/uploads\/2018\/07\/ficm18.jpg","datePublished":"2018-10-08T05:05:06+00:00","breadcrumb":{"@id":"http:\/\/www.reconoce.mx\/?p=77052#breadcrumb"},"inLanguage":"es","potentialAction":[{"@type":"ReadAction","target":["http:\/\/www.reconoce.mx\/?p=77052"]}]},{"@type":"ImageObject","inLanguage":"es","@id":"http:\/\/www.reconoce.mx\/?p=77052#primaryimage","url":"http:\/\/www.reconoce.mx\/wp-content\/uploads\/2018\/07\/ficm18.jpg","contentUrl":"http:\/\/www.reconoce.mx\/wp-content\/uploads\/2018\/07\/ficm18.jpg","width":590,"height":380},{"@type":"BreadcrumbList","@id":"http:\/\/www.reconoce.mx\/?p=77052#breadcrumb","itemListElement":[{"@type":"ListItem","position":1,"name":"Portada","item":"http:\/\/www.reconoce.mx\/"},{"@type":"ListItem","position":2,"name":"Conoce todos los detalles del FICM en su 16\u00aa edici\u00f3n"}]},{"@type":"WebSite","@id":"http:\/\/www.reconoce.mx\/#website","url":"http:\/\/www.reconoce.mx\/","name":"Reconoce MX","description":"En Reconoce MX difundimos arte, cultura y conciencia social en M\u00e9xico. Tu ciudad en otra perspectiva.","publisher":{"@id":"http:\/\/www.reconoce.mx\/#organization"},"potentialAction":[{"@type":"SearchAction","target":{"@type":"EntryPoint","urlTemplate":"http:\/\/www.reconoce.mx\/?s={search_term_string}"},"query-input":{"@type":"PropertyValueSpecification","valueRequired":true,"valueName":"search_term_string"}}],"inLanguage":"es"},{"@type":"Organization","@id":"http:\/\/www.reconoce.mx\/#organization","name":"Reconoce MX","url":"http:\/\/www.reconoce.mx\/","logo":{"@type":"ImageObject","inLanguage":"es","@id":"http:\/\/www.reconoce.mx\/#\/schema\/logo\/image\/","url":"https:\/\/www.reconoce.mx\/wp-content\/uploads\/2019\/03\/logorcmx-good-1.png","contentUrl":"https:\/\/www.reconoce.mx\/wp-content\/uploads\/2019\/03\/logorcmx-good-1.png","width":280,"height":90,"caption":"Reconoce MX"},"image":{"@id":"http:\/\/www.reconoce.mx\/#\/schema\/logo\/image\/"},"sameAs":["https:\/\/es-la.facebook.com\/ReconoceMX\/","https:\/\/x.com\/reconocemx","http:\/\/@reconocemx"]},{"@type":"Person","@id":"http:\/\/www.reconoce.mx\/#\/schema\/person\/2117e997d7051dc15d6880eaf9bca0b2","name":"Reconoce MX","image":{"@type":"ImageObject","inLanguage":"es","@id":"http:\/\/www.reconoce.mx\/#\/schema\/person\/image\/","url":"https:\/\/secure.gravatar.com\/avatar\/6c8d4dc7569ca1c90c5fdcc349f839d5ddef6fe1e70b4337ead2ef1a4c43fc3a?s=96&d=identicon&r=g","contentUrl":"https:\/\/secure.gravatar.com\/avatar\/6c8d4dc7569ca1c90c5fdcc349f839d5ddef6fe1e70b4337ead2ef1a4c43fc3a?s=96&d=identicon&r=g","caption":"Reconoce MX"},"description":"Reconoce MX es un proyecto de difusi\u00f3n art\u00edstica, cultural y de conciencia social que est\u00e1 enfocado a difundir y fomentar el entretenimiento alternativo de calidad para todo el p\u00fablico que comparta el mismo entusiasmo.","sameAs":["http:\/\/www.reconoce.mx"],"url":"http:\/\/www.reconoce.mx\/?author=2"}]}},"_links":{"self":[{"href":"http:\/\/www.reconoce.mx\/index.php?rest_route=\/wp\/v2\/posts\/77052","targetHints":{"allow":["GET"]}}],"collection":[{"href":"http:\/\/www.reconoce.mx\/index.php?rest_route=\/wp\/v2\/posts"}],"about":[{"href":"http:\/\/www.reconoce.mx\/index.php?rest_route=\/wp\/v2\/types\/post"}],"author":[{"embeddable":true,"href":"http:\/\/www.reconoce.mx\/index.php?rest_route=\/wp\/v2\/users\/2"}],"replies":[{"embeddable":true,"href":"http:\/\/www.reconoce.mx\/index.php?rest_route=%2Fwp%2Fv2%2Fcomments&post=77052"}],"version-history":[{"count":3,"href":"http:\/\/www.reconoce.mx\/index.php?rest_route=\/wp\/v2\/posts\/77052\/revisions"}],"predecessor-version":[{"id":77055,"href":"http:\/\/www.reconoce.mx\/index.php?rest_route=\/wp\/v2\/posts\/77052\/revisions\/77055"}],"wp:featuredmedia":[{"embeddable":true,"href":"http:\/\/www.reconoce.mx\/index.php?rest_route=\/wp\/v2\/media\/74887"}],"wp:attachment":[{"href":"http:\/\/www.reconoce.mx\/index.php?rest_route=%2Fwp%2Fv2%2Fmedia&parent=77052"}],"wp:term":[{"taxonomy":"category","embeddable":true,"href":"http:\/\/www.reconoce.mx\/index.php?rest_route=%2Fwp%2Fv2%2Fcategories&post=77052"},{"taxonomy":"post_tag","embeddable":true,"href":"http:\/\/www.reconoce.mx\/index.php?rest_route=%2Fwp%2Fv2%2Ftags&post=77052"}],"curies":[{"name":"wp","href":"https:\/\/api.w.org\/{rel}","templated":true}]}}