{"id":77060,"date":"2018-10-08T00:04:51","date_gmt":"2018-10-08T05:04:51","guid":{"rendered":"http:\/\/www.reconoce.mx\/?p=77060"},"modified":"2018-10-07T23:38:20","modified_gmt":"2018-10-08T04:38:20","slug":"desencanto-no-me-dejo-tan-desencantado","status":"publish","type":"post","link":"http:\/\/www.reconoce.mx\/?p=77060","title":{"rendered":"\u00ab(Des)encanto\u00bb no me dej\u00f3 tan desencantado"},"content":{"rendered":"<p><a href=\"http:\/\/www.reconoce.mx\/category\/columnistas\/la-ballesta-de-mascatabaco\/\"><img loading=\"lazy\" decoding=\"async\" class=\"aligncenter size-full wp-image-42011\" src=\"http:\/\/www.reconoce.mx\/wp-content\/uploads\/2015\/05\/la-ballesta.png\" sizes=\"auto, (max-width: 570px) 100vw, 570px\" srcset=\"http:\/\/www.reconoce.mx\/wp-content\/uploads\/2015\/05\/la-ballesta.png 570w, http:\/\/www.reconoce.mx\/wp-content\/uploads\/2015\/05\/la-ballesta-300x37.png 300w, http:\/\/www.reconoce.mx\/wp-content\/uploads\/2015\/05\/la-ballesta-150x18.png 150w\" alt=\"la-ballesta\" width=\"570\" height=\"70\" \/><\/a><strong><br \/>\nPor <a title=\"@AsfaltosTweets\" href=\"http:\/\/twitter.com\/AsfaltosTweets\" target=\"_blank\" rel=\"noopener noreferrer\">Asfaltos<\/a><\/strong>.<\/p>\n<p>Con motivo de la pasada <strong>San Diego Comic-Con<\/strong>, les platicaba en ese momento del pr\u00f3ximo estreno de la m\u00e1s reciente serie animada del genio <strong>Matt Groening<\/strong>. Groening, reconocido como el creador de la ya legendaria \u00abLos Simpson\u00bb (1989 &#8211; al presente) y de la cada vez m\u00e1s revalorizada \u00abFuturama\u00bb (1999 &#8211; 2013), regresar\u00eda este a\u00f1o con un nuevo trabajo. Pues bien, Groening presentaba en la Comic-Con el primer avance de \u00ab(Des)encanto\u00bb, serie animada que por cierto es alojada en la plataforma de <em>video on demand<\/em> <strong>Netflix<\/strong>.<\/p>\n<p><a href=\"http:\/\/www.reconoce.mx\/wp-content\/uploads\/2018\/10\/desencanto-poster.jpg\"><img loading=\"lazy\" decoding=\"async\" class=\"aligncenter size-full wp-image-77065\" src=\"http:\/\/www.reconoce.mx\/wp-content\/uploads\/2018\/10\/desencanto-poster.jpg\" alt=\"\" width=\"713\" height=\"1000\" srcset=\"http:\/\/www.reconoce.mx\/wp-content\/uploads\/2018\/10\/desencanto-poster.jpg 713w, http:\/\/www.reconoce.mx\/wp-content\/uploads\/2018\/10\/desencanto-poster-214x300.jpg 214w, http:\/\/www.reconoce.mx\/wp-content\/uploads\/2018\/10\/desencanto-poster-150x210.jpg 150w, http:\/\/www.reconoce.mx\/wp-content\/uploads\/2018\/10\/desencanto-poster-700x982.jpg 700w, http:\/\/www.reconoce.mx\/wp-content\/uploads\/2018\/10\/desencanto-poster-658x923.jpg 658w, http:\/\/www.reconoce.mx\/wp-content\/uploads\/2018\/10\/desencanto-poster-300x421.jpg 300w\" sizes=\"auto, (max-width: 713px) 100vw, 713px\" \/><\/a><\/p>\n<p>Estrenada el pasado 17 de agosto del presente a\u00f1o, \u00ab(Des)encanto\u00bb nos presenta la historia de Bean, una princesa poco com\u00fan que rebelde se la pasa fuera de su castillo y siempre en un conveniente -para ella- estado alcoh\u00f3lico. Bean vive junto a su padre, el rey Z\u00f8g quien intenta con poca fortuna educarla una vez que su madre muri\u00f3 hace ya varios a\u00f1os. Junto a Bean, en el castillo viven su madrastra, la reina Oona; y su medio hermano, el pr\u00edncipe Derek.<\/p>\n<p>A la par que conocemos la historia de Bean, se nos presenta tambi\u00e9n a Elfo, un joven y optimista duende quien a pesar de vivir en un mundo ideal y literalmente colorido y dulce, termina por -precisamente- desencantarse del lugar donde ha pasado toda su vida. Para Elfo debe haber un lugar m\u00e1s all\u00e1 de su tierra endulzada, por lo que en un ataque de valent\u00eda pisa fuera de su hogar para descubrir el mundo fuera que le espera.<\/p>\n<p><a href=\"http:\/\/www.reconoce.mx\/wp-content\/uploads\/2018\/10\/desencanto-2.jpg\"><img loading=\"lazy\" decoding=\"async\" class=\"aligncenter size-full wp-image-77062\" src=\"http:\/\/www.reconoce.mx\/wp-content\/uploads\/2018\/10\/desencanto-2.jpg\" alt=\"\" width=\"590\" height=\"380\" srcset=\"http:\/\/www.reconoce.mx\/wp-content\/uploads\/2018\/10\/desencanto-2.jpg 590w, http:\/\/www.reconoce.mx\/wp-content\/uploads\/2018\/10\/desencanto-2-300x193.jpg 300w, http:\/\/www.reconoce.mx\/wp-content\/uploads\/2018\/10\/desencanto-2-150x97.jpg 150w\" sizes=\"auto, (max-width: 590px) 100vw, 590px\" \/><\/a><\/p>\n<p>S\u00ed, hay un tercer elemento en \u00ab(Des)encanto\u00bb y ese es el demonio Luci del que poco a poco iremos conociendo m\u00e1s, y del que prefiero no revelar mucho para mantener la sorpresa de la serie.<\/p>\n<p>En cuanto sali\u00f3 publicada \u00ab(Des)encanto\u00bb, lo primero con lo que me top\u00e9 son los muchos comentarios negativos que recibi\u00f3 en redes y en cr\u00edtica. Sin indagar mucho en lo que se dec\u00eda, lo primero que not\u00e9 yo mismo en esta serie era que en efecto, no se trataba de un trabajo para carcajearse. El tono de la serie, si bien mantiene el tono c\u00f3mico que caracteriza los trabajos de <strong>Matt Groening<\/strong>, no es para morirse de risa. Si bien eso desde luego que no la hace mala, s\u00ed puedo suponer que fue algo que no agrad\u00f3 a quienes esperaban algo como los trabajos anteriores.<\/p>\n<p><a href=\"http:\/\/www.reconoce.mx\/wp-content\/uploads\/2018\/10\/desencanto-3.jpg\"><img loading=\"lazy\" decoding=\"async\" class=\"aligncenter size-full wp-image-77063\" src=\"http:\/\/www.reconoce.mx\/wp-content\/uploads\/2018\/10\/desencanto-3.jpg\" alt=\"\" width=\"590\" height=\"380\" srcset=\"http:\/\/www.reconoce.mx\/wp-content\/uploads\/2018\/10\/desencanto-3.jpg 590w, http:\/\/www.reconoce.mx\/wp-content\/uploads\/2018\/10\/desencanto-3-300x193.jpg 300w, http:\/\/www.reconoce.mx\/wp-content\/uploads\/2018\/10\/desencanto-3-150x97.jpg 150w\" sizes=\"auto, (max-width: 590px) 100vw, 590px\" \/><\/a><\/p>\n<p>Como hac\u00eda notar yo desde el primer avance, la relaci\u00f3n entre los tres personajes principales ser\u00eda principalmente el coraz\u00f3n de la serie. Aunque diferentes, Bean, Elfo y Luci mantienen tambi\u00e9n ese mismo desencanto por su vida, mismo aspecto que les unir\u00eda a lo largo de la serie. Esa empat\u00eda que uno podr\u00eda llegar a tener por los personajes principales, adem\u00e1s resulta fundamental para agarrarle cari\u00f1o a una serie que adem\u00e1s se nos presenta como una historia en desarrollo y no solo como un evento epis\u00f3dico.<\/p>\n<p>S\u00ed, desde el momento en el que Bean es ofrecida contra su voluntad para casarse con un pr\u00edncipe de otro reino para sellar una alianza, vemos c\u00f3mo se nos va hilando una historia que del episodio 1 al 10 de la primera temporada nos va envolviendo poco a poco con sus detalles muy bien presentados.<\/p>\n<p><a href=\"http:\/\/www.reconoce.mx\/wp-content\/uploads\/2018\/10\/desencanto-4.jpg\"><img loading=\"lazy\" decoding=\"async\" class=\"aligncenter size-full wp-image-77064\" src=\"http:\/\/www.reconoce.mx\/wp-content\/uploads\/2018\/10\/desencanto-4.jpg\" alt=\"\" width=\"590\" height=\"380\" srcset=\"http:\/\/www.reconoce.mx\/wp-content\/uploads\/2018\/10\/desencanto-4.jpg 590w, http:\/\/www.reconoce.mx\/wp-content\/uploads\/2018\/10\/desencanto-4-300x193.jpg 300w, http:\/\/www.reconoce.mx\/wp-content\/uploads\/2018\/10\/desencanto-4-150x97.jpg 150w\" sizes=\"auto, (max-width: 590px) 100vw, 590px\" \/><\/a><\/p>\n<p>Me llam\u00f3 tambi\u00e9n mucho la atenci\u00f3n el detalle en la animaci\u00f3n. Desde luego que la tecnolog\u00eda ha cambiado, pero lo bien trabajado de la animaci\u00f3n es algo que hay que destacar en \u00ab(Des)encanto\u00bb como parte de los trabajos ya conocidos de <strong>Matt Groening<\/strong>. Hay cuadros que bien vale la pena detener para observar; me gust\u00f3, sobre todo, el detalle en los paisajes del mundo medieval y mitol\u00f3gico en el que se desarrolla la historia.<\/p>\n<p>No, \u00ab(Des)encanto\u00bb no mata a carcajadas, pero s\u00ed mantiene su tono c\u00f3mico, pero adem\u00e1s con un tono muy sentido de drama. Hacia el final de la primera temporada lo anterior resulta todav\u00eda m\u00e1s evidente, al punto en el que lo que se nos va presentando se combina de tal modo que es imposible que no nos atrape. Los \u00faltimos 3 episodios de la primera temporada nos hacen, sin duda, desear que llegue pronto una segunda.<\/p>\n<style>.embed-container { position: relative; padding-bottom: 56.25%; height: 0; overflow: hidden; max-width: 100%; } .embed-container iframe, .embed-container object, .embed-container embed { position: absolute; top: 0; left: 0; width: 100%; height: 100%; }<\/style>\n<div class='embed-container'><iframe src='https:\/\/www.youtube.com\/embed\/aTtinse4RWQ' frameborder='0' allowfullscreen><\/iframe><\/div>\n<p>&nbsp;<\/p>\n<p>S\u00ed, no dir\u00eda que \u00ab(Des)encanto\u00bb es fant\u00e1stica, pero s\u00ed dir\u00eda que es entra\u00f1able y entretenida. Si no le han dado una oportunidad por lo malo que han le\u00eddo de ella, acudan y h\u00e1ganse ustedes de una opini\u00f3n propia. Cierto es que el desarrollo de la primera temporada pueda llegar a ser lento, pero sean pacientes que los \u00faltimos episodios bien valen la pena la espera.<\/p>\n<p>\u00bfQu\u00e9 dicen, la ven y la comentamos pronto? Ac\u00e1, con un buen tarro de cerveza del medievo, estar\u00e9 esper\u00e1ndoles.<\/p>\n<blockquote><p><a href=\"http:\/\/www.reconoce.mx\/wp-content\/uploads\/2016\/03\/968932_515227815190918_654397283_n-e1459260491114.jpg\" rel=\"lightbox[62561]\"><img loading=\"lazy\" decoding=\"async\" class=\"alignleft size-thumbnail wp-image-39872\" src=\"http:\/\/www.reconoce.mx\/wp-content\/uploads\/2016\/03\/968932_515227815190918_654397283_n-e1459260491114.jpg\" alt=\"IMG_5743\" width=\"150\" height=\"150\" \/><\/a><strong>Asfaltos<\/strong>. Sobrevivo en una ciudad junto a millones de personas. \u00bfMexique\u00f1o? Me enamoro r\u00e1pido y olvido dif\u00edcilmente. Amo la m\u00fasica, el cine, los c\u00f3mics, las mujeres y -\u00faltimamente gracias a los servicios de <em>streaming<\/em>\u2013 las series tambi\u00e9n. Vivo la vida a trav\u00e9s de letras y melod\u00edas. M\u00fasico frustrado. Me pueden encontrar escuchando U2, Radiohead y Coldplay; as\u00ed como Grand Funk Railroad, Styx y Eric Burdon; Chetes, Jumbo y Siddhartha; y hasta Jesse &amp; Joy, Silverio y Aleks Syntek. Batman y Star Wars mis pasiones; tambi\u00e9n el Cruz Azul, pero ya saben\u2026 subcampeon\u00edsimo. Sobreviviente y n\u00e1ufrago; ermita\u00f1o que odia la soledad.<\/p><\/blockquote>\n<p>&nbsp;<\/p>\n<p>&nbsp;<\/p>\n","protected":false},"excerpt":{"rendered":"<p>Con motivo de la pasada San Diego Comic-Con, les platicaba en ese momento del pr\u00f3ximo estreno de la m\u00e1s reciente serie animada del genio Matt Groening. Groening, reconocido como el creador de la ya legendaria \u201cThe Simpsons\u201d (1989 \u2013 al presente) y de la cada vez m\u00e1s revalorizada \u201cFuturama\u201d (1999 \u2013 2013), regresar\u00eda este a\u00f1o con un nuevo trabajo. <\/p>\n","protected":false},"author":2,"featured_media":77061,"comment_status":"open","ping_status":"open","sticky":false,"template":"","format":"standard","meta":{"footnotes":""},"categories":[16,2602,17],"tags":[],"class_list":["post-77060","post","type-post","status-publish","format-standard","has-post-thumbnail","hentry","category-columnistas","category-la-ballesta-de-mascatabaco","category-principal"],"yoast_head":"<!-- This site is optimized with the Yoast SEO plugin v24.7 - https:\/\/yoast.com\/wordpress\/plugins\/seo\/ -->\n<title>&quot;(Des)encanto&quot; no me dej\u00f3 tan desencantado &#171; Reconoce MX<\/title>\n<meta name=\"robots\" content=\"index, follow, max-snippet:-1, max-image-preview:large, max-video-preview:-1\" \/>\n<link rel=\"canonical\" href=\"http:\/\/www.reconoce.mx\/?p=77060\" \/>\n<meta property=\"og:locale\" content=\"es_ES\" \/>\n<meta property=\"og:type\" content=\"article\" \/>\n<meta property=\"og:title\" content=\"&quot;(Des)encanto&quot; no me dej\u00f3 tan desencantado &#171; Reconoce MX\" \/>\n<meta property=\"og:description\" content=\"Con motivo de la pasada San Diego Comic-Con, les platicaba en ese momento del pr\u00f3ximo estreno de la m\u00e1s reciente serie animada del genio Matt Groening. Groening, reconocido como el creador de la ya legendaria \u201cThe Simpsons\u201d (1989 \u2013 al presente) y de la cada vez m\u00e1s revalorizada \u201cFuturama\u201d (1999 \u2013 2013), regresar\u00eda este a\u00f1o con un nuevo trabajo.\" \/>\n<meta property=\"og:url\" content=\"http:\/\/www.reconoce.mx\/?p=77060\" \/>\n<meta property=\"og:site_name\" content=\"Reconoce MX\" \/>\n<meta property=\"article:publisher\" content=\"https:\/\/es-la.facebook.com\/ReconoceMX\/\" \/>\n<meta property=\"article:published_time\" content=\"2018-10-08T05:04:51+00:00\" \/>\n<meta property=\"og:image\" content=\"http:\/\/www.reconoce.mx\/wp-content\/uploads\/2018\/10\/desencanto-1.jpg\" \/>\n\t<meta property=\"og:image:width\" content=\"590\" \/>\n\t<meta property=\"og:image:height\" content=\"380\" \/>\n\t<meta property=\"og:image:type\" content=\"image\/jpeg\" \/>\n<meta name=\"author\" content=\"Reconoce MX\" \/>\n<meta name=\"twitter:card\" content=\"summary_large_image\" \/>\n<meta name=\"twitter:creator\" content=\"@reconocemx\" \/>\n<meta name=\"twitter:site\" content=\"@reconocemx\" \/>\n<meta name=\"twitter:label1\" content=\"Escrito por\" \/>\n\t<meta name=\"twitter:data1\" content=\"Reconoce MX\" \/>\n\t<meta name=\"twitter:label2\" content=\"Tiempo de lectura\" \/>\n\t<meta name=\"twitter:data2\" content=\"5 minutos\" \/>\n<script type=\"application\/ld+json\" class=\"yoast-schema-graph\">{\"@context\":\"https:\/\/schema.org\",\"@graph\":[{\"@type\":\"Article\",\"@id\":\"http:\/\/www.reconoce.mx\/?p=77060#article\",\"isPartOf\":{\"@id\":\"http:\/\/www.reconoce.mx\/?p=77060\"},\"author\":{\"name\":\"Reconoce MX\",\"@id\":\"http:\/\/www.reconoce.mx\/#\/schema\/person\/2117e997d7051dc15d6880eaf9bca0b2\"},\"headline\":\"\u00ab(Des)encanto\u00bb no me dej\u00f3 tan desencantado\",\"datePublished\":\"2018-10-08T05:04:51+00:00\",\"mainEntityOfPage\":{\"@id\":\"http:\/\/www.reconoce.mx\/?p=77060\"},\"wordCount\":935,\"commentCount\":0,\"publisher\":{\"@id\":\"http:\/\/www.reconoce.mx\/#organization\"},\"image\":{\"@id\":\"http:\/\/www.reconoce.mx\/?p=77060#primaryimage\"},\"thumbnailUrl\":\"http:\/\/www.reconoce.mx\/wp-content\/uploads\/2018\/10\/desencanto-1.jpg\",\"articleSection\":[\"Columnistas\",\"La ballesta de Mascatabaco\",\"Principal\"],\"inLanguage\":\"es\",\"potentialAction\":[{\"@type\":\"CommentAction\",\"name\":\"Comment\",\"target\":[\"http:\/\/www.reconoce.mx\/?p=77060#respond\"]}]},{\"@type\":\"WebPage\",\"@id\":\"http:\/\/www.reconoce.mx\/?p=77060\",\"url\":\"http:\/\/www.reconoce.mx\/?p=77060\",\"name\":\"\\\"(Des)encanto\\\" no me dej\u00f3 tan desencantado &#171; Reconoce MX\",\"isPartOf\":{\"@id\":\"http:\/\/www.reconoce.mx\/#website\"},\"primaryImageOfPage\":{\"@id\":\"http:\/\/www.reconoce.mx\/?p=77060#primaryimage\"},\"image\":{\"@id\":\"http:\/\/www.reconoce.mx\/?p=77060#primaryimage\"},\"thumbnailUrl\":\"http:\/\/www.reconoce.mx\/wp-content\/uploads\/2018\/10\/desencanto-1.jpg\",\"datePublished\":\"2018-10-08T05:04:51+00:00\",\"breadcrumb\":{\"@id\":\"http:\/\/www.reconoce.mx\/?p=77060#breadcrumb\"},\"inLanguage\":\"es\",\"potentialAction\":[{\"@type\":\"ReadAction\",\"target\":[\"http:\/\/www.reconoce.mx\/?p=77060\"]}]},{\"@type\":\"ImageObject\",\"inLanguage\":\"es\",\"@id\":\"http:\/\/www.reconoce.mx\/?p=77060#primaryimage\",\"url\":\"http:\/\/www.reconoce.mx\/wp-content\/uploads\/2018\/10\/desencanto-1.jpg\",\"contentUrl\":\"http:\/\/www.reconoce.mx\/wp-content\/uploads\/2018\/10\/desencanto-1.jpg\",\"width\":590,\"height\":380},{\"@type\":\"BreadcrumbList\",\"@id\":\"http:\/\/www.reconoce.mx\/?p=77060#breadcrumb\",\"itemListElement\":[{\"@type\":\"ListItem\",\"position\":1,\"name\":\"Portada\",\"item\":\"http:\/\/www.reconoce.mx\/\"},{\"@type\":\"ListItem\",\"position\":2,\"name\":\"\u00ab(Des)encanto\u00bb no me dej\u00f3 tan desencantado\"}]},{\"@type\":\"WebSite\",\"@id\":\"http:\/\/www.reconoce.mx\/#website\",\"url\":\"http:\/\/www.reconoce.mx\/\",\"name\":\"Reconoce MX\",\"description\":\"En Reconoce MX difundimos arte, cultura y conciencia social en M\u00e9xico. Tu ciudad en otra perspectiva.\",\"publisher\":{\"@id\":\"http:\/\/www.reconoce.mx\/#organization\"},\"potentialAction\":[{\"@type\":\"SearchAction\",\"target\":{\"@type\":\"EntryPoint\",\"urlTemplate\":\"http:\/\/www.reconoce.mx\/?s={search_term_string}\"},\"query-input\":{\"@type\":\"PropertyValueSpecification\",\"valueRequired\":true,\"valueName\":\"search_term_string\"}}],\"inLanguage\":\"es\"},{\"@type\":\"Organization\",\"@id\":\"http:\/\/www.reconoce.mx\/#organization\",\"name\":\"Reconoce MX\",\"url\":\"http:\/\/www.reconoce.mx\/\",\"logo\":{\"@type\":\"ImageObject\",\"inLanguage\":\"es\",\"@id\":\"http:\/\/www.reconoce.mx\/#\/schema\/logo\/image\/\",\"url\":\"https:\/\/www.reconoce.mx\/wp-content\/uploads\/2019\/03\/logorcmx-good-1.png\",\"contentUrl\":\"https:\/\/www.reconoce.mx\/wp-content\/uploads\/2019\/03\/logorcmx-good-1.png\",\"width\":280,\"height\":90,\"caption\":\"Reconoce MX\"},\"image\":{\"@id\":\"http:\/\/www.reconoce.mx\/#\/schema\/logo\/image\/\"},\"sameAs\":[\"https:\/\/es-la.facebook.com\/ReconoceMX\/\",\"https:\/\/x.com\/reconocemx\",\"http:\/\/@reconocemx\"]},{\"@type\":\"Person\",\"@id\":\"http:\/\/www.reconoce.mx\/#\/schema\/person\/2117e997d7051dc15d6880eaf9bca0b2\",\"name\":\"Reconoce MX\",\"image\":{\"@type\":\"ImageObject\",\"inLanguage\":\"es\",\"@id\":\"http:\/\/www.reconoce.mx\/#\/schema\/person\/image\/\",\"url\":\"https:\/\/secure.gravatar.com\/avatar\/6c8d4dc7569ca1c90c5fdcc349f839d5ddef6fe1e70b4337ead2ef1a4c43fc3a?s=96&d=identicon&r=g\",\"contentUrl\":\"https:\/\/secure.gravatar.com\/avatar\/6c8d4dc7569ca1c90c5fdcc349f839d5ddef6fe1e70b4337ead2ef1a4c43fc3a?s=96&d=identicon&r=g\",\"caption\":\"Reconoce MX\"},\"description\":\"Reconoce MX es un proyecto de difusi\u00f3n art\u00edstica, cultural y de conciencia social que est\u00e1 enfocado a difundir y fomentar el entretenimiento alternativo de calidad para todo el p\u00fablico que comparta el mismo entusiasmo.\",\"sameAs\":[\"http:\/\/www.reconoce.mx\"],\"url\":\"http:\/\/www.reconoce.mx\/?author=2\"}]}<\/script>\n<!-- \/ Yoast SEO plugin. -->","yoast_head_json":{"title":"\"(Des)encanto\" no me dej\u00f3 tan desencantado &#171; Reconoce MX","robots":{"index":"index","follow":"follow","max-snippet":"max-snippet:-1","max-image-preview":"max-image-preview:large","max-video-preview":"max-video-preview:-1"},"canonical":"http:\/\/www.reconoce.mx\/?p=77060","og_locale":"es_ES","og_type":"article","og_title":"\"(Des)encanto\" no me dej\u00f3 tan desencantado &#171; Reconoce MX","og_description":"Con motivo de la pasada San Diego Comic-Con, les platicaba en ese momento del pr\u00f3ximo estreno de la m\u00e1s reciente serie animada del genio Matt Groening. Groening, reconocido como el creador de la ya legendaria \u201cThe Simpsons\u201d (1989 \u2013 al presente) y de la cada vez m\u00e1s revalorizada \u201cFuturama\u201d (1999 \u2013 2013), regresar\u00eda este a\u00f1o con un nuevo trabajo.","og_url":"http:\/\/www.reconoce.mx\/?p=77060","og_site_name":"Reconoce MX","article_publisher":"https:\/\/es-la.facebook.com\/ReconoceMX\/","article_published_time":"2018-10-08T05:04:51+00:00","og_image":[{"width":590,"height":380,"url":"http:\/\/www.reconoce.mx\/wp-content\/uploads\/2018\/10\/desencanto-1.jpg","type":"image\/jpeg"}],"author":"Reconoce MX","twitter_card":"summary_large_image","twitter_creator":"@reconocemx","twitter_site":"@reconocemx","twitter_misc":{"Escrito por":"Reconoce MX","Tiempo de lectura":"5 minutos"},"schema":{"@context":"https:\/\/schema.org","@graph":[{"@type":"Article","@id":"http:\/\/www.reconoce.mx\/?p=77060#article","isPartOf":{"@id":"http:\/\/www.reconoce.mx\/?p=77060"},"author":{"name":"Reconoce MX","@id":"http:\/\/www.reconoce.mx\/#\/schema\/person\/2117e997d7051dc15d6880eaf9bca0b2"},"headline":"\u00ab(Des)encanto\u00bb no me dej\u00f3 tan desencantado","datePublished":"2018-10-08T05:04:51+00:00","mainEntityOfPage":{"@id":"http:\/\/www.reconoce.mx\/?p=77060"},"wordCount":935,"commentCount":0,"publisher":{"@id":"http:\/\/www.reconoce.mx\/#organization"},"image":{"@id":"http:\/\/www.reconoce.mx\/?p=77060#primaryimage"},"thumbnailUrl":"http:\/\/www.reconoce.mx\/wp-content\/uploads\/2018\/10\/desencanto-1.jpg","articleSection":["Columnistas","La ballesta de Mascatabaco","Principal"],"inLanguage":"es","potentialAction":[{"@type":"CommentAction","name":"Comment","target":["http:\/\/www.reconoce.mx\/?p=77060#respond"]}]},{"@type":"WebPage","@id":"http:\/\/www.reconoce.mx\/?p=77060","url":"http:\/\/www.reconoce.mx\/?p=77060","name":"\"(Des)encanto\" no me dej\u00f3 tan desencantado &#171; Reconoce MX","isPartOf":{"@id":"http:\/\/www.reconoce.mx\/#website"},"primaryImageOfPage":{"@id":"http:\/\/www.reconoce.mx\/?p=77060#primaryimage"},"image":{"@id":"http:\/\/www.reconoce.mx\/?p=77060#primaryimage"},"thumbnailUrl":"http:\/\/www.reconoce.mx\/wp-content\/uploads\/2018\/10\/desencanto-1.jpg","datePublished":"2018-10-08T05:04:51+00:00","breadcrumb":{"@id":"http:\/\/www.reconoce.mx\/?p=77060#breadcrumb"},"inLanguage":"es","potentialAction":[{"@type":"ReadAction","target":["http:\/\/www.reconoce.mx\/?p=77060"]}]},{"@type":"ImageObject","inLanguage":"es","@id":"http:\/\/www.reconoce.mx\/?p=77060#primaryimage","url":"http:\/\/www.reconoce.mx\/wp-content\/uploads\/2018\/10\/desencanto-1.jpg","contentUrl":"http:\/\/www.reconoce.mx\/wp-content\/uploads\/2018\/10\/desencanto-1.jpg","width":590,"height":380},{"@type":"BreadcrumbList","@id":"http:\/\/www.reconoce.mx\/?p=77060#breadcrumb","itemListElement":[{"@type":"ListItem","position":1,"name":"Portada","item":"http:\/\/www.reconoce.mx\/"},{"@type":"ListItem","position":2,"name":"\u00ab(Des)encanto\u00bb no me dej\u00f3 tan desencantado"}]},{"@type":"WebSite","@id":"http:\/\/www.reconoce.mx\/#website","url":"http:\/\/www.reconoce.mx\/","name":"Reconoce MX","description":"En Reconoce MX difundimos arte, cultura y conciencia social en M\u00e9xico. Tu ciudad en otra perspectiva.","publisher":{"@id":"http:\/\/www.reconoce.mx\/#organization"},"potentialAction":[{"@type":"SearchAction","target":{"@type":"EntryPoint","urlTemplate":"http:\/\/www.reconoce.mx\/?s={search_term_string}"},"query-input":{"@type":"PropertyValueSpecification","valueRequired":true,"valueName":"search_term_string"}}],"inLanguage":"es"},{"@type":"Organization","@id":"http:\/\/www.reconoce.mx\/#organization","name":"Reconoce MX","url":"http:\/\/www.reconoce.mx\/","logo":{"@type":"ImageObject","inLanguage":"es","@id":"http:\/\/www.reconoce.mx\/#\/schema\/logo\/image\/","url":"https:\/\/www.reconoce.mx\/wp-content\/uploads\/2019\/03\/logorcmx-good-1.png","contentUrl":"https:\/\/www.reconoce.mx\/wp-content\/uploads\/2019\/03\/logorcmx-good-1.png","width":280,"height":90,"caption":"Reconoce MX"},"image":{"@id":"http:\/\/www.reconoce.mx\/#\/schema\/logo\/image\/"},"sameAs":["https:\/\/es-la.facebook.com\/ReconoceMX\/","https:\/\/x.com\/reconocemx","http:\/\/@reconocemx"]},{"@type":"Person","@id":"http:\/\/www.reconoce.mx\/#\/schema\/person\/2117e997d7051dc15d6880eaf9bca0b2","name":"Reconoce MX","image":{"@type":"ImageObject","inLanguage":"es","@id":"http:\/\/www.reconoce.mx\/#\/schema\/person\/image\/","url":"https:\/\/secure.gravatar.com\/avatar\/6c8d4dc7569ca1c90c5fdcc349f839d5ddef6fe1e70b4337ead2ef1a4c43fc3a?s=96&d=identicon&r=g","contentUrl":"https:\/\/secure.gravatar.com\/avatar\/6c8d4dc7569ca1c90c5fdcc349f839d5ddef6fe1e70b4337ead2ef1a4c43fc3a?s=96&d=identicon&r=g","caption":"Reconoce MX"},"description":"Reconoce MX es un proyecto de difusi\u00f3n art\u00edstica, cultural y de conciencia social que est\u00e1 enfocado a difundir y fomentar el entretenimiento alternativo de calidad para todo el p\u00fablico que comparta el mismo entusiasmo.","sameAs":["http:\/\/www.reconoce.mx"],"url":"http:\/\/www.reconoce.mx\/?author=2"}]}},"_links":{"self":[{"href":"http:\/\/www.reconoce.mx\/index.php?rest_route=\/wp\/v2\/posts\/77060","targetHints":{"allow":["GET"]}}],"collection":[{"href":"http:\/\/www.reconoce.mx\/index.php?rest_route=\/wp\/v2\/posts"}],"about":[{"href":"http:\/\/www.reconoce.mx\/index.php?rest_route=\/wp\/v2\/types\/post"}],"author":[{"embeddable":true,"href":"http:\/\/www.reconoce.mx\/index.php?rest_route=\/wp\/v2\/users\/2"}],"replies":[{"embeddable":true,"href":"http:\/\/www.reconoce.mx\/index.php?rest_route=%2Fwp%2Fv2%2Fcomments&post=77060"}],"version-history":[{"count":2,"href":"http:\/\/www.reconoce.mx\/index.php?rest_route=\/wp\/v2\/posts\/77060\/revisions"}],"predecessor-version":[{"id":77067,"href":"http:\/\/www.reconoce.mx\/index.php?rest_route=\/wp\/v2\/posts\/77060\/revisions\/77067"}],"wp:featuredmedia":[{"embeddable":true,"href":"http:\/\/www.reconoce.mx\/index.php?rest_route=\/wp\/v2\/media\/77061"}],"wp:attachment":[{"href":"http:\/\/www.reconoce.mx\/index.php?rest_route=%2Fwp%2Fv2%2Fmedia&parent=77060"}],"wp:term":[{"taxonomy":"category","embeddable":true,"href":"http:\/\/www.reconoce.mx\/index.php?rest_route=%2Fwp%2Fv2%2Fcategories&post=77060"},{"taxonomy":"post_tag","embeddable":true,"href":"http:\/\/www.reconoce.mx\/index.php?rest_route=%2Fwp%2Fv2%2Ftags&post=77060"}],"curies":[{"name":"wp","href":"https:\/\/api.w.org\/{rel}","templated":true}]}}