{"id":77068,"date":"2018-10-08T00:03:47","date_gmt":"2018-10-08T05:03:47","guid":{"rendered":"http:\/\/www.reconoce.mx\/?p=77068"},"modified":"2018-10-07T23:38:10","modified_gmt":"2018-10-08T04:38:10","slug":"phia-de-andrea-corona","status":"publish","type":"post","link":"http:\/\/www.reconoce.mx\/?p=77068","title":{"rendered":"&#8216;Ph\u00eda&#8217;, de Andrea Corona"},"content":{"rendered":"<p><a href=\"http:\/\/www.reconoce.mx\/category\/cultura\/musica\/lunes-musical-musica\/\"><img loading=\"lazy\" decoding=\"async\" class=\"aligncenter size-full wp-image-38360\" src=\"http:\/\/www.reconoce.mx\/wp-content\/uploads\/2015\/06\/Lunes1.png\" sizes=\"auto, (max-width: 550px) 100vw, 550px\" srcset=\"http:\/\/www.reconoce.mx\/wp-content\/uploads\/2015\/06\/Lunes1.png 550w, http:\/\/www.reconoce.mx\/wp-content\/uploads\/2015\/06\/Lunes1-300x38.png 300w, http:\/\/www.reconoce.mx\/wp-content\/uploads\/2015\/06\/Lunes1-150x19.png 150w\" alt=\"Lunes\" width=\"550\" height=\"70\" \/><\/a><strong><br \/>\nPor <a title=\"@AsfaltosTweets\" href=\"http:\/\/twitter.com\/AsfaltosTweets\" target=\"_blank\" rel=\"noopener\">Asfaltos<\/a><\/strong>.<\/p>\n<p>No s\u00e9 ustedes, pero yo pas\u00e9 el fin de semana en cama&#8230; Y no, no como me gustar\u00eda pasarlo, sino que me lo pas\u00e9 enfermo. En las \u00faltimas semanas mi salud ha sufrido algunos golpes contundentes que me han hecho recordar el abandono en el que la he tenido en los \u00faltimos a\u00f1os. No es poca cosa, muchas cosas deben cambiar a partir de ahora. Afortunadamente, como siempre, la m\u00fasica me anima.<\/p>\n<style>.embed-container { position: relative; padding-bottom: 56.25%; height: 0; overflow: hidden; max-width: 100%; } .embed-container iframe, .embed-container object, .embed-container embed { position: absolute; top: 0; left: 0; width: 100%; height: 100%; }<\/style>\n<div class=\"embed-container\"><iframe src=\"https:\/\/www.youtube.com\/embed\/NtYD3dKUiZk\" frameborder=\"0\" allowfullscreen=\"allowfullscreen\"><\/iframe><\/div>\n<p>&nbsp;<\/p>\n<p>Tiene ya hace un rato que tengo a<strong> Andrea Corona<\/strong> entre mis pendientes para <a href=\"http:\/\/www.reconoce.mx\/category\/cultura\/musica\/lunes-musical-musica\/\" target=\"_blank\" rel=\"noopener\">Lunes musical<\/a>. No recuerdo el momento preciso en el que la escuch\u00e9 por primera vez, pero si la anot\u00e9 es porque de inmediato atrap\u00f3 mi atenci\u00f3n. Ahora que volv\u00eda a revisar su m\u00fasica, supe el porqu\u00e9. La sencillez de esta chica de preciosa voz y talento musical destacado, es sin duda lo que me hizo fijarme en ella. \u00abPh\u00eda\u00bb, la canci\u00f3n con la que se las presento hoy, es un buen ejemplo de lo anterior.<\/p>\n<p>Originaria de Ciudad de M\u00e9xico, Andrea inici\u00f3 una s\u00f3lida relaci\u00f3n con el ukulele cuando ella contaba con apenas 12 a\u00f1os de edad. Si se le busca en YouTube, uno descubre que si bien no con un paso s\u00f3lido, s\u00ed ha construido por lo pronto un camino en redes que le ha permitido por lo menos lanzarse en esta siempre ajetreada carrera musical. S\u00ed, Andrea es una destacada ejecutora del ukulele, pero del mismo modo tambi\u00e9n de la guitarra.<\/p>\n<p>En \u00abPh\u00eda\u00bb, su primer sencillo de su pr\u00f3ximo \u00e1lbum \u00abRojo sand\u00eda\u00bb, nos encontramos con esa sencillez que nos ha encantado. Con el ukulele en primer plano, pero tambi\u00e9n con su dulce voz como protagonista, \u00abPh\u00eda\u00bb de <strong>Andrea Corona<\/strong> se nos regala como una melod\u00eda dulce, perfecta para este octubre que para muchos se nos presenta melanc\u00f3lico y nost\u00e1lgico; pero tambi\u00e9n cono ese dejo de alegr\u00eda como precisamente cuando uno prueba un \u00abRojo sand\u00eda\u00bb.<\/p>\n<p>No s\u00e9 ustedes, pero yo por lo menos habr\u00e9 de seguirle el paso a esta muy interesante m\u00fasica. Atentos, que seguro Andrea dar\u00e1 m\u00e1s de qu\u00e9 hablarnos en un futuro pr\u00f3ximo, de eso no tengo la menor duda. A m\u00ed, personalmente en estos d\u00edas, me ha ca\u00eddo como dulce b\u00e1lsamo&#8230;<\/p>\n<p>Si les ha gustado la m\u00fasica de <strong>Andrea Corona<\/strong>, no dejen de seguirla en <a href=\"https:\/\/twitter.com\/ukulelesh\" target=\"_blank\" rel=\"noopener\">Twitter<\/a>, <a href=\"https:\/\/www.facebook.com\/ukulelesh\/\" target=\"_blank\" rel=\"noopener\">Facebook<\/a>, <a href=\"https:\/\/www.instagram.com\/ukulelesh\/?hl=es-la\" target=\"_blank\" rel=\"noopener\">Instagram<\/a> y <a href=\"https:\/\/www.youtube.com\/channel\/UCGm_VnXmGGqrpuvSAWWrU4g\" target=\"_blank\" rel=\"noopener\">YouTube<\/a>. Ya me dir\u00e1n si les ha gustado su m\u00fasica tambi\u00e9n.<\/p>\n<p style=\"text-align: right;\">Imagen tomada del Facebook de la m\u00fasica.<\/p>\n<p>&nbsp;<\/p>\n<p>&nbsp;<\/p>\n","protected":false},"excerpt":{"rendered":"<p>No s\u00e9 ustedes, pero yo pas\u00e9 el fin de semana en cama&#8230; Y no, no como me gustar\u00eda pasarlo, sino que me lo pas\u00e9 enfermo. En las \u00faltimas semanas mi salud ha sufrido algunos golpes contundentes que me han hecho recordar el abandono en el que la he tenido en los \u00faltimos a\u00f1os. <\/p>\n","protected":false},"author":2,"featured_media":77069,"comment_status":"open","ping_status":"open","sticky":false,"template":"","format":"standard","meta":{"footnotes":""},"categories":[1,665,18,17],"tags":[],"class_list":["post-77068","post","type-post","status-publish","format-standard","has-post-thumbnail","hentry","category-cultura","category-lunes-musical-musica","category-musica","category-principal"],"yoast_head":"<!-- This site is optimized with the Yoast SEO plugin v24.7 - https:\/\/yoast.com\/wordpress\/plugins\/seo\/ -->\n<title>&#039;Ph\u00eda&#039;, de Andrea Corona &#171; Reconoce MX<\/title>\n<meta name=\"robots\" content=\"index, follow, max-snippet:-1, max-image-preview:large, max-video-preview:-1\" \/>\n<link rel=\"canonical\" href=\"https:\/\/www.reconoce.mx\/?p=77068\" \/>\n<meta property=\"og:locale\" content=\"es_ES\" \/>\n<meta property=\"og:type\" content=\"article\" \/>\n<meta property=\"og:title\" content=\"&#039;Ph\u00eda&#039;, de Andrea Corona &#171; Reconoce MX\" \/>\n<meta property=\"og:description\" content=\"No s\u00e9 ustedes, pero yo pas\u00e9 el fin de semana en cama... Y no, no como me gustar\u00eda pasarlo, sino que me lo pas\u00e9 enfermo. En las \u00faltimas semanas mi salud ha sufrido algunos golpes contundentes que me han hecho recordar el abandono en el que la he tenido en los \u00faltimos a\u00f1os.\" \/>\n<meta property=\"og:url\" content=\"https:\/\/www.reconoce.mx\/?p=77068\" \/>\n<meta property=\"og:site_name\" content=\"Reconoce MX\" \/>\n<meta property=\"article:publisher\" content=\"https:\/\/es-la.facebook.com\/ReconoceMX\/\" \/>\n<meta property=\"article:published_time\" content=\"2018-10-08T05:03:47+00:00\" \/>\n<meta property=\"og:image\" content=\"https:\/\/www.reconoce.mx\/wp-content\/uploads\/2018\/10\/andrea-corona-cover.jpg\" \/>\n\t<meta property=\"og:image:width\" content=\"590\" \/>\n\t<meta property=\"og:image:height\" content=\"380\" \/>\n\t<meta property=\"og:image:type\" content=\"image\/jpeg\" \/>\n<meta name=\"author\" content=\"Reconoce MX\" \/>\n<meta name=\"twitter:card\" content=\"summary_large_image\" \/>\n<meta name=\"twitter:creator\" content=\"@reconocemx\" \/>\n<meta name=\"twitter:site\" content=\"@reconocemx\" \/>\n<meta name=\"twitter:label1\" content=\"Escrito por\" \/>\n\t<meta name=\"twitter:data1\" content=\"Reconoce MX\" \/>\n\t<meta name=\"twitter:label2\" content=\"Tiempo de lectura\" \/>\n\t<meta name=\"twitter:data2\" content=\"2 minutos\" \/>\n<script type=\"application\/ld+json\" class=\"yoast-schema-graph\">{\"@context\":\"https:\/\/schema.org\",\"@graph\":[{\"@type\":\"Article\",\"@id\":\"https:\/\/www.reconoce.mx\/?p=77068#article\",\"isPartOf\":{\"@id\":\"https:\/\/www.reconoce.mx\/?p=77068\"},\"author\":{\"name\":\"Reconoce MX\",\"@id\":\"http:\/\/www.reconoce.mx\/#\/schema\/person\/2117e997d7051dc15d6880eaf9bca0b2\"},\"headline\":\"&#8216;Ph\u00eda&#8217;, de Andrea Corona\",\"datePublished\":\"2018-10-08T05:03:47+00:00\",\"mainEntityOfPage\":{\"@id\":\"https:\/\/www.reconoce.mx\/?p=77068\"},\"wordCount\":443,\"commentCount\":0,\"publisher\":{\"@id\":\"http:\/\/www.reconoce.mx\/#organization\"},\"image\":{\"@id\":\"https:\/\/www.reconoce.mx\/?p=77068#primaryimage\"},\"thumbnailUrl\":\"http:\/\/www.reconoce.mx\/wp-content\/uploads\/2018\/10\/andrea-corona-cover.jpg\",\"articleSection\":[\"Cultura\",\"Lunes musical\",\"M\u00fasica\",\"Principal\"],\"inLanguage\":\"es\",\"potentialAction\":[{\"@type\":\"CommentAction\",\"name\":\"Comment\",\"target\":[\"https:\/\/www.reconoce.mx\/?p=77068#respond\"]}]},{\"@type\":\"WebPage\",\"@id\":\"https:\/\/www.reconoce.mx\/?p=77068\",\"url\":\"https:\/\/www.reconoce.mx\/?p=77068\",\"name\":\"'Ph\u00eda', de Andrea Corona &#171; Reconoce MX\",\"isPartOf\":{\"@id\":\"http:\/\/www.reconoce.mx\/#website\"},\"primaryImageOfPage\":{\"@id\":\"https:\/\/www.reconoce.mx\/?p=77068#primaryimage\"},\"image\":{\"@id\":\"https:\/\/www.reconoce.mx\/?p=77068#primaryimage\"},\"thumbnailUrl\":\"http:\/\/www.reconoce.mx\/wp-content\/uploads\/2018\/10\/andrea-corona-cover.jpg\",\"datePublished\":\"2018-10-08T05:03:47+00:00\",\"breadcrumb\":{\"@id\":\"https:\/\/www.reconoce.mx\/?p=77068#breadcrumb\"},\"inLanguage\":\"es\",\"potentialAction\":[{\"@type\":\"ReadAction\",\"target\":[\"https:\/\/www.reconoce.mx\/?p=77068\"]}]},{\"@type\":\"ImageObject\",\"inLanguage\":\"es\",\"@id\":\"https:\/\/www.reconoce.mx\/?p=77068#primaryimage\",\"url\":\"http:\/\/www.reconoce.mx\/wp-content\/uploads\/2018\/10\/andrea-corona-cover.jpg\",\"contentUrl\":\"http:\/\/www.reconoce.mx\/wp-content\/uploads\/2018\/10\/andrea-corona-cover.jpg\",\"width\":590,\"height\":380},{\"@type\":\"BreadcrumbList\",\"@id\":\"https:\/\/www.reconoce.mx\/?p=77068#breadcrumb\",\"itemListElement\":[{\"@type\":\"ListItem\",\"position\":1,\"name\":\"Portada\",\"item\":\"http:\/\/www.reconoce.mx\/\"},{\"@type\":\"ListItem\",\"position\":2,\"name\":\"&#8216;Ph\u00eda&#8217;, de Andrea Corona\"}]},{\"@type\":\"WebSite\",\"@id\":\"http:\/\/www.reconoce.mx\/#website\",\"url\":\"http:\/\/www.reconoce.mx\/\",\"name\":\"Reconoce MX\",\"description\":\"En Reconoce MX difundimos arte, cultura y conciencia social en M\u00e9xico. Tu ciudad en otra perspectiva.\",\"publisher\":{\"@id\":\"http:\/\/www.reconoce.mx\/#organization\"},\"potentialAction\":[{\"@type\":\"SearchAction\",\"target\":{\"@type\":\"EntryPoint\",\"urlTemplate\":\"http:\/\/www.reconoce.mx\/?s={search_term_string}\"},\"query-input\":{\"@type\":\"PropertyValueSpecification\",\"valueRequired\":true,\"valueName\":\"search_term_string\"}}],\"inLanguage\":\"es\"},{\"@type\":\"Organization\",\"@id\":\"http:\/\/www.reconoce.mx\/#organization\",\"name\":\"Reconoce MX\",\"url\":\"http:\/\/www.reconoce.mx\/\",\"logo\":{\"@type\":\"ImageObject\",\"inLanguage\":\"es\",\"@id\":\"http:\/\/www.reconoce.mx\/#\/schema\/logo\/image\/\",\"url\":\"https:\/\/www.reconoce.mx\/wp-content\/uploads\/2019\/03\/logorcmx-good-1.png\",\"contentUrl\":\"https:\/\/www.reconoce.mx\/wp-content\/uploads\/2019\/03\/logorcmx-good-1.png\",\"width\":280,\"height\":90,\"caption\":\"Reconoce MX\"},\"image\":{\"@id\":\"http:\/\/www.reconoce.mx\/#\/schema\/logo\/image\/\"},\"sameAs\":[\"https:\/\/es-la.facebook.com\/ReconoceMX\/\",\"https:\/\/x.com\/reconocemx\",\"http:\/\/@reconocemx\"]},{\"@type\":\"Person\",\"@id\":\"http:\/\/www.reconoce.mx\/#\/schema\/person\/2117e997d7051dc15d6880eaf9bca0b2\",\"name\":\"Reconoce MX\",\"image\":{\"@type\":\"ImageObject\",\"inLanguage\":\"es\",\"@id\":\"http:\/\/www.reconoce.mx\/#\/schema\/person\/image\/\",\"url\":\"https:\/\/secure.gravatar.com\/avatar\/6c8d4dc7569ca1c90c5fdcc349f839d5ddef6fe1e70b4337ead2ef1a4c43fc3a?s=96&d=identicon&r=g\",\"contentUrl\":\"https:\/\/secure.gravatar.com\/avatar\/6c8d4dc7569ca1c90c5fdcc349f839d5ddef6fe1e70b4337ead2ef1a4c43fc3a?s=96&d=identicon&r=g\",\"caption\":\"Reconoce MX\"},\"description\":\"Reconoce MX es un proyecto de difusi\u00f3n art\u00edstica, cultural y de conciencia social que est\u00e1 enfocado a difundir y fomentar el entretenimiento alternativo de calidad para todo el p\u00fablico que comparta el mismo entusiasmo.\",\"sameAs\":[\"http:\/\/www.reconoce.mx\"],\"url\":\"http:\/\/www.reconoce.mx\/?author=2\"}]}<\/script>\n<!-- \/ Yoast SEO plugin. -->","yoast_head_json":{"title":"'Ph\u00eda', de Andrea Corona &#171; Reconoce MX","robots":{"index":"index","follow":"follow","max-snippet":"max-snippet:-1","max-image-preview":"max-image-preview:large","max-video-preview":"max-video-preview:-1"},"canonical":"https:\/\/www.reconoce.mx\/?p=77068","og_locale":"es_ES","og_type":"article","og_title":"'Ph\u00eda', de Andrea Corona &#171; Reconoce MX","og_description":"No s\u00e9 ustedes, pero yo pas\u00e9 el fin de semana en cama... Y no, no como me gustar\u00eda pasarlo, sino que me lo pas\u00e9 enfermo. En las \u00faltimas semanas mi salud ha sufrido algunos golpes contundentes que me han hecho recordar el abandono en el que la he tenido en los \u00faltimos a\u00f1os.","og_url":"https:\/\/www.reconoce.mx\/?p=77068","og_site_name":"Reconoce MX","article_publisher":"https:\/\/es-la.facebook.com\/ReconoceMX\/","article_published_time":"2018-10-08T05:03:47+00:00","og_image":[{"width":590,"height":380,"url":"https:\/\/www.reconoce.mx\/wp-content\/uploads\/2018\/10\/andrea-corona-cover.jpg","type":"image\/jpeg"}],"author":"Reconoce MX","twitter_card":"summary_large_image","twitter_creator":"@reconocemx","twitter_site":"@reconocemx","twitter_misc":{"Escrito por":"Reconoce MX","Tiempo de lectura":"2 minutos"},"schema":{"@context":"https:\/\/schema.org","@graph":[{"@type":"Article","@id":"https:\/\/www.reconoce.mx\/?p=77068#article","isPartOf":{"@id":"https:\/\/www.reconoce.mx\/?p=77068"},"author":{"name":"Reconoce MX","@id":"http:\/\/www.reconoce.mx\/#\/schema\/person\/2117e997d7051dc15d6880eaf9bca0b2"},"headline":"&#8216;Ph\u00eda&#8217;, de Andrea Corona","datePublished":"2018-10-08T05:03:47+00:00","mainEntityOfPage":{"@id":"https:\/\/www.reconoce.mx\/?p=77068"},"wordCount":443,"commentCount":0,"publisher":{"@id":"http:\/\/www.reconoce.mx\/#organization"},"image":{"@id":"https:\/\/www.reconoce.mx\/?p=77068#primaryimage"},"thumbnailUrl":"http:\/\/www.reconoce.mx\/wp-content\/uploads\/2018\/10\/andrea-corona-cover.jpg","articleSection":["Cultura","Lunes musical","M\u00fasica","Principal"],"inLanguage":"es","potentialAction":[{"@type":"CommentAction","name":"Comment","target":["https:\/\/www.reconoce.mx\/?p=77068#respond"]}]},{"@type":"WebPage","@id":"https:\/\/www.reconoce.mx\/?p=77068","url":"https:\/\/www.reconoce.mx\/?p=77068","name":"'Ph\u00eda', de Andrea Corona &#171; Reconoce MX","isPartOf":{"@id":"http:\/\/www.reconoce.mx\/#website"},"primaryImageOfPage":{"@id":"https:\/\/www.reconoce.mx\/?p=77068#primaryimage"},"image":{"@id":"https:\/\/www.reconoce.mx\/?p=77068#primaryimage"},"thumbnailUrl":"http:\/\/www.reconoce.mx\/wp-content\/uploads\/2018\/10\/andrea-corona-cover.jpg","datePublished":"2018-10-08T05:03:47+00:00","breadcrumb":{"@id":"https:\/\/www.reconoce.mx\/?p=77068#breadcrumb"},"inLanguage":"es","potentialAction":[{"@type":"ReadAction","target":["https:\/\/www.reconoce.mx\/?p=77068"]}]},{"@type":"ImageObject","inLanguage":"es","@id":"https:\/\/www.reconoce.mx\/?p=77068#primaryimage","url":"http:\/\/www.reconoce.mx\/wp-content\/uploads\/2018\/10\/andrea-corona-cover.jpg","contentUrl":"http:\/\/www.reconoce.mx\/wp-content\/uploads\/2018\/10\/andrea-corona-cover.jpg","width":590,"height":380},{"@type":"BreadcrumbList","@id":"https:\/\/www.reconoce.mx\/?p=77068#breadcrumb","itemListElement":[{"@type":"ListItem","position":1,"name":"Portada","item":"http:\/\/www.reconoce.mx\/"},{"@type":"ListItem","position":2,"name":"&#8216;Ph\u00eda&#8217;, de Andrea Corona"}]},{"@type":"WebSite","@id":"http:\/\/www.reconoce.mx\/#website","url":"http:\/\/www.reconoce.mx\/","name":"Reconoce MX","description":"En Reconoce MX difundimos arte, cultura y conciencia social en M\u00e9xico. Tu ciudad en otra perspectiva.","publisher":{"@id":"http:\/\/www.reconoce.mx\/#organization"},"potentialAction":[{"@type":"SearchAction","target":{"@type":"EntryPoint","urlTemplate":"http:\/\/www.reconoce.mx\/?s={search_term_string}"},"query-input":{"@type":"PropertyValueSpecification","valueRequired":true,"valueName":"search_term_string"}}],"inLanguage":"es"},{"@type":"Organization","@id":"http:\/\/www.reconoce.mx\/#organization","name":"Reconoce MX","url":"http:\/\/www.reconoce.mx\/","logo":{"@type":"ImageObject","inLanguage":"es","@id":"http:\/\/www.reconoce.mx\/#\/schema\/logo\/image\/","url":"https:\/\/www.reconoce.mx\/wp-content\/uploads\/2019\/03\/logorcmx-good-1.png","contentUrl":"https:\/\/www.reconoce.mx\/wp-content\/uploads\/2019\/03\/logorcmx-good-1.png","width":280,"height":90,"caption":"Reconoce MX"},"image":{"@id":"http:\/\/www.reconoce.mx\/#\/schema\/logo\/image\/"},"sameAs":["https:\/\/es-la.facebook.com\/ReconoceMX\/","https:\/\/x.com\/reconocemx","http:\/\/@reconocemx"]},{"@type":"Person","@id":"http:\/\/www.reconoce.mx\/#\/schema\/person\/2117e997d7051dc15d6880eaf9bca0b2","name":"Reconoce MX","image":{"@type":"ImageObject","inLanguage":"es","@id":"http:\/\/www.reconoce.mx\/#\/schema\/person\/image\/","url":"https:\/\/secure.gravatar.com\/avatar\/6c8d4dc7569ca1c90c5fdcc349f839d5ddef6fe1e70b4337ead2ef1a4c43fc3a?s=96&d=identicon&r=g","contentUrl":"https:\/\/secure.gravatar.com\/avatar\/6c8d4dc7569ca1c90c5fdcc349f839d5ddef6fe1e70b4337ead2ef1a4c43fc3a?s=96&d=identicon&r=g","caption":"Reconoce MX"},"description":"Reconoce MX es un proyecto de difusi\u00f3n art\u00edstica, cultural y de conciencia social que est\u00e1 enfocado a difundir y fomentar el entretenimiento alternativo de calidad para todo el p\u00fablico que comparta el mismo entusiasmo.","sameAs":["http:\/\/www.reconoce.mx"],"url":"http:\/\/www.reconoce.mx\/?author=2"}]}},"_links":{"self":[{"href":"http:\/\/www.reconoce.mx\/index.php?rest_route=\/wp\/v2\/posts\/77068","targetHints":{"allow":["GET"]}}],"collection":[{"href":"http:\/\/www.reconoce.mx\/index.php?rest_route=\/wp\/v2\/posts"}],"about":[{"href":"http:\/\/www.reconoce.mx\/index.php?rest_route=\/wp\/v2\/types\/post"}],"author":[{"embeddable":true,"href":"http:\/\/www.reconoce.mx\/index.php?rest_route=\/wp\/v2\/users\/2"}],"replies":[{"embeddable":true,"href":"http:\/\/www.reconoce.mx\/index.php?rest_route=%2Fwp%2Fv2%2Fcomments&post=77068"}],"version-history":[{"count":2,"href":"http:\/\/www.reconoce.mx\/index.php?rest_route=\/wp\/v2\/posts\/77068\/revisions"}],"predecessor-version":[{"id":77071,"href":"http:\/\/www.reconoce.mx\/index.php?rest_route=\/wp\/v2\/posts\/77068\/revisions\/77071"}],"wp:featuredmedia":[{"embeddable":true,"href":"http:\/\/www.reconoce.mx\/index.php?rest_route=\/wp\/v2\/media\/77069"}],"wp:attachment":[{"href":"http:\/\/www.reconoce.mx\/index.php?rest_route=%2Fwp%2Fv2%2Fmedia&parent=77068"}],"wp:term":[{"taxonomy":"category","embeddable":true,"href":"http:\/\/www.reconoce.mx\/index.php?rest_route=%2Fwp%2Fv2%2Fcategories&post=77068"},{"taxonomy":"post_tag","embeddable":true,"href":"http:\/\/www.reconoce.mx\/index.php?rest_route=%2Fwp%2Fv2%2Ftags&post=77068"}],"curies":[{"name":"wp","href":"https:\/\/api.w.org\/{rel}","templated":true}]}}