{"id":77074,"date":"2018-10-08T00:06:59","date_gmt":"2018-10-08T05:06:59","guid":{"rendered":"http:\/\/www.reconoce.mx\/?p=77074"},"modified":"2019-02-22T07:20:19","modified_gmt":"2019-02-22T13:20:19","slug":"johnny-marr-asi-fue-su-primera-vez-en-mexico","status":"publish","type":"post","link":"http:\/\/www.reconoce.mx\/?p=77074","title":{"rendered":"Johnny Marr: as\u00ed fue su primera vez en M\u00e9xico"},"content":{"rendered":"<p><strong>Texto por <a href=\"https:\/\/www.instagram.com\/miriam_alavez\/\" target=\"_blank\" rel=\"noopener\">Miriam Alavez Garc\u00eda<\/a><\/strong>.<strong><br \/>\nFotos por <a href=\"https:\/\/twitter.com\/zeusjaguar\" target=\"_blank\" rel=\"noopener\">Zeus Ariel L\u00f3pez S\u00e1nchez<\/a><\/strong>.<\/p>\n<p>La noche del pasado martes 2 de octubre el m\u00edtico guitarrista John Mart\u00edn Maher, mejor conocido como <strong>Johnny Marr<\/strong> lleg\u00f3 a uno de los <em>venues<\/em> m\u00e1s relevantes en la colonia Condesa para presentar su tour \u201cCall the Comet\u201d, y junto a fan\u00e1ticos luci\u00f3 e interpret\u00f3 canciones pertenecientes a este nuevo disco y temas de la legendaria y extinta banda inglesa <strong>The Smiths<\/strong>, pues desde principios de los 80 form\u00f3 parte de ella junto a Steven Patrick Morrissey.<\/p>\n<p><img loading=\"lazy\" decoding=\"async\" class=\"alignnone size-full\" src=\"https:\/\/c1.staticflickr.com\/2\/1947\/45121400422_d2fb1372cc_c.jpg\" width=\"800\" height=\"534\" \/><\/p>\n<p><strong><em>&gt;&gt;<a href=\"https:\/\/www.flickr.com\/photos\/reconocemx\/albums\/72157698950639342\" target=\"_blank\" rel=\"noopener\">Disfruta nuestra galer\u00eda completa de Johnny Marr en El Plaza<\/a>&lt;&lt;<\/em><\/strong><\/p>\n<p>Despu\u00e9s de haber participado en <strong>The Smiths<\/strong>, su talento sonoro lleg\u00f3 a adentrarse en proyectos como The Cribs, The The, Electronic y Modest Mouse, tambi\u00e9n colabor\u00f3 en \u00e1lbumes de exitosas bandas tales como Talking Heads, Pet Shop Boys, Beck y Oasis por mencionar algunas, y a principios de los a\u00f1os 2000, la reconocida revista estadounidense <strong>Rolling Stone<\/strong> lo incluy\u00f3 \u00a0en su lista de \u201cLos cien mejores guitarrista de todos los tiempos\u201d en un quincuag\u00e9simo lugar.<\/p>\n<p>En punto de las 21:00 horas el escenario de <strong>El Plaza Condesa<\/strong> recibi\u00f3 a la banda \u2018telonera\u2019 de nombre<strong> The Belle Game<\/strong>, una banda canadiense que por primera vez pisaba tierras aztecas. Con temas bastante c\u00e1lidos y un tanto parecidos a la banda <strong>The XX<\/strong> lograron captar la atenci\u00f3n y el sentido auditivo de la gente que ya se daba cita en dicho lugar. Muchos de los espectadores tornaban un rostro bastante entusiasmado; muy emocionados y listos para ver a un \u00edcono de la m\u00fasica inglesa, trat\u00e1ndose nada m\u00e1s y nada menos que de <strong>Johnny Marr<\/strong>, ex guitarrista de la legendaria agrupaci\u00f3n <strong>The Smiths<\/strong>. Al t\u00e9rmino\u00a0 de los canadienses, el staff tom\u00f3 postura hacia los micr\u00f3fonos e instrumentos para que todo sonara perfectamente no sin antes dejar bien colocado el maravilloso setlist que nos ten\u00eda preparado el brit\u00e1nico.<\/p>\n<p>Escasos minutos despu\u00e9s de las 21:00 horas, las luces se concentraron en un tono azul, muy similar a la de su nuevo \u00e1lbum. Gritos como \u201c\u00a1Johnny, Johnny, Johnny!\u201d ya lo recib\u00edan gustosamente; los celulares comenzaron asomarse pues los fieles seguidores guardar\u00edan su gran entrada para toda una eternidad.<\/p>\n<p><img loading=\"lazy\" decoding=\"async\" class=\"alignnone size-full\" src=\"https:\/\/c1.staticflickr.com\/2\/1975\/45170400501_32c2d91689_c.jpg\" width=\"800\" height=\"534\" \/><\/p>\n<p><strong><em>&gt;&gt;<a href=\"https:\/\/www.flickr.com\/photos\/reconocemx\/albums\/72157698950639342\" target=\"_blank\" rel=\"noopener\">Disfruta nuestra galer\u00eda completa de Johnny Marr en El Plaza<\/a>&lt;&lt;<\/em><\/strong><\/p>\n<p>Fue as\u00ed como comenz\u00f3 la noche \u201cThe Tracers\u201d, un tema de su nuevo material de estudio son\u00f3 bastante potente, seguido de \u201cBigmouth Strike\u201d con el que sab\u00edamos que <strong>The Smiths<\/strong> tambi\u00e9n se har\u00eda presente en el concierto de Marr.<\/p>\n<p>La elegancia que tiene Johnny al tocar y cantar es de admirar, cuando se desplazaba de un lado a otro en el escenario la gente no paraba de gritarle y tomarle fotos; su porte y forma de vestir le queda tan bien que no aparenta la edad que tiene, realmente es un <em>rockstar<\/em>.<\/p>\n<p>La noche continu\u00f3\u00a0 con \u201cDay In Day Out\u201d misma se caracteriza por tener un interlude de riffs muy \u00fanico y es perteneciente a su reciente \u00e1lbum al igual que \u201cRise\u201d; tambi\u00e9n dio un recorrido por sus anteriores materiales con temas como \u201cThe Message\u201d y el tan esperado \u201cEasy Money\u201d.<\/p>\n<p><img loading=\"lazy\" decoding=\"async\" class=\"alignnone size-full\" src=\"https:\/\/c1.staticflickr.com\/2\/1920\/45121404822_4cd7233a0a_c.jpg\" width=\"800\" height=\"534\" \/><\/p>\n<p><strong><em>&gt;&gt;<a href=\"https:\/\/www.flickr.com\/photos\/reconocemx\/albums\/72157698950639342\" target=\"_blank\" rel=\"noopener\">Disfruta nuestra galer\u00eda completa de Johnny Marr en El Plaza<\/a>&lt;&lt;<\/em><\/strong><\/p>\n<p>Lleg\u00f3 el momento del tradicional <em>encore<\/em>, el p\u00fablico no paraba de mover las cabezas, palmas arriba, gritos y el t\u00edpico \u201c\u00a1o\u00e9 o\u00e9 o\u00e9 o\u00e9, Johnny-Marr!\u201d para que el guitarrista y compa\u00f1\u00eda volvieran al escenario.<\/p>\n<p>La espera no tard\u00f3 mucho, pues volvieron con un par de tracks m\u00e1s: \u201cA Light Tha Never Goes Out\u201d caus\u00f3 tremenda euforia en los espectadores, seguida de \u201cYou Yust Haven\u2019t Earned It Yey Baby\u201d; ambos grandes \u00e9xitos de <strong>The Smiths<\/strong> que no pod\u00edan faltar en su primera visita a nuestro pa\u00eds.<\/p>\n<p>La noche finaliz\u00f3 y el agradecimiento de Marr hacia M\u00e9xico era grato: \u201cGracias, M\u00e9xico, hasta la pr\u00f3xima\u201d, se\u00f1al\u00f3 el guitarrista con pasos fuera del entarimado.<\/p>\n<p>&nbsp;<\/p>\n<p>&nbsp;<\/p>\n","protected":false},"excerpt":{"rendered":"<p>La noche del pasado martes 2 de octubre el m\u00edtico guitarrista John Mart\u00edn Maher, mejor conocido como Johnny Marr lleg\u00f3 a uno de los venues m\u00e1s relevantes en la colonia Condesa para presentar su tour \u201cCall the Comet\u201d.<\/p>\n","protected":false},"author":2,"featured_media":77075,"comment_status":"open","ping_status":"open","sticky":false,"template":"","format":"standard","meta":{"footnotes":""},"categories":[1,18,17],"tags":[],"class_list":["post-77074","post","type-post","status-publish","format-standard","has-post-thumbnail","hentry","category-cultura","category-musica","category-principal"],"yoast_head":"<!-- This site is optimized with the Yoast SEO plugin v24.7 - https:\/\/yoast.com\/wordpress\/plugins\/seo\/ -->\n<title>Johnny Marr: as\u00ed fue su primera vez en M\u00e9xico &#171; Reconoce MX<\/title>\n<meta name=\"robots\" content=\"index, follow, max-snippet:-1, max-image-preview:large, max-video-preview:-1\" \/>\n<link rel=\"canonical\" href=\"http:\/\/www.reconoce.mx\/?p=77074\" \/>\n<meta property=\"og:locale\" content=\"es_ES\" \/>\n<meta property=\"og:type\" content=\"article\" \/>\n<meta property=\"og:title\" content=\"Johnny Marr: as\u00ed fue su primera vez en M\u00e9xico &#171; Reconoce MX\" \/>\n<meta property=\"og:description\" content=\"La noche del pasado martes 2 de octubre el m\u00edtico guitarrista John Mart\u00edn Maher, mejor conocido como Johnny Marr lleg\u00f3 a uno de los venues m\u00e1s relevantes en la colonia Condesa para presentar su tour \u201cCall the Comet\u201d.\" \/>\n<meta property=\"og:url\" content=\"http:\/\/www.reconoce.mx\/?p=77074\" \/>\n<meta property=\"og:site_name\" content=\"Reconoce MX\" \/>\n<meta property=\"article:publisher\" content=\"https:\/\/es-la.facebook.com\/ReconoceMX\/\" \/>\n<meta property=\"article:published_time\" content=\"2018-10-08T05:06:59+00:00\" \/>\n<meta property=\"article:modified_time\" content=\"2019-02-22T13:20:19+00:00\" \/>\n<meta property=\"og:image\" content=\"http:\/\/www.reconoce.mx\/wp-content\/uploads\/2018\/10\/johnny-marr-1.jpg\" \/>\n\t<meta property=\"og:image:width\" content=\"590\" \/>\n\t<meta property=\"og:image:height\" content=\"380\" \/>\n\t<meta property=\"og:image:type\" content=\"image\/jpeg\" \/>\n<meta name=\"author\" content=\"Reconoce MX\" \/>\n<meta name=\"twitter:card\" content=\"summary_large_image\" \/>\n<meta name=\"twitter:creator\" content=\"@reconocemx\" \/>\n<meta name=\"twitter:site\" content=\"@reconocemx\" \/>\n<meta name=\"twitter:label1\" content=\"Escrito por\" \/>\n\t<meta name=\"twitter:data1\" content=\"Reconoce MX\" \/>\n\t<meta name=\"twitter:label2\" content=\"Tiempo de lectura\" \/>\n\t<meta name=\"twitter:data2\" content=\"3 minutos\" \/>\n<script type=\"application\/ld+json\" class=\"yoast-schema-graph\">{\"@context\":\"https:\/\/schema.org\",\"@graph\":[{\"@type\":\"Article\",\"@id\":\"http:\/\/www.reconoce.mx\/?p=77074#article\",\"isPartOf\":{\"@id\":\"http:\/\/www.reconoce.mx\/?p=77074\"},\"author\":{\"name\":\"Reconoce MX\",\"@id\":\"http:\/\/www.reconoce.mx\/#\/schema\/person\/2117e997d7051dc15d6880eaf9bca0b2\"},\"headline\":\"Johnny Marr: as\u00ed fue su primera vez en M\u00e9xico\",\"datePublished\":\"2018-10-08T05:06:59+00:00\",\"dateModified\":\"2019-02-22T13:20:19+00:00\",\"mainEntityOfPage\":{\"@id\":\"http:\/\/www.reconoce.mx\/?p=77074\"},\"wordCount\":691,\"commentCount\":0,\"publisher\":{\"@id\":\"http:\/\/www.reconoce.mx\/#organization\"},\"image\":{\"@id\":\"http:\/\/www.reconoce.mx\/?p=77074#primaryimage\"},\"thumbnailUrl\":\"http:\/\/www.reconoce.mx\/wp-content\/uploads\/2018\/10\/johnny-marr-1.jpg\",\"articleSection\":[\"Cultura\",\"M\u00fasica\",\"Principal\"],\"inLanguage\":\"es\",\"potentialAction\":[{\"@type\":\"CommentAction\",\"name\":\"Comment\",\"target\":[\"http:\/\/www.reconoce.mx\/?p=77074#respond\"]}]},{\"@type\":\"WebPage\",\"@id\":\"http:\/\/www.reconoce.mx\/?p=77074\",\"url\":\"http:\/\/www.reconoce.mx\/?p=77074\",\"name\":\"Johnny Marr: as\u00ed fue su primera vez en M\u00e9xico &#171; Reconoce MX\",\"isPartOf\":{\"@id\":\"http:\/\/www.reconoce.mx\/#website\"},\"primaryImageOfPage\":{\"@id\":\"http:\/\/www.reconoce.mx\/?p=77074#primaryimage\"},\"image\":{\"@id\":\"http:\/\/www.reconoce.mx\/?p=77074#primaryimage\"},\"thumbnailUrl\":\"http:\/\/www.reconoce.mx\/wp-content\/uploads\/2018\/10\/johnny-marr-1.jpg\",\"datePublished\":\"2018-10-08T05:06:59+00:00\",\"dateModified\":\"2019-02-22T13:20:19+00:00\",\"breadcrumb\":{\"@id\":\"http:\/\/www.reconoce.mx\/?p=77074#breadcrumb\"},\"inLanguage\":\"es\",\"potentialAction\":[{\"@type\":\"ReadAction\",\"target\":[\"http:\/\/www.reconoce.mx\/?p=77074\"]}]},{\"@type\":\"ImageObject\",\"inLanguage\":\"es\",\"@id\":\"http:\/\/www.reconoce.mx\/?p=77074#primaryimage\",\"url\":\"http:\/\/www.reconoce.mx\/wp-content\/uploads\/2018\/10\/johnny-marr-1.jpg\",\"contentUrl\":\"http:\/\/www.reconoce.mx\/wp-content\/uploads\/2018\/10\/johnny-marr-1.jpg\",\"width\":590,\"height\":380},{\"@type\":\"BreadcrumbList\",\"@id\":\"http:\/\/www.reconoce.mx\/?p=77074#breadcrumb\",\"itemListElement\":[{\"@type\":\"ListItem\",\"position\":1,\"name\":\"Portada\",\"item\":\"http:\/\/www.reconoce.mx\/\"},{\"@type\":\"ListItem\",\"position\":2,\"name\":\"Johnny Marr: as\u00ed fue su primera vez en M\u00e9xico\"}]},{\"@type\":\"WebSite\",\"@id\":\"http:\/\/www.reconoce.mx\/#website\",\"url\":\"http:\/\/www.reconoce.mx\/\",\"name\":\"Reconoce MX\",\"description\":\"En Reconoce MX difundimos arte, cultura y conciencia social en M\u00e9xico. Tu ciudad en otra perspectiva.\",\"publisher\":{\"@id\":\"http:\/\/www.reconoce.mx\/#organization\"},\"potentialAction\":[{\"@type\":\"SearchAction\",\"target\":{\"@type\":\"EntryPoint\",\"urlTemplate\":\"http:\/\/www.reconoce.mx\/?s={search_term_string}\"},\"query-input\":{\"@type\":\"PropertyValueSpecification\",\"valueRequired\":true,\"valueName\":\"search_term_string\"}}],\"inLanguage\":\"es\"},{\"@type\":\"Organization\",\"@id\":\"http:\/\/www.reconoce.mx\/#organization\",\"name\":\"Reconoce MX\",\"url\":\"http:\/\/www.reconoce.mx\/\",\"logo\":{\"@type\":\"ImageObject\",\"inLanguage\":\"es\",\"@id\":\"http:\/\/www.reconoce.mx\/#\/schema\/logo\/image\/\",\"url\":\"https:\/\/www.reconoce.mx\/wp-content\/uploads\/2019\/03\/logorcmx-good-1.png\",\"contentUrl\":\"https:\/\/www.reconoce.mx\/wp-content\/uploads\/2019\/03\/logorcmx-good-1.png\",\"width\":280,\"height\":90,\"caption\":\"Reconoce MX\"},\"image\":{\"@id\":\"http:\/\/www.reconoce.mx\/#\/schema\/logo\/image\/\"},\"sameAs\":[\"https:\/\/es-la.facebook.com\/ReconoceMX\/\",\"https:\/\/x.com\/reconocemx\",\"http:\/\/@reconocemx\"]},{\"@type\":\"Person\",\"@id\":\"http:\/\/www.reconoce.mx\/#\/schema\/person\/2117e997d7051dc15d6880eaf9bca0b2\",\"name\":\"Reconoce MX\",\"image\":{\"@type\":\"ImageObject\",\"inLanguage\":\"es\",\"@id\":\"http:\/\/www.reconoce.mx\/#\/schema\/person\/image\/\",\"url\":\"https:\/\/secure.gravatar.com\/avatar\/6c8d4dc7569ca1c90c5fdcc349f839d5ddef6fe1e70b4337ead2ef1a4c43fc3a?s=96&d=identicon&r=g\",\"contentUrl\":\"https:\/\/secure.gravatar.com\/avatar\/6c8d4dc7569ca1c90c5fdcc349f839d5ddef6fe1e70b4337ead2ef1a4c43fc3a?s=96&d=identicon&r=g\",\"caption\":\"Reconoce MX\"},\"description\":\"Reconoce MX es un proyecto de difusi\u00f3n art\u00edstica, cultural y de conciencia social que est\u00e1 enfocado a difundir y fomentar el entretenimiento alternativo de calidad para todo el p\u00fablico que comparta el mismo entusiasmo.\",\"sameAs\":[\"http:\/\/www.reconoce.mx\"],\"url\":\"http:\/\/www.reconoce.mx\/?author=2\"}]}<\/script>\n<!-- \/ Yoast SEO plugin. -->","yoast_head_json":{"title":"Johnny Marr: as\u00ed fue su primera vez en M\u00e9xico &#171; Reconoce MX","robots":{"index":"index","follow":"follow","max-snippet":"max-snippet:-1","max-image-preview":"max-image-preview:large","max-video-preview":"max-video-preview:-1"},"canonical":"http:\/\/www.reconoce.mx\/?p=77074","og_locale":"es_ES","og_type":"article","og_title":"Johnny Marr: as\u00ed fue su primera vez en M\u00e9xico &#171; Reconoce MX","og_description":"La noche del pasado martes 2 de octubre el m\u00edtico guitarrista John Mart\u00edn Maher, mejor conocido como Johnny Marr lleg\u00f3 a uno de los venues m\u00e1s relevantes en la colonia Condesa para presentar su tour \u201cCall the Comet\u201d.","og_url":"http:\/\/www.reconoce.mx\/?p=77074","og_site_name":"Reconoce MX","article_publisher":"https:\/\/es-la.facebook.com\/ReconoceMX\/","article_published_time":"2018-10-08T05:06:59+00:00","article_modified_time":"2019-02-22T13:20:19+00:00","og_image":[{"width":590,"height":380,"url":"http:\/\/www.reconoce.mx\/wp-content\/uploads\/2018\/10\/johnny-marr-1.jpg","type":"image\/jpeg"}],"author":"Reconoce MX","twitter_card":"summary_large_image","twitter_creator":"@reconocemx","twitter_site":"@reconocemx","twitter_misc":{"Escrito por":"Reconoce MX","Tiempo de lectura":"3 minutos"},"schema":{"@context":"https:\/\/schema.org","@graph":[{"@type":"Article","@id":"http:\/\/www.reconoce.mx\/?p=77074#article","isPartOf":{"@id":"http:\/\/www.reconoce.mx\/?p=77074"},"author":{"name":"Reconoce MX","@id":"http:\/\/www.reconoce.mx\/#\/schema\/person\/2117e997d7051dc15d6880eaf9bca0b2"},"headline":"Johnny Marr: as\u00ed fue su primera vez en M\u00e9xico","datePublished":"2018-10-08T05:06:59+00:00","dateModified":"2019-02-22T13:20:19+00:00","mainEntityOfPage":{"@id":"http:\/\/www.reconoce.mx\/?p=77074"},"wordCount":691,"commentCount":0,"publisher":{"@id":"http:\/\/www.reconoce.mx\/#organization"},"image":{"@id":"http:\/\/www.reconoce.mx\/?p=77074#primaryimage"},"thumbnailUrl":"http:\/\/www.reconoce.mx\/wp-content\/uploads\/2018\/10\/johnny-marr-1.jpg","articleSection":["Cultura","M\u00fasica","Principal"],"inLanguage":"es","potentialAction":[{"@type":"CommentAction","name":"Comment","target":["http:\/\/www.reconoce.mx\/?p=77074#respond"]}]},{"@type":"WebPage","@id":"http:\/\/www.reconoce.mx\/?p=77074","url":"http:\/\/www.reconoce.mx\/?p=77074","name":"Johnny Marr: as\u00ed fue su primera vez en M\u00e9xico &#171; Reconoce MX","isPartOf":{"@id":"http:\/\/www.reconoce.mx\/#website"},"primaryImageOfPage":{"@id":"http:\/\/www.reconoce.mx\/?p=77074#primaryimage"},"image":{"@id":"http:\/\/www.reconoce.mx\/?p=77074#primaryimage"},"thumbnailUrl":"http:\/\/www.reconoce.mx\/wp-content\/uploads\/2018\/10\/johnny-marr-1.jpg","datePublished":"2018-10-08T05:06:59+00:00","dateModified":"2019-02-22T13:20:19+00:00","breadcrumb":{"@id":"http:\/\/www.reconoce.mx\/?p=77074#breadcrumb"},"inLanguage":"es","potentialAction":[{"@type":"ReadAction","target":["http:\/\/www.reconoce.mx\/?p=77074"]}]},{"@type":"ImageObject","inLanguage":"es","@id":"http:\/\/www.reconoce.mx\/?p=77074#primaryimage","url":"http:\/\/www.reconoce.mx\/wp-content\/uploads\/2018\/10\/johnny-marr-1.jpg","contentUrl":"http:\/\/www.reconoce.mx\/wp-content\/uploads\/2018\/10\/johnny-marr-1.jpg","width":590,"height":380},{"@type":"BreadcrumbList","@id":"http:\/\/www.reconoce.mx\/?p=77074#breadcrumb","itemListElement":[{"@type":"ListItem","position":1,"name":"Portada","item":"http:\/\/www.reconoce.mx\/"},{"@type":"ListItem","position":2,"name":"Johnny Marr: as\u00ed fue su primera vez en M\u00e9xico"}]},{"@type":"WebSite","@id":"http:\/\/www.reconoce.mx\/#website","url":"http:\/\/www.reconoce.mx\/","name":"Reconoce MX","description":"En Reconoce MX difundimos arte, cultura y conciencia social en M\u00e9xico. Tu ciudad en otra perspectiva.","publisher":{"@id":"http:\/\/www.reconoce.mx\/#organization"},"potentialAction":[{"@type":"SearchAction","target":{"@type":"EntryPoint","urlTemplate":"http:\/\/www.reconoce.mx\/?s={search_term_string}"},"query-input":{"@type":"PropertyValueSpecification","valueRequired":true,"valueName":"search_term_string"}}],"inLanguage":"es"},{"@type":"Organization","@id":"http:\/\/www.reconoce.mx\/#organization","name":"Reconoce MX","url":"http:\/\/www.reconoce.mx\/","logo":{"@type":"ImageObject","inLanguage":"es","@id":"http:\/\/www.reconoce.mx\/#\/schema\/logo\/image\/","url":"https:\/\/www.reconoce.mx\/wp-content\/uploads\/2019\/03\/logorcmx-good-1.png","contentUrl":"https:\/\/www.reconoce.mx\/wp-content\/uploads\/2019\/03\/logorcmx-good-1.png","width":280,"height":90,"caption":"Reconoce MX"},"image":{"@id":"http:\/\/www.reconoce.mx\/#\/schema\/logo\/image\/"},"sameAs":["https:\/\/es-la.facebook.com\/ReconoceMX\/","https:\/\/x.com\/reconocemx","http:\/\/@reconocemx"]},{"@type":"Person","@id":"http:\/\/www.reconoce.mx\/#\/schema\/person\/2117e997d7051dc15d6880eaf9bca0b2","name":"Reconoce MX","image":{"@type":"ImageObject","inLanguage":"es","@id":"http:\/\/www.reconoce.mx\/#\/schema\/person\/image\/","url":"https:\/\/secure.gravatar.com\/avatar\/6c8d4dc7569ca1c90c5fdcc349f839d5ddef6fe1e70b4337ead2ef1a4c43fc3a?s=96&d=identicon&r=g","contentUrl":"https:\/\/secure.gravatar.com\/avatar\/6c8d4dc7569ca1c90c5fdcc349f839d5ddef6fe1e70b4337ead2ef1a4c43fc3a?s=96&d=identicon&r=g","caption":"Reconoce MX"},"description":"Reconoce MX es un proyecto de difusi\u00f3n art\u00edstica, cultural y de conciencia social que est\u00e1 enfocado a difundir y fomentar el entretenimiento alternativo de calidad para todo el p\u00fablico que comparta el mismo entusiasmo.","sameAs":["http:\/\/www.reconoce.mx"],"url":"http:\/\/www.reconoce.mx\/?author=2"}]}},"_links":{"self":[{"href":"http:\/\/www.reconoce.mx\/index.php?rest_route=\/wp\/v2\/posts\/77074","targetHints":{"allow":["GET"]}}],"collection":[{"href":"http:\/\/www.reconoce.mx\/index.php?rest_route=\/wp\/v2\/posts"}],"about":[{"href":"http:\/\/www.reconoce.mx\/index.php?rest_route=\/wp\/v2\/types\/post"}],"author":[{"embeddable":true,"href":"http:\/\/www.reconoce.mx\/index.php?rest_route=\/wp\/v2\/users\/2"}],"replies":[{"embeddable":true,"href":"http:\/\/www.reconoce.mx\/index.php?rest_route=%2Fwp%2Fv2%2Fcomments&post=77074"}],"version-history":[{"count":3,"href":"http:\/\/www.reconoce.mx\/index.php?rest_route=\/wp\/v2\/posts\/77074\/revisions"}],"predecessor-version":[{"id":81203,"href":"http:\/\/www.reconoce.mx\/index.php?rest_route=\/wp\/v2\/posts\/77074\/revisions\/81203"}],"wp:featuredmedia":[{"embeddable":true,"href":"http:\/\/www.reconoce.mx\/index.php?rest_route=\/wp\/v2\/media\/77075"}],"wp:attachment":[{"href":"http:\/\/www.reconoce.mx\/index.php?rest_route=%2Fwp%2Fv2%2Fmedia&parent=77074"}],"wp:term":[{"taxonomy":"category","embeddable":true,"href":"http:\/\/www.reconoce.mx\/index.php?rest_route=%2Fwp%2Fv2%2Fcategories&post=77074"},{"taxonomy":"post_tag","embeddable":true,"href":"http:\/\/www.reconoce.mx\/index.php?rest_route=%2Fwp%2Fv2%2Ftags&post=77074"}],"curies":[{"name":"wp","href":"https:\/\/api.w.org\/{rel}","templated":true}]}}