{"id":77077,"date":"2018-10-08T00:01:06","date_gmt":"2018-10-08T05:01:06","guid":{"rendered":"http:\/\/www.reconoce.mx\/?p=77077"},"modified":"2018-10-08T00:41:51","modified_gmt":"2018-10-08T05:41:51","slug":"lucybell-celebraran-20-anos-del-disco-rojo-en-el-plaza","status":"publish","type":"post","link":"http:\/\/www.reconoce.mx\/?p=77077","title":{"rendered":"Lucybell celebrar\u00e1n 20 a\u00f1os del \u00abdisco rojo\u00bb en El Plaza"},"content":{"rendered":"<p><strong>Por <a href=\"https:\/\/twitter.com\/AgroZsUno\" target=\"_blank\" rel=\"noopener noreferrer\">Jes\u00fas Ortega<\/a><\/strong>.<\/p>\n<p><strong>Lucybell<\/strong> est\u00e1 de vuelta en los escenarios de Ciudad de M\u00e9xico despu\u00e9s de tan solo un a\u00f1o de haber venido a presentar su \u00faltima producci\u00f3n \u201cMagn\u00e9tico\u201d, noche en la que dieron una c\u00e1tedra de rock en <strong>El Plaza Condesa<\/strong>. En cada visita a tierras mexicanas los chilenos son tomados en cuenta para festivales y dar show en las principales ciudades de la rep\u00fablica debido al gran \u00e9xito que tienen con sus antiguos fans, y tambi\u00e9n a la renovaci\u00f3n de sus discos que les han hecho tomarlos como nuevas referencias musicales entre los m\u00e1s j\u00f3venes.<\/p>\n<p><a href=\"http:\/\/www.reconoce.mx\/wp-content\/uploads\/2018\/10\/Lucybell-Plaza-Condesa-Flyer.jpg\"><img loading=\"lazy\" decoding=\"async\" class=\"aligncenter size-full wp-image-77079\" src=\"http:\/\/www.reconoce.mx\/wp-content\/uploads\/2018\/10\/Lucybell-Plaza-Condesa-Flyer.jpg\" alt=\"\" width=\"960\" height=\"960\" srcset=\"http:\/\/www.reconoce.mx\/wp-content\/uploads\/2018\/10\/Lucybell-Plaza-Condesa-Flyer.jpg 960w, http:\/\/www.reconoce.mx\/wp-content\/uploads\/2018\/10\/Lucybell-Plaza-Condesa-Flyer-150x150.jpg 150w, http:\/\/www.reconoce.mx\/wp-content\/uploads\/2018\/10\/Lucybell-Plaza-Condesa-Flyer-300x300.jpg 300w, http:\/\/www.reconoce.mx\/wp-content\/uploads\/2018\/10\/Lucybell-Plaza-Condesa-Flyer-768x768.jpg 768w, http:\/\/www.reconoce.mx\/wp-content\/uploads\/2018\/10\/Lucybell-Plaza-Condesa-Flyer-65x65.jpg 65w, http:\/\/www.reconoce.mx\/wp-content\/uploads\/2018\/10\/Lucybell-Plaza-Condesa-Flyer-700x700.jpg 700w, http:\/\/www.reconoce.mx\/wp-content\/uploads\/2018\/10\/Lucybell-Plaza-Condesa-Flyer-658x658.jpg 658w\" sizes=\"auto, (max-width: 960px) 100vw, 960px\" \/><\/a><\/p>\n<p>Claudio, Eduardo y Cote estar\u00e1n de vuelta en nuestro pa\u00eds para ser uno de los protagonistas del odiado\/amado \u00abrocktubre\u00bb, donde tendr\u00e1n presentacion en el <strong>Festival Comuna<\/strong> en Puebla, as\u00ed como un show para sus fans en Ciudad de M\u00e9xico. En esta ocasi\u00f3n vienen a celebrar los 20 a\u00f1os de su disco \u201cLucybell\u201d (1998) o disco rojo, y el recinto para abrazar esta gran celebraci\u00f3n es nuevamente <strong>El Plaza Condesa<\/strong>.<\/p>\n<p>El disco rojo y \u00abPeces\u00bb (el cual celebr\u00f3 sus 20 a\u00f1os en el Metrop\u00f3litan hace 5 a\u00f1os), son de las producciones m\u00e1s queridas por los fans. En el rojo podemos encontrar rolas como \u201cCaballos de histeria\u201d, \u201cRojo eterno\u201d, \u201cSembrando en el mar\u201d y \u201cDame calma\u201d, entre otras maravillas que nos regala este disco.<\/p>\n<p><strong>Lucybell<\/strong> se ha consolidado como uno de los grandes referentes del rock chileno acompa\u00f1ando en este estandarte a <strong>Los Tres<\/strong> y a <strong>La Ley<\/strong>. Este ser\u00e1 un evento lleno de recuerdos, adolescencia y mucha nostalgia; no te pierdas este gran concierto y consigue tus eventos a trav\u00e9s de <a href=\"https:\/\/www.ticketmaster.com.mx\/lucybell-mexico-distrito-federal-12-10-2018\/event\/140054B2C74CE97C?artistid=936112&amp;majorcatid=10001&amp;minorcatid=826&amp;tm_link=venueartist_msg-0_140054B2C74CE97C\" target=\"_blank\" rel=\"noopener\">Ticketmaster<\/a>.<\/p>\n<p>&nbsp;<\/p>\n<p>&nbsp;<\/p>\n","protected":false},"excerpt":{"rendered":"<p>Lucybell est\u00e1 de vuelta en los escenarios de Ciudad de M\u00e9xico despu\u00e9s de tan solo un a\u00f1o de haber venido a presentar su \u00faltima producci\u00f3n \u201cMagn\u00e9tico\u201d, noche en la que dieron una c\u00e1tedra de rock en El Plaza Condesa.<\/p>\n","protected":false},"author":2,"featured_media":77078,"comment_status":"open","ping_status":"open","sticky":false,"template":"","format":"standard","meta":{"footnotes":""},"categories":[1,18,17],"tags":[],"class_list":["post-77077","post","type-post","status-publish","format-standard","has-post-thumbnail","hentry","category-cultura","category-musica","category-principal"],"yoast_head":"<!-- This site is optimized with the Yoast SEO plugin v24.7 - https:\/\/yoast.com\/wordpress\/plugins\/seo\/ -->\n<title>Lucybell celebrar\u00e1n 20 a\u00f1os del &quot;disco rojo&quot; en El Plaza &#171; Reconoce MX<\/title>\n<meta name=\"robots\" content=\"index, follow, max-snippet:-1, max-image-preview:large, max-video-preview:-1\" \/>\n<link rel=\"canonical\" href=\"http:\/\/www.reconoce.mx\/?p=77077\" \/>\n<meta property=\"og:locale\" content=\"es_ES\" \/>\n<meta property=\"og:type\" content=\"article\" \/>\n<meta property=\"og:title\" content=\"Lucybell celebrar\u00e1n 20 a\u00f1os del &quot;disco rojo&quot; en El Plaza &#171; Reconoce MX\" \/>\n<meta property=\"og:description\" content=\"Lucybell est\u00e1 de vuelta en los escenarios de Ciudad de M\u00e9xico despu\u00e9s de tan solo un a\u00f1o de haber venido a presentar su \u00faltima producci\u00f3n \u201cMagn\u00e9tico\u201d, noche en la que dieron una c\u00e1tedra de rock en El Plaza Condesa.\" \/>\n<meta property=\"og:url\" content=\"http:\/\/www.reconoce.mx\/?p=77077\" \/>\n<meta property=\"og:site_name\" content=\"Reconoce MX\" \/>\n<meta property=\"article:publisher\" content=\"https:\/\/es-la.facebook.com\/ReconoceMX\/\" \/>\n<meta property=\"article:published_time\" content=\"2018-10-08T05:01:06+00:00\" \/>\n<meta property=\"article:modified_time\" content=\"2018-10-08T05:41:51+00:00\" \/>\n<meta property=\"og:image\" content=\"http:\/\/www.reconoce.mx\/wp-content\/uploads\/2018\/10\/lucybell-cover.jpg\" \/>\n\t<meta property=\"og:image:width\" content=\"590\" \/>\n\t<meta property=\"og:image:height\" content=\"380\" \/>\n\t<meta property=\"og:image:type\" content=\"image\/jpeg\" \/>\n<meta name=\"author\" content=\"Reconoce MX\" \/>\n<meta name=\"twitter:card\" content=\"summary_large_image\" \/>\n<meta name=\"twitter:creator\" content=\"@reconocemx\" \/>\n<meta name=\"twitter:site\" content=\"@reconocemx\" \/>\n<meta name=\"twitter:label1\" content=\"Escrito por\" \/>\n\t<meta name=\"twitter:data1\" content=\"Reconoce MX\" \/>\n\t<meta name=\"twitter:label2\" content=\"Tiempo de lectura\" \/>\n\t<meta name=\"twitter:data2\" content=\"1 minuto\" \/>\n<script type=\"application\/ld+json\" class=\"yoast-schema-graph\">{\"@context\":\"https:\/\/schema.org\",\"@graph\":[{\"@type\":\"Article\",\"@id\":\"http:\/\/www.reconoce.mx\/?p=77077#article\",\"isPartOf\":{\"@id\":\"http:\/\/www.reconoce.mx\/?p=77077\"},\"author\":{\"name\":\"Reconoce MX\",\"@id\":\"http:\/\/www.reconoce.mx\/#\/schema\/person\/2117e997d7051dc15d6880eaf9bca0b2\"},\"headline\":\"Lucybell celebrar\u00e1n 20 a\u00f1os del \u00abdisco rojo\u00bb en El Plaza\",\"datePublished\":\"2018-10-08T05:01:06+00:00\",\"dateModified\":\"2018-10-08T05:41:51+00:00\",\"mainEntityOfPage\":{\"@id\":\"http:\/\/www.reconoce.mx\/?p=77077\"},\"wordCount\":303,\"commentCount\":0,\"publisher\":{\"@id\":\"http:\/\/www.reconoce.mx\/#organization\"},\"image\":{\"@id\":\"http:\/\/www.reconoce.mx\/?p=77077#primaryimage\"},\"thumbnailUrl\":\"http:\/\/www.reconoce.mx\/wp-content\/uploads\/2018\/10\/lucybell-cover.jpg\",\"articleSection\":[\"Cultura\",\"M\u00fasica\",\"Principal\"],\"inLanguage\":\"es\",\"potentialAction\":[{\"@type\":\"CommentAction\",\"name\":\"Comment\",\"target\":[\"http:\/\/www.reconoce.mx\/?p=77077#respond\"]}]},{\"@type\":\"WebPage\",\"@id\":\"http:\/\/www.reconoce.mx\/?p=77077\",\"url\":\"http:\/\/www.reconoce.mx\/?p=77077\",\"name\":\"Lucybell celebrar\u00e1n 20 a\u00f1os del \\\"disco rojo\\\" en El Plaza &#171; Reconoce MX\",\"isPartOf\":{\"@id\":\"http:\/\/www.reconoce.mx\/#website\"},\"primaryImageOfPage\":{\"@id\":\"http:\/\/www.reconoce.mx\/?p=77077#primaryimage\"},\"image\":{\"@id\":\"http:\/\/www.reconoce.mx\/?p=77077#primaryimage\"},\"thumbnailUrl\":\"http:\/\/www.reconoce.mx\/wp-content\/uploads\/2018\/10\/lucybell-cover.jpg\",\"datePublished\":\"2018-10-08T05:01:06+00:00\",\"dateModified\":\"2018-10-08T05:41:51+00:00\",\"breadcrumb\":{\"@id\":\"http:\/\/www.reconoce.mx\/?p=77077#breadcrumb\"},\"inLanguage\":\"es\",\"potentialAction\":[{\"@type\":\"ReadAction\",\"target\":[\"http:\/\/www.reconoce.mx\/?p=77077\"]}]},{\"@type\":\"ImageObject\",\"inLanguage\":\"es\",\"@id\":\"http:\/\/www.reconoce.mx\/?p=77077#primaryimage\",\"url\":\"http:\/\/www.reconoce.mx\/wp-content\/uploads\/2018\/10\/lucybell-cover.jpg\",\"contentUrl\":\"http:\/\/www.reconoce.mx\/wp-content\/uploads\/2018\/10\/lucybell-cover.jpg\",\"width\":590,\"height\":380},{\"@type\":\"BreadcrumbList\",\"@id\":\"http:\/\/www.reconoce.mx\/?p=77077#breadcrumb\",\"itemListElement\":[{\"@type\":\"ListItem\",\"position\":1,\"name\":\"Portada\",\"item\":\"http:\/\/www.reconoce.mx\/\"},{\"@type\":\"ListItem\",\"position\":2,\"name\":\"Lucybell celebrar\u00e1n 20 a\u00f1os del \u00abdisco rojo\u00bb en El Plaza\"}]},{\"@type\":\"WebSite\",\"@id\":\"http:\/\/www.reconoce.mx\/#website\",\"url\":\"http:\/\/www.reconoce.mx\/\",\"name\":\"Reconoce MX\",\"description\":\"En Reconoce MX difundimos arte, cultura y conciencia social en M\u00e9xico. Tu ciudad en otra perspectiva.\",\"publisher\":{\"@id\":\"http:\/\/www.reconoce.mx\/#organization\"},\"potentialAction\":[{\"@type\":\"SearchAction\",\"target\":{\"@type\":\"EntryPoint\",\"urlTemplate\":\"http:\/\/www.reconoce.mx\/?s={search_term_string}\"},\"query-input\":{\"@type\":\"PropertyValueSpecification\",\"valueRequired\":true,\"valueName\":\"search_term_string\"}}],\"inLanguage\":\"es\"},{\"@type\":\"Organization\",\"@id\":\"http:\/\/www.reconoce.mx\/#organization\",\"name\":\"Reconoce MX\",\"url\":\"http:\/\/www.reconoce.mx\/\",\"logo\":{\"@type\":\"ImageObject\",\"inLanguage\":\"es\",\"@id\":\"http:\/\/www.reconoce.mx\/#\/schema\/logo\/image\/\",\"url\":\"https:\/\/www.reconoce.mx\/wp-content\/uploads\/2019\/03\/logorcmx-good-1.png\",\"contentUrl\":\"https:\/\/www.reconoce.mx\/wp-content\/uploads\/2019\/03\/logorcmx-good-1.png\",\"width\":280,\"height\":90,\"caption\":\"Reconoce MX\"},\"image\":{\"@id\":\"http:\/\/www.reconoce.mx\/#\/schema\/logo\/image\/\"},\"sameAs\":[\"https:\/\/es-la.facebook.com\/ReconoceMX\/\",\"https:\/\/x.com\/reconocemx\",\"http:\/\/@reconocemx\"]},{\"@type\":\"Person\",\"@id\":\"http:\/\/www.reconoce.mx\/#\/schema\/person\/2117e997d7051dc15d6880eaf9bca0b2\",\"name\":\"Reconoce MX\",\"image\":{\"@type\":\"ImageObject\",\"inLanguage\":\"es\",\"@id\":\"http:\/\/www.reconoce.mx\/#\/schema\/person\/image\/\",\"url\":\"https:\/\/secure.gravatar.com\/avatar\/6c8d4dc7569ca1c90c5fdcc349f839d5ddef6fe1e70b4337ead2ef1a4c43fc3a?s=96&d=identicon&r=g\",\"contentUrl\":\"https:\/\/secure.gravatar.com\/avatar\/6c8d4dc7569ca1c90c5fdcc349f839d5ddef6fe1e70b4337ead2ef1a4c43fc3a?s=96&d=identicon&r=g\",\"caption\":\"Reconoce MX\"},\"description\":\"Reconoce MX es un proyecto de difusi\u00f3n art\u00edstica, cultural y de conciencia social que est\u00e1 enfocado a difundir y fomentar el entretenimiento alternativo de calidad para todo el p\u00fablico que comparta el mismo entusiasmo.\",\"sameAs\":[\"http:\/\/www.reconoce.mx\"],\"url\":\"http:\/\/www.reconoce.mx\/?author=2\"}]}<\/script>\n<!-- \/ Yoast SEO plugin. -->","yoast_head_json":{"title":"Lucybell celebrar\u00e1n 20 a\u00f1os del \"disco rojo\" en El Plaza &#171; Reconoce MX","robots":{"index":"index","follow":"follow","max-snippet":"max-snippet:-1","max-image-preview":"max-image-preview:large","max-video-preview":"max-video-preview:-1"},"canonical":"http:\/\/www.reconoce.mx\/?p=77077","og_locale":"es_ES","og_type":"article","og_title":"Lucybell celebrar\u00e1n 20 a\u00f1os del \"disco rojo\" en El Plaza &#171; Reconoce MX","og_description":"Lucybell est\u00e1 de vuelta en los escenarios de Ciudad de M\u00e9xico despu\u00e9s de tan solo un a\u00f1o de haber venido a presentar su \u00faltima producci\u00f3n \u201cMagn\u00e9tico\u201d, noche en la que dieron una c\u00e1tedra de rock en El Plaza Condesa.","og_url":"http:\/\/www.reconoce.mx\/?p=77077","og_site_name":"Reconoce MX","article_publisher":"https:\/\/es-la.facebook.com\/ReconoceMX\/","article_published_time":"2018-10-08T05:01:06+00:00","article_modified_time":"2018-10-08T05:41:51+00:00","og_image":[{"width":590,"height":380,"url":"http:\/\/www.reconoce.mx\/wp-content\/uploads\/2018\/10\/lucybell-cover.jpg","type":"image\/jpeg"}],"author":"Reconoce MX","twitter_card":"summary_large_image","twitter_creator":"@reconocemx","twitter_site":"@reconocemx","twitter_misc":{"Escrito por":"Reconoce MX","Tiempo de lectura":"1 minuto"},"schema":{"@context":"https:\/\/schema.org","@graph":[{"@type":"Article","@id":"http:\/\/www.reconoce.mx\/?p=77077#article","isPartOf":{"@id":"http:\/\/www.reconoce.mx\/?p=77077"},"author":{"name":"Reconoce MX","@id":"http:\/\/www.reconoce.mx\/#\/schema\/person\/2117e997d7051dc15d6880eaf9bca0b2"},"headline":"Lucybell celebrar\u00e1n 20 a\u00f1os del \u00abdisco rojo\u00bb en El Plaza","datePublished":"2018-10-08T05:01:06+00:00","dateModified":"2018-10-08T05:41:51+00:00","mainEntityOfPage":{"@id":"http:\/\/www.reconoce.mx\/?p=77077"},"wordCount":303,"commentCount":0,"publisher":{"@id":"http:\/\/www.reconoce.mx\/#organization"},"image":{"@id":"http:\/\/www.reconoce.mx\/?p=77077#primaryimage"},"thumbnailUrl":"http:\/\/www.reconoce.mx\/wp-content\/uploads\/2018\/10\/lucybell-cover.jpg","articleSection":["Cultura","M\u00fasica","Principal"],"inLanguage":"es","potentialAction":[{"@type":"CommentAction","name":"Comment","target":["http:\/\/www.reconoce.mx\/?p=77077#respond"]}]},{"@type":"WebPage","@id":"http:\/\/www.reconoce.mx\/?p=77077","url":"http:\/\/www.reconoce.mx\/?p=77077","name":"Lucybell celebrar\u00e1n 20 a\u00f1os del \"disco rojo\" en El Plaza &#171; Reconoce MX","isPartOf":{"@id":"http:\/\/www.reconoce.mx\/#website"},"primaryImageOfPage":{"@id":"http:\/\/www.reconoce.mx\/?p=77077#primaryimage"},"image":{"@id":"http:\/\/www.reconoce.mx\/?p=77077#primaryimage"},"thumbnailUrl":"http:\/\/www.reconoce.mx\/wp-content\/uploads\/2018\/10\/lucybell-cover.jpg","datePublished":"2018-10-08T05:01:06+00:00","dateModified":"2018-10-08T05:41:51+00:00","breadcrumb":{"@id":"http:\/\/www.reconoce.mx\/?p=77077#breadcrumb"},"inLanguage":"es","potentialAction":[{"@type":"ReadAction","target":["http:\/\/www.reconoce.mx\/?p=77077"]}]},{"@type":"ImageObject","inLanguage":"es","@id":"http:\/\/www.reconoce.mx\/?p=77077#primaryimage","url":"http:\/\/www.reconoce.mx\/wp-content\/uploads\/2018\/10\/lucybell-cover.jpg","contentUrl":"http:\/\/www.reconoce.mx\/wp-content\/uploads\/2018\/10\/lucybell-cover.jpg","width":590,"height":380},{"@type":"BreadcrumbList","@id":"http:\/\/www.reconoce.mx\/?p=77077#breadcrumb","itemListElement":[{"@type":"ListItem","position":1,"name":"Portada","item":"http:\/\/www.reconoce.mx\/"},{"@type":"ListItem","position":2,"name":"Lucybell celebrar\u00e1n 20 a\u00f1os del \u00abdisco rojo\u00bb en El Plaza"}]},{"@type":"WebSite","@id":"http:\/\/www.reconoce.mx\/#website","url":"http:\/\/www.reconoce.mx\/","name":"Reconoce MX","description":"En Reconoce MX difundimos arte, cultura y conciencia social en M\u00e9xico. Tu ciudad en otra perspectiva.","publisher":{"@id":"http:\/\/www.reconoce.mx\/#organization"},"potentialAction":[{"@type":"SearchAction","target":{"@type":"EntryPoint","urlTemplate":"http:\/\/www.reconoce.mx\/?s={search_term_string}"},"query-input":{"@type":"PropertyValueSpecification","valueRequired":true,"valueName":"search_term_string"}}],"inLanguage":"es"},{"@type":"Organization","@id":"http:\/\/www.reconoce.mx\/#organization","name":"Reconoce MX","url":"http:\/\/www.reconoce.mx\/","logo":{"@type":"ImageObject","inLanguage":"es","@id":"http:\/\/www.reconoce.mx\/#\/schema\/logo\/image\/","url":"https:\/\/www.reconoce.mx\/wp-content\/uploads\/2019\/03\/logorcmx-good-1.png","contentUrl":"https:\/\/www.reconoce.mx\/wp-content\/uploads\/2019\/03\/logorcmx-good-1.png","width":280,"height":90,"caption":"Reconoce MX"},"image":{"@id":"http:\/\/www.reconoce.mx\/#\/schema\/logo\/image\/"},"sameAs":["https:\/\/es-la.facebook.com\/ReconoceMX\/","https:\/\/x.com\/reconocemx","http:\/\/@reconocemx"]},{"@type":"Person","@id":"http:\/\/www.reconoce.mx\/#\/schema\/person\/2117e997d7051dc15d6880eaf9bca0b2","name":"Reconoce MX","image":{"@type":"ImageObject","inLanguage":"es","@id":"http:\/\/www.reconoce.mx\/#\/schema\/person\/image\/","url":"https:\/\/secure.gravatar.com\/avatar\/6c8d4dc7569ca1c90c5fdcc349f839d5ddef6fe1e70b4337ead2ef1a4c43fc3a?s=96&d=identicon&r=g","contentUrl":"https:\/\/secure.gravatar.com\/avatar\/6c8d4dc7569ca1c90c5fdcc349f839d5ddef6fe1e70b4337ead2ef1a4c43fc3a?s=96&d=identicon&r=g","caption":"Reconoce MX"},"description":"Reconoce MX es un proyecto de difusi\u00f3n art\u00edstica, cultural y de conciencia social que est\u00e1 enfocado a difundir y fomentar el entretenimiento alternativo de calidad para todo el p\u00fablico que comparta el mismo entusiasmo.","sameAs":["http:\/\/www.reconoce.mx"],"url":"http:\/\/www.reconoce.mx\/?author=2"}]}},"_links":{"self":[{"href":"http:\/\/www.reconoce.mx\/index.php?rest_route=\/wp\/v2\/posts\/77077","targetHints":{"allow":["GET"]}}],"collection":[{"href":"http:\/\/www.reconoce.mx\/index.php?rest_route=\/wp\/v2\/posts"}],"about":[{"href":"http:\/\/www.reconoce.mx\/index.php?rest_route=\/wp\/v2\/types\/post"}],"author":[{"embeddable":true,"href":"http:\/\/www.reconoce.mx\/index.php?rest_route=\/wp\/v2\/users\/2"}],"replies":[{"embeddable":true,"href":"http:\/\/www.reconoce.mx\/index.php?rest_route=%2Fwp%2Fv2%2Fcomments&post=77077"}],"version-history":[{"count":1,"href":"http:\/\/www.reconoce.mx\/index.php?rest_route=\/wp\/v2\/posts\/77077\/revisions"}],"predecessor-version":[{"id":77080,"href":"http:\/\/www.reconoce.mx\/index.php?rest_route=\/wp\/v2\/posts\/77077\/revisions\/77080"}],"wp:featuredmedia":[{"embeddable":true,"href":"http:\/\/www.reconoce.mx\/index.php?rest_route=\/wp\/v2\/media\/77078"}],"wp:attachment":[{"href":"http:\/\/www.reconoce.mx\/index.php?rest_route=%2Fwp%2Fv2%2Fmedia&parent=77077"}],"wp:term":[{"taxonomy":"category","embeddable":true,"href":"http:\/\/www.reconoce.mx\/index.php?rest_route=%2Fwp%2Fv2%2Fcategories&post=77077"},{"taxonomy":"post_tag","embeddable":true,"href":"http:\/\/www.reconoce.mx\/index.php?rest_route=%2Fwp%2Fv2%2Ftags&post=77077"}],"curies":[{"name":"wp","href":"https:\/\/api.w.org\/{rel}","templated":true}]}}