{"id":78460,"date":"2018-11-29T00:01:44","date_gmt":"2018-11-29T06:01:44","guid":{"rendered":"http:\/\/www.reconoce.mx\/?p=78460"},"modified":"2018-11-29T21:24:55","modified_gmt":"2018-11-30T03:24:55","slug":"torreblanca-regresa-al-teatro-de-la-ciudad","status":"publish","type":"post","link":"http:\/\/www.reconoce.mx\/?p=78460","title":{"rendered":"Torreblanca regresa al Teatro de la Ciudad"},"content":{"rendered":"<p><strong>Texto y fotos por <a href=\"https:\/\/twitter.com\/diegovazquez001\" target=\"_blank\" rel=\"noopener\">Diego Reyes V\u00e1zquez<\/a><\/strong>.<\/p>\n<p style=\"text-align: right;\"><em>\u00abEste concierto ser\u00e1 como un ritual\u00bb.<\/em><\/p>\n<p><strong>Juan Manuel Torreblanca<\/strong> lleva m\u00e1s de una d\u00e9cada de trayectoria el cual se ha involucrado en diversos proyectos musicales. En esta ocasi\u00f3n pisar\u00e1 el escenario del<strong> Teatro de la Ciudad \u00abEsperanza Iris\u00bb<\/strong> para presentar su proyecto solitario <strong>Torreblanca<\/strong> el pr\u00f3ximo 2 de diciembre.<\/p>\n<p><a href=\"http:\/\/www.reconoce.mx\/wp-content\/uploads\/2018\/11\/torreblanca-1.jpg\"><img loading=\"lazy\" decoding=\"async\" class=\"aligncenter size-full wp-image-78464\" src=\"http:\/\/www.reconoce.mx\/wp-content\/uploads\/2018\/11\/torreblanca-1.jpg\" alt=\"\" width=\"590\" height=\"380\" srcset=\"http:\/\/www.reconoce.mx\/wp-content\/uploads\/2018\/11\/torreblanca-1.jpg 590w, http:\/\/www.reconoce.mx\/wp-content\/uploads\/2018\/11\/torreblanca-1-300x193.jpg 300w, http:\/\/www.reconoce.mx\/wp-content\/uploads\/2018\/11\/torreblanca-1-150x97.jpg 150w\" sizes=\"auto, (max-width: 590px) 100vw, 590px\" \/><\/a><\/p>\n<p>El m\u00fasico se caracteriza por experimentar por diversos g\u00e9neros musicales; en conferencia de prensa detall\u00f3 que <strong>Torreblanca<\/strong> est\u00e1 en nueva etapa y es muy distinto a lo que ha venido presentando anteriormente. Cabe destacar que cuenta con tres discos: \u00abBella \u00e9poca\u00bb (2011), \u00abEl polvo en la luz\u00bb ( 2014), \u00abAlgo se qued\u00f3 sin decir\u00bb (2016) y el EP \u00abDefensa\u00bb (2010).<\/p>\n<p>La propuesta musical de <strong>Torreblanca<\/strong> en esta nueva etapa en solitario, involucra ritmos de la salsa colombiana; tal como lo suguiere su nuevo sencillo \u00abEl candado\u00bb, tema que incita a la reflexi\u00f3n sobre la liberaci\u00f3n humana y propone acercarse m\u00e1s a la m\u00fasica folcl\u00f3rica.<\/p>\n<p>De esta manera, <strong>Torreblanca<\/strong> nos muestra lo que se avecina en su siguiente material que est\u00e1 pr\u00f3ximo a grabar. Tal y como destac\u00f3 en la conferencia de medios, ser\u00e1 un espect\u00e1culo dram\u00e1tico teatral, donde se crear\u00e1 una noche de reencuentro, una noche que recordar\u00e1n sus admiradores.<\/p>\n<p>Dentro de esta celebraci\u00f3n, la noche contar\u00e1 con importantes invitados para compartir el escenario del recinto de Donceles, entre ellos la agrupaci\u00f3n argentina <strong>\u00c1rbol<\/strong>.<\/p>\n<p><a href=\"http:\/\/www.reconoce.mx\/wp-content\/uploads\/2018\/11\/torreblanca-2.jpg\"><img loading=\"lazy\" decoding=\"async\" class=\"aligncenter size-full wp-image-78465\" src=\"http:\/\/www.reconoce.mx\/wp-content\/uploads\/2018\/11\/torreblanca-2.jpg\" alt=\"\" width=\"590\" height=\"380\" srcset=\"http:\/\/www.reconoce.mx\/wp-content\/uploads\/2018\/11\/torreblanca-2.jpg 590w, http:\/\/www.reconoce.mx\/wp-content\/uploads\/2018\/11\/torreblanca-2-300x193.jpg 300w, http:\/\/www.reconoce.mx\/wp-content\/uploads\/2018\/11\/torreblanca-2-150x97.jpg 150w\" sizes=\"auto, (max-width: 590px) 100vw, 590px\" \/><\/a><\/p>\n<p>Tras hacer varias incursiones en la escena independiente como m\u00fasico y productor, lleg\u00f3 el turno de hacer lo suyo en el <strong>Teatro de la Ciudad<\/strong>. Por ello me acerqu\u00e9 a \u00e9l para que comentara esta nueva estapa de <strong>Torreblanca<\/strong>.<\/p>\n<p>\u00abDecid\u00ed plantear una perspectiva m\u00e1s libre, aventurarme en esta parte de crear un nuevo repertorio. En esta vez dej\u00e9 de ser quien tome el tim\u00f3n, porque as\u00ed se decidi\u00f3, por petici\u00f3n, por necesidad o por muchas razones. A todos nos hizo bien en esta construcci\u00f3n\u00bb.<\/p>\n<p><strong>Torreblanca<\/strong> aprendi\u00f3 en esta nueva manera de crear su m\u00fasica, de Pablo Romero, l\u00edder de <strong>\u00c1rbol<\/strong> que fue pieza clave para las maquetas de este proceso de composici\u00f3n; as\u00ed tambi\u00e9n la cantante <strong>Iraida Noriega<\/strong> quien se involucr\u00f3 de lleno en el quehacer de este futuro disco.<\/p>\n<p>Lo diferente de estos temas es que se dio la oportunidad de colaborar con diversas voces; mencion\u00f3 que le ayud\u00f3 a darse cuenta de lo que estaba haciendo como compositor e int\u00e9rprete: \u00abFue un proceso muy largo, pero estoy satisfecho, agradecido y fascinado con el resultado final.\u00bb<\/p>\n<p><a href=\"http:\/\/www.reconoce.mx\/wp-content\/uploads\/2018\/11\/torreblanca-3.jpg\"><img loading=\"lazy\" decoding=\"async\" class=\"aligncenter size-full wp-image-78466\" src=\"http:\/\/www.reconoce.mx\/wp-content\/uploads\/2018\/11\/torreblanca-3.jpg\" alt=\"\" width=\"590\" height=\"380\" srcset=\"http:\/\/www.reconoce.mx\/wp-content\/uploads\/2018\/11\/torreblanca-3.jpg 590w, http:\/\/www.reconoce.mx\/wp-content\/uploads\/2018\/11\/torreblanca-3-300x193.jpg 300w, http:\/\/www.reconoce.mx\/wp-content\/uploads\/2018\/11\/torreblanca-3-150x97.jpg 150w\" sizes=\"auto, (max-width: 590px) 100vw, 590px\" \/><\/a><\/p>\n<p><strong>Torreblanca <\/strong>tiene m\u00e1s de diez a\u00f1os en la m\u00fasica; cont\u00f3 c\u00f3mo ve el pasar de los a\u00f1os, y ahora como proyecto solista: \u00abSon hermosos, he aprendido. Hay recuerdos de defectos, hallazgos y mucha nostalgia. Cada disco es un \u00e1lbum de historias, no me arrepiento de ninguno de mis discos\u00bb.<\/p>\n<p>En estos a\u00f1os <strong>Juan Manuel Torreblanca<\/strong> considera que lo que ha vivido ha valido la pena; ahora que pronto ofrecer\u00e1 su concierto en dicho recinto lo que m\u00e1s anhela es motivarse a hacer grandes cosas y percatarse de la responsabilidad que se tiene con el p\u00fablico. \u00abEste concierto es como un ritual\u00bb, afirma .<\/p>\n<p>Actualmente <strong>Torreblanca<\/strong> est\u00e1 por meterse en un estudio de grabaci\u00f3n, donde trabajar\u00e1 un \u00e1lbum lleno de varias coproducciones.<\/p>\n<p>La cita para el concierto de <strong>Torreblanca<\/strong> es el domingo 2 de diciembre a las 18:00 horas en el<strong> Teatro de la Ciudad \u00abEsperanza Iris\u00bb<\/strong>. Show para todas las edades.<\/p>\n<p>&nbsp;<\/p>\n<p>&nbsp;<\/p>\n","protected":false},"excerpt":{"rendered":"<p>Juan Manuel Torreblanca lleva m\u00e1s de una d\u00e9cada de trayectoria el cual se ha involucrado en diversos proyectos musicales. En esta ocasi\u00f3n pisar\u00e1 el escenario del Teatro de la Ciudad \u00abEsperanza Iris\u00bb para presentar su proyecto solitario Torreblanca el pr\u00f3ximo 2 de diciembre.<\/p>\n","protected":false},"author":2,"featured_media":78467,"comment_status":"open","ping_status":"open","sticky":false,"template":"","format":"standard","meta":{"footnotes":""},"categories":[1,18,17],"tags":[],"class_list":["post-78460","post","type-post","status-publish","format-standard","has-post-thumbnail","hentry","category-cultura","category-musica","category-principal"],"yoast_head":"<!-- This site is optimized with the Yoast SEO plugin v24.7 - https:\/\/yoast.com\/wordpress\/plugins\/seo\/ -->\n<title>Torreblanca regresa al Teatro de la Ciudad &#171; Reconoce MX<\/title>\n<meta name=\"robots\" content=\"index, follow, max-snippet:-1, max-image-preview:large, max-video-preview:-1\" \/>\n<link rel=\"canonical\" href=\"https:\/\/www.reconoce.mx\/?p=78460\" \/>\n<meta property=\"og:locale\" content=\"es_ES\" \/>\n<meta property=\"og:type\" content=\"article\" \/>\n<meta property=\"og:title\" content=\"Torreblanca regresa al Teatro de la Ciudad &#171; Reconoce MX\" \/>\n<meta property=\"og:description\" content=\"Juan Manuel Torreblanca lleva m\u00e1s de una d\u00e9cada de trayectoria el cual se ha involucrado en diversos proyectos musicales. En esta ocasi\u00f3n pisar\u00e1 el escenario del Teatro de la Ciudad &quot;Esperanza Iris&quot; para presentar su proyecto solitario Torreblanca el pr\u00f3ximo 2 de diciembre.\" \/>\n<meta property=\"og:url\" content=\"https:\/\/www.reconoce.mx\/?p=78460\" \/>\n<meta property=\"og:site_name\" content=\"Reconoce MX\" \/>\n<meta property=\"article:publisher\" content=\"https:\/\/es-la.facebook.com\/ReconoceMX\/\" \/>\n<meta property=\"article:published_time\" content=\"2018-11-29T06:01:44+00:00\" \/>\n<meta property=\"article:modified_time\" content=\"2018-11-30T03:24:55+00:00\" \/>\n<meta property=\"og:image\" content=\"https:\/\/www.reconoce.mx\/wp-content\/uploads\/2018\/11\/torreblanca-cover.jpg\" \/>\n\t<meta property=\"og:image:width\" content=\"590\" \/>\n\t<meta property=\"og:image:height\" content=\"380\" \/>\n\t<meta property=\"og:image:type\" content=\"image\/jpeg\" \/>\n<meta name=\"author\" content=\"Reconoce MX\" \/>\n<meta name=\"twitter:card\" content=\"summary_large_image\" \/>\n<meta name=\"twitter:creator\" content=\"@reconocemx\" \/>\n<meta name=\"twitter:site\" content=\"@reconocemx\" \/>\n<meta name=\"twitter:label1\" content=\"Escrito por\" \/>\n\t<meta name=\"twitter:data1\" content=\"Reconoce MX\" \/>\n\t<meta name=\"twitter:label2\" content=\"Tiempo de lectura\" \/>\n\t<meta name=\"twitter:data2\" content=\"3 minutos\" \/>\n<script type=\"application\/ld+json\" class=\"yoast-schema-graph\">{\"@context\":\"https:\/\/schema.org\",\"@graph\":[{\"@type\":\"Article\",\"@id\":\"https:\/\/www.reconoce.mx\/?p=78460#article\",\"isPartOf\":{\"@id\":\"https:\/\/www.reconoce.mx\/?p=78460\"},\"author\":{\"name\":\"Reconoce MX\",\"@id\":\"http:\/\/www.reconoce.mx\/#\/schema\/person\/2117e997d7051dc15d6880eaf9bca0b2\"},\"headline\":\"Torreblanca regresa al Teatro de la Ciudad\",\"datePublished\":\"2018-11-29T06:01:44+00:00\",\"dateModified\":\"2018-11-30T03:24:55+00:00\",\"mainEntityOfPage\":{\"@id\":\"https:\/\/www.reconoce.mx\/?p=78460\"},\"wordCount\":595,\"commentCount\":0,\"publisher\":{\"@id\":\"http:\/\/www.reconoce.mx\/#organization\"},\"image\":{\"@id\":\"https:\/\/www.reconoce.mx\/?p=78460#primaryimage\"},\"thumbnailUrl\":\"http:\/\/www.reconoce.mx\/wp-content\/uploads\/2018\/11\/torreblanca-cover.jpg\",\"articleSection\":[\"Cultura\",\"M\u00fasica\",\"Principal\"],\"inLanguage\":\"es\",\"potentialAction\":[{\"@type\":\"CommentAction\",\"name\":\"Comment\",\"target\":[\"https:\/\/www.reconoce.mx\/?p=78460#respond\"]}]},{\"@type\":\"WebPage\",\"@id\":\"https:\/\/www.reconoce.mx\/?p=78460\",\"url\":\"https:\/\/www.reconoce.mx\/?p=78460\",\"name\":\"Torreblanca regresa al Teatro de la Ciudad &#171; Reconoce MX\",\"isPartOf\":{\"@id\":\"http:\/\/www.reconoce.mx\/#website\"},\"primaryImageOfPage\":{\"@id\":\"https:\/\/www.reconoce.mx\/?p=78460#primaryimage\"},\"image\":{\"@id\":\"https:\/\/www.reconoce.mx\/?p=78460#primaryimage\"},\"thumbnailUrl\":\"http:\/\/www.reconoce.mx\/wp-content\/uploads\/2018\/11\/torreblanca-cover.jpg\",\"datePublished\":\"2018-11-29T06:01:44+00:00\",\"dateModified\":\"2018-11-30T03:24:55+00:00\",\"breadcrumb\":{\"@id\":\"https:\/\/www.reconoce.mx\/?p=78460#breadcrumb\"},\"inLanguage\":\"es\",\"potentialAction\":[{\"@type\":\"ReadAction\",\"target\":[\"https:\/\/www.reconoce.mx\/?p=78460\"]}]},{\"@type\":\"ImageObject\",\"inLanguage\":\"es\",\"@id\":\"https:\/\/www.reconoce.mx\/?p=78460#primaryimage\",\"url\":\"http:\/\/www.reconoce.mx\/wp-content\/uploads\/2018\/11\/torreblanca-cover.jpg\",\"contentUrl\":\"http:\/\/www.reconoce.mx\/wp-content\/uploads\/2018\/11\/torreblanca-cover.jpg\",\"width\":590,\"height\":380},{\"@type\":\"BreadcrumbList\",\"@id\":\"https:\/\/www.reconoce.mx\/?p=78460#breadcrumb\",\"itemListElement\":[{\"@type\":\"ListItem\",\"position\":1,\"name\":\"Portada\",\"item\":\"http:\/\/www.reconoce.mx\/\"},{\"@type\":\"ListItem\",\"position\":2,\"name\":\"Torreblanca regresa al Teatro de la Ciudad\"}]},{\"@type\":\"WebSite\",\"@id\":\"http:\/\/www.reconoce.mx\/#website\",\"url\":\"http:\/\/www.reconoce.mx\/\",\"name\":\"Reconoce MX\",\"description\":\"En Reconoce MX difundimos arte, cultura y conciencia social en M\u00e9xico. Tu ciudad en otra perspectiva.\",\"publisher\":{\"@id\":\"http:\/\/www.reconoce.mx\/#organization\"},\"potentialAction\":[{\"@type\":\"SearchAction\",\"target\":{\"@type\":\"EntryPoint\",\"urlTemplate\":\"http:\/\/www.reconoce.mx\/?s={search_term_string}\"},\"query-input\":{\"@type\":\"PropertyValueSpecification\",\"valueRequired\":true,\"valueName\":\"search_term_string\"}}],\"inLanguage\":\"es\"},{\"@type\":\"Organization\",\"@id\":\"http:\/\/www.reconoce.mx\/#organization\",\"name\":\"Reconoce MX\",\"url\":\"http:\/\/www.reconoce.mx\/\",\"logo\":{\"@type\":\"ImageObject\",\"inLanguage\":\"es\",\"@id\":\"http:\/\/www.reconoce.mx\/#\/schema\/logo\/image\/\",\"url\":\"https:\/\/www.reconoce.mx\/wp-content\/uploads\/2019\/03\/logorcmx-good-1.png\",\"contentUrl\":\"https:\/\/www.reconoce.mx\/wp-content\/uploads\/2019\/03\/logorcmx-good-1.png\",\"width\":280,\"height\":90,\"caption\":\"Reconoce MX\"},\"image\":{\"@id\":\"http:\/\/www.reconoce.mx\/#\/schema\/logo\/image\/\"},\"sameAs\":[\"https:\/\/es-la.facebook.com\/ReconoceMX\/\",\"https:\/\/x.com\/reconocemx\",\"http:\/\/@reconocemx\"]},{\"@type\":\"Person\",\"@id\":\"http:\/\/www.reconoce.mx\/#\/schema\/person\/2117e997d7051dc15d6880eaf9bca0b2\",\"name\":\"Reconoce MX\",\"image\":{\"@type\":\"ImageObject\",\"inLanguage\":\"es\",\"@id\":\"http:\/\/www.reconoce.mx\/#\/schema\/person\/image\/\",\"url\":\"https:\/\/secure.gravatar.com\/avatar\/6c8d4dc7569ca1c90c5fdcc349f839d5ddef6fe1e70b4337ead2ef1a4c43fc3a?s=96&d=identicon&r=g\",\"contentUrl\":\"https:\/\/secure.gravatar.com\/avatar\/6c8d4dc7569ca1c90c5fdcc349f839d5ddef6fe1e70b4337ead2ef1a4c43fc3a?s=96&d=identicon&r=g\",\"caption\":\"Reconoce MX\"},\"description\":\"Reconoce MX es un proyecto de difusi\u00f3n art\u00edstica, cultural y de conciencia social que est\u00e1 enfocado a difundir y fomentar el entretenimiento alternativo de calidad para todo el p\u00fablico que comparta el mismo entusiasmo.\",\"sameAs\":[\"http:\/\/www.reconoce.mx\"],\"url\":\"http:\/\/www.reconoce.mx\/?author=2\"}]}<\/script>\n<!-- \/ Yoast SEO plugin. -->","yoast_head_json":{"title":"Torreblanca regresa al Teatro de la Ciudad &#171; Reconoce MX","robots":{"index":"index","follow":"follow","max-snippet":"max-snippet:-1","max-image-preview":"max-image-preview:large","max-video-preview":"max-video-preview:-1"},"canonical":"https:\/\/www.reconoce.mx\/?p=78460","og_locale":"es_ES","og_type":"article","og_title":"Torreblanca regresa al Teatro de la Ciudad &#171; Reconoce MX","og_description":"Juan Manuel Torreblanca lleva m\u00e1s de una d\u00e9cada de trayectoria el cual se ha involucrado en diversos proyectos musicales. En esta ocasi\u00f3n pisar\u00e1 el escenario del Teatro de la Ciudad \"Esperanza Iris\" para presentar su proyecto solitario Torreblanca el pr\u00f3ximo 2 de diciembre.","og_url":"https:\/\/www.reconoce.mx\/?p=78460","og_site_name":"Reconoce MX","article_publisher":"https:\/\/es-la.facebook.com\/ReconoceMX\/","article_published_time":"2018-11-29T06:01:44+00:00","article_modified_time":"2018-11-30T03:24:55+00:00","og_image":[{"width":590,"height":380,"url":"https:\/\/www.reconoce.mx\/wp-content\/uploads\/2018\/11\/torreblanca-cover.jpg","type":"image\/jpeg"}],"author":"Reconoce MX","twitter_card":"summary_large_image","twitter_creator":"@reconocemx","twitter_site":"@reconocemx","twitter_misc":{"Escrito por":"Reconoce MX","Tiempo de lectura":"3 minutos"},"schema":{"@context":"https:\/\/schema.org","@graph":[{"@type":"Article","@id":"https:\/\/www.reconoce.mx\/?p=78460#article","isPartOf":{"@id":"https:\/\/www.reconoce.mx\/?p=78460"},"author":{"name":"Reconoce MX","@id":"http:\/\/www.reconoce.mx\/#\/schema\/person\/2117e997d7051dc15d6880eaf9bca0b2"},"headline":"Torreblanca regresa al Teatro de la Ciudad","datePublished":"2018-11-29T06:01:44+00:00","dateModified":"2018-11-30T03:24:55+00:00","mainEntityOfPage":{"@id":"https:\/\/www.reconoce.mx\/?p=78460"},"wordCount":595,"commentCount":0,"publisher":{"@id":"http:\/\/www.reconoce.mx\/#organization"},"image":{"@id":"https:\/\/www.reconoce.mx\/?p=78460#primaryimage"},"thumbnailUrl":"http:\/\/www.reconoce.mx\/wp-content\/uploads\/2018\/11\/torreblanca-cover.jpg","articleSection":["Cultura","M\u00fasica","Principal"],"inLanguage":"es","potentialAction":[{"@type":"CommentAction","name":"Comment","target":["https:\/\/www.reconoce.mx\/?p=78460#respond"]}]},{"@type":"WebPage","@id":"https:\/\/www.reconoce.mx\/?p=78460","url":"https:\/\/www.reconoce.mx\/?p=78460","name":"Torreblanca regresa al Teatro de la Ciudad &#171; Reconoce MX","isPartOf":{"@id":"http:\/\/www.reconoce.mx\/#website"},"primaryImageOfPage":{"@id":"https:\/\/www.reconoce.mx\/?p=78460#primaryimage"},"image":{"@id":"https:\/\/www.reconoce.mx\/?p=78460#primaryimage"},"thumbnailUrl":"http:\/\/www.reconoce.mx\/wp-content\/uploads\/2018\/11\/torreblanca-cover.jpg","datePublished":"2018-11-29T06:01:44+00:00","dateModified":"2018-11-30T03:24:55+00:00","breadcrumb":{"@id":"https:\/\/www.reconoce.mx\/?p=78460#breadcrumb"},"inLanguage":"es","potentialAction":[{"@type":"ReadAction","target":["https:\/\/www.reconoce.mx\/?p=78460"]}]},{"@type":"ImageObject","inLanguage":"es","@id":"https:\/\/www.reconoce.mx\/?p=78460#primaryimage","url":"http:\/\/www.reconoce.mx\/wp-content\/uploads\/2018\/11\/torreblanca-cover.jpg","contentUrl":"http:\/\/www.reconoce.mx\/wp-content\/uploads\/2018\/11\/torreblanca-cover.jpg","width":590,"height":380},{"@type":"BreadcrumbList","@id":"https:\/\/www.reconoce.mx\/?p=78460#breadcrumb","itemListElement":[{"@type":"ListItem","position":1,"name":"Portada","item":"http:\/\/www.reconoce.mx\/"},{"@type":"ListItem","position":2,"name":"Torreblanca regresa al Teatro de la Ciudad"}]},{"@type":"WebSite","@id":"http:\/\/www.reconoce.mx\/#website","url":"http:\/\/www.reconoce.mx\/","name":"Reconoce MX","description":"En Reconoce MX difundimos arte, cultura y conciencia social en M\u00e9xico. Tu ciudad en otra perspectiva.","publisher":{"@id":"http:\/\/www.reconoce.mx\/#organization"},"potentialAction":[{"@type":"SearchAction","target":{"@type":"EntryPoint","urlTemplate":"http:\/\/www.reconoce.mx\/?s={search_term_string}"},"query-input":{"@type":"PropertyValueSpecification","valueRequired":true,"valueName":"search_term_string"}}],"inLanguage":"es"},{"@type":"Organization","@id":"http:\/\/www.reconoce.mx\/#organization","name":"Reconoce MX","url":"http:\/\/www.reconoce.mx\/","logo":{"@type":"ImageObject","inLanguage":"es","@id":"http:\/\/www.reconoce.mx\/#\/schema\/logo\/image\/","url":"https:\/\/www.reconoce.mx\/wp-content\/uploads\/2019\/03\/logorcmx-good-1.png","contentUrl":"https:\/\/www.reconoce.mx\/wp-content\/uploads\/2019\/03\/logorcmx-good-1.png","width":280,"height":90,"caption":"Reconoce MX"},"image":{"@id":"http:\/\/www.reconoce.mx\/#\/schema\/logo\/image\/"},"sameAs":["https:\/\/es-la.facebook.com\/ReconoceMX\/","https:\/\/x.com\/reconocemx","http:\/\/@reconocemx"]},{"@type":"Person","@id":"http:\/\/www.reconoce.mx\/#\/schema\/person\/2117e997d7051dc15d6880eaf9bca0b2","name":"Reconoce MX","image":{"@type":"ImageObject","inLanguage":"es","@id":"http:\/\/www.reconoce.mx\/#\/schema\/person\/image\/","url":"https:\/\/secure.gravatar.com\/avatar\/6c8d4dc7569ca1c90c5fdcc349f839d5ddef6fe1e70b4337ead2ef1a4c43fc3a?s=96&d=identicon&r=g","contentUrl":"https:\/\/secure.gravatar.com\/avatar\/6c8d4dc7569ca1c90c5fdcc349f839d5ddef6fe1e70b4337ead2ef1a4c43fc3a?s=96&d=identicon&r=g","caption":"Reconoce MX"},"description":"Reconoce MX es un proyecto de difusi\u00f3n art\u00edstica, cultural y de conciencia social que est\u00e1 enfocado a difundir y fomentar el entretenimiento alternativo de calidad para todo el p\u00fablico que comparta el mismo entusiasmo.","sameAs":["http:\/\/www.reconoce.mx"],"url":"http:\/\/www.reconoce.mx\/?author=2"}]}},"_links":{"self":[{"href":"http:\/\/www.reconoce.mx\/index.php?rest_route=\/wp\/v2\/posts\/78460","targetHints":{"allow":["GET"]}}],"collection":[{"href":"http:\/\/www.reconoce.mx\/index.php?rest_route=\/wp\/v2\/posts"}],"about":[{"href":"http:\/\/www.reconoce.mx\/index.php?rest_route=\/wp\/v2\/types\/post"}],"author":[{"embeddable":true,"href":"http:\/\/www.reconoce.mx\/index.php?rest_route=\/wp\/v2\/users\/2"}],"replies":[{"embeddable":true,"href":"http:\/\/www.reconoce.mx\/index.php?rest_route=%2Fwp%2Fv2%2Fcomments&post=78460"}],"version-history":[{"count":3,"href":"http:\/\/www.reconoce.mx\/index.php?rest_route=\/wp\/v2\/posts\/78460\/revisions"}],"predecessor-version":[{"id":78469,"href":"http:\/\/www.reconoce.mx\/index.php?rest_route=\/wp\/v2\/posts\/78460\/revisions\/78469"}],"wp:featuredmedia":[{"embeddable":true,"href":"http:\/\/www.reconoce.mx\/index.php?rest_route=\/wp\/v2\/media\/78467"}],"wp:attachment":[{"href":"http:\/\/www.reconoce.mx\/index.php?rest_route=%2Fwp%2Fv2%2Fmedia&parent=78460"}],"wp:term":[{"taxonomy":"category","embeddable":true,"href":"http:\/\/www.reconoce.mx\/index.php?rest_route=%2Fwp%2Fv2%2Fcategories&post=78460"},{"taxonomy":"post_tag","embeddable":true,"href":"http:\/\/www.reconoce.mx\/index.php?rest_route=%2Fwp%2Fv2%2Ftags&post=78460"}],"curies":[{"name":"wp","href":"https:\/\/api.w.org\/{rel}","templated":true}]}}