{"id":78470,"date":"2018-11-28T00:05:40","date_gmt":"2018-11-28T06:05:40","guid":{"rendered":"http:\/\/www.reconoce.mx\/?p=78470"},"modified":"2018-11-27T22:59:50","modified_gmt":"2018-11-28T04:59:50","slug":"indiocatrina2018-entrevista-porter-la-honestidad-musical-por-encima-de-todas-las-cosas","status":"publish","type":"post","link":"http:\/\/www.reconoce.mx\/?p=78470","title":{"rendered":"#IndioCatrina2018 \u2013 Entrevista Porter: la honestidad musical por encima de todas las cosas"},"content":{"rendered":"<p><strong>Por <\/strong><strong><span class=\"st\"> <a href=\"https:\/\/twitter.com\/Amauryshow\" target=\"_blank\" rel=\"noopener noreferrer\">Amaury Berdejo Ju\u00e1rez<\/a><\/span><\/strong>.<\/p>\n<p>Platicamos con <strong>Fernando de la Huerta<\/strong>, guitarrista de <strong>Porter<\/strong>, quien nos comparte un poco del momento que se vive dentro de una de las bandas m\u00e1s representativas de la d\u00e9cada pasada, que resurgi\u00f3 con gran fuerza en estos \u00faltimos a\u00f1os gracias a un giro en la composici\u00f3n y conceptualizaci\u00f3n del proyecto.<\/p>\n<style>.embed-container { position: relative; padding-bottom: 56.25%; height: 0; overflow: hidden; max-width: 100%; } .embed-container iframe, .embed-container object, .embed-container embed { position: absolute; top: 0; left: 0; width: 100%; height: 100%; }<\/style>\n<div class=\"embed-container\"><iframe src=\"https:\/\/www.youtube.com\/embed\/LlOa6KiiAw0\" frameborder=\"0\" allowfullscreen=\"allowfullscreen\"><\/iframe><\/div>\n<p>&nbsp;<\/p>\n<p><span style=\"color: #a81f25;\"><strong>Reconoce MX<\/strong><\/span>: <strong>Porter<\/strong> es una de las bandas m\u00e1s representativas de toda una generaci\u00f3n. \u00bfC\u00f3mo mantener el camino con los altibajos y el peso de un nombre como el suyo?<\/p>\n<p><strong><span style=\"color: #0aa650;\">Fernando de la Huerta<\/span><\/strong>: Todo viene del amor por generar arte y trabajar con gente talentosa, considero que siempre hay momentos malos y momentos buenos, siempre hay batallas&#8230; Vinimos a esta vida a resolver. En <strong>Porter<\/strong> lo que queremos es seguir haciendo m\u00fasica, sentir la libertad de expresarnos y mientras el camino avanza nos damos cuenta que hay m\u00e1s l\u00edmites por pasar; hasta cierto punto es divertido: despertar y pensar que tu siguiente reto podr\u00eda ser tocar en un festival internacional, lograr una gira muy ambiciosa, etc.<\/p>\n<p><strong><span style=\"color: #a81f25;\">RCMX<\/span><\/strong>: \u00bfCu\u00e1l es el grado de compromiso que se requiere para seguir desarrollando el <em>performance<\/em> y la ejecuci\u00f3n de una banda como <strong>Porter<\/strong>?<\/p>\n<p><strong><span style=\"color: #0aa650;\">FH<\/span><\/strong>: Tener imaginaci\u00f3n: creerle a tu cabeza las locuras que tiene para ti y que todo eso se convierta en tu motivaci\u00f3n. Tienes que preguntarte a d\u00f3nde quieres llegar. Si es quiero tocar en <strong>Coachella<\/strong>, pues hay que trabajar por ello; si es quiero que seamos <em>headliners<\/em> de tal festival, creer que puede suceder. Ser\u00eda un fuerte compromiso personal antes que nada.<\/p>\n<p><span style=\"color: #a81f25;\"><strong>RCMX<\/strong><\/span>: \u00bfC\u00f3mo fue la decisi\u00f3n de este giro art\u00edstico y l\u00edrico al tema prehisp\u00e1nico?<\/p>\n<p><span style=\"color: #0aa650;\"><strong>FH<\/strong><\/span>: Estamos convencidos de que ese \u00abcambio\u00bb en la banda es exactamente lo que ten\u00edamos que desarrollar llegado este punto. Para nosotros no hab\u00eda otro camino que hacer algo o crear algo que no hubi\u00e9ramos hecho antes, estamos orgullosos de nuestras ra\u00edces y todo fue fluyendo en esta direcci\u00f3n.<\/p>\n<p><strong><span style=\"color: #a81f25;\">RCMX<\/span><\/strong>: \u00bfCu\u00e1les fueron los instrumentos favoritos de la banda en la \u00faltima grabaci\u00f3n?<\/p>\n<p><span style=\"color: #0aa650;\"><strong>FH<\/strong><\/span>: Lo resumir\u00eda con la canci\u00f3n \u00abCuxillo\u00bb, el sonido de la flautita prehisp\u00e1nica est\u00e1 en el colectivo de todos los mexicanos y nosotros quer\u00edamos generar esa memoria; que te recordara tambi\u00e9n al afilador de cuchillos. A lo que voy es que adem\u00e1s de nuestros instrumentos \u00abconvencionales\u00bb, el toque del disco est\u00e1 en esos elementos que por memoria colectiva nos vinculan a nuestras ra\u00edces.<\/p>\n<style>.embed-container { position: relative; padding-bottom: 56.25%; height: 0; overflow: hidden; max-width: 100%; } .embed-container iframe, .embed-container object, .embed-container embed { position: absolute; top: 0; left: 0; width: 100%; height: 100%; }<\/style>\n<div class=\"embed-container\"><iframe src=\"https:\/\/www.youtube.com\/embed\/G34jb7v3A78\" frameborder=\"0\" allowfullscreen=\"allowfullscreen\"><\/iframe><\/div>\n<p>&nbsp;<\/p>\n<p><span style=\"color: #a81f25;\"><strong>RCMX<\/strong><\/span>: A ustedes les toc\u00f3 una buen \u00e9poca para el rock indie, al grado de despuntar como una de las m\u00e1s importantes agrupaciones de rock de inicios de siglo. \u00bfC\u00f3mo perciben ahora la escena musical durante el \u00abresurgimiento\u00bb de <strong>Porter<\/strong>?<\/p>\n<p><span style=\"color: #0aa650;\"><strong>FH<\/strong><\/span>: La veo rara, est\u00e1 padre que haya muchas propuestas pero tambi\u00e9n veo que los n\u00fameros de reproducciones a veces son m\u00e1s importantes que el contenido&#8230; Es bueno y malo a la vez. Creo que con los medios digitales la cr\u00edtica y los comentarios por parte del p\u00fablico son m\u00e1s cercanos; definitivamente estamos m\u00e1s en contacto con nuestros seguidores, pero considero que eso tambi\u00e9n puede afectar el proceso creativo y sobre todo ser una gran distracci\u00f3n.<\/p>\n<p><strong><span style=\"color: #a81f25;\">RCMX<\/span><\/strong>: \u00bfCu\u00e1l ser\u00eda la gran satisfacci\u00f3n que has tenido de <strong>Porter<\/strong> hasta el momento?<\/p>\n<p><span style=\"color: #0aa650;\"><strong>FH<\/strong><\/span>: Me encanta ver que nuestra m\u00fasica inspira. Cuando hay ni\u00f1os en los conciertos escuchando a muchas bandas de calidad, consumiendo buena m\u00fasica de tan j\u00f3venes, me hace querer seguir creando; nuestro proyecto es por encima de todo muy honesto y estoy feliz de que haya mucha gente que entienda lo que hacemos y lo comparta.<\/p>\n<p><span style=\"color: #a81f25;\"><strong>RCMX<\/strong><\/span>: \u00bfQu\u00e9 playlist has estado escuchando en estos d\u00edas de tanto movimiento?<\/p>\n<p><span style=\"color: #0aa650;\"><strong>FH<\/strong><\/span>: Mi playlist en este momento se constituye de <strong>Radiohead<\/strong>, <strong>MGMT<\/strong>, <strong>Massive Atack<\/strong>, <strong>Portishead<\/strong>, <strong>Mecano<\/strong> y <strong>Tom Morello<\/strong>. Tambi\u00e9n tengo una extra\u00f1a fascinaci\u00f3n por la m\u00fasica brasile\u00f1a en estos momentos.<\/p>\n<p>El <strong>Festival Catrina<\/strong> se realizar\u00e1 el pr\u00f3ximo 8 de diciembre en <strong>Parque Pir\u00e1mide<\/strong> de Cholula, Puebla. <a href=\"https:\/\/www.eticket.mx\/masinformacion.aspx?idevento=13525\" target=\"_blank\" rel=\"noopener\">Boletos ya a la venta<\/a>.<\/p>\n<p style=\"text-align: right;\">Foto de portada por <strong>Jes\u00fas Ortega<\/strong> \/ <span style=\"color: #a81f25;\"><strong>Reconoce MX<\/strong><\/span>.<\/p>\n<p>&nbsp;<\/p>\n<p>&nbsp;<\/p>\n","protected":false},"excerpt":{"rendered":"<p>Platicamos con Fernando de la Huerta, guitarrista de Porter, quien nos comparte un poco del momento que se vive dentro de una de las bandas m\u00e1s representativas de la d\u00e9cada pasada, que resurgi\u00f3 con gran fuerza en estos \u00faltimos a\u00f1os gracias a un giro en la composici\u00f3n y conceptualizaci\u00f3n del proyecto.<\/p>\n","protected":false},"author":2,"featured_media":78475,"comment_status":"open","ping_status":"open","sticky":false,"template":"","format":"standard","meta":{"footnotes":""},"categories":[1,18,17],"tags":[],"class_list":["post-78470","post","type-post","status-publish","format-standard","has-post-thumbnail","hentry","category-cultura","category-musica","category-principal"],"yoast_head":"<!-- This site is optimized with the Yoast SEO plugin v24.7 - https:\/\/yoast.com\/wordpress\/plugins\/seo\/ -->\n<title>#IndioCatrina2018 \u2013 Entrevista Porter: la honestidad musical por encima de todas las cosas &#171; Reconoce MX<\/title>\n<meta name=\"robots\" content=\"index, follow, max-snippet:-1, max-image-preview:large, max-video-preview:-1\" \/>\n<link rel=\"canonical\" href=\"http:\/\/www.reconoce.mx\/?p=78470\" \/>\n<meta property=\"og:locale\" content=\"es_ES\" \/>\n<meta property=\"og:type\" content=\"article\" \/>\n<meta property=\"og:title\" content=\"#IndioCatrina2018 \u2013 Entrevista Porter: la honestidad musical por encima de todas las cosas &#171; Reconoce MX\" \/>\n<meta property=\"og:description\" content=\"Platicamos con Fernando de la Huerta, guitarrista de Porter, quien nos comparte un poco del momento que se vive dentro de una de las bandas m\u00e1s representativas de la d\u00e9cada pasada, que resurgi\u00f3 con gran fuerza en estos \u00faltimos a\u00f1os gracias a un giro en la composici\u00f3n y conceptualizaci\u00f3n del proyecto.\" \/>\n<meta property=\"og:url\" content=\"http:\/\/www.reconoce.mx\/?p=78470\" \/>\n<meta property=\"og:site_name\" content=\"Reconoce MX\" \/>\n<meta property=\"article:publisher\" content=\"https:\/\/es-la.facebook.com\/ReconoceMX\/\" \/>\n<meta property=\"article:published_time\" content=\"2018-11-28T06:05:40+00:00\" \/>\n<meta property=\"og:image\" content=\"http:\/\/www.reconoce.mx\/wp-content\/uploads\/2018\/11\/porter-cover-1.jpg\" \/>\n\t<meta property=\"og:image:width\" content=\"590\" \/>\n\t<meta property=\"og:image:height\" content=\"380\" \/>\n\t<meta property=\"og:image:type\" content=\"image\/jpeg\" \/>\n<meta name=\"author\" content=\"Reconoce MX\" \/>\n<meta name=\"twitter:card\" content=\"summary_large_image\" \/>\n<meta name=\"twitter:creator\" content=\"@reconocemx\" \/>\n<meta name=\"twitter:site\" content=\"@reconocemx\" \/>\n<meta name=\"twitter:label1\" content=\"Escrito por\" \/>\n\t<meta name=\"twitter:data1\" content=\"Reconoce MX\" \/>\n\t<meta name=\"twitter:label2\" content=\"Tiempo de lectura\" \/>\n\t<meta name=\"twitter:data2\" content=\"4 minutos\" \/>\n<script type=\"application\/ld+json\" class=\"yoast-schema-graph\">{\"@context\":\"https:\/\/schema.org\",\"@graph\":[{\"@type\":\"Article\",\"@id\":\"http:\/\/www.reconoce.mx\/?p=78470#article\",\"isPartOf\":{\"@id\":\"http:\/\/www.reconoce.mx\/?p=78470\"},\"author\":{\"name\":\"Reconoce MX\",\"@id\":\"http:\/\/www.reconoce.mx\/#\/schema\/person\/2117e997d7051dc15d6880eaf9bca0b2\"},\"headline\":\"#IndioCatrina2018 \u2013 Entrevista Porter: la honestidad musical por encima de todas las cosas\",\"datePublished\":\"2018-11-28T06:05:40+00:00\",\"mainEntityOfPage\":{\"@id\":\"http:\/\/www.reconoce.mx\/?p=78470\"},\"wordCount\":733,\"commentCount\":0,\"publisher\":{\"@id\":\"http:\/\/www.reconoce.mx\/#organization\"},\"image\":{\"@id\":\"http:\/\/www.reconoce.mx\/?p=78470#primaryimage\"},\"thumbnailUrl\":\"http:\/\/www.reconoce.mx\/wp-content\/uploads\/2018\/11\/porter-cover-1.jpg\",\"articleSection\":[\"Cultura\",\"M\u00fasica\",\"Principal\"],\"inLanguage\":\"es\",\"potentialAction\":[{\"@type\":\"CommentAction\",\"name\":\"Comment\",\"target\":[\"http:\/\/www.reconoce.mx\/?p=78470#respond\"]}]},{\"@type\":\"WebPage\",\"@id\":\"http:\/\/www.reconoce.mx\/?p=78470\",\"url\":\"http:\/\/www.reconoce.mx\/?p=78470\",\"name\":\"#IndioCatrina2018 \u2013 Entrevista Porter: la honestidad musical por encima de todas las cosas &#171; Reconoce MX\",\"isPartOf\":{\"@id\":\"http:\/\/www.reconoce.mx\/#website\"},\"primaryImageOfPage\":{\"@id\":\"http:\/\/www.reconoce.mx\/?p=78470#primaryimage\"},\"image\":{\"@id\":\"http:\/\/www.reconoce.mx\/?p=78470#primaryimage\"},\"thumbnailUrl\":\"http:\/\/www.reconoce.mx\/wp-content\/uploads\/2018\/11\/porter-cover-1.jpg\",\"datePublished\":\"2018-11-28T06:05:40+00:00\",\"breadcrumb\":{\"@id\":\"http:\/\/www.reconoce.mx\/?p=78470#breadcrumb\"},\"inLanguage\":\"es\",\"potentialAction\":[{\"@type\":\"ReadAction\",\"target\":[\"http:\/\/www.reconoce.mx\/?p=78470\"]}]},{\"@type\":\"ImageObject\",\"inLanguage\":\"es\",\"@id\":\"http:\/\/www.reconoce.mx\/?p=78470#primaryimage\",\"url\":\"http:\/\/www.reconoce.mx\/wp-content\/uploads\/2018\/11\/porter-cover-1.jpg\",\"contentUrl\":\"http:\/\/www.reconoce.mx\/wp-content\/uploads\/2018\/11\/porter-cover-1.jpg\",\"width\":590,\"height\":380},{\"@type\":\"BreadcrumbList\",\"@id\":\"http:\/\/www.reconoce.mx\/?p=78470#breadcrumb\",\"itemListElement\":[{\"@type\":\"ListItem\",\"position\":1,\"name\":\"Portada\",\"item\":\"http:\/\/www.reconoce.mx\/\"},{\"@type\":\"ListItem\",\"position\":2,\"name\":\"#IndioCatrina2018 \u2013 Entrevista Porter: la honestidad musical por encima de todas las cosas\"}]},{\"@type\":\"WebSite\",\"@id\":\"http:\/\/www.reconoce.mx\/#website\",\"url\":\"http:\/\/www.reconoce.mx\/\",\"name\":\"Reconoce MX\",\"description\":\"En Reconoce MX difundimos arte, cultura y conciencia social en M\u00e9xico. Tu ciudad en otra perspectiva.\",\"publisher\":{\"@id\":\"http:\/\/www.reconoce.mx\/#organization\"},\"potentialAction\":[{\"@type\":\"SearchAction\",\"target\":{\"@type\":\"EntryPoint\",\"urlTemplate\":\"http:\/\/www.reconoce.mx\/?s={search_term_string}\"},\"query-input\":{\"@type\":\"PropertyValueSpecification\",\"valueRequired\":true,\"valueName\":\"search_term_string\"}}],\"inLanguage\":\"es\"},{\"@type\":\"Organization\",\"@id\":\"http:\/\/www.reconoce.mx\/#organization\",\"name\":\"Reconoce MX\",\"url\":\"http:\/\/www.reconoce.mx\/\",\"logo\":{\"@type\":\"ImageObject\",\"inLanguage\":\"es\",\"@id\":\"http:\/\/www.reconoce.mx\/#\/schema\/logo\/image\/\",\"url\":\"https:\/\/www.reconoce.mx\/wp-content\/uploads\/2019\/03\/logorcmx-good-1.png\",\"contentUrl\":\"https:\/\/www.reconoce.mx\/wp-content\/uploads\/2019\/03\/logorcmx-good-1.png\",\"width\":280,\"height\":90,\"caption\":\"Reconoce MX\"},\"image\":{\"@id\":\"http:\/\/www.reconoce.mx\/#\/schema\/logo\/image\/\"},\"sameAs\":[\"https:\/\/es-la.facebook.com\/ReconoceMX\/\",\"https:\/\/x.com\/reconocemx\",\"http:\/\/@reconocemx\"]},{\"@type\":\"Person\",\"@id\":\"http:\/\/www.reconoce.mx\/#\/schema\/person\/2117e997d7051dc15d6880eaf9bca0b2\",\"name\":\"Reconoce MX\",\"image\":{\"@type\":\"ImageObject\",\"inLanguage\":\"es\",\"@id\":\"http:\/\/www.reconoce.mx\/#\/schema\/person\/image\/\",\"url\":\"https:\/\/secure.gravatar.com\/avatar\/6c8d4dc7569ca1c90c5fdcc349f839d5ddef6fe1e70b4337ead2ef1a4c43fc3a?s=96&d=identicon&r=g\",\"contentUrl\":\"https:\/\/secure.gravatar.com\/avatar\/6c8d4dc7569ca1c90c5fdcc349f839d5ddef6fe1e70b4337ead2ef1a4c43fc3a?s=96&d=identicon&r=g\",\"caption\":\"Reconoce MX\"},\"description\":\"Reconoce MX es un proyecto de difusi\u00f3n art\u00edstica, cultural y de conciencia social que est\u00e1 enfocado a difundir y fomentar el entretenimiento alternativo de calidad para todo el p\u00fablico que comparta el mismo entusiasmo.\",\"sameAs\":[\"http:\/\/www.reconoce.mx\"],\"url\":\"http:\/\/www.reconoce.mx\/?author=2\"}]}<\/script>\n<!-- \/ Yoast SEO plugin. -->","yoast_head_json":{"title":"#IndioCatrina2018 \u2013 Entrevista Porter: la honestidad musical por encima de todas las cosas &#171; Reconoce MX","robots":{"index":"index","follow":"follow","max-snippet":"max-snippet:-1","max-image-preview":"max-image-preview:large","max-video-preview":"max-video-preview:-1"},"canonical":"http:\/\/www.reconoce.mx\/?p=78470","og_locale":"es_ES","og_type":"article","og_title":"#IndioCatrina2018 \u2013 Entrevista Porter: la honestidad musical por encima de todas las cosas &#171; Reconoce MX","og_description":"Platicamos con Fernando de la Huerta, guitarrista de Porter, quien nos comparte un poco del momento que se vive dentro de una de las bandas m\u00e1s representativas de la d\u00e9cada pasada, que resurgi\u00f3 con gran fuerza en estos \u00faltimos a\u00f1os gracias a un giro en la composici\u00f3n y conceptualizaci\u00f3n del proyecto.","og_url":"http:\/\/www.reconoce.mx\/?p=78470","og_site_name":"Reconoce MX","article_publisher":"https:\/\/es-la.facebook.com\/ReconoceMX\/","article_published_time":"2018-11-28T06:05:40+00:00","og_image":[{"width":590,"height":380,"url":"http:\/\/www.reconoce.mx\/wp-content\/uploads\/2018\/11\/porter-cover-1.jpg","type":"image\/jpeg"}],"author":"Reconoce MX","twitter_card":"summary_large_image","twitter_creator":"@reconocemx","twitter_site":"@reconocemx","twitter_misc":{"Escrito por":"Reconoce MX","Tiempo de lectura":"4 minutos"},"schema":{"@context":"https:\/\/schema.org","@graph":[{"@type":"Article","@id":"http:\/\/www.reconoce.mx\/?p=78470#article","isPartOf":{"@id":"http:\/\/www.reconoce.mx\/?p=78470"},"author":{"name":"Reconoce MX","@id":"http:\/\/www.reconoce.mx\/#\/schema\/person\/2117e997d7051dc15d6880eaf9bca0b2"},"headline":"#IndioCatrina2018 \u2013 Entrevista Porter: la honestidad musical por encima de todas las cosas","datePublished":"2018-11-28T06:05:40+00:00","mainEntityOfPage":{"@id":"http:\/\/www.reconoce.mx\/?p=78470"},"wordCount":733,"commentCount":0,"publisher":{"@id":"http:\/\/www.reconoce.mx\/#organization"},"image":{"@id":"http:\/\/www.reconoce.mx\/?p=78470#primaryimage"},"thumbnailUrl":"http:\/\/www.reconoce.mx\/wp-content\/uploads\/2018\/11\/porter-cover-1.jpg","articleSection":["Cultura","M\u00fasica","Principal"],"inLanguage":"es","potentialAction":[{"@type":"CommentAction","name":"Comment","target":["http:\/\/www.reconoce.mx\/?p=78470#respond"]}]},{"@type":"WebPage","@id":"http:\/\/www.reconoce.mx\/?p=78470","url":"http:\/\/www.reconoce.mx\/?p=78470","name":"#IndioCatrina2018 \u2013 Entrevista Porter: la honestidad musical por encima de todas las cosas &#171; Reconoce MX","isPartOf":{"@id":"http:\/\/www.reconoce.mx\/#website"},"primaryImageOfPage":{"@id":"http:\/\/www.reconoce.mx\/?p=78470#primaryimage"},"image":{"@id":"http:\/\/www.reconoce.mx\/?p=78470#primaryimage"},"thumbnailUrl":"http:\/\/www.reconoce.mx\/wp-content\/uploads\/2018\/11\/porter-cover-1.jpg","datePublished":"2018-11-28T06:05:40+00:00","breadcrumb":{"@id":"http:\/\/www.reconoce.mx\/?p=78470#breadcrumb"},"inLanguage":"es","potentialAction":[{"@type":"ReadAction","target":["http:\/\/www.reconoce.mx\/?p=78470"]}]},{"@type":"ImageObject","inLanguage":"es","@id":"http:\/\/www.reconoce.mx\/?p=78470#primaryimage","url":"http:\/\/www.reconoce.mx\/wp-content\/uploads\/2018\/11\/porter-cover-1.jpg","contentUrl":"http:\/\/www.reconoce.mx\/wp-content\/uploads\/2018\/11\/porter-cover-1.jpg","width":590,"height":380},{"@type":"BreadcrumbList","@id":"http:\/\/www.reconoce.mx\/?p=78470#breadcrumb","itemListElement":[{"@type":"ListItem","position":1,"name":"Portada","item":"http:\/\/www.reconoce.mx\/"},{"@type":"ListItem","position":2,"name":"#IndioCatrina2018 \u2013 Entrevista Porter: la honestidad musical por encima de todas las cosas"}]},{"@type":"WebSite","@id":"http:\/\/www.reconoce.mx\/#website","url":"http:\/\/www.reconoce.mx\/","name":"Reconoce MX","description":"En Reconoce MX difundimos arte, cultura y conciencia social en M\u00e9xico. Tu ciudad en otra perspectiva.","publisher":{"@id":"http:\/\/www.reconoce.mx\/#organization"},"potentialAction":[{"@type":"SearchAction","target":{"@type":"EntryPoint","urlTemplate":"http:\/\/www.reconoce.mx\/?s={search_term_string}"},"query-input":{"@type":"PropertyValueSpecification","valueRequired":true,"valueName":"search_term_string"}}],"inLanguage":"es"},{"@type":"Organization","@id":"http:\/\/www.reconoce.mx\/#organization","name":"Reconoce MX","url":"http:\/\/www.reconoce.mx\/","logo":{"@type":"ImageObject","inLanguage":"es","@id":"http:\/\/www.reconoce.mx\/#\/schema\/logo\/image\/","url":"https:\/\/www.reconoce.mx\/wp-content\/uploads\/2019\/03\/logorcmx-good-1.png","contentUrl":"https:\/\/www.reconoce.mx\/wp-content\/uploads\/2019\/03\/logorcmx-good-1.png","width":280,"height":90,"caption":"Reconoce MX"},"image":{"@id":"http:\/\/www.reconoce.mx\/#\/schema\/logo\/image\/"},"sameAs":["https:\/\/es-la.facebook.com\/ReconoceMX\/","https:\/\/x.com\/reconocemx","http:\/\/@reconocemx"]},{"@type":"Person","@id":"http:\/\/www.reconoce.mx\/#\/schema\/person\/2117e997d7051dc15d6880eaf9bca0b2","name":"Reconoce MX","image":{"@type":"ImageObject","inLanguage":"es","@id":"http:\/\/www.reconoce.mx\/#\/schema\/person\/image\/","url":"https:\/\/secure.gravatar.com\/avatar\/6c8d4dc7569ca1c90c5fdcc349f839d5ddef6fe1e70b4337ead2ef1a4c43fc3a?s=96&d=identicon&r=g","contentUrl":"https:\/\/secure.gravatar.com\/avatar\/6c8d4dc7569ca1c90c5fdcc349f839d5ddef6fe1e70b4337ead2ef1a4c43fc3a?s=96&d=identicon&r=g","caption":"Reconoce MX"},"description":"Reconoce MX es un proyecto de difusi\u00f3n art\u00edstica, cultural y de conciencia social que est\u00e1 enfocado a difundir y fomentar el entretenimiento alternativo de calidad para todo el p\u00fablico que comparta el mismo entusiasmo.","sameAs":["http:\/\/www.reconoce.mx"],"url":"http:\/\/www.reconoce.mx\/?author=2"}]}},"_links":{"self":[{"href":"http:\/\/www.reconoce.mx\/index.php?rest_route=\/wp\/v2\/posts\/78470","targetHints":{"allow":["GET"]}}],"collection":[{"href":"http:\/\/www.reconoce.mx\/index.php?rest_route=\/wp\/v2\/posts"}],"about":[{"href":"http:\/\/www.reconoce.mx\/index.php?rest_route=\/wp\/v2\/types\/post"}],"author":[{"embeddable":true,"href":"http:\/\/www.reconoce.mx\/index.php?rest_route=\/wp\/v2\/users\/2"}],"replies":[{"embeddable":true,"href":"http:\/\/www.reconoce.mx\/index.php?rest_route=%2Fwp%2Fv2%2Fcomments&post=78470"}],"version-history":[{"count":3,"href":"http:\/\/www.reconoce.mx\/index.php?rest_route=\/wp\/v2\/posts\/78470\/revisions"}],"predecessor-version":[{"id":78476,"href":"http:\/\/www.reconoce.mx\/index.php?rest_route=\/wp\/v2\/posts\/78470\/revisions\/78476"}],"wp:featuredmedia":[{"embeddable":true,"href":"http:\/\/www.reconoce.mx\/index.php?rest_route=\/wp\/v2\/media\/78475"}],"wp:attachment":[{"href":"http:\/\/www.reconoce.mx\/index.php?rest_route=%2Fwp%2Fv2%2Fmedia&parent=78470"}],"wp:term":[{"taxonomy":"category","embeddable":true,"href":"http:\/\/www.reconoce.mx\/index.php?rest_route=%2Fwp%2Fv2%2Fcategories&post=78470"},{"taxonomy":"post_tag","embeddable":true,"href":"http:\/\/www.reconoce.mx\/index.php?rest_route=%2Fwp%2Fv2%2Ftags&post=78470"}],"curies":[{"name":"wp","href":"https:\/\/api.w.org\/{rel}","templated":true}]}}