{"id":78477,"date":"2018-11-28T00:04:55","date_gmt":"2018-11-28T06:04:55","guid":{"rendered":"http:\/\/www.reconoce.mx\/?p=78477"},"modified":"2018-11-27T22:59:37","modified_gmt":"2018-11-28T04:59:37","slug":"acordes-siniestros-para-invocar-el-mas-alla-la-musica-de-erich-zann","status":"publish","type":"post","link":"http:\/\/www.reconoce.mx\/?p=78477","title":{"rendered":"Acordes siniestros para invocar el m\u00e1s all\u00e1: \u00abLa m\u00fasica de Erich Zann\u00bb"},"content":{"rendered":"<p><a href=\"http:\/\/www.reconoce.mx\/category\/columnistas\/\"><img loading=\"lazy\" decoding=\"async\" class=\"aligncenter size-full wp-image-40651\" src=\"http:\/\/www.reconoce.mx\/wp-content\/uploads\/2015\/09\/ColumnistaRCMX.png\" alt=\"Columnistainvitado\" width=\"570\" height=\"70\" \/><\/a><\/p>\n<p><strong>Por\u00a0<a href=\"https:\/\/twitter.com\/SandyMW13\" target=\"_blank\" rel=\"noopener noreferrer\">Sandyluz<\/a><\/strong>.<\/p>\n<p>As\u00ed como, en general, el g\u00e9nero terror nos lleva a remendar fobias, temblores del pasado y huellas ancestrales; las historias que inmiscuyen la edificaci\u00f3n, la casa embrujada o abandonada nos remiten a las estructuras, paredes y moldes mentales, que nos ci\u00f1en, y nos llevan hacia herencias emocionales y lealtades invisibles. Desde la perspectiva freudiana, en las historias de terror, la casa debe contemplarse como la mente; un ah\u00ed que aloja al \u201cello\u201d en su s\u00f3tano tenebroso, al \u201cyo\u201d (deambulando cual fantasma) en la planta baja, mientras espera a \u201clas visitas\u201d, y al \u201csupery\u00f3\u201d (la mente superlativa) en el \u00e1tico o azotea de la casa, donde anida y echa telara\u00f1as, encima de los deberes sociales.<\/p>\n<p><a href=\"http:\/\/www.reconoce.mx\/wp-content\/uploads\/2018\/11\/DFWhmTZVYAEYyxy.jpg\"><img loading=\"lazy\" decoding=\"async\" class=\"aligncenter size-full wp-image-78482\" src=\"http:\/\/www.reconoce.mx\/wp-content\/uploads\/2018\/11\/DFWhmTZVYAEYyxy.jpg\" alt=\"\" width=\"1200\" height=\"1200\" srcset=\"http:\/\/www.reconoce.mx\/wp-content\/uploads\/2018\/11\/DFWhmTZVYAEYyxy.jpg 1200w, http:\/\/www.reconoce.mx\/wp-content\/uploads\/2018\/11\/DFWhmTZVYAEYyxy-150x150.jpg 150w, http:\/\/www.reconoce.mx\/wp-content\/uploads\/2018\/11\/DFWhmTZVYAEYyxy-300x300.jpg 300w, http:\/\/www.reconoce.mx\/wp-content\/uploads\/2018\/11\/DFWhmTZVYAEYyxy-768x768.jpg 768w, http:\/\/www.reconoce.mx\/wp-content\/uploads\/2018\/11\/DFWhmTZVYAEYyxy-1024x1024.jpg 1024w, http:\/\/www.reconoce.mx\/wp-content\/uploads\/2018\/11\/DFWhmTZVYAEYyxy-65x65.jpg 65w, http:\/\/www.reconoce.mx\/wp-content\/uploads\/2018\/11\/DFWhmTZVYAEYyxy-700x700.jpg 700w, http:\/\/www.reconoce.mx\/wp-content\/uploads\/2018\/11\/DFWhmTZVYAEYyxy-658x658.jpg 658w\" sizes=\"auto, (max-width: 1200px) 100vw, 1200px\" \/><\/a><\/p>\n<p>En esta ocasi\u00f3n, he de hablarles de un cuento no tan populoso, pero s\u00ed interesant\u00edsimo y siniestro del autor <strong>H. P. Lovecraft<\/strong>; me refiero a \u201cLa m\u00fasica de Erich Zann\u201d. Sabemos que este autor es especialista en la creaci\u00f3n de criaturas fant\u00e1sticas, las cuales tejen su conexi\u00f3n con los humanos, mediante la hip\u00f3tesis de ser especies paranormales o primigenias. Pues en este cuento, aunado a ello, se traza la l\u00ednea paralela de lo anormal con lo paranormal, cuando los oscuros seres \u00ablovecraftianos\u00bb conviven junto con los hombres, compartiendo el mismo espacio, la misma urbe, sin que los humanos los adviertan; luego, es como si las criaturas hubieran estado antes que todos nosotros, y por ende, somos nosotros los intrusos, atrapados, cual ratoneras, dentro de nuestras propias ciudades.<\/p>\n<p>La historia de Erich Zann est\u00e1 situada en la Rue d\u2019Auseil y arranca cuando el joven narrador, un universitario, alquila un departamento en un edificio de cuatro plantas de dicha callejuela. Transcurre poco tiempo para que \u00e9ste perciba, desde su nuevo h\u00e1bitat, una m\u00fasica de viol\u00edn, bastante fren\u00e9tica, apasionada y extra\u00f1a. Luego, descubre que en el piso superior (asunto muy simb\u00f3lico) hay un inquilino, un hombre mayor, un m\u00fasico venido a menos, cuyo nombre es<strong> Erich Zann<\/strong>. En el desarrollo de la trama, el joven empatiza con su t\u00edmido vecino, pues le atrae el fervor de sus interpretaciones nocturnas. En el cl\u00edmax, el joven narrador descubre que su vecino ha sido irremediablemente imbuido por las monstruosas criaturas, habitantes del otro lado del muro que colinda con su departamento; dichos seres aparentemente lo obligan a tocar el viol\u00edn, como si con ello Zann los disuadiera de irrumpir violentamente en el mundo terrenal, fr\u00e1gil refugio de los hombres.<\/p>\n<p>El cuento es mucho m\u00e1s la historia de un sitio de leyenda (con todo y su pasaje hacia el m\u00e1s all\u00e1), que la vida de un hombre (<strong>Eric Zann<\/strong>). As\u00ed, aunque en el t\u00edtulo del cuento se implique del todo al sujeto actante, o sea, al m\u00fasico <strong>Erich Zann<\/strong>, realmente la evoluci\u00f3n del cuento nos lleva hacia la p\u00e9rdida de la voluntad del ser humano, quien deviene en un esclavo, en un objeto adorador del funesto misterio que visita su buhardilla. Por otro lado, la estructura narrativa del relato confirma lo mismo: el cuento est\u00e1 narrado a partir de la historia del lugar; se sit\u00faa al lector en el inicio de la bocacalle, para terminar, irremediablemente, y sin salida, en el \u00e1tico de <strong>Erich Zann<\/strong>, el cual conecta con un muro de origen desconocido, que separa el mundo terrenal del mundo ultraterreno. En el desenlace del cuento, se regresa al punto de partida, con lo cual se confirma la estructura narrativa de <em>racconto<\/em>, pues el narrador intradieg\u00e9tico protagonista, el vecino de Zann, concluye atestiguando no haber divisado m\u00e1s la angosta callejuela Rue d\u2019Auseil, donde otrora experiment\u00f3 los efectos de la m\u00fasica de <strong>Eric Zann<\/strong>, como si se hubiera abierto una brecha en la tierra y se hubiera tragado todo aquel lugar, portal hacia el m\u00e1s all\u00e1.<\/p>\n<p>Haciendo un an\u00e1lisis m\u00e1s simb\u00f3lico y menos estructural del texto, \u00bfqu\u00e9 podr\u00eda simbolizar que el m\u00fasico estuviera alojado en el \u00e1tico del edificio ruinoso, y que estuviera cavando ah\u00ed su tumba, al entrar en contacto con seres de naturaleza desconocida? \u00bfAcaso el autor <strong>Lovecraft<\/strong> abre la cabida a la noci\u00f3n de que el raciocinio y entendimiento profundo de las cosas nos puede develar horrores, que m\u00e1s vale guardar, bajo el disfraz de ingenuidad o ignorancia? S\u00ed, de alguna manera el cuento \u201cLa m\u00fasica de Erich Zann\u201d revela que, una vez que alguien tiene un conocimiento o contacto del objeto o sujeto maldito o terrible, no hay manera de evadirlo u olvidarlo. As\u00ed, haciendo una generalizaci\u00f3n, la humanidad es ingenua al pensar que tiene los dominios y la plena conciencia del universo que le rodea, donde \u00e9sta no es m\u00e1s que un diminuto punto, en medio de la oscuridad del cosmos, el cual alberga, quiz\u00e1s, diversas formas de vida; quiz\u00e1s, muchas de ellas infaustas; quiz\u00e1s, algunas de ellas residentes de la Tierra, mucho antes de la venida de Ad\u00e1n y Eva.<\/p>\n<p><strong>Lovecraft<\/strong> remarca, en \u201cLa m\u00fasica de Erich Zann\u201d, que el ser humano no est\u00e1 seguro dentro de las casas que edifica para encumbrarse y protegerse; tampoco est\u00e1 a salvo dentro de las paredes de su mente, pues entre m\u00e1s conozca, m\u00e1s advertir\u00e1 su peque\u00f1ez e impedimento, ante los peligros que asechan all\u00e1 afuera, dentro del mismo departamento que crey\u00f3 rentar y poseer, tal y como hizo el anciano <strong>Erich Zann<\/strong>. La m\u00fasica de <strong>Erich Zann<\/strong> era, seg\u00fan experimenta el joven narrador, el testimonio vivo de la ofrenda ritual que entregaba el m\u00fasico a las terror\u00edficas criaturas. Luego, al no encontrarse ya con las fuerzas para servir de ret\u00e9n, los seres extra\u00f1os invadir\u00edan la calle y anular\u00edan a sus habitantes, hasta hacerlos desaparecer\u2026 Quiz\u00e1s por eso la calle nunca m\u00e1s pudo ser hallada. \u00bfAcaso trascendieron las fronteras de su muro, hasta llegar a los atolondrados humanos, quienes ni siquiera sospechan algo, en medio de sus quehaceres mundanos? Espacio vac\u00edo. Y son muchos los misterios que escapan del \u00e1tico, de la casa, de la mente, del universo que abarca el limitado ser humano.<\/p>\n<p style=\"text-align: right;\">Fuente consultada: <strong>Lovecraft<\/strong>, H.P. \u00abRelatos de terror. Volumen II\u00bb. M\u00e9xico: Porr\u00faa, 2012.<\/p>\n<blockquote><p><a href=\"http:\/\/www.reconoce.mx\/wp-content\/uploads\/2016\/05\/sandybw.png\" rel=\"lightbox[57492]\"><img loading=\"lazy\" decoding=\"async\" class=\"alignleft size-thumbnail wp-image-39872\" src=\"http:\/\/www.reconoce.mx\/wp-content\/uploads\/2016\/05\/sandybw-e1463540419968.png\" alt=\"IMG_5743\" width=\"150\" height=\"150\" \/><\/a><strong>Sandyluz<\/strong>. \u201cDetr\u00e1s de la pluma\u2026\u201d Egresada del Tecnol\u00f3gico de Monterrey Campus Toluca, de la carrera de Ciencias de la Comunicaci\u00f3n. Complet\u00f3 estudios de Creaci\u00f3n Literaria en la Escuela de Escritores del Estado de M\u00e9xico (SOGEM). Tambi\u00e9n termin\u00f3 una maestr\u00eda en Estudios Human\u00edsticos con especialidad en Literatura, en el Tecnol\u00f3gico de Monterrey. En un plano m\u00e1s relajado, es aficionada a los libros y a la escritura desde corta edad; ha escrito de manera informal cuentos y poes\u00edas; con uno de sus primeros cuentos gan\u00f3 un concurso local del cual obtuvo su primer retribuci\u00f3n econ\u00f3mica y profesional, siendo ello un significativo incentivo para seguir escribiendo. La Literatura ha sido una v\u00e1lvula de escape para no enfermar de realidad. La fantas\u00eda reanima el fulgor de los sue\u00f1os que so\u00f1amos dormidos y que so\u00f1amos despiertos\u2026<\/p><\/blockquote>\n<p>&nbsp;<\/p>\n<p>&nbsp;<\/p>\n","protected":false},"excerpt":{"rendered":"<p>As\u00ed como, en general, el g\u00e9nero terror nos lleva a remendar fobias, temblores del pasado y huellas ancestrales; las historias que inmiscuyen la edificaci\u00f3n, la casa embrujada o abandonada nos remiten a las estructuras, paredes y moldes mentales, que nos ci\u00f1en, y nos llevan hacia herencias emocionales y lealtades invisibles.<\/p>\n","protected":false},"author":2,"featured_media":78483,"comment_status":"open","ping_status":"open","sticky":false,"template":"","format":"standard","meta":{"footnotes":""},"categories":[16,17,2648],"tags":[],"class_list":["post-78477","post","type-post","status-publish","format-standard","has-post-thumbnail","hentry","category-columnistas","category-principal","category-sandyluz"],"yoast_head":"<!-- This site is optimized with the Yoast SEO plugin v24.7 - https:\/\/yoast.com\/wordpress\/plugins\/seo\/ -->\n<title>Acordes siniestros para invocar el m\u00e1s all\u00e1: &quot;La m\u00fasica de Erich Zann&quot; &#171; Reconoce MX<\/title>\n<meta name=\"robots\" content=\"index, follow, max-snippet:-1, max-image-preview:large, max-video-preview:-1\" \/>\n<link rel=\"canonical\" href=\"http:\/\/www.reconoce.mx\/?p=78477\" \/>\n<meta property=\"og:locale\" content=\"es_ES\" \/>\n<meta property=\"og:type\" content=\"article\" \/>\n<meta property=\"og:title\" content=\"Acordes siniestros para invocar el m\u00e1s all\u00e1: &quot;La m\u00fasica de Erich Zann&quot; &#171; Reconoce MX\" \/>\n<meta property=\"og:description\" content=\"As\u00ed como, en general, el g\u00e9nero terror nos lleva a remendar fobias, temblores del pasado y huellas ancestrales; las historias que inmiscuyen la edificaci\u00f3n, la casa embrujada o abandonada nos remiten a las estructuras, paredes y moldes mentales, que nos ci\u00f1en, y nos llevan hacia herencias emocionales y lealtades invisibles.\" \/>\n<meta property=\"og:url\" content=\"http:\/\/www.reconoce.mx\/?p=78477\" \/>\n<meta property=\"og:site_name\" content=\"Reconoce MX\" \/>\n<meta property=\"article:publisher\" content=\"https:\/\/es-la.facebook.com\/ReconoceMX\/\" \/>\n<meta property=\"article:published_time\" content=\"2018-11-28T06:04:55+00:00\" \/>\n<meta property=\"og:image\" content=\"http:\/\/www.reconoce.mx\/wp-content\/uploads\/2018\/11\/zann-cover.jpg\" \/>\n\t<meta property=\"og:image:width\" content=\"590\" \/>\n\t<meta property=\"og:image:height\" content=\"380\" \/>\n\t<meta property=\"og:image:type\" content=\"image\/jpeg\" \/>\n<meta name=\"author\" content=\"Reconoce MX\" \/>\n<meta name=\"twitter:card\" content=\"summary_large_image\" \/>\n<meta name=\"twitter:creator\" content=\"@reconocemx\" \/>\n<meta name=\"twitter:site\" content=\"@reconocemx\" \/>\n<meta name=\"twitter:label1\" content=\"Escrito por\" \/>\n\t<meta name=\"twitter:data1\" content=\"Reconoce MX\" \/>\n\t<meta name=\"twitter:label2\" content=\"Tiempo de lectura\" \/>\n\t<meta name=\"twitter:data2\" content=\"6 minutos\" \/>\n<script type=\"application\/ld+json\" class=\"yoast-schema-graph\">{\"@context\":\"https:\/\/schema.org\",\"@graph\":[{\"@type\":\"Article\",\"@id\":\"http:\/\/www.reconoce.mx\/?p=78477#article\",\"isPartOf\":{\"@id\":\"http:\/\/www.reconoce.mx\/?p=78477\"},\"author\":{\"name\":\"Reconoce MX\",\"@id\":\"http:\/\/www.reconoce.mx\/#\/schema\/person\/2117e997d7051dc15d6880eaf9bca0b2\"},\"headline\":\"Acordes siniestros para invocar el m\u00e1s all\u00e1: \u00abLa m\u00fasica de Erich Zann\u00bb\",\"datePublished\":\"2018-11-28T06:04:55+00:00\",\"mainEntityOfPage\":{\"@id\":\"http:\/\/www.reconoce.mx\/?p=78477\"},\"wordCount\":1221,\"commentCount\":0,\"publisher\":{\"@id\":\"http:\/\/www.reconoce.mx\/#organization\"},\"image\":{\"@id\":\"http:\/\/www.reconoce.mx\/?p=78477#primaryimage\"},\"thumbnailUrl\":\"http:\/\/www.reconoce.mx\/wp-content\/uploads\/2018\/11\/zann-cover.jpg\",\"articleSection\":[\"Columnistas\",\"Principal\",\"Sandyluz\"],\"inLanguage\":\"es\",\"potentialAction\":[{\"@type\":\"CommentAction\",\"name\":\"Comment\",\"target\":[\"http:\/\/www.reconoce.mx\/?p=78477#respond\"]}]},{\"@type\":\"WebPage\",\"@id\":\"http:\/\/www.reconoce.mx\/?p=78477\",\"url\":\"http:\/\/www.reconoce.mx\/?p=78477\",\"name\":\"Acordes siniestros para invocar el m\u00e1s all\u00e1: \\\"La m\u00fasica de Erich Zann\\\" &#171; Reconoce MX\",\"isPartOf\":{\"@id\":\"http:\/\/www.reconoce.mx\/#website\"},\"primaryImageOfPage\":{\"@id\":\"http:\/\/www.reconoce.mx\/?p=78477#primaryimage\"},\"image\":{\"@id\":\"http:\/\/www.reconoce.mx\/?p=78477#primaryimage\"},\"thumbnailUrl\":\"http:\/\/www.reconoce.mx\/wp-content\/uploads\/2018\/11\/zann-cover.jpg\",\"datePublished\":\"2018-11-28T06:04:55+00:00\",\"breadcrumb\":{\"@id\":\"http:\/\/www.reconoce.mx\/?p=78477#breadcrumb\"},\"inLanguage\":\"es\",\"potentialAction\":[{\"@type\":\"ReadAction\",\"target\":[\"http:\/\/www.reconoce.mx\/?p=78477\"]}]},{\"@type\":\"ImageObject\",\"inLanguage\":\"es\",\"@id\":\"http:\/\/www.reconoce.mx\/?p=78477#primaryimage\",\"url\":\"http:\/\/www.reconoce.mx\/wp-content\/uploads\/2018\/11\/zann-cover.jpg\",\"contentUrl\":\"http:\/\/www.reconoce.mx\/wp-content\/uploads\/2018\/11\/zann-cover.jpg\",\"width\":590,\"height\":380},{\"@type\":\"BreadcrumbList\",\"@id\":\"http:\/\/www.reconoce.mx\/?p=78477#breadcrumb\",\"itemListElement\":[{\"@type\":\"ListItem\",\"position\":1,\"name\":\"Portada\",\"item\":\"http:\/\/www.reconoce.mx\/\"},{\"@type\":\"ListItem\",\"position\":2,\"name\":\"Acordes siniestros para invocar el m\u00e1s all\u00e1: \u00abLa m\u00fasica de Erich Zann\u00bb\"}]},{\"@type\":\"WebSite\",\"@id\":\"http:\/\/www.reconoce.mx\/#website\",\"url\":\"http:\/\/www.reconoce.mx\/\",\"name\":\"Reconoce MX\",\"description\":\"En Reconoce MX difundimos arte, cultura y conciencia social en M\u00e9xico. Tu ciudad en otra perspectiva.\",\"publisher\":{\"@id\":\"http:\/\/www.reconoce.mx\/#organization\"},\"potentialAction\":[{\"@type\":\"SearchAction\",\"target\":{\"@type\":\"EntryPoint\",\"urlTemplate\":\"http:\/\/www.reconoce.mx\/?s={search_term_string}\"},\"query-input\":{\"@type\":\"PropertyValueSpecification\",\"valueRequired\":true,\"valueName\":\"search_term_string\"}}],\"inLanguage\":\"es\"},{\"@type\":\"Organization\",\"@id\":\"http:\/\/www.reconoce.mx\/#organization\",\"name\":\"Reconoce MX\",\"url\":\"http:\/\/www.reconoce.mx\/\",\"logo\":{\"@type\":\"ImageObject\",\"inLanguage\":\"es\",\"@id\":\"http:\/\/www.reconoce.mx\/#\/schema\/logo\/image\/\",\"url\":\"https:\/\/www.reconoce.mx\/wp-content\/uploads\/2019\/03\/logorcmx-good-1.png\",\"contentUrl\":\"https:\/\/www.reconoce.mx\/wp-content\/uploads\/2019\/03\/logorcmx-good-1.png\",\"width\":280,\"height\":90,\"caption\":\"Reconoce MX\"},\"image\":{\"@id\":\"http:\/\/www.reconoce.mx\/#\/schema\/logo\/image\/\"},\"sameAs\":[\"https:\/\/es-la.facebook.com\/ReconoceMX\/\",\"https:\/\/x.com\/reconocemx\",\"http:\/\/@reconocemx\"]},{\"@type\":\"Person\",\"@id\":\"http:\/\/www.reconoce.mx\/#\/schema\/person\/2117e997d7051dc15d6880eaf9bca0b2\",\"name\":\"Reconoce MX\",\"image\":{\"@type\":\"ImageObject\",\"inLanguage\":\"es\",\"@id\":\"http:\/\/www.reconoce.mx\/#\/schema\/person\/image\/\",\"url\":\"https:\/\/secure.gravatar.com\/avatar\/6c8d4dc7569ca1c90c5fdcc349f839d5ddef6fe1e70b4337ead2ef1a4c43fc3a?s=96&d=identicon&r=g\",\"contentUrl\":\"https:\/\/secure.gravatar.com\/avatar\/6c8d4dc7569ca1c90c5fdcc349f839d5ddef6fe1e70b4337ead2ef1a4c43fc3a?s=96&d=identicon&r=g\",\"caption\":\"Reconoce MX\"},\"description\":\"Reconoce MX es un proyecto de difusi\u00f3n art\u00edstica, cultural y de conciencia social que est\u00e1 enfocado a difundir y fomentar el entretenimiento alternativo de calidad para todo el p\u00fablico que comparta el mismo entusiasmo.\",\"sameAs\":[\"http:\/\/www.reconoce.mx\"],\"url\":\"http:\/\/www.reconoce.mx\/?author=2\"}]}<\/script>\n<!-- \/ Yoast SEO plugin. -->","yoast_head_json":{"title":"Acordes siniestros para invocar el m\u00e1s all\u00e1: \"La m\u00fasica de Erich Zann\" &#171; Reconoce MX","robots":{"index":"index","follow":"follow","max-snippet":"max-snippet:-1","max-image-preview":"max-image-preview:large","max-video-preview":"max-video-preview:-1"},"canonical":"http:\/\/www.reconoce.mx\/?p=78477","og_locale":"es_ES","og_type":"article","og_title":"Acordes siniestros para invocar el m\u00e1s all\u00e1: \"La m\u00fasica de Erich Zann\" &#171; Reconoce MX","og_description":"As\u00ed como, en general, el g\u00e9nero terror nos lleva a remendar fobias, temblores del pasado y huellas ancestrales; las historias que inmiscuyen la edificaci\u00f3n, la casa embrujada o abandonada nos remiten a las estructuras, paredes y moldes mentales, que nos ci\u00f1en, y nos llevan hacia herencias emocionales y lealtades invisibles.","og_url":"http:\/\/www.reconoce.mx\/?p=78477","og_site_name":"Reconoce MX","article_publisher":"https:\/\/es-la.facebook.com\/ReconoceMX\/","article_published_time":"2018-11-28T06:04:55+00:00","og_image":[{"width":590,"height":380,"url":"http:\/\/www.reconoce.mx\/wp-content\/uploads\/2018\/11\/zann-cover.jpg","type":"image\/jpeg"}],"author":"Reconoce MX","twitter_card":"summary_large_image","twitter_creator":"@reconocemx","twitter_site":"@reconocemx","twitter_misc":{"Escrito por":"Reconoce MX","Tiempo de lectura":"6 minutos"},"schema":{"@context":"https:\/\/schema.org","@graph":[{"@type":"Article","@id":"http:\/\/www.reconoce.mx\/?p=78477#article","isPartOf":{"@id":"http:\/\/www.reconoce.mx\/?p=78477"},"author":{"name":"Reconoce MX","@id":"http:\/\/www.reconoce.mx\/#\/schema\/person\/2117e997d7051dc15d6880eaf9bca0b2"},"headline":"Acordes siniestros para invocar el m\u00e1s all\u00e1: \u00abLa m\u00fasica de Erich Zann\u00bb","datePublished":"2018-11-28T06:04:55+00:00","mainEntityOfPage":{"@id":"http:\/\/www.reconoce.mx\/?p=78477"},"wordCount":1221,"commentCount":0,"publisher":{"@id":"http:\/\/www.reconoce.mx\/#organization"},"image":{"@id":"http:\/\/www.reconoce.mx\/?p=78477#primaryimage"},"thumbnailUrl":"http:\/\/www.reconoce.mx\/wp-content\/uploads\/2018\/11\/zann-cover.jpg","articleSection":["Columnistas","Principal","Sandyluz"],"inLanguage":"es","potentialAction":[{"@type":"CommentAction","name":"Comment","target":["http:\/\/www.reconoce.mx\/?p=78477#respond"]}]},{"@type":"WebPage","@id":"http:\/\/www.reconoce.mx\/?p=78477","url":"http:\/\/www.reconoce.mx\/?p=78477","name":"Acordes siniestros para invocar el m\u00e1s all\u00e1: \"La m\u00fasica de Erich Zann\" &#171; Reconoce MX","isPartOf":{"@id":"http:\/\/www.reconoce.mx\/#website"},"primaryImageOfPage":{"@id":"http:\/\/www.reconoce.mx\/?p=78477#primaryimage"},"image":{"@id":"http:\/\/www.reconoce.mx\/?p=78477#primaryimage"},"thumbnailUrl":"http:\/\/www.reconoce.mx\/wp-content\/uploads\/2018\/11\/zann-cover.jpg","datePublished":"2018-11-28T06:04:55+00:00","breadcrumb":{"@id":"http:\/\/www.reconoce.mx\/?p=78477#breadcrumb"},"inLanguage":"es","potentialAction":[{"@type":"ReadAction","target":["http:\/\/www.reconoce.mx\/?p=78477"]}]},{"@type":"ImageObject","inLanguage":"es","@id":"http:\/\/www.reconoce.mx\/?p=78477#primaryimage","url":"http:\/\/www.reconoce.mx\/wp-content\/uploads\/2018\/11\/zann-cover.jpg","contentUrl":"http:\/\/www.reconoce.mx\/wp-content\/uploads\/2018\/11\/zann-cover.jpg","width":590,"height":380},{"@type":"BreadcrumbList","@id":"http:\/\/www.reconoce.mx\/?p=78477#breadcrumb","itemListElement":[{"@type":"ListItem","position":1,"name":"Portada","item":"http:\/\/www.reconoce.mx\/"},{"@type":"ListItem","position":2,"name":"Acordes siniestros para invocar el m\u00e1s all\u00e1: \u00abLa m\u00fasica de Erich Zann\u00bb"}]},{"@type":"WebSite","@id":"http:\/\/www.reconoce.mx\/#website","url":"http:\/\/www.reconoce.mx\/","name":"Reconoce MX","description":"En Reconoce MX difundimos arte, cultura y conciencia social en M\u00e9xico. Tu ciudad en otra perspectiva.","publisher":{"@id":"http:\/\/www.reconoce.mx\/#organization"},"potentialAction":[{"@type":"SearchAction","target":{"@type":"EntryPoint","urlTemplate":"http:\/\/www.reconoce.mx\/?s={search_term_string}"},"query-input":{"@type":"PropertyValueSpecification","valueRequired":true,"valueName":"search_term_string"}}],"inLanguage":"es"},{"@type":"Organization","@id":"http:\/\/www.reconoce.mx\/#organization","name":"Reconoce MX","url":"http:\/\/www.reconoce.mx\/","logo":{"@type":"ImageObject","inLanguage":"es","@id":"http:\/\/www.reconoce.mx\/#\/schema\/logo\/image\/","url":"https:\/\/www.reconoce.mx\/wp-content\/uploads\/2019\/03\/logorcmx-good-1.png","contentUrl":"https:\/\/www.reconoce.mx\/wp-content\/uploads\/2019\/03\/logorcmx-good-1.png","width":280,"height":90,"caption":"Reconoce MX"},"image":{"@id":"http:\/\/www.reconoce.mx\/#\/schema\/logo\/image\/"},"sameAs":["https:\/\/es-la.facebook.com\/ReconoceMX\/","https:\/\/x.com\/reconocemx","http:\/\/@reconocemx"]},{"@type":"Person","@id":"http:\/\/www.reconoce.mx\/#\/schema\/person\/2117e997d7051dc15d6880eaf9bca0b2","name":"Reconoce MX","image":{"@type":"ImageObject","inLanguage":"es","@id":"http:\/\/www.reconoce.mx\/#\/schema\/person\/image\/","url":"https:\/\/secure.gravatar.com\/avatar\/6c8d4dc7569ca1c90c5fdcc349f839d5ddef6fe1e70b4337ead2ef1a4c43fc3a?s=96&d=identicon&r=g","contentUrl":"https:\/\/secure.gravatar.com\/avatar\/6c8d4dc7569ca1c90c5fdcc349f839d5ddef6fe1e70b4337ead2ef1a4c43fc3a?s=96&d=identicon&r=g","caption":"Reconoce MX"},"description":"Reconoce MX es un proyecto de difusi\u00f3n art\u00edstica, cultural y de conciencia social que est\u00e1 enfocado a difundir y fomentar el entretenimiento alternativo de calidad para todo el p\u00fablico que comparta el mismo entusiasmo.","sameAs":["http:\/\/www.reconoce.mx"],"url":"http:\/\/www.reconoce.mx\/?author=2"}]}},"_links":{"self":[{"href":"http:\/\/www.reconoce.mx\/index.php?rest_route=\/wp\/v2\/posts\/78477","targetHints":{"allow":["GET"]}}],"collection":[{"href":"http:\/\/www.reconoce.mx\/index.php?rest_route=\/wp\/v2\/posts"}],"about":[{"href":"http:\/\/www.reconoce.mx\/index.php?rest_route=\/wp\/v2\/types\/post"}],"author":[{"embeddable":true,"href":"http:\/\/www.reconoce.mx\/index.php?rest_route=\/wp\/v2\/users\/2"}],"replies":[{"embeddable":true,"href":"http:\/\/www.reconoce.mx\/index.php?rest_route=%2Fwp%2Fv2%2Fcomments&post=78477"}],"version-history":[{"count":3,"href":"http:\/\/www.reconoce.mx\/index.php?rest_route=\/wp\/v2\/posts\/78477\/revisions"}],"predecessor-version":[{"id":78484,"href":"http:\/\/www.reconoce.mx\/index.php?rest_route=\/wp\/v2\/posts\/78477\/revisions\/78484"}],"wp:featuredmedia":[{"embeddable":true,"href":"http:\/\/www.reconoce.mx\/index.php?rest_route=\/wp\/v2\/media\/78483"}],"wp:attachment":[{"href":"http:\/\/www.reconoce.mx\/index.php?rest_route=%2Fwp%2Fv2%2Fmedia&parent=78477"}],"wp:term":[{"taxonomy":"category","embeddable":true,"href":"http:\/\/www.reconoce.mx\/index.php?rest_route=%2Fwp%2Fv2%2Fcategories&post=78477"},{"taxonomy":"post_tag","embeddable":true,"href":"http:\/\/www.reconoce.mx\/index.php?rest_route=%2Fwp%2Fv2%2Ftags&post=78477"}],"curies":[{"name":"wp","href":"https:\/\/api.w.org\/{rel}","templated":true}]}}