{"id":78534,"date":"2018-11-28T00:06:46","date_gmt":"2018-11-28T06:06:46","guid":{"rendered":"http:\/\/www.reconoce.mx\/?p=78534"},"modified":"2018-11-28T17:39:36","modified_gmt":"2018-11-28T23:39:36","slug":"65muestra-los-angeles-visten-de-blanco","status":"publish","type":"post","link":"http:\/\/www.reconoce.mx\/?p=78534","title":{"rendered":"#65Muestra: \u00abLos \u00e1ngeles visten de blanco\u00bb"},"content":{"rendered":"<p><strong>Por <a title=\"@AsfaltosTweets\" href=\"http:\/\/twitter.com\/AsfaltosTweets\" target=\"_blank\" rel=\"noopener\">Asfaltos<\/a><\/strong>.<\/p>\n<p>Escuchaba alguna vez decir a alguien que las historias que vemos en el cine y en la televisi\u00f3n, y que tambi\u00e9n leemos en la literatura, son apenas variaciones de un n\u00facleo base de historias que por muchos a\u00f1os nos han acompa\u00f1ado como humanidad. Si uno reflexiona bien, esa idea no es para nada descabellada. En efecto, lo que vemos en el cine actualmente lo hemos visto ya antes; lo que lo hace diferente, distinto entre s\u00ed, es la forma en la que se nos cuenta. Ese es el caso de \u201cLos \u00e1ngeles visten de blanco\u201d (2017).<\/p>\n<p><a href=\"http:\/\/www.reconoce.mx\/wp-content\/uploads\/2018\/11\/los-angeles-visten-de-blanco-poster.jpg\"><img loading=\"lazy\" decoding=\"async\" class=\"aligncenter size-full wp-image-78536\" src=\"http:\/\/www.reconoce.mx\/wp-content\/uploads\/2018\/11\/los-angeles-visten-de-blanco-poster.jpg\" alt=\"\" width=\"800\" height=\"1200\" srcset=\"http:\/\/www.reconoce.mx\/wp-content\/uploads\/2018\/11\/los-angeles-visten-de-blanco-poster.jpg 800w, http:\/\/www.reconoce.mx\/wp-content\/uploads\/2018\/11\/los-angeles-visten-de-blanco-poster-200x300.jpg 200w, http:\/\/www.reconoce.mx\/wp-content\/uploads\/2018\/11\/los-angeles-visten-de-blanco-poster-768x1152.jpg 768w, http:\/\/www.reconoce.mx\/wp-content\/uploads\/2018\/11\/los-angeles-visten-de-blanco-poster-683x1024.jpg 683w, http:\/\/www.reconoce.mx\/wp-content\/uploads\/2018\/11\/los-angeles-visten-de-blanco-poster-150x225.jpg 150w, http:\/\/www.reconoce.mx\/wp-content\/uploads\/2018\/11\/los-angeles-visten-de-blanco-poster-700x1050.jpg 700w, http:\/\/www.reconoce.mx\/wp-content\/uploads\/2018\/11\/los-angeles-visten-de-blanco-poster-658x987.jpg 658w, http:\/\/www.reconoce.mx\/wp-content\/uploads\/2018\/11\/los-angeles-visten-de-blanco-poster-300x450.jpg 300w\" sizes=\"auto, (max-width: 800px) 100vw, 800px\" \/><\/a><\/p>\n<p>La pel\u00edcula dirigida por la realizadora china<strong> Vivian Qu<\/strong>, es una de las cintas m\u00e1s duras de la <strong><a href=\"http:\/\/www.reconoce.mx\/?s=%2365Muestra\" target=\"_blank\" rel=\"noopener\">#65Muestra<\/a> Internacional de Cine<\/strong>. La tem\u00e1tica tristemente tiene muchos ecos con nuestra realidad, me refiero a la mexicana. En la primera escena de la pel\u00edcula vemos a la joven Mia (<strong>Wen Qi<\/strong>) deambular en una playa alrededor de una imponente figura que suponemos es la de una mujer; uponemos porque no le vemos la cara, aunque s\u00ed sus tacones, s\u00ed su ropa interior. La enorme mujer es una escultura que le genera algo a esta joven que en una siguiente escena vemos sospechar de un cliente en el motel donde ella trabaja.<\/p>\n<p>Cerca del anochecer, Mia recibe a un se\u00f1or y a dos ni\u00f1as que se hospedar\u00e1n en el motel. S\u00ed, el se\u00f1or en un cuarto y las ni\u00f1as en otro; pero eso no levanta sospechas, mas bien las aumenta. El hombre luce un tanto excitado por la situaci\u00f3n; las dos ni\u00f1as en sus uniformes escolares juguetean, como hacen las ni\u00f1as en su edad. La joven Mia, dependiente del motel en ese momento, sospecha por lo que observa la c\u00e1mara de seguridad. En un momento el hombre se introduce en la rec\u00e1mara de las dos ni\u00f1as, acto que la joven graba con su propio celular.<\/p>\n<p><a href=\"http:\/\/www.reconoce.mx\/wp-content\/uploads\/2018\/11\/los-angeles-visten-de-blanco-2.jpg\"><img loading=\"lazy\" decoding=\"async\" class=\"aligncenter size-full wp-image-78538\" src=\"http:\/\/www.reconoce.mx\/wp-content\/uploads\/2018\/11\/los-angeles-visten-de-blanco-2.jpg\" alt=\"\" width=\"590\" height=\"379\" srcset=\"http:\/\/www.reconoce.mx\/wp-content\/uploads\/2018\/11\/los-angeles-visten-de-blanco-2.jpg 590w, http:\/\/www.reconoce.mx\/wp-content\/uploads\/2018\/11\/los-angeles-visten-de-blanco-2-300x193.jpg 300w, http:\/\/www.reconoce.mx\/wp-content\/uploads\/2018\/11\/los-angeles-visten-de-blanco-2-150x96.jpg 150w\" sizes=\"auto, (max-width: 590px) 100vw, 590px\" \/><\/a><\/p>\n<p>En un halo de misterio, en una historia que nos invitar\u00e1 a ser testigos de c\u00f3mo se va resolviendo un caso de presunto abuso infantil, descubrimos a Mia; a Lily (<strong>Peng Jing<\/strong>), amiga de Mia; a Wen (<strong>Zhou Meijun<\/strong>), una de las dos ni\u00f1as que vimos al principio de la pel\u00edcula; y tambi\u00e9n a la abogada encargada del caso (<strong>Shi Ke<\/strong>). \u201cLos \u00e1ngeles visten de blanco\u201d nos presenta por debajo de la historia principal los retratos de cuatro mujeres que padecen la violencia cotidiana que muchas m\u00e1s viven en China, en M\u00e9xico y en otras partes del mundo. El machismo, la impunidad y la corrupci\u00f3n como epidemias de nuestro mundo moderno.<\/p>\n<p>Con unas actuaciones bien ejecutadas, lo que se destaca sin duda es el gui\u00f3n donde los di\u00e1logos no son la base principal, sino que yo dir\u00eda mas bien lo son los silencios. En la pel\u00edcula hay muchas palabras que no se dicen, en medio de ese momento inc\u00f3modo que puede resultar en efecto el silencio; porque en cuanto no hay sonido los pensamientos se vuelven m\u00e1s escandalosos, m\u00e1s punzantes. As\u00ed, en medio de ese silencio, \u201cLos angeles visten de blanco\u201d se destaca por su ejecuci\u00f3n. Las tres actrices que representan a las mujeres principales de la historia, terminan por ser mucho m\u00e1s contundentes por lo que no dicen, m\u00e1s que por lo que s\u00ed expresan con palabras.<\/p>\n<p><a href=\"http:\/\/www.reconoce.mx\/wp-content\/uploads\/2018\/11\/los-angeles-visten-de-blanco-3.jpg\"><img loading=\"lazy\" decoding=\"async\" class=\"aligncenter size-full wp-image-78537\" src=\"http:\/\/www.reconoce.mx\/wp-content\/uploads\/2018\/11\/los-angeles-visten-de-blanco-3.jpg\" alt=\"\" width=\"589\" height=\"380\" srcset=\"http:\/\/www.reconoce.mx\/wp-content\/uploads\/2018\/11\/los-angeles-visten-de-blanco-3.jpg 589w, http:\/\/www.reconoce.mx\/wp-content\/uploads\/2018\/11\/los-angeles-visten-de-blanco-3-300x194.jpg 300w, http:\/\/www.reconoce.mx\/wp-content\/uploads\/2018\/11\/los-angeles-visten-de-blanco-3-150x97.jpg 150w\" sizes=\"auto, (max-width: 589px) 100vw, 589px\" \/><\/a><\/p>\n<p>\u201cLos angeles visten de blanco\u201d nos cuenta entonces una historia que ya otras pel\u00edculas han abordado. Sin embargo, justamente en los tiempos en los que vivimos, detenernos a disfrutarla primero como una pel\u00edcula y luego como una buena y vital reflexi\u00f3n, resulta sin duda un ejercicio encomiable. Por la forma en la que se nos presenta la trama es que podemos encajar mejor con ella y dejarnos llevar por la historia. La pel\u00edcula provocar\u00e1 sin duda a quienes se permitan verla, pero esperanzadoramente generar\u00e1 tambi\u00e9n una serie de pensamientos internos que nos hagan replantear el momento que pa\u00edses como el nuestro viven con respecto a lo que \u201cLos angeles visten de banco\u201d denuncia.<\/p>\n<p>Me pareci\u00f3 tambi\u00e9n muy interesante reflexionar en torno a la idea de que en la <strong><a href=\"http:\/\/www.reconoce.mx\/?s=%2365Muestra\" target=\"_blank\" rel=\"noopener\">#65Muestra<\/a> Internacional de Cine<\/strong> hay un cine diverso que permite el di\u00e1logo entre las propias pel\u00edculas, y desde luego una reflexi\u00f3n m\u00e1s amplia entre quienes nos permitimos observar la selecci\u00f3n. As\u00ed como \u201c<a href=\"http:\/\/www.reconoce.mx\/65muestra-la-casa-de-jack\/\" target=\"_blank\" rel=\"noopener\">La casa de Jack<\/a>\u201d puede generar un debate pol\u00e9mico sobre los puntos que toca a veces m\u00e1s controvertidos y para algunos incorrectos pol\u00edticamente hablando; \u201cLos angeles visten de blanco\u201d ofrece un lado igual de contundente y desde luego tremendamente v\u00e1lido sobre la situaci\u00f3n que sobre todo las mujeres viven en nuestra actualidad. Como hombres, en efecto, tenemos mucho peso para que las cosas en historias como la de \u201cLos angeles visten de blanco\u201d permanezcan \u00fanicamente en el plano de la ficci\u00f3n.<\/p>\n<style>.embed-container { position: relative; padding-bottom: 56.25%; height: 0; overflow: hidden; max-width: 100%; } .embed-container iframe, .embed-container object, .embed-container embed { position: absolute; top: 0; left: 0; width: 100%; height: 100%; }<\/style>\n<div class=\"embed-container\"><iframe src=\"https:\/\/www.youtube.com\/embed\/TeUV4A1PZJo\" frameborder=\"0\" allowfullscreen=\"allowfullscreen\"><\/iframe><\/div>\n<p>&nbsp;<\/p>\n<p>La\u00a0<strong><a href=\"http:\/\/www.reconoce.mx\/?s=%2365Muestra\" target=\"_blank\" rel=\"noopener\">#65Muestra<\/a> Internacional de Cine<\/strong> se proyecta hasta el pr\u00f3ximo 3 de diciembre en <strong>Cineteca Nacional<\/strong>. Del 23 de noviembre al 15 de diciembre se exhibir\u00e1 en casi una veintena de sedes de Ciudad de M\u00e9xico y \u00c1rea Metropolitana (cinco sedes de la UNAM, dos del IPN, tres complejos Cin\u00e9polis, cinco complejos Cinemex, el IFAL, el Centro Cultural Carranza, Cineman\u00eda Loreto y La Casa del Cine). La selecci\u00f3n recorrer\u00e1 durante diciembre y enero el interior de la rep\u00fablica. Para m\u00e1s informaci\u00f3n consulta el <a href=\"https:\/\/www.cinetecanacional.net\/micrositios\/muestra65\/\" target=\"_blank\" rel=\"noopener\">micrositio<\/a>.<\/p>\n<p style=\"text-align: right;\">Con im\u00e1genes cortes\u00eda de <strong>Cineteca Nacional<\/strong>.<\/p>\n<p>&nbsp;<\/p>\n<p>&nbsp;<\/p>\n","protected":false},"excerpt":{"rendered":"<p>Escuchaba alguna vez decir a alguien que las historias que vemos en el cine y en la televisi\u00f3n, y que tambi\u00e9n leemos en la literatura, son apenas variaciones de un n\u00facleo base de historias que por muchos a\u00f1os nos han acompa\u00f1ado como humanidad.<\/p>\n","protected":false},"author":2,"featured_media":78539,"comment_status":"open","ping_status":"open","sticky":false,"template":"","format":"standard","meta":{"footnotes":""},"categories":[24,1,17],"tags":[],"class_list":["post-78534","post","type-post","status-publish","format-standard","has-post-thumbnail","hentry","category-cine","category-cultura","category-principal"],"yoast_head":"<!-- This site is optimized with the Yoast SEO plugin v24.7 - https:\/\/yoast.com\/wordpress\/plugins\/seo\/ -->\n<title>#65Muestra: &quot;Los \u00e1ngeles visten de blanco&quot; &#171; Reconoce MX<\/title>\n<meta name=\"robots\" content=\"index, follow, max-snippet:-1, max-image-preview:large, max-video-preview:-1\" \/>\n<link rel=\"canonical\" href=\"https:\/\/www.reconoce.mx\/?p=78534\" \/>\n<meta property=\"og:locale\" content=\"es_ES\" \/>\n<meta property=\"og:type\" content=\"article\" \/>\n<meta property=\"og:title\" content=\"#65Muestra: &quot;Los \u00e1ngeles visten de blanco&quot; &#171; Reconoce MX\" \/>\n<meta property=\"og:description\" content=\"Escuchaba alguna vez decir a alguien que las historias que vemos en el cine y en la televisi\u00f3n, y que tambi\u00e9n leemos en la literatura, son apenas variaciones de un n\u00facleo base de historias que por muchos a\u00f1os nos han acompa\u00f1ado como humanidad.\" \/>\n<meta property=\"og:url\" content=\"https:\/\/www.reconoce.mx\/?p=78534\" \/>\n<meta property=\"og:site_name\" content=\"Reconoce MX\" \/>\n<meta property=\"article:publisher\" content=\"https:\/\/es-la.facebook.com\/ReconoceMX\/\" \/>\n<meta property=\"article:published_time\" content=\"2018-11-28T06:06:46+00:00\" \/>\n<meta property=\"article:modified_time\" content=\"2018-11-28T23:39:36+00:00\" \/>\n<meta property=\"og:image\" content=\"https:\/\/www.reconoce.mx\/wp-content\/uploads\/2018\/11\/los-angeles-visten-de-blanco-1.jpg\" \/>\n\t<meta property=\"og:image:width\" content=\"590\" \/>\n\t<meta property=\"og:image:height\" content=\"380\" \/>\n\t<meta property=\"og:image:type\" content=\"image\/jpeg\" \/>\n<meta name=\"author\" content=\"Reconoce MX\" \/>\n<meta name=\"twitter:card\" content=\"summary_large_image\" \/>\n<meta name=\"twitter:creator\" content=\"@reconocemx\" \/>\n<meta name=\"twitter:site\" content=\"@reconocemx\" \/>\n<meta name=\"twitter:label1\" content=\"Escrito por\" \/>\n\t<meta name=\"twitter:data1\" content=\"Reconoce MX\" \/>\n\t<meta name=\"twitter:label2\" content=\"Tiempo de lectura\" \/>\n\t<meta name=\"twitter:data2\" content=\"5 minutos\" \/>\n<script type=\"application\/ld+json\" class=\"yoast-schema-graph\">{\"@context\":\"https:\/\/schema.org\",\"@graph\":[{\"@type\":\"Article\",\"@id\":\"https:\/\/www.reconoce.mx\/?p=78534#article\",\"isPartOf\":{\"@id\":\"https:\/\/www.reconoce.mx\/?p=78534\"},\"author\":{\"name\":\"Reconoce MX\",\"@id\":\"http:\/\/www.reconoce.mx\/#\/schema\/person\/2117e997d7051dc15d6880eaf9bca0b2\"},\"headline\":\"#65Muestra: \u00abLos \u00e1ngeles visten de blanco\u00bb\",\"datePublished\":\"2018-11-28T06:06:46+00:00\",\"dateModified\":\"2018-11-28T23:39:36+00:00\",\"mainEntityOfPage\":{\"@id\":\"https:\/\/www.reconoce.mx\/?p=78534\"},\"wordCount\":940,\"commentCount\":0,\"publisher\":{\"@id\":\"http:\/\/www.reconoce.mx\/#organization\"},\"image\":{\"@id\":\"https:\/\/www.reconoce.mx\/?p=78534#primaryimage\"},\"thumbnailUrl\":\"http:\/\/www.reconoce.mx\/wp-content\/uploads\/2018\/11\/los-angeles-visten-de-blanco-1.jpg\",\"articleSection\":[\"Cine\",\"Cultura\",\"Principal\"],\"inLanguage\":\"es\",\"potentialAction\":[{\"@type\":\"CommentAction\",\"name\":\"Comment\",\"target\":[\"https:\/\/www.reconoce.mx\/?p=78534#respond\"]}]},{\"@type\":\"WebPage\",\"@id\":\"https:\/\/www.reconoce.mx\/?p=78534\",\"url\":\"https:\/\/www.reconoce.mx\/?p=78534\",\"name\":\"#65Muestra: \\\"Los \u00e1ngeles visten de blanco\\\" &#171; Reconoce MX\",\"isPartOf\":{\"@id\":\"http:\/\/www.reconoce.mx\/#website\"},\"primaryImageOfPage\":{\"@id\":\"https:\/\/www.reconoce.mx\/?p=78534#primaryimage\"},\"image\":{\"@id\":\"https:\/\/www.reconoce.mx\/?p=78534#primaryimage\"},\"thumbnailUrl\":\"http:\/\/www.reconoce.mx\/wp-content\/uploads\/2018\/11\/los-angeles-visten-de-blanco-1.jpg\",\"datePublished\":\"2018-11-28T06:06:46+00:00\",\"dateModified\":\"2018-11-28T23:39:36+00:00\",\"breadcrumb\":{\"@id\":\"https:\/\/www.reconoce.mx\/?p=78534#breadcrumb\"},\"inLanguage\":\"es\",\"potentialAction\":[{\"@type\":\"ReadAction\",\"target\":[\"https:\/\/www.reconoce.mx\/?p=78534\"]}]},{\"@type\":\"ImageObject\",\"inLanguage\":\"es\",\"@id\":\"https:\/\/www.reconoce.mx\/?p=78534#primaryimage\",\"url\":\"http:\/\/www.reconoce.mx\/wp-content\/uploads\/2018\/11\/los-angeles-visten-de-blanco-1.jpg\",\"contentUrl\":\"http:\/\/www.reconoce.mx\/wp-content\/uploads\/2018\/11\/los-angeles-visten-de-blanco-1.jpg\",\"width\":590,\"height\":380},{\"@type\":\"BreadcrumbList\",\"@id\":\"https:\/\/www.reconoce.mx\/?p=78534#breadcrumb\",\"itemListElement\":[{\"@type\":\"ListItem\",\"position\":1,\"name\":\"Portada\",\"item\":\"http:\/\/www.reconoce.mx\/\"},{\"@type\":\"ListItem\",\"position\":2,\"name\":\"#65Muestra: \u00abLos \u00e1ngeles visten de blanco\u00bb\"}]},{\"@type\":\"WebSite\",\"@id\":\"http:\/\/www.reconoce.mx\/#website\",\"url\":\"http:\/\/www.reconoce.mx\/\",\"name\":\"Reconoce MX\",\"description\":\"En Reconoce MX difundimos arte, cultura y conciencia social en M\u00e9xico. Tu ciudad en otra perspectiva.\",\"publisher\":{\"@id\":\"http:\/\/www.reconoce.mx\/#organization\"},\"potentialAction\":[{\"@type\":\"SearchAction\",\"target\":{\"@type\":\"EntryPoint\",\"urlTemplate\":\"http:\/\/www.reconoce.mx\/?s={search_term_string}\"},\"query-input\":{\"@type\":\"PropertyValueSpecification\",\"valueRequired\":true,\"valueName\":\"search_term_string\"}}],\"inLanguage\":\"es\"},{\"@type\":\"Organization\",\"@id\":\"http:\/\/www.reconoce.mx\/#organization\",\"name\":\"Reconoce MX\",\"url\":\"http:\/\/www.reconoce.mx\/\",\"logo\":{\"@type\":\"ImageObject\",\"inLanguage\":\"es\",\"@id\":\"http:\/\/www.reconoce.mx\/#\/schema\/logo\/image\/\",\"url\":\"https:\/\/www.reconoce.mx\/wp-content\/uploads\/2019\/03\/logorcmx-good-1.png\",\"contentUrl\":\"https:\/\/www.reconoce.mx\/wp-content\/uploads\/2019\/03\/logorcmx-good-1.png\",\"width\":280,\"height\":90,\"caption\":\"Reconoce MX\"},\"image\":{\"@id\":\"http:\/\/www.reconoce.mx\/#\/schema\/logo\/image\/\"},\"sameAs\":[\"https:\/\/es-la.facebook.com\/ReconoceMX\/\",\"https:\/\/x.com\/reconocemx\",\"http:\/\/@reconocemx\"]},{\"@type\":\"Person\",\"@id\":\"http:\/\/www.reconoce.mx\/#\/schema\/person\/2117e997d7051dc15d6880eaf9bca0b2\",\"name\":\"Reconoce MX\",\"image\":{\"@type\":\"ImageObject\",\"inLanguage\":\"es\",\"@id\":\"http:\/\/www.reconoce.mx\/#\/schema\/person\/image\/\",\"url\":\"https:\/\/secure.gravatar.com\/avatar\/6c8d4dc7569ca1c90c5fdcc349f839d5ddef6fe1e70b4337ead2ef1a4c43fc3a?s=96&d=identicon&r=g\",\"contentUrl\":\"https:\/\/secure.gravatar.com\/avatar\/6c8d4dc7569ca1c90c5fdcc349f839d5ddef6fe1e70b4337ead2ef1a4c43fc3a?s=96&d=identicon&r=g\",\"caption\":\"Reconoce MX\"},\"description\":\"Reconoce MX es un proyecto de difusi\u00f3n art\u00edstica, cultural y de conciencia social que est\u00e1 enfocado a difundir y fomentar el entretenimiento alternativo de calidad para todo el p\u00fablico que comparta el mismo entusiasmo.\",\"sameAs\":[\"http:\/\/www.reconoce.mx\"],\"url\":\"http:\/\/www.reconoce.mx\/?author=2\"}]}<\/script>\n<!-- \/ Yoast SEO plugin. -->","yoast_head_json":{"title":"#65Muestra: \"Los \u00e1ngeles visten de blanco\" &#171; Reconoce MX","robots":{"index":"index","follow":"follow","max-snippet":"max-snippet:-1","max-image-preview":"max-image-preview:large","max-video-preview":"max-video-preview:-1"},"canonical":"https:\/\/www.reconoce.mx\/?p=78534","og_locale":"es_ES","og_type":"article","og_title":"#65Muestra: \"Los \u00e1ngeles visten de blanco\" &#171; Reconoce MX","og_description":"Escuchaba alguna vez decir a alguien que las historias que vemos en el cine y en la televisi\u00f3n, y que tambi\u00e9n leemos en la literatura, son apenas variaciones de un n\u00facleo base de historias que por muchos a\u00f1os nos han acompa\u00f1ado como humanidad.","og_url":"https:\/\/www.reconoce.mx\/?p=78534","og_site_name":"Reconoce MX","article_publisher":"https:\/\/es-la.facebook.com\/ReconoceMX\/","article_published_time":"2018-11-28T06:06:46+00:00","article_modified_time":"2018-11-28T23:39:36+00:00","og_image":[{"width":590,"height":380,"url":"https:\/\/www.reconoce.mx\/wp-content\/uploads\/2018\/11\/los-angeles-visten-de-blanco-1.jpg","type":"image\/jpeg"}],"author":"Reconoce MX","twitter_card":"summary_large_image","twitter_creator":"@reconocemx","twitter_site":"@reconocemx","twitter_misc":{"Escrito por":"Reconoce MX","Tiempo de lectura":"5 minutos"},"schema":{"@context":"https:\/\/schema.org","@graph":[{"@type":"Article","@id":"https:\/\/www.reconoce.mx\/?p=78534#article","isPartOf":{"@id":"https:\/\/www.reconoce.mx\/?p=78534"},"author":{"name":"Reconoce MX","@id":"http:\/\/www.reconoce.mx\/#\/schema\/person\/2117e997d7051dc15d6880eaf9bca0b2"},"headline":"#65Muestra: \u00abLos \u00e1ngeles visten de blanco\u00bb","datePublished":"2018-11-28T06:06:46+00:00","dateModified":"2018-11-28T23:39:36+00:00","mainEntityOfPage":{"@id":"https:\/\/www.reconoce.mx\/?p=78534"},"wordCount":940,"commentCount":0,"publisher":{"@id":"http:\/\/www.reconoce.mx\/#organization"},"image":{"@id":"https:\/\/www.reconoce.mx\/?p=78534#primaryimage"},"thumbnailUrl":"http:\/\/www.reconoce.mx\/wp-content\/uploads\/2018\/11\/los-angeles-visten-de-blanco-1.jpg","articleSection":["Cine","Cultura","Principal"],"inLanguage":"es","potentialAction":[{"@type":"CommentAction","name":"Comment","target":["https:\/\/www.reconoce.mx\/?p=78534#respond"]}]},{"@type":"WebPage","@id":"https:\/\/www.reconoce.mx\/?p=78534","url":"https:\/\/www.reconoce.mx\/?p=78534","name":"#65Muestra: \"Los \u00e1ngeles visten de blanco\" &#171; Reconoce MX","isPartOf":{"@id":"http:\/\/www.reconoce.mx\/#website"},"primaryImageOfPage":{"@id":"https:\/\/www.reconoce.mx\/?p=78534#primaryimage"},"image":{"@id":"https:\/\/www.reconoce.mx\/?p=78534#primaryimage"},"thumbnailUrl":"http:\/\/www.reconoce.mx\/wp-content\/uploads\/2018\/11\/los-angeles-visten-de-blanco-1.jpg","datePublished":"2018-11-28T06:06:46+00:00","dateModified":"2018-11-28T23:39:36+00:00","breadcrumb":{"@id":"https:\/\/www.reconoce.mx\/?p=78534#breadcrumb"},"inLanguage":"es","potentialAction":[{"@type":"ReadAction","target":["https:\/\/www.reconoce.mx\/?p=78534"]}]},{"@type":"ImageObject","inLanguage":"es","@id":"https:\/\/www.reconoce.mx\/?p=78534#primaryimage","url":"http:\/\/www.reconoce.mx\/wp-content\/uploads\/2018\/11\/los-angeles-visten-de-blanco-1.jpg","contentUrl":"http:\/\/www.reconoce.mx\/wp-content\/uploads\/2018\/11\/los-angeles-visten-de-blanco-1.jpg","width":590,"height":380},{"@type":"BreadcrumbList","@id":"https:\/\/www.reconoce.mx\/?p=78534#breadcrumb","itemListElement":[{"@type":"ListItem","position":1,"name":"Portada","item":"http:\/\/www.reconoce.mx\/"},{"@type":"ListItem","position":2,"name":"#65Muestra: \u00abLos \u00e1ngeles visten de blanco\u00bb"}]},{"@type":"WebSite","@id":"http:\/\/www.reconoce.mx\/#website","url":"http:\/\/www.reconoce.mx\/","name":"Reconoce MX","description":"En Reconoce MX difundimos arte, cultura y conciencia social en M\u00e9xico. Tu ciudad en otra perspectiva.","publisher":{"@id":"http:\/\/www.reconoce.mx\/#organization"},"potentialAction":[{"@type":"SearchAction","target":{"@type":"EntryPoint","urlTemplate":"http:\/\/www.reconoce.mx\/?s={search_term_string}"},"query-input":{"@type":"PropertyValueSpecification","valueRequired":true,"valueName":"search_term_string"}}],"inLanguage":"es"},{"@type":"Organization","@id":"http:\/\/www.reconoce.mx\/#organization","name":"Reconoce MX","url":"http:\/\/www.reconoce.mx\/","logo":{"@type":"ImageObject","inLanguage":"es","@id":"http:\/\/www.reconoce.mx\/#\/schema\/logo\/image\/","url":"https:\/\/www.reconoce.mx\/wp-content\/uploads\/2019\/03\/logorcmx-good-1.png","contentUrl":"https:\/\/www.reconoce.mx\/wp-content\/uploads\/2019\/03\/logorcmx-good-1.png","width":280,"height":90,"caption":"Reconoce MX"},"image":{"@id":"http:\/\/www.reconoce.mx\/#\/schema\/logo\/image\/"},"sameAs":["https:\/\/es-la.facebook.com\/ReconoceMX\/","https:\/\/x.com\/reconocemx","http:\/\/@reconocemx"]},{"@type":"Person","@id":"http:\/\/www.reconoce.mx\/#\/schema\/person\/2117e997d7051dc15d6880eaf9bca0b2","name":"Reconoce MX","image":{"@type":"ImageObject","inLanguage":"es","@id":"http:\/\/www.reconoce.mx\/#\/schema\/person\/image\/","url":"https:\/\/secure.gravatar.com\/avatar\/6c8d4dc7569ca1c90c5fdcc349f839d5ddef6fe1e70b4337ead2ef1a4c43fc3a?s=96&d=identicon&r=g","contentUrl":"https:\/\/secure.gravatar.com\/avatar\/6c8d4dc7569ca1c90c5fdcc349f839d5ddef6fe1e70b4337ead2ef1a4c43fc3a?s=96&d=identicon&r=g","caption":"Reconoce MX"},"description":"Reconoce MX es un proyecto de difusi\u00f3n art\u00edstica, cultural y de conciencia social que est\u00e1 enfocado a difundir y fomentar el entretenimiento alternativo de calidad para todo el p\u00fablico que comparta el mismo entusiasmo.","sameAs":["http:\/\/www.reconoce.mx"],"url":"http:\/\/www.reconoce.mx\/?author=2"}]}},"_links":{"self":[{"href":"http:\/\/www.reconoce.mx\/index.php?rest_route=\/wp\/v2\/posts\/78534","targetHints":{"allow":["GET"]}}],"collection":[{"href":"http:\/\/www.reconoce.mx\/index.php?rest_route=\/wp\/v2\/posts"}],"about":[{"href":"http:\/\/www.reconoce.mx\/index.php?rest_route=\/wp\/v2\/types\/post"}],"author":[{"embeddable":true,"href":"http:\/\/www.reconoce.mx\/index.php?rest_route=\/wp\/v2\/users\/2"}],"replies":[{"embeddable":true,"href":"http:\/\/www.reconoce.mx\/index.php?rest_route=%2Fwp%2Fv2%2Fcomments&post=78534"}],"version-history":[{"count":2,"href":"http:\/\/www.reconoce.mx\/index.php?rest_route=\/wp\/v2\/posts\/78534\/revisions"}],"predecessor-version":[{"id":78541,"href":"http:\/\/www.reconoce.mx\/index.php?rest_route=\/wp\/v2\/posts\/78534\/revisions\/78541"}],"wp:featuredmedia":[{"embeddable":true,"href":"http:\/\/www.reconoce.mx\/index.php?rest_route=\/wp\/v2\/media\/78539"}],"wp:attachment":[{"href":"http:\/\/www.reconoce.mx\/index.php?rest_route=%2Fwp%2Fv2%2Fmedia&parent=78534"}],"wp:term":[{"taxonomy":"category","embeddable":true,"href":"http:\/\/www.reconoce.mx\/index.php?rest_route=%2Fwp%2Fv2%2Fcategories&post=78534"},{"taxonomy":"post_tag","embeddable":true,"href":"http:\/\/www.reconoce.mx\/index.php?rest_route=%2Fwp%2Fv2%2Ftags&post=78534"}],"curies":[{"name":"wp","href":"https:\/\/api.w.org\/{rel}","templated":true}]}}