{"id":78542,"date":"2018-11-29T00:05:23","date_gmt":"2018-11-29T06:05:23","guid":{"rendered":"http:\/\/www.reconoce.mx\/?p=78542"},"modified":"2018-11-29T21:25:20","modified_gmt":"2018-11-30T03:25:20","slug":"asi-el-balance-del-sexenio-de-enrique-pena-nieto","status":"publish","type":"post","link":"http:\/\/www.reconoce.mx\/?p=78542","title":{"rendered":"As\u00ed el balance del sexenio de Enrique Pe\u00f1a Nieto"},"content":{"rendered":"<p><strong>Por <a href=\"https:\/\/twitter.com\/mf_pac\" target=\"_blank\" rel=\"noopener\">Fernanda Pazar\u00e1n<\/a><\/strong>.<\/p>\n<p>Se acaba un sexenio del que tenemos mucho por comentar, pues a pesar de que el gobierno presume las mejoras la poblaci\u00f3n no lo percibe igual. Su aceptaci\u00f3n decay\u00f3 desde el primer a\u00f1o y hoy es s\u00f3lo del 22%; \u00e9sto se debe a los m\u00faltiples esc\u00e1ndalos de corrupci\u00f3n, violencia y pobreza que se vivi\u00f3 en M\u00e9xico en estos a\u00f1os. Es un tema importante porque de aqu\u00ed parte el cambio a la izquierda con la esperanza sostenida por los votantes del presidente electo <strong>Andr\u00e9s Manuel L\u00f3pez Obrador<\/strong> y la necesidad de mejorar la situaci\u00f3n socioecon\u00f3mica del pa\u00eds.<\/p>\n<p><strong>Enrique Pe\u00f1a Nieto<\/strong> fue un candidato carism\u00e1tico, su papel como gobernador del Estado de M\u00e9xico (2005-2011) hab\u00eda sido exitoso; el slogan \u201cTe lo firmo, lo cumplo\u201d le gan\u00f3 muchos votos; el matrimonio de un amor tipo telenovela tambi\u00e9n convenci\u00f3 a muchas personas pues era el candidato guapet\u00f3n y hombre de familia. Tambi\u00e9n influy\u00f3 que muchos desaprobaron el plan de seguridad de <strong>Felipe Calder\u00f3n<\/strong>, por lo que votar por el PRI era un voto de castigo hacia el PAN por desatar la violencia; adem\u00e1s de que <strong>Josefina V\u00e1zquez Mota<\/strong> no fue la candidata ideal para los panistas. Finalmente los pri\u00edstas aseguraron la presidencia al comprar votos.<\/p>\n<p>El sexenio de Pe\u00f1a Nieto fue muy parecido a su evento en la <strong>Universidad Iberoamericana<\/strong> (nacimiento del movimiento <a href=\"http:\/\/www.reconoce.mx\/yosoy132\/\" target=\"_blank\" rel=\"noopener\">#YoSoy132<\/a>): le cuestionan los asesinatos, no sabe qu\u00e9 responder y se encierra; al final los medios publican una versi\u00f3n distorsionada que mejora su imagen.<\/p>\n<p><a href=\"http:\/\/www.reconoce.mx\/resultados-preliminares-elecciones-mexico-2012\/\" target=\"_blank\" rel=\"noopener\">Pe\u00f1a gan\u00f3 el 38.15% de los votos y L\u00f3pez Obrador lo sigui\u00f3 con un 31.54%<\/a>; aqu\u00ed se not\u00f3 que la izquierda estaba tomando fuerza, pero no la suficiente como para que ganara. Al final del d\u00eda se construy\u00f3 la imagen del presidente ideal que ten\u00eda m\u00e1s del 50% de aceptaci\u00f3n, pero que no ten\u00eda ni el intelecto ni la personalidad para cubrir la silla presidencial.<\/p>\n<p>En su segundo d\u00eda como presidente, se llev\u00f3 a cabo la firma del \u201cPacto por M\u00e9xico\u201d en donde los l\u00edderes de los partidos PRD, PRI y PAN se unieron con el objetivo de unirse para consolidar la democracia en el pa\u00eds. A partir de este evento se comenzaron a anunciar los programas y reformas, de las cuales ninguna fue completamente efectiva y que ahora se cuestionar\u00e1n su seguimiento en la nueva administraci\u00f3n.<\/p>\n<p>2014 fue el a\u00f1o en donde la corrupci\u00f3n y la violencia demostraron su poder, y le costaron su legitimidad y popularidad. El caso de la \u00abCasa Blanca\u00bb fue controversial por distintas razones, desde las conexiones de la empresa constructora con otra obra p\u00fablica, la financiaci\u00f3n de la misma y la respuesta turbulenta de Pe\u00f1a Nieto. Todo pertenece a \u201cla estafa maestra\u201d, el estudio que declara la corrupci\u00f3n de los servidores p\u00fablicos por el desv\u00edo de recursos.<\/p>\n<p>El caso m\u00e1s pol\u00e9mico de su administraci\u00f3n fue la desaparici\u00f3n forzada de los estudiantes de <a href=\"http:\/\/www.reconoce.mx\/ayotzinapa-pienso-luego-me-desaparecen\/\" target=\"_blank\" rel=\"noopener\">Ayotzinapa<\/a> el 26 de septiembre de 2014. La cuesti\u00f3n fue que estuvieron en el autob\u00fas incorrecto y fueron v\u00edctimas de la corrupci\u00f3n entre grupos criminales y la polic\u00eda. El error de Pe\u00f1a fue no saber c\u00f3mo actuar al respecto. Su liderazgo dej\u00f3 mucho que desear y las cifras de violencia en M\u00e9xico empezaron a ser un foco alarmante en el panorama internacional. <a href=\"http:\/\/www.reconoce.mx\/mision-cumplida-lo-tenemos\/\" target=\"_blank\" rel=\"noopener\">Posteriormente ocurri\u00f3 la fuga del <strong>\u201cChapo\u201d Guzm\u00e1n<\/strong><\/a>. No lograron reducir los niveles de violencia. La incongruencia de la presidencia contrastaba el hecho de que el se\u00f1or presidente expusiera en sus redes sobre el dise\u00f1o de sus calcetines o el gel que utiliza, pero no sobre qu\u00e9 decir al respecto del caso de Ayotzinapa.<\/p>\n<p>La relaci\u00f3n con nuestro vecino del norte siempre ha sido importante y eso es algo que s\u00ed supo el se\u00f1or presidente; por eso <a href=\"http:\/\/www.reconoce.mx\/los-interminables-dias-del-presidente\/\">decidi\u00f3 invitar al candidato <strong>Donald Trump<\/strong> a M\u00e9xico<\/a> para iniciar un di\u00e1logo de cooperaci\u00f3n y de alguna manera asegurar a los mexicanos que el discurso del muro s\u00f3lo queda en palabras. Sin embargo, es prudente ponerle una estrellita porque se pudo firmar la continuaci\u00f3n del <strong>Tratado de Libre Comercio con Canad\u00e1 y Estados Unidos<\/strong>, un hecho que da certidumbre a la inversi\u00f3n extranjera a pesar del ambiente pol\u00edtico inestable.<\/p>\n<p>El presidente al que se le cuestiona sobre un plagio de tesis y que no sabe cu\u00e1les fueron los t\u00edtulos de al menos tres libros, es tambi\u00e9n quien dijo \u00abquienes les digan que estamos en un pa\u00eds en crisis, crisis es seguramente lo que pueden tener en sus mentes\u00bb, cuando poco m\u00e1s de la mitad de los mexicanos viven en pobreza.<\/p>\n<p>En temas econ\u00f3micos, el \u00abgasonilazo\u00bb, fue otra punto criticado que respondi\u00f3 con un video conmovedor en el que presentaban al gobierno como la v\u00edctima que ten\u00eda que dejar de dar un subsidio a los combustibles para no afectar los programas sociales. <strong>Enrique Pe\u00f1a Nieto<\/strong> es el presidente que no se despierta cada ma\u00f1ana pensando en c\u00f3mo joder a M\u00e9xico pero que no pudo mejorar la situaci\u00f3n econ\u00f3mica; los precios de la canasta b\u00e1sica subieron de manera exponencial. Aunque la administraci\u00f3n demostr\u00f3 que el PIB y la inversi\u00f3n extranjera crecieron, son m\u00e1s de 60 millones de mexicanos los que no pueden adquirir bienes b\u00e1sicos.<\/p>\n<p>La corrupci\u00f3n realizada por <a href=\"http:\/\/www.reconoce.mx\/javier-duarte-sigue-sonriendo-y-exhibiendo-a-la-justicia\/\" target=\"_blank\" rel=\"noopener\"><strong>Javiel Duarte<\/strong><\/a> demostr\u00f3 las fracturas de la justicia y la incapacidad del gobierno para enjuiciar a los pol\u00edticos del mismo partido. Desv\u00edo de recursos, persecuci\u00f3n a periodistas y medicina falsa son las caracter\u00edsticas de la gobernatura del infame Duarte; cr\u00edmenes por los que s\u00f3lo pagar\u00e1 nueve a\u00f1os de c\u00e1rcel. Si se me permite ser mal pensada, ese dinero fue el que financi\u00f3 la campa\u00f1a de <strong>Jos\u00e9 Antonio Meade<\/strong>.<\/p>\n<p>En conclusi\u00f3n, \u00ablas cosas buenas casi no se cuentan, pero cuentan mucho\u00bb y fueron realmente pocas y no tan importantes. Despu\u00e9s del 1 de julio del presente a\u00f1o, Enrique Pe\u00f1a Nieto dej\u00f3 de ser el foco de atenci\u00f3n; fue como si en ese momento Andr\u00e9s Manuel comenzara su sexenio pues lo \u00fanico que Pe\u00f1a ha hecho desde entonces fue anunciar la firma del <strong>T-MEC<\/strong>, el programa \u201cEst\u00e1s en tu casa\u201d para ayudar a los migrantes, y publicar mensajes de despedida en sus redes sociales. Fue un presidente que dej\u00f3 mucho que desear y a pesar de los logros publicados en el sexto informe de gobierno, es algo que no se refleja en los bolsillos ni en la seguridad de los mexicanos.<\/p>\n<p>El reto para <strong>Andr\u00e9s Manuel L\u00f3pez Obrador<\/strong> es que combata a los pol\u00edticos corruptos que se sumaron a <strong>Morena<\/strong>, cumplir sus promesas de campa\u00f1a y ganarse la confianza de los mexicanos que no votaron por \u00e9l. M\u00e9xico necesita una democracia efectiva y eso no se consigue con consultas populares, sobre todo si el proceso no es informativo. Andr\u00e9s Manuel no es el todopoderoso, no se le puede exigir tanto, sin embargo debe apegarse a la ley para hacer todos los proyectos. Las especulaciones y la incertidumbre est\u00e1n por acabar y en un a\u00f1o ya se podr\u00e1 hacer un an\u00e1lisis objetivo. Un sexenio que est\u00e1 a punto de comenzar; los mexicanos deben mantenerse unidos e informados para participar en los ejercicios democr\u00e1ticos.<\/p>\n<p style=\"text-align: right;\">Foto: <strong>Presidencia de la Rep\u00fablica Mexicana<\/strong>.<\/p>\n<p>&nbsp;<\/p>\n<p>&nbsp;<\/p>\n","protected":false},"excerpt":{"rendered":"<p>Se acaba un sexenio del que tenemos mucho por comentar, pues a pesar de que el gobierno presume las mejoras la poblaci\u00f3n no lo percibe igual. Su aceptaci\u00f3n decay\u00f3 desde el primer a\u00f1o y hoy es s\u00f3lo del 22%; \u00e9sto se debe a los m\u00faltiples esc\u00e1ndalos de corrupci\u00f3n, violencia y pobreza que se vivi\u00f3 en M\u00e9xico en estos a\u00f1os.<\/p>\n","protected":false},"author":2,"featured_media":78545,"comment_status":"open","ping_status":"open","sticky":false,"template":"","format":"standard","meta":{"footnotes":""},"categories":[43,169,17],"tags":[],"class_list":["post-78542","post","type-post","status-publish","format-standard","has-post-thumbnail","hentry","category-conciencia","category-politica-entorno","category-principal"],"yoast_head":"<!-- This site is optimized with the Yoast SEO plugin v24.7 - https:\/\/yoast.com\/wordpress\/plugins\/seo\/ -->\n<title>As\u00ed el balance del sexenio de Enrique Pe\u00f1a Nieto &#171; Reconoce MX<\/title>\n<meta name=\"robots\" content=\"index, follow, max-snippet:-1, max-image-preview:large, max-video-preview:-1\" \/>\n<link rel=\"canonical\" href=\"http:\/\/www.reconoce.mx\/?p=78542\" \/>\n<meta property=\"og:locale\" content=\"es_ES\" \/>\n<meta property=\"og:type\" content=\"article\" \/>\n<meta property=\"og:title\" content=\"As\u00ed el balance del sexenio de Enrique Pe\u00f1a Nieto &#171; Reconoce MX\" \/>\n<meta property=\"og:description\" content=\"Se acaba un sexenio del que tenemos mucho por comentar, pues a pesar de que el gobierno presume las mejoras la poblaci\u00f3n no lo percibe igual. Su aceptaci\u00f3n decay\u00f3 desde el primer a\u00f1o y hoy es s\u00f3lo del 22%; \u00e9sto se debe a los m\u00faltiples esc\u00e1ndalos de corrupci\u00f3n, violencia y pobreza que se vivi\u00f3 en M\u00e9xico en estos a\u00f1os.\" \/>\n<meta property=\"og:url\" content=\"http:\/\/www.reconoce.mx\/?p=78542\" \/>\n<meta property=\"og:site_name\" content=\"Reconoce MX\" \/>\n<meta property=\"article:publisher\" content=\"https:\/\/es-la.facebook.com\/ReconoceMX\/\" \/>\n<meta property=\"article:published_time\" content=\"2018-11-29T06:05:23+00:00\" \/>\n<meta property=\"article:modified_time\" content=\"2018-11-30T03:25:20+00:00\" \/>\n<meta property=\"og:image\" content=\"http:\/\/www.reconoce.mx\/wp-content\/uploads\/2018\/11\/despedida-pe\u00f1a-nieto.jpg\" \/>\n\t<meta property=\"og:image:width\" content=\"590\" \/>\n\t<meta property=\"og:image:height\" content=\"380\" \/>\n\t<meta property=\"og:image:type\" content=\"image\/jpeg\" \/>\n<meta name=\"author\" content=\"Reconoce MX\" \/>\n<meta name=\"twitter:card\" content=\"summary_large_image\" \/>\n<meta name=\"twitter:creator\" content=\"@reconocemx\" \/>\n<meta name=\"twitter:site\" content=\"@reconocemx\" \/>\n<meta name=\"twitter:label1\" content=\"Escrito por\" \/>\n\t<meta name=\"twitter:data1\" content=\"Reconoce MX\" \/>\n\t<meta name=\"twitter:label2\" content=\"Tiempo de lectura\" \/>\n\t<meta name=\"twitter:data2\" content=\"6 minutos\" \/>\n<script type=\"application\/ld+json\" class=\"yoast-schema-graph\">{\"@context\":\"https:\/\/schema.org\",\"@graph\":[{\"@type\":\"Article\",\"@id\":\"http:\/\/www.reconoce.mx\/?p=78542#article\",\"isPartOf\":{\"@id\":\"http:\/\/www.reconoce.mx\/?p=78542\"},\"author\":{\"name\":\"Reconoce MX\",\"@id\":\"http:\/\/www.reconoce.mx\/#\/schema\/person\/2117e997d7051dc15d6880eaf9bca0b2\"},\"headline\":\"As\u00ed el balance del sexenio de Enrique Pe\u00f1a Nieto\",\"datePublished\":\"2018-11-29T06:05:23+00:00\",\"dateModified\":\"2018-11-30T03:25:20+00:00\",\"mainEntityOfPage\":{\"@id\":\"http:\/\/www.reconoce.mx\/?p=78542\"},\"wordCount\":1289,\"commentCount\":0,\"publisher\":{\"@id\":\"http:\/\/www.reconoce.mx\/#organization\"},\"image\":{\"@id\":\"http:\/\/www.reconoce.mx\/?p=78542#primaryimage\"},\"thumbnailUrl\":\"http:\/\/www.reconoce.mx\/wp-content\/uploads\/2018\/11\/despedida-pe\u00f1a-nieto.jpg\",\"articleSection\":[\"Conciencia\",\"Pol\u00edtica\",\"Principal\"],\"inLanguage\":\"es\",\"potentialAction\":[{\"@type\":\"CommentAction\",\"name\":\"Comment\",\"target\":[\"http:\/\/www.reconoce.mx\/?p=78542#respond\"]}]},{\"@type\":\"WebPage\",\"@id\":\"http:\/\/www.reconoce.mx\/?p=78542\",\"url\":\"http:\/\/www.reconoce.mx\/?p=78542\",\"name\":\"As\u00ed el balance del sexenio de Enrique Pe\u00f1a Nieto &#171; Reconoce MX\",\"isPartOf\":{\"@id\":\"http:\/\/www.reconoce.mx\/#website\"},\"primaryImageOfPage\":{\"@id\":\"http:\/\/www.reconoce.mx\/?p=78542#primaryimage\"},\"image\":{\"@id\":\"http:\/\/www.reconoce.mx\/?p=78542#primaryimage\"},\"thumbnailUrl\":\"http:\/\/www.reconoce.mx\/wp-content\/uploads\/2018\/11\/despedida-pe\u00f1a-nieto.jpg\",\"datePublished\":\"2018-11-29T06:05:23+00:00\",\"dateModified\":\"2018-11-30T03:25:20+00:00\",\"breadcrumb\":{\"@id\":\"http:\/\/www.reconoce.mx\/?p=78542#breadcrumb\"},\"inLanguage\":\"es\",\"potentialAction\":[{\"@type\":\"ReadAction\",\"target\":[\"http:\/\/www.reconoce.mx\/?p=78542\"]}]},{\"@type\":\"ImageObject\",\"inLanguage\":\"es\",\"@id\":\"http:\/\/www.reconoce.mx\/?p=78542#primaryimage\",\"url\":\"http:\/\/www.reconoce.mx\/wp-content\/uploads\/2018\/11\/despedida-pe\u00f1a-nieto.jpg\",\"contentUrl\":\"http:\/\/www.reconoce.mx\/wp-content\/uploads\/2018\/11\/despedida-pe\u00f1a-nieto.jpg\",\"width\":590,\"height\":380},{\"@type\":\"BreadcrumbList\",\"@id\":\"http:\/\/www.reconoce.mx\/?p=78542#breadcrumb\",\"itemListElement\":[{\"@type\":\"ListItem\",\"position\":1,\"name\":\"Portada\",\"item\":\"http:\/\/www.reconoce.mx\/\"},{\"@type\":\"ListItem\",\"position\":2,\"name\":\"As\u00ed el balance del sexenio de Enrique Pe\u00f1a Nieto\"}]},{\"@type\":\"WebSite\",\"@id\":\"http:\/\/www.reconoce.mx\/#website\",\"url\":\"http:\/\/www.reconoce.mx\/\",\"name\":\"Reconoce MX\",\"description\":\"En Reconoce MX difundimos arte, cultura y conciencia social en M\u00e9xico. Tu ciudad en otra perspectiva.\",\"publisher\":{\"@id\":\"http:\/\/www.reconoce.mx\/#organization\"},\"potentialAction\":[{\"@type\":\"SearchAction\",\"target\":{\"@type\":\"EntryPoint\",\"urlTemplate\":\"http:\/\/www.reconoce.mx\/?s={search_term_string}\"},\"query-input\":{\"@type\":\"PropertyValueSpecification\",\"valueRequired\":true,\"valueName\":\"search_term_string\"}}],\"inLanguage\":\"es\"},{\"@type\":\"Organization\",\"@id\":\"http:\/\/www.reconoce.mx\/#organization\",\"name\":\"Reconoce MX\",\"url\":\"http:\/\/www.reconoce.mx\/\",\"logo\":{\"@type\":\"ImageObject\",\"inLanguage\":\"es\",\"@id\":\"http:\/\/www.reconoce.mx\/#\/schema\/logo\/image\/\",\"url\":\"https:\/\/www.reconoce.mx\/wp-content\/uploads\/2019\/03\/logorcmx-good-1.png\",\"contentUrl\":\"https:\/\/www.reconoce.mx\/wp-content\/uploads\/2019\/03\/logorcmx-good-1.png\",\"width\":280,\"height\":90,\"caption\":\"Reconoce MX\"},\"image\":{\"@id\":\"http:\/\/www.reconoce.mx\/#\/schema\/logo\/image\/\"},\"sameAs\":[\"https:\/\/es-la.facebook.com\/ReconoceMX\/\",\"https:\/\/x.com\/reconocemx\",\"http:\/\/@reconocemx\"]},{\"@type\":\"Person\",\"@id\":\"http:\/\/www.reconoce.mx\/#\/schema\/person\/2117e997d7051dc15d6880eaf9bca0b2\",\"name\":\"Reconoce MX\",\"image\":{\"@type\":\"ImageObject\",\"inLanguage\":\"es\",\"@id\":\"http:\/\/www.reconoce.mx\/#\/schema\/person\/image\/\",\"url\":\"https:\/\/secure.gravatar.com\/avatar\/6c8d4dc7569ca1c90c5fdcc349f839d5ddef6fe1e70b4337ead2ef1a4c43fc3a?s=96&d=identicon&r=g\",\"contentUrl\":\"https:\/\/secure.gravatar.com\/avatar\/6c8d4dc7569ca1c90c5fdcc349f839d5ddef6fe1e70b4337ead2ef1a4c43fc3a?s=96&d=identicon&r=g\",\"caption\":\"Reconoce MX\"},\"description\":\"Reconoce MX es un proyecto de difusi\u00f3n art\u00edstica, cultural y de conciencia social que est\u00e1 enfocado a difundir y fomentar el entretenimiento alternativo de calidad para todo el p\u00fablico que comparta el mismo entusiasmo.\",\"sameAs\":[\"http:\/\/www.reconoce.mx\"],\"url\":\"http:\/\/www.reconoce.mx\/?author=2\"}]}<\/script>\n<!-- \/ Yoast SEO plugin. -->","yoast_head_json":{"title":"As\u00ed el balance del sexenio de Enrique Pe\u00f1a Nieto &#171; Reconoce MX","robots":{"index":"index","follow":"follow","max-snippet":"max-snippet:-1","max-image-preview":"max-image-preview:large","max-video-preview":"max-video-preview:-1"},"canonical":"http:\/\/www.reconoce.mx\/?p=78542","og_locale":"es_ES","og_type":"article","og_title":"As\u00ed el balance del sexenio de Enrique Pe\u00f1a Nieto &#171; Reconoce MX","og_description":"Se acaba un sexenio del que tenemos mucho por comentar, pues a pesar de que el gobierno presume las mejoras la poblaci\u00f3n no lo percibe igual. Su aceptaci\u00f3n decay\u00f3 desde el primer a\u00f1o y hoy es s\u00f3lo del 22%; \u00e9sto se debe a los m\u00faltiples esc\u00e1ndalos de corrupci\u00f3n, violencia y pobreza que se vivi\u00f3 en M\u00e9xico en estos a\u00f1os.","og_url":"http:\/\/www.reconoce.mx\/?p=78542","og_site_name":"Reconoce MX","article_publisher":"https:\/\/es-la.facebook.com\/ReconoceMX\/","article_published_time":"2018-11-29T06:05:23+00:00","article_modified_time":"2018-11-30T03:25:20+00:00","og_image":[{"width":590,"height":380,"url":"http:\/\/www.reconoce.mx\/wp-content\/uploads\/2018\/11\/despedida-pe\u00f1a-nieto.jpg","type":"image\/jpeg"}],"author":"Reconoce MX","twitter_card":"summary_large_image","twitter_creator":"@reconocemx","twitter_site":"@reconocemx","twitter_misc":{"Escrito por":"Reconoce MX","Tiempo de lectura":"6 minutos"},"schema":{"@context":"https:\/\/schema.org","@graph":[{"@type":"Article","@id":"http:\/\/www.reconoce.mx\/?p=78542#article","isPartOf":{"@id":"http:\/\/www.reconoce.mx\/?p=78542"},"author":{"name":"Reconoce MX","@id":"http:\/\/www.reconoce.mx\/#\/schema\/person\/2117e997d7051dc15d6880eaf9bca0b2"},"headline":"As\u00ed el balance del sexenio de Enrique Pe\u00f1a Nieto","datePublished":"2018-11-29T06:05:23+00:00","dateModified":"2018-11-30T03:25:20+00:00","mainEntityOfPage":{"@id":"http:\/\/www.reconoce.mx\/?p=78542"},"wordCount":1289,"commentCount":0,"publisher":{"@id":"http:\/\/www.reconoce.mx\/#organization"},"image":{"@id":"http:\/\/www.reconoce.mx\/?p=78542#primaryimage"},"thumbnailUrl":"http:\/\/www.reconoce.mx\/wp-content\/uploads\/2018\/11\/despedida-pe\u00f1a-nieto.jpg","articleSection":["Conciencia","Pol\u00edtica","Principal"],"inLanguage":"es","potentialAction":[{"@type":"CommentAction","name":"Comment","target":["http:\/\/www.reconoce.mx\/?p=78542#respond"]}]},{"@type":"WebPage","@id":"http:\/\/www.reconoce.mx\/?p=78542","url":"http:\/\/www.reconoce.mx\/?p=78542","name":"As\u00ed el balance del sexenio de Enrique Pe\u00f1a Nieto &#171; Reconoce MX","isPartOf":{"@id":"http:\/\/www.reconoce.mx\/#website"},"primaryImageOfPage":{"@id":"http:\/\/www.reconoce.mx\/?p=78542#primaryimage"},"image":{"@id":"http:\/\/www.reconoce.mx\/?p=78542#primaryimage"},"thumbnailUrl":"http:\/\/www.reconoce.mx\/wp-content\/uploads\/2018\/11\/despedida-pe\u00f1a-nieto.jpg","datePublished":"2018-11-29T06:05:23+00:00","dateModified":"2018-11-30T03:25:20+00:00","breadcrumb":{"@id":"http:\/\/www.reconoce.mx\/?p=78542#breadcrumb"},"inLanguage":"es","potentialAction":[{"@type":"ReadAction","target":["http:\/\/www.reconoce.mx\/?p=78542"]}]},{"@type":"ImageObject","inLanguage":"es","@id":"http:\/\/www.reconoce.mx\/?p=78542#primaryimage","url":"http:\/\/www.reconoce.mx\/wp-content\/uploads\/2018\/11\/despedida-pe\u00f1a-nieto.jpg","contentUrl":"http:\/\/www.reconoce.mx\/wp-content\/uploads\/2018\/11\/despedida-pe\u00f1a-nieto.jpg","width":590,"height":380},{"@type":"BreadcrumbList","@id":"http:\/\/www.reconoce.mx\/?p=78542#breadcrumb","itemListElement":[{"@type":"ListItem","position":1,"name":"Portada","item":"http:\/\/www.reconoce.mx\/"},{"@type":"ListItem","position":2,"name":"As\u00ed el balance del sexenio de Enrique Pe\u00f1a Nieto"}]},{"@type":"WebSite","@id":"http:\/\/www.reconoce.mx\/#website","url":"http:\/\/www.reconoce.mx\/","name":"Reconoce MX","description":"En Reconoce MX difundimos arte, cultura y conciencia social en M\u00e9xico. Tu ciudad en otra perspectiva.","publisher":{"@id":"http:\/\/www.reconoce.mx\/#organization"},"potentialAction":[{"@type":"SearchAction","target":{"@type":"EntryPoint","urlTemplate":"http:\/\/www.reconoce.mx\/?s={search_term_string}"},"query-input":{"@type":"PropertyValueSpecification","valueRequired":true,"valueName":"search_term_string"}}],"inLanguage":"es"},{"@type":"Organization","@id":"http:\/\/www.reconoce.mx\/#organization","name":"Reconoce MX","url":"http:\/\/www.reconoce.mx\/","logo":{"@type":"ImageObject","inLanguage":"es","@id":"http:\/\/www.reconoce.mx\/#\/schema\/logo\/image\/","url":"https:\/\/www.reconoce.mx\/wp-content\/uploads\/2019\/03\/logorcmx-good-1.png","contentUrl":"https:\/\/www.reconoce.mx\/wp-content\/uploads\/2019\/03\/logorcmx-good-1.png","width":280,"height":90,"caption":"Reconoce MX"},"image":{"@id":"http:\/\/www.reconoce.mx\/#\/schema\/logo\/image\/"},"sameAs":["https:\/\/es-la.facebook.com\/ReconoceMX\/","https:\/\/x.com\/reconocemx","http:\/\/@reconocemx"]},{"@type":"Person","@id":"http:\/\/www.reconoce.mx\/#\/schema\/person\/2117e997d7051dc15d6880eaf9bca0b2","name":"Reconoce MX","image":{"@type":"ImageObject","inLanguage":"es","@id":"http:\/\/www.reconoce.mx\/#\/schema\/person\/image\/","url":"https:\/\/secure.gravatar.com\/avatar\/6c8d4dc7569ca1c90c5fdcc349f839d5ddef6fe1e70b4337ead2ef1a4c43fc3a?s=96&d=identicon&r=g","contentUrl":"https:\/\/secure.gravatar.com\/avatar\/6c8d4dc7569ca1c90c5fdcc349f839d5ddef6fe1e70b4337ead2ef1a4c43fc3a?s=96&d=identicon&r=g","caption":"Reconoce MX"},"description":"Reconoce MX es un proyecto de difusi\u00f3n art\u00edstica, cultural y de conciencia social que est\u00e1 enfocado a difundir y fomentar el entretenimiento alternativo de calidad para todo el p\u00fablico que comparta el mismo entusiasmo.","sameAs":["http:\/\/www.reconoce.mx"],"url":"http:\/\/www.reconoce.mx\/?author=2"}]}},"_links":{"self":[{"href":"http:\/\/www.reconoce.mx\/index.php?rest_route=\/wp\/v2\/posts\/78542","targetHints":{"allow":["GET"]}}],"collection":[{"href":"http:\/\/www.reconoce.mx\/index.php?rest_route=\/wp\/v2\/posts"}],"about":[{"href":"http:\/\/www.reconoce.mx\/index.php?rest_route=\/wp\/v2\/types\/post"}],"author":[{"embeddable":true,"href":"http:\/\/www.reconoce.mx\/index.php?rest_route=\/wp\/v2\/users\/2"}],"replies":[{"embeddable":true,"href":"http:\/\/www.reconoce.mx\/index.php?rest_route=%2Fwp%2Fv2%2Fcomments&post=78542"}],"version-history":[{"count":2,"href":"http:\/\/www.reconoce.mx\/index.php?rest_route=\/wp\/v2\/posts\/78542\/revisions"}],"predecessor-version":[{"id":78547,"href":"http:\/\/www.reconoce.mx\/index.php?rest_route=\/wp\/v2\/posts\/78542\/revisions\/78547"}],"wp:featuredmedia":[{"embeddable":true,"href":"http:\/\/www.reconoce.mx\/index.php?rest_route=\/wp\/v2\/media\/78545"}],"wp:attachment":[{"href":"http:\/\/www.reconoce.mx\/index.php?rest_route=%2Fwp%2Fv2%2Fmedia&parent=78542"}],"wp:term":[{"taxonomy":"category","embeddable":true,"href":"http:\/\/www.reconoce.mx\/index.php?rest_route=%2Fwp%2Fv2%2Fcategories&post=78542"},{"taxonomy":"post_tag","embeddable":true,"href":"http:\/\/www.reconoce.mx\/index.php?rest_route=%2Fwp%2Fv2%2Ftags&post=78542"}],"curies":[{"name":"wp","href":"https:\/\/api.w.org\/{rel}","templated":true}]}}