{"id":78562,"date":"2018-11-29T00:06:32","date_gmt":"2018-11-29T06:06:32","guid":{"rendered":"http:\/\/www.reconoce.mx\/?p=78562"},"modified":"2018-11-29T22:22:53","modified_gmt":"2018-11-30T04:22:53","slug":"65muestra-hannah","status":"publish","type":"post","link":"http:\/\/www.reconoce.mx\/?p=78562","title":{"rendered":"#65Muestra: \u00abHannah\u00bb"},"content":{"rendered":"<p><strong>Por <a title=\"@AsfaltosTweets\" href=\"http:\/\/twitter.com\/AsfaltosTweets\" target=\"_blank\" rel=\"noopener\">Asfaltos<\/a><\/strong>.<\/p>\n<p>El pr\u00f3ximo lunes 3 de diciembre terminar\u00e1 la proyecci\u00f3n de la <strong><a href=\"http:\/\/www.reconoce.mx\/?s=%2365Muestra\" target=\"_blank\" rel=\"noopener\">#65Muestra<\/a> Internacional de Cine<\/strong> en <strong>Cineteca Nacional<\/strong>; pero ojo, si bien termina de presentarse en Cineteca, desde el pasado 23 de noviembre ha comenzado ya su recorrido por el circuito alternativo que incluye Cin\u00e9polis, Cinemex, salas de la UNAM y del IPN, el Centro Cultural Carranza, Le Cin\u00e9ma IFAL, Cineman\u00eda Loreto y La Casa del Cine. Adem\u00e1s, posteriormente realizar\u00e1 un recorrido por el interior de la rep\u00fablica. S\u00ed, la <strong><a href=\"http:\/\/www.reconoce.mx\/?s=%2365Muestra\" target=\"_blank\" rel=\"noopener\">#65Muestra<\/a><\/strong> terminar\u00e1 proyecci\u00f3n en Cineteca, pero las pel\u00edculas seguir\u00e1n teniendo un importante recorrido; \u00abHannah\u00bb de <strong>Andrea Pallaoro<\/strong> es otra de las cintas que comentamos de delicioso fest\u00edn f\u00edlmico.<\/p>\n<p><a href=\"http:\/\/www.reconoce.mx\/wp-content\/uploads\/2018\/11\/hannah-poster.jpg\"><img loading=\"lazy\" decoding=\"async\" class=\"aligncenter size-full wp-image-78568\" src=\"http:\/\/www.reconoce.mx\/wp-content\/uploads\/2018\/11\/hannah-poster.jpg\" alt=\"\" width=\"840\" height=\"1200\" srcset=\"http:\/\/www.reconoce.mx\/wp-content\/uploads\/2018\/11\/hannah-poster.jpg 840w, http:\/\/www.reconoce.mx\/wp-content\/uploads\/2018\/11\/hannah-poster-210x300.jpg 210w, http:\/\/www.reconoce.mx\/wp-content\/uploads\/2018\/11\/hannah-poster-768x1097.jpg 768w, http:\/\/www.reconoce.mx\/wp-content\/uploads\/2018\/11\/hannah-poster-717x1024.jpg 717w, http:\/\/www.reconoce.mx\/wp-content\/uploads\/2018\/11\/hannah-poster-150x214.jpg 150w, http:\/\/www.reconoce.mx\/wp-content\/uploads\/2018\/11\/hannah-poster-700x1000.jpg 700w, http:\/\/www.reconoce.mx\/wp-content\/uploads\/2018\/11\/hannah-poster-658x940.jpg 658w, http:\/\/www.reconoce.mx\/wp-content\/uploads\/2018\/11\/hannah-poster-300x429.jpg 300w\" sizes=\"auto, (max-width: 840px) 100vw, 840px\" \/><\/a><\/p>\n<p>Ayer mismo les platicaba sobre c\u00f3mo distintas pel\u00edculas en la misma <strong><a href=\"http:\/\/www.reconoce.mx\/?s=%2365Muestra\" target=\"_blank\" rel=\"noopener\">#65Muestra<\/a> <\/strong>tienen vasos comunicantes que las hermanan. En este caso con \u00abHannah\u00bb sucede lo mismo, pues al igual que en \u00ab<a href=\"http:\/\/www.reconoce.mx\/65muestra-las-herederas\/\" target=\"_blank\" rel=\"noopener\">Las herederas<\/a>\u00bb de <strong>Marcelo Martinessi<\/strong>, en la pel\u00edcula nos encontraremos frente a una mujer madura que deber\u00e1 enfrentarse a una repentina e inesperada soledad. Una vez m\u00e1s con una visi\u00f3n muy detenida sobre la feminidad como ha trabajado en su filmograf\u00eda, Pallaoro nos regala un retrato \u00edntimo y contemplativo sobre una mujer que en la soledad intentar\u00e1 reencontrarse consigo misma.<\/p>\n<p>En una aparente comodidad, donde su mundo permanece sin mayores cambios ni exabruptos, en la primera escena de la pel\u00edcula nos encontramos con Hannah, una mujer mayor a quien vemos gritar con una fuerza tal que nos resulta liberadora. Observamos, con cuidado, que ese grito forma parte de una educaci\u00f3n teatral de la que forma parte; sin embargo sospecharemos tambi\u00e9n, conforme va avanzando la trama, que sus cualidades podr\u00edan surgir si bien de su inspiraci\u00f3n, tambi\u00e9n de una historia reprimida.<\/p>\n<p><a href=\"http:\/\/www.reconoce.mx\/wp-content\/uploads\/2018\/11\/hannah-2.jpg\"><img loading=\"lazy\" decoding=\"async\" class=\"aligncenter size-full wp-image-78566\" src=\"http:\/\/www.reconoce.mx\/wp-content\/uploads\/2018\/11\/hannah-2.jpg\" alt=\"\" width=\"590\" height=\"380\" srcset=\"http:\/\/www.reconoce.mx\/wp-content\/uploads\/2018\/11\/hannah-2.jpg 590w, http:\/\/www.reconoce.mx\/wp-content\/uploads\/2018\/11\/hannah-2-300x193.jpg 300w, http:\/\/www.reconoce.mx\/wp-content\/uploads\/2018\/11\/hannah-2-150x97.jpg 150w\" sizes=\"auto, (max-width: 590px) 100vw, 590px\" \/><\/a><\/p>\n<p>En otra escena vemos c\u00f3mo Hannah hace que su esposo (<strong>Andr\u00e9 Wilms<\/strong>) se despida de su perro. \u00bfIr\u00e1 a un viaje, regresar\u00e1 pronto? Sabemos entonces que el esposo ingresar\u00e1 a prisi\u00f3n y que en consecuencia dejar\u00e1 a Hannah. \u00bfEstar\u00e1 preparada ella para ese momento, podr\u00e1 salir de su rutina para enfrentarse a ese instante que le puso la vida? Con calma, intercalando sus ensayos de teatro, vemos c\u00f3mo es que Hannah va descubri\u00e9ndose.<\/p>\n<p><strong>Charlotte Rampling<\/strong>, quien interpreta a Hannah, cumple con una actuaci\u00f3n extraordinaria. En apariencia siempre pasiva, la actriz estira su personaje de un extremo al otro para hacernos c\u00f3mplices muy cercanos del drama interno que ella va padeciendo. Se van mezclando entonces las escenas de los ensayos teatrales con su nueva vida para fundirse entonces en uno solo y as\u00ed irse confundiendo. Hannah utilizar\u00e1 su versi\u00f3n como actriz para intentar no sucumbir.<\/p>\n<p><a href=\"http:\/\/www.reconoce.mx\/wp-content\/uploads\/2018\/11\/hannah-3.jpg\"><img loading=\"lazy\" decoding=\"async\" class=\"aligncenter size-full wp-image-78567\" src=\"http:\/\/www.reconoce.mx\/wp-content\/uploads\/2018\/11\/hannah-3.jpg\" alt=\"\" width=\"590\" height=\"380\" srcset=\"http:\/\/www.reconoce.mx\/wp-content\/uploads\/2018\/11\/hannah-3.jpg 590w, http:\/\/www.reconoce.mx\/wp-content\/uploads\/2018\/11\/hannah-3-300x193.jpg 300w, http:\/\/www.reconoce.mx\/wp-content\/uploads\/2018\/11\/hannah-3-150x97.jpg 150w\" sizes=\"auto, (max-width: 590px) 100vw, 590px\" \/><\/a><\/p>\n<p>De hecho ese es uno de los grandes m\u00e9ritos de la pel\u00edcula, mismo que sale del guion que <strong>Andrea Pallaoro<\/strong> y <strong>Orlando Tirado<\/strong> escriben en conjunto. La idea de ir confundiendo realidad y ficci\u00f3n en el mundo de \u00abHannah\u00bb, funciona de gran manera. A eso a\u00f1\u00e1danle una fotograf\u00eda muy bien cuidada que termina por hacernos parte del mundo un tanto fr\u00edo y solo al que la protagonista se enfrenta.<\/p>\n<p>\u00abHannah\u00bb al igual que \u00ab<a href=\"http:\/\/www.reconoce.mx\/65muestra-las-herederas\/\" target=\"_blank\" rel=\"noopener\">Las herederas<\/a>\u00bb nos presenta a una mujer en la repentina soledad; sin embargo, a diferencia de la cinta paraguaya, en \u00abHannah\u00bb la mujer tomar\u00e1 un camino distinto que terminar\u00e1 por igual en un desenlace diferente. La reflexi\u00f3n de la feminidad y del paso del tiempo terminan por ser los vasos comunicantes de dos pel\u00edculas que funcionan muy bien como parte de un ciclo doble por si se animan. Si las ven, \u00bflas comentamos en este tenor?<\/p>\n<style>.embed-container { position: relative; padding-bottom: 56.25%; height: 0; overflow: hidden; max-width: 100%; } .embed-container iframe, .embed-container object, .embed-container embed { position: absolute; top: 0; left: 0; width: 100%; height: 100%; }<\/style>\n<div class=\"embed-container\"><iframe src=\"https:\/\/www.youtube.com\/embed\/tmAHXDyGDB8\" frameborder=\"0\" allowfullscreen=\"allowfullscreen\"><\/iframe><\/div>\n<p>&nbsp;<\/p>\n<p>La\u00a0<strong><a href=\"http:\/\/www.reconoce.mx\/?s=%2365Muestra\" target=\"_blank\" rel=\"noopener\">#65Muestra<\/a> Internacional de Cine<\/strong> se proyecta hasta el pr\u00f3ximo 3 de diciembre en <strong>Cineteca Nacional<\/strong>. Del 23 de noviembre al 15 de diciembre se exhibir\u00e1 en casi una veintena de sedes de Ciudad de M\u00e9xico y \u00c1rea Metropolitana (cinco sedes de la UNAM, dos del IPN, tres complejos Cin\u00e9polis, cinco complejos Cinemex, el IFAL, el Centro Cultural Carranza, Cineman\u00eda Loreto y La Casa del Cine). La selecci\u00f3n recorrer\u00e1 durante diciembre y enero el interior de la rep\u00fablica. Para m\u00e1s informaci\u00f3n consulta el <a href=\"https:\/\/www.cinetecanacional.net\/micrositios\/muestra65\/\" target=\"_blank\" rel=\"noopener\">micrositio<\/a>.<\/p>\n<p style=\"text-align: right;\">Con im\u00e1genes cortes\u00eda de <strong>Cineteca Nacional<\/strong>.<\/p>\n<p>&nbsp;<\/p>\n<p>&nbsp;<\/p>\n","protected":false},"excerpt":{"rendered":"<p>El pr\u00f3ximo lunes 3 de diciembre terminar\u00e1 la proyecci\u00f3n de la #65Muestra Internacional de Cine en Cineteca Nacional.<\/p>\n","protected":false},"author":2,"featured_media":78565,"comment_status":"open","ping_status":"open","sticky":false,"template":"","format":"standard","meta":{"footnotes":""},"categories":[24,1,17],"tags":[],"class_list":["post-78562","post","type-post","status-publish","format-standard","has-post-thumbnail","hentry","category-cine","category-cultura","category-principal"],"yoast_head":"<!-- This site is optimized with the Yoast SEO plugin v24.7 - https:\/\/yoast.com\/wordpress\/plugins\/seo\/ -->\n<title>#65Muestra: &quot;Hannah&quot; &#171; Reconoce MX<\/title>\n<meta name=\"robots\" content=\"index, follow, max-snippet:-1, max-image-preview:large, max-video-preview:-1\" \/>\n<link rel=\"canonical\" href=\"https:\/\/www.reconoce.mx\/?p=78562\" \/>\n<meta property=\"og:locale\" content=\"es_ES\" \/>\n<meta property=\"og:type\" content=\"article\" \/>\n<meta property=\"og:title\" content=\"#65Muestra: &quot;Hannah&quot; &#171; Reconoce MX\" \/>\n<meta property=\"og:description\" content=\"El pr\u00f3ximo lunes 3 de diciembre terminar\u00e1 la proyecci\u00f3n de la #65Muestra Internacional de Cine en Cineteca Nacional.\" \/>\n<meta property=\"og:url\" content=\"https:\/\/www.reconoce.mx\/?p=78562\" \/>\n<meta property=\"og:site_name\" content=\"Reconoce MX\" \/>\n<meta property=\"article:publisher\" content=\"https:\/\/es-la.facebook.com\/ReconoceMX\/\" \/>\n<meta property=\"article:published_time\" content=\"2018-11-29T06:06:32+00:00\" \/>\n<meta property=\"article:modified_time\" content=\"2018-11-30T04:22:53+00:00\" \/>\n<meta property=\"og:image\" content=\"https:\/\/www.reconoce.mx\/wp-content\/uploads\/2018\/11\/hannah-1.jpg\" \/>\n\t<meta property=\"og:image:width\" content=\"590\" \/>\n\t<meta property=\"og:image:height\" content=\"380\" \/>\n\t<meta property=\"og:image:type\" content=\"image\/jpeg\" \/>\n<meta name=\"author\" content=\"Reconoce MX\" \/>\n<meta name=\"twitter:card\" content=\"summary_large_image\" \/>\n<meta name=\"twitter:creator\" content=\"@reconocemx\" \/>\n<meta name=\"twitter:site\" content=\"@reconocemx\" \/>\n<meta name=\"twitter:label1\" content=\"Escrito por\" \/>\n\t<meta name=\"twitter:data1\" content=\"Reconoce MX\" \/>\n\t<meta name=\"twitter:label2\" content=\"Tiempo de lectura\" \/>\n\t<meta name=\"twitter:data2\" content=\"4 minutos\" \/>\n<script type=\"application\/ld+json\" class=\"yoast-schema-graph\">{\"@context\":\"https:\/\/schema.org\",\"@graph\":[{\"@type\":\"Article\",\"@id\":\"https:\/\/www.reconoce.mx\/?p=78562#article\",\"isPartOf\":{\"@id\":\"https:\/\/www.reconoce.mx\/?p=78562\"},\"author\":{\"name\":\"Reconoce MX\",\"@id\":\"http:\/\/www.reconoce.mx\/#\/schema\/person\/2117e997d7051dc15d6880eaf9bca0b2\"},\"headline\":\"#65Muestra: \u00abHannah\u00bb\",\"datePublished\":\"2018-11-29T06:06:32+00:00\",\"dateModified\":\"2018-11-30T04:22:53+00:00\",\"mainEntityOfPage\":{\"@id\":\"https:\/\/www.reconoce.mx\/?p=78562\"},\"wordCount\":713,\"commentCount\":0,\"publisher\":{\"@id\":\"http:\/\/www.reconoce.mx\/#organization\"},\"image\":{\"@id\":\"https:\/\/www.reconoce.mx\/?p=78562#primaryimage\"},\"thumbnailUrl\":\"http:\/\/www.reconoce.mx\/wp-content\/uploads\/2018\/11\/hannah-1.jpg\",\"articleSection\":[\"Cine\",\"Cultura\",\"Principal\"],\"inLanguage\":\"es\",\"potentialAction\":[{\"@type\":\"CommentAction\",\"name\":\"Comment\",\"target\":[\"https:\/\/www.reconoce.mx\/?p=78562#respond\"]}]},{\"@type\":\"WebPage\",\"@id\":\"https:\/\/www.reconoce.mx\/?p=78562\",\"url\":\"https:\/\/www.reconoce.mx\/?p=78562\",\"name\":\"#65Muestra: \\\"Hannah\\\" &#171; Reconoce MX\",\"isPartOf\":{\"@id\":\"http:\/\/www.reconoce.mx\/#website\"},\"primaryImageOfPage\":{\"@id\":\"https:\/\/www.reconoce.mx\/?p=78562#primaryimage\"},\"image\":{\"@id\":\"https:\/\/www.reconoce.mx\/?p=78562#primaryimage\"},\"thumbnailUrl\":\"http:\/\/www.reconoce.mx\/wp-content\/uploads\/2018\/11\/hannah-1.jpg\",\"datePublished\":\"2018-11-29T06:06:32+00:00\",\"dateModified\":\"2018-11-30T04:22:53+00:00\",\"breadcrumb\":{\"@id\":\"https:\/\/www.reconoce.mx\/?p=78562#breadcrumb\"},\"inLanguage\":\"es\",\"potentialAction\":[{\"@type\":\"ReadAction\",\"target\":[\"https:\/\/www.reconoce.mx\/?p=78562\"]}]},{\"@type\":\"ImageObject\",\"inLanguage\":\"es\",\"@id\":\"https:\/\/www.reconoce.mx\/?p=78562#primaryimage\",\"url\":\"http:\/\/www.reconoce.mx\/wp-content\/uploads\/2018\/11\/hannah-1.jpg\",\"contentUrl\":\"http:\/\/www.reconoce.mx\/wp-content\/uploads\/2018\/11\/hannah-1.jpg\",\"width\":590,\"height\":380},{\"@type\":\"BreadcrumbList\",\"@id\":\"https:\/\/www.reconoce.mx\/?p=78562#breadcrumb\",\"itemListElement\":[{\"@type\":\"ListItem\",\"position\":1,\"name\":\"Portada\",\"item\":\"http:\/\/www.reconoce.mx\/\"},{\"@type\":\"ListItem\",\"position\":2,\"name\":\"#65Muestra: \u00abHannah\u00bb\"}]},{\"@type\":\"WebSite\",\"@id\":\"http:\/\/www.reconoce.mx\/#website\",\"url\":\"http:\/\/www.reconoce.mx\/\",\"name\":\"Reconoce MX\",\"description\":\"En Reconoce MX difundimos arte, cultura y conciencia social en M\u00e9xico. Tu ciudad en otra perspectiva.\",\"publisher\":{\"@id\":\"http:\/\/www.reconoce.mx\/#organization\"},\"potentialAction\":[{\"@type\":\"SearchAction\",\"target\":{\"@type\":\"EntryPoint\",\"urlTemplate\":\"http:\/\/www.reconoce.mx\/?s={search_term_string}\"},\"query-input\":{\"@type\":\"PropertyValueSpecification\",\"valueRequired\":true,\"valueName\":\"search_term_string\"}}],\"inLanguage\":\"es\"},{\"@type\":\"Organization\",\"@id\":\"http:\/\/www.reconoce.mx\/#organization\",\"name\":\"Reconoce MX\",\"url\":\"http:\/\/www.reconoce.mx\/\",\"logo\":{\"@type\":\"ImageObject\",\"inLanguage\":\"es\",\"@id\":\"http:\/\/www.reconoce.mx\/#\/schema\/logo\/image\/\",\"url\":\"https:\/\/www.reconoce.mx\/wp-content\/uploads\/2019\/03\/logorcmx-good-1.png\",\"contentUrl\":\"https:\/\/www.reconoce.mx\/wp-content\/uploads\/2019\/03\/logorcmx-good-1.png\",\"width\":280,\"height\":90,\"caption\":\"Reconoce MX\"},\"image\":{\"@id\":\"http:\/\/www.reconoce.mx\/#\/schema\/logo\/image\/\"},\"sameAs\":[\"https:\/\/es-la.facebook.com\/ReconoceMX\/\",\"https:\/\/x.com\/reconocemx\",\"http:\/\/@reconocemx\"]},{\"@type\":\"Person\",\"@id\":\"http:\/\/www.reconoce.mx\/#\/schema\/person\/2117e997d7051dc15d6880eaf9bca0b2\",\"name\":\"Reconoce MX\",\"image\":{\"@type\":\"ImageObject\",\"inLanguage\":\"es\",\"@id\":\"http:\/\/www.reconoce.mx\/#\/schema\/person\/image\/\",\"url\":\"https:\/\/secure.gravatar.com\/avatar\/6c8d4dc7569ca1c90c5fdcc349f839d5ddef6fe1e70b4337ead2ef1a4c43fc3a?s=96&d=identicon&r=g\",\"contentUrl\":\"https:\/\/secure.gravatar.com\/avatar\/6c8d4dc7569ca1c90c5fdcc349f839d5ddef6fe1e70b4337ead2ef1a4c43fc3a?s=96&d=identicon&r=g\",\"caption\":\"Reconoce MX\"},\"description\":\"Reconoce MX es un proyecto de difusi\u00f3n art\u00edstica, cultural y de conciencia social que est\u00e1 enfocado a difundir y fomentar el entretenimiento alternativo de calidad para todo el p\u00fablico que comparta el mismo entusiasmo.\",\"sameAs\":[\"http:\/\/www.reconoce.mx\"],\"url\":\"http:\/\/www.reconoce.mx\/?author=2\"}]}<\/script>\n<!-- \/ Yoast SEO plugin. -->","yoast_head_json":{"title":"#65Muestra: \"Hannah\" &#171; Reconoce MX","robots":{"index":"index","follow":"follow","max-snippet":"max-snippet:-1","max-image-preview":"max-image-preview:large","max-video-preview":"max-video-preview:-1"},"canonical":"https:\/\/www.reconoce.mx\/?p=78562","og_locale":"es_ES","og_type":"article","og_title":"#65Muestra: \"Hannah\" &#171; Reconoce MX","og_description":"El pr\u00f3ximo lunes 3 de diciembre terminar\u00e1 la proyecci\u00f3n de la #65Muestra Internacional de Cine en Cineteca Nacional.","og_url":"https:\/\/www.reconoce.mx\/?p=78562","og_site_name":"Reconoce MX","article_publisher":"https:\/\/es-la.facebook.com\/ReconoceMX\/","article_published_time":"2018-11-29T06:06:32+00:00","article_modified_time":"2018-11-30T04:22:53+00:00","og_image":[{"width":590,"height":380,"url":"https:\/\/www.reconoce.mx\/wp-content\/uploads\/2018\/11\/hannah-1.jpg","type":"image\/jpeg"}],"author":"Reconoce MX","twitter_card":"summary_large_image","twitter_creator":"@reconocemx","twitter_site":"@reconocemx","twitter_misc":{"Escrito por":"Reconoce MX","Tiempo de lectura":"4 minutos"},"schema":{"@context":"https:\/\/schema.org","@graph":[{"@type":"Article","@id":"https:\/\/www.reconoce.mx\/?p=78562#article","isPartOf":{"@id":"https:\/\/www.reconoce.mx\/?p=78562"},"author":{"name":"Reconoce MX","@id":"http:\/\/www.reconoce.mx\/#\/schema\/person\/2117e997d7051dc15d6880eaf9bca0b2"},"headline":"#65Muestra: \u00abHannah\u00bb","datePublished":"2018-11-29T06:06:32+00:00","dateModified":"2018-11-30T04:22:53+00:00","mainEntityOfPage":{"@id":"https:\/\/www.reconoce.mx\/?p=78562"},"wordCount":713,"commentCount":0,"publisher":{"@id":"http:\/\/www.reconoce.mx\/#organization"},"image":{"@id":"https:\/\/www.reconoce.mx\/?p=78562#primaryimage"},"thumbnailUrl":"http:\/\/www.reconoce.mx\/wp-content\/uploads\/2018\/11\/hannah-1.jpg","articleSection":["Cine","Cultura","Principal"],"inLanguage":"es","potentialAction":[{"@type":"CommentAction","name":"Comment","target":["https:\/\/www.reconoce.mx\/?p=78562#respond"]}]},{"@type":"WebPage","@id":"https:\/\/www.reconoce.mx\/?p=78562","url":"https:\/\/www.reconoce.mx\/?p=78562","name":"#65Muestra: \"Hannah\" &#171; Reconoce MX","isPartOf":{"@id":"http:\/\/www.reconoce.mx\/#website"},"primaryImageOfPage":{"@id":"https:\/\/www.reconoce.mx\/?p=78562#primaryimage"},"image":{"@id":"https:\/\/www.reconoce.mx\/?p=78562#primaryimage"},"thumbnailUrl":"http:\/\/www.reconoce.mx\/wp-content\/uploads\/2018\/11\/hannah-1.jpg","datePublished":"2018-11-29T06:06:32+00:00","dateModified":"2018-11-30T04:22:53+00:00","breadcrumb":{"@id":"https:\/\/www.reconoce.mx\/?p=78562#breadcrumb"},"inLanguage":"es","potentialAction":[{"@type":"ReadAction","target":["https:\/\/www.reconoce.mx\/?p=78562"]}]},{"@type":"ImageObject","inLanguage":"es","@id":"https:\/\/www.reconoce.mx\/?p=78562#primaryimage","url":"http:\/\/www.reconoce.mx\/wp-content\/uploads\/2018\/11\/hannah-1.jpg","contentUrl":"http:\/\/www.reconoce.mx\/wp-content\/uploads\/2018\/11\/hannah-1.jpg","width":590,"height":380},{"@type":"BreadcrumbList","@id":"https:\/\/www.reconoce.mx\/?p=78562#breadcrumb","itemListElement":[{"@type":"ListItem","position":1,"name":"Portada","item":"http:\/\/www.reconoce.mx\/"},{"@type":"ListItem","position":2,"name":"#65Muestra: \u00abHannah\u00bb"}]},{"@type":"WebSite","@id":"http:\/\/www.reconoce.mx\/#website","url":"http:\/\/www.reconoce.mx\/","name":"Reconoce MX","description":"En Reconoce MX difundimos arte, cultura y conciencia social en M\u00e9xico. Tu ciudad en otra perspectiva.","publisher":{"@id":"http:\/\/www.reconoce.mx\/#organization"},"potentialAction":[{"@type":"SearchAction","target":{"@type":"EntryPoint","urlTemplate":"http:\/\/www.reconoce.mx\/?s={search_term_string}"},"query-input":{"@type":"PropertyValueSpecification","valueRequired":true,"valueName":"search_term_string"}}],"inLanguage":"es"},{"@type":"Organization","@id":"http:\/\/www.reconoce.mx\/#organization","name":"Reconoce MX","url":"http:\/\/www.reconoce.mx\/","logo":{"@type":"ImageObject","inLanguage":"es","@id":"http:\/\/www.reconoce.mx\/#\/schema\/logo\/image\/","url":"https:\/\/www.reconoce.mx\/wp-content\/uploads\/2019\/03\/logorcmx-good-1.png","contentUrl":"https:\/\/www.reconoce.mx\/wp-content\/uploads\/2019\/03\/logorcmx-good-1.png","width":280,"height":90,"caption":"Reconoce MX"},"image":{"@id":"http:\/\/www.reconoce.mx\/#\/schema\/logo\/image\/"},"sameAs":["https:\/\/es-la.facebook.com\/ReconoceMX\/","https:\/\/x.com\/reconocemx","http:\/\/@reconocemx"]},{"@type":"Person","@id":"http:\/\/www.reconoce.mx\/#\/schema\/person\/2117e997d7051dc15d6880eaf9bca0b2","name":"Reconoce MX","image":{"@type":"ImageObject","inLanguage":"es","@id":"http:\/\/www.reconoce.mx\/#\/schema\/person\/image\/","url":"https:\/\/secure.gravatar.com\/avatar\/6c8d4dc7569ca1c90c5fdcc349f839d5ddef6fe1e70b4337ead2ef1a4c43fc3a?s=96&d=identicon&r=g","contentUrl":"https:\/\/secure.gravatar.com\/avatar\/6c8d4dc7569ca1c90c5fdcc349f839d5ddef6fe1e70b4337ead2ef1a4c43fc3a?s=96&d=identicon&r=g","caption":"Reconoce MX"},"description":"Reconoce MX es un proyecto de difusi\u00f3n art\u00edstica, cultural y de conciencia social que est\u00e1 enfocado a difundir y fomentar el entretenimiento alternativo de calidad para todo el p\u00fablico que comparta el mismo entusiasmo.","sameAs":["http:\/\/www.reconoce.mx"],"url":"http:\/\/www.reconoce.mx\/?author=2"}]}},"_links":{"self":[{"href":"http:\/\/www.reconoce.mx\/index.php?rest_route=\/wp\/v2\/posts\/78562","targetHints":{"allow":["GET"]}}],"collection":[{"href":"http:\/\/www.reconoce.mx\/index.php?rest_route=\/wp\/v2\/posts"}],"about":[{"href":"http:\/\/www.reconoce.mx\/index.php?rest_route=\/wp\/v2\/types\/post"}],"author":[{"embeddable":true,"href":"http:\/\/www.reconoce.mx\/index.php?rest_route=\/wp\/v2\/users\/2"}],"replies":[{"embeddable":true,"href":"http:\/\/www.reconoce.mx\/index.php?rest_route=%2Fwp%2Fv2%2Fcomments&post=78562"}],"version-history":[{"count":5,"href":"http:\/\/www.reconoce.mx\/index.php?rest_route=\/wp\/v2\/posts\/78562\/revisions"}],"predecessor-version":[{"id":78572,"href":"http:\/\/www.reconoce.mx\/index.php?rest_route=\/wp\/v2\/posts\/78562\/revisions\/78572"}],"wp:featuredmedia":[{"embeddable":true,"href":"http:\/\/www.reconoce.mx\/index.php?rest_route=\/wp\/v2\/media\/78565"}],"wp:attachment":[{"href":"http:\/\/www.reconoce.mx\/index.php?rest_route=%2Fwp%2Fv2%2Fmedia&parent=78562"}],"wp:term":[{"taxonomy":"category","embeddable":true,"href":"http:\/\/www.reconoce.mx\/index.php?rest_route=%2Fwp%2Fv2%2Fcategories&post=78562"},{"taxonomy":"post_tag","embeddable":true,"href":"http:\/\/www.reconoce.mx\/index.php?rest_route=%2Fwp%2Fv2%2Ftags&post=78562"}],"curies":[{"name":"wp","href":"https:\/\/api.w.org\/{rel}","templated":true}]}}