{"id":78584,"date":"2018-12-03T00:06:59","date_gmt":"2018-12-03T06:06:59","guid":{"rendered":"http:\/\/www.reconoce.mx\/?p=78584"},"modified":"2018-12-02T22:47:16","modified_gmt":"2018-12-03T04:47:16","slug":"una-sentida-despedida-a-stephen-hillenburg-creador-de-bob-esponja","status":"publish","type":"post","link":"http:\/\/www.reconoce.mx\/?p=78584","title":{"rendered":"Una sentida despedida a Stephen Hillenburg, creador de \u00abBob Esponja\u00bb"},"content":{"rendered":"<p><a href=\"http:\/\/www.reconoce.mx\/category\/columnistas\/la-ballesta-de-mascatabaco\/\"><img loading=\"lazy\" decoding=\"async\" class=\"aligncenter size-full wp-image-42011\" src=\"http:\/\/www.reconoce.mx\/wp-content\/uploads\/2015\/05\/la-ballesta.png\" sizes=\"auto, (max-width: 570px) 100vw, 570px\" srcset=\"http:\/\/www.reconoce.mx\/wp-content\/uploads\/2015\/05\/la-ballesta.png 570w, http:\/\/www.reconoce.mx\/wp-content\/uploads\/2015\/05\/la-ballesta-300x37.png 300w, http:\/\/www.reconoce.mx\/wp-content\/uploads\/2015\/05\/la-ballesta-150x18.png 150w\" alt=\"la-ballesta\" width=\"570\" height=\"70\" \/><\/a><strong><br \/>\nPor <a title=\"@AsfaltosTweets\" href=\"http:\/\/twitter.com\/AsfaltosTweets\" target=\"_blank\" rel=\"noopener noreferrer\">Asfaltos<\/a><\/strong>.<\/p>\n<p>La semana pasada, el lunes 26 de noviembre, me enteraba de una noticia que si\u00e9ndoles franco me doli\u00f3 mucho. El animador y productor estadounidense <strong>Stephen Hillenburg<\/strong> mor\u00eda a los 57 a\u00f1os de edad v\u00edctima de la esclerosis lateral amiotr\u00f3fica (ELA). \u00bfPero qui\u00e9n era <strong>Stephen Hillenburg<\/strong>? El creador del \u00e9xito animado \u00abBob Esponja\u00bb, nada mas y nada menos.<\/p>\n<p><a href=\"http:\/\/www.reconoce.mx\/wp-content\/uploads\/2018\/12\/original.gif\"><img loading=\"lazy\" decoding=\"async\" class=\"aligncenter size-full wp-image-78587\" src=\"http:\/\/www.reconoce.mx\/wp-content\/uploads\/2018\/12\/original.gif\" alt=\"\" width=\"1275\" height=\"916\" \/><\/a><\/p>\n<p>Lo tengo como un recuerdo vago, pero la primera vez que vi \u00abBob Esponja\u00bb me qued\u00e9 fascinado. Hab\u00eda escuchado del personaje gracias a mi amigo Alex quien a finales de los 90, inicios de los \u00abdosmiles\u00bb, viv\u00eda en los Estados Unidos de Am\u00e9rica. \u00abLa caricatura de una esponja amarilla\u00bb, me dec\u00eda por tel\u00e9fono cuando me comunicaba con \u00e9l y le preguntaba qu\u00e9 era lo que ve\u00eda en la televisi\u00f3n. Vaya, eran los a\u00f1os antes de las redes sociales, donde si quer\u00edas hablar con alguien en otro pa\u00eds hab\u00eda que agarrar el tel\u00e9fono.<\/p>\n<p>Mi hermano Sergio, el \u00fanico que tengo, se me quedaba viendo raro cuando me ve\u00eda observando \u00abBob Esponja\u00bb. La misma cara puso cuando por primera vez hab\u00eda visto el video de \u00abTomorrow Comes Today\u00bb de Gorillaz, justo cuando se pasaba en MTV. \u00ab\u00bfQu\u00e9 ves?\u00bb, me preguntaba Sergio; y francamente no sab\u00eda c\u00f3mo responderle. Mi fascinaci\u00f3n por <strong>Bob Esponja<\/strong> a mis 14, 15 a\u00f1os de edad, fue extra\u00f1a pero inmediata. Me sacaba un mont\u00f3n de risas ese personaje cuadrado y el universo que le acompa\u00f1aba.<\/p>\n<p><a href=\"http:\/\/www.reconoce.mx\/wp-content\/uploads\/2018\/12\/bob-esponja-crustaceo.jpg\"><img loading=\"lazy\" decoding=\"async\" class=\"aligncenter size-full wp-image-78589\" src=\"http:\/\/www.reconoce.mx\/wp-content\/uploads\/2018\/12\/bob-esponja-crustaceo.jpg\" alt=\"\" width=\"590\" height=\"418\" srcset=\"http:\/\/www.reconoce.mx\/wp-content\/uploads\/2018\/12\/bob-esponja-crustaceo.jpg 590w, http:\/\/www.reconoce.mx\/wp-content\/uploads\/2018\/12\/bob-esponja-crustaceo-300x213.jpg 300w, http:\/\/www.reconoce.mx\/wp-content\/uploads\/2018\/12\/bob-esponja-crustaceo-150x106.jpg 150w\" sizes=\"auto, (max-width: 590px) 100vw, 590px\" \/><\/a><\/p>\n<p>En mi infancia hab\u00eda sido un entusiasta seguidor de la ya en ese entonces extinta \u00abRen y Stimpy\u00bb. Ahora que lo pienso ten\u00eda mucha libertad para ver la televisi\u00f3n en aquellos a\u00f1os, porque no s\u00e9 qu\u00e9 hubieran pensado mis pap\u00e1s de que viera junto a mi hermano esa caricatura. Alg\u00fan d\u00eda escribir\u00e9 de \u00abRen y Stimpy\u00bb, pero de entrada \u00abBob Esponja\u00bb me recordaba mucho a aquella serie. Qui\u00e9n sabe, pod\u00eda ser su humor -aunque el de Bob no era tan vulgar como el de \u00abRen y Stimpy\u00bb-, e inclusive su m\u00fasica&#8230;<\/p>\n<p>El mismo 26 de noviembre pasado mor\u00eda tambi\u00e9n <strong>Bernardo Bertolucci<\/strong>, el reconocido realizador de \u00ab\u00dalitmo tango en Par\u00eds\u00bb (1976) y \u00abEl \u00faltimo emperador\u00bb (1987), entre otras pel\u00edculas; sin embargo, entre sarc\u00e1stico y sincero, le confes\u00e9 a un amigo: \u00abme duele m\u00e1s la partida de Hillenburg que la de Bertolucci\u00bb. Porque al final Hillenburg me lleg\u00f3 en un momento importante en mi vida, cuando de puberto pasaba a adolescente y al poco tiempo a adulto joven. Porque simple, y sencillamente, \u00abBob Esponja\u00bb de <strong>Stephen Hillenburg<\/strong> me sac\u00f3 demasiadas carcajadas&#8230; demasiadas.<\/p>\n<style>.embed-container { position: relative; padding-bottom: 56.25%; height: 0; overflow: hidden; max-width: 100%; } .embed-container iframe, .embed-container object, .embed-container embed { position: absolute; top: 0; left: 0; width: 100%; height: 100%; }<\/style>\n<div class=\"embed-container\"><iframe src=\"https:\/\/www.youtube.com\/embed\/jYkmy5yaLWU\" frameborder=\"0\" allowfullscreen=\"allowfullscreen\"><\/iframe><\/div>\n<p>&nbsp;<\/p>\n<p>\u00c9ramos mi hermano y yo. \u00c9l ten\u00eda 17 a\u00f1os y yo ten\u00eda 18. Los dos, en una sala de cine, entramos a ver \u00abBob Esponja: La pel\u00edcula\u00bb (2004). Les juro que jam\u00e1s nos hab\u00edamos re\u00eddo tanto los dos juntos en una sala de cine. Desde luego que se combin\u00f3 el que fu\u00e9ramos juntos, pero tambi\u00e9n el humor siempre simple y sencillo de <strong>Bob Esponja<\/strong>. La comedia de Bob siempre me result\u00f3 irreverente sin caer nunca en lo negro ni en lo vulgar. S\u00ed, en muchos momentos y ahora que lo vuelvo a revisar, la serie inclu\u00eda un humor con doble sentido que sin embargo no ofend\u00eda a los m\u00e1s chicos, el p\u00fablico objetivo de la serie.<\/p>\n<p>Los personajes, llenos de caracter\u00edsticas que nos hac\u00edan re\u00edr pero que nos hac\u00edan tambi\u00e9n repelerlos un poco, estaban incre\u00edblemente bien dise\u00f1ados.<strong> Bob Esponja<\/strong> adorable pero ingenuo,<strong> Patricio Estrella<\/strong> el mejor y el peor amigo a la vez, <strong>Calamardo<\/strong> el vecino amargado pero gracioso, <strong>Don Cangrejo<\/strong> y su obsesi\u00f3n enfermiza por el dinero y desde luego <strong>Arenita<\/strong> valiente pero tambi\u00e9n bastante violenta&#8230;<\/p>\n<p><iframe loading=\"lazy\" src=\"https:\/\/w.soundcloud.com\/player\/?url=https%3A\/\/api.soundcloud.com\/tracks\/134178868&amp;color=%23ff5500&amp;auto_play=false&amp;hide_related=false&amp;show_comments=true&amp;show_user=true&amp;show_reposts=false&amp;show_teaser=true&amp;visual=true\" width=\"100%\" height=\"300\" frameborder=\"no\" scrolling=\"no\"><\/iframe><\/p>\n<p>A destacar tambi\u00e9n la banda sonora de la serie, sin duda una de mis favoritas. Ya en un futuro prometo hablar de m\u00fasica de caricaturas, pero sin duda la de \u00abBob Esponja\u00bb entra entre mis favoritas. Si bien muchas canciones de la serie eran realizadas para \u00e9sta, tambi\u00e9n se inclu\u00edan melod\u00edas tradicionales que remit\u00edan al mar, as\u00ed como s\u00ed, m\u00fasica que se hab\u00eda usado tambi\u00e9n en \u00abRen y Stimpy\u00bb -s\u00ed, estaban m\u00e1s emparentadas de lo que supon\u00edamos-. \u00bfCreer\u00edan que los mism\u00edsimos <strong>Pantera<\/strong> incluyeron un tema exclusivo para musicalizar un episodio -uno de los m\u00e1s divertidos, por cierto-? En la primera pel\u00edcula de Bob -la que vale la pena-, fueron incluidos tambi\u00e9n m\u00fasicos como<strong> The Flaming Lips<\/strong>, <strong>Wilco<\/strong>, <strong>The Shins<\/strong> y hasta <strong>Mot\u00f6rhead<\/strong>.<\/p>\n<p>Bas\u00e1ndose en los dibujos que \u00e9l mismo realiz\u00f3 en su paso por el<strong> Instituto Oc\u00e9anico<\/strong>, <strong>Stephen Hillenburg<\/strong> cre\u00f3 el cap\u00edtulo piloto de \u00abBob Esponja\u00bb, para finalmente estrenarlo el primer episodio el 1 de mayo de 1999 en <strong>Nickelodeon<\/strong>. 20 a\u00f1os despu\u00e9s de su creaci\u00f3n, qui\u00e9n nos dir\u00eda que nos estar\u00edamos despidiendo de un hombre que a muchos nis hizo re\u00edrnos: no, mas bien, \u00a1cagarnos de la risa!<\/p>\n<style>.embed-container { position: relative; padding-bottom: 56.25%; height: 0; overflow: hidden; max-width: 100%; } .embed-container iframe, .embed-container object, .embed-container embed { position: absolute; top: 0; left: 0; width: 100%; height: 100%; }<\/style>\n<div class=\"embed-container\"><iframe src=\"https:\/\/www.youtube.com\/embed\/ic0upR0Pvhg\" frameborder=\"0\" allowfullscreen=\"allowfullscreen\"><\/iframe><\/div>\n<p>&nbsp;<\/p>\n<p>Cierto es que \u00abBob Esponja\u00bb ya no volvi\u00f3 a ser lo mismo a\u00f1os despu\u00e9s de su estreno. Cierto es que la segunda pel\u00edcula fue mucho menos afortunada que la primera. Pero tambi\u00e9n cierto es que \u00abBob Esponja\u00bb termin\u00f3 por definir un canal como <strong>Nickelodeon<\/strong> (con todo y sus asegunes), y que se convirti\u00f3 por m\u00e9ritos propios en una de las caricaturas animadas m\u00e1s importantes de la televisi\u00f3n estadounidense.<\/p>\n<p>Por eso, por todo lo anterior: \u00a1Hasta siempre <strong>Stephen Hillenburg<\/strong>, gracias por tantas risas! Gracias por todo.<\/p>\n<blockquote><p><a href=\"http:\/\/www.reconoce.mx\/wp-content\/uploads\/2016\/03\/968932_515227815190918_654397283_n-e1459260491114.jpg\" rel=\"lightbox[62561]\"><img loading=\"lazy\" decoding=\"async\" class=\"alignleft size-thumbnail wp-image-39872\" src=\"http:\/\/www.reconoce.mx\/wp-content\/uploads\/2016\/03\/968932_515227815190918_654397283_n-e1459260491114.jpg\" alt=\"IMG_5743\" width=\"150\" height=\"150\" \/><\/a><strong>Asfaltos<\/strong>. Sobrevivo en una ciudad junto a millones de personas. \u00bfMexique\u00f1o? Me enamoro r\u00e1pido y olvido dif\u00edcilmente. Amo la m\u00fasica, el cine, los c\u00f3mics, las mujeres y -\u00faltimamente gracias a los servicios de <em>streaming<\/em>\u2013 las series tambi\u00e9n. Vivo la vida a trav\u00e9s de letras y melod\u00edas. M\u00fasico frustrado. Me pueden encontrar escuchando U2, Radiohead y Coldplay; as\u00ed como Grand Funk Railroad, Styx y Eric Burdon; Chetes, Jumbo y Siddhartha; y hasta Jesse &amp; Joy, Silverio y Aleks Syntek. Batman y Star Wars mis pasiones; tambi\u00e9n el Cruz Azul, pero ya saben\u2026 subcampeon\u00edsimo. Sobreviviente y n\u00e1ufrago; ermita\u00f1o que odia la soledad.<\/p><\/blockquote>\n<p>&nbsp;<\/p>\n<p>&nbsp;<\/p>\n","protected":false},"excerpt":{"rendered":"<p>La semana pasada, el lunes 26 de noviembre, me enteraba de una noticia que si\u00e9ndoles franco me doli\u00f3 mucho. El animador y productor estadounidense Stephen Hillenburg mor\u00eda a los 57 a\u00f1os de edad v\u00edctima de la esclerosis lateral amiotr\u00f3fica (ELA). \u00bfPero qui\u00e9n era Stephen Hillenburg? El creador del \u00e9xito animado \u201cBob Esponja\u201d, nada mas y nada menos.<\/p>\n","protected":false},"author":2,"featured_media":78586,"comment_status":"open","ping_status":"open","sticky":false,"template":"","format":"standard","meta":{"footnotes":""},"categories":[16,2602,17],"tags":[],"class_list":["post-78584","post","type-post","status-publish","format-standard","has-post-thumbnail","hentry","category-columnistas","category-la-ballesta-de-mascatabaco","category-principal"],"yoast_head":"<!-- This site is optimized with the Yoast SEO plugin v24.7 - https:\/\/yoast.com\/wordpress\/plugins\/seo\/ -->\n<title>Una sentida despedida a Stephen Hillenburg, creador de &quot;Bob Esponja&quot; &#171; Reconoce MX<\/title>\n<meta name=\"robots\" content=\"index, follow, max-snippet:-1, max-image-preview:large, max-video-preview:-1\" \/>\n<link rel=\"canonical\" href=\"https:\/\/www.reconoce.mx\/?p=78584\" \/>\n<meta property=\"og:locale\" content=\"es_ES\" \/>\n<meta property=\"og:type\" content=\"article\" \/>\n<meta property=\"og:title\" content=\"Una sentida despedida a Stephen Hillenburg, creador de &quot;Bob Esponja&quot; &#171; Reconoce MX\" \/>\n<meta property=\"og:description\" content=\"La semana pasada, el lunes 26 de noviembre, me enteraba de una noticia que si\u00e9ndoles franco me doli\u00f3 mucho. El animador y productor estadounidense Stephen Hillenburg mor\u00eda a los 57 a\u00f1os de edad v\u00edctima de la esclerosis lateral amiotr\u00f3fica (ELA). \u00bfPero qui\u00e9n era Stephen Hillenburg? El creador del \u00e9xito animado \u201cBob Esponja\u201d, nada mas y nada menos.\" \/>\n<meta property=\"og:url\" content=\"https:\/\/www.reconoce.mx\/?p=78584\" \/>\n<meta property=\"og:site_name\" content=\"Reconoce MX\" \/>\n<meta property=\"article:publisher\" content=\"https:\/\/es-la.facebook.com\/ReconoceMX\/\" \/>\n<meta property=\"article:published_time\" content=\"2018-12-03T06:06:59+00:00\" \/>\n<meta property=\"og:image\" content=\"https:\/\/www.reconoce.mx\/wp-content\/uploads\/2018\/12\/bob-esponja-cover.jpg\" \/>\n\t<meta property=\"og:image:width\" content=\"590\" \/>\n\t<meta property=\"og:image:height\" content=\"380\" \/>\n\t<meta property=\"og:image:type\" content=\"image\/jpeg\" \/>\n<meta name=\"author\" content=\"Reconoce MX\" \/>\n<meta name=\"twitter:card\" content=\"summary_large_image\" \/>\n<meta name=\"twitter:creator\" content=\"@reconocemx\" \/>\n<meta name=\"twitter:site\" content=\"@reconocemx\" \/>\n<meta name=\"twitter:label1\" content=\"Escrito por\" \/>\n\t<meta name=\"twitter:data1\" content=\"Reconoce MX\" \/>\n\t<meta name=\"twitter:label2\" content=\"Tiempo de lectura\" \/>\n\t<meta name=\"twitter:data2\" content=\"5 minutos\" \/>\n<script type=\"application\/ld+json\" class=\"yoast-schema-graph\">{\"@context\":\"https:\/\/schema.org\",\"@graph\":[{\"@type\":\"Article\",\"@id\":\"https:\/\/www.reconoce.mx\/?p=78584#article\",\"isPartOf\":{\"@id\":\"https:\/\/www.reconoce.mx\/?p=78584\"},\"author\":{\"name\":\"Reconoce MX\",\"@id\":\"http:\/\/www.reconoce.mx\/#\/schema\/person\/2117e997d7051dc15d6880eaf9bca0b2\"},\"headline\":\"Una sentida despedida a Stephen Hillenburg, creador de \u00abBob Esponja\u00bb\",\"datePublished\":\"2018-12-03T06:06:59+00:00\",\"mainEntityOfPage\":{\"@id\":\"https:\/\/www.reconoce.mx\/?p=78584\"},\"wordCount\":1081,\"commentCount\":0,\"publisher\":{\"@id\":\"http:\/\/www.reconoce.mx\/#organization\"},\"image\":{\"@id\":\"https:\/\/www.reconoce.mx\/?p=78584#primaryimage\"},\"thumbnailUrl\":\"http:\/\/www.reconoce.mx\/wp-content\/uploads\/2018\/12\/bob-esponja-cover.jpg\",\"articleSection\":[\"Columnistas\",\"La ballesta de Mascatabaco\",\"Principal\"],\"inLanguage\":\"es\",\"potentialAction\":[{\"@type\":\"CommentAction\",\"name\":\"Comment\",\"target\":[\"https:\/\/www.reconoce.mx\/?p=78584#respond\"]}]},{\"@type\":\"WebPage\",\"@id\":\"https:\/\/www.reconoce.mx\/?p=78584\",\"url\":\"https:\/\/www.reconoce.mx\/?p=78584\",\"name\":\"Una sentida despedida a Stephen Hillenburg, creador de \\\"Bob Esponja\\\" &#171; Reconoce MX\",\"isPartOf\":{\"@id\":\"http:\/\/www.reconoce.mx\/#website\"},\"primaryImageOfPage\":{\"@id\":\"https:\/\/www.reconoce.mx\/?p=78584#primaryimage\"},\"image\":{\"@id\":\"https:\/\/www.reconoce.mx\/?p=78584#primaryimage\"},\"thumbnailUrl\":\"http:\/\/www.reconoce.mx\/wp-content\/uploads\/2018\/12\/bob-esponja-cover.jpg\",\"datePublished\":\"2018-12-03T06:06:59+00:00\",\"breadcrumb\":{\"@id\":\"https:\/\/www.reconoce.mx\/?p=78584#breadcrumb\"},\"inLanguage\":\"es\",\"potentialAction\":[{\"@type\":\"ReadAction\",\"target\":[\"https:\/\/www.reconoce.mx\/?p=78584\"]}]},{\"@type\":\"ImageObject\",\"inLanguage\":\"es\",\"@id\":\"https:\/\/www.reconoce.mx\/?p=78584#primaryimage\",\"url\":\"http:\/\/www.reconoce.mx\/wp-content\/uploads\/2018\/12\/bob-esponja-cover.jpg\",\"contentUrl\":\"http:\/\/www.reconoce.mx\/wp-content\/uploads\/2018\/12\/bob-esponja-cover.jpg\",\"width\":590,\"height\":380},{\"@type\":\"BreadcrumbList\",\"@id\":\"https:\/\/www.reconoce.mx\/?p=78584#breadcrumb\",\"itemListElement\":[{\"@type\":\"ListItem\",\"position\":1,\"name\":\"Portada\",\"item\":\"http:\/\/www.reconoce.mx\/\"},{\"@type\":\"ListItem\",\"position\":2,\"name\":\"Una sentida despedida a Stephen Hillenburg, creador de \u00abBob Esponja\u00bb\"}]},{\"@type\":\"WebSite\",\"@id\":\"http:\/\/www.reconoce.mx\/#website\",\"url\":\"http:\/\/www.reconoce.mx\/\",\"name\":\"Reconoce MX\",\"description\":\"En Reconoce MX difundimos arte, cultura y conciencia social en M\u00e9xico. Tu ciudad en otra perspectiva.\",\"publisher\":{\"@id\":\"http:\/\/www.reconoce.mx\/#organization\"},\"potentialAction\":[{\"@type\":\"SearchAction\",\"target\":{\"@type\":\"EntryPoint\",\"urlTemplate\":\"http:\/\/www.reconoce.mx\/?s={search_term_string}\"},\"query-input\":{\"@type\":\"PropertyValueSpecification\",\"valueRequired\":true,\"valueName\":\"search_term_string\"}}],\"inLanguage\":\"es\"},{\"@type\":\"Organization\",\"@id\":\"http:\/\/www.reconoce.mx\/#organization\",\"name\":\"Reconoce MX\",\"url\":\"http:\/\/www.reconoce.mx\/\",\"logo\":{\"@type\":\"ImageObject\",\"inLanguage\":\"es\",\"@id\":\"http:\/\/www.reconoce.mx\/#\/schema\/logo\/image\/\",\"url\":\"https:\/\/www.reconoce.mx\/wp-content\/uploads\/2019\/03\/logorcmx-good-1.png\",\"contentUrl\":\"https:\/\/www.reconoce.mx\/wp-content\/uploads\/2019\/03\/logorcmx-good-1.png\",\"width\":280,\"height\":90,\"caption\":\"Reconoce MX\"},\"image\":{\"@id\":\"http:\/\/www.reconoce.mx\/#\/schema\/logo\/image\/\"},\"sameAs\":[\"https:\/\/es-la.facebook.com\/ReconoceMX\/\",\"https:\/\/x.com\/reconocemx\",\"http:\/\/@reconocemx\"]},{\"@type\":\"Person\",\"@id\":\"http:\/\/www.reconoce.mx\/#\/schema\/person\/2117e997d7051dc15d6880eaf9bca0b2\",\"name\":\"Reconoce MX\",\"image\":{\"@type\":\"ImageObject\",\"inLanguage\":\"es\",\"@id\":\"http:\/\/www.reconoce.mx\/#\/schema\/person\/image\/\",\"url\":\"https:\/\/secure.gravatar.com\/avatar\/6c8d4dc7569ca1c90c5fdcc349f839d5ddef6fe1e70b4337ead2ef1a4c43fc3a?s=96&d=identicon&r=g\",\"contentUrl\":\"https:\/\/secure.gravatar.com\/avatar\/6c8d4dc7569ca1c90c5fdcc349f839d5ddef6fe1e70b4337ead2ef1a4c43fc3a?s=96&d=identicon&r=g\",\"caption\":\"Reconoce MX\"},\"description\":\"Reconoce MX es un proyecto de difusi\u00f3n art\u00edstica, cultural y de conciencia social que est\u00e1 enfocado a difundir y fomentar el entretenimiento alternativo de calidad para todo el p\u00fablico que comparta el mismo entusiasmo.\",\"sameAs\":[\"http:\/\/www.reconoce.mx\"],\"url\":\"http:\/\/www.reconoce.mx\/?author=2\"}]}<\/script>\n<!-- \/ Yoast SEO plugin. -->","yoast_head_json":{"title":"Una sentida despedida a Stephen Hillenburg, creador de \"Bob Esponja\" &#171; Reconoce MX","robots":{"index":"index","follow":"follow","max-snippet":"max-snippet:-1","max-image-preview":"max-image-preview:large","max-video-preview":"max-video-preview:-1"},"canonical":"https:\/\/www.reconoce.mx\/?p=78584","og_locale":"es_ES","og_type":"article","og_title":"Una sentida despedida a Stephen Hillenburg, creador de \"Bob Esponja\" &#171; Reconoce MX","og_description":"La semana pasada, el lunes 26 de noviembre, me enteraba de una noticia que si\u00e9ndoles franco me doli\u00f3 mucho. El animador y productor estadounidense Stephen Hillenburg mor\u00eda a los 57 a\u00f1os de edad v\u00edctima de la esclerosis lateral amiotr\u00f3fica (ELA). \u00bfPero qui\u00e9n era Stephen Hillenburg? El creador del \u00e9xito animado \u201cBob Esponja\u201d, nada mas y nada menos.","og_url":"https:\/\/www.reconoce.mx\/?p=78584","og_site_name":"Reconoce MX","article_publisher":"https:\/\/es-la.facebook.com\/ReconoceMX\/","article_published_time":"2018-12-03T06:06:59+00:00","og_image":[{"width":590,"height":380,"url":"https:\/\/www.reconoce.mx\/wp-content\/uploads\/2018\/12\/bob-esponja-cover.jpg","type":"image\/jpeg"}],"author":"Reconoce MX","twitter_card":"summary_large_image","twitter_creator":"@reconocemx","twitter_site":"@reconocemx","twitter_misc":{"Escrito por":"Reconoce MX","Tiempo de lectura":"5 minutos"},"schema":{"@context":"https:\/\/schema.org","@graph":[{"@type":"Article","@id":"https:\/\/www.reconoce.mx\/?p=78584#article","isPartOf":{"@id":"https:\/\/www.reconoce.mx\/?p=78584"},"author":{"name":"Reconoce MX","@id":"http:\/\/www.reconoce.mx\/#\/schema\/person\/2117e997d7051dc15d6880eaf9bca0b2"},"headline":"Una sentida despedida a Stephen Hillenburg, creador de \u00abBob Esponja\u00bb","datePublished":"2018-12-03T06:06:59+00:00","mainEntityOfPage":{"@id":"https:\/\/www.reconoce.mx\/?p=78584"},"wordCount":1081,"commentCount":0,"publisher":{"@id":"http:\/\/www.reconoce.mx\/#organization"},"image":{"@id":"https:\/\/www.reconoce.mx\/?p=78584#primaryimage"},"thumbnailUrl":"http:\/\/www.reconoce.mx\/wp-content\/uploads\/2018\/12\/bob-esponja-cover.jpg","articleSection":["Columnistas","La ballesta de Mascatabaco","Principal"],"inLanguage":"es","potentialAction":[{"@type":"CommentAction","name":"Comment","target":["https:\/\/www.reconoce.mx\/?p=78584#respond"]}]},{"@type":"WebPage","@id":"https:\/\/www.reconoce.mx\/?p=78584","url":"https:\/\/www.reconoce.mx\/?p=78584","name":"Una sentida despedida a Stephen Hillenburg, creador de \"Bob Esponja\" &#171; Reconoce MX","isPartOf":{"@id":"http:\/\/www.reconoce.mx\/#website"},"primaryImageOfPage":{"@id":"https:\/\/www.reconoce.mx\/?p=78584#primaryimage"},"image":{"@id":"https:\/\/www.reconoce.mx\/?p=78584#primaryimage"},"thumbnailUrl":"http:\/\/www.reconoce.mx\/wp-content\/uploads\/2018\/12\/bob-esponja-cover.jpg","datePublished":"2018-12-03T06:06:59+00:00","breadcrumb":{"@id":"https:\/\/www.reconoce.mx\/?p=78584#breadcrumb"},"inLanguage":"es","potentialAction":[{"@type":"ReadAction","target":["https:\/\/www.reconoce.mx\/?p=78584"]}]},{"@type":"ImageObject","inLanguage":"es","@id":"https:\/\/www.reconoce.mx\/?p=78584#primaryimage","url":"http:\/\/www.reconoce.mx\/wp-content\/uploads\/2018\/12\/bob-esponja-cover.jpg","contentUrl":"http:\/\/www.reconoce.mx\/wp-content\/uploads\/2018\/12\/bob-esponja-cover.jpg","width":590,"height":380},{"@type":"BreadcrumbList","@id":"https:\/\/www.reconoce.mx\/?p=78584#breadcrumb","itemListElement":[{"@type":"ListItem","position":1,"name":"Portada","item":"http:\/\/www.reconoce.mx\/"},{"@type":"ListItem","position":2,"name":"Una sentida despedida a Stephen Hillenburg, creador de \u00abBob Esponja\u00bb"}]},{"@type":"WebSite","@id":"http:\/\/www.reconoce.mx\/#website","url":"http:\/\/www.reconoce.mx\/","name":"Reconoce MX","description":"En Reconoce MX difundimos arte, cultura y conciencia social en M\u00e9xico. Tu ciudad en otra perspectiva.","publisher":{"@id":"http:\/\/www.reconoce.mx\/#organization"},"potentialAction":[{"@type":"SearchAction","target":{"@type":"EntryPoint","urlTemplate":"http:\/\/www.reconoce.mx\/?s={search_term_string}"},"query-input":{"@type":"PropertyValueSpecification","valueRequired":true,"valueName":"search_term_string"}}],"inLanguage":"es"},{"@type":"Organization","@id":"http:\/\/www.reconoce.mx\/#organization","name":"Reconoce MX","url":"http:\/\/www.reconoce.mx\/","logo":{"@type":"ImageObject","inLanguage":"es","@id":"http:\/\/www.reconoce.mx\/#\/schema\/logo\/image\/","url":"https:\/\/www.reconoce.mx\/wp-content\/uploads\/2019\/03\/logorcmx-good-1.png","contentUrl":"https:\/\/www.reconoce.mx\/wp-content\/uploads\/2019\/03\/logorcmx-good-1.png","width":280,"height":90,"caption":"Reconoce MX"},"image":{"@id":"http:\/\/www.reconoce.mx\/#\/schema\/logo\/image\/"},"sameAs":["https:\/\/es-la.facebook.com\/ReconoceMX\/","https:\/\/x.com\/reconocemx","http:\/\/@reconocemx"]},{"@type":"Person","@id":"http:\/\/www.reconoce.mx\/#\/schema\/person\/2117e997d7051dc15d6880eaf9bca0b2","name":"Reconoce MX","image":{"@type":"ImageObject","inLanguage":"es","@id":"http:\/\/www.reconoce.mx\/#\/schema\/person\/image\/","url":"https:\/\/secure.gravatar.com\/avatar\/6c8d4dc7569ca1c90c5fdcc349f839d5ddef6fe1e70b4337ead2ef1a4c43fc3a?s=96&d=identicon&r=g","contentUrl":"https:\/\/secure.gravatar.com\/avatar\/6c8d4dc7569ca1c90c5fdcc349f839d5ddef6fe1e70b4337ead2ef1a4c43fc3a?s=96&d=identicon&r=g","caption":"Reconoce MX"},"description":"Reconoce MX es un proyecto de difusi\u00f3n art\u00edstica, cultural y de conciencia social que est\u00e1 enfocado a difundir y fomentar el entretenimiento alternativo de calidad para todo el p\u00fablico que comparta el mismo entusiasmo.","sameAs":["http:\/\/www.reconoce.mx"],"url":"http:\/\/www.reconoce.mx\/?author=2"}]}},"_links":{"self":[{"href":"http:\/\/www.reconoce.mx\/index.php?rest_route=\/wp\/v2\/posts\/78584","targetHints":{"allow":["GET"]}}],"collection":[{"href":"http:\/\/www.reconoce.mx\/index.php?rest_route=\/wp\/v2\/posts"}],"about":[{"href":"http:\/\/www.reconoce.mx\/index.php?rest_route=\/wp\/v2\/types\/post"}],"author":[{"embeddable":true,"href":"http:\/\/www.reconoce.mx\/index.php?rest_route=\/wp\/v2\/users\/2"}],"replies":[{"embeddable":true,"href":"http:\/\/www.reconoce.mx\/index.php?rest_route=%2Fwp%2Fv2%2Fcomments&post=78584"}],"version-history":[{"count":5,"href":"http:\/\/www.reconoce.mx\/index.php?rest_route=\/wp\/v2\/posts\/78584\/revisions"}],"predecessor-version":[{"id":78593,"href":"http:\/\/www.reconoce.mx\/index.php?rest_route=\/wp\/v2\/posts\/78584\/revisions\/78593"}],"wp:featuredmedia":[{"embeddable":true,"href":"http:\/\/www.reconoce.mx\/index.php?rest_route=\/wp\/v2\/media\/78586"}],"wp:attachment":[{"href":"http:\/\/www.reconoce.mx\/index.php?rest_route=%2Fwp%2Fv2%2Fmedia&parent=78584"}],"wp:term":[{"taxonomy":"category","embeddable":true,"href":"http:\/\/www.reconoce.mx\/index.php?rest_route=%2Fwp%2Fv2%2Fcategories&post=78584"},{"taxonomy":"post_tag","embeddable":true,"href":"http:\/\/www.reconoce.mx\/index.php?rest_route=%2Fwp%2Fv2%2Ftags&post=78584"}],"curies":[{"name":"wp","href":"https:\/\/api.w.org\/{rel}","templated":true}]}}