{"id":78598,"date":"2018-12-03T00:02:21","date_gmt":"2018-12-03T06:02:21","guid":{"rendered":"http:\/\/www.reconoce.mx\/?p=78598"},"modified":"2018-12-02T22:47:35","modified_gmt":"2018-12-03T04:47:35","slug":"5rolasparalasemana-del-03-al-09-de-diciembre-de-2018","status":"publish","type":"post","link":"http:\/\/www.reconoce.mx\/?p=78598","title":{"rendered":"#5RolasParaLaSemana del 03 al 09 de diciembre de 2018"},"content":{"rendered":"<p><strong>Por <a title=\"@AsfaltosTweets\" href=\"http:\/\/twitter.com\/AsfaltosTweets\" target=\"_blank\" rel=\"noopener noreferrer\">Asfaltos<\/a><\/strong>.<\/p>\n<p>Lunes, lunes de las <a href=\"http:\/\/www.reconoce.mx\/category\/cultura\/musica\/5rolasparalasemana\/\" target=\"_blank\" rel=\"noopener noreferrer\">#5RolasParaLaSemana<\/a>. Ya lo saben, las <a href=\"http:\/\/www.reconoce.mx\/category\/cultura\/musica\/5rolasparalasemana\/\" target=\"_blank\" rel=\"noopener noreferrer\">#5RolasParaLaSemana<\/a> son este breve y conciso <em>tracklist<\/em> en el que me permito compartir con ustedes las novedades musicales de la escena nacional que semanalmente se dan a conocer. S\u00ed, como ya lo he advertido tambi\u00e9n, se encontrar\u00e1n con alguna que otra canci\u00f3n de fuera de nuestras fronteras; eso s\u00ed, de todas las rolas elegidas les aseguro que se encontrar\u00e1n con alguna que se insertar\u00e1 en su imaginario sonoro. Sin m\u00e1s, \u00a1qu\u00e9 vengan las <a href=\"http:\/\/www.reconoce.mx\/category\/cultura\/musica\/5rolasparalasemana\/\" target=\"_blank\" rel=\"noopener noreferrer\">#5RolasParaLaSemana<\/a> de la primera semana de diciembre de 2018!<\/p>\n<p><iframe title=\"Spotify Embed: #5RolasParaLaSemana del 03 al 09 de diciembre de 2018\" style=\"border-radius: 12px\" width=\"100%\" height=\"352\" frameborder=\"0\" allowfullscreen allow=\"autoplay; clipboard-write; encrypted-media; fullscreen; picture-in-picture\" loading=\"lazy\" src=\"https:\/\/open.spotify.com\/embed\/playlist\/4wjGQBlgueHLX8p0kwInW3?utm_source=oembed\"><\/iframe><\/p>\n<h2><strong>\u00abCaricaturas\u00bb, de Dolphant<\/strong><\/h2>\n<p>Qu\u00e9 nervios empezar el \u00faltimo mes de 2018. El a\u00f1o, como siempre, se ha ido rapid\u00edsimo. Y como se acercan ya las posadas, los brindis, \u00a1el cl\u00e1sico marat\u00f3n Guadalupe-Reyes!, \u00bfqu\u00e9 mejor que m\u00fasica nueva para sus reuniones? Para empezar viajamos a Guadalajara, Jalisco, ciudad que no nos sorprende sea el origen de uno de los proyectos recientes m\u00e1s interesantes que se pueden escuchar en la actual escena musical nacional. La historia de <strong>Dolphant<\/strong> nos lleva hasta 2014, a\u00f1o en el lanzaron su primer EP titulado \u00abHuman Starlings\u00bb; ya desde ah\u00ed la agrupaci\u00f3n marc\u00f3 un interesante sonido que hab\u00eda que seguir. Con \u00abCaricaturas\u00bb, primer adelanto de lo nuevo que nos preparan los <strong>Dolphant<\/strong>, los tapat\u00edos regresan con un tema en espa\u00f1ol como lo hicieron ya en su anterior \u00abErebos\u00bb. Parte de una trilog\u00eda que complementar\u00e1 \u00ab\u00c6ther\u202c\u00bb (2015) y \u00abErebos\u00bb (2018), \u00abArque\u00bb es el nombre del material que contendr\u00e1 \u00abCaricaturas\u00bb, tema delicioso da continuidad al sonido que ya le conoc\u00edamos a la banda. Con un sonido emotivo, s\u00f3lido, con una carga de m\u00edstica importante, \u00abCaricaturas\u00bb se nos presenta como un tema ideal para empezar este listado semanal. \u00bfConoc\u00edan ya la m\u00fasica de <strong>Dolphant<\/strong>? \u00bfLes lati\u00f3?<\/p>\n<h2><strong>\u00abJap\u00f3n no es una isla\u00bb, de Islas feat. Coc\u00f3 Cec\u00e9<\/strong><\/h2>\n<p>Desde M\u00e9rida, Yucat\u00e1n, llega el segundo tema de este listado cortes\u00eda de <strong>Islas<\/strong>. El proyecto liderado por Ricardo Castillo regresa despu\u00e9s de que <a href=\"http:\/\/www.reconoce.mx\/biodinamica-de-islas\/\" target=\"_blank\" rel=\"noopener\">le presentamos como parte de nuestro Lunes musical con \u00abBiodin\u00e1mica\u00bb<\/a>. Con ese sonido <em>dream pop<\/em> que le hab\u00edamos escuchado ya, con esa sensaci\u00f3n a viaje, a escape, <strong>Islas<\/strong> nos regalan un tema delicioso en el que los arreglos y la l\u00edrica brillan por m\u00e9ritos propios. \u00abJap\u00f3n no es una isla\u00bb es el nombre de una canci\u00f3n suave, dulce, un aut\u00e9ntico apapacho al coraz\u00f3n que uno disfruta en cuanto le escucha. Acompa\u00f1ando a <strong>Islas<\/strong> est\u00e1 la juarense<strong> Coc\u00f3 Cec\u00e9<\/strong> &#8211;<a href=\"http:\/\/www.reconoce.mx\/coco-cece-presentara-su-nuevo-album-en-el-lunario\/\" target=\"_blank\" rel=\"noopener\">quien por cierto les recuerdo se presentar\u00e1 este viernes 7 de diciembre en el<strong> Lunario del Auditorio Nacional<\/strong><\/a>-. Gran elecci\u00f3n la de acompa\u00f1ar las voces de Ricardo Islas y <strong>Coc\u00f3 Cec\u00e9<\/strong>, pues ambas, en ese vaiv\u00e9n musical que resulta la reflexi\u00f3n musical materializada en \u00abJap\u00f3n no es una isla\u00bb, terminan por entrelazarse de manera muy emocionante en una canci\u00f3n que termina son\u00e1ndonos a verdadera poes\u00eda musical. La canci\u00f3n fue producida por <strong>Islas<\/strong> en coproducci\u00f3n con <strong>Erick V\u00e1zquez<\/strong>.<\/p>\n<h2><strong>\u00abDiana\u00bb, de Carmen Ruiz<br \/>\n<\/strong><\/h2>\n<p>Independientemente de que quede o no en alguno de nuestros recuentos musicales de fin de a\u00f1o -les juro que no lo s\u00e9 a\u00fan, pues todav\u00eda no los hemos armado-, no hay duda de que <strong>Carmen Ruiz<\/strong> ha sido una de las grandes sorpresas en la redacci\u00f3n de <span style=\"color: #a81f25;\"><strong>Reconoce MX<\/strong><\/span>. No es raro que una voz femenina vuelva a destacar como lo mejor en la m\u00fasica en la actualidad en nuestro pa\u00eds, pero s\u00ed sorprende la cuidada voz de una Carmen Ruiz que no deja de alegrarnos. Su primer sencillo \u00ab<a href=\"http:\/\/www.reconoce.mx\/5rolasparalasemana-del-6-al-12-de-agosto\/\" target=\"_blank\" rel=\"noopener\">Arrullo<\/a>\u00bb y su segundo sencillo \u00ab<a href=\"http:\/\/www.reconoce.mx\/5rolasparalasemana-del-08-al-14-de-octubre-de-2018\/\" target=\"_blank\" rel=\"noopener\">Las simples cosas<\/a>\u00ab, fueron ya parte de sus respectivas <a href=\"http:\/\/www.reconoce.mx\/category\/cultura\/musica\/5rolasparalasemana\/\" target=\"_blank\" rel=\"noopener\">#5RolasParaLaSemana<\/a>; y bien, el tercer sencillo titulado \u00abDiana\u00bb vuelve a colocar a <strong>Carmen Ruiz<\/strong> a nuestro listado. \u00bfCasualidad? \u00bfLe est\u00e1 entrando ella con una lana? No, todo es producto de su ya mencionada calidad. \u00abDiana\u00bb, adem\u00e1s de ser un tema musicalmente muy bien realizado, a\u00f1ade un tema emotivo adicional. \u00abDiana\u00bb est\u00e1 dedicada a <strong>Diana Margarita Canales C\u00e1rdenas<\/strong>, t\u00eda de la propia Carmen, y quien fue jueza de lo civil en Nuevo Laredo, Tamaulipas. Diana, como muchos m\u00e1s en este pa\u00eds, fue desaparecida&#8230; Gran, gran canci\u00f3n cuya m\u00fasica fue compuesta por la propia <strong>Carmen Ruiz<\/strong>, y cuya letra fue tomada de la pieza teatral tambi\u00e9n llamada \u00abDiana\u00bb. Canci\u00f3n de p\u00e9rdida, de duelo, de denuncia&#8230; \u00abDiana\u00bb formar\u00e1 parte de \u00abBlanquinegro\u00bb, \u00e1lbum que ser\u00e1 lanzado en febrero de 2019. \u00bfA poco no quieren escucharlo ya? \u00a1Yo tambi\u00e9n!<\/p>\n<h2><strong>\u00abMudanza\u00bb, de Ruzzi feat. Natalia Lafourcade<\/strong><\/h2>\n<p><strong>Ruzzi<\/strong> cierra 2018 con mucho ruido, y se agradece. Su m\u00e1s reciente \u00abNave espacial\u00bb, que es su \u00e1lbum debut, sigue dando de qu\u00e9 hablar tras su estreno. Uno de los muchos elementos que m\u00e1s llamaban la atenci\u00f3n despu\u00e9s de su estreno, eran sin duda las variadas colaboraciones que <strong>Ruzzi<\/strong> hab\u00eda conseguido para su primer LP. Y es que nada m\u00e1s vayan calando: Gepe, Javiera Mena y Alex Anwandter de Chile; Vanessa Zamora, Meme del Real y Natalia Lafourcade de M\u00e9xico. \u00a1Tremendos nombres, \u00bfno lo creen?! Pues bien, como tema de nuestro primer listado de diciembre de 2018, elegimos \u00abMudanza\u00bb, el tema que <strong>Ruzzi<\/strong> interpreta al lado de <strong>Natalia Lafourcade<\/strong>. La canci\u00f3n, como todo el \u00e1lbum, genera una sensaci\u00f3n de alegr\u00eda, felicidad y paz. Con una musicalizaci\u00f3n sencilla, con la voz de <strong>Ruzzi<\/strong> luciendo desde el inicio, \u00abMudanza\u00bb nos lleva de la mano para ir mezclando los sonidos hasta llegar a la inconfundible voz de Natalia. El tema es sin duda un viaje, uno en el que vamos de la mano de ambas m\u00fasicas dej\u00e1ndonos enamorar por su arte. \u00abMudanza\u00bb habla de crecer, de moverse, de un nuevo inicio&#8230; No, les juro que no es el tema de la llamada 4ta Transformaci\u00f3n de la vida p\u00fablica (<em>if you know what I mean!<\/em>), pero ahora que se acerca el inicio de un nuevo ciclo como lo es un a\u00f1o nuevo, \u00bfpor qu\u00e9 no animarnos a mudarnos tambi\u00e9n? Al final, si se quiere un cambio aut\u00e9ntico, han de haber en efecto: cambios&#8230; y s\u00ed, nosotros somos parte de eso.<\/p>\n<h2><strong>\u00abHimno eterno\u00bb, de Porter<\/strong><\/h2>\n<p>El mi\u00e9rcoles pasado mi querida Alicia \u00c1vila, coeditora de M\u00fasica en <strong><span style=\"color: #a81f25;\">Reconoce MX<\/span><\/strong>, me invit\u00f3 a ver a <strong>Porter<\/strong> en el <strong>Teatro Metrop\u00f3litan<\/strong>. <strong>Porter<\/strong>, como me han le\u00eddo compartirlo en distintas oportunidades, son para m\u00ed una de las agrupaciones m\u00e1s propositivas en la actual escena musical nacional; su sonido, si bien no es el hilo negro de la m\u00fasica, s\u00ed resulta un refresco necesario y muy agradecido en un pa\u00eds donde parece que las bandas de rock alternativo solo pueden sonar a Zo\u00e9 o a Enjambre -y si me presionan, ambas suenan tambi\u00e9n iguales-. El pasado 28 de noviembre, en el siempre majestuoso <strong>Teatro Metrop\u00f3litan<\/strong>, <strong>Porter<\/strong> nos regalaron un concierto tremendo; y s\u00ed, uno de sus mejores momentos fue la interpretaci\u00f3n de \u00abHimno eterno\u00bb. Confieso que desconoc\u00eda que el nuevo material ya estrenado \u00abLas batallas del tiempo\u00bb era un EP; pensaba, yo inocente, que se tratar\u00eda de un nuevo \u00e1lbum. Sin embargo, ya con el nuevo EP en mis manos, puedo decir que \u00abLas batallas en el tiempo\u00bb es uno de los mejores materiales de los tapat\u00edos. \u00abHimno eterno\u00bb me toc\u00f3 escucharla apenas en el <strong>Metrop\u00f3litan<\/strong>, pues cuando se estren\u00f3 en l\u00ednea no hab\u00eda tenido la oportunidad de hacerlo ese mismo d\u00eda; la verdad es que prefer\u00eda escuchar lo nuevo en vivo. El tema es por todos lados perfecto. D\u00e1ndole continuidad a esa sensaci\u00f3n de majestuosidad, de solemnidad, de amor que hab\u00edan presentado ya en \u00ab<a href=\"http:\/\/www.reconoce.mx\/5rolasparalasemana-del-08-al-14-de-octubre-de-2018\/\" target=\"_blank\" rel=\"noopener\">Bandera<\/a>\u00ab, \u00ab<a href=\"http:\/\/www.reconoce.mx\/5rolasparalasemana-del-05-al-11-de-noviembre-de-2018\/\" target=\"_blank\" rel=\"noopener\">\u00bfQu\u00e9 es el amor?<\/a>\u00bb y \u00ab<a href=\"http:\/\/www.reconoce.mx\/5rolasparalasemana-del-19-al-25-de-noviembre\/\" target=\"_blank\" rel=\"noopener\">P\u00e1jaros<\/a>\u00bb -\u00e9sta \u00faltima mi favorita, sin duda-, <strong>Porter<\/strong> nos regalan con \u00abHimno eterno\u00bb eso, precisamente, un himno eterno. \u00abLas batallas del tiempo\u00bb es un viaje a la introspecci\u00f3n humana, a la vida, a la muerte. En la letra escuchamos una aceptaci\u00f3n de la p\u00e9rdida, una intenci\u00f3n de comprender la muerte; pero a la vez tambi\u00e9n una petici\u00f3n de no perderse en el olvido, un canto y una promesa de mantenerse siempre cerca. En la canci\u00f3n escuchamos las voces de ni\u00f1os jugando&#8230; \u00bfSer\u00e1 que \u00abLas batallas en el tiempo\u00bb nace de la p\u00e9rdida de un infante? \u00abP\u00e1jaros\u00bb as\u00ed tambi\u00e9n nos lo hace sospechar&#8230; Como sea, \u00abHimno eterno\u00bb es uno de los mejores temas de <strong>Porter<\/strong>, como los otros 3 que acompa\u00f1an a este muy contundente EP. <strong>Porter<\/strong> se han ganado 2018 para un servidor, \u00bfpara ustedes? La redacci\u00f3n de <span style=\"color: #a81f25;\"><strong>Reconoce MX<\/strong> <\/span>tiene opiniones divididas, atentos a nuestros recuentos musicalrs de fin de a\u00f1o.<\/p>\n<p>No olviden que todos los listados de <a href=\"http:\/\/www.reconoce.mx\/category\/cultura\/musica\/5rolasparalasemana\/\" target=\"_blank\" rel=\"noopener noreferrer\">#5RolasParaLaSemana<\/a>, podr\u00e1n revisarlos, a\u00f1adirlos y reproducirlos tambi\u00e9n en sus cuentas de <strong>Spotify<\/strong>. \u00bfQuieren un anuario de la m\u00fasica nacional de este a\u00f1o? <a href=\"https:\/\/open.spotify.com\/user\/reconocemx\" target=\"_blank\" rel=\"noopener\">Vayan revisando nuestro perfil en <strong>Spotify<\/strong><\/a>.<\/p>\n<p style=\"text-align: right;\">Foto: <strong>Ale Hern\u00e1ndez<\/strong>.<\/p>\n<p>&nbsp;<\/p>\n<p>&nbsp;<\/p>\n","protected":false},"excerpt":{"rendered":"<p>Lunes, lunes de las #5RolasParaLaSemana. Ya lo saben, las #5RolasParaLaSemana son este breve y conciso tracklist en el que me permito compartir con ustedes las novedades musicales de la escena nacional que semanalmente se dan a conocer.<\/p>\n","protected":false},"author":2,"featured_media":69202,"comment_status":"open","ping_status":"open","sticky":false,"template":"","format":"standard","meta":{"footnotes":""},"categories":[2652,1,18,17],"tags":[],"class_list":["post-78598","post","type-post","status-publish","format-standard","has-post-thumbnail","hentry","category-5rolasparalasemana","category-cultura","category-musica","category-principal"],"yoast_head":"<!-- This site is optimized with the Yoast SEO plugin v24.7 - https:\/\/yoast.com\/wordpress\/plugins\/seo\/ -->\n<title>#5RolasParaLaSemana del 03 al 09 de diciembre de 2018 &#171; Reconoce MX<\/title>\n<meta name=\"robots\" content=\"index, follow, max-snippet:-1, max-image-preview:large, max-video-preview:-1\" \/>\n<link rel=\"canonical\" href=\"http:\/\/www.reconoce.mx\/?p=78598\" \/>\n<meta property=\"og:locale\" content=\"es_ES\" \/>\n<meta property=\"og:type\" content=\"article\" \/>\n<meta property=\"og:title\" content=\"#5RolasParaLaSemana del 03 al 09 de diciembre de 2018 &#171; Reconoce MX\" \/>\n<meta property=\"og:description\" content=\"Lunes, lunes de las #5RolasParaLaSemana. Ya lo saben, las #5RolasParaLaSemana son este breve y conciso tracklist en el que me permito compartir con ustedes las novedades musicales de la escena nacional que semanalmente se dan a conocer.\" \/>\n<meta property=\"og:url\" content=\"http:\/\/www.reconoce.mx\/?p=78598\" \/>\n<meta property=\"og:site_name\" content=\"Reconoce MX\" \/>\n<meta property=\"article:publisher\" content=\"https:\/\/es-la.facebook.com\/ReconoceMX\/\" \/>\n<meta property=\"article:published_time\" content=\"2018-12-03T06:02:21+00:00\" \/>\n<meta property=\"og:image\" content=\"http:\/\/www.reconoce.mx\/wp-content\/uploads\/2017\/12\/5rolasparalasemana-2018.png\" \/>\n\t<meta property=\"og:image:width\" content=\"588\" \/>\n\t<meta property=\"og:image:height\" content=\"380\" \/>\n\t<meta property=\"og:image:type\" content=\"image\/png\" \/>\n<meta name=\"author\" content=\"Reconoce MX\" \/>\n<meta name=\"twitter:card\" content=\"summary_large_image\" \/>\n<meta name=\"twitter:creator\" content=\"@reconocemx\" \/>\n<meta name=\"twitter:site\" content=\"@reconocemx\" \/>\n<meta name=\"twitter:label1\" content=\"Escrito por\" \/>\n\t<meta name=\"twitter:data1\" content=\"Reconoce MX\" \/>\n\t<meta name=\"twitter:label2\" content=\"Tiempo de lectura\" \/>\n\t<meta name=\"twitter:data2\" content=\"8 minutos\" \/>\n<script type=\"application\/ld+json\" class=\"yoast-schema-graph\">{\"@context\":\"https:\/\/schema.org\",\"@graph\":[{\"@type\":\"Article\",\"@id\":\"http:\/\/www.reconoce.mx\/?p=78598#article\",\"isPartOf\":{\"@id\":\"http:\/\/www.reconoce.mx\/?p=78598\"},\"author\":{\"name\":\"Reconoce MX\",\"@id\":\"http:\/\/www.reconoce.mx\/#\/schema\/person\/2117e997d7051dc15d6880eaf9bca0b2\"},\"headline\":\"#5RolasParaLaSemana del 03 al 09 de diciembre de 2018\",\"datePublished\":\"2018-12-03T06:02:21+00:00\",\"mainEntityOfPage\":{\"@id\":\"http:\/\/www.reconoce.mx\/?p=78598\"},\"wordCount\":1549,\"commentCount\":0,\"publisher\":{\"@id\":\"http:\/\/www.reconoce.mx\/#organization\"},\"image\":{\"@id\":\"http:\/\/www.reconoce.mx\/?p=78598#primaryimage\"},\"thumbnailUrl\":\"http:\/\/www.reconoce.mx\/wp-content\/uploads\/2017\/12\/5rolasparalasemana-2018.png\",\"articleSection\":[\"#5RolasParaLaSemana\",\"Cultura\",\"M\u00fasica\",\"Principal\"],\"inLanguage\":\"es\",\"potentialAction\":[{\"@type\":\"CommentAction\",\"name\":\"Comment\",\"target\":[\"http:\/\/www.reconoce.mx\/?p=78598#respond\"]}]},{\"@type\":\"WebPage\",\"@id\":\"http:\/\/www.reconoce.mx\/?p=78598\",\"url\":\"http:\/\/www.reconoce.mx\/?p=78598\",\"name\":\"#5RolasParaLaSemana del 03 al 09 de diciembre de 2018 &#171; Reconoce MX\",\"isPartOf\":{\"@id\":\"http:\/\/www.reconoce.mx\/#website\"},\"primaryImageOfPage\":{\"@id\":\"http:\/\/www.reconoce.mx\/?p=78598#primaryimage\"},\"image\":{\"@id\":\"http:\/\/www.reconoce.mx\/?p=78598#primaryimage\"},\"thumbnailUrl\":\"http:\/\/www.reconoce.mx\/wp-content\/uploads\/2017\/12\/5rolasparalasemana-2018.png\",\"datePublished\":\"2018-12-03T06:02:21+00:00\",\"breadcrumb\":{\"@id\":\"http:\/\/www.reconoce.mx\/?p=78598#breadcrumb\"},\"inLanguage\":\"es\",\"potentialAction\":[{\"@type\":\"ReadAction\",\"target\":[\"http:\/\/www.reconoce.mx\/?p=78598\"]}]},{\"@type\":\"ImageObject\",\"inLanguage\":\"es\",\"@id\":\"http:\/\/www.reconoce.mx\/?p=78598#primaryimage\",\"url\":\"http:\/\/www.reconoce.mx\/wp-content\/uploads\/2017\/12\/5rolasparalasemana-2018.png\",\"contentUrl\":\"http:\/\/www.reconoce.mx\/wp-content\/uploads\/2017\/12\/5rolasparalasemana-2018.png\",\"width\":588,\"height\":380},{\"@type\":\"BreadcrumbList\",\"@id\":\"http:\/\/www.reconoce.mx\/?p=78598#breadcrumb\",\"itemListElement\":[{\"@type\":\"ListItem\",\"position\":1,\"name\":\"Portada\",\"item\":\"http:\/\/www.reconoce.mx\/\"},{\"@type\":\"ListItem\",\"position\":2,\"name\":\"#5RolasParaLaSemana del 03 al 09 de diciembre de 2018\"}]},{\"@type\":\"WebSite\",\"@id\":\"http:\/\/www.reconoce.mx\/#website\",\"url\":\"http:\/\/www.reconoce.mx\/\",\"name\":\"Reconoce MX\",\"description\":\"En Reconoce MX difundimos arte, cultura y conciencia social en M\u00e9xico. Tu ciudad en otra perspectiva.\",\"publisher\":{\"@id\":\"http:\/\/www.reconoce.mx\/#organization\"},\"potentialAction\":[{\"@type\":\"SearchAction\",\"target\":{\"@type\":\"EntryPoint\",\"urlTemplate\":\"http:\/\/www.reconoce.mx\/?s={search_term_string}\"},\"query-input\":{\"@type\":\"PropertyValueSpecification\",\"valueRequired\":true,\"valueName\":\"search_term_string\"}}],\"inLanguage\":\"es\"},{\"@type\":\"Organization\",\"@id\":\"http:\/\/www.reconoce.mx\/#organization\",\"name\":\"Reconoce MX\",\"url\":\"http:\/\/www.reconoce.mx\/\",\"logo\":{\"@type\":\"ImageObject\",\"inLanguage\":\"es\",\"@id\":\"http:\/\/www.reconoce.mx\/#\/schema\/logo\/image\/\",\"url\":\"https:\/\/www.reconoce.mx\/wp-content\/uploads\/2019\/03\/logorcmx-good-1.png\",\"contentUrl\":\"https:\/\/www.reconoce.mx\/wp-content\/uploads\/2019\/03\/logorcmx-good-1.png\",\"width\":280,\"height\":90,\"caption\":\"Reconoce MX\"},\"image\":{\"@id\":\"http:\/\/www.reconoce.mx\/#\/schema\/logo\/image\/\"},\"sameAs\":[\"https:\/\/es-la.facebook.com\/ReconoceMX\/\",\"https:\/\/x.com\/reconocemx\",\"http:\/\/@reconocemx\"]},{\"@type\":\"Person\",\"@id\":\"http:\/\/www.reconoce.mx\/#\/schema\/person\/2117e997d7051dc15d6880eaf9bca0b2\",\"name\":\"Reconoce MX\",\"image\":{\"@type\":\"ImageObject\",\"inLanguage\":\"es\",\"@id\":\"http:\/\/www.reconoce.mx\/#\/schema\/person\/image\/\",\"url\":\"https:\/\/secure.gravatar.com\/avatar\/6c8d4dc7569ca1c90c5fdcc349f839d5ddef6fe1e70b4337ead2ef1a4c43fc3a?s=96&d=identicon&r=g\",\"contentUrl\":\"https:\/\/secure.gravatar.com\/avatar\/6c8d4dc7569ca1c90c5fdcc349f839d5ddef6fe1e70b4337ead2ef1a4c43fc3a?s=96&d=identicon&r=g\",\"caption\":\"Reconoce MX\"},\"description\":\"Reconoce MX es un proyecto de difusi\u00f3n art\u00edstica, cultural y de conciencia social que est\u00e1 enfocado a difundir y fomentar el entretenimiento alternativo de calidad para todo el p\u00fablico que comparta el mismo entusiasmo.\",\"sameAs\":[\"http:\/\/www.reconoce.mx\"],\"url\":\"http:\/\/www.reconoce.mx\/?author=2\"}]}<\/script>\n<!-- \/ Yoast SEO plugin. -->","yoast_head_json":{"title":"#5RolasParaLaSemana del 03 al 09 de diciembre de 2018 &#171; Reconoce MX","robots":{"index":"index","follow":"follow","max-snippet":"max-snippet:-1","max-image-preview":"max-image-preview:large","max-video-preview":"max-video-preview:-1"},"canonical":"http:\/\/www.reconoce.mx\/?p=78598","og_locale":"es_ES","og_type":"article","og_title":"#5RolasParaLaSemana del 03 al 09 de diciembre de 2018 &#171; Reconoce MX","og_description":"Lunes, lunes de las #5RolasParaLaSemana. Ya lo saben, las #5RolasParaLaSemana son este breve y conciso tracklist en el que me permito compartir con ustedes las novedades musicales de la escena nacional que semanalmente se dan a conocer.","og_url":"http:\/\/www.reconoce.mx\/?p=78598","og_site_name":"Reconoce MX","article_publisher":"https:\/\/es-la.facebook.com\/ReconoceMX\/","article_published_time":"2018-12-03T06:02:21+00:00","og_image":[{"width":588,"height":380,"url":"http:\/\/www.reconoce.mx\/wp-content\/uploads\/2017\/12\/5rolasparalasemana-2018.png","type":"image\/png"}],"author":"Reconoce MX","twitter_card":"summary_large_image","twitter_creator":"@reconocemx","twitter_site":"@reconocemx","twitter_misc":{"Escrito por":"Reconoce MX","Tiempo de lectura":"8 minutos"},"schema":{"@context":"https:\/\/schema.org","@graph":[{"@type":"Article","@id":"http:\/\/www.reconoce.mx\/?p=78598#article","isPartOf":{"@id":"http:\/\/www.reconoce.mx\/?p=78598"},"author":{"name":"Reconoce MX","@id":"http:\/\/www.reconoce.mx\/#\/schema\/person\/2117e997d7051dc15d6880eaf9bca0b2"},"headline":"#5RolasParaLaSemana del 03 al 09 de diciembre de 2018","datePublished":"2018-12-03T06:02:21+00:00","mainEntityOfPage":{"@id":"http:\/\/www.reconoce.mx\/?p=78598"},"wordCount":1549,"commentCount":0,"publisher":{"@id":"http:\/\/www.reconoce.mx\/#organization"},"image":{"@id":"http:\/\/www.reconoce.mx\/?p=78598#primaryimage"},"thumbnailUrl":"http:\/\/www.reconoce.mx\/wp-content\/uploads\/2017\/12\/5rolasparalasemana-2018.png","articleSection":["#5RolasParaLaSemana","Cultura","M\u00fasica","Principal"],"inLanguage":"es","potentialAction":[{"@type":"CommentAction","name":"Comment","target":["http:\/\/www.reconoce.mx\/?p=78598#respond"]}]},{"@type":"WebPage","@id":"http:\/\/www.reconoce.mx\/?p=78598","url":"http:\/\/www.reconoce.mx\/?p=78598","name":"#5RolasParaLaSemana del 03 al 09 de diciembre de 2018 &#171; Reconoce MX","isPartOf":{"@id":"http:\/\/www.reconoce.mx\/#website"},"primaryImageOfPage":{"@id":"http:\/\/www.reconoce.mx\/?p=78598#primaryimage"},"image":{"@id":"http:\/\/www.reconoce.mx\/?p=78598#primaryimage"},"thumbnailUrl":"http:\/\/www.reconoce.mx\/wp-content\/uploads\/2017\/12\/5rolasparalasemana-2018.png","datePublished":"2018-12-03T06:02:21+00:00","breadcrumb":{"@id":"http:\/\/www.reconoce.mx\/?p=78598#breadcrumb"},"inLanguage":"es","potentialAction":[{"@type":"ReadAction","target":["http:\/\/www.reconoce.mx\/?p=78598"]}]},{"@type":"ImageObject","inLanguage":"es","@id":"http:\/\/www.reconoce.mx\/?p=78598#primaryimage","url":"http:\/\/www.reconoce.mx\/wp-content\/uploads\/2017\/12\/5rolasparalasemana-2018.png","contentUrl":"http:\/\/www.reconoce.mx\/wp-content\/uploads\/2017\/12\/5rolasparalasemana-2018.png","width":588,"height":380},{"@type":"BreadcrumbList","@id":"http:\/\/www.reconoce.mx\/?p=78598#breadcrumb","itemListElement":[{"@type":"ListItem","position":1,"name":"Portada","item":"http:\/\/www.reconoce.mx\/"},{"@type":"ListItem","position":2,"name":"#5RolasParaLaSemana del 03 al 09 de diciembre de 2018"}]},{"@type":"WebSite","@id":"http:\/\/www.reconoce.mx\/#website","url":"http:\/\/www.reconoce.mx\/","name":"Reconoce MX","description":"En Reconoce MX difundimos arte, cultura y conciencia social en M\u00e9xico. Tu ciudad en otra perspectiva.","publisher":{"@id":"http:\/\/www.reconoce.mx\/#organization"},"potentialAction":[{"@type":"SearchAction","target":{"@type":"EntryPoint","urlTemplate":"http:\/\/www.reconoce.mx\/?s={search_term_string}"},"query-input":{"@type":"PropertyValueSpecification","valueRequired":true,"valueName":"search_term_string"}}],"inLanguage":"es"},{"@type":"Organization","@id":"http:\/\/www.reconoce.mx\/#organization","name":"Reconoce MX","url":"http:\/\/www.reconoce.mx\/","logo":{"@type":"ImageObject","inLanguage":"es","@id":"http:\/\/www.reconoce.mx\/#\/schema\/logo\/image\/","url":"https:\/\/www.reconoce.mx\/wp-content\/uploads\/2019\/03\/logorcmx-good-1.png","contentUrl":"https:\/\/www.reconoce.mx\/wp-content\/uploads\/2019\/03\/logorcmx-good-1.png","width":280,"height":90,"caption":"Reconoce MX"},"image":{"@id":"http:\/\/www.reconoce.mx\/#\/schema\/logo\/image\/"},"sameAs":["https:\/\/es-la.facebook.com\/ReconoceMX\/","https:\/\/x.com\/reconocemx","http:\/\/@reconocemx"]},{"@type":"Person","@id":"http:\/\/www.reconoce.mx\/#\/schema\/person\/2117e997d7051dc15d6880eaf9bca0b2","name":"Reconoce MX","image":{"@type":"ImageObject","inLanguage":"es","@id":"http:\/\/www.reconoce.mx\/#\/schema\/person\/image\/","url":"https:\/\/secure.gravatar.com\/avatar\/6c8d4dc7569ca1c90c5fdcc349f839d5ddef6fe1e70b4337ead2ef1a4c43fc3a?s=96&d=identicon&r=g","contentUrl":"https:\/\/secure.gravatar.com\/avatar\/6c8d4dc7569ca1c90c5fdcc349f839d5ddef6fe1e70b4337ead2ef1a4c43fc3a?s=96&d=identicon&r=g","caption":"Reconoce MX"},"description":"Reconoce MX es un proyecto de difusi\u00f3n art\u00edstica, cultural y de conciencia social que est\u00e1 enfocado a difundir y fomentar el entretenimiento alternativo de calidad para todo el p\u00fablico que comparta el mismo entusiasmo.","sameAs":["http:\/\/www.reconoce.mx"],"url":"http:\/\/www.reconoce.mx\/?author=2"}]}},"_links":{"self":[{"href":"http:\/\/www.reconoce.mx\/index.php?rest_route=\/wp\/v2\/posts\/78598","targetHints":{"allow":["GET"]}}],"collection":[{"href":"http:\/\/www.reconoce.mx\/index.php?rest_route=\/wp\/v2\/posts"}],"about":[{"href":"http:\/\/www.reconoce.mx\/index.php?rest_route=\/wp\/v2\/types\/post"}],"author":[{"embeddable":true,"href":"http:\/\/www.reconoce.mx\/index.php?rest_route=\/wp\/v2\/users\/2"}],"replies":[{"embeddable":true,"href":"http:\/\/www.reconoce.mx\/index.php?rest_route=%2Fwp%2Fv2%2Fcomments&post=78598"}],"version-history":[{"count":7,"href":"http:\/\/www.reconoce.mx\/index.php?rest_route=\/wp\/v2\/posts\/78598\/revisions"}],"predecessor-version":[{"id":78606,"href":"http:\/\/www.reconoce.mx\/index.php?rest_route=\/wp\/v2\/posts\/78598\/revisions\/78606"}],"wp:featuredmedia":[{"embeddable":true,"href":"http:\/\/www.reconoce.mx\/index.php?rest_route=\/wp\/v2\/media\/69202"}],"wp:attachment":[{"href":"http:\/\/www.reconoce.mx\/index.php?rest_route=%2Fwp%2Fv2%2Fmedia&parent=78598"}],"wp:term":[{"taxonomy":"category","embeddable":true,"href":"http:\/\/www.reconoce.mx\/index.php?rest_route=%2Fwp%2Fv2%2Fcategories&post=78598"},{"taxonomy":"post_tag","embeddable":true,"href":"http:\/\/www.reconoce.mx\/index.php?rest_route=%2Fwp%2Fv2%2Ftags&post=78598"}],"curies":[{"name":"wp","href":"https:\/\/api.w.org\/{rel}","templated":true}]}}