{"id":78607,"date":"2018-12-03T00:01:31","date_gmt":"2018-12-03T06:01:31","guid":{"rendered":"http:\/\/www.reconoce.mx\/?p=78607"},"modified":"2018-12-19T10:09:04","modified_gmt":"2018-12-19T16:09:04","slug":"el-juicio-de-el-chapo-guzman-verdad-o-ficcion","status":"publish","type":"post","link":"http:\/\/www.reconoce.mx\/?p=78607","title":{"rendered":"El juicio de \u201cel Chapo\u201d Guzm\u00e1n, \u00bfverdad o ficci\u00f3n?"},"content":{"rendered":"<p><strong>Por <a title=\"@danielhiga_al\" href=\"https:\/\/twitter.com\/danielhiga_al\" target=\"_blank\" rel=\"noopener noreferrer\">Daniel Higa Alquicira<\/a><\/strong>.<\/p>\n<p>Todos supon\u00edamos que lo m\u00e1s valioso con lo que contaba<strong> \u201cel Chapo\u201d<\/strong>, adem\u00e1s del dinero y el poder que acumul\u00f3, era la informaci\u00f3n que posee; luego de crear una red de corrupci\u00f3n que involucr\u00f3 (o sigue involucrando) a funcionarios de todos los niveles, incluyendo a personajes de alto perfil de los pasados gobiernos federales de M\u00e9xico.<\/p>\n<p><a href=\"http:\/\/www.reconoce.mx\/wp-content\/uploads\/2018\/12\/juicio-chapo-0.jpg\"><img loading=\"lazy\" decoding=\"async\" class=\"aligncenter size-full wp-image-78612\" src=\"http:\/\/www.reconoce.mx\/wp-content\/uploads\/2018\/12\/juicio-chapo-0.jpg\" alt=\"\" width=\"1200\" height=\"789\" srcset=\"http:\/\/www.reconoce.mx\/wp-content\/uploads\/2018\/12\/juicio-chapo-0.jpg 1200w, http:\/\/www.reconoce.mx\/wp-content\/uploads\/2018\/12\/juicio-chapo-0-300x197.jpg 300w, http:\/\/www.reconoce.mx\/wp-content\/uploads\/2018\/12\/juicio-chapo-0-768x505.jpg 768w, http:\/\/www.reconoce.mx\/wp-content\/uploads\/2018\/12\/juicio-chapo-0-1024x673.jpg 1024w, http:\/\/www.reconoce.mx\/wp-content\/uploads\/2018\/12\/juicio-chapo-0-150x99.jpg 150w, http:\/\/www.reconoce.mx\/wp-content\/uploads\/2018\/12\/juicio-chapo-0-700x460.jpg 700w, http:\/\/www.reconoce.mx\/wp-content\/uploads\/2018\/12\/juicio-chapo-0-658x433.jpg 658w\" sizes=\"auto, (max-width: 1200px) 100vw, 1200px\" \/><\/a><\/p>\n<p>Al parecer, el juicio en la corte de Nueva York contra el l\u00edder del c\u00e1rtel de Sinaloa y tal vez uno de los narcotraficantes m\u00e1s poderosos en la historia, revela parte de lo que signific\u00f3 un personaje de este tipo en el escenario nacional.<\/p>\n<p>Y no podr\u00eda ser de otro modo, ya que sin la complicidad de las autoridades, dif\u00edcilmente se puede llegar a esos niveles. Pero las revelaciones que hizo<strong> \u201cel Rey\u201d Zambada<\/strong> -hermano de <strong>\u201cel Mayo\u201d Zambada<\/strong>&#8211; en la corte como testigo en contra de <strong>Guzm\u00e1n Loera<\/strong>, son de alguna manera esperadas pero no dejan de ser sorprendentes.<\/p>\n<p>Esto en el sentido de que la justicia y la seguridad p\u00fablica es para quien la pueda pagar. Nada nuevo en M\u00e9xico, pero que por otro lado, pone en entredicho la tan mal lograda \u201cguerra contra el crimen organizado\u201d, ya que fue justo en esos momentos cuando el <strong>C\u00e1rtel de Sinaloa<\/strong> pag\u00f3 millones de d\u00f3lares a<strong> Garc\u00eda Luna<\/strong> para la protecci\u00f3n de sus l\u00edderes y sus actividades, seg\u00fan confirm\u00f3 <strong>\u201cel Rey\u201d Zambada<\/strong>.<\/p>\n<p>El s\u00faper polic\u00eda de <strong>Felipe Calder\u00f3n<\/strong> habr\u00eda sido el enlace y la pieza estrat\u00e9gica, para simular la persecuci\u00f3n de los criminales y proteger al mismo tiempo a alg\u00fan bando, ya que tambi\u00e9n dijo Zambada que no solo fueron ellos, sino tambi\u00e9n los dem\u00e1s c\u00e1rteles los que pagaron por protecci\u00f3n al mismo <strong>Garc\u00eda Luna<\/strong>.<\/p>\n<p>En este caso, si bien se puede descartar que hubieran pagado a Calder\u00f3n directamente millones de d\u00f3lares en sobornos \u2013tal como lo asegur\u00f3 en un primer momento el testigo-, es obvio que un personaje tan cercano al expresidente ten\u00eda que influir en sus decisiones y peor a\u00fan, era el mismo encargado de guiar la \u201cguerra\u201d, con lo que hace a \u00abFelipillo\u00bb su c\u00f3mplice sin intensi\u00f3n de serlo.<\/p>\n<p>Lo de <strong>Pe\u00f1a Nieto<\/strong> parece que queda como un buen dato que ser\u00e1 casi imposible de comprobar, pero lo cierto es que el gobierno que termina no modific\u00f3 pr\u00e1cticamente en nada la estrategia de seguridad, con lo que dej\u00f3 todas las redes intactas para que los grupos criminales pudieran seguir operando.<\/p>\n<p>No es f\u00e1cil dimensionar todo esto, cuando van d\u00e9cadas donde el narcotr\u00e1fico convive y coexiste con el poder pol\u00edtico y econ\u00f3mico del pa\u00eds. La diferencia es que antes los negocios eran muy rentables, los capos se compromet\u00edan a mantener sus actividades aisladas de la vida p\u00fablica y ajustaban sus cuentas a balazos, pero sin da\u00f1ar a la sociedad civil.<\/p>\n<p>Ahora es todo lo contrario. Ajustan sus cuentas con la sociedad civil de por medio, la han convertido en reh\u00e9n de sus deseos y el poder pol\u00edtico ya se vio rebasado por el tsunami que se ha generado con el descabezamiento de los grupos y la multiplicaci\u00f3n de c\u00e9lulas cada vez m\u00e1s violentas e incontrolables.<\/p>\n<p>As\u00ed, el hecho de que aparezcan nombres como el de <strong>Felipe Calder\u00f3n<\/strong>, <strong>Genaro Garc\u00eda Luna<\/strong> o el ya expresidente <strong>Enrique Pe\u00f1a Nieto<\/strong>, en el juicio de<strong> \u201cel Chapo\u201d Guzm\u00e1n<\/strong>, es normal dado el contexto de corrupci\u00f3n que se vive en M\u00e9xico.<\/p>\n<p>Entonces, que la imagen p\u00fablica de estos personajes salga embarrada de esta manera no es m\u00e1s que un da\u00f1o colateral \u2013la frase favorita de Calder\u00f3n- y ahora, tendr\u00e1n que enfrentarse a la desgracia de que su \u201chonor\u201d y su \u201chonra\u201d de caballeros decentes, haya sido mancillada de esta manera tan desagradable y bochornosa que ofende a las buenas conciencias de M\u00e9xico. (Un poco de iron\u00eda no cae mal).<\/p>\n<p style=\"text-align: right;\">Foto: <strong>EFE<\/strong>.<\/p>\n<p>&nbsp;<\/p>\n<p>&nbsp;<\/p>\n","protected":false},"excerpt":{"rendered":"<p>Todos supon\u00edamos que lo m\u00e1s valioso con lo que contaba \u201cel Chapo\u201d, adem\u00e1s del dinero y el poder que acumul\u00f3, era la informaci\u00f3n que posee; luego de crear una red de corrupci\u00f3n que involucr\u00f3 (o sigue involucrando) a funcionarios de todos los niveles, incluyendo a personajes de alto perfil de los pasados gobiernos federales de M\u00e9xico.<\/p>\n","protected":false},"author":2,"featured_media":78611,"comment_status":"open","ping_status":"open","sticky":false,"template":"","format":"standard","meta":{"footnotes":""},"categories":[43,169,17],"tags":[],"class_list":["post-78607","post","type-post","status-publish","format-standard","has-post-thumbnail","hentry","category-conciencia","category-politica-entorno","category-principal"],"yoast_head":"<!-- This site is optimized with the Yoast SEO plugin v24.7 - https:\/\/yoast.com\/wordpress\/plugins\/seo\/ -->\n<title>El juicio de \u201cel Chapo\u201d Guzm\u00e1n, \u00bfverdad o ficci\u00f3n? &#171; Reconoce MX<\/title>\n<meta name=\"robots\" content=\"index, follow, max-snippet:-1, max-image-preview:large, max-video-preview:-1\" \/>\n<link rel=\"canonical\" href=\"http:\/\/www.reconoce.mx\/?p=78607\" \/>\n<meta property=\"og:locale\" content=\"es_ES\" \/>\n<meta property=\"og:type\" content=\"article\" \/>\n<meta property=\"og:title\" content=\"El juicio de \u201cel Chapo\u201d Guzm\u00e1n, \u00bfverdad o ficci\u00f3n? &#171; Reconoce MX\" \/>\n<meta property=\"og:description\" content=\"Todos supon\u00edamos que lo m\u00e1s valioso con lo que contaba \u201cel Chapo\u201d, adem\u00e1s del dinero y el poder que acumul\u00f3, era la informaci\u00f3n que posee; luego de crear una red de corrupci\u00f3n que involucr\u00f3 (o sigue involucrando) a funcionarios de todos los niveles, incluyendo a personajes de alto perfil de los pasados gobiernos federales de M\u00e9xico.\" \/>\n<meta property=\"og:url\" content=\"http:\/\/www.reconoce.mx\/?p=78607\" \/>\n<meta property=\"og:site_name\" content=\"Reconoce MX\" \/>\n<meta property=\"article:publisher\" content=\"https:\/\/es-la.facebook.com\/ReconoceMX\/\" \/>\n<meta property=\"article:published_time\" content=\"2018-12-03T06:01:31+00:00\" \/>\n<meta property=\"article:modified_time\" content=\"2018-12-19T16:09:04+00:00\" \/>\n<meta property=\"og:image\" content=\"http:\/\/www.reconoce.mx\/wp-content\/uploads\/2018\/12\/juicio-chapo-guzman.jpg\" \/>\n\t<meta property=\"og:image:width\" content=\"590\" \/>\n\t<meta property=\"og:image:height\" content=\"380\" \/>\n\t<meta property=\"og:image:type\" content=\"image\/jpeg\" \/>\n<meta name=\"author\" content=\"Reconoce MX\" \/>\n<meta name=\"twitter:card\" content=\"summary_large_image\" \/>\n<meta name=\"twitter:creator\" content=\"@reconocemx\" \/>\n<meta name=\"twitter:site\" content=\"@reconocemx\" \/>\n<meta name=\"twitter:label1\" content=\"Escrito por\" \/>\n\t<meta name=\"twitter:data1\" content=\"Reconoce MX\" \/>\n\t<meta name=\"twitter:label2\" content=\"Tiempo de lectura\" \/>\n\t<meta name=\"twitter:data2\" content=\"3 minutos\" \/>\n<script type=\"application\/ld+json\" class=\"yoast-schema-graph\">{\"@context\":\"https:\/\/schema.org\",\"@graph\":[{\"@type\":\"Article\",\"@id\":\"http:\/\/www.reconoce.mx\/?p=78607#article\",\"isPartOf\":{\"@id\":\"http:\/\/www.reconoce.mx\/?p=78607\"},\"author\":{\"name\":\"Reconoce MX\",\"@id\":\"http:\/\/www.reconoce.mx\/#\/schema\/person\/2117e997d7051dc15d6880eaf9bca0b2\"},\"headline\":\"El juicio de \u201cel Chapo\u201d Guzm\u00e1n, \u00bfverdad o ficci\u00f3n?\",\"datePublished\":\"2018-12-03T06:01:31+00:00\",\"dateModified\":\"2018-12-19T16:09:04+00:00\",\"mainEntityOfPage\":{\"@id\":\"http:\/\/www.reconoce.mx\/?p=78607\"},\"wordCount\":709,\"commentCount\":0,\"publisher\":{\"@id\":\"http:\/\/www.reconoce.mx\/#organization\"},\"image\":{\"@id\":\"http:\/\/www.reconoce.mx\/?p=78607#primaryimage\"},\"thumbnailUrl\":\"http:\/\/www.reconoce.mx\/wp-content\/uploads\/2018\/12\/juicio-chapo-guzman.jpg\",\"articleSection\":[\"Conciencia\",\"Pol\u00edtica\",\"Principal\"],\"inLanguage\":\"es\",\"potentialAction\":[{\"@type\":\"CommentAction\",\"name\":\"Comment\",\"target\":[\"http:\/\/www.reconoce.mx\/?p=78607#respond\"]}]},{\"@type\":\"WebPage\",\"@id\":\"http:\/\/www.reconoce.mx\/?p=78607\",\"url\":\"http:\/\/www.reconoce.mx\/?p=78607\",\"name\":\"El juicio de \u201cel Chapo\u201d Guzm\u00e1n, \u00bfverdad o ficci\u00f3n? &#171; Reconoce MX\",\"isPartOf\":{\"@id\":\"http:\/\/www.reconoce.mx\/#website\"},\"primaryImageOfPage\":{\"@id\":\"http:\/\/www.reconoce.mx\/?p=78607#primaryimage\"},\"image\":{\"@id\":\"http:\/\/www.reconoce.mx\/?p=78607#primaryimage\"},\"thumbnailUrl\":\"http:\/\/www.reconoce.mx\/wp-content\/uploads\/2018\/12\/juicio-chapo-guzman.jpg\",\"datePublished\":\"2018-12-03T06:01:31+00:00\",\"dateModified\":\"2018-12-19T16:09:04+00:00\",\"breadcrumb\":{\"@id\":\"http:\/\/www.reconoce.mx\/?p=78607#breadcrumb\"},\"inLanguage\":\"es\",\"potentialAction\":[{\"@type\":\"ReadAction\",\"target\":[\"http:\/\/www.reconoce.mx\/?p=78607\"]}]},{\"@type\":\"ImageObject\",\"inLanguage\":\"es\",\"@id\":\"http:\/\/www.reconoce.mx\/?p=78607#primaryimage\",\"url\":\"http:\/\/www.reconoce.mx\/wp-content\/uploads\/2018\/12\/juicio-chapo-guzman.jpg\",\"contentUrl\":\"http:\/\/www.reconoce.mx\/wp-content\/uploads\/2018\/12\/juicio-chapo-guzman.jpg\",\"width\":590,\"height\":380},{\"@type\":\"BreadcrumbList\",\"@id\":\"http:\/\/www.reconoce.mx\/?p=78607#breadcrumb\",\"itemListElement\":[{\"@type\":\"ListItem\",\"position\":1,\"name\":\"Portada\",\"item\":\"http:\/\/www.reconoce.mx\/\"},{\"@type\":\"ListItem\",\"position\":2,\"name\":\"El juicio de \u201cel Chapo\u201d Guzm\u00e1n, \u00bfverdad o ficci\u00f3n?\"}]},{\"@type\":\"WebSite\",\"@id\":\"http:\/\/www.reconoce.mx\/#website\",\"url\":\"http:\/\/www.reconoce.mx\/\",\"name\":\"Reconoce MX\",\"description\":\"En Reconoce MX difundimos arte, cultura y conciencia social en M\u00e9xico. Tu ciudad en otra perspectiva.\",\"publisher\":{\"@id\":\"http:\/\/www.reconoce.mx\/#organization\"},\"potentialAction\":[{\"@type\":\"SearchAction\",\"target\":{\"@type\":\"EntryPoint\",\"urlTemplate\":\"http:\/\/www.reconoce.mx\/?s={search_term_string}\"},\"query-input\":{\"@type\":\"PropertyValueSpecification\",\"valueRequired\":true,\"valueName\":\"search_term_string\"}}],\"inLanguage\":\"es\"},{\"@type\":\"Organization\",\"@id\":\"http:\/\/www.reconoce.mx\/#organization\",\"name\":\"Reconoce MX\",\"url\":\"http:\/\/www.reconoce.mx\/\",\"logo\":{\"@type\":\"ImageObject\",\"inLanguage\":\"es\",\"@id\":\"http:\/\/www.reconoce.mx\/#\/schema\/logo\/image\/\",\"url\":\"https:\/\/www.reconoce.mx\/wp-content\/uploads\/2019\/03\/logorcmx-good-1.png\",\"contentUrl\":\"https:\/\/www.reconoce.mx\/wp-content\/uploads\/2019\/03\/logorcmx-good-1.png\",\"width\":280,\"height\":90,\"caption\":\"Reconoce MX\"},\"image\":{\"@id\":\"http:\/\/www.reconoce.mx\/#\/schema\/logo\/image\/\"},\"sameAs\":[\"https:\/\/es-la.facebook.com\/ReconoceMX\/\",\"https:\/\/x.com\/reconocemx\",\"http:\/\/@reconocemx\"]},{\"@type\":\"Person\",\"@id\":\"http:\/\/www.reconoce.mx\/#\/schema\/person\/2117e997d7051dc15d6880eaf9bca0b2\",\"name\":\"Reconoce MX\",\"image\":{\"@type\":\"ImageObject\",\"inLanguage\":\"es\",\"@id\":\"http:\/\/www.reconoce.mx\/#\/schema\/person\/image\/\",\"url\":\"https:\/\/secure.gravatar.com\/avatar\/6c8d4dc7569ca1c90c5fdcc349f839d5ddef6fe1e70b4337ead2ef1a4c43fc3a?s=96&d=identicon&r=g\",\"contentUrl\":\"https:\/\/secure.gravatar.com\/avatar\/6c8d4dc7569ca1c90c5fdcc349f839d5ddef6fe1e70b4337ead2ef1a4c43fc3a?s=96&d=identicon&r=g\",\"caption\":\"Reconoce MX\"},\"description\":\"Reconoce MX es un proyecto de difusi\u00f3n art\u00edstica, cultural y de conciencia social que est\u00e1 enfocado a difundir y fomentar el entretenimiento alternativo de calidad para todo el p\u00fablico que comparta el mismo entusiasmo.\",\"sameAs\":[\"http:\/\/www.reconoce.mx\"],\"url\":\"http:\/\/www.reconoce.mx\/?author=2\"}]}<\/script>\n<!-- \/ Yoast SEO plugin. -->","yoast_head_json":{"title":"El juicio de \u201cel Chapo\u201d Guzm\u00e1n, \u00bfverdad o ficci\u00f3n? &#171; Reconoce MX","robots":{"index":"index","follow":"follow","max-snippet":"max-snippet:-1","max-image-preview":"max-image-preview:large","max-video-preview":"max-video-preview:-1"},"canonical":"http:\/\/www.reconoce.mx\/?p=78607","og_locale":"es_ES","og_type":"article","og_title":"El juicio de \u201cel Chapo\u201d Guzm\u00e1n, \u00bfverdad o ficci\u00f3n? &#171; Reconoce MX","og_description":"Todos supon\u00edamos que lo m\u00e1s valioso con lo que contaba \u201cel Chapo\u201d, adem\u00e1s del dinero y el poder que acumul\u00f3, era la informaci\u00f3n que posee; luego de crear una red de corrupci\u00f3n que involucr\u00f3 (o sigue involucrando) a funcionarios de todos los niveles, incluyendo a personajes de alto perfil de los pasados gobiernos federales de M\u00e9xico.","og_url":"http:\/\/www.reconoce.mx\/?p=78607","og_site_name":"Reconoce MX","article_publisher":"https:\/\/es-la.facebook.com\/ReconoceMX\/","article_published_time":"2018-12-03T06:01:31+00:00","article_modified_time":"2018-12-19T16:09:04+00:00","og_image":[{"width":590,"height":380,"url":"http:\/\/www.reconoce.mx\/wp-content\/uploads\/2018\/12\/juicio-chapo-guzman.jpg","type":"image\/jpeg"}],"author":"Reconoce MX","twitter_card":"summary_large_image","twitter_creator":"@reconocemx","twitter_site":"@reconocemx","twitter_misc":{"Escrito por":"Reconoce MX","Tiempo de lectura":"3 minutos"},"schema":{"@context":"https:\/\/schema.org","@graph":[{"@type":"Article","@id":"http:\/\/www.reconoce.mx\/?p=78607#article","isPartOf":{"@id":"http:\/\/www.reconoce.mx\/?p=78607"},"author":{"name":"Reconoce MX","@id":"http:\/\/www.reconoce.mx\/#\/schema\/person\/2117e997d7051dc15d6880eaf9bca0b2"},"headline":"El juicio de \u201cel Chapo\u201d Guzm\u00e1n, \u00bfverdad o ficci\u00f3n?","datePublished":"2018-12-03T06:01:31+00:00","dateModified":"2018-12-19T16:09:04+00:00","mainEntityOfPage":{"@id":"http:\/\/www.reconoce.mx\/?p=78607"},"wordCount":709,"commentCount":0,"publisher":{"@id":"http:\/\/www.reconoce.mx\/#organization"},"image":{"@id":"http:\/\/www.reconoce.mx\/?p=78607#primaryimage"},"thumbnailUrl":"http:\/\/www.reconoce.mx\/wp-content\/uploads\/2018\/12\/juicio-chapo-guzman.jpg","articleSection":["Conciencia","Pol\u00edtica","Principal"],"inLanguage":"es","potentialAction":[{"@type":"CommentAction","name":"Comment","target":["http:\/\/www.reconoce.mx\/?p=78607#respond"]}]},{"@type":"WebPage","@id":"http:\/\/www.reconoce.mx\/?p=78607","url":"http:\/\/www.reconoce.mx\/?p=78607","name":"El juicio de \u201cel Chapo\u201d Guzm\u00e1n, \u00bfverdad o ficci\u00f3n? &#171; Reconoce MX","isPartOf":{"@id":"http:\/\/www.reconoce.mx\/#website"},"primaryImageOfPage":{"@id":"http:\/\/www.reconoce.mx\/?p=78607#primaryimage"},"image":{"@id":"http:\/\/www.reconoce.mx\/?p=78607#primaryimage"},"thumbnailUrl":"http:\/\/www.reconoce.mx\/wp-content\/uploads\/2018\/12\/juicio-chapo-guzman.jpg","datePublished":"2018-12-03T06:01:31+00:00","dateModified":"2018-12-19T16:09:04+00:00","breadcrumb":{"@id":"http:\/\/www.reconoce.mx\/?p=78607#breadcrumb"},"inLanguage":"es","potentialAction":[{"@type":"ReadAction","target":["http:\/\/www.reconoce.mx\/?p=78607"]}]},{"@type":"ImageObject","inLanguage":"es","@id":"http:\/\/www.reconoce.mx\/?p=78607#primaryimage","url":"http:\/\/www.reconoce.mx\/wp-content\/uploads\/2018\/12\/juicio-chapo-guzman.jpg","contentUrl":"http:\/\/www.reconoce.mx\/wp-content\/uploads\/2018\/12\/juicio-chapo-guzman.jpg","width":590,"height":380},{"@type":"BreadcrumbList","@id":"http:\/\/www.reconoce.mx\/?p=78607#breadcrumb","itemListElement":[{"@type":"ListItem","position":1,"name":"Portada","item":"http:\/\/www.reconoce.mx\/"},{"@type":"ListItem","position":2,"name":"El juicio de \u201cel Chapo\u201d Guzm\u00e1n, \u00bfverdad o ficci\u00f3n?"}]},{"@type":"WebSite","@id":"http:\/\/www.reconoce.mx\/#website","url":"http:\/\/www.reconoce.mx\/","name":"Reconoce MX","description":"En Reconoce MX difundimos arte, cultura y conciencia social en M\u00e9xico. Tu ciudad en otra perspectiva.","publisher":{"@id":"http:\/\/www.reconoce.mx\/#organization"},"potentialAction":[{"@type":"SearchAction","target":{"@type":"EntryPoint","urlTemplate":"http:\/\/www.reconoce.mx\/?s={search_term_string}"},"query-input":{"@type":"PropertyValueSpecification","valueRequired":true,"valueName":"search_term_string"}}],"inLanguage":"es"},{"@type":"Organization","@id":"http:\/\/www.reconoce.mx\/#organization","name":"Reconoce MX","url":"http:\/\/www.reconoce.mx\/","logo":{"@type":"ImageObject","inLanguage":"es","@id":"http:\/\/www.reconoce.mx\/#\/schema\/logo\/image\/","url":"https:\/\/www.reconoce.mx\/wp-content\/uploads\/2019\/03\/logorcmx-good-1.png","contentUrl":"https:\/\/www.reconoce.mx\/wp-content\/uploads\/2019\/03\/logorcmx-good-1.png","width":280,"height":90,"caption":"Reconoce MX"},"image":{"@id":"http:\/\/www.reconoce.mx\/#\/schema\/logo\/image\/"},"sameAs":["https:\/\/es-la.facebook.com\/ReconoceMX\/","https:\/\/x.com\/reconocemx","http:\/\/@reconocemx"]},{"@type":"Person","@id":"http:\/\/www.reconoce.mx\/#\/schema\/person\/2117e997d7051dc15d6880eaf9bca0b2","name":"Reconoce MX","image":{"@type":"ImageObject","inLanguage":"es","@id":"http:\/\/www.reconoce.mx\/#\/schema\/person\/image\/","url":"https:\/\/secure.gravatar.com\/avatar\/6c8d4dc7569ca1c90c5fdcc349f839d5ddef6fe1e70b4337ead2ef1a4c43fc3a?s=96&d=identicon&r=g","contentUrl":"https:\/\/secure.gravatar.com\/avatar\/6c8d4dc7569ca1c90c5fdcc349f839d5ddef6fe1e70b4337ead2ef1a4c43fc3a?s=96&d=identicon&r=g","caption":"Reconoce MX"},"description":"Reconoce MX es un proyecto de difusi\u00f3n art\u00edstica, cultural y de conciencia social que est\u00e1 enfocado a difundir y fomentar el entretenimiento alternativo de calidad para todo el p\u00fablico que comparta el mismo entusiasmo.","sameAs":["http:\/\/www.reconoce.mx"],"url":"http:\/\/www.reconoce.mx\/?author=2"}]}},"_links":{"self":[{"href":"http:\/\/www.reconoce.mx\/index.php?rest_route=\/wp\/v2\/posts\/78607","targetHints":{"allow":["GET"]}}],"collection":[{"href":"http:\/\/www.reconoce.mx\/index.php?rest_route=\/wp\/v2\/posts"}],"about":[{"href":"http:\/\/www.reconoce.mx\/index.php?rest_route=\/wp\/v2\/types\/post"}],"author":[{"embeddable":true,"href":"http:\/\/www.reconoce.mx\/index.php?rest_route=\/wp\/v2\/users\/2"}],"replies":[{"embeddable":true,"href":"http:\/\/www.reconoce.mx\/index.php?rest_route=%2Fwp%2Fv2%2Fcomments&post=78607"}],"version-history":[{"count":2,"href":"http:\/\/www.reconoce.mx\/index.php?rest_route=\/wp\/v2\/posts\/78607\/revisions"}],"predecessor-version":[{"id":79044,"href":"http:\/\/www.reconoce.mx\/index.php?rest_route=\/wp\/v2\/posts\/78607\/revisions\/79044"}],"wp:featuredmedia":[{"embeddable":true,"href":"http:\/\/www.reconoce.mx\/index.php?rest_route=\/wp\/v2\/media\/78611"}],"wp:attachment":[{"href":"http:\/\/www.reconoce.mx\/index.php?rest_route=%2Fwp%2Fv2%2Fmedia&parent=78607"}],"wp:term":[{"taxonomy":"category","embeddable":true,"href":"http:\/\/www.reconoce.mx\/index.php?rest_route=%2Fwp%2Fv2%2Fcategories&post=78607"},{"taxonomy":"post_tag","embeddable":true,"href":"http:\/\/www.reconoce.mx\/index.php?rest_route=%2Fwp%2Fv2%2Ftags&post=78607"}],"curies":[{"name":"wp","href":"https:\/\/api.w.org\/{rel}","templated":true}]}}