{"id":78614,"date":"2018-12-03T00:05:05","date_gmt":"2018-12-03T06:05:05","guid":{"rendered":"http:\/\/www.reconoce.mx\/?p=78614"},"modified":"2018-12-03T00:04:10","modified_gmt":"2018-12-03T06:04:10","slug":"damien-rice-la-brisa-melancolica-que-acogio-a-el-plaza","status":"publish","type":"post","link":"http:\/\/www.reconoce.mx\/?p=78614","title":{"rendered":"Damien Rice: la brisa melanc\u00f3lica que acogi\u00f3 a El Plaza"},"content":{"rendered":"<p><strong>Texto y fotos por <a href=\"https:\/\/twitter.com\/alice_freckles\" target=\"_blank\" rel=\"noopener noreferrer\">Alicia \u00c1vila Monroy<\/a>.<\/strong><\/p>\n<p>El pasado martes 27 de noviembre fue de las noches m\u00e1s incre\u00edbles y m\u00e1gicas que nos ha regalado <strong>El Plaza Condesa<\/strong>.<\/p>\n<p><img loading=\"lazy\" decoding=\"async\" class=\"alignnone size-full\" src=\"https:\/\/c1.staticflickr.com\/5\/4834\/45243431915_5090d0f2c8_c.jpg\" width=\"800\" height=\"534\" \/><\/p>\n<p><strong><em>&gt;&gt;<a href=\"https:\/\/www.flickr.com\/photos\/reconocemx\/albums\/72157704257331665\" target=\"_blank\" rel=\"noopener\">Disfruta nuestra galer\u00eda completa de Damien Rice en El Plaza<\/a>&lt;&lt;<\/em><\/strong><\/p>\n<p>La gente comenz\u00f3 a darse cita en el <em>venue<\/em> alrededor de las 20:00 horas para la presentaci\u00f3n del m\u00fasico irland\u00e9s, <strong>Damien Rice<\/strong>, pero lo que nadie se esperaba era ser recibidos con sillas para disfrutar de la \u00edntima velada.<\/p>\n<p>Antes de comenzar su carrera como solista, Rice fue el cantante de la banda de rock <strong>Juniper<\/strong>; en 1999 no le convenci\u00f3 la grabaci\u00f3n del primer material debido a la direcci\u00f3n comercial que estaba tomando el disco y fue cuando decidi\u00f3 iniciar junto a su guitarra ac\u00fastica su camino hacia esta melanc\u00f3lica y reveladora aventura por Europa con Lisa Hannigan por un tiempo, hasta finalmente desprenderse y emprender solo su camino (a partir de 2007).<\/p>\n<p><img loading=\"lazy\" decoding=\"async\" class=\"alignnone size-full\" src=\"https:\/\/c1.staticflickr.com\/5\/4837\/31216435467_722d7b3a17_c.jpg\" width=\"800\" height=\"534\" \/><\/p>\n<p><strong><em>&gt;&gt;<a href=\"https:\/\/www.flickr.com\/photos\/reconocemx\/albums\/72157704257331665\" target=\"_blank\" rel=\"noopener\">Disfruta nuestra galer\u00eda completa de Damien Rice en El Plaza<\/a>&lt;&lt;<\/em><\/strong><\/p>\n<p>El compositor quien no visitaba M\u00e9xico desde 2015, sali\u00f3 pocos minutos despu\u00e9s de las 21:00 horas con una camisa blanca y su guitarra, bajo una luz tenue perfecta para crear una atm\u00f3sfera nost\u00e1lgica que apenas lograba ser alumbrada por las luces dirigidas hacia \u00e9l en el escenario.<\/p>\n<p>\u201cAmie\u201d fue la primera melod\u00eda interpretada de la noche. Siempre hay situaciones peculiares en un concierto y esta vez fueron los asistentes quienes marcaron esta pauta e hicieron distinto este show, pues el p\u00fablico de Rice fue bastante respetuoso; ligeramente corearon las canciones, no hablaban durante el tiempo que \u00e9l interpret\u00f3 cada tema, en ning\u00fan momento se pusieron de pie estorbando a la gente sentada detr\u00e1s de ellos ni tomaron fotos o videos impidiendo que las personas de atr\u00e1s disfrutaran de la presentaci\u00f3n; al contrario, los espectadores estuvieron atentos a cada nota, discurso y palabras que compart\u00eda el irland\u00e9s, que hubo varios momentos que nos convertimos en uno con \u00e9l.<\/p>\n<p><img loading=\"lazy\" decoding=\"async\" class=\"alignnone size-full\" src=\"https:\/\/c1.staticflickr.com\/5\/4889\/45243412745_9ec98eddee_c.jpg\" width=\"800\" height=\"534\" \/><\/p>\n<p><strong><em>&gt;&gt;<a href=\"https:\/\/www.flickr.com\/photos\/reconocemx\/albums\/72157704257331665\" target=\"_blank\" rel=\"noopener\">Disfruta nuestra galer\u00eda completa de Damien Rice en El Plaza<\/a>&lt;&lt;<\/em><\/strong><\/p>\n<p>Temas como \u00abCold Water\u00bb y \u00abThe Blower&#8217;s Daughter\u00bb que fueron parte de reconocidos <em>soundtracks<\/em> (\u00abCloser\u00bb, por ejemplo), fueron reconocidos desde los primeros acordes y acompa\u00f1ados por suspiros e incluso, l\u00e1grimas.<\/p>\n<p>\u00abRottles Tree\u00bb, \u00abI Remember\u00bb y \u00abVolcano\u00bb fueron otros de los temas que la gente disfrut\u00f3 junto a Rice y la luz baja, lo que hizo que el show fuera m\u00e1s especial.<\/p>\n<p><img loading=\"lazy\" decoding=\"async\" class=\"alignnone size-full\" src=\"https:\/\/c1.staticflickr.com\/5\/4824\/46105037132_2fdd70b512_c.jpg\" width=\"800\" height=\"534\" \/><\/p>\n<p><strong><em>&gt;&gt;<a href=\"https:\/\/www.flickr.com\/photos\/reconocemx\/albums\/72157704257331665\" target=\"_blank\" rel=\"noopener\">Disfruta nuestra galer\u00eda completa de Damien Rice en El Plaza<\/a>&lt;&lt;<\/em><\/strong><\/p>\n<p>Fue un concierto que dur\u00f3 aproximadamente dos horas en el que adem\u00e1s de compartir su m\u00fasica, nos hizo cantar, re\u00edr, gritar y llorar pero sobre todo, pensar en toda la carrera art\u00edstica que tiene el artista y recordar lo que sentimos aquella primera vez en la que escuchamos cada uno de sus temas.<\/p>\n<p>&nbsp;<\/p>\n<p>&nbsp;<\/p>\n","protected":false},"excerpt":{"rendered":"<p>El pasado martes 27 de noviembre fue de las noches m\u00e1s incre\u00edbles y m\u00e1gicas que nos ha regalado El Plaza Condesa.<\/p>\n","protected":false},"author":2,"featured_media":78616,"comment_status":"open","ping_status":"open","sticky":false,"template":"","format":"standard","meta":{"footnotes":""},"categories":[1,18,17],"tags":[],"class_list":["post-78614","post","type-post","status-publish","format-standard","has-post-thumbnail","hentry","category-cultura","category-musica","category-principal"],"yoast_head":"<!-- This site is optimized with the Yoast SEO plugin v24.7 - https:\/\/yoast.com\/wordpress\/plugins\/seo\/ -->\n<title>Damien Rice: la brisa melanc\u00f3lica que acogi\u00f3 a El Plaza &#171; Reconoce MX<\/title>\n<meta name=\"robots\" content=\"index, follow, max-snippet:-1, max-image-preview:large, max-video-preview:-1\" \/>\n<link rel=\"canonical\" href=\"https:\/\/www.reconoce.mx\/?p=78614\" \/>\n<meta property=\"og:locale\" content=\"es_ES\" \/>\n<meta property=\"og:type\" content=\"article\" \/>\n<meta property=\"og:title\" content=\"Damien Rice: la brisa melanc\u00f3lica que acogi\u00f3 a El Plaza &#171; Reconoce MX\" \/>\n<meta property=\"og:description\" content=\"El pasado martes 27 de noviembre fue de las noches m\u00e1s incre\u00edbles y m\u00e1gicas que nos ha regalado El Plaza Condesa.\" \/>\n<meta property=\"og:url\" content=\"https:\/\/www.reconoce.mx\/?p=78614\" \/>\n<meta property=\"og:site_name\" content=\"Reconoce MX\" \/>\n<meta property=\"article:publisher\" content=\"https:\/\/es-la.facebook.com\/ReconoceMX\/\" \/>\n<meta property=\"article:published_time\" content=\"2018-12-03T06:05:05+00:00\" \/>\n<meta property=\"og:image\" content=\"https:\/\/www.reconoce.mx\/wp-content\/uploads\/2018\/12\/damien-rice-cover.jpg\" \/>\n\t<meta property=\"og:image:width\" content=\"590\" \/>\n\t<meta property=\"og:image:height\" content=\"380\" \/>\n\t<meta property=\"og:image:type\" content=\"image\/jpeg\" \/>\n<meta name=\"author\" content=\"Reconoce MX\" \/>\n<meta name=\"twitter:card\" content=\"summary_large_image\" \/>\n<meta name=\"twitter:creator\" content=\"@reconocemx\" \/>\n<meta name=\"twitter:site\" content=\"@reconocemx\" \/>\n<meta name=\"twitter:label1\" content=\"Escrito por\" \/>\n\t<meta name=\"twitter:data1\" content=\"Reconoce MX\" \/>\n\t<meta name=\"twitter:label2\" content=\"Tiempo de lectura\" \/>\n\t<meta name=\"twitter:data2\" content=\"2 minutos\" \/>\n<script type=\"application\/ld+json\" class=\"yoast-schema-graph\">{\"@context\":\"https:\/\/schema.org\",\"@graph\":[{\"@type\":\"Article\",\"@id\":\"https:\/\/www.reconoce.mx\/?p=78614#article\",\"isPartOf\":{\"@id\":\"https:\/\/www.reconoce.mx\/?p=78614\"},\"author\":{\"name\":\"Reconoce MX\",\"@id\":\"http:\/\/www.reconoce.mx\/#\/schema\/person\/2117e997d7051dc15d6880eaf9bca0b2\"},\"headline\":\"Damien Rice: la brisa melanc\u00f3lica que acogi\u00f3 a El Plaza\",\"datePublished\":\"2018-12-03T06:05:05+00:00\",\"mainEntityOfPage\":{\"@id\":\"https:\/\/www.reconoce.mx\/?p=78614\"},\"wordCount\":509,\"commentCount\":0,\"publisher\":{\"@id\":\"http:\/\/www.reconoce.mx\/#organization\"},\"image\":{\"@id\":\"https:\/\/www.reconoce.mx\/?p=78614#primaryimage\"},\"thumbnailUrl\":\"http:\/\/www.reconoce.mx\/wp-content\/uploads\/2018\/12\/damien-rice-cover.jpg\",\"articleSection\":[\"Cultura\",\"M\u00fasica\",\"Principal\"],\"inLanguage\":\"es\",\"potentialAction\":[{\"@type\":\"CommentAction\",\"name\":\"Comment\",\"target\":[\"https:\/\/www.reconoce.mx\/?p=78614#respond\"]}]},{\"@type\":\"WebPage\",\"@id\":\"https:\/\/www.reconoce.mx\/?p=78614\",\"url\":\"https:\/\/www.reconoce.mx\/?p=78614\",\"name\":\"Damien Rice: la brisa melanc\u00f3lica que acogi\u00f3 a El Plaza &#171; Reconoce MX\",\"isPartOf\":{\"@id\":\"http:\/\/www.reconoce.mx\/#website\"},\"primaryImageOfPage\":{\"@id\":\"https:\/\/www.reconoce.mx\/?p=78614#primaryimage\"},\"image\":{\"@id\":\"https:\/\/www.reconoce.mx\/?p=78614#primaryimage\"},\"thumbnailUrl\":\"http:\/\/www.reconoce.mx\/wp-content\/uploads\/2018\/12\/damien-rice-cover.jpg\",\"datePublished\":\"2018-12-03T06:05:05+00:00\",\"breadcrumb\":{\"@id\":\"https:\/\/www.reconoce.mx\/?p=78614#breadcrumb\"},\"inLanguage\":\"es\",\"potentialAction\":[{\"@type\":\"ReadAction\",\"target\":[\"https:\/\/www.reconoce.mx\/?p=78614\"]}]},{\"@type\":\"ImageObject\",\"inLanguage\":\"es\",\"@id\":\"https:\/\/www.reconoce.mx\/?p=78614#primaryimage\",\"url\":\"http:\/\/www.reconoce.mx\/wp-content\/uploads\/2018\/12\/damien-rice-cover.jpg\",\"contentUrl\":\"http:\/\/www.reconoce.mx\/wp-content\/uploads\/2018\/12\/damien-rice-cover.jpg\",\"width\":590,\"height\":380},{\"@type\":\"BreadcrumbList\",\"@id\":\"https:\/\/www.reconoce.mx\/?p=78614#breadcrumb\",\"itemListElement\":[{\"@type\":\"ListItem\",\"position\":1,\"name\":\"Portada\",\"item\":\"http:\/\/www.reconoce.mx\/\"},{\"@type\":\"ListItem\",\"position\":2,\"name\":\"Damien Rice: la brisa melanc\u00f3lica que acogi\u00f3 a El Plaza\"}]},{\"@type\":\"WebSite\",\"@id\":\"http:\/\/www.reconoce.mx\/#website\",\"url\":\"http:\/\/www.reconoce.mx\/\",\"name\":\"Reconoce MX\",\"description\":\"En Reconoce MX difundimos arte, cultura y conciencia social en M\u00e9xico. Tu ciudad en otra perspectiva.\",\"publisher\":{\"@id\":\"http:\/\/www.reconoce.mx\/#organization\"},\"potentialAction\":[{\"@type\":\"SearchAction\",\"target\":{\"@type\":\"EntryPoint\",\"urlTemplate\":\"http:\/\/www.reconoce.mx\/?s={search_term_string}\"},\"query-input\":{\"@type\":\"PropertyValueSpecification\",\"valueRequired\":true,\"valueName\":\"search_term_string\"}}],\"inLanguage\":\"es\"},{\"@type\":\"Organization\",\"@id\":\"http:\/\/www.reconoce.mx\/#organization\",\"name\":\"Reconoce MX\",\"url\":\"http:\/\/www.reconoce.mx\/\",\"logo\":{\"@type\":\"ImageObject\",\"inLanguage\":\"es\",\"@id\":\"http:\/\/www.reconoce.mx\/#\/schema\/logo\/image\/\",\"url\":\"https:\/\/www.reconoce.mx\/wp-content\/uploads\/2019\/03\/logorcmx-good-1.png\",\"contentUrl\":\"https:\/\/www.reconoce.mx\/wp-content\/uploads\/2019\/03\/logorcmx-good-1.png\",\"width\":280,\"height\":90,\"caption\":\"Reconoce MX\"},\"image\":{\"@id\":\"http:\/\/www.reconoce.mx\/#\/schema\/logo\/image\/\"},\"sameAs\":[\"https:\/\/es-la.facebook.com\/ReconoceMX\/\",\"https:\/\/x.com\/reconocemx\",\"http:\/\/@reconocemx\"]},{\"@type\":\"Person\",\"@id\":\"http:\/\/www.reconoce.mx\/#\/schema\/person\/2117e997d7051dc15d6880eaf9bca0b2\",\"name\":\"Reconoce MX\",\"image\":{\"@type\":\"ImageObject\",\"inLanguage\":\"es\",\"@id\":\"http:\/\/www.reconoce.mx\/#\/schema\/person\/image\/\",\"url\":\"https:\/\/secure.gravatar.com\/avatar\/6c8d4dc7569ca1c90c5fdcc349f839d5ddef6fe1e70b4337ead2ef1a4c43fc3a?s=96&d=identicon&r=g\",\"contentUrl\":\"https:\/\/secure.gravatar.com\/avatar\/6c8d4dc7569ca1c90c5fdcc349f839d5ddef6fe1e70b4337ead2ef1a4c43fc3a?s=96&d=identicon&r=g\",\"caption\":\"Reconoce MX\"},\"description\":\"Reconoce MX es un proyecto de difusi\u00f3n art\u00edstica, cultural y de conciencia social que est\u00e1 enfocado a difundir y fomentar el entretenimiento alternativo de calidad para todo el p\u00fablico que comparta el mismo entusiasmo.\",\"sameAs\":[\"http:\/\/www.reconoce.mx\"],\"url\":\"http:\/\/www.reconoce.mx\/?author=2\"}]}<\/script>\n<!-- \/ Yoast SEO plugin. -->","yoast_head_json":{"title":"Damien Rice: la brisa melanc\u00f3lica que acogi\u00f3 a El Plaza &#171; Reconoce MX","robots":{"index":"index","follow":"follow","max-snippet":"max-snippet:-1","max-image-preview":"max-image-preview:large","max-video-preview":"max-video-preview:-1"},"canonical":"https:\/\/www.reconoce.mx\/?p=78614","og_locale":"es_ES","og_type":"article","og_title":"Damien Rice: la brisa melanc\u00f3lica que acogi\u00f3 a El Plaza &#171; Reconoce MX","og_description":"El pasado martes 27 de noviembre fue de las noches m\u00e1s incre\u00edbles y m\u00e1gicas que nos ha regalado El Plaza Condesa.","og_url":"https:\/\/www.reconoce.mx\/?p=78614","og_site_name":"Reconoce MX","article_publisher":"https:\/\/es-la.facebook.com\/ReconoceMX\/","article_published_time":"2018-12-03T06:05:05+00:00","og_image":[{"width":590,"height":380,"url":"https:\/\/www.reconoce.mx\/wp-content\/uploads\/2018\/12\/damien-rice-cover.jpg","type":"image\/jpeg"}],"author":"Reconoce MX","twitter_card":"summary_large_image","twitter_creator":"@reconocemx","twitter_site":"@reconocemx","twitter_misc":{"Escrito por":"Reconoce MX","Tiempo de lectura":"2 minutos"},"schema":{"@context":"https:\/\/schema.org","@graph":[{"@type":"Article","@id":"https:\/\/www.reconoce.mx\/?p=78614#article","isPartOf":{"@id":"https:\/\/www.reconoce.mx\/?p=78614"},"author":{"name":"Reconoce MX","@id":"http:\/\/www.reconoce.mx\/#\/schema\/person\/2117e997d7051dc15d6880eaf9bca0b2"},"headline":"Damien Rice: la brisa melanc\u00f3lica que acogi\u00f3 a El Plaza","datePublished":"2018-12-03T06:05:05+00:00","mainEntityOfPage":{"@id":"https:\/\/www.reconoce.mx\/?p=78614"},"wordCount":509,"commentCount":0,"publisher":{"@id":"http:\/\/www.reconoce.mx\/#organization"},"image":{"@id":"https:\/\/www.reconoce.mx\/?p=78614#primaryimage"},"thumbnailUrl":"http:\/\/www.reconoce.mx\/wp-content\/uploads\/2018\/12\/damien-rice-cover.jpg","articleSection":["Cultura","M\u00fasica","Principal"],"inLanguage":"es","potentialAction":[{"@type":"CommentAction","name":"Comment","target":["https:\/\/www.reconoce.mx\/?p=78614#respond"]}]},{"@type":"WebPage","@id":"https:\/\/www.reconoce.mx\/?p=78614","url":"https:\/\/www.reconoce.mx\/?p=78614","name":"Damien Rice: la brisa melanc\u00f3lica que acogi\u00f3 a El Plaza &#171; Reconoce MX","isPartOf":{"@id":"http:\/\/www.reconoce.mx\/#website"},"primaryImageOfPage":{"@id":"https:\/\/www.reconoce.mx\/?p=78614#primaryimage"},"image":{"@id":"https:\/\/www.reconoce.mx\/?p=78614#primaryimage"},"thumbnailUrl":"http:\/\/www.reconoce.mx\/wp-content\/uploads\/2018\/12\/damien-rice-cover.jpg","datePublished":"2018-12-03T06:05:05+00:00","breadcrumb":{"@id":"https:\/\/www.reconoce.mx\/?p=78614#breadcrumb"},"inLanguage":"es","potentialAction":[{"@type":"ReadAction","target":["https:\/\/www.reconoce.mx\/?p=78614"]}]},{"@type":"ImageObject","inLanguage":"es","@id":"https:\/\/www.reconoce.mx\/?p=78614#primaryimage","url":"http:\/\/www.reconoce.mx\/wp-content\/uploads\/2018\/12\/damien-rice-cover.jpg","contentUrl":"http:\/\/www.reconoce.mx\/wp-content\/uploads\/2018\/12\/damien-rice-cover.jpg","width":590,"height":380},{"@type":"BreadcrumbList","@id":"https:\/\/www.reconoce.mx\/?p=78614#breadcrumb","itemListElement":[{"@type":"ListItem","position":1,"name":"Portada","item":"http:\/\/www.reconoce.mx\/"},{"@type":"ListItem","position":2,"name":"Damien Rice: la brisa melanc\u00f3lica que acogi\u00f3 a El Plaza"}]},{"@type":"WebSite","@id":"http:\/\/www.reconoce.mx\/#website","url":"http:\/\/www.reconoce.mx\/","name":"Reconoce MX","description":"En Reconoce MX difundimos arte, cultura y conciencia social en M\u00e9xico. Tu ciudad en otra perspectiva.","publisher":{"@id":"http:\/\/www.reconoce.mx\/#organization"},"potentialAction":[{"@type":"SearchAction","target":{"@type":"EntryPoint","urlTemplate":"http:\/\/www.reconoce.mx\/?s={search_term_string}"},"query-input":{"@type":"PropertyValueSpecification","valueRequired":true,"valueName":"search_term_string"}}],"inLanguage":"es"},{"@type":"Organization","@id":"http:\/\/www.reconoce.mx\/#organization","name":"Reconoce MX","url":"http:\/\/www.reconoce.mx\/","logo":{"@type":"ImageObject","inLanguage":"es","@id":"http:\/\/www.reconoce.mx\/#\/schema\/logo\/image\/","url":"https:\/\/www.reconoce.mx\/wp-content\/uploads\/2019\/03\/logorcmx-good-1.png","contentUrl":"https:\/\/www.reconoce.mx\/wp-content\/uploads\/2019\/03\/logorcmx-good-1.png","width":280,"height":90,"caption":"Reconoce MX"},"image":{"@id":"http:\/\/www.reconoce.mx\/#\/schema\/logo\/image\/"},"sameAs":["https:\/\/es-la.facebook.com\/ReconoceMX\/","https:\/\/x.com\/reconocemx","http:\/\/@reconocemx"]},{"@type":"Person","@id":"http:\/\/www.reconoce.mx\/#\/schema\/person\/2117e997d7051dc15d6880eaf9bca0b2","name":"Reconoce MX","image":{"@type":"ImageObject","inLanguage":"es","@id":"http:\/\/www.reconoce.mx\/#\/schema\/person\/image\/","url":"https:\/\/secure.gravatar.com\/avatar\/6c8d4dc7569ca1c90c5fdcc349f839d5ddef6fe1e70b4337ead2ef1a4c43fc3a?s=96&d=identicon&r=g","contentUrl":"https:\/\/secure.gravatar.com\/avatar\/6c8d4dc7569ca1c90c5fdcc349f839d5ddef6fe1e70b4337ead2ef1a4c43fc3a?s=96&d=identicon&r=g","caption":"Reconoce MX"},"description":"Reconoce MX es un proyecto de difusi\u00f3n art\u00edstica, cultural y de conciencia social que est\u00e1 enfocado a difundir y fomentar el entretenimiento alternativo de calidad para todo el p\u00fablico que comparta el mismo entusiasmo.","sameAs":["http:\/\/www.reconoce.mx"],"url":"http:\/\/www.reconoce.mx\/?author=2"}]}},"_links":{"self":[{"href":"http:\/\/www.reconoce.mx\/index.php?rest_route=\/wp\/v2\/posts\/78614","targetHints":{"allow":["GET"]}}],"collection":[{"href":"http:\/\/www.reconoce.mx\/index.php?rest_route=\/wp\/v2\/posts"}],"about":[{"href":"http:\/\/www.reconoce.mx\/index.php?rest_route=\/wp\/v2\/types\/post"}],"author":[{"embeddable":true,"href":"http:\/\/www.reconoce.mx\/index.php?rest_route=\/wp\/v2\/users\/2"}],"replies":[{"embeddable":true,"href":"http:\/\/www.reconoce.mx\/index.php?rest_route=%2Fwp%2Fv2%2Fcomments&post=78614"}],"version-history":[{"count":2,"href":"http:\/\/www.reconoce.mx\/index.php?rest_route=\/wp\/v2\/posts\/78614\/revisions"}],"predecessor-version":[{"id":78618,"href":"http:\/\/www.reconoce.mx\/index.php?rest_route=\/wp\/v2\/posts\/78614\/revisions\/78618"}],"wp:featuredmedia":[{"embeddable":true,"href":"http:\/\/www.reconoce.mx\/index.php?rest_route=\/wp\/v2\/media\/78616"}],"wp:attachment":[{"href":"http:\/\/www.reconoce.mx\/index.php?rest_route=%2Fwp%2Fv2%2Fmedia&parent=78614"}],"wp:term":[{"taxonomy":"category","embeddable":true,"href":"http:\/\/www.reconoce.mx\/index.php?rest_route=%2Fwp%2Fv2%2Fcategories&post=78614"},{"taxonomy":"post_tag","embeddable":true,"href":"http:\/\/www.reconoce.mx\/index.php?rest_route=%2Fwp%2Fv2%2Ftags&post=78614"}],"curies":[{"name":"wp","href":"https:\/\/api.w.org\/{rel}","templated":true}]}}