{"id":78625,"date":"2018-12-03T00:04:49","date_gmt":"2018-12-03T06:04:49","guid":{"rendered":"http:\/\/www.reconoce.mx\/?p=78625"},"modified":"2018-12-03T07:54:05","modified_gmt":"2018-12-03T13:54:05","slug":"el-grinch-el-clasico-navideno-regresa-con-una-nueva-version-animada","status":"publish","type":"post","link":"http:\/\/www.reconoce.mx\/?p=78625","title":{"rendered":"\u00abEl Grinch\u00bb: el cl\u00e1sico navide\u00f1o regresa con una nueva versi\u00f3n animada"},"content":{"rendered":"<p><strong>Por <a title=\"@AsfaltosTweets\" href=\"http:\/\/twitter.com\/AsfaltosTweets\" target=\"_blank\" rel=\"noopener noreferrer\">Asfaltos<\/a><\/strong>.<\/p>\n<p>Lanzado en 1955 como parte del poema \u00abThe Hoobub and the Grinch\u00bb, posteriormente protagonista en 1957 con su propio libro titulado \u00abHow the Grinch Stole Christmas\u00bb y finalmente mega popularizado en 1966 con una pel\u00edcula del mismo nombre, el <strong>Grinch<\/strong> es sin duda una de las creaciones m\u00e1s famosas del autor, cartonista, poeta, animador, guionista, cineasta y artista, <strong>Dr. Seuss<\/strong> (Theodor Seuss Geisel). Pues bien, en el marco de las fiestas de fin de a\u00f1o de este 2018, llega bajo el sello de <strong>Illumination<\/strong> (creadores de \u00abMi villano favorito\u00bb y \u00abLos Minions\u00bb) una versi\u00f3n m\u00e1s de esta historia: \u00abEl Grinch\u00bb (2018).<\/p>\n<p><a href=\"http:\/\/www.reconoce.mx\/wp-content\/uploads\/2018\/12\/grinch-poster.jpg\"><img loading=\"lazy\" decoding=\"async\" class=\"aligncenter size-full wp-image-78624\" src=\"http:\/\/www.reconoce.mx\/wp-content\/uploads\/2018\/12\/grinch-poster.jpg\" alt=\"\" width=\"719\" height=\"1019\" srcset=\"http:\/\/www.reconoce.mx\/wp-content\/uploads\/2018\/12\/grinch-poster.jpg 719w, http:\/\/www.reconoce.mx\/wp-content\/uploads\/2018\/12\/grinch-poster-212x300.jpg 212w, http:\/\/www.reconoce.mx\/wp-content\/uploads\/2018\/12\/grinch-poster-150x213.jpg 150w, http:\/\/www.reconoce.mx\/wp-content\/uploads\/2018\/12\/grinch-poster-700x992.jpg 700w, http:\/\/www.reconoce.mx\/wp-content\/uploads\/2018\/12\/grinch-poster-658x933.jpg 658w, http:\/\/www.reconoce.mx\/wp-content\/uploads\/2018\/12\/grinch-poster-300x425.jpg 300w\" sizes=\"auto, (max-width: 719px) 100vw, 719px\" \/><\/a><\/p>\n<p>En 3D, con la calidad que le conocemos ya a <strong>Illumination Entretainment<\/strong>, \u00abEl Grinch\u00bb llega ahora para presentarnos una versi\u00f3n moderna del cl\u00e1sico de 1957 dirigido por<strong> Chuck Jones<\/strong>. Con esta versi\u00f3n, la segunda animada, son ya tres adaptaciones f\u00edlmicas del cl\u00e1sico de fin de a\u00f1o que cuenta c\u00f3mo el <strong>Grinch<\/strong> se rob\u00f3 la navidad en la pac\u00edfica y amorosa Villa Qui\u00e9n. \u00abEl Grinch\u00bb est\u00e1 dirigida por<strong> Scott Mosier<\/strong> y <strong>Yarrow Cheney<\/strong> -\u00e9ste \u00faltimo codirector de \u00abLa vida secreta de tus mascotas\u00bb (2016)-.<\/p>\n<p>Para la nueva versi\u00f3n de 2018 el argumento se mantiene, aunque con algunos a\u00f1adidos. Hay que recordar que la pel\u00edcula original dur\u00f3 apenas 26 minutos, mientras que la que se estrena este pr\u00f3ximo viernes 7 de diciembre llega a los 92 minutos de duraci\u00f3n. S\u00ed, se mantienen el <strong>Grinch<\/strong>, su fiel canino <strong>Max<\/strong> y toda la Villa Qui\u00e9n como ya les conoc\u00edamos; sin embargo se a\u00f1aden la dulce <strong>Cindy Lou Qui\u00e9n<\/strong> y hasta un coqueto y tierno reno llamado <strong>Fred<\/strong>.<\/p>\n<p><a href=\"http:\/\/www.reconoce.mx\/wp-content\/uploads\/2018\/12\/grinch-5.jpg\"><img loading=\"lazy\" decoding=\"async\" class=\"aligncenter size-full wp-image-78623\" src=\"http:\/\/www.reconoce.mx\/wp-content\/uploads\/2018\/12\/grinch-5.jpg\" alt=\"\" width=\"590\" height=\"380\" srcset=\"http:\/\/www.reconoce.mx\/wp-content\/uploads\/2018\/12\/grinch-5.jpg 590w, http:\/\/www.reconoce.mx\/wp-content\/uploads\/2018\/12\/grinch-5-300x193.jpg 300w, http:\/\/www.reconoce.mx\/wp-content\/uploads\/2018\/12\/grinch-5-150x97.jpg 150w\" sizes=\"auto, (max-width: 590px) 100vw, 590px\" \/><\/a><\/p>\n<p>Como buena pel\u00edcula de animaci\u00f3n hollywoodense, \u00abEl Grinch\u00bb resulta impecable en lo que respecta a su desarrollo; el mundo imaginado por <strong>Dr. Seuss<\/strong> es aumentado gracias a la tecnolog\u00eda disponible. La Villa Qui\u00e9n luce maravillosamente navide\u00f1a, colorida e iluminada; mientras que el refugio del <strong>Grinch<\/strong> es oscuro, solitario pero tambi\u00e9n dotado de una gran imaginaci\u00f3n por los artefactos y tecnolog\u00eda que le acompa\u00f1an a \u00e9l y a su fiel compa\u00f1ero <strong>Max<\/strong>. Los dise\u00f1os de el <strong>Grinch<\/strong> y <strong>Max<\/strong>, si bien se adaptan al estilo de animaci\u00f3n de <strong>Illumination<\/strong>, mantienen las facciones que les otorg\u00f3 en su momento el propio <strong>Dr. Seuss<\/strong>.<\/p>\n<p>En lo que respecta a las trama a\u00f1adidas, principalmente la de <strong>Cindy Lou Qui\u00e9n<\/strong> y la del reno <strong>Fred<\/strong>, hay que decir que funcionan bien alrededor de la historia central que ya conocemos. Cindy Lou desarrolla el personaje de la ni\u00f1a original que vimos ya en la pel\u00edcula animada de 1966, mientras que Fred suma risas y muchos momentos tiernos que ser\u00e1n sin duda apreciados por chicos y grandes. Ambas tramas a\u00f1aden un elemento familiar que redondea mejor, a mi parecer, el final de la historia original.<\/p>\n<p><a href=\"http:\/\/www.reconoce.mx\/wp-content\/uploads\/2018\/12\/grinch-4.jpg\"><img loading=\"lazy\" decoding=\"async\" class=\"aligncenter size-full wp-image-78622\" src=\"http:\/\/www.reconoce.mx\/wp-content\/uploads\/2018\/12\/grinch-4.jpg\" alt=\"\" width=\"590\" height=\"380\" srcset=\"http:\/\/www.reconoce.mx\/wp-content\/uploads\/2018\/12\/grinch-4.jpg 590w, http:\/\/www.reconoce.mx\/wp-content\/uploads\/2018\/12\/grinch-4-300x193.jpg 300w, http:\/\/www.reconoce.mx\/wp-content\/uploads\/2018\/12\/grinch-4-150x97.jpg 150w\" sizes=\"auto, (max-width: 590px) 100vw, 590px\" \/><\/a><\/p>\n<p>En lo que respecta a las voces de esta nueva versi\u00f3n, en ingl\u00e9s el <strong>Grinch<\/strong> cuenta con el talento del brit\u00e1nico <strong>Benedict Cumberbatch<\/strong>, mientras que en espa\u00f1ol latino -por lo menos en M\u00e9xico- el encargado es <strong>Eugenio Derbez<\/strong>. S\u00ed, no salten, Eugenio realiza un buen trabajo, aunque por momentos a uno le llegue a incomodar identificar su voz al principio. Al final con la historia y lo que vemos en pantalla, la voz pasa a un segundo plano.<\/p>\n<p>Sobre la m\u00fasica destaco una reversi\u00f3n del cl\u00e1sico \u00abYou&#8217;re a Mean One, Mr. Grinch\u00bb, as\u00ed como un tema nuevo titulado \u00abI Am the Grinch\u00bb; ambos interpretados por<strong> Tyler, the Creator<\/strong>. Para el <em>score<\/em> original se cont\u00f3 con el talento de <strong>Danny Elfman<\/strong>, y complementan la banda sonora artistas como <strong>Run-D.M.C.<\/strong>, <strong>The Supremes<\/strong> y <strong>Nat King Cole<\/strong> con su cl\u00e1sico \u00abThe Christmas Song (Merry Christmas to You)\u00bb.<\/p>\n<style>.embed-container { position: relative; padding-bottom: 56.25%; height: 0; overflow: hidden; max-width: 100%; } .embed-container iframe, .embed-container object, .embed-container embed { position: absolute; top: 0; left: 0; width: 100%; height: 100%; }<\/style>\n<div class=\"embed-container\"><iframe src=\"https:\/\/www.youtube.com\/embed\/6hC6UhcMqmQ\" frameborder=\"0\" allowfullscreen=\"allowfullscreen\"><\/iframe><\/div>\n<p>&nbsp;<\/p>\n<p>Si de comparaciones se trata, \u00ab\u00a1C\u00f3mo el Grinch rob\u00f3 la Navidad!\u00bb (1966) sigue siendo incomparable; el haber sido realizada por el ganador del \u00d3scar <strong>Chuck Jones<\/strong> y con la voz de la s\u00faper estrella <strong>Boris Karloff<\/strong> (quien narr\u00f3 y dio voz al <strong>Grinch<\/strong>), resulta insuperable. Sin embargo \u00abEl Grinch\u00bb cumple absolutamente con la encomienda, resultando en un entretenido relato navide\u00f1o que atrapar\u00e1 la imaginaci\u00f3n de los m\u00e1s peque\u00f1os, y que sin duda mantendr\u00e1 divertidos y alegres a los grandes tambi\u00e9n.<\/p>\n<p>\u00abEl Grinch\u00bb estrena este viernes 7 de diciembre para terminar de calentar los \u00e1nimos rumbo a las fiestas de fin de a\u00f1o. Y ustedes, \u00bfde qu\u00e9 lado de la historia est\u00e1n? \u00bfSon como los amorosos habitantes de Villa Qui\u00e9n? \u00bfO acaso son tan malos como el mism\u00edsimo se\u00f1or <strong>Grinch<\/strong>?<\/p>\n<p style=\"text-align: right;\">Con im\u00e1genes cortes de <strong>Universal Pictures M\u00e9xico<\/strong>.<\/p>\n<p>&nbsp;<\/p>\n<p>&nbsp;<\/p>\n","protected":false},"excerpt":{"rendered":"<p>En el marco de las fiestas de fin de a\u00f1o de este 2018, llega bajo el sello de Illumination (creadores de \u00abMi villano favorito\u00bb y \u00abLos Minions\u00bb) una versi\u00f3n m\u00e1s de esta historia: \u00abEl Grinch\u00bb (2018).<\/p>\n","protected":false},"author":2,"featured_media":78628,"comment_status":"open","ping_status":"open","sticky":false,"template":"","format":"standard","meta":{"footnotes":""},"categories":[24,1,17],"tags":[],"class_list":["post-78625","post","type-post","status-publish","format-standard","has-post-thumbnail","hentry","category-cine","category-cultura","category-principal"],"yoast_head":"<!-- This site is optimized with the Yoast SEO plugin v24.7 - https:\/\/yoast.com\/wordpress\/plugins\/seo\/ -->\n<title>&quot;El Grinch&quot;: el cl\u00e1sico navide\u00f1o regresa con una nueva versi\u00f3n animada &#171; Reconoce MX<\/title>\n<meta name=\"robots\" content=\"index, follow, max-snippet:-1, max-image-preview:large, max-video-preview:-1\" \/>\n<link rel=\"canonical\" href=\"https:\/\/www.reconoce.mx\/?p=78625\" \/>\n<meta property=\"og:locale\" content=\"es_ES\" \/>\n<meta property=\"og:type\" content=\"article\" \/>\n<meta property=\"og:title\" content=\"&quot;El Grinch&quot;: el cl\u00e1sico navide\u00f1o regresa con una nueva versi\u00f3n animada &#171; Reconoce MX\" \/>\n<meta property=\"og:description\" content=\"En el marco de las fiestas de fin de a\u00f1o de este 2018, llega bajo el sello de Illumination (creadores de &quot;Mi villano favorito&quot; y &quot;Los Minions&quot;) una versi\u00f3n m\u00e1s de esta historia: &quot;El Grinch&quot; (2018).\" \/>\n<meta property=\"og:url\" content=\"https:\/\/www.reconoce.mx\/?p=78625\" \/>\n<meta property=\"og:site_name\" content=\"Reconoce MX\" \/>\n<meta property=\"article:publisher\" content=\"https:\/\/es-la.facebook.com\/ReconoceMX\/\" \/>\n<meta property=\"article:published_time\" content=\"2018-12-03T06:04:49+00:00\" \/>\n<meta property=\"article:modified_time\" content=\"2018-12-03T13:54:05+00:00\" \/>\n<meta property=\"og:image\" content=\"https:\/\/www.reconoce.mx\/wp-content\/uploads\/2018\/12\/grinch-1-1.jpg\" \/>\n\t<meta property=\"og:image:width\" content=\"590\" \/>\n\t<meta property=\"og:image:height\" content=\"380\" \/>\n\t<meta property=\"og:image:type\" content=\"image\/jpeg\" \/>\n<meta name=\"author\" content=\"Reconoce MX\" \/>\n<meta name=\"twitter:card\" content=\"summary_large_image\" \/>\n<meta name=\"twitter:creator\" content=\"@reconocemx\" \/>\n<meta name=\"twitter:site\" content=\"@reconocemx\" \/>\n<meta name=\"twitter:label1\" content=\"Escrito por\" \/>\n\t<meta name=\"twitter:data1\" content=\"Reconoce MX\" \/>\n\t<meta name=\"twitter:label2\" content=\"Tiempo de lectura\" \/>\n\t<meta name=\"twitter:data2\" content=\"4 minutos\" \/>\n<script type=\"application\/ld+json\" class=\"yoast-schema-graph\">{\"@context\":\"https:\/\/schema.org\",\"@graph\":[{\"@type\":\"Article\",\"@id\":\"https:\/\/www.reconoce.mx\/?p=78625#article\",\"isPartOf\":{\"@id\":\"https:\/\/www.reconoce.mx\/?p=78625\"},\"author\":{\"name\":\"Reconoce MX\",\"@id\":\"http:\/\/www.reconoce.mx\/#\/schema\/person\/2117e997d7051dc15d6880eaf9bca0b2\"},\"headline\":\"\u00abEl Grinch\u00bb: el cl\u00e1sico navide\u00f1o regresa con una nueva versi\u00f3n animada\",\"datePublished\":\"2018-12-03T06:04:49+00:00\",\"dateModified\":\"2018-12-03T13:54:05+00:00\",\"mainEntityOfPage\":{\"@id\":\"https:\/\/www.reconoce.mx\/?p=78625\"},\"wordCount\":805,\"commentCount\":0,\"publisher\":{\"@id\":\"http:\/\/www.reconoce.mx\/#organization\"},\"image\":{\"@id\":\"https:\/\/www.reconoce.mx\/?p=78625#primaryimage\"},\"thumbnailUrl\":\"http:\/\/www.reconoce.mx\/wp-content\/uploads\/2018\/12\/grinch-1-1.jpg\",\"articleSection\":[\"Cine\",\"Cultura\",\"Principal\"],\"inLanguage\":\"es\",\"potentialAction\":[{\"@type\":\"CommentAction\",\"name\":\"Comment\",\"target\":[\"https:\/\/www.reconoce.mx\/?p=78625#respond\"]}]},{\"@type\":\"WebPage\",\"@id\":\"https:\/\/www.reconoce.mx\/?p=78625\",\"url\":\"https:\/\/www.reconoce.mx\/?p=78625\",\"name\":\"\\\"El Grinch\\\": el cl\u00e1sico navide\u00f1o regresa con una nueva versi\u00f3n animada &#171; Reconoce MX\",\"isPartOf\":{\"@id\":\"http:\/\/www.reconoce.mx\/#website\"},\"primaryImageOfPage\":{\"@id\":\"https:\/\/www.reconoce.mx\/?p=78625#primaryimage\"},\"image\":{\"@id\":\"https:\/\/www.reconoce.mx\/?p=78625#primaryimage\"},\"thumbnailUrl\":\"http:\/\/www.reconoce.mx\/wp-content\/uploads\/2018\/12\/grinch-1-1.jpg\",\"datePublished\":\"2018-12-03T06:04:49+00:00\",\"dateModified\":\"2018-12-03T13:54:05+00:00\",\"breadcrumb\":{\"@id\":\"https:\/\/www.reconoce.mx\/?p=78625#breadcrumb\"},\"inLanguage\":\"es\",\"potentialAction\":[{\"@type\":\"ReadAction\",\"target\":[\"https:\/\/www.reconoce.mx\/?p=78625\"]}]},{\"@type\":\"ImageObject\",\"inLanguage\":\"es\",\"@id\":\"https:\/\/www.reconoce.mx\/?p=78625#primaryimage\",\"url\":\"http:\/\/www.reconoce.mx\/wp-content\/uploads\/2018\/12\/grinch-1-1.jpg\",\"contentUrl\":\"http:\/\/www.reconoce.mx\/wp-content\/uploads\/2018\/12\/grinch-1-1.jpg\",\"width\":590,\"height\":380},{\"@type\":\"BreadcrumbList\",\"@id\":\"https:\/\/www.reconoce.mx\/?p=78625#breadcrumb\",\"itemListElement\":[{\"@type\":\"ListItem\",\"position\":1,\"name\":\"Portada\",\"item\":\"http:\/\/www.reconoce.mx\/\"},{\"@type\":\"ListItem\",\"position\":2,\"name\":\"\u00abEl Grinch\u00bb: el cl\u00e1sico navide\u00f1o regresa con una nueva versi\u00f3n animada\"}]},{\"@type\":\"WebSite\",\"@id\":\"http:\/\/www.reconoce.mx\/#website\",\"url\":\"http:\/\/www.reconoce.mx\/\",\"name\":\"Reconoce MX\",\"description\":\"En Reconoce MX difundimos arte, cultura y conciencia social en M\u00e9xico. Tu ciudad en otra perspectiva.\",\"publisher\":{\"@id\":\"http:\/\/www.reconoce.mx\/#organization\"},\"potentialAction\":[{\"@type\":\"SearchAction\",\"target\":{\"@type\":\"EntryPoint\",\"urlTemplate\":\"http:\/\/www.reconoce.mx\/?s={search_term_string}\"},\"query-input\":{\"@type\":\"PropertyValueSpecification\",\"valueRequired\":true,\"valueName\":\"search_term_string\"}}],\"inLanguage\":\"es\"},{\"@type\":\"Organization\",\"@id\":\"http:\/\/www.reconoce.mx\/#organization\",\"name\":\"Reconoce MX\",\"url\":\"http:\/\/www.reconoce.mx\/\",\"logo\":{\"@type\":\"ImageObject\",\"inLanguage\":\"es\",\"@id\":\"http:\/\/www.reconoce.mx\/#\/schema\/logo\/image\/\",\"url\":\"https:\/\/www.reconoce.mx\/wp-content\/uploads\/2019\/03\/logorcmx-good-1.png\",\"contentUrl\":\"https:\/\/www.reconoce.mx\/wp-content\/uploads\/2019\/03\/logorcmx-good-1.png\",\"width\":280,\"height\":90,\"caption\":\"Reconoce MX\"},\"image\":{\"@id\":\"http:\/\/www.reconoce.mx\/#\/schema\/logo\/image\/\"},\"sameAs\":[\"https:\/\/es-la.facebook.com\/ReconoceMX\/\",\"https:\/\/x.com\/reconocemx\",\"http:\/\/@reconocemx\"]},{\"@type\":\"Person\",\"@id\":\"http:\/\/www.reconoce.mx\/#\/schema\/person\/2117e997d7051dc15d6880eaf9bca0b2\",\"name\":\"Reconoce MX\",\"image\":{\"@type\":\"ImageObject\",\"inLanguage\":\"es\",\"@id\":\"http:\/\/www.reconoce.mx\/#\/schema\/person\/image\/\",\"url\":\"https:\/\/secure.gravatar.com\/avatar\/6c8d4dc7569ca1c90c5fdcc349f839d5ddef6fe1e70b4337ead2ef1a4c43fc3a?s=96&d=identicon&r=g\",\"contentUrl\":\"https:\/\/secure.gravatar.com\/avatar\/6c8d4dc7569ca1c90c5fdcc349f839d5ddef6fe1e70b4337ead2ef1a4c43fc3a?s=96&d=identicon&r=g\",\"caption\":\"Reconoce MX\"},\"description\":\"Reconoce MX es un proyecto de difusi\u00f3n art\u00edstica, cultural y de conciencia social que est\u00e1 enfocado a difundir y fomentar el entretenimiento alternativo de calidad para todo el p\u00fablico que comparta el mismo entusiasmo.\",\"sameAs\":[\"http:\/\/www.reconoce.mx\"],\"url\":\"http:\/\/www.reconoce.mx\/?author=2\"}]}<\/script>\n<!-- \/ Yoast SEO plugin. -->","yoast_head_json":{"title":"\"El Grinch\": el cl\u00e1sico navide\u00f1o regresa con una nueva versi\u00f3n animada &#171; Reconoce MX","robots":{"index":"index","follow":"follow","max-snippet":"max-snippet:-1","max-image-preview":"max-image-preview:large","max-video-preview":"max-video-preview:-1"},"canonical":"https:\/\/www.reconoce.mx\/?p=78625","og_locale":"es_ES","og_type":"article","og_title":"\"El Grinch\": el cl\u00e1sico navide\u00f1o regresa con una nueva versi\u00f3n animada &#171; Reconoce MX","og_description":"En el marco de las fiestas de fin de a\u00f1o de este 2018, llega bajo el sello de Illumination (creadores de \"Mi villano favorito\" y \"Los Minions\") una versi\u00f3n m\u00e1s de esta historia: \"El Grinch\" (2018).","og_url":"https:\/\/www.reconoce.mx\/?p=78625","og_site_name":"Reconoce MX","article_publisher":"https:\/\/es-la.facebook.com\/ReconoceMX\/","article_published_time":"2018-12-03T06:04:49+00:00","article_modified_time":"2018-12-03T13:54:05+00:00","og_image":[{"width":590,"height":380,"url":"https:\/\/www.reconoce.mx\/wp-content\/uploads\/2018\/12\/grinch-1-1.jpg","type":"image\/jpeg"}],"author":"Reconoce MX","twitter_card":"summary_large_image","twitter_creator":"@reconocemx","twitter_site":"@reconocemx","twitter_misc":{"Escrito por":"Reconoce MX","Tiempo de lectura":"4 minutos"},"schema":{"@context":"https:\/\/schema.org","@graph":[{"@type":"Article","@id":"https:\/\/www.reconoce.mx\/?p=78625#article","isPartOf":{"@id":"https:\/\/www.reconoce.mx\/?p=78625"},"author":{"name":"Reconoce MX","@id":"http:\/\/www.reconoce.mx\/#\/schema\/person\/2117e997d7051dc15d6880eaf9bca0b2"},"headline":"\u00abEl Grinch\u00bb: el cl\u00e1sico navide\u00f1o regresa con una nueva versi\u00f3n animada","datePublished":"2018-12-03T06:04:49+00:00","dateModified":"2018-12-03T13:54:05+00:00","mainEntityOfPage":{"@id":"https:\/\/www.reconoce.mx\/?p=78625"},"wordCount":805,"commentCount":0,"publisher":{"@id":"http:\/\/www.reconoce.mx\/#organization"},"image":{"@id":"https:\/\/www.reconoce.mx\/?p=78625#primaryimage"},"thumbnailUrl":"http:\/\/www.reconoce.mx\/wp-content\/uploads\/2018\/12\/grinch-1-1.jpg","articleSection":["Cine","Cultura","Principal"],"inLanguage":"es","potentialAction":[{"@type":"CommentAction","name":"Comment","target":["https:\/\/www.reconoce.mx\/?p=78625#respond"]}]},{"@type":"WebPage","@id":"https:\/\/www.reconoce.mx\/?p=78625","url":"https:\/\/www.reconoce.mx\/?p=78625","name":"\"El Grinch\": el cl\u00e1sico navide\u00f1o regresa con una nueva versi\u00f3n animada &#171; Reconoce MX","isPartOf":{"@id":"http:\/\/www.reconoce.mx\/#website"},"primaryImageOfPage":{"@id":"https:\/\/www.reconoce.mx\/?p=78625#primaryimage"},"image":{"@id":"https:\/\/www.reconoce.mx\/?p=78625#primaryimage"},"thumbnailUrl":"http:\/\/www.reconoce.mx\/wp-content\/uploads\/2018\/12\/grinch-1-1.jpg","datePublished":"2018-12-03T06:04:49+00:00","dateModified":"2018-12-03T13:54:05+00:00","breadcrumb":{"@id":"https:\/\/www.reconoce.mx\/?p=78625#breadcrumb"},"inLanguage":"es","potentialAction":[{"@type":"ReadAction","target":["https:\/\/www.reconoce.mx\/?p=78625"]}]},{"@type":"ImageObject","inLanguage":"es","@id":"https:\/\/www.reconoce.mx\/?p=78625#primaryimage","url":"http:\/\/www.reconoce.mx\/wp-content\/uploads\/2018\/12\/grinch-1-1.jpg","contentUrl":"http:\/\/www.reconoce.mx\/wp-content\/uploads\/2018\/12\/grinch-1-1.jpg","width":590,"height":380},{"@type":"BreadcrumbList","@id":"https:\/\/www.reconoce.mx\/?p=78625#breadcrumb","itemListElement":[{"@type":"ListItem","position":1,"name":"Portada","item":"http:\/\/www.reconoce.mx\/"},{"@type":"ListItem","position":2,"name":"\u00abEl Grinch\u00bb: el cl\u00e1sico navide\u00f1o regresa con una nueva versi\u00f3n animada"}]},{"@type":"WebSite","@id":"http:\/\/www.reconoce.mx\/#website","url":"http:\/\/www.reconoce.mx\/","name":"Reconoce MX","description":"En Reconoce MX difundimos arte, cultura y conciencia social en M\u00e9xico. Tu ciudad en otra perspectiva.","publisher":{"@id":"http:\/\/www.reconoce.mx\/#organization"},"potentialAction":[{"@type":"SearchAction","target":{"@type":"EntryPoint","urlTemplate":"http:\/\/www.reconoce.mx\/?s={search_term_string}"},"query-input":{"@type":"PropertyValueSpecification","valueRequired":true,"valueName":"search_term_string"}}],"inLanguage":"es"},{"@type":"Organization","@id":"http:\/\/www.reconoce.mx\/#organization","name":"Reconoce MX","url":"http:\/\/www.reconoce.mx\/","logo":{"@type":"ImageObject","inLanguage":"es","@id":"http:\/\/www.reconoce.mx\/#\/schema\/logo\/image\/","url":"https:\/\/www.reconoce.mx\/wp-content\/uploads\/2019\/03\/logorcmx-good-1.png","contentUrl":"https:\/\/www.reconoce.mx\/wp-content\/uploads\/2019\/03\/logorcmx-good-1.png","width":280,"height":90,"caption":"Reconoce MX"},"image":{"@id":"http:\/\/www.reconoce.mx\/#\/schema\/logo\/image\/"},"sameAs":["https:\/\/es-la.facebook.com\/ReconoceMX\/","https:\/\/x.com\/reconocemx","http:\/\/@reconocemx"]},{"@type":"Person","@id":"http:\/\/www.reconoce.mx\/#\/schema\/person\/2117e997d7051dc15d6880eaf9bca0b2","name":"Reconoce MX","image":{"@type":"ImageObject","inLanguage":"es","@id":"http:\/\/www.reconoce.mx\/#\/schema\/person\/image\/","url":"https:\/\/secure.gravatar.com\/avatar\/6c8d4dc7569ca1c90c5fdcc349f839d5ddef6fe1e70b4337ead2ef1a4c43fc3a?s=96&d=identicon&r=g","contentUrl":"https:\/\/secure.gravatar.com\/avatar\/6c8d4dc7569ca1c90c5fdcc349f839d5ddef6fe1e70b4337ead2ef1a4c43fc3a?s=96&d=identicon&r=g","caption":"Reconoce MX"},"description":"Reconoce MX es un proyecto de difusi\u00f3n art\u00edstica, cultural y de conciencia social que est\u00e1 enfocado a difundir y fomentar el entretenimiento alternativo de calidad para todo el p\u00fablico que comparta el mismo entusiasmo.","sameAs":["http:\/\/www.reconoce.mx"],"url":"http:\/\/www.reconoce.mx\/?author=2"}]}},"_links":{"self":[{"href":"http:\/\/www.reconoce.mx\/index.php?rest_route=\/wp\/v2\/posts\/78625","targetHints":{"allow":["GET"]}}],"collection":[{"href":"http:\/\/www.reconoce.mx\/index.php?rest_route=\/wp\/v2\/posts"}],"about":[{"href":"http:\/\/www.reconoce.mx\/index.php?rest_route=\/wp\/v2\/types\/post"}],"author":[{"embeddable":true,"href":"http:\/\/www.reconoce.mx\/index.php?rest_route=\/wp\/v2\/users\/2"}],"replies":[{"embeddable":true,"href":"http:\/\/www.reconoce.mx\/index.php?rest_route=%2Fwp%2Fv2%2Fcomments&post=78625"}],"version-history":[{"count":2,"href":"http:\/\/www.reconoce.mx\/index.php?rest_route=\/wp\/v2\/posts\/78625\/revisions"}],"predecessor-version":[{"id":78630,"href":"http:\/\/www.reconoce.mx\/index.php?rest_route=\/wp\/v2\/posts\/78625\/revisions\/78630"}],"wp:featuredmedia":[{"embeddable":true,"href":"http:\/\/www.reconoce.mx\/index.php?rest_route=\/wp\/v2\/media\/78628"}],"wp:attachment":[{"href":"http:\/\/www.reconoce.mx\/index.php?rest_route=%2Fwp%2Fv2%2Fmedia&parent=78625"}],"wp:term":[{"taxonomy":"category","embeddable":true,"href":"http:\/\/www.reconoce.mx\/index.php?rest_route=%2Fwp%2Fv2%2Fcategories&post=78625"},{"taxonomy":"post_tag","embeddable":true,"href":"http:\/\/www.reconoce.mx\/index.php?rest_route=%2Fwp%2Fv2%2Ftags&post=78625"}],"curies":[{"name":"wp","href":"https:\/\/api.w.org\/{rel}","templated":true}]}}