{"id":78640,"date":"2018-12-04T00:03:26","date_gmt":"2018-12-04T06:03:26","guid":{"rendered":"http:\/\/www.reconoce.mx\/?p=78640"},"modified":"2018-12-04T07:29:08","modified_gmt":"2018-12-04T13:29:08","slug":"indiocatrina2018-entrevista-bandalos-chinos-un-orgullo-estar-en-este-festival","status":"publish","type":"post","link":"http:\/\/www.reconoce.mx\/?p=78640","title":{"rendered":"#IndioCatrina2018 \u2013 Entrevista Bandalos Chinos: un orgullo estar en este festival"},"content":{"rendered":"<p><strong>Por <a href=\"https:\/\/twitter.com\/heelraff\" target=\"_blank\" rel=\"noopener noreferrer\">Rafael P\u00e9rez Aldana<\/a>.<\/strong><\/p>\n<p>Tuvimos la oportunidad de platicar un poco con <strong>\u00abGoyo\u00bb Degano<\/strong>, vocalista y tecladista de la banda argentina de rock, <strong>Bandalos Chinos<\/strong>. Los argentinos se encuentran en nuestro pa\u00eds para promocionar su \u00faltimo \u00e1lbum \u201cBach\u201d, una producci\u00f3n cargada de melod\u00edas frescas con un poco de sonidos funk y tecno; y en donde destacan \u201cTu \u00f3rbita\u201d, \u201cDemasiado\u201d y la favorita de los fans \u201cV\u00e1monos de viaje\u201d. Los <strong>Bandalos Chinos<\/strong> se presentaron el 24 de noviembre en el <strong>Foro Indie Rocks!<\/strong> y el pr\u00f3ximo 8 de diciembre estar\u00e1n en el <strong>Festival Catrina<\/strong> que se llevar\u00e1 a cabo en Cholula, Puebla.<\/p>\n<p><iframe title=\"Spotify Embed: BACH\" style=\"border-radius: 12px\" width=\"100%\" height=\"352\" frameborder=\"0\" allowfullscreen allow=\"autoplay; clipboard-write; encrypted-media; fullscreen; picture-in-picture\" loading=\"lazy\" src=\"https:\/\/open.spotify.com\/embed\/album\/4SsEredFwBsSDyu6tF8cCg?utm_source=oembed\"><\/iframe><\/p>\n<p><strong><span style=\"color: #a81f25;\">Reconoce MX<\/span><\/strong>: \u00bfMe puedes contar un poco de qu\u00e9 va su \u00faltimo \u00e1lbum \u201cBach\u201d?<\/p>\n<p><span style=\"color: #0aa650;\"><strong>\u00abGoyo\u00bb Degano<\/strong><\/span>: Es un disco que cuenta con 11 canciones en donde buscamos tener un sonido m\u00e1s propio y para eso contamos en la producci\u00f3n con <strong>Ad\u00e1n Jodorowsky<\/strong>, quien nos fue de gran ayuda para ir m\u00e1s all\u00e1 y lograr ese sonido nuevo que est\u00e1bamos buscando.<\/p>\n<p><strong><span style=\"color: #a81f25;\">RCMX<\/span><\/strong>: \u00bfC\u00f3mo fue trabajar con Ad\u00e1n?<\/p>\n<p><span style=\"color: #0aa650;\"><strong>GD<\/strong><\/span>: Trabajar con Ad\u00e1n fue algo completamente surrealista porque fue muy generoso con nosotros en cuanto a su aporte, con su energ\u00eda y con la manera en que se integro al grupo. Fue una experiencia de mucho aprendizaje y muy reveladora para todos porque aprendimos much\u00edsimo en esta \u00faltima visita al estudio.<\/p>\n<p><span style=\"color: #a81f25;\"><strong>RCMX<\/strong><\/span>: Sus canciones est\u00e1n cargadas de sonidos funk y electro, \u00bfhay alg\u00fan otro ritmo que haya influenciado o que les gustar\u00eda incorporar a su m\u00fasica?<\/p>\n<p><span style=\"color: #0aa650;\"><strong>GD<\/strong><\/span>: Todo el tiempo hay cosas nuevas apareciendo en nuestra m\u00fasica, como dices, quiz\u00e1s haya un poco de funk e incluso en esta \u00faltima etapa aparece la m\u00fasica disco siempre con tintes ochenteros. La verdad es que no decidimos eso conscientemente, es una cosa que se va dando naturalmente, escuchas algo y si compones m\u00fasica definitivamente eso se te va a atravesar en tu propia producci\u00f3n. Es algo mas inconsciente y por eso es m\u00e1s real, m\u00e1s verdadero.<\/p>\n<p><span style=\"color: #a81f25;\"><strong>RCMX<\/strong><\/span>: \u00bfCu\u00e1l fue su experiencia al tocar por primera vez en suelo mexicano?<\/p>\n<p><span style=\"color: #0aa650;\"><strong>GD<\/strong><\/span>: Fue incre\u00edble el poder tocar por primera vez en M\u00e9xico, es algo que ven\u00edamos esperando desde hace muchos a\u00f1os porque como sabes, somos una banda independiente argentina por lo que era un poco complicado el venir debido a una cuesti\u00f3n de generar los recursos; pero al fin se nos dio la oportunidad y estamos muy agradecidos porque el p\u00fablico mexicano es muy c\u00e1lido, conoce las canciones. Son muy buena onda, muy respetuosos y sobre todo valoran nuestra m\u00fasica y nuestro trabajo por lo cual nos sentimos muy a gusto.<\/p>\n<p><span style=\"color: #a81f25;\"><strong>RCMX<\/strong><\/span>: \u00bfQu\u00e9 significa para ustedes ser parte del <em>lineup<\/em> del <strong>Festival Catrina<\/strong>?<\/p>\n<p><span style=\"color: #0aa650;\"><strong>GD<\/strong><\/span>: Para nosotros es un orgullo que nos tengan en cuenta para un festival de esta envergadura en M\u00e9xico, y sobre todo, una gran oportunidad porque los festivales tienen un mont\u00f3n de cosas buenas como el poder llegar a p\u00fablicos nuevos, poder conocer otros artistas y adem\u00e1s que nosotros aprendemos mucho viendo otros shows. Entonces tener la oportunidad de ir al Catrina, tocar y despu\u00e9s quedarnos a ver una serie de shows impresionantes, representa algo muy importante y trascendental para nosotros.<\/p>\n<p><span style=\"color: #a81f25;\"><strong>RCMX<\/strong><\/span>: \u00bfHay alguna presentaci\u00f3n en especial que quieran ver en el <strong>Catrina<\/strong>?<\/p>\n<p><span style=\"color: #0aa650;\"><strong>GD<\/strong><\/span>: Claro, venimos cruz\u00e1ndonos con los <strong>Polaris<\/strong>, nos gustar\u00eda mucho ver la presentaci\u00f3n de <strong>Reyno<\/strong>, y a <strong>Babas\u00f3nicos<\/strong> que aunque son argentinos, no los podemos ver mucho por all\u00e1. Y, \u00bfpor qu\u00e9 no?, ponerle la cereza al pastel y poder ver a <strong>Man\u00e1<\/strong>.<\/p>\n<p>El <strong>Festival Catrina<\/strong> se realizar\u00e1 el pr\u00f3ximo 8 de diciembre en <strong>Parque Pir\u00e1mide<\/strong> de Cholula, Puebla. <a href=\"https:\/\/www.eticket.mx\/masinformacion.aspx?idevento=13525\" target=\"_blank\" rel=\"noopener\">Boletos ya a la venta<\/a>.<\/p>\n<p>&nbsp;<\/p>\n<p>&nbsp;<\/p>\n","protected":false},"excerpt":{"rendered":"<p>Tuvimos la oportunidad de platicar un poco con \u201cGoyo\u201d Degano, vocalista y tecladista de la banda argentina de rock, Bandalos Chinos. <\/p>\n","protected":false},"author":2,"featured_media":78645,"comment_status":"open","ping_status":"open","sticky":false,"template":"","format":"standard","meta":{"footnotes":""},"categories":[1,18,17],"tags":[],"class_list":["post-78640","post","type-post","status-publish","format-standard","has-post-thumbnail","hentry","category-cultura","category-musica","category-principal"],"yoast_head":"<!-- This site is optimized with the Yoast SEO plugin v24.7 - https:\/\/yoast.com\/wordpress\/plugins\/seo\/ -->\n<title>#IndioCatrina2018 \u2013 Entrevista Bandalos Chinos: un orgullo estar en este festival &#171; Reconoce MX<\/title>\n<meta name=\"robots\" content=\"index, follow, max-snippet:-1, max-image-preview:large, max-video-preview:-1\" \/>\n<link rel=\"canonical\" href=\"https:\/\/www.reconoce.mx\/?p=78640\" \/>\n<meta property=\"og:locale\" content=\"es_ES\" \/>\n<meta property=\"og:type\" content=\"article\" \/>\n<meta property=\"og:title\" content=\"#IndioCatrina2018 \u2013 Entrevista Bandalos Chinos: un orgullo estar en este festival &#171; Reconoce MX\" \/>\n<meta property=\"og:description\" content=\"Tuvimos la oportunidad de platicar un poco con \u201cGoyo\u201d Degano, vocalista y tecladista de la banda argentina de rock, Bandalos Chinos.\" \/>\n<meta property=\"og:url\" content=\"https:\/\/www.reconoce.mx\/?p=78640\" \/>\n<meta property=\"og:site_name\" content=\"Reconoce MX\" \/>\n<meta property=\"article:publisher\" content=\"https:\/\/es-la.facebook.com\/ReconoceMX\/\" \/>\n<meta property=\"article:published_time\" content=\"2018-12-04T06:03:26+00:00\" \/>\n<meta property=\"article:modified_time\" content=\"2018-12-04T13:29:08+00:00\" \/>\n<meta property=\"og:image\" content=\"https:\/\/www.reconoce.mx\/wp-content\/uploads\/2018\/12\/bandalos-chinos-cover.jpg\" \/>\n\t<meta property=\"og:image:width\" content=\"590\" \/>\n\t<meta property=\"og:image:height\" content=\"380\" \/>\n\t<meta property=\"og:image:type\" content=\"image\/jpeg\" \/>\n<meta name=\"author\" content=\"Reconoce MX\" \/>\n<meta name=\"twitter:card\" content=\"summary_large_image\" \/>\n<meta name=\"twitter:creator\" content=\"@reconocemx\" \/>\n<meta name=\"twitter:site\" content=\"@reconocemx\" \/>\n<meta name=\"twitter:label1\" content=\"Escrito por\" \/>\n\t<meta name=\"twitter:data1\" content=\"Reconoce MX\" \/>\n\t<meta name=\"twitter:label2\" content=\"Tiempo de lectura\" \/>\n\t<meta name=\"twitter:data2\" content=\"3 minutos\" \/>\n<script type=\"application\/ld+json\" class=\"yoast-schema-graph\">{\"@context\":\"https:\/\/schema.org\",\"@graph\":[{\"@type\":\"Article\",\"@id\":\"https:\/\/www.reconoce.mx\/?p=78640#article\",\"isPartOf\":{\"@id\":\"https:\/\/www.reconoce.mx\/?p=78640\"},\"author\":{\"name\":\"Reconoce MX\",\"@id\":\"http:\/\/www.reconoce.mx\/#\/schema\/person\/2117e997d7051dc15d6880eaf9bca0b2\"},\"headline\":\"#IndioCatrina2018 \u2013 Entrevista Bandalos Chinos: un orgullo estar en este festival\",\"datePublished\":\"2018-12-04T06:03:26+00:00\",\"dateModified\":\"2018-12-04T13:29:08+00:00\",\"mainEntityOfPage\":{\"@id\":\"https:\/\/www.reconoce.mx\/?p=78640\"},\"wordCount\":659,\"commentCount\":0,\"publisher\":{\"@id\":\"http:\/\/www.reconoce.mx\/#organization\"},\"image\":{\"@id\":\"https:\/\/www.reconoce.mx\/?p=78640#primaryimage\"},\"thumbnailUrl\":\"http:\/\/www.reconoce.mx\/wp-content\/uploads\/2018\/12\/bandalos-chinos-cover.jpg\",\"articleSection\":[\"Cultura\",\"M\u00fasica\",\"Principal\"],\"inLanguage\":\"es\",\"potentialAction\":[{\"@type\":\"CommentAction\",\"name\":\"Comment\",\"target\":[\"https:\/\/www.reconoce.mx\/?p=78640#respond\"]}]},{\"@type\":\"WebPage\",\"@id\":\"https:\/\/www.reconoce.mx\/?p=78640\",\"url\":\"https:\/\/www.reconoce.mx\/?p=78640\",\"name\":\"#IndioCatrina2018 \u2013 Entrevista Bandalos Chinos: un orgullo estar en este festival &#171; Reconoce MX\",\"isPartOf\":{\"@id\":\"http:\/\/www.reconoce.mx\/#website\"},\"primaryImageOfPage\":{\"@id\":\"https:\/\/www.reconoce.mx\/?p=78640#primaryimage\"},\"image\":{\"@id\":\"https:\/\/www.reconoce.mx\/?p=78640#primaryimage\"},\"thumbnailUrl\":\"http:\/\/www.reconoce.mx\/wp-content\/uploads\/2018\/12\/bandalos-chinos-cover.jpg\",\"datePublished\":\"2018-12-04T06:03:26+00:00\",\"dateModified\":\"2018-12-04T13:29:08+00:00\",\"breadcrumb\":{\"@id\":\"https:\/\/www.reconoce.mx\/?p=78640#breadcrumb\"},\"inLanguage\":\"es\",\"potentialAction\":[{\"@type\":\"ReadAction\",\"target\":[\"https:\/\/www.reconoce.mx\/?p=78640\"]}]},{\"@type\":\"ImageObject\",\"inLanguage\":\"es\",\"@id\":\"https:\/\/www.reconoce.mx\/?p=78640#primaryimage\",\"url\":\"http:\/\/www.reconoce.mx\/wp-content\/uploads\/2018\/12\/bandalos-chinos-cover.jpg\",\"contentUrl\":\"http:\/\/www.reconoce.mx\/wp-content\/uploads\/2018\/12\/bandalos-chinos-cover.jpg\",\"width\":590,\"height\":380},{\"@type\":\"BreadcrumbList\",\"@id\":\"https:\/\/www.reconoce.mx\/?p=78640#breadcrumb\",\"itemListElement\":[{\"@type\":\"ListItem\",\"position\":1,\"name\":\"Portada\",\"item\":\"http:\/\/www.reconoce.mx\/\"},{\"@type\":\"ListItem\",\"position\":2,\"name\":\"#IndioCatrina2018 \u2013 Entrevista Bandalos Chinos: un orgullo estar en este festival\"}]},{\"@type\":\"WebSite\",\"@id\":\"http:\/\/www.reconoce.mx\/#website\",\"url\":\"http:\/\/www.reconoce.mx\/\",\"name\":\"Reconoce MX\",\"description\":\"En Reconoce MX difundimos arte, cultura y conciencia social en M\u00e9xico. Tu ciudad en otra perspectiva.\",\"publisher\":{\"@id\":\"http:\/\/www.reconoce.mx\/#organization\"},\"potentialAction\":[{\"@type\":\"SearchAction\",\"target\":{\"@type\":\"EntryPoint\",\"urlTemplate\":\"http:\/\/www.reconoce.mx\/?s={search_term_string}\"},\"query-input\":{\"@type\":\"PropertyValueSpecification\",\"valueRequired\":true,\"valueName\":\"search_term_string\"}}],\"inLanguage\":\"es\"},{\"@type\":\"Organization\",\"@id\":\"http:\/\/www.reconoce.mx\/#organization\",\"name\":\"Reconoce MX\",\"url\":\"http:\/\/www.reconoce.mx\/\",\"logo\":{\"@type\":\"ImageObject\",\"inLanguage\":\"es\",\"@id\":\"http:\/\/www.reconoce.mx\/#\/schema\/logo\/image\/\",\"url\":\"https:\/\/www.reconoce.mx\/wp-content\/uploads\/2019\/03\/logorcmx-good-1.png\",\"contentUrl\":\"https:\/\/www.reconoce.mx\/wp-content\/uploads\/2019\/03\/logorcmx-good-1.png\",\"width\":280,\"height\":90,\"caption\":\"Reconoce MX\"},\"image\":{\"@id\":\"http:\/\/www.reconoce.mx\/#\/schema\/logo\/image\/\"},\"sameAs\":[\"https:\/\/es-la.facebook.com\/ReconoceMX\/\",\"https:\/\/x.com\/reconocemx\",\"http:\/\/@reconocemx\"]},{\"@type\":\"Person\",\"@id\":\"http:\/\/www.reconoce.mx\/#\/schema\/person\/2117e997d7051dc15d6880eaf9bca0b2\",\"name\":\"Reconoce MX\",\"image\":{\"@type\":\"ImageObject\",\"inLanguage\":\"es\",\"@id\":\"http:\/\/www.reconoce.mx\/#\/schema\/person\/image\/\",\"url\":\"https:\/\/secure.gravatar.com\/avatar\/6c8d4dc7569ca1c90c5fdcc349f839d5ddef6fe1e70b4337ead2ef1a4c43fc3a?s=96&d=identicon&r=g\",\"contentUrl\":\"https:\/\/secure.gravatar.com\/avatar\/6c8d4dc7569ca1c90c5fdcc349f839d5ddef6fe1e70b4337ead2ef1a4c43fc3a?s=96&d=identicon&r=g\",\"caption\":\"Reconoce MX\"},\"description\":\"Reconoce MX es un proyecto de difusi\u00f3n art\u00edstica, cultural y de conciencia social que est\u00e1 enfocado a difundir y fomentar el entretenimiento alternativo de calidad para todo el p\u00fablico que comparta el mismo entusiasmo.\",\"sameAs\":[\"http:\/\/www.reconoce.mx\"],\"url\":\"http:\/\/www.reconoce.mx\/?author=2\"}]}<\/script>\n<!-- \/ Yoast SEO plugin. -->","yoast_head_json":{"title":"#IndioCatrina2018 \u2013 Entrevista Bandalos Chinos: un orgullo estar en este festival &#171; Reconoce MX","robots":{"index":"index","follow":"follow","max-snippet":"max-snippet:-1","max-image-preview":"max-image-preview:large","max-video-preview":"max-video-preview:-1"},"canonical":"https:\/\/www.reconoce.mx\/?p=78640","og_locale":"es_ES","og_type":"article","og_title":"#IndioCatrina2018 \u2013 Entrevista Bandalos Chinos: un orgullo estar en este festival &#171; Reconoce MX","og_description":"Tuvimos la oportunidad de platicar un poco con \u201cGoyo\u201d Degano, vocalista y tecladista de la banda argentina de rock, Bandalos Chinos.","og_url":"https:\/\/www.reconoce.mx\/?p=78640","og_site_name":"Reconoce MX","article_publisher":"https:\/\/es-la.facebook.com\/ReconoceMX\/","article_published_time":"2018-12-04T06:03:26+00:00","article_modified_time":"2018-12-04T13:29:08+00:00","og_image":[{"width":590,"height":380,"url":"https:\/\/www.reconoce.mx\/wp-content\/uploads\/2018\/12\/bandalos-chinos-cover.jpg","type":"image\/jpeg"}],"author":"Reconoce MX","twitter_card":"summary_large_image","twitter_creator":"@reconocemx","twitter_site":"@reconocemx","twitter_misc":{"Escrito por":"Reconoce MX","Tiempo de lectura":"3 minutos"},"schema":{"@context":"https:\/\/schema.org","@graph":[{"@type":"Article","@id":"https:\/\/www.reconoce.mx\/?p=78640#article","isPartOf":{"@id":"https:\/\/www.reconoce.mx\/?p=78640"},"author":{"name":"Reconoce MX","@id":"http:\/\/www.reconoce.mx\/#\/schema\/person\/2117e997d7051dc15d6880eaf9bca0b2"},"headline":"#IndioCatrina2018 \u2013 Entrevista Bandalos Chinos: un orgullo estar en este festival","datePublished":"2018-12-04T06:03:26+00:00","dateModified":"2018-12-04T13:29:08+00:00","mainEntityOfPage":{"@id":"https:\/\/www.reconoce.mx\/?p=78640"},"wordCount":659,"commentCount":0,"publisher":{"@id":"http:\/\/www.reconoce.mx\/#organization"},"image":{"@id":"https:\/\/www.reconoce.mx\/?p=78640#primaryimage"},"thumbnailUrl":"http:\/\/www.reconoce.mx\/wp-content\/uploads\/2018\/12\/bandalos-chinos-cover.jpg","articleSection":["Cultura","M\u00fasica","Principal"],"inLanguage":"es","potentialAction":[{"@type":"CommentAction","name":"Comment","target":["https:\/\/www.reconoce.mx\/?p=78640#respond"]}]},{"@type":"WebPage","@id":"https:\/\/www.reconoce.mx\/?p=78640","url":"https:\/\/www.reconoce.mx\/?p=78640","name":"#IndioCatrina2018 \u2013 Entrevista Bandalos Chinos: un orgullo estar en este festival &#171; Reconoce MX","isPartOf":{"@id":"http:\/\/www.reconoce.mx\/#website"},"primaryImageOfPage":{"@id":"https:\/\/www.reconoce.mx\/?p=78640#primaryimage"},"image":{"@id":"https:\/\/www.reconoce.mx\/?p=78640#primaryimage"},"thumbnailUrl":"http:\/\/www.reconoce.mx\/wp-content\/uploads\/2018\/12\/bandalos-chinos-cover.jpg","datePublished":"2018-12-04T06:03:26+00:00","dateModified":"2018-12-04T13:29:08+00:00","breadcrumb":{"@id":"https:\/\/www.reconoce.mx\/?p=78640#breadcrumb"},"inLanguage":"es","potentialAction":[{"@type":"ReadAction","target":["https:\/\/www.reconoce.mx\/?p=78640"]}]},{"@type":"ImageObject","inLanguage":"es","@id":"https:\/\/www.reconoce.mx\/?p=78640#primaryimage","url":"http:\/\/www.reconoce.mx\/wp-content\/uploads\/2018\/12\/bandalos-chinos-cover.jpg","contentUrl":"http:\/\/www.reconoce.mx\/wp-content\/uploads\/2018\/12\/bandalos-chinos-cover.jpg","width":590,"height":380},{"@type":"BreadcrumbList","@id":"https:\/\/www.reconoce.mx\/?p=78640#breadcrumb","itemListElement":[{"@type":"ListItem","position":1,"name":"Portada","item":"http:\/\/www.reconoce.mx\/"},{"@type":"ListItem","position":2,"name":"#IndioCatrina2018 \u2013 Entrevista Bandalos Chinos: un orgullo estar en este festival"}]},{"@type":"WebSite","@id":"http:\/\/www.reconoce.mx\/#website","url":"http:\/\/www.reconoce.mx\/","name":"Reconoce MX","description":"En Reconoce MX difundimos arte, cultura y conciencia social en M\u00e9xico. Tu ciudad en otra perspectiva.","publisher":{"@id":"http:\/\/www.reconoce.mx\/#organization"},"potentialAction":[{"@type":"SearchAction","target":{"@type":"EntryPoint","urlTemplate":"http:\/\/www.reconoce.mx\/?s={search_term_string}"},"query-input":{"@type":"PropertyValueSpecification","valueRequired":true,"valueName":"search_term_string"}}],"inLanguage":"es"},{"@type":"Organization","@id":"http:\/\/www.reconoce.mx\/#organization","name":"Reconoce MX","url":"http:\/\/www.reconoce.mx\/","logo":{"@type":"ImageObject","inLanguage":"es","@id":"http:\/\/www.reconoce.mx\/#\/schema\/logo\/image\/","url":"https:\/\/www.reconoce.mx\/wp-content\/uploads\/2019\/03\/logorcmx-good-1.png","contentUrl":"https:\/\/www.reconoce.mx\/wp-content\/uploads\/2019\/03\/logorcmx-good-1.png","width":280,"height":90,"caption":"Reconoce MX"},"image":{"@id":"http:\/\/www.reconoce.mx\/#\/schema\/logo\/image\/"},"sameAs":["https:\/\/es-la.facebook.com\/ReconoceMX\/","https:\/\/x.com\/reconocemx","http:\/\/@reconocemx"]},{"@type":"Person","@id":"http:\/\/www.reconoce.mx\/#\/schema\/person\/2117e997d7051dc15d6880eaf9bca0b2","name":"Reconoce MX","image":{"@type":"ImageObject","inLanguage":"es","@id":"http:\/\/www.reconoce.mx\/#\/schema\/person\/image\/","url":"https:\/\/secure.gravatar.com\/avatar\/6c8d4dc7569ca1c90c5fdcc349f839d5ddef6fe1e70b4337ead2ef1a4c43fc3a?s=96&d=identicon&r=g","contentUrl":"https:\/\/secure.gravatar.com\/avatar\/6c8d4dc7569ca1c90c5fdcc349f839d5ddef6fe1e70b4337ead2ef1a4c43fc3a?s=96&d=identicon&r=g","caption":"Reconoce MX"},"description":"Reconoce MX es un proyecto de difusi\u00f3n art\u00edstica, cultural y de conciencia social que est\u00e1 enfocado a difundir y fomentar el entretenimiento alternativo de calidad para todo el p\u00fablico que comparta el mismo entusiasmo.","sameAs":["http:\/\/www.reconoce.mx"],"url":"http:\/\/www.reconoce.mx\/?author=2"}]}},"_links":{"self":[{"href":"http:\/\/www.reconoce.mx\/index.php?rest_route=\/wp\/v2\/posts\/78640","targetHints":{"allow":["GET"]}}],"collection":[{"href":"http:\/\/www.reconoce.mx\/index.php?rest_route=\/wp\/v2\/posts"}],"about":[{"href":"http:\/\/www.reconoce.mx\/index.php?rest_route=\/wp\/v2\/types\/post"}],"author":[{"embeddable":true,"href":"http:\/\/www.reconoce.mx\/index.php?rest_route=\/wp\/v2\/users\/2"}],"replies":[{"embeddable":true,"href":"http:\/\/www.reconoce.mx\/index.php?rest_route=%2Fwp%2Fv2%2Fcomments&post=78640"}],"version-history":[{"count":4,"href":"http:\/\/www.reconoce.mx\/index.php?rest_route=\/wp\/v2\/posts\/78640\/revisions"}],"predecessor-version":[{"id":78647,"href":"http:\/\/www.reconoce.mx\/index.php?rest_route=\/wp\/v2\/posts\/78640\/revisions\/78647"}],"wp:featuredmedia":[{"embeddable":true,"href":"http:\/\/www.reconoce.mx\/index.php?rest_route=\/wp\/v2\/media\/78645"}],"wp:attachment":[{"href":"http:\/\/www.reconoce.mx\/index.php?rest_route=%2Fwp%2Fv2%2Fmedia&parent=78640"}],"wp:term":[{"taxonomy":"category","embeddable":true,"href":"http:\/\/www.reconoce.mx\/index.php?rest_route=%2Fwp%2Fv2%2Fcategories&post=78640"},{"taxonomy":"post_tag","embeddable":true,"href":"http:\/\/www.reconoce.mx\/index.php?rest_route=%2Fwp%2Fv2%2Ftags&post=78640"}],"curies":[{"name":"wp","href":"https:\/\/api.w.org\/{rel}","templated":true}]}}