{"id":78648,"date":"2018-12-04T00:02:49","date_gmt":"2018-12-04T06:02:49","guid":{"rendered":"http:\/\/www.reconoce.mx\/?p=78648"},"modified":"2018-12-04T07:28:56","modified_gmt":"2018-12-04T13:28:56","slug":"adan-jodorowsky-da-detalles-de-su-proximo-show-en-el-plaza","status":"publish","type":"post","link":"http:\/\/www.reconoce.mx\/?p=78648","title":{"rendered":"Ad\u00e1n Jodorowsky da detalles de su pr\u00f3ximo show en El Plaza"},"content":{"rendered":"<p><strong>Por\u00a0<a href=\"https:\/\/twitter.com\/Marhaner7\" target=\"_blank\" rel=\"noopener\">Marlem Su\u00e1rez<\/a>.<\/strong><\/p>\n<p><strong>Adan Jodorowsky<\/strong> est\u00e1 listo para regresar a Ciudad de M\u00e9xico este 14 de diciembre en <strong>El Plaza Condesa<\/strong>; el grupo <strong>Polaris<\/strong> junto con su l\u00edder Pablo Cant\u00fa (baterista de Reyno) ser\u00e1n los encargados de abrir esa noche.<\/p>\n<p><img loading=\"lazy\" decoding=\"async\" class=\"alignnone size-full\" src=\"https:\/\/c1.staticflickr.com\/5\/4824\/32299512588_2355729c45_c.jpg\" width=\"800\" height=\"534\" \/><\/p>\n<p><strong><em>&gt;&gt;<a href=\"https:\/\/www.flickr.com\/photos\/reconocemx\/albums\/72157676335766748\" target=\"_blank\" rel=\"noopener\">Disfruta nuestra galer\u00eda completa de la conferencia de prensa de Ad\u00e1n Jodorowsky<\/a>&lt;&lt;<\/em><\/strong><\/p>\n<p>Este espect\u00e1culo promete ser \u00fanico porque los tres personajes \u00e9picos de Jodorowsky: <strong>El \u00cddolo<\/strong>, <strong>Amador<\/strong> y <strong>Ada<\/strong> revivir\u00e1n en este show donde cambiara de vestimenta y maquillaje durante el evento, \u00a1e incluso de m\u00fasicos!<\/p>\n<p>Para todos los fans les tenemos una gran noticia, pues podr\u00e1n esperar un nuevo disco de Ad\u00e1n; este material contar\u00e1 con 12 tracks y lo empezar\u00e1 a grabar el pr\u00f3ximo a\u00f1o.<\/p>\n<p><img loading=\"lazy\" decoding=\"async\" class=\"alignnone size-full\" src=\"https:\/\/c1.staticflickr.com\/5\/4820\/32299511798_27e48eb31b_c.jpg\" width=\"800\" height=\"534\" \/><\/p>\n<p><strong><em>&gt;&gt;<a href=\"https:\/\/www.flickr.com\/photos\/reconocemx\/albums\/72157676335766748\" target=\"_blank\" rel=\"noopener\">Disfruta nuestra galer\u00eda completa de la conferencia de prensa de Ad\u00e1n Jodorowsky<\/a>&lt;&lt;<\/em><\/strong><\/p>\n<p><strong>Pablo Cant\u00fa<\/strong> expreso su emoci\u00f3n por poder colaborar con el maestro Jodorowsky, pues cont\u00f3 que han tenido peque\u00f1os roces en el estudio de grabaci\u00f3n; Ad\u00e1n es demasiado an\u00e1logo, por el contrario, Pablo ama el mundo digital y ha logrado convencerlo de que saquen as\u00ed su trabajo, pero siempre terminan entendi\u00e9ndose.<\/p>\n<p><strong>Polaris<\/strong> est\u00e1 integrada por Pablo Cant\u00fa, Santiago Carranza, Patricio D\u00e1vila y Diego Rosas; es una propuesta refrescante que busca rescatar lo m\u00e1s sobresaliente de la cultura popular mexicana.<\/p>\n<p><img loading=\"lazy\" decoding=\"async\" class=\"alignnone size-full\" src=\"https:\/\/c1.staticflickr.com\/5\/4896\/46171251771_5e26d7f7ed_c.jpg\" width=\"800\" height=\"534\" \/><\/p>\n<p><strong><em>&gt;&gt;<a href=\"https:\/\/www.flickr.com\/photos\/reconocemx\/albums\/72157676335766748\" target=\"_blank\" rel=\"noopener\">Disfruta nuestra galer\u00eda completa de la conferencia de prensa de Ad\u00e1n Jodorowsky<\/a>&lt;&lt;<\/em><\/strong><\/p>\n<p>Entre los proyectos en los que trabajar\u00e1 Jodorowsky, el pr\u00f3ximo a\u00f1o se encuentran la direcci\u00f3n de un video para <strong>Bandalos Chinos<\/strong>, la producci\u00f3n de otro disco para <strong>Le\u00f3n Larregui<\/strong>, la actuaci\u00f3n en la pel\u00edcula de su padre \u201cViaje esencial\u201d y la culminaci\u00f3n de la producci\u00f3n del disco de <strong>Polaris<\/strong>.<\/p>\n<p>Jodorowsky ha producido los trabajos de varias bandas como Divisi\u00f3n Min\u00fascula, Jumbo, Bandalos Chinos, Daniela Spalla, Le\u00f3n Larregui y Alejandro Arras, entre otros.<\/p>\n<p><img loading=\"lazy\" decoding=\"async\" class=\"alignnone size-full\" src=\"https:\/\/c1.staticflickr.com\/5\/4868\/46171250851_4c0850dac6_c.jpg\" width=\"800\" height=\"534\" \/><\/p>\n<p><strong><em>&gt;&gt;<a href=\"https:\/\/www.flickr.com\/photos\/reconocemx\/albums\/72157676335766748\" target=\"_blank\" rel=\"noopener\">Disfruta nuestra galer\u00eda completa de la conferencia de prensa de Ad\u00e1n Jodorowsky<\/a>&lt;&lt;<\/em><\/strong><\/p>\n<p><strong>Ad\u00e1n Jodorowsky<\/strong> y <strong>Polaris<\/strong> se presentar\u00e1n el viernes 14 de diciembre en <strong>El Plaza Condesa<\/strong>. Boletos a la venta en taquillas del recinto y a trav\u00e9s del Sistema Ticketmaster.<\/p>\n<p>&nbsp;<\/p>\n<p>&nbsp;<\/p>\n","protected":false},"excerpt":{"rendered":"<p>Adan Jodorowsky est\u00e1 listo para regresar a Ciudad de M\u00e9xico este 14 de diciembre en El Plaza Condesa; el grupo Polaris junto con su l\u00edder Pablo Cant\u00fa (baterista de Reyno) ser\u00e1n los encargados de abrir esa noche.<\/p>\n","protected":false},"author":2,"featured_media":78650,"comment_status":"open","ping_status":"open","sticky":false,"template":"","format":"standard","meta":{"footnotes":""},"categories":[1,18,17],"tags":[],"class_list":["post-78648","post","type-post","status-publish","format-standard","has-post-thumbnail","hentry","category-cultura","category-musica","category-principal"],"yoast_head":"<!-- This site is optimized with the Yoast SEO plugin v24.7 - https:\/\/yoast.com\/wordpress\/plugins\/seo\/ -->\n<title>Ad\u00e1n Jodorowsky da detalles de su pr\u00f3ximo show en El Plaza &#171; Reconoce MX<\/title>\n<meta name=\"robots\" content=\"index, follow, max-snippet:-1, max-image-preview:large, max-video-preview:-1\" \/>\n<link rel=\"canonical\" href=\"https:\/\/www.reconoce.mx\/?p=78648\" \/>\n<meta property=\"og:locale\" content=\"es_ES\" \/>\n<meta property=\"og:type\" content=\"article\" \/>\n<meta property=\"og:title\" content=\"Ad\u00e1n Jodorowsky da detalles de su pr\u00f3ximo show en El Plaza &#171; Reconoce MX\" \/>\n<meta property=\"og:description\" content=\"Adan Jodorowsky est\u00e1 listo para regresar a Ciudad de M\u00e9xico este 14 de diciembre en El Plaza Condesa; el grupo Polaris junto con su l\u00edder Pablo Cant\u00fa (baterista de Reyno) ser\u00e1n los encargados de abrir esa noche.\" \/>\n<meta property=\"og:url\" content=\"https:\/\/www.reconoce.mx\/?p=78648\" \/>\n<meta property=\"og:site_name\" content=\"Reconoce MX\" \/>\n<meta property=\"article:publisher\" content=\"https:\/\/es-la.facebook.com\/ReconoceMX\/\" \/>\n<meta property=\"article:published_time\" content=\"2018-12-04T06:02:49+00:00\" \/>\n<meta property=\"article:modified_time\" content=\"2018-12-04T13:28:56+00:00\" \/>\n<meta property=\"og:image\" content=\"https:\/\/www.reconoce.mx\/wp-content\/uploads\/2018\/12\/adan-jodorowsky-cover.jpg\" \/>\n\t<meta property=\"og:image:width\" content=\"590\" \/>\n\t<meta property=\"og:image:height\" content=\"380\" \/>\n\t<meta property=\"og:image:type\" content=\"image\/jpeg\" \/>\n<meta name=\"author\" content=\"Reconoce MX\" \/>\n<meta name=\"twitter:card\" content=\"summary_large_image\" \/>\n<meta name=\"twitter:creator\" content=\"@reconocemx\" \/>\n<meta name=\"twitter:site\" content=\"@reconocemx\" \/>\n<meta name=\"twitter:label1\" content=\"Escrito por\" \/>\n\t<meta name=\"twitter:data1\" content=\"Reconoce MX\" \/>\n\t<meta name=\"twitter:label2\" content=\"Tiempo de lectura\" \/>\n\t<meta name=\"twitter:data2\" content=\"2 minutos\" \/>\n<script type=\"application\/ld+json\" class=\"yoast-schema-graph\">{\"@context\":\"https:\/\/schema.org\",\"@graph\":[{\"@type\":\"Article\",\"@id\":\"https:\/\/www.reconoce.mx\/?p=78648#article\",\"isPartOf\":{\"@id\":\"https:\/\/www.reconoce.mx\/?p=78648\"},\"author\":{\"name\":\"Reconoce MX\",\"@id\":\"http:\/\/www.reconoce.mx\/#\/schema\/person\/2117e997d7051dc15d6880eaf9bca0b2\"},\"headline\":\"Ad\u00e1n Jodorowsky da detalles de su pr\u00f3ximo show en El Plaza\",\"datePublished\":\"2018-12-04T06:02:49+00:00\",\"dateModified\":\"2018-12-04T13:28:56+00:00\",\"mainEntityOfPage\":{\"@id\":\"https:\/\/www.reconoce.mx\/?p=78648\"},\"wordCount\":402,\"commentCount\":0,\"publisher\":{\"@id\":\"http:\/\/www.reconoce.mx\/#organization\"},\"image\":{\"@id\":\"https:\/\/www.reconoce.mx\/?p=78648#primaryimage\"},\"thumbnailUrl\":\"http:\/\/www.reconoce.mx\/wp-content\/uploads\/2018\/12\/adan-jodorowsky-cover.jpg\",\"articleSection\":[\"Cultura\",\"M\u00fasica\",\"Principal\"],\"inLanguage\":\"es\",\"potentialAction\":[{\"@type\":\"CommentAction\",\"name\":\"Comment\",\"target\":[\"https:\/\/www.reconoce.mx\/?p=78648#respond\"]}]},{\"@type\":\"WebPage\",\"@id\":\"https:\/\/www.reconoce.mx\/?p=78648\",\"url\":\"https:\/\/www.reconoce.mx\/?p=78648\",\"name\":\"Ad\u00e1n Jodorowsky da detalles de su pr\u00f3ximo show en El Plaza &#171; Reconoce MX\",\"isPartOf\":{\"@id\":\"http:\/\/www.reconoce.mx\/#website\"},\"primaryImageOfPage\":{\"@id\":\"https:\/\/www.reconoce.mx\/?p=78648#primaryimage\"},\"image\":{\"@id\":\"https:\/\/www.reconoce.mx\/?p=78648#primaryimage\"},\"thumbnailUrl\":\"http:\/\/www.reconoce.mx\/wp-content\/uploads\/2018\/12\/adan-jodorowsky-cover.jpg\",\"datePublished\":\"2018-12-04T06:02:49+00:00\",\"dateModified\":\"2018-12-04T13:28:56+00:00\",\"breadcrumb\":{\"@id\":\"https:\/\/www.reconoce.mx\/?p=78648#breadcrumb\"},\"inLanguage\":\"es\",\"potentialAction\":[{\"@type\":\"ReadAction\",\"target\":[\"https:\/\/www.reconoce.mx\/?p=78648\"]}]},{\"@type\":\"ImageObject\",\"inLanguage\":\"es\",\"@id\":\"https:\/\/www.reconoce.mx\/?p=78648#primaryimage\",\"url\":\"http:\/\/www.reconoce.mx\/wp-content\/uploads\/2018\/12\/adan-jodorowsky-cover.jpg\",\"contentUrl\":\"http:\/\/www.reconoce.mx\/wp-content\/uploads\/2018\/12\/adan-jodorowsky-cover.jpg\",\"width\":590,\"height\":380},{\"@type\":\"BreadcrumbList\",\"@id\":\"https:\/\/www.reconoce.mx\/?p=78648#breadcrumb\",\"itemListElement\":[{\"@type\":\"ListItem\",\"position\":1,\"name\":\"Portada\",\"item\":\"http:\/\/www.reconoce.mx\/\"},{\"@type\":\"ListItem\",\"position\":2,\"name\":\"Ad\u00e1n Jodorowsky da detalles de su pr\u00f3ximo show en El Plaza\"}]},{\"@type\":\"WebSite\",\"@id\":\"http:\/\/www.reconoce.mx\/#website\",\"url\":\"http:\/\/www.reconoce.mx\/\",\"name\":\"Reconoce MX\",\"description\":\"En Reconoce MX difundimos arte, cultura y conciencia social en M\u00e9xico. Tu ciudad en otra perspectiva.\",\"publisher\":{\"@id\":\"http:\/\/www.reconoce.mx\/#organization\"},\"potentialAction\":[{\"@type\":\"SearchAction\",\"target\":{\"@type\":\"EntryPoint\",\"urlTemplate\":\"http:\/\/www.reconoce.mx\/?s={search_term_string}\"},\"query-input\":{\"@type\":\"PropertyValueSpecification\",\"valueRequired\":true,\"valueName\":\"search_term_string\"}}],\"inLanguage\":\"es\"},{\"@type\":\"Organization\",\"@id\":\"http:\/\/www.reconoce.mx\/#organization\",\"name\":\"Reconoce MX\",\"url\":\"http:\/\/www.reconoce.mx\/\",\"logo\":{\"@type\":\"ImageObject\",\"inLanguage\":\"es\",\"@id\":\"http:\/\/www.reconoce.mx\/#\/schema\/logo\/image\/\",\"url\":\"https:\/\/www.reconoce.mx\/wp-content\/uploads\/2019\/03\/logorcmx-good-1.png\",\"contentUrl\":\"https:\/\/www.reconoce.mx\/wp-content\/uploads\/2019\/03\/logorcmx-good-1.png\",\"width\":280,\"height\":90,\"caption\":\"Reconoce MX\"},\"image\":{\"@id\":\"http:\/\/www.reconoce.mx\/#\/schema\/logo\/image\/\"},\"sameAs\":[\"https:\/\/es-la.facebook.com\/ReconoceMX\/\",\"https:\/\/x.com\/reconocemx\",\"http:\/\/@reconocemx\"]},{\"@type\":\"Person\",\"@id\":\"http:\/\/www.reconoce.mx\/#\/schema\/person\/2117e997d7051dc15d6880eaf9bca0b2\",\"name\":\"Reconoce MX\",\"image\":{\"@type\":\"ImageObject\",\"inLanguage\":\"es\",\"@id\":\"http:\/\/www.reconoce.mx\/#\/schema\/person\/image\/\",\"url\":\"https:\/\/secure.gravatar.com\/avatar\/6c8d4dc7569ca1c90c5fdcc349f839d5ddef6fe1e70b4337ead2ef1a4c43fc3a?s=96&d=identicon&r=g\",\"contentUrl\":\"https:\/\/secure.gravatar.com\/avatar\/6c8d4dc7569ca1c90c5fdcc349f839d5ddef6fe1e70b4337ead2ef1a4c43fc3a?s=96&d=identicon&r=g\",\"caption\":\"Reconoce MX\"},\"description\":\"Reconoce MX es un proyecto de difusi\u00f3n art\u00edstica, cultural y de conciencia social que est\u00e1 enfocado a difundir y fomentar el entretenimiento alternativo de calidad para todo el p\u00fablico que comparta el mismo entusiasmo.\",\"sameAs\":[\"http:\/\/www.reconoce.mx\"],\"url\":\"http:\/\/www.reconoce.mx\/?author=2\"}]}<\/script>\n<!-- \/ Yoast SEO plugin. -->","yoast_head_json":{"title":"Ad\u00e1n Jodorowsky da detalles de su pr\u00f3ximo show en El Plaza &#171; Reconoce MX","robots":{"index":"index","follow":"follow","max-snippet":"max-snippet:-1","max-image-preview":"max-image-preview:large","max-video-preview":"max-video-preview:-1"},"canonical":"https:\/\/www.reconoce.mx\/?p=78648","og_locale":"es_ES","og_type":"article","og_title":"Ad\u00e1n Jodorowsky da detalles de su pr\u00f3ximo show en El Plaza &#171; Reconoce MX","og_description":"Adan Jodorowsky est\u00e1 listo para regresar a Ciudad de M\u00e9xico este 14 de diciembre en El Plaza Condesa; el grupo Polaris junto con su l\u00edder Pablo Cant\u00fa (baterista de Reyno) ser\u00e1n los encargados de abrir esa noche.","og_url":"https:\/\/www.reconoce.mx\/?p=78648","og_site_name":"Reconoce MX","article_publisher":"https:\/\/es-la.facebook.com\/ReconoceMX\/","article_published_time":"2018-12-04T06:02:49+00:00","article_modified_time":"2018-12-04T13:28:56+00:00","og_image":[{"width":590,"height":380,"url":"https:\/\/www.reconoce.mx\/wp-content\/uploads\/2018\/12\/adan-jodorowsky-cover.jpg","type":"image\/jpeg"}],"author":"Reconoce MX","twitter_card":"summary_large_image","twitter_creator":"@reconocemx","twitter_site":"@reconocemx","twitter_misc":{"Escrito por":"Reconoce MX","Tiempo de lectura":"2 minutos"},"schema":{"@context":"https:\/\/schema.org","@graph":[{"@type":"Article","@id":"https:\/\/www.reconoce.mx\/?p=78648#article","isPartOf":{"@id":"https:\/\/www.reconoce.mx\/?p=78648"},"author":{"name":"Reconoce MX","@id":"http:\/\/www.reconoce.mx\/#\/schema\/person\/2117e997d7051dc15d6880eaf9bca0b2"},"headline":"Ad\u00e1n Jodorowsky da detalles de su pr\u00f3ximo show en El Plaza","datePublished":"2018-12-04T06:02:49+00:00","dateModified":"2018-12-04T13:28:56+00:00","mainEntityOfPage":{"@id":"https:\/\/www.reconoce.mx\/?p=78648"},"wordCount":402,"commentCount":0,"publisher":{"@id":"http:\/\/www.reconoce.mx\/#organization"},"image":{"@id":"https:\/\/www.reconoce.mx\/?p=78648#primaryimage"},"thumbnailUrl":"http:\/\/www.reconoce.mx\/wp-content\/uploads\/2018\/12\/adan-jodorowsky-cover.jpg","articleSection":["Cultura","M\u00fasica","Principal"],"inLanguage":"es","potentialAction":[{"@type":"CommentAction","name":"Comment","target":["https:\/\/www.reconoce.mx\/?p=78648#respond"]}]},{"@type":"WebPage","@id":"https:\/\/www.reconoce.mx\/?p=78648","url":"https:\/\/www.reconoce.mx\/?p=78648","name":"Ad\u00e1n Jodorowsky da detalles de su pr\u00f3ximo show en El Plaza &#171; Reconoce MX","isPartOf":{"@id":"http:\/\/www.reconoce.mx\/#website"},"primaryImageOfPage":{"@id":"https:\/\/www.reconoce.mx\/?p=78648#primaryimage"},"image":{"@id":"https:\/\/www.reconoce.mx\/?p=78648#primaryimage"},"thumbnailUrl":"http:\/\/www.reconoce.mx\/wp-content\/uploads\/2018\/12\/adan-jodorowsky-cover.jpg","datePublished":"2018-12-04T06:02:49+00:00","dateModified":"2018-12-04T13:28:56+00:00","breadcrumb":{"@id":"https:\/\/www.reconoce.mx\/?p=78648#breadcrumb"},"inLanguage":"es","potentialAction":[{"@type":"ReadAction","target":["https:\/\/www.reconoce.mx\/?p=78648"]}]},{"@type":"ImageObject","inLanguage":"es","@id":"https:\/\/www.reconoce.mx\/?p=78648#primaryimage","url":"http:\/\/www.reconoce.mx\/wp-content\/uploads\/2018\/12\/adan-jodorowsky-cover.jpg","contentUrl":"http:\/\/www.reconoce.mx\/wp-content\/uploads\/2018\/12\/adan-jodorowsky-cover.jpg","width":590,"height":380},{"@type":"BreadcrumbList","@id":"https:\/\/www.reconoce.mx\/?p=78648#breadcrumb","itemListElement":[{"@type":"ListItem","position":1,"name":"Portada","item":"http:\/\/www.reconoce.mx\/"},{"@type":"ListItem","position":2,"name":"Ad\u00e1n Jodorowsky da detalles de su pr\u00f3ximo show en El Plaza"}]},{"@type":"WebSite","@id":"http:\/\/www.reconoce.mx\/#website","url":"http:\/\/www.reconoce.mx\/","name":"Reconoce MX","description":"En Reconoce MX difundimos arte, cultura y conciencia social en M\u00e9xico. Tu ciudad en otra perspectiva.","publisher":{"@id":"http:\/\/www.reconoce.mx\/#organization"},"potentialAction":[{"@type":"SearchAction","target":{"@type":"EntryPoint","urlTemplate":"http:\/\/www.reconoce.mx\/?s={search_term_string}"},"query-input":{"@type":"PropertyValueSpecification","valueRequired":true,"valueName":"search_term_string"}}],"inLanguage":"es"},{"@type":"Organization","@id":"http:\/\/www.reconoce.mx\/#organization","name":"Reconoce MX","url":"http:\/\/www.reconoce.mx\/","logo":{"@type":"ImageObject","inLanguage":"es","@id":"http:\/\/www.reconoce.mx\/#\/schema\/logo\/image\/","url":"https:\/\/www.reconoce.mx\/wp-content\/uploads\/2019\/03\/logorcmx-good-1.png","contentUrl":"https:\/\/www.reconoce.mx\/wp-content\/uploads\/2019\/03\/logorcmx-good-1.png","width":280,"height":90,"caption":"Reconoce MX"},"image":{"@id":"http:\/\/www.reconoce.mx\/#\/schema\/logo\/image\/"},"sameAs":["https:\/\/es-la.facebook.com\/ReconoceMX\/","https:\/\/x.com\/reconocemx","http:\/\/@reconocemx"]},{"@type":"Person","@id":"http:\/\/www.reconoce.mx\/#\/schema\/person\/2117e997d7051dc15d6880eaf9bca0b2","name":"Reconoce MX","image":{"@type":"ImageObject","inLanguage":"es","@id":"http:\/\/www.reconoce.mx\/#\/schema\/person\/image\/","url":"https:\/\/secure.gravatar.com\/avatar\/6c8d4dc7569ca1c90c5fdcc349f839d5ddef6fe1e70b4337ead2ef1a4c43fc3a?s=96&d=identicon&r=g","contentUrl":"https:\/\/secure.gravatar.com\/avatar\/6c8d4dc7569ca1c90c5fdcc349f839d5ddef6fe1e70b4337ead2ef1a4c43fc3a?s=96&d=identicon&r=g","caption":"Reconoce MX"},"description":"Reconoce MX es un proyecto de difusi\u00f3n art\u00edstica, cultural y de conciencia social que est\u00e1 enfocado a difundir y fomentar el entretenimiento alternativo de calidad para todo el p\u00fablico que comparta el mismo entusiasmo.","sameAs":["http:\/\/www.reconoce.mx"],"url":"http:\/\/www.reconoce.mx\/?author=2"}]}},"_links":{"self":[{"href":"http:\/\/www.reconoce.mx\/index.php?rest_route=\/wp\/v2\/posts\/78648","targetHints":{"allow":["GET"]}}],"collection":[{"href":"http:\/\/www.reconoce.mx\/index.php?rest_route=\/wp\/v2\/posts"}],"about":[{"href":"http:\/\/www.reconoce.mx\/index.php?rest_route=\/wp\/v2\/types\/post"}],"author":[{"embeddable":true,"href":"http:\/\/www.reconoce.mx\/index.php?rest_route=\/wp\/v2\/users\/2"}],"replies":[{"embeddable":true,"href":"http:\/\/www.reconoce.mx\/index.php?rest_route=%2Fwp%2Fv2%2Fcomments&post=78648"}],"version-history":[{"count":1,"href":"http:\/\/www.reconoce.mx\/index.php?rest_route=\/wp\/v2\/posts\/78648\/revisions"}],"predecessor-version":[{"id":78651,"href":"http:\/\/www.reconoce.mx\/index.php?rest_route=\/wp\/v2\/posts\/78648\/revisions\/78651"}],"wp:featuredmedia":[{"embeddable":true,"href":"http:\/\/www.reconoce.mx\/index.php?rest_route=\/wp\/v2\/media\/78650"}],"wp:attachment":[{"href":"http:\/\/www.reconoce.mx\/index.php?rest_route=%2Fwp%2Fv2%2Fmedia&parent=78648"}],"wp:term":[{"taxonomy":"category","embeddable":true,"href":"http:\/\/www.reconoce.mx\/index.php?rest_route=%2Fwp%2Fv2%2Fcategories&post=78648"},{"taxonomy":"post_tag","embeddable":true,"href":"http:\/\/www.reconoce.mx\/index.php?rest_route=%2Fwp%2Fv2%2Ftags&post=78648"}],"curies":[{"name":"wp","href":"https:\/\/api.w.org\/{rel}","templated":true}]}}